{"id":68258,"date":"2025-10-20T11:47:20","date_gmt":"2025-10-20T09:47:20","guid":{"rendered":"https:\/\/www.musikzeitung.ch\/?p=68258"},"modified":"2025-10-15T12:19:44","modified_gmt":"2025-10-15T10:19:44","slug":"rokoko-fuer-floete-oder-violine","status":"publish","type":"post","link":"https:\/\/www.musikzeitung.ch\/it\/rezensionen\/noten-rezensionen\/2025\/10\/rokoko-fuer-floete-oder-violine","title":{"rendered":"Rococ\u00f2 per flauto o violino"},"content":{"rendered":"<figure id=\"attachment_68261\" aria-describedby=\"caption-attachment-68261\" style=\"width: 1071px\" class=\"wp-caption alignnone\"><img loading=\"lazy\" decoding=\"async\" class=\"wp-image-68261 size-full\" src=\"https:\/\/www.musikzeitung.ch\/wp-content\/uploads\/2025\/10\/Gaspard_Fritz_silhouette.jpg\" alt=\"\" width=\"1071\" height=\"746\" srcset=\"https:\/\/www.musikzeitung.ch\/wp-content\/uploads\/2025\/10\/Gaspard_Fritz_silhouette.jpg 1071w, https:\/\/www.musikzeitung.ch\/wp-content\/uploads\/2025\/10\/Gaspard_Fritz_silhouette-300x209.jpg 300w, https:\/\/www.musikzeitung.ch\/wp-content\/uploads\/2025\/10\/Gaspard_Fritz_silhouette-1024x713.jpg 1024w, https:\/\/www.musikzeitung.ch\/wp-content\/uploads\/2025\/10\/Gaspard_Fritz_silhouette-768x535.jpg 768w, https:\/\/www.musikzeitung.ch\/wp-content\/uploads\/2025\/10\/Gaspard_Fritz_silhouette-18x12.jpg 18w, https:\/\/www.musikzeitung.ch\/wp-content\/uploads\/2025\/10\/Gaspard_Fritz_silhouette-251x175.jpg 251w, https:\/\/www.musikzeitung.ch\/wp-content\/uploads\/2025\/10\/Gaspard_Fritz_silhouette-502x350.jpg 502w, https:\/\/www.musikzeitung.ch\/wp-content\/uploads\/2025\/10\/Gaspard_Fritz_silhouette-920x641.jpg 920w\" sizes=\"auto, (max-width: 1071px) 100vw, 1071px\" \/><figcaption id=\"caption-attachment-68261\" class=\"wp-caption-text\">Silhouette di Gasparo Fritz, 1770 circa, attribuita a Jean Huber. Fonte: <a href=\"https:\/\/commons.wikimedia.org\/wiki\/File:Gaspard_Fritz_(silhouette).jpg\" target=\"_blank\" rel=\"noopener\">Revue musicale de Suisse romande \/ wikimedia commons<\/a><\/figcaption><\/figure>\n<p>Il compositore ginevrino Gasparo Fritz (1716-1783) divenne particolarmente noto per la sua musica da camera. Proveniva da una dinastia musicale, ricevette una profonda educazione musicale e studi\u00f2 violino in Italia con Giovanni Battista Somis, allievo di Arcangelo Corelli. Si pu\u00f2 dire che l'influenza italiana dell'autore \u00e8 chiaramente percepibile anche nel suo stile e si nota nel disegno melodico e nella chiarezza strutturale delle sue opere.<\/p>\n<p>Pubblicato da Michael Biehl e Claire Genewein in collaborazione con Peter Schmid, il libro <em>VI Sonata a Violino o Flauto Traversiere solo col Basso <\/em>op. 2 sono tra le opere pi\u00f9 importanti del compositore. Gli esecutori possono scegliere tra violino e flauto come strumenti solisti. In alcuni passaggi vengono fornite versioni alternative a seconda dello strumento.<\/p>\n<h3>Carattere<\/h3>\n<p>Nicola Schneider spiega nella prefazione che il concetto di rococ\u00f2 musicale si applica senza dubbio a queste sonate. Esse manifestano spesso una forma di eleganza che \u00e8 considerata caratteristica della fase di transizione verso il periodo classico. Il rigore formale barocco si combina con linee galanti, melodie chiare e interazioni dialogiche. Il flauto \u00e8 spesso condotto in un vivace dialogo musicale con la voce di basso, con una spiccata sensibilit\u00e0 per le linee cantabili, ad esempio nell'Andante della prima sonata.<\/p>\n<p>Tutte le sonate di Gasparo Fritz presentano elementi galanti, ad esempio nell'ornamentazione, nella leggerezza, nei ritmi di danza e in una certa grazia. Inoltre, la coloritura \u00e8 creata dai numerosi ornamenti scritti e da una cadenza composta pi\u00f9 lunga nell'Adagio della seconda sonata. I rapidi cambi di effetto e la varia articolazione hanno spesso l'effetto narrativo di una storia con molte sfaccettature. I modelli di movimento sono per lo pi\u00f9 in tre movimenti e talvolta conducono a un movimento finale giocoso con variazioni virtuosistiche, come nella quarta sonata.<\/p>\n<h3>Echi<\/h3>\n<p>Due significativi parallelismi con altre sonate per flauto, che durano per diverse battute, sono sorprendenti: Le prime battute dell'Andante della quarta sonata sono simili al tema iniziale della Sonata in si minore BWV 1030 di Johann Sebastian Bach e nel Largo cantabile della seconda sonata \u00e8 udibile l'eco del Siciliano della Sonata per flauto in mi bemolle maggiore BWV 1031 attribuita a Carl Philipp Emanuel Bach.<\/p>\n<h3>Situazione di partenza<\/h3>\n<p>La prima pubblicazione di queste sonate a presentare un continuo sospeso \u00e8 stata l'opera di Frank Martin. L'intenzione di Michael Biehl con la sua realizzazione del continuo \u00e8 quella di dare a un pubblico pi\u00f9 ampio l'opportunit\u00e0 di interpretare l'opera e sottolinea che questa \u00e8 solo una possibilit\u00e0 e che le figure non possono essere state scritte da Gaspard Fritz, ma dal suo editore, poich\u00e9 non esiste alcun autografo delle sonate.<\/p>\n<p>La ricca edizione pubblicata da Schmid &amp; Genewein a Zurigo si basa sulla stampa originale con parte superiore e basso figurato, conservata presso la Zentralbibliothek Z\u00fcrich, e ne adotta anche le indicazioni dinamiche. Include come partiture la parte superiore con la parte continua stabilita da Michael Biehl e, in accordo con l'originale, la parte superiore con il basso figurato, anche in due copie per la comodit\u00e0 degli interpreti. Un dettagliato rapporto critico con numerose note sulle sonate completa questa nuova edizione, che \u00e8 riuscita sotto ogni aspetto.<\/p>\n<p><img loading=\"lazy\" decoding=\"async\" class=\"wp-image-68259 size-medium aligncenter\" src=\"https:\/\/www.musikzeitung.ch\/wp-content\/uploads\/2025\/10\/10_crit_note_Weisshaupt-227x300.jpg\" alt=\"\" width=\"227\" height=\"300\" srcset=\"https:\/\/www.musikzeitung.ch\/wp-content\/uploads\/2025\/10\/10_crit_note_Weisshaupt-227x300.jpg 227w, https:\/\/www.musikzeitung.ch\/wp-content\/uploads\/2025\/10\/10_crit_note_Weisshaupt-776x1024.jpg 776w, https:\/\/www.musikzeitung.ch\/wp-content\/uploads\/2025\/10\/10_crit_note_Weisshaupt-768x1013.jpg 768w, https:\/\/www.musikzeitung.ch\/wp-content\/uploads\/2025\/10\/10_crit_note_Weisshaupt-9x12.jpg 9w, https:\/\/www.musikzeitung.ch\/wp-content\/uploads\/2025\/10\/10_crit_note_Weisshaupt-133x175.jpg 133w, https:\/\/www.musikzeitung.ch\/wp-content\/uploads\/2025\/10\/10_crit_note_Weisshaupt-265x350.jpg 265w, https:\/\/www.musikzeitung.ch\/wp-content\/uploads\/2025\/10\/10_crit_note_Weisshaupt-606x800.jpg 606w, https:\/\/www.musikzeitung.ch\/wp-content\/uploads\/2025\/10\/10_crit_note_Weisshaupt-920x1214.jpg 920w, https:\/\/www.musikzeitung.ch\/wp-content\/uploads\/2025\/10\/10_crit_note_Weisshaupt-300x396.jpg 300w, https:\/\/www.musikzeitung.ch\/wp-content\/uploads\/2025\/10\/10_crit_note_Weisshaupt.jpg 758w\" sizes=\"auto, (max-width: 227px) 100vw, 227px\" \/><\/p>\n<p><em>Gasparo Fritz: VI Sonate a Violino o Flauto Traversiere solo col Basso, a cura di Michael Biehl e Claire Genewein, SG010, Fr. 54.00, Schmid &amp; Genewein, Zurigo<\/em><\/p>\n<p>&nbsp;<\/p>\n<p>&nbsp;<\/p>","protected":false},"excerpt":{"rendered":"<p>L'editore zurighese Schmid &amp; Genewein ha ripubblicato l'Opus 2 di Gasparo Fritz: sei sonate che possono essere classificate come rococ\u00f2.<\/p>","protected":false},"author":29,"featured_media":0,"comment_status":"closed","ping_status":"closed","sticky":false,"template":"","format":"standard","meta":{"_acf_changed":false,"_relevanssi_hide_post":"","_relevanssi_hide_content":"","_relevanssi_pin_for_all":"","_relevanssi_pin_keywords":"","_relevanssi_unpin_keywords":"","_relevanssi_related_keywords":"","_relevanssi_related_include_ids":"","_relevanssi_related_exclude_ids":"","_relevanssi_related_no_append":"","_relevanssi_related_not_related":"","_relevanssi_related_posts":"","_relevanssi_noindex_reason":"","pgc_sgb_lightbox_settings":"","footnotes":""},"categories":[1316,29],"tags":[5369],"class_list":["post-68258","post","type-post","status-publish","format-standard","hentry","category-noten-rezensionen","category-rezensionen","tag-gasparo-fritz"],"acf":[],"yoast_head":"<!-- This site is optimized with the Yoast SEO plugin v27.4 - https:\/\/yoast.com\/product\/yoast-seo-wordpress\/ -->\n<title>Rokoko f\u00fcr Fl\u00f6te oder Violine - Schweizer Musikzeitung<\/title>\n<meta name=\"description\" content=\"Der Z\u00fcrcher Verlag Schmid &amp; Genewein hat Gasparo Fritz\u2019 Opus 2 neu herausgegeben: sechs Sonaten, die dem musikalischen Rokoko zugeordnet werden k\u00f6nnen.\" \/>\n<meta name=\"robots\" content=\"index, follow, max-snippet:-1, max-image-preview:large, max-video-preview:-1\" \/>\n<link rel=\"canonical\" href=\"https:\/\/www.musikzeitung.ch\/it\/rezensionen\/noten-rezensionen\/2025\/10\/rokoko-fuer-floete-oder-violine\/\" \/>\n<meta property=\"og:locale\" content=\"it_IT\" \/>\n<meta property=\"og:type\" content=\"article\" \/>\n<meta property=\"og:title\" content=\"Rokoko f\u00fcr Fl\u00f6te oder Violine - Schweizer Musikzeitung\" \/>\n<meta property=\"og:description\" content=\"Der Z\u00fcrcher Verlag Schmid &amp; Genewein hat Gasparo Fritz\u2019 Opus 2 neu herausgegeben: sechs Sonaten, die dem musikalischen Rokoko zugeordnet werden k\u00f6nnen.\" \/>\n<meta property=\"og:url\" content=\"https:\/\/www.musikzeitung.ch\/it\/rezensionen\/noten-rezensionen\/2025\/10\/rokoko-fuer-floete-oder-violine\/\" \/>\n<meta property=\"og:site_name\" content=\"Schweizer Musikzeitung\" \/>\n<meta property=\"article:publisher\" content=\"https:\/\/www.facebook.com\/SchweizerMusikzeitung\/\" \/>\n<meta property=\"article:published_time\" content=\"2025-10-20T09:47:20+00:00\" \/>\n<meta property=\"og:image\" content=\"https:\/\/www.musikzeitung.ch\/wp-content\/uploads\/2025\/10\/Gaspard_Fritz_silhouette.jpg\" \/>\n\t<meta property=\"og:image:width\" content=\"1071\" \/>\n\t<meta property=\"og:image:height\" content=\"746\" \/>\n\t<meta property=\"og:image:type\" content=\"image\/jpeg\" \/>\n<meta name=\"author\" content=\"pia.schwab\" \/>\n<meta name=\"twitter:card\" content=\"summary_large_image\" \/>\n<meta name=\"twitter:creator\" content=\"@smusikzeitung\" \/>\n<meta name=\"twitter:site\" content=\"@smusikzeitung\" \/>\n<meta name=\"twitter:label1\" content=\"Scritto da\" \/>\n\t<meta name=\"twitter:data1\" content=\"pia.schwab\" \/>\n\t<meta name=\"twitter:label2\" content=\"Tempo di lettura stimato\" \/>\n\t<meta name=\"twitter:data2\" content=\"4 minuti\" \/>\n<script type=\"application\/ld+json\" class=\"yoast-schema-graph\">{\"@context\":\"https:\\\/\\\/schema.org\",\"@graph\":[{\"@type\":\"Article\",\"@id\":\"https:\\\/\\\/www.musikzeitung.ch\\\/rezensionen\\\/noten-rezensionen\\\/2025\\\/10\\\/rokoko-fuer-floete-oder-violine#article\",\"isPartOf\":{\"@id\":\"https:\\\/\\\/www.musikzeitung.ch\\\/rezensionen\\\/noten-rezensionen\\\/2025\\\/10\\\/rokoko-fuer-floete-oder-violine\"},\"author\":{\"name\":\"pia.schwab\",\"@id\":\"https:\\\/\\\/www.musikzeitung.ch\\\/#\\\/schema\\\/person\\\/ea3d7b86bd7157c78c7ddd37f2f82b5b\"},\"headline\":\"Rokoko f\u00fcr Fl\u00f6te oder Violine\",\"datePublished\":\"2025-10-20T09:47:20+00:00\",\"mainEntityOfPage\":{\"@id\":\"https:\\\/\\\/www.musikzeitung.ch\\\/rezensionen\\\/noten-rezensionen\\\/2025\\\/10\\\/rokoko-fuer-floete-oder-violine\"},\"wordCount\":562,\"publisher\":{\"@id\":\"https:\\\/\\\/www.musikzeitung.ch\\\/#organization\"},\"image\":{\"@id\":\"https:\\\/\\\/www.musikzeitung.ch\\\/rezensionen\\\/noten-rezensionen\\\/2025\\\/10\\\/rokoko-fuer-floete-oder-violine#primaryimage\"},\"thumbnailUrl\":\"https:\\\/\\\/www.musikzeitung.ch\\\/wp-content\\\/uploads\\\/2025\\\/10\\\/Gaspard_Fritz_silhouette.jpg\",\"keywords\":[\"Gasparo Fritz\"],\"articleSection\":[\"Noten\",\"Rezensionen\"],\"inLanguage\":\"it-IT\"},{\"@type\":\"WebPage\",\"@id\":\"https:\\\/\\\/www.musikzeitung.ch\\\/rezensionen\\\/noten-rezensionen\\\/2025\\\/10\\\/rokoko-fuer-floete-oder-violine\",\"url\":\"https:\\\/\\\/www.musikzeitung.ch\\\/rezensionen\\\/noten-rezensionen\\\/2025\\\/10\\\/rokoko-fuer-floete-oder-violine\",\"name\":\"Rokoko f\u00fcr Fl\u00f6te oder Violine - Schweizer Musikzeitung\",\"isPartOf\":{\"@id\":\"https:\\\/\\\/www.musikzeitung.ch\\\/#website\"},\"primaryImageOfPage\":{\"@id\":\"https:\\\/\\\/www.musikzeitung.ch\\\/rezensionen\\\/noten-rezensionen\\\/2025\\\/10\\\/rokoko-fuer-floete-oder-violine#primaryimage\"},\"image\":{\"@id\":\"https:\\\/\\\/www.musikzeitung.ch\\\/rezensionen\\\/noten-rezensionen\\\/2025\\\/10\\\/rokoko-fuer-floete-oder-violine#primaryimage\"},\"thumbnailUrl\":\"https:\\\/\\\/www.musikzeitung.ch\\\/wp-content\\\/uploads\\\/2025\\\/10\\\/Gaspard_Fritz_silhouette.jpg\",\"datePublished\":\"2025-10-20T09:47:20+00:00\",\"description\":\"Der Z\u00fcrcher Verlag Schmid & Genewein hat Gasparo Fritz\u2019 Opus 2 neu herausgegeben: sechs Sonaten, die dem musikalischen Rokoko zugeordnet werden k\u00f6nnen.\",\"breadcrumb\":{\"@id\":\"https:\\\/\\\/www.musikzeitung.ch\\\/rezensionen\\\/noten-rezensionen\\\/2025\\\/10\\\/rokoko-fuer-floete-oder-violine#breadcrumb\"},\"inLanguage\":\"it-IT\",\"potentialAction\":[{\"@type\":\"ReadAction\",\"target\":[\"https:\\\/\\\/www.musikzeitung.ch\\\/rezensionen\\\/noten-rezensionen\\\/2025\\\/10\\\/rokoko-fuer-floete-oder-violine\"]}]},{\"@type\":\"ImageObject\",\"inLanguage\":\"it-IT\",\"@id\":\"https:\\\/\\\/www.musikzeitung.ch\\\/rezensionen\\\/noten-rezensionen\\\/2025\\\/10\\\/rokoko-fuer-floete-oder-violine#primaryimage\",\"url\":\"https:\\\/\\\/www.musikzeitung.ch\\\/wp-content\\\/uploads\\\/2025\\\/10\\\/Gaspard_Fritz_silhouette.jpg\",\"contentUrl\":\"https:\\\/\\\/www.musikzeitung.ch\\\/wp-content\\\/uploads\\\/2025\\\/10\\\/Gaspard_Fritz_silhouette.jpg\"},{\"@type\":\"BreadcrumbList\",\"@id\":\"https:\\\/\\\/www.musikzeitung.ch\\\/rezensionen\\\/noten-rezensionen\\\/2025\\\/10\\\/rokoko-fuer-floete-oder-violine#breadcrumb\",\"itemListElement\":[{\"@type\":\"ListItem\",\"position\":1,\"name\":\"Home\",\"item\":\"https:\\\/\\\/www.musikzeitung.ch\\\/\"},{\"@type\":\"ListItem\",\"position\":2,\"name\":\"Rokoko f\u00fcr Fl\u00f6te oder Violine\"}]},{\"@type\":\"WebSite\",\"@id\":\"https:\\\/\\\/www.musikzeitung.ch\\\/#website\",\"url\":\"https:\\\/\\\/www.musikzeitung.ch\\\/\",\"name\":\"Schweizer Musikzeitung\",\"description\":\"Die f\u00fchrende sparten\u00fcbergreifende Monatszeitung in der Schweiz f\u00fcr musikalische Fragen.\",\"publisher\":{\"@id\":\"https:\\\/\\\/www.musikzeitung.ch\\\/#organization\"},\"potentialAction\":[{\"@type\":\"SearchAction\",\"target\":{\"@type\":\"EntryPoint\",\"urlTemplate\":\"https:\\\/\\\/www.musikzeitung.ch\\\/?s={search_term_string}\"},\"query-input\":{\"@type\":\"PropertyValueSpecification\",\"valueRequired\":true,\"valueName\":\"search_term_string\"}}],\"inLanguage\":\"it-IT\"},{\"@type\":\"Organization\",\"@id\":\"https:\\\/\\\/www.musikzeitung.ch\\\/#organization\",\"name\":\"Schweizer Musikzeitung\",\"url\":\"https:\\\/\\\/www.musikzeitung.ch\\\/\",\"logo\":{\"@type\":\"ImageObject\",\"inLanguage\":\"it-IT\",\"@id\":\"https:\\\/\\\/www.musikzeitung.ch\\\/#\\\/schema\\\/logo\\\/image\\\/\",\"url\":\"https:\\\/\\\/www.musikzeitung.ch\\\/wp-content\\\/uploads\\\/2023\\\/01\\\/SMZ_Schriftzug_Sprache.png\",\"contentUrl\":\"https:\\\/\\\/www.musikzeitung.ch\\\/wp-content\\\/uploads\\\/2023\\\/01\\\/SMZ_Schriftzug_Sprache.png\",\"width\":1400,\"height\":279,\"caption\":\"Schweizer Musikzeitung\"},\"image\":{\"@id\":\"https:\\\/\\\/www.musikzeitung.ch\\\/#\\\/schema\\\/logo\\\/image\\\/\"},\"sameAs\":[\"https:\\\/\\\/www.facebook.com\\\/SchweizerMusikzeitung\\\/\",\"https:\\\/\\\/x.com\\\/smusikzeitung\",\"https:\\\/\\\/www.instagram.com\\\/musikzeitung.ch\\\/\"]},{\"@type\":\"Person\",\"@id\":\"https:\\\/\\\/www.musikzeitung.ch\\\/#\\\/schema\\\/person\\\/ea3d7b86bd7157c78c7ddd37f2f82b5b\",\"name\":\"pia.schwab\",\"image\":{\"@type\":\"ImageObject\",\"inLanguage\":\"it-IT\",\"@id\":\"https:\\\/\\\/secure.gravatar.com\\\/avatar\\\/d39d170de4c2d07e897fbc26cf9d890fc046285c742207b86d8ebabe5fcde2c4?s=96&d=mm&r=g\",\"url\":\"https:\\\/\\\/secure.gravatar.com\\\/avatar\\\/d39d170de4c2d07e897fbc26cf9d890fc046285c742207b86d8ebabe5fcde2c4?s=96&d=mm&r=g\",\"contentUrl\":\"https:\\\/\\\/secure.gravatar.com\\\/avatar\\\/d39d170de4c2d07e897fbc26cf9d890fc046285c742207b86d8ebabe5fcde2c4?s=96&d=mm&r=g\",\"caption\":\"pia.schwab\"},\"url\":\"https:\\\/\\\/www.musikzeitung.ch\\\/it\\\/author\\\/pia-schwab\"}]}<\/script>\n<!-- \/ Yoast SEO plugin. -->","yoast_head_json":{"title":"Rococ\u00f2 per flauto o violino - Schweizer Musikzeitung","description":"L'editore zurighese Schmid &amp; Genewein ha ripubblicato l'Opus 2 di Gasparo Fritz: sei sonate che possono essere classificate come rococ\u00f2.","robots":{"index":"index","follow":"follow","max-snippet":"max-snippet:-1","max-image-preview":"max-image-preview:large","max-video-preview":"max-video-preview:-1"},"canonical":"https:\/\/www.musikzeitung.ch\/it\/rezensionen\/noten-rezensionen\/2025\/10\/rokoko-fuer-floete-oder-violine\/","og_locale":"it_IT","og_type":"article","og_title":"Rokoko f\u00fcr Fl\u00f6te oder Violine - Schweizer Musikzeitung","og_description":"Der Z\u00fcrcher Verlag Schmid & Genewein hat Gasparo Fritz\u2019 Opus 2 neu herausgegeben: sechs Sonaten, die dem musikalischen Rokoko zugeordnet werden k\u00f6nnen.","og_url":"https:\/\/www.musikzeitung.ch\/it\/rezensionen\/noten-rezensionen\/2025\/10\/rokoko-fuer-floete-oder-violine\/","og_site_name":"Schweizer Musikzeitung","article_publisher":"https:\/\/www.facebook.com\/SchweizerMusikzeitung\/","article_published_time":"2025-10-20T09:47:20+00:00","og_image":[{"width":1071,"height":746,"url":"https:\/\/www.musikzeitung.ch\/wp-content\/uploads\/2025\/10\/Gaspard_Fritz_silhouette.jpg","type":"image\/jpeg"}],"author":"pia.schwab","twitter_card":"summary_large_image","twitter_creator":"@smusikzeitung","twitter_site":"@smusikzeitung","twitter_misc":{"Scritto da":"pia.schwab","Tempo di lettura stimato":"4 minuti"},"schema":{"@context":"https:\/\/schema.org","@graph":[{"@type":"Article","@id":"https:\/\/www.musikzeitung.ch\/rezensionen\/noten-rezensionen\/2025\/10\/rokoko-fuer-floete-oder-violine#article","isPartOf":{"@id":"https:\/\/www.musikzeitung.ch\/rezensionen\/noten-rezensionen\/2025\/10\/rokoko-fuer-floete-oder-violine"},"author":{"name":"pia.schwab","@id":"https:\/\/www.musikzeitung.ch\/#\/schema\/person\/ea3d7b86bd7157c78c7ddd37f2f82b5b"},"headline":"Rokoko f\u00fcr Fl\u00f6te oder Violine","datePublished":"2025-10-20T09:47:20+00:00","mainEntityOfPage":{"@id":"https:\/\/www.musikzeitung.ch\/rezensionen\/noten-rezensionen\/2025\/10\/rokoko-fuer-floete-oder-violine"},"wordCount":562,"publisher":{"@id":"https:\/\/www.musikzeitung.ch\/#organization"},"image":{"@id":"https:\/\/www.musikzeitung.ch\/rezensionen\/noten-rezensionen\/2025\/10\/rokoko-fuer-floete-oder-violine#primaryimage"},"thumbnailUrl":"https:\/\/www.musikzeitung.ch\/wp-content\/uploads\/2025\/10\/Gaspard_Fritz_silhouette.jpg","keywords":["Gasparo Fritz"],"articleSection":["Noten","Rezensionen"],"inLanguage":"it-IT"},{"@type":"WebPage","@id":"https:\/\/www.musikzeitung.ch\/rezensionen\/noten-rezensionen\/2025\/10\/rokoko-fuer-floete-oder-violine","url":"https:\/\/www.musikzeitung.ch\/rezensionen\/noten-rezensionen\/2025\/10\/rokoko-fuer-floete-oder-violine","name":"Rococ\u00f2 per flauto o violino - Schweizer Musikzeitung","isPartOf":{"@id":"https:\/\/www.musikzeitung.ch\/#website"},"primaryImageOfPage":{"@id":"https:\/\/www.musikzeitung.ch\/rezensionen\/noten-rezensionen\/2025\/10\/rokoko-fuer-floete-oder-violine#primaryimage"},"image":{"@id":"https:\/\/www.musikzeitung.ch\/rezensionen\/noten-rezensionen\/2025\/10\/rokoko-fuer-floete-oder-violine#primaryimage"},"thumbnailUrl":"https:\/\/www.musikzeitung.ch\/wp-content\/uploads\/2025\/10\/Gaspard_Fritz_silhouette.jpg","datePublished":"2025-10-20T09:47:20+00:00","description":"L'editore zurighese Schmid &amp; Genewein ha ripubblicato l'Opus 2 di Gasparo Fritz: sei sonate che possono essere classificate come rococ\u00f2.","breadcrumb":{"@id":"https:\/\/www.musikzeitung.ch\/rezensionen\/noten-rezensionen\/2025\/10\/rokoko-fuer-floete-oder-violine#breadcrumb"},"inLanguage":"it-IT","potentialAction":[{"@type":"ReadAction","target":["https:\/\/www.musikzeitung.ch\/rezensionen\/noten-rezensionen\/2025\/10\/rokoko-fuer-floete-oder-violine"]}]},{"@type":"ImageObject","inLanguage":"it-IT","@id":"https:\/\/www.musikzeitung.ch\/rezensionen\/noten-rezensionen\/2025\/10\/rokoko-fuer-floete-oder-violine#primaryimage","url":"https:\/\/www.musikzeitung.ch\/wp-content\/uploads\/2025\/10\/Gaspard_Fritz_silhouette.jpg","contentUrl":"https:\/\/www.musikzeitung.ch\/wp-content\/uploads\/2025\/10\/Gaspard_Fritz_silhouette.jpg"},{"@type":"BreadcrumbList","@id":"https:\/\/www.musikzeitung.ch\/rezensionen\/noten-rezensionen\/2025\/10\/rokoko-fuer-floete-oder-violine#breadcrumb","itemListElement":[{"@type":"ListItem","position":1,"name":"Home","item":"https:\/\/www.musikzeitung.ch\/"},{"@type":"ListItem","position":2,"name":"Rokoko f\u00fcr Fl\u00f6te oder Violine"}]},{"@type":"WebSite","@id":"https:\/\/www.musikzeitung.ch\/#website","url":"https:\/\/www.musikzeitung.ch\/","name":"Giornale musicale svizzero","description":"Il principale mensile interdisciplinare della Svizzera per le questioni musicali.","publisher":{"@id":"https:\/\/www.musikzeitung.ch\/#organization"},"potentialAction":[{"@type":"SearchAction","target":{"@type":"EntryPoint","urlTemplate":"https:\/\/www.musikzeitung.ch\/?s={search_term_string}"},"query-input":{"@type":"PropertyValueSpecification","valueRequired":true,"valueName":"search_term_string"}}],"inLanguage":"it-IT"},{"@type":"Organization","@id":"https:\/\/www.musikzeitung.ch\/#organization","name":"Giornale musicale svizzero","url":"https:\/\/www.musikzeitung.ch\/","logo":{"@type":"ImageObject","inLanguage":"it-IT","@id":"https:\/\/www.musikzeitung.ch\/#\/schema\/logo\/image\/","url":"https:\/\/www.musikzeitung.ch\/wp-content\/uploads\/2023\/01\/SMZ_Schriftzug_Sprache.png","contentUrl":"https:\/\/www.musikzeitung.ch\/wp-content\/uploads\/2023\/01\/SMZ_Schriftzug_Sprache.png","width":1400,"height":279,"caption":"Schweizer Musikzeitung"},"image":{"@id":"https:\/\/www.musikzeitung.ch\/#\/schema\/logo\/image\/"},"sameAs":["https:\/\/www.facebook.com\/SchweizerMusikzeitung\/","https:\/\/x.com\/smusikzeitung","https:\/\/www.instagram.com\/musikzeitung.ch\/"]},{"@type":"Person","@id":"https:\/\/www.musikzeitung.ch\/#\/schema\/person\/ea3d7b86bd7157c78c7ddd37f2f82b5b","name":"pia.schwab","image":{"@type":"ImageObject","inLanguage":"it-IT","@id":"https:\/\/secure.gravatar.com\/avatar\/d39d170de4c2d07e897fbc26cf9d890fc046285c742207b86d8ebabe5fcde2c4?s=96&d=mm&r=g","url":"https:\/\/secure.gravatar.com\/avatar\/d39d170de4c2d07e897fbc26cf9d890fc046285c742207b86d8ebabe5fcde2c4?s=96&d=mm&r=g","contentUrl":"https:\/\/secure.gravatar.com\/avatar\/d39d170de4c2d07e897fbc26cf9d890fc046285c742207b86d8ebabe5fcde2c4?s=96&d=mm&r=g","caption":"pia.schwab"},"url":"https:\/\/www.musikzeitung.ch\/it\/author\/pia-schwab"}]}},"publishpress_future_workflow_manual_trigger":{"enabledWorkflows":[]},"_links":{"self":[{"href":"https:\/\/www.musikzeitung.ch\/it\/wp-json\/wp\/v2\/posts\/68258","targetHints":{"allow":["GET"]}}],"collection":[{"href":"https:\/\/www.musikzeitung.ch\/it\/wp-json\/wp\/v2\/posts"}],"about":[{"href":"https:\/\/www.musikzeitung.ch\/it\/wp-json\/wp\/v2\/types\/post"}],"author":[{"embeddable":true,"href":"https:\/\/www.musikzeitung.ch\/it\/wp-json\/wp\/v2\/users\/29"}],"replies":[{"embeddable":true,"href":"https:\/\/www.musikzeitung.ch\/it\/wp-json\/wp\/v2\/comments?post=68258"}],"version-history":[{"count":5,"href":"https:\/\/www.musikzeitung.ch\/it\/wp-json\/wp\/v2\/posts\/68258\/revisions"}],"predecessor-version":[{"id":68265,"href":"https:\/\/www.musikzeitung.ch\/it\/wp-json\/wp\/v2\/posts\/68258\/revisions\/68265"}],"wp:attachment":[{"href":"https:\/\/www.musikzeitung.ch\/it\/wp-json\/wp\/v2\/media?parent=68258"}],"wp:term":[{"taxonomy":"category","embeddable":true,"href":"https:\/\/www.musikzeitung.ch\/it\/wp-json\/wp\/v2\/categories?post=68258"},{"taxonomy":"post_tag","embeddable":true,"href":"https:\/\/www.musikzeitung.ch\/it\/wp-json\/wp\/v2\/tags?post=68258"}],"curies":[{"name":"wp","href":"https:\/\/api.w.org\/{rel}","templated":true}]}}