{"id":68549,"date":"2025-10-29T08:09:51","date_gmt":"2025-10-29T07:09:51","guid":{"rendered":"https:\/\/www.musikzeitung.ch\/?p=68549"},"modified":"2025-10-29T08:39:27","modified_gmt":"2025-10-29T07:39:27","slug":"lucie-leguay-uebernimmt-sinfonietta-de-lausanne","status":"publish","type":"post","link":"https:\/\/www.musikzeitung.ch\/it\/news\/2025\/10\/lucie-leguay-uebernimmt-sinfonietta-de-lausanne","title":{"rendered":"Lucie Leguay assume la direzione della Sinfonietta di Losanna"},"content":{"rendered":"<figure id=\"attachment_68550\" aria-describedby=\"caption-attachment-68550\" style=\"width: 925px\" class=\"wp-caption alignnone\"><img loading=\"lazy\" decoding=\"async\" class=\"size-full wp-image-68550\" src=\"https:\/\/www.musikzeitung.ch\/wp-content\/uploads\/2025\/10\/251029leguay.jpg\" alt=\"\" width=\"925\" height=\"616\" srcset=\"https:\/\/www.musikzeitung.ch\/wp-content\/uploads\/2025\/10\/251029leguay.jpg 925w, https:\/\/www.musikzeitung.ch\/wp-content\/uploads\/2025\/10\/251029leguay-300x200.jpg 300w, https:\/\/www.musikzeitung.ch\/wp-content\/uploads\/2025\/10\/251029leguay-600x400.jpg 600w, https:\/\/www.musikzeitung.ch\/wp-content\/uploads\/2025\/10\/251029leguay-768x511.jpg 768w, https:\/\/www.musikzeitung.ch\/wp-content\/uploads\/2025\/10\/251029leguay-18x12.jpg 18w, https:\/\/www.musikzeitung.ch\/wp-content\/uploads\/2025\/10\/251029leguay-263x175.jpg 263w, https:\/\/www.musikzeitung.ch\/wp-content\/uploads\/2025\/10\/251029leguay-526x350.jpg 526w, https:\/\/www.musikzeitung.ch\/wp-content\/uploads\/2025\/10\/251029leguay-920x613.jpg 920w\" sizes=\"auto, (max-width: 925px) 100vw, 925px\" \/><figcaption id=\"caption-attachment-68550\" class=\"wp-caption-text\">Lucie Leguay (Immagine: Christine Ledroit-Perrin)<\/figcaption><\/figure>\n<p>Lucie Leguay, scoperta nel 2018 al Tremplin pour Jeunes Cheffes d'orchestre (trampolino di lancio per giovani direttrici d'orchestra) della Philharmonie de Paris, ha conseguito un Master in direzione d'orchestra presso l'HEMU-Haute \u00c9cole de Musique (sede di Vaud, Losanna). Nel 2023 ha vinto i Victoires de la Musique Classique nella categoria \"R\u00e9v\u00e9lation chef d'orchestre\" (scoperta come direttore d'orchestra).<\/p>\n<p>Lucie Leguay lavora come direttore ospite con numerose orchestre, tra cui l'Orchestre Philharmonique de Radio France, l'Orchestre de Paris, l'Orchestre Symphonique de Montr\u00e9al, la Filarmonica Reale di Stoccolma, la Konzerthaus di Berlino e la BBC Philharmonic Orchestra, oltre che con compositori come Peter E\u00f6tv\u00f6s, Kaija Saariaho e Heinz Holliger.<\/p>\n<p>La Sinfonietta de Lausanne \u00e8 stata fondata nel 1981 da Jean-Marc Grob con il nome di Orchestre des Rencontres Musicales ed \u00e8 stata diretta da Alexander Mayer dal 2013 al 2017 prima di passare a David Reiland. L'ensemble ha un organico variabile e accoglie studenti dell'HEMU, che accompagna nel loro percorso per diventare musicisti d'orchestra.<\/p>\n<p>&nbsp;<\/p>","protected":false},"excerpt":{"rendered":"<p>La direttrice d'orchestra Lucie Leguay diventer\u00e0 direttore musicale della Sinfonietta de Lausanne a partire dalla stagione 2026\/27. Succede a David Reiland in questa posizione.<\/p>","protected":false},"author":30,"featured_media":68550,"comment_status":"closed","ping_status":"closed","sticky":false,"template":"","format":"standard","meta":{"_acf_changed":false,"_relevanssi_hide_post":"","_relevanssi_hide_content":"","_relevanssi_pin_for_all":"","_relevanssi_pin_keywords":"","_relevanssi_unpin_keywords":"","_relevanssi_related_keywords":"","_relevanssi_related_include_ids":"","_relevanssi_related_exclude_ids":"","_relevanssi_related_no_append":"","_relevanssi_related_not_related":"","_relevanssi_related_posts":"","_relevanssi_noindex_reason":"","pgc_sgb_lightbox_settings":"","footnotes":""},"categories":[27],"tags":[5388,5389],"class_list":["post-68549","post","type-post","status-publish","format-standard","has-post-thumbnail","hentry","category-news","tag-lucie-leguay","tag-sinfonietta-de-lausanne"],"acf":[],"yoast_head":"<!-- This site is optimized with the Yoast SEO plugin v27.4 - https:\/\/yoast.com\/product\/yoast-seo-wordpress\/ -->\n<title>Lucie Leguay \u00fcbernimmt Sinfonietta de Lausanne - Schweizer Musikzeitung<\/title>\n<meta name=\"description\" content=\"Die Dirigentin Lucie Leguay wird ab der Saison 2026\/27 musikalische Leiterin der Sinfonietta de Lausanne. Sie folgt in dem Amt auf David Reiland.\" \/>\n<meta name=\"robots\" content=\"index, follow, max-snippet:-1, max-image-preview:large, max-video-preview:-1\" \/>\n<link rel=\"canonical\" href=\"https:\/\/www.musikzeitung.ch\/it\/news\/2025\/10\/lucie-leguay-uebernimmt-sinfonietta-de-lausanne\/\" \/>\n<meta property=\"og:locale\" content=\"it_IT\" \/>\n<meta property=\"og:type\" content=\"article\" \/>\n<meta property=\"og:title\" content=\"Lucie Leguay \u00fcbernimmt Sinfonietta de Lausanne - Schweizer Musikzeitung\" \/>\n<meta property=\"og:description\" content=\"Die Dirigentin Lucie Leguay wird ab der Saison 2026\/27 musikalische Leiterin der Sinfonietta de Lausanne. Sie folgt in dem Amt auf David Reiland.\" \/>\n<meta property=\"og:url\" content=\"https:\/\/www.musikzeitung.ch\/it\/news\/2025\/10\/lucie-leguay-uebernimmt-sinfonietta-de-lausanne\/\" \/>\n<meta property=\"og:site_name\" content=\"Schweizer Musikzeitung\" \/>\n<meta property=\"article:publisher\" content=\"https:\/\/www.facebook.com\/SchweizerMusikzeitung\/\" \/>\n<meta property=\"article:author\" content=\"https:\/\/www.facebook.com\/wolfgang.bohler.75\" \/>\n<meta property=\"article:published_time\" content=\"2025-10-29T07:09:51+00:00\" \/>\n<meta property=\"article:modified_time\" content=\"2025-10-29T07:39:27+00:00\" \/>\n<meta property=\"og:image\" content=\"https:\/\/www.musikzeitung.ch\/wp-content\/uploads\/2025\/10\/251029leguay.jpg\" \/>\n\t<meta property=\"og:image:width\" content=\"925\" \/>\n\t<meta property=\"og:image:height\" content=\"616\" \/>\n\t<meta property=\"og:image:type\" content=\"image\/jpeg\" \/>\n<meta name=\"author\" content=\"Wolfgang B\u00f6hler\" \/>\n<meta name=\"twitter:card\" content=\"summary_large_image\" \/>\n<meta name=\"twitter:creator\" content=\"@smusikzeitung\" \/>\n<meta name=\"twitter:site\" content=\"@smusikzeitung\" \/>\n<meta name=\"twitter:label1\" content=\"Scritto da\" \/>\n\t<meta name=\"twitter:data1\" content=\"Wolfgang B\u00f6hler\" \/>\n\t<meta name=\"twitter:label2\" content=\"Tempo di lettura stimato\" \/>\n\t<meta name=\"twitter:data2\" content=\"2 minuti\" \/>\n<script type=\"application\/ld+json\" class=\"yoast-schema-graph\">{\"@context\":\"https:\\\/\\\/schema.org\",\"@graph\":[{\"@type\":\"Article\",\"@id\":\"https:\\\/\\\/www.musikzeitung.ch\\\/news\\\/2025\\\/10\\\/lucie-leguay-uebernimmt-sinfonietta-de-lausanne#article\",\"isPartOf\":{\"@id\":\"https:\\\/\\\/www.musikzeitung.ch\\\/news\\\/2025\\\/10\\\/lucie-leguay-uebernimmt-sinfonietta-de-lausanne\"},\"author\":{\"name\":\"Wolfgang B\u00f6hler\",\"@id\":\"https:\\\/\\\/www.musikzeitung.ch\\\/#\\\/schema\\\/person\\\/0da4fb82d243f1252850a35d0e87cf0c\"},\"headline\":\"Lucie Leguay \u00fcbernimmt Sinfonietta de Lausanne\",\"datePublished\":\"2025-10-29T07:09:51+00:00\",\"dateModified\":\"2025-10-29T07:39:27+00:00\",\"mainEntityOfPage\":{\"@id\":\"https:\\\/\\\/www.musikzeitung.ch\\\/news\\\/2025\\\/10\\\/lucie-leguay-uebernimmt-sinfonietta-de-lausanne\"},\"wordCount\":186,\"publisher\":{\"@id\":\"https:\\\/\\\/www.musikzeitung.ch\\\/#organization\"},\"image\":{\"@id\":\"https:\\\/\\\/www.musikzeitung.ch\\\/news\\\/2025\\\/10\\\/lucie-leguay-uebernimmt-sinfonietta-de-lausanne#primaryimage\"},\"thumbnailUrl\":\"https:\\\/\\\/www.musikzeitung.ch\\\/wp-content\\\/uploads\\\/2025\\\/10\\\/251029leguay.jpg\",\"keywords\":[\"Lucie-Leguay\",\"Sinfonietta de Lausanne\"],\"articleSection\":[\"News\"],\"inLanguage\":\"it-IT\"},{\"@type\":\"WebPage\",\"@id\":\"https:\\\/\\\/www.musikzeitung.ch\\\/news\\\/2025\\\/10\\\/lucie-leguay-uebernimmt-sinfonietta-de-lausanne\",\"url\":\"https:\\\/\\\/www.musikzeitung.ch\\\/news\\\/2025\\\/10\\\/lucie-leguay-uebernimmt-sinfonietta-de-lausanne\",\"name\":\"Lucie Leguay \u00fcbernimmt Sinfonietta de Lausanne - Schweizer Musikzeitung\",\"isPartOf\":{\"@id\":\"https:\\\/\\\/www.musikzeitung.ch\\\/#website\"},\"primaryImageOfPage\":{\"@id\":\"https:\\\/\\\/www.musikzeitung.ch\\\/news\\\/2025\\\/10\\\/lucie-leguay-uebernimmt-sinfonietta-de-lausanne#primaryimage\"},\"image\":{\"@id\":\"https:\\\/\\\/www.musikzeitung.ch\\\/news\\\/2025\\\/10\\\/lucie-leguay-uebernimmt-sinfonietta-de-lausanne#primaryimage\"},\"thumbnailUrl\":\"https:\\\/\\\/www.musikzeitung.ch\\\/wp-content\\\/uploads\\\/2025\\\/10\\\/251029leguay.jpg\",\"datePublished\":\"2025-10-29T07:09:51+00:00\",\"dateModified\":\"2025-10-29T07:39:27+00:00\",\"description\":\"Die Dirigentin Lucie Leguay wird ab der Saison 2026\\\/27 musikalische Leiterin der Sinfonietta de Lausanne. Sie folgt in dem Amt auf David Reiland.\",\"breadcrumb\":{\"@id\":\"https:\\\/\\\/www.musikzeitung.ch\\\/news\\\/2025\\\/10\\\/lucie-leguay-uebernimmt-sinfonietta-de-lausanne#breadcrumb\"},\"inLanguage\":\"it-IT\",\"potentialAction\":[{\"@type\":\"ReadAction\",\"target\":[\"https:\\\/\\\/www.musikzeitung.ch\\\/news\\\/2025\\\/10\\\/lucie-leguay-uebernimmt-sinfonietta-de-lausanne\"]}]},{\"@type\":\"ImageObject\",\"inLanguage\":\"it-IT\",\"@id\":\"https:\\\/\\\/www.musikzeitung.ch\\\/news\\\/2025\\\/10\\\/lucie-leguay-uebernimmt-sinfonietta-de-lausanne#primaryimage\",\"url\":\"https:\\\/\\\/www.musikzeitung.ch\\\/wp-content\\\/uploads\\\/2025\\\/10\\\/251029leguay.jpg\",\"contentUrl\":\"https:\\\/\\\/www.musikzeitung.ch\\\/wp-content\\\/uploads\\\/2025\\\/10\\\/251029leguay.jpg\",\"width\":925,\"height\":616,\"caption\":\"Lucie Leguay (Bild: Christine Ledroit-Perrin)\"},{\"@type\":\"BreadcrumbList\",\"@id\":\"https:\\\/\\\/www.musikzeitung.ch\\\/news\\\/2025\\\/10\\\/lucie-leguay-uebernimmt-sinfonietta-de-lausanne#breadcrumb\",\"itemListElement\":[{\"@type\":\"ListItem\",\"position\":1,\"name\":\"Home\",\"item\":\"https:\\\/\\\/www.musikzeitung.ch\\\/\"},{\"@type\":\"ListItem\",\"position\":2,\"name\":\"Lucie Leguay \u00fcbernimmt Sinfonietta de Lausanne\"}]},{\"@type\":\"WebSite\",\"@id\":\"https:\\\/\\\/www.musikzeitung.ch\\\/#website\",\"url\":\"https:\\\/\\\/www.musikzeitung.ch\\\/\",\"name\":\"Schweizer Musikzeitung\",\"description\":\"Die f\u00fchrende sparten\u00fcbergreifende Monatszeitung in der Schweiz f\u00fcr musikalische Fragen.\",\"publisher\":{\"@id\":\"https:\\\/\\\/www.musikzeitung.ch\\\/#organization\"},\"potentialAction\":[{\"@type\":\"SearchAction\",\"target\":{\"@type\":\"EntryPoint\",\"urlTemplate\":\"https:\\\/\\\/www.musikzeitung.ch\\\/?s={search_term_string}\"},\"query-input\":{\"@type\":\"PropertyValueSpecification\",\"valueRequired\":true,\"valueName\":\"search_term_string\"}}],\"inLanguage\":\"it-IT\"},{\"@type\":\"Organization\",\"@id\":\"https:\\\/\\\/www.musikzeitung.ch\\\/#organization\",\"name\":\"Schweizer Musikzeitung\",\"url\":\"https:\\\/\\\/www.musikzeitung.ch\\\/\",\"logo\":{\"@type\":\"ImageObject\",\"inLanguage\":\"it-IT\",\"@id\":\"https:\\\/\\\/www.musikzeitung.ch\\\/#\\\/schema\\\/logo\\\/image\\\/\",\"url\":\"https:\\\/\\\/www.musikzeitung.ch\\\/wp-content\\\/uploads\\\/2023\\\/01\\\/SMZ_Schriftzug_Sprache.png\",\"contentUrl\":\"https:\\\/\\\/www.musikzeitung.ch\\\/wp-content\\\/uploads\\\/2023\\\/01\\\/SMZ_Schriftzug_Sprache.png\",\"width\":1400,\"height\":279,\"caption\":\"Schweizer Musikzeitung\"},\"image\":{\"@id\":\"https:\\\/\\\/www.musikzeitung.ch\\\/#\\\/schema\\\/logo\\\/image\\\/\"},\"sameAs\":[\"https:\\\/\\\/www.facebook.com\\\/SchweizerMusikzeitung\\\/\",\"https:\\\/\\\/x.com\\\/smusikzeitung\",\"https:\\\/\\\/www.instagram.com\\\/musikzeitung.ch\\\/\"]},{\"@type\":\"Person\",\"@id\":\"https:\\\/\\\/www.musikzeitung.ch\\\/#\\\/schema\\\/person\\\/0da4fb82d243f1252850a35d0e87cf0c\",\"name\":\"Wolfgang B\u00f6hler\",\"image\":{\"@type\":\"ImageObject\",\"inLanguage\":\"it-IT\",\"@id\":\"https:\\\/\\\/www.musikzeitung.ch\\\/wp-content\\\/uploads\\\/2023\\\/01\\\/boehler_portraet_web-e1674139782246-96x96.jpg\",\"url\":\"https:\\\/\\\/www.musikzeitung.ch\\\/wp-content\\\/uploads\\\/2023\\\/01\\\/boehler_portraet_web-e1674139782246-96x96.jpg\",\"contentUrl\":\"https:\\\/\\\/www.musikzeitung.ch\\\/wp-content\\\/uploads\\\/2023\\\/01\\\/boehler_portraet_web-e1674139782246-96x96.jpg\",\"caption\":\"Wolfgang B\u00f6hler\"},\"sameAs\":[\"http:\\\/\\\/www.manacanto.ch\",\"https:\\\/\\\/www.facebook.com\\\/wolfgang.bohler.75\"],\"url\":\"https:\\\/\\\/www.musikzeitung.ch\\\/it\\\/author\\\/wolfgang-boehler\"}]}<\/script>\n<!-- \/ Yoast SEO plugin. -->","yoast_head_json":{"title":"Lucie Leguay assume la direzione della Sinfonietta di Losanna - Schweizer Musikzeitung","description":"La direttrice d'orchestra Lucie Leguay diventer\u00e0 direttore musicale della Sinfonietta de Lausanne a partire dalla stagione 2026\/27. Succede a David Reiland in questa posizione.","robots":{"index":"index","follow":"follow","max-snippet":"max-snippet:-1","max-image-preview":"max-image-preview:large","max-video-preview":"max-video-preview:-1"},"canonical":"https:\/\/www.musikzeitung.ch\/it\/news\/2025\/10\/lucie-leguay-uebernimmt-sinfonietta-de-lausanne\/","og_locale":"it_IT","og_type":"article","og_title":"Lucie Leguay \u00fcbernimmt Sinfonietta de Lausanne - Schweizer Musikzeitung","og_description":"Die Dirigentin Lucie Leguay wird ab der Saison 2026\/27 musikalische Leiterin der Sinfonietta de Lausanne. Sie folgt in dem Amt auf David Reiland.","og_url":"https:\/\/www.musikzeitung.ch\/it\/news\/2025\/10\/lucie-leguay-uebernimmt-sinfonietta-de-lausanne\/","og_site_name":"Schweizer Musikzeitung","article_publisher":"https:\/\/www.facebook.com\/SchweizerMusikzeitung\/","article_author":"https:\/\/www.facebook.com\/wolfgang.bohler.75","article_published_time":"2025-10-29T07:09:51+00:00","article_modified_time":"2025-10-29T07:39:27+00:00","og_image":[{"width":925,"height":616,"url":"https:\/\/www.musikzeitung.ch\/wp-content\/uploads\/2025\/10\/251029leguay.jpg","type":"image\/jpeg"}],"author":"Wolfgang B\u00f6hler","twitter_card":"summary_large_image","twitter_creator":"@smusikzeitung","twitter_site":"@smusikzeitung","twitter_misc":{"Scritto da":"Wolfgang B\u00f6hler","Tempo di lettura stimato":"2 minuti"},"schema":{"@context":"https:\/\/schema.org","@graph":[{"@type":"Article","@id":"https:\/\/www.musikzeitung.ch\/news\/2025\/10\/lucie-leguay-uebernimmt-sinfonietta-de-lausanne#article","isPartOf":{"@id":"https:\/\/www.musikzeitung.ch\/news\/2025\/10\/lucie-leguay-uebernimmt-sinfonietta-de-lausanne"},"author":{"name":"Wolfgang B\u00f6hler","@id":"https:\/\/www.musikzeitung.ch\/#\/schema\/person\/0da4fb82d243f1252850a35d0e87cf0c"},"headline":"Lucie Leguay \u00fcbernimmt Sinfonietta de Lausanne","datePublished":"2025-10-29T07:09:51+00:00","dateModified":"2025-10-29T07:39:27+00:00","mainEntityOfPage":{"@id":"https:\/\/www.musikzeitung.ch\/news\/2025\/10\/lucie-leguay-uebernimmt-sinfonietta-de-lausanne"},"wordCount":186,"publisher":{"@id":"https:\/\/www.musikzeitung.ch\/#organization"},"image":{"@id":"https:\/\/www.musikzeitung.ch\/news\/2025\/10\/lucie-leguay-uebernimmt-sinfonietta-de-lausanne#primaryimage"},"thumbnailUrl":"https:\/\/www.musikzeitung.ch\/wp-content\/uploads\/2025\/10\/251029leguay.jpg","keywords":["Lucie-Leguay","Sinfonietta de Lausanne"],"articleSection":["News"],"inLanguage":"it-IT"},{"@type":"WebPage","@id":"https:\/\/www.musikzeitung.ch\/news\/2025\/10\/lucie-leguay-uebernimmt-sinfonietta-de-lausanne","url":"https:\/\/www.musikzeitung.ch\/news\/2025\/10\/lucie-leguay-uebernimmt-sinfonietta-de-lausanne","name":"Lucie Leguay assume la direzione della Sinfonietta di Losanna - Schweizer Musikzeitung","isPartOf":{"@id":"https:\/\/www.musikzeitung.ch\/#website"},"primaryImageOfPage":{"@id":"https:\/\/www.musikzeitung.ch\/news\/2025\/10\/lucie-leguay-uebernimmt-sinfonietta-de-lausanne#primaryimage"},"image":{"@id":"https:\/\/www.musikzeitung.ch\/news\/2025\/10\/lucie-leguay-uebernimmt-sinfonietta-de-lausanne#primaryimage"},"thumbnailUrl":"https:\/\/www.musikzeitung.ch\/wp-content\/uploads\/2025\/10\/251029leguay.jpg","datePublished":"2025-10-29T07:09:51+00:00","dateModified":"2025-10-29T07:39:27+00:00","description":"La direttrice d'orchestra Lucie Leguay diventer\u00e0 direttore musicale della Sinfonietta de Lausanne a partire dalla stagione 2026\/27. Succede a David Reiland in questa posizione.","breadcrumb":{"@id":"https:\/\/www.musikzeitung.ch\/news\/2025\/10\/lucie-leguay-uebernimmt-sinfonietta-de-lausanne#breadcrumb"},"inLanguage":"it-IT","potentialAction":[{"@type":"ReadAction","target":["https:\/\/www.musikzeitung.ch\/news\/2025\/10\/lucie-leguay-uebernimmt-sinfonietta-de-lausanne"]}]},{"@type":"ImageObject","inLanguage":"it-IT","@id":"https:\/\/www.musikzeitung.ch\/news\/2025\/10\/lucie-leguay-uebernimmt-sinfonietta-de-lausanne#primaryimage","url":"https:\/\/www.musikzeitung.ch\/wp-content\/uploads\/2025\/10\/251029leguay.jpg","contentUrl":"https:\/\/www.musikzeitung.ch\/wp-content\/uploads\/2025\/10\/251029leguay.jpg","width":925,"height":616,"caption":"Lucie Leguay (Bild: Christine Ledroit-Perrin)"},{"@type":"BreadcrumbList","@id":"https:\/\/www.musikzeitung.ch\/news\/2025\/10\/lucie-leguay-uebernimmt-sinfonietta-de-lausanne#breadcrumb","itemListElement":[{"@type":"ListItem","position":1,"name":"Home","item":"https:\/\/www.musikzeitung.ch\/"},{"@type":"ListItem","position":2,"name":"Lucie Leguay \u00fcbernimmt Sinfonietta de Lausanne"}]},{"@type":"WebSite","@id":"https:\/\/www.musikzeitung.ch\/#website","url":"https:\/\/www.musikzeitung.ch\/","name":"Giornale musicale svizzero","description":"Il principale mensile interdisciplinare della Svizzera per le questioni musicali.","publisher":{"@id":"https:\/\/www.musikzeitung.ch\/#organization"},"potentialAction":[{"@type":"SearchAction","target":{"@type":"EntryPoint","urlTemplate":"https:\/\/www.musikzeitung.ch\/?s={search_term_string}"},"query-input":{"@type":"PropertyValueSpecification","valueRequired":true,"valueName":"search_term_string"}}],"inLanguage":"it-IT"},{"@type":"Organization","@id":"https:\/\/www.musikzeitung.ch\/#organization","name":"Giornale musicale svizzero","url":"https:\/\/www.musikzeitung.ch\/","logo":{"@type":"ImageObject","inLanguage":"it-IT","@id":"https:\/\/www.musikzeitung.ch\/#\/schema\/logo\/image\/","url":"https:\/\/www.musikzeitung.ch\/wp-content\/uploads\/2023\/01\/SMZ_Schriftzug_Sprache.png","contentUrl":"https:\/\/www.musikzeitung.ch\/wp-content\/uploads\/2023\/01\/SMZ_Schriftzug_Sprache.png","width":1400,"height":279,"caption":"Schweizer Musikzeitung"},"image":{"@id":"https:\/\/www.musikzeitung.ch\/#\/schema\/logo\/image\/"},"sameAs":["https:\/\/www.facebook.com\/SchweizerMusikzeitung\/","https:\/\/x.com\/smusikzeitung","https:\/\/www.instagram.com\/musikzeitung.ch\/"]},{"@type":"Person","@id":"https:\/\/www.musikzeitung.ch\/#\/schema\/person\/0da4fb82d243f1252850a35d0e87cf0c","name":"Wolfgang B\u00f6hler","image":{"@type":"ImageObject","inLanguage":"it-IT","@id":"https:\/\/www.musikzeitung.ch\/wp-content\/uploads\/2023\/01\/boehler_portraet_web-e1674139782246-96x96.jpg","url":"https:\/\/www.musikzeitung.ch\/wp-content\/uploads\/2023\/01\/boehler_portraet_web-e1674139782246-96x96.jpg","contentUrl":"https:\/\/www.musikzeitung.ch\/wp-content\/uploads\/2023\/01\/boehler_portraet_web-e1674139782246-96x96.jpg","caption":"Wolfgang B\u00f6hler"},"sameAs":["http:\/\/www.manacanto.ch","https:\/\/www.facebook.com\/wolfgang.bohler.75"],"url":"https:\/\/www.musikzeitung.ch\/it\/author\/wolfgang-boehler"}]}},"publishpress_future_workflow_manual_trigger":{"enabledWorkflows":[]},"_links":{"self":[{"href":"https:\/\/www.musikzeitung.ch\/it\/wp-json\/wp\/v2\/posts\/68549","targetHints":{"allow":["GET"]}}],"collection":[{"href":"https:\/\/www.musikzeitung.ch\/it\/wp-json\/wp\/v2\/posts"}],"about":[{"href":"https:\/\/www.musikzeitung.ch\/it\/wp-json\/wp\/v2\/types\/post"}],"author":[{"embeddable":true,"href":"https:\/\/www.musikzeitung.ch\/it\/wp-json\/wp\/v2\/users\/30"}],"replies":[{"embeddable":true,"href":"https:\/\/www.musikzeitung.ch\/it\/wp-json\/wp\/v2\/comments?post=68549"}],"version-history":[{"count":2,"href":"https:\/\/www.musikzeitung.ch\/it\/wp-json\/wp\/v2\/posts\/68549\/revisions"}],"predecessor-version":[{"id":68552,"href":"https:\/\/www.musikzeitung.ch\/it\/wp-json\/wp\/v2\/posts\/68549\/revisions\/68552"}],"wp:featuredmedia":[{"embeddable":true,"href":"https:\/\/www.musikzeitung.ch\/it\/wp-json\/wp\/v2\/media\/68550"}],"wp:attachment":[{"href":"https:\/\/www.musikzeitung.ch\/it\/wp-json\/wp\/v2\/media?parent=68549"}],"wp:term":[{"taxonomy":"category","embeddable":true,"href":"https:\/\/www.musikzeitung.ch\/it\/wp-json\/wp\/v2\/categories?post=68549"},{"taxonomy":"post_tag","embeddable":true,"href":"https:\/\/www.musikzeitung.ch\/it\/wp-json\/wp\/v2\/tags?post=68549"}],"curies":[{"name":"wp","href":"https:\/\/api.w.org\/{rel}","templated":true}]}}