{"id":68780,"date":"2025-11-07T12:10:38","date_gmt":"2025-11-07T11:10:38","guid":{"rendered":"https:\/\/www.musikzeitung.ch\/?p=68780"},"modified":"2025-11-07T12:12:13","modified_gmt":"2025-11-07T11:12:13","slug":"150-jahre-musik-liturgie","status":"publish","type":"post","link":"https:\/\/www.musikzeitung.ch\/it\/news\/2025\/11\/150-jahre-musik-liturgie","title":{"rendered":"150 anni di \"Musica e liturgia\""},"content":{"rendered":"<figure id=\"attachment_68781\" aria-describedby=\"caption-attachment-68781\" style=\"width: 1280px\" class=\"wp-caption alignnone\"><img loading=\"lazy\" decoding=\"async\" class=\"wp-image-68781 size-full\" src=\"https:\/\/www.musikzeitung.ch\/wp-content\/uploads\/2025\/11\/Einsiedeln_Kathedrale_St._Maruritius_Innen_Gewoelbe_ueber_dem_Haus_2.jpg\" alt=\"\" width=\"1280\" height=\"961\" srcset=\"https:\/\/www.musikzeitung.ch\/wp-content\/uploads\/2025\/11\/Einsiedeln_Kathedrale_St._Maruritius_Innen_Gewoelbe_ueber_dem_Haus_2.jpg 1280w, https:\/\/www.musikzeitung.ch\/wp-content\/uploads\/2025\/11\/Einsiedeln_Kathedrale_St._Maruritius_Innen_Gewoelbe_ueber_dem_Haus_2-300x225.jpg 300w, https:\/\/www.musikzeitung.ch\/wp-content\/uploads\/2025\/11\/Einsiedeln_Kathedrale_St._Maruritius_Innen_Gewoelbe_ueber_dem_Haus_2-1024x769.jpg 1024w, https:\/\/www.musikzeitung.ch\/wp-content\/uploads\/2025\/11\/Einsiedeln_Kathedrale_St._Maruritius_Innen_Gewoelbe_ueber_dem_Haus_2-768x577.jpg 768w, https:\/\/www.musikzeitung.ch\/wp-content\/uploads\/2025\/11\/Einsiedeln_Kathedrale_St._Maruritius_Innen_Gewoelbe_ueber_dem_Haus_2-16x12.jpg 16w, https:\/\/www.musikzeitung.ch\/wp-content\/uploads\/2025\/11\/Einsiedeln_Kathedrale_St._Maruritius_Innen_Gewoelbe_ueber_dem_Haus_2-233x175.jpg 233w, https:\/\/www.musikzeitung.ch\/wp-content\/uploads\/2025\/11\/Einsiedeln_Kathedrale_St._Maruritius_Innen_Gewoelbe_ueber_dem_Haus_2-466x350.jpg 466w, https:\/\/www.musikzeitung.ch\/wp-content\/uploads\/2025\/11\/Einsiedeln_Kathedrale_St._Maruritius_Innen_Gewoelbe_ueber_dem_Haus_2-1066x800.jpg 1066w, https:\/\/www.musikzeitung.ch\/wp-content\/uploads\/2025\/11\/Einsiedeln_Kathedrale_St._Maruritius_Innen_Gewoelbe_ueber_dem_Haus_2-920x691.jpg 920w\" sizes=\"auto, (max-width: 1280px) 100vw, 1280px\" \/><figcaption id=\"caption-attachment-68781\" class=\"wp-caption-text\">Le volte della chiesa del monastero di Einsiedeln. Foto: <a href=\"https:\/\/commons.wikimedia.org\/wiki\/File:Einsiedeln_Kathedrale_St._Maruritius_Innen_Gew%C3%B6lbe_%C3%BCber_dem_Haus_2.JPG?uselang=de\" target=\"_blank\" rel=\"noopener\">Zairon \/ wikimedia commons<\/a><\/figcaption><\/figure>\n<p>Per un secolo e mezzo, la rivista <em>Musica e liturgia <\/em>come organo pi\u00f9 importante della musica sacra cattolica nella Svizzera tedesca, riferisce sulla musica sacra e sui suoi sviluppi. Fa luce sulla pratica musicale quotidiana nella liturgia e nei concerti sacri da diverse prospettive.<\/p>\n<p>Quello che \u00e8 iniziato nel 1876 come un giornale chiamato <em>Guardia del coro<\/em> inizi\u00f2 anni dopo con il titolo <em>Musica da chiesa cattolica<\/em> e successivamente <em>Cantare e fare musica nelle funzioni religiose<\/em> infine a <em>Musica e liturgia<\/em>una rivista che copre un ampio spettro della vita musicale della chiesa e della creativit\u00e0 al di l\u00e0 del mondo corale. Dall'inizio di quest'anno non \u00e8 pi\u00f9 in formato cartaceo, ma come piattaforma online.<\/p>\n<p>Il 14 marzo 2026, alle 13.30, nella chiesa abbaziale di Einsiedeln, si terr\u00e0 una cerimonia festosa con tre cori e musica strumentale. Contemporaneamente, tre importanti figure della musica sacra in Svizzera, Padre Theo Flury, l'Abate Urban Federer e Martin Hobi, saranno premiati per il loro eccezionale impegno nella musica sacra rispettivamente con una Medaglia Orlando di Lasso e una Medaglia Ambrosiana. Anche il pubblico \u00e8 cordialmente invitato a questa cerimonia.<\/p>\n<p><a href=\"https:\/\/www.musikundliturgie.ch\/\" target=\"_blank\" rel=\"noopener\">musicandliturgia.ch<\/a><\/p>","protected":false},"excerpt":{"rendered":"<p>Nel 2025\/2026, l'Associazione musicale della Chiesa cattolica svizzera SKMV celebrer\u00e0 il 150\u00b0 anniversario del suo mezzo di comunicazione ufficiale. <\/p>","protected":false},"author":29,"featured_media":68781,"comment_status":"closed","ping_status":"closed","sticky":false,"template":"","format":"standard","meta":{"_acf_changed":false,"_relevanssi_hide_post":"","_relevanssi_hide_content":"","_relevanssi_pin_for_all":"","_relevanssi_pin_keywords":"","_relevanssi_unpin_keywords":"","_relevanssi_related_keywords":"","_relevanssi_related_include_ids":"","_relevanssi_related_exclude_ids":"","_relevanssi_related_no_append":"","_relevanssi_related_not_related":"","_relevanssi_related_posts":"","_relevanssi_noindex_reason":"","pgc_sgb_lightbox_settings":"","footnotes":""},"categories":[27],"tags":[5399,5400,5397,5398,5396],"class_list":["post-68780","post","type-post","status-publish","format-standard","has-post-thumbnail","hentry","category-news","tag-abt-urban-federer","tag-martin-hobi","tag-musik-liturgie","tag-pater-theo-flury","tag-schweizerische-katholische-kirchenmusikverband-skmv"],"acf":[],"yoast_head":"<!-- This site is optimized with the Yoast SEO plugin v27.4 - https:\/\/yoast.com\/product\/yoast-seo-wordpress\/ -->\n<title>150 Jahre \u00abMusik &amp; Liturgie\u00bb - Schweizer Musikzeitung<\/title>\n<meta name=\"description\" content=\"Im Jahr 2025\/2026 feiert der Schweizerische Katholische Kirchenmusikverband SKMV das 150-j\u00e4hrige Bestehen seines offiziellen Mitteilungsmediums \u00abMusik &amp; Liturgie\u00bb.\" \/>\n<meta name=\"robots\" content=\"index, follow, max-snippet:-1, max-image-preview:large, max-video-preview:-1\" \/>\n<link rel=\"canonical\" href=\"https:\/\/www.musikzeitung.ch\/it\/news\/2025\/11\/150-jahre-musik-liturgie\/\" \/>\n<meta property=\"og:locale\" content=\"it_IT\" \/>\n<meta property=\"og:type\" content=\"article\" \/>\n<meta property=\"og:title\" content=\"150 Jahre \u00abMusik &amp; Liturgie\u00bb - Schweizer Musikzeitung\" \/>\n<meta property=\"og:description\" content=\"Im Jahr 2025\/2026 feiert der Schweizerische Katholische Kirchenmusikverband SKMV das 150-j\u00e4hrige Bestehen seines offiziellen Mitteilungsmediums \u00abMusik &amp; Liturgie\u00bb.\" \/>\n<meta property=\"og:url\" content=\"https:\/\/www.musikzeitung.ch\/it\/news\/2025\/11\/150-jahre-musik-liturgie\/\" \/>\n<meta property=\"og:site_name\" content=\"Schweizer Musikzeitung\" \/>\n<meta property=\"article:publisher\" content=\"https:\/\/www.facebook.com\/SchweizerMusikzeitung\/\" \/>\n<meta property=\"article:published_time\" content=\"2025-11-07T11:10:38+00:00\" \/>\n<meta property=\"article:modified_time\" content=\"2025-11-07T11:12:13+00:00\" \/>\n<meta property=\"og:image\" content=\"https:\/\/www.musikzeitung.ch\/wp-content\/uploads\/2025\/11\/Einsiedeln_Kathedrale_St._Maruritius_Innen_Gewoelbe_ueber_dem_Haus_2.jpg\" \/>\n\t<meta property=\"og:image:width\" content=\"1280\" \/>\n\t<meta property=\"og:image:height\" content=\"961\" \/>\n\t<meta property=\"og:image:type\" content=\"image\/jpeg\" \/>\n<meta name=\"author\" content=\"pia.schwab\" \/>\n<meta name=\"twitter:card\" content=\"summary_large_image\" \/>\n<meta name=\"twitter:creator\" content=\"@smusikzeitung\" \/>\n<meta name=\"twitter:site\" content=\"@smusikzeitung\" \/>\n<meta name=\"twitter:label1\" content=\"Scritto da\" \/>\n\t<meta name=\"twitter:data1\" content=\"pia.schwab\" \/>\n\t<meta name=\"twitter:label2\" content=\"Tempo di lettura stimato\" \/>\n\t<meta name=\"twitter:data2\" content=\"2 minuti\" \/>\n<script type=\"application\/ld+json\" class=\"yoast-schema-graph\">{\"@context\":\"https:\\\/\\\/schema.org\",\"@graph\":[{\"@type\":\"Article\",\"@id\":\"https:\\\/\\\/www.musikzeitung.ch\\\/news\\\/2025\\\/11\\\/150-jahre-musik-liturgie#article\",\"isPartOf\":{\"@id\":\"https:\\\/\\\/www.musikzeitung.ch\\\/news\\\/2025\\\/11\\\/150-jahre-musik-liturgie\"},\"author\":{\"name\":\"pia.schwab\",\"@id\":\"https:\\\/\\\/www.musikzeitung.ch\\\/#\\\/schema\\\/person\\\/ea3d7b86bd7157c78c7ddd37f2f82b5b\"},\"headline\":\"150 Jahre \u00abMusik &#038; Liturgie\u00bb\",\"datePublished\":\"2025-11-07T11:10:38+00:00\",\"dateModified\":\"2025-11-07T11:12:13+00:00\",\"mainEntityOfPage\":{\"@id\":\"https:\\\/\\\/www.musikzeitung.ch\\\/news\\\/2025\\\/11\\\/150-jahre-musik-liturgie\"},\"wordCount\":174,\"publisher\":{\"@id\":\"https:\\\/\\\/www.musikzeitung.ch\\\/#organization\"},\"image\":{\"@id\":\"https:\\\/\\\/www.musikzeitung.ch\\\/news\\\/2025\\\/11\\\/150-jahre-musik-liturgie#primaryimage\"},\"thumbnailUrl\":\"https:\\\/\\\/www.musikzeitung.ch\\\/wp-content\\\/uploads\\\/2025\\\/11\\\/Einsiedeln_Kathedrale_St._Maruritius_Innen_Gewoelbe_ueber_dem_Haus_2.jpg\",\"keywords\":[\"Abt Urban Federer\",\"Martin Hobi\",\"Musik &amp;\u00a0Liturgie\",\"Pater Theo Flury\",\"Schweizerischer Katholischer Kirchenmusikverband SKMV\"],\"articleSection\":[\"News\"],\"inLanguage\":\"it-IT\"},{\"@type\":\"WebPage\",\"@id\":\"https:\\\/\\\/www.musikzeitung.ch\\\/news\\\/2025\\\/11\\\/150-jahre-musik-liturgie\",\"url\":\"https:\\\/\\\/www.musikzeitung.ch\\\/news\\\/2025\\\/11\\\/150-jahre-musik-liturgie\",\"name\":\"150 Jahre \u00abMusik & Liturgie\u00bb - Schweizer Musikzeitung\",\"isPartOf\":{\"@id\":\"https:\\\/\\\/www.musikzeitung.ch\\\/#website\"},\"primaryImageOfPage\":{\"@id\":\"https:\\\/\\\/www.musikzeitung.ch\\\/news\\\/2025\\\/11\\\/150-jahre-musik-liturgie#primaryimage\"},\"image\":{\"@id\":\"https:\\\/\\\/www.musikzeitung.ch\\\/news\\\/2025\\\/11\\\/150-jahre-musik-liturgie#primaryimage\"},\"thumbnailUrl\":\"https:\\\/\\\/www.musikzeitung.ch\\\/wp-content\\\/uploads\\\/2025\\\/11\\\/Einsiedeln_Kathedrale_St._Maruritius_Innen_Gewoelbe_ueber_dem_Haus_2.jpg\",\"datePublished\":\"2025-11-07T11:10:38+00:00\",\"dateModified\":\"2025-11-07T11:12:13+00:00\",\"description\":\"Im Jahr 2025\\\/2026 feiert der Schweizerische Katholische Kirchenmusikverband SKMV das 150-j\u00e4hrige Bestehen seines offiziellen Mitteilungsmediums \u00abMusik & Liturgie\u00bb.\",\"breadcrumb\":{\"@id\":\"https:\\\/\\\/www.musikzeitung.ch\\\/news\\\/2025\\\/11\\\/150-jahre-musik-liturgie#breadcrumb\"},\"inLanguage\":\"it-IT\",\"potentialAction\":[{\"@type\":\"ReadAction\",\"target\":[\"https:\\\/\\\/www.musikzeitung.ch\\\/news\\\/2025\\\/11\\\/150-jahre-musik-liturgie\"]}]},{\"@type\":\"ImageObject\",\"inLanguage\":\"it-IT\",\"@id\":\"https:\\\/\\\/www.musikzeitung.ch\\\/news\\\/2025\\\/11\\\/150-jahre-musik-liturgie#primaryimage\",\"url\":\"https:\\\/\\\/www.musikzeitung.ch\\\/wp-content\\\/uploads\\\/2025\\\/11\\\/Einsiedeln_Kathedrale_St._Maruritius_Innen_Gewoelbe_ueber_dem_Haus_2.jpg\",\"contentUrl\":\"https:\\\/\\\/www.musikzeitung.ch\\\/wp-content\\\/uploads\\\/2025\\\/11\\\/Einsiedeln_Kathedrale_St._Maruritius_Innen_Gewoelbe_ueber_dem_Haus_2.jpg\",\"width\":1280,\"height\":961},{\"@type\":\"BreadcrumbList\",\"@id\":\"https:\\\/\\\/www.musikzeitung.ch\\\/news\\\/2025\\\/11\\\/150-jahre-musik-liturgie#breadcrumb\",\"itemListElement\":[{\"@type\":\"ListItem\",\"position\":1,\"name\":\"Home\",\"item\":\"https:\\\/\\\/www.musikzeitung.ch\\\/\"},{\"@type\":\"ListItem\",\"position\":2,\"name\":\"150 Jahre \u00abMusik &#038; Liturgie\u00bb\"}]},{\"@type\":\"WebSite\",\"@id\":\"https:\\\/\\\/www.musikzeitung.ch\\\/#website\",\"url\":\"https:\\\/\\\/www.musikzeitung.ch\\\/\",\"name\":\"Schweizer Musikzeitung\",\"description\":\"Die f\u00fchrende sparten\u00fcbergreifende Monatszeitung in der Schweiz f\u00fcr musikalische Fragen.\",\"publisher\":{\"@id\":\"https:\\\/\\\/www.musikzeitung.ch\\\/#organization\"},\"potentialAction\":[{\"@type\":\"SearchAction\",\"target\":{\"@type\":\"EntryPoint\",\"urlTemplate\":\"https:\\\/\\\/www.musikzeitung.ch\\\/?s={search_term_string}\"},\"query-input\":{\"@type\":\"PropertyValueSpecification\",\"valueRequired\":true,\"valueName\":\"search_term_string\"}}],\"inLanguage\":\"it-IT\"},{\"@type\":\"Organization\",\"@id\":\"https:\\\/\\\/www.musikzeitung.ch\\\/#organization\",\"name\":\"Schweizer Musikzeitung\",\"url\":\"https:\\\/\\\/www.musikzeitung.ch\\\/\",\"logo\":{\"@type\":\"ImageObject\",\"inLanguage\":\"it-IT\",\"@id\":\"https:\\\/\\\/www.musikzeitung.ch\\\/#\\\/schema\\\/logo\\\/image\\\/\",\"url\":\"https:\\\/\\\/www.musikzeitung.ch\\\/wp-content\\\/uploads\\\/2023\\\/01\\\/SMZ_Schriftzug_Sprache.png\",\"contentUrl\":\"https:\\\/\\\/www.musikzeitung.ch\\\/wp-content\\\/uploads\\\/2023\\\/01\\\/SMZ_Schriftzug_Sprache.png\",\"width\":1400,\"height\":279,\"caption\":\"Schweizer Musikzeitung\"},\"image\":{\"@id\":\"https:\\\/\\\/www.musikzeitung.ch\\\/#\\\/schema\\\/logo\\\/image\\\/\"},\"sameAs\":[\"https:\\\/\\\/www.facebook.com\\\/SchweizerMusikzeitung\\\/\",\"https:\\\/\\\/x.com\\\/smusikzeitung\",\"https:\\\/\\\/www.instagram.com\\\/musikzeitung.ch\\\/\"]},{\"@type\":\"Person\",\"@id\":\"https:\\\/\\\/www.musikzeitung.ch\\\/#\\\/schema\\\/person\\\/ea3d7b86bd7157c78c7ddd37f2f82b5b\",\"name\":\"pia.schwab\",\"image\":{\"@type\":\"ImageObject\",\"inLanguage\":\"it-IT\",\"@id\":\"https:\\\/\\\/secure.gravatar.com\\\/avatar\\\/d39d170de4c2d07e897fbc26cf9d890fc046285c742207b86d8ebabe5fcde2c4?s=96&d=mm&r=g\",\"url\":\"https:\\\/\\\/secure.gravatar.com\\\/avatar\\\/d39d170de4c2d07e897fbc26cf9d890fc046285c742207b86d8ebabe5fcde2c4?s=96&d=mm&r=g\",\"contentUrl\":\"https:\\\/\\\/secure.gravatar.com\\\/avatar\\\/d39d170de4c2d07e897fbc26cf9d890fc046285c742207b86d8ebabe5fcde2c4?s=96&d=mm&r=g\",\"caption\":\"pia.schwab\"},\"url\":\"https:\\\/\\\/www.musikzeitung.ch\\\/it\\\/author\\\/pia-schwab\"}]}<\/script>\n<!-- \/ Yoast SEO plugin. -->","yoast_head_json":{"title":"150 anni di \u00abMusica e liturgia\u00bb - Rivista musicale svizzera","description":"Nel 2025\/2026 l'Associazione svizzera di musica sacra cattolica SKMV festegger\u00e0 il 150\u00b0 anniversario della sua rivista ufficiale \u00abMusik &amp; Liturgie\u00bb.","robots":{"index":"index","follow":"follow","max-snippet":"max-snippet:-1","max-image-preview":"max-image-preview:large","max-video-preview":"max-video-preview:-1"},"canonical":"https:\/\/www.musikzeitung.ch\/it\/news\/2025\/11\/150-jahre-musik-liturgie\/","og_locale":"it_IT","og_type":"article","og_title":"150 Jahre \u00abMusik & Liturgie\u00bb - Schweizer Musikzeitung","og_description":"Im Jahr 2025\/2026 feiert der Schweizerische Katholische Kirchenmusikverband SKMV das 150-j\u00e4hrige Bestehen seines offiziellen Mitteilungsmediums \u00abMusik & Liturgie\u00bb.","og_url":"https:\/\/www.musikzeitung.ch\/it\/news\/2025\/11\/150-jahre-musik-liturgie\/","og_site_name":"Schweizer Musikzeitung","article_publisher":"https:\/\/www.facebook.com\/SchweizerMusikzeitung\/","article_published_time":"2025-11-07T11:10:38+00:00","article_modified_time":"2025-11-07T11:12:13+00:00","og_image":[{"width":1280,"height":961,"url":"https:\/\/www.musikzeitung.ch\/wp-content\/uploads\/2025\/11\/Einsiedeln_Kathedrale_St._Maruritius_Innen_Gewoelbe_ueber_dem_Haus_2.jpg","type":"image\/jpeg"}],"author":"pia.schwab","twitter_card":"summary_large_image","twitter_creator":"@smusikzeitung","twitter_site":"@smusikzeitung","twitter_misc":{"Scritto da":"pia.schwab","Tempo di lettura stimato":"2 minuti"},"schema":{"@context":"https:\/\/schema.org","@graph":[{"@type":"Article","@id":"https:\/\/www.musikzeitung.ch\/news\/2025\/11\/150-jahre-musik-liturgie#article","isPartOf":{"@id":"https:\/\/www.musikzeitung.ch\/news\/2025\/11\/150-jahre-musik-liturgie"},"author":{"name":"pia.schwab","@id":"https:\/\/www.musikzeitung.ch\/#\/schema\/person\/ea3d7b86bd7157c78c7ddd37f2f82b5b"},"headline":"150 Jahre \u00abMusik &#038; Liturgie\u00bb","datePublished":"2025-11-07T11:10:38+00:00","dateModified":"2025-11-07T11:12:13+00:00","mainEntityOfPage":{"@id":"https:\/\/www.musikzeitung.ch\/news\/2025\/11\/150-jahre-musik-liturgie"},"wordCount":174,"publisher":{"@id":"https:\/\/www.musikzeitung.ch\/#organization"},"image":{"@id":"https:\/\/www.musikzeitung.ch\/news\/2025\/11\/150-jahre-musik-liturgie#primaryimage"},"thumbnailUrl":"https:\/\/www.musikzeitung.ch\/wp-content\/uploads\/2025\/11\/Einsiedeln_Kathedrale_St._Maruritius_Innen_Gewoelbe_ueber_dem_Haus_2.jpg","keywords":["Abt Urban Federer","Martin Hobi","Musik &amp;\u00a0Liturgie","Pater Theo Flury","Schweizerischer Katholischer Kirchenmusikverband SKMV"],"articleSection":["News"],"inLanguage":"it-IT"},{"@type":"WebPage","@id":"https:\/\/www.musikzeitung.ch\/news\/2025\/11\/150-jahre-musik-liturgie","url":"https:\/\/www.musikzeitung.ch\/news\/2025\/11\/150-jahre-musik-liturgie","name":"150 anni di \u00abMusica e liturgia\u00bb - Rivista musicale svizzera","isPartOf":{"@id":"https:\/\/www.musikzeitung.ch\/#website"},"primaryImageOfPage":{"@id":"https:\/\/www.musikzeitung.ch\/news\/2025\/11\/150-jahre-musik-liturgie#primaryimage"},"image":{"@id":"https:\/\/www.musikzeitung.ch\/news\/2025\/11\/150-jahre-musik-liturgie#primaryimage"},"thumbnailUrl":"https:\/\/www.musikzeitung.ch\/wp-content\/uploads\/2025\/11\/Einsiedeln_Kathedrale_St._Maruritius_Innen_Gewoelbe_ueber_dem_Haus_2.jpg","datePublished":"2025-11-07T11:10:38+00:00","dateModified":"2025-11-07T11:12:13+00:00","description":"Nel 2025\/2026 l'Associazione svizzera di musica sacra cattolica SKMV festegger\u00e0 il 150\u00b0 anniversario della sua rivista ufficiale \u00abMusik &amp; Liturgie\u00bb.","breadcrumb":{"@id":"https:\/\/www.musikzeitung.ch\/news\/2025\/11\/150-jahre-musik-liturgie#breadcrumb"},"inLanguage":"it-IT","potentialAction":[{"@type":"ReadAction","target":["https:\/\/www.musikzeitung.ch\/news\/2025\/11\/150-jahre-musik-liturgie"]}]},{"@type":"ImageObject","inLanguage":"it-IT","@id":"https:\/\/www.musikzeitung.ch\/news\/2025\/11\/150-jahre-musik-liturgie#primaryimage","url":"https:\/\/www.musikzeitung.ch\/wp-content\/uploads\/2025\/11\/Einsiedeln_Kathedrale_St._Maruritius_Innen_Gewoelbe_ueber_dem_Haus_2.jpg","contentUrl":"https:\/\/www.musikzeitung.ch\/wp-content\/uploads\/2025\/11\/Einsiedeln_Kathedrale_St._Maruritius_Innen_Gewoelbe_ueber_dem_Haus_2.jpg","width":1280,"height":961},{"@type":"BreadcrumbList","@id":"https:\/\/www.musikzeitung.ch\/news\/2025\/11\/150-jahre-musik-liturgie#breadcrumb","itemListElement":[{"@type":"ListItem","position":1,"name":"Home","item":"https:\/\/www.musikzeitung.ch\/"},{"@type":"ListItem","position":2,"name":"150 Jahre \u00abMusik &#038; Liturgie\u00bb"}]},{"@type":"WebSite","@id":"https:\/\/www.musikzeitung.ch\/#website","url":"https:\/\/www.musikzeitung.ch\/","name":"Giornale musicale svizzero","description":"Il principale mensile interdisciplinare della Svizzera per le questioni musicali.","publisher":{"@id":"https:\/\/www.musikzeitung.ch\/#organization"},"potentialAction":[{"@type":"SearchAction","target":{"@type":"EntryPoint","urlTemplate":"https:\/\/www.musikzeitung.ch\/?s={search_term_string}"},"query-input":{"@type":"PropertyValueSpecification","valueRequired":true,"valueName":"search_term_string"}}],"inLanguage":"it-IT"},{"@type":"Organization","@id":"https:\/\/www.musikzeitung.ch\/#organization","name":"Giornale musicale svizzero","url":"https:\/\/www.musikzeitung.ch\/","logo":{"@type":"ImageObject","inLanguage":"it-IT","@id":"https:\/\/www.musikzeitung.ch\/#\/schema\/logo\/image\/","url":"https:\/\/www.musikzeitung.ch\/wp-content\/uploads\/2023\/01\/SMZ_Schriftzug_Sprache.png","contentUrl":"https:\/\/www.musikzeitung.ch\/wp-content\/uploads\/2023\/01\/SMZ_Schriftzug_Sprache.png","width":1400,"height":279,"caption":"Schweizer Musikzeitung"},"image":{"@id":"https:\/\/www.musikzeitung.ch\/#\/schema\/logo\/image\/"},"sameAs":["https:\/\/www.facebook.com\/SchweizerMusikzeitung\/","https:\/\/x.com\/smusikzeitung","https:\/\/www.instagram.com\/musikzeitung.ch\/"]},{"@type":"Person","@id":"https:\/\/www.musikzeitung.ch\/#\/schema\/person\/ea3d7b86bd7157c78c7ddd37f2f82b5b","name":"pia.schwab","image":{"@type":"ImageObject","inLanguage":"it-IT","@id":"https:\/\/secure.gravatar.com\/avatar\/d39d170de4c2d07e897fbc26cf9d890fc046285c742207b86d8ebabe5fcde2c4?s=96&d=mm&r=g","url":"https:\/\/secure.gravatar.com\/avatar\/d39d170de4c2d07e897fbc26cf9d890fc046285c742207b86d8ebabe5fcde2c4?s=96&d=mm&r=g","contentUrl":"https:\/\/secure.gravatar.com\/avatar\/d39d170de4c2d07e897fbc26cf9d890fc046285c742207b86d8ebabe5fcde2c4?s=96&d=mm&r=g","caption":"pia.schwab"},"url":"https:\/\/www.musikzeitung.ch\/it\/author\/pia-schwab"}]}},"publishpress_future_workflow_manual_trigger":{"enabledWorkflows":[]},"_links":{"self":[{"href":"https:\/\/www.musikzeitung.ch\/it\/wp-json\/wp\/v2\/posts\/68780","targetHints":{"allow":["GET"]}}],"collection":[{"href":"https:\/\/www.musikzeitung.ch\/it\/wp-json\/wp\/v2\/posts"}],"about":[{"href":"https:\/\/www.musikzeitung.ch\/it\/wp-json\/wp\/v2\/types\/post"}],"author":[{"embeddable":true,"href":"https:\/\/www.musikzeitung.ch\/it\/wp-json\/wp\/v2\/users\/29"}],"replies":[{"embeddable":true,"href":"https:\/\/www.musikzeitung.ch\/it\/wp-json\/wp\/v2\/comments?post=68780"}],"version-history":[{"count":3,"href":"https:\/\/www.musikzeitung.ch\/it\/wp-json\/wp\/v2\/posts\/68780\/revisions"}],"predecessor-version":[{"id":68784,"href":"https:\/\/www.musikzeitung.ch\/it\/wp-json\/wp\/v2\/posts\/68780\/revisions\/68784"}],"wp:featuredmedia":[{"embeddable":true,"href":"https:\/\/www.musikzeitung.ch\/it\/wp-json\/wp\/v2\/media\/68781"}],"wp:attachment":[{"href":"https:\/\/www.musikzeitung.ch\/it\/wp-json\/wp\/v2\/media?parent=68780"}],"wp:term":[{"taxonomy":"category","embeddable":true,"href":"https:\/\/www.musikzeitung.ch\/it\/wp-json\/wp\/v2\/categories?post=68780"},{"taxonomy":"post_tag","embeddable":true,"href":"https:\/\/www.musikzeitung.ch\/it\/wp-json\/wp\/v2\/tags?post=68780"}],"curies":[{"name":"wp","href":"https:\/\/api.w.org\/{rel}","templated":true}]}}