{"id":69161,"date":"2025-11-27T09:20:09","date_gmt":"2025-11-27T08:20:09","guid":{"rendered":"https:\/\/www.musikzeitung.ch\/?p=69161"},"modified":"2025-12-08T10:07:32","modified_gmt":"2025-12-08T09:07:32","slug":"50-jahre-vms-jubilaeumsfeier-in-bern","status":"publish","type":"post","link":"https:\/\/www.musikzeitung.ch\/it\/basis\/vms\/2025\/11\/50-jahre-vms-jubilaeumsfeier-in-bern","title":{"rendered":"50 anni di ASSM \u2013 festa dell'anniversario a Berna"},"content":{"rendered":"<figure id=\"attachment_69271\" aria-describedby=\"caption-attachment-69271\" style=\"width: 1400px\" class=\"wp-caption alignnone\"><img loading=\"lazy\" decoding=\"async\" class=\"size-full wp-image-69271\" src=\"https:\/\/www.musikzeitung.ch\/wp-content\/uploads\/2025\/11\/\u00a9RolandJukerFotografie_20250508_39_1098_WEB.jpg\" alt=\"\" width=\"1400\" height=\"934\" srcset=\"https:\/\/www.musikzeitung.ch\/wp-content\/uploads\/2025\/11\/\u00a9RolandJukerFotografie_20250508_39_1098_WEB.jpg 1400w, https:\/\/www.musikzeitung.ch\/wp-content\/uploads\/2025\/11\/\u00a9RolandJukerFotografie_20250508_39_1098_WEB-300x200.jpg 300w, https:\/\/www.musikzeitung.ch\/wp-content\/uploads\/2025\/11\/\u00a9RolandJukerFotografie_20250508_39_1098_WEB-1024x683.jpg 1024w, https:\/\/www.musikzeitung.ch\/wp-content\/uploads\/2025\/11\/\u00a9RolandJukerFotografie_20250508_39_1098_WEB-600x400.jpg 600w, https:\/\/www.musikzeitung.ch\/wp-content\/uploads\/2025\/11\/\u00a9RolandJukerFotografie_20250508_39_1098_WEB-768x512.jpg 768w, https:\/\/www.musikzeitung.ch\/wp-content\/uploads\/2025\/11\/\u00a9RolandJukerFotografie_20250508_39_1098_WEB-1536x1024.jpg 1536w, https:\/\/www.musikzeitung.ch\/wp-content\/uploads\/2025\/11\/\u00a9RolandJukerFotografie_20250508_39_1098_WEB-2048x1366.jpg 2048w, https:\/\/www.musikzeitung.ch\/wp-content\/uploads\/2025\/11\/\u00a9RolandJukerFotografie_20250508_39_1098_WEB-18x12.jpg 18w, https:\/\/www.musikzeitung.ch\/wp-content\/uploads\/2025\/11\/\u00a9RolandJukerFotografie_20250508_39_1098_WEB-262x175.jpg 262w, https:\/\/www.musikzeitung.ch\/wp-content\/uploads\/2025\/11\/\u00a9RolandJukerFotografie_20250508_39_1098_WEB-525x350.jpg 525w, https:\/\/www.musikzeitung.ch\/wp-content\/uploads\/2025\/11\/\u00a9RolandJukerFotografie_20250508_39_1098_WEB-1200x800.jpg 1200w, https:\/\/www.musikzeitung.ch\/wp-content\/uploads\/2025\/11\/\u00a9RolandJukerFotografie_20250508_39_1098_WEB-920x613.jpg 920w\" sizes=\"auto, (max-width: 1400px) 100vw, 1400px\" \/><figcaption id=\"caption-attachment-69271\" class=\"wp-caption-text\">Festa dell'anniversario del Conservatorio di Berna (Foto: Roland Juker)<\/figcaption><\/figure>\n<p class=\"p1\">C'era gi\u00e0 un po' di neve nella citt\u00e0 vecchia di Bern nel tardo pomeriggio mentre stavano arrivando gli ospiti al Conservatorio di Berna. Per entrare nell'atmosfera, all\u2019inizio hanno ascoltato una sintesi delle 100 ore di podcast prodotti nelle scuole di musica di 17 cantoni durante il tour dell\u2019anniversario che ha avuto luogo a settembre. Poi \u00e8 salita sul palco l\u2019Orchestra sinfonica giovanile di Berna (JSO). Musiciste e musicisti di et\u00e0 compresa tra i 13 e i 23 anni, sotto la direzione di Droujelub Yanakiew, hanno aperto l'evento non con una canzone popolare energica, ma molto silenziosamente con accordi scintillanti degli archi e un delicato gioco domanda-risposta dei legni sulla balconata. Un'interpretazione di altissimo livello del <span class=\"s1\">brano \"<\/span><span class=\"s1\">The Unanswered Question\" <\/span>di Charles Ives, per la quale la JSO ha ricevuto molti applausi - e forti complimenti.<\/p>\n<p><img loading=\"lazy\" decoding=\"async\" class=\"alignnone size-full wp-image-69272\" src=\"https:\/\/www.musikzeitung.ch\/wp-content\/uploads\/2025\/11\/\u00a9RolandJukerFotografie_20250508_39_1112_WEB.jpg\" alt=\"\" width=\"2500\" height=\"1667\" srcset=\"https:\/\/www.musikzeitung.ch\/wp-content\/uploads\/2025\/11\/\u00a9RolandJukerFotografie_20250508_39_1112_WEB.jpg 1400w, https:\/\/www.musikzeitung.ch\/wp-content\/uploads\/2025\/11\/\u00a9RolandJukerFotografie_20250508_39_1112_WEB-300x200.jpg 300w, https:\/\/www.musikzeitung.ch\/wp-content\/uploads\/2025\/11\/\u00a9RolandJukerFotografie_20250508_39_1112_WEB-1024x683.jpg 1024w, https:\/\/www.musikzeitung.ch\/wp-content\/uploads\/2025\/11\/\u00a9RolandJukerFotografie_20250508_39_1112_WEB-600x400.jpg 600w, https:\/\/www.musikzeitung.ch\/wp-content\/uploads\/2025\/11\/\u00a9RolandJukerFotografie_20250508_39_1112_WEB-768x512.jpg 768w, https:\/\/www.musikzeitung.ch\/wp-content\/uploads\/2025\/11\/\u00a9RolandJukerFotografie_20250508_39_1112_WEB-1536x1024.jpg 1536w, https:\/\/www.musikzeitung.ch\/wp-content\/uploads\/2025\/11\/\u00a9RolandJukerFotografie_20250508_39_1112_WEB-2048x1366.jpg 2048w, https:\/\/www.musikzeitung.ch\/wp-content\/uploads\/2025\/11\/\u00a9RolandJukerFotografie_20250508_39_1112_WEB-18x12.jpg 18w, https:\/\/www.musikzeitung.ch\/wp-content\/uploads\/2025\/11\/\u00a9RolandJukerFotografie_20250508_39_1112_WEB-262x175.jpg 262w, https:\/\/www.musikzeitung.ch\/wp-content\/uploads\/2025\/11\/\u00a9RolandJukerFotografie_20250508_39_1112_WEB-525x350.jpg 525w, https:\/\/www.musikzeitung.ch\/wp-content\/uploads\/2025\/11\/\u00a9RolandJukerFotografie_20250508_39_1112_WEB-1200x800.jpg 1200w, https:\/\/www.musikzeitung.ch\/wp-content\/uploads\/2025\/11\/\u00a9RolandJukerFotografie_20250508_39_1112_WEB-920x613.jpg 920w\" sizes=\"auto, (max-width: 2500px) 100vw, 2500px\" \/><\/p>\n<p class=\"p1\">Philippe Kr\u00fcttli, presidente dell'Associazione dal 2022, ha accolto i presenti con un sentito ringraziamento, presentando una retrospettiva e una visione futura delle attivit\u00e0 dell\u2019ASSM. In particolare, ha sottolineato il grande impegno delle circa 370 scuole di musica affiliate all\u2019ASSM tramite le associazioni cantonali.<\/p>\n<p class=\"p1\">La Consigliera federale Elisabeth Baume-Schneider ha iniziato il suo discorso con una citazione di Albert Einstein, il quale disse che probabilmente sarebbe diventato musicista se non fosse diventato un fisico, che pensava in musica, che viveva i suoi sogni ad occhi aperti in musica, che vedeva la sua vita come espressione della musica. La Consigliera ha sottolineato che la musica e il suonare o cantare insieme in coro e orchestra favorisce le competenze, e le ha descritte come competenze importanti per il futuro. Ha anche affermato che l\u2019ASSM \u00e8 un partner fondamentale per la Confederazione e che insieme hanno sviluppato i due programmi nazionali: Giovani Talenti Musica e Giovent\u00f9+Musica. \u00abLa musica non \u00e8 un lusso e non deve diventarlo\u00bb (La musique n'est pas un luxe et ne doit pas le devenir). Infine, ha anche ringraziato le scuole di musica e gli insegnanti di musica. Il loro lavoro richiede competenza e passione \u2013 sicuramente i presenti ricordano tutti l\u2019insegnante di musica che ha aperto loro la porta verso il mondo della musica (Nous sommes nombreux \u00e0 nous souvenir des enseignant-e-s qui nous ont ouvert le monde de la musique).\nAnche lei \u00e8 stata molto applaudita per il suo discorso e le domande spontanee ai musicisti della JSO.<\/p>\n<figure id=\"attachment_69269\" aria-describedby=\"caption-attachment-69269\" style=\"width: 667px\" class=\"wp-caption alignnone\"><img loading=\"lazy\" decoding=\"async\" class=\"size-full wp-image-69269\" src=\"https:\/\/www.musikzeitung.ch\/wp-content\/uploads\/2025\/11\/\u00a9RolandJukerFotografie_20250508_39_1140_WEB.jpg\" alt=\"\" width=\"667\" height=\"1000\" srcset=\"https:\/\/www.musikzeitung.ch\/wp-content\/uploads\/2025\/11\/\u00a9RolandJukerFotografie_20250508_39_1140_WEB.jpg 667w, https:\/\/www.musikzeitung.ch\/wp-content\/uploads\/2025\/11\/\u00a9RolandJukerFotografie_20250508_39_1140_WEB-200x300.jpg 200w, https:\/\/www.musikzeitung.ch\/wp-content\/uploads\/2025\/11\/\u00a9RolandJukerFotografie_20250508_39_1140_WEB-683x1024.jpg 683w, https:\/\/www.musikzeitung.ch\/wp-content\/uploads\/2025\/11\/\u00a9RolandJukerFotografie_20250508_39_1140_WEB-768x1152.jpg 768w, https:\/\/www.musikzeitung.ch\/wp-content\/uploads\/2025\/11\/\u00a9RolandJukerFotografie_20250508_39_1140_WEB-1024x1536.jpg 1024w, https:\/\/www.musikzeitung.ch\/wp-content\/uploads\/2025\/11\/\u00a9RolandJukerFotografie_20250508_39_1140_WEB-1366x2048.jpg 1366w, https:\/\/www.musikzeitung.ch\/wp-content\/uploads\/2025\/11\/\u00a9RolandJukerFotografie_20250508_39_1140_WEB-8x12.jpg 8w, https:\/\/www.musikzeitung.ch\/wp-content\/uploads\/2025\/11\/\u00a9RolandJukerFotografie_20250508_39_1140_WEB-117x175.jpg 117w, https:\/\/www.musikzeitung.ch\/wp-content\/uploads\/2025\/11\/\u00a9RolandJukerFotografie_20250508_39_1140_WEB-233x350.jpg 233w, https:\/\/www.musikzeitung.ch\/wp-content\/uploads\/2025\/11\/\u00a9RolandJukerFotografie_20250508_39_1140_WEB-533x800.jpg 533w, https:\/\/www.musikzeitung.ch\/wp-content\/uploads\/2025\/11\/\u00a9RolandJukerFotografie_20250508_39_1140_WEB-920x1380.jpg 920w, https:\/\/www.musikzeitung.ch\/wp-content\/uploads\/2025\/11\/\u00a9RolandJukerFotografie_20250508_39_1140_WEB-1400x2100.jpg 1400w, https:\/\/www.musikzeitung.ch\/wp-content\/uploads\/2025\/11\/\u00a9RolandJukerFotografie_20250508_39_1140_WEB-300x450.jpg 300w\" sizes=\"auto, (max-width: 667px) 100vw, 667px\" \/><figcaption id=\"caption-attachment-69269\" class=\"wp-caption-text\">La Consigliera federale Elisabeth Baume-Schneider a colloquio con i musicisti dell'Orchestra Sinfonica Giovanile (Immagine: Roland Juker)<\/figcaption><\/figure>\n<p class=\"p1\">Yvonne Glur, vicepresidente del Consiglio svizzero della musica, ha affermato nel suo discorso: \u00abL'esistenza delle scuole di musica \u00e8 un valore inestimabile per la societ\u00e0 nel suo complesso. 600.000 dilettanti e professionisti sono riuniti nel Consiglio svizzero della musica, che senza l\u2019ASSM, senza le scuole di musica, sarebbe solo una piccolissima parte\u00bb. Anche Andreas Wegelin, presidente del Concorso svizzero di musica per la giovent\u00f9 e direttore della SUISA, ha ringraziato l\u2019ASSM. Favorire giovani talenti musicali \u00e8 un impegno significativo che l\u2019ASSM e il Concorso svizzero di musica per la giovent\u00f9 hanno in comune. Ha anche evidenziato i pericoli che minacciano la creazione musicale e culturale svizzera: l'intelligenza artificiale, per la quale sono necessarie regole affidabili a livello mondiale affinch\u00e9 la creativit\u00e0 non venga razionalizzata, e l'iniziativa \u00ab200 franchi bastano\u00bb.<\/p>\n<p class=\"p1\">Con tre brani, il quattordicenne Yann Hostettler ha mostrato cosa \u00e8 musicalmente possibile fare con il dulcimer a martelli. Ha suonato un pezzo dei Beatles, degli Appenzeller Bl\u00e4ss e di Yann Tiersen. David Barta di Losanna, appassionato di musica elettronica, ha suonato un brano drum'n'bass e poi ha dato un'occhiata alla sua sessione Ableton, presentando il suo sintetizzatore preferito e spiegando gli effetti applicati alle singole tracce. Anche l'esibizione di un ensemble jazz della Swiss Jazz School Bern \u00e8 stata accolta con entusiasmo: i musicisti hanno suonato due brani modali pieni di energia proprio alla fine.<\/p>\n<p><img loading=\"lazy\" decoding=\"async\" class=\"alignnone size-full wp-image-69270\" src=\"https:\/\/www.musikzeitung.ch\/wp-content\/uploads\/2025\/11\/\u00a9RolandJukerFotografie_20250508_39_1147_WEB.jpg\" alt=\"\" width=\"1400\" height=\"934\" srcset=\"https:\/\/www.musikzeitung.ch\/wp-content\/uploads\/2025\/11\/\u00a9RolandJukerFotografie_20250508_39_1147_WEB.jpg 1400w, https:\/\/www.musikzeitung.ch\/wp-content\/uploads\/2025\/11\/\u00a9RolandJukerFotografie_20250508_39_1147_WEB-300x200.jpg 300w, https:\/\/www.musikzeitung.ch\/wp-content\/uploads\/2025\/11\/\u00a9RolandJukerFotografie_20250508_39_1147_WEB-1024x683.jpg 1024w, https:\/\/www.musikzeitung.ch\/wp-content\/uploads\/2025\/11\/\u00a9RolandJukerFotografie_20250508_39_1147_WEB-600x400.jpg 600w, https:\/\/www.musikzeitung.ch\/wp-content\/uploads\/2025\/11\/\u00a9RolandJukerFotografie_20250508_39_1147_WEB-768x512.jpg 768w, https:\/\/www.musikzeitung.ch\/wp-content\/uploads\/2025\/11\/\u00a9RolandJukerFotografie_20250508_39_1147_WEB-1536x1024.jpg 1536w, https:\/\/www.musikzeitung.ch\/wp-content\/uploads\/2025\/11\/\u00a9RolandJukerFotografie_20250508_39_1147_WEB-2048x1366.jpg 2048w, https:\/\/www.musikzeitung.ch\/wp-content\/uploads\/2025\/11\/\u00a9RolandJukerFotografie_20250508_39_1147_WEB-18x12.jpg 18w, https:\/\/www.musikzeitung.ch\/wp-content\/uploads\/2025\/11\/\u00a9RolandJukerFotografie_20250508_39_1147_WEB-262x175.jpg 262w, https:\/\/www.musikzeitung.ch\/wp-content\/uploads\/2025\/11\/\u00a9RolandJukerFotografie_20250508_39_1147_WEB-525x350.jpg 525w, https:\/\/www.musikzeitung.ch\/wp-content\/uploads\/2025\/11\/\u00a9RolandJukerFotografie_20250508_39_1147_WEB-1200x800.jpg 1200w, https:\/\/www.musikzeitung.ch\/wp-content\/uploads\/2025\/11\/\u00a9RolandJukerFotografie_20250508_39_1147_WEB-920x613.jpg 920w\" sizes=\"auto, (max-width: 1400px) 100vw, 1400px\" \/><\/p>\n<p class=\"p1\">Infine, Eva Crastan, membro del Consiglio direttivo, ha ringraziato le scuole di musica che avevano partecipato al tour dell\u2019anniversario \u2013 erano presenti direttori e direttrici delle scuole di musica di quasi tutti i cantoni partecipanti.<\/p>\n<p class=\"p1\">La serata si \u00e8 conclusa con un ricco aperitivo che ha offerto l\u2019opportunit\u00e0 di ritrovarsi insieme. Gli ospiti provenienti da tutta la Svizzera e dai paesi vicini si sono scambiati idee e hanno brindato insieme. Ai prossimi 50 anni, si \u00e8 detto pi\u00f9 volte \u2013 lo speriamo davvero.<\/p>\n<p><img loading=\"lazy\" decoding=\"async\" class=\"alignnone size-full wp-image-69266\" src=\"https:\/\/www.musikzeitung.ch\/wp-content\/uploads\/2025\/11\/\u00a9RolandJukerFotografie_20250508_39_1223_WEB.jpg\" alt=\"\" width=\"667\" height=\"1000\" srcset=\"https:\/\/www.musikzeitung.ch\/wp-content\/uploads\/2025\/11\/\u00a9RolandJukerFotografie_20250508_39_1223_WEB.jpg 667w, https:\/\/www.musikzeitung.ch\/wp-content\/uploads\/2025\/11\/\u00a9RolandJukerFotografie_20250508_39_1223_WEB-200x300.jpg 200w, https:\/\/www.musikzeitung.ch\/wp-content\/uploads\/2025\/11\/\u00a9RolandJukerFotografie_20250508_39_1223_WEB-683x1024.jpg 683w, https:\/\/www.musikzeitung.ch\/wp-content\/uploads\/2025\/11\/\u00a9RolandJukerFotografie_20250508_39_1223_WEB-768x1152.jpg 768w, https:\/\/www.musikzeitung.ch\/wp-content\/uploads\/2025\/11\/\u00a9RolandJukerFotografie_20250508_39_1223_WEB-1024x1536.jpg 1024w, https:\/\/www.musikzeitung.ch\/wp-content\/uploads\/2025\/11\/\u00a9RolandJukerFotografie_20250508_39_1223_WEB-1366x2048.jpg 1366w, https:\/\/www.musikzeitung.ch\/wp-content\/uploads\/2025\/11\/\u00a9RolandJukerFotografie_20250508_39_1223_WEB-8x12.jpg 8w, https:\/\/www.musikzeitung.ch\/wp-content\/uploads\/2025\/11\/\u00a9RolandJukerFotografie_20250508_39_1223_WEB-117x175.jpg 117w, https:\/\/www.musikzeitung.ch\/wp-content\/uploads\/2025\/11\/\u00a9RolandJukerFotografie_20250508_39_1223_WEB-233x350.jpg 233w, https:\/\/www.musikzeitung.ch\/wp-content\/uploads\/2025\/11\/\u00a9RolandJukerFotografie_20250508_39_1223_WEB-533x800.jpg 533w, https:\/\/www.musikzeitung.ch\/wp-content\/uploads\/2025\/11\/\u00a9RolandJukerFotografie_20250508_39_1223_WEB-920x1380.jpg 920w, https:\/\/www.musikzeitung.ch\/wp-content\/uploads\/2025\/11\/\u00a9RolandJukerFotografie_20250508_39_1223_WEB-1400x2100.jpg 1400w, https:\/\/www.musikzeitung.ch\/wp-content\/uploads\/2025\/11\/\u00a9RolandJukerFotografie_20250508_39_1223_WEB-300x450.jpg 300w\" sizes=\"auto, (max-width: 667px) 100vw, 667px\" \/> <img loading=\"lazy\" decoding=\"async\" class=\"alignnone size-full wp-image-69267\" src=\"https:\/\/www.musikzeitung.ch\/wp-content\/uploads\/2025\/11\/\u00a9RolandJukerFotografie_20250508_39_1242_WEB.jpg\" alt=\"\" width=\"1400\" height=\"934\" srcset=\"https:\/\/www.musikzeitung.ch\/wp-content\/uploads\/2025\/11\/\u00a9RolandJukerFotografie_20250508_39_1242_WEB.jpg 1400w, https:\/\/www.musikzeitung.ch\/wp-content\/uploads\/2025\/11\/\u00a9RolandJukerFotografie_20250508_39_1242_WEB-300x200.jpg 300w, https:\/\/www.musikzeitung.ch\/wp-content\/uploads\/2025\/11\/\u00a9RolandJukerFotografie_20250508_39_1242_WEB-1024x683.jpg 1024w, https:\/\/www.musikzeitung.ch\/wp-content\/uploads\/2025\/11\/\u00a9RolandJukerFotografie_20250508_39_1242_WEB-600x400.jpg 600w, https:\/\/www.musikzeitung.ch\/wp-content\/uploads\/2025\/11\/\u00a9RolandJukerFotografie_20250508_39_1242_WEB-768x512.jpg 768w, https:\/\/www.musikzeitung.ch\/wp-content\/uploads\/2025\/11\/\u00a9RolandJukerFotografie_20250508_39_1242_WEB-1536x1024.jpg 1536w, https:\/\/www.musikzeitung.ch\/wp-content\/uploads\/2025\/11\/\u00a9RolandJukerFotografie_20250508_39_1242_WEB-2048x1366.jpg 2048w, https:\/\/www.musikzeitung.ch\/wp-content\/uploads\/2025\/11\/\u00a9RolandJukerFotografie_20250508_39_1242_WEB-18x12.jpg 18w, https:\/\/www.musikzeitung.ch\/wp-content\/uploads\/2025\/11\/\u00a9RolandJukerFotografie_20250508_39_1242_WEB-262x175.jpg 262w, https:\/\/www.musikzeitung.ch\/wp-content\/uploads\/2025\/11\/\u00a9RolandJukerFotografie_20250508_39_1242_WEB-525x350.jpg 525w, https:\/\/www.musikzeitung.ch\/wp-content\/uploads\/2025\/11\/\u00a9RolandJukerFotografie_20250508_39_1242_WEB-1200x800.jpg 1200w, https:\/\/www.musikzeitung.ch\/wp-content\/uploads\/2025\/11\/\u00a9RolandJukerFotografie_20250508_39_1242_WEB-920x613.jpg 920w\" sizes=\"auto, (max-width: 1400px) 100vw, 1400px\" \/> <img loading=\"lazy\" decoding=\"async\" class=\"alignnone size-full wp-image-69265\" src=\"https:\/\/www.musikzeitung.ch\/wp-content\/uploads\/2025\/11\/\u00a9RolandJukerFotografie_20250508_39_1248_WEB.jpg\" alt=\"\" width=\"667\" height=\"1000\" srcset=\"https:\/\/www.musikzeitung.ch\/wp-content\/uploads\/2025\/11\/\u00a9RolandJukerFotografie_20250508_39_1248_WEB.jpg 667w, https:\/\/www.musikzeitung.ch\/wp-content\/uploads\/2025\/11\/\u00a9RolandJukerFotografie_20250508_39_1248_WEB-200x300.jpg 200w, https:\/\/www.musikzeitung.ch\/wp-content\/uploads\/2025\/11\/\u00a9RolandJukerFotografie_20250508_39_1248_WEB-683x1024.jpg 683w, https:\/\/www.musikzeitung.ch\/wp-content\/uploads\/2025\/11\/\u00a9RolandJukerFotografie_20250508_39_1248_WEB-768x1152.jpg 768w, https:\/\/www.musikzeitung.ch\/wp-content\/uploads\/2025\/11\/\u00a9RolandJukerFotografie_20250508_39_1248_WEB-1024x1536.jpg 1024w, https:\/\/www.musikzeitung.ch\/wp-content\/uploads\/2025\/11\/\u00a9RolandJukerFotografie_20250508_39_1248_WEB-1366x2048.jpg 1366w, https:\/\/www.musikzeitung.ch\/wp-content\/uploads\/2025\/11\/\u00a9RolandJukerFotografie_20250508_39_1248_WEB-8x12.jpg 8w, https:\/\/www.musikzeitung.ch\/wp-content\/uploads\/2025\/11\/\u00a9RolandJukerFotografie_20250508_39_1248_WEB-117x175.jpg 117w, https:\/\/www.musikzeitung.ch\/wp-content\/uploads\/2025\/11\/\u00a9RolandJukerFotografie_20250508_39_1248_WEB-233x350.jpg 233w, https:\/\/www.musikzeitung.ch\/wp-content\/uploads\/2025\/11\/\u00a9RolandJukerFotografie_20250508_39_1248_WEB-533x800.jpg 533w, https:\/\/www.musikzeitung.ch\/wp-content\/uploads\/2025\/11\/\u00a9RolandJukerFotografie_20250508_39_1248_WEB-920x1380.jpg 920w, https:\/\/www.musikzeitung.ch\/wp-content\/uploads\/2025\/11\/\u00a9RolandJukerFotografie_20250508_39_1248_WEB-1400x2100.jpg 1400w, https:\/\/www.musikzeitung.ch\/wp-content\/uploads\/2025\/11\/\u00a9RolandJukerFotografie_20250508_39_1248_WEB-300x450.jpg 300w\" sizes=\"auto, (max-width: 667px) 100vw, 667px\" \/><\/p>","protected":false},"excerpt":{"rendered":"<p>Il 21 novembre, circa 150 ospiti invitati hanno festeggiato l'Associazione svizzera delle scuole di musica. Il discorso della Consigliera federale Elisabeth Baume-Schneider sul valore della musica e sui diversi contributi musicali dei giovani talenti \u00e8 stato tra i momenti salienti della festa.<\/p>","protected":false},"author":43676,"featured_media":0,"comment_status":"closed","ping_status":"closed","sticky":false,"template":"","format":"standard","meta":{"_acf_changed":false,"_relevanssi_hide_post":"","_relevanssi_hide_content":"","_relevanssi_pin_for_all":"","_relevanssi_pin_keywords":"","_relevanssi_unpin_keywords":"","_relevanssi_related_keywords":"","_relevanssi_related_include_ids":"","_relevanssi_related_exclude_ids":"","_relevanssi_related_no_append":"","_relevanssi_related_not_related":"","_relevanssi_related_posts":"","_relevanssi_noindex_reason":"","pgc_sgb_lightbox_settings":"","footnotes":""},"categories":[56],"tags":[],"class_list":["post-69161","post","type-post","status-publish","format-standard","hentry","category-vms"],"acf":[],"yoast_head":"<!-- This site is optimized with the Yoast SEO plugin v27.4 - https:\/\/yoast.com\/product\/yoast-seo-wordpress\/ -->\n<title>50 Jahre VMS \u2013\u00a0Jubil\u00e4umsfeier in Bern - Schweizer Musikzeitung<\/title>\n<meta name=\"robots\" content=\"index, follow, max-snippet:-1, max-image-preview:large, max-video-preview:-1\" \/>\n<link rel=\"canonical\" href=\"https:\/\/www.musikzeitung.ch\/it\/basis\/vms\/2025\/11\/50-jahre-vms-jubilaeumsfeier-in-bern\/\" \/>\n<meta property=\"og:locale\" content=\"it_IT\" \/>\n<meta property=\"og:type\" content=\"article\" \/>\n<meta property=\"og:title\" content=\"50 Jahre VMS \u2013\u00a0Jubil\u00e4umsfeier in Bern - Schweizer Musikzeitung\" \/>\n<meta property=\"og:description\" content=\"Rund 150 geladene G\u00e4ste feierten den Verband Musikschulen Schweiz am 21. November. Die Ansprache von Bundesr\u00e4tin Elisabeth Baume-Schneider \u00fcber den Wert von Musik und die vielf\u00e4ltigen musikalischen Beitr\u00e4ge talentierter Jugendlicher geh\u00f6rten zu den Highlights des Feier.\" \/>\n<meta property=\"og:url\" content=\"https:\/\/www.musikzeitung.ch\/it\/basis\/vms\/2025\/11\/50-jahre-vms-jubilaeumsfeier-in-bern\/\" \/>\n<meta property=\"og:site_name\" content=\"Schweizer Musikzeitung\" \/>\n<meta property=\"article:publisher\" content=\"https:\/\/www.facebook.com\/SchweizerMusikzeitung\/\" \/>\n<meta property=\"article:published_time\" content=\"2025-11-27T08:20:09+00:00\" \/>\n<meta property=\"article:modified_time\" content=\"2025-12-08T09:07:32+00:00\" \/>\n<meta name=\"author\" content=\"Anicia Kohler\" \/>\n<meta name=\"twitter:card\" content=\"summary_large_image\" \/>\n<meta name=\"twitter:creator\" content=\"@smusikzeitung\" \/>\n<meta name=\"twitter:site\" content=\"@smusikzeitung\" \/>\n<meta name=\"twitter:label1\" content=\"Scritto da\" \/>\n\t<meta name=\"twitter:data1\" content=\"Anicia Kohler\" \/>\n\t<meta name=\"twitter:label2\" content=\"Tempo di lettura stimato\" \/>\n\t<meta name=\"twitter:data2\" content=\"5 minuti\" \/>\n<script type=\"application\/ld+json\" class=\"yoast-schema-graph\">{\"@context\":\"https:\\\/\\\/schema.org\",\"@graph\":[{\"@type\":\"Article\",\"@id\":\"https:\\\/\\\/www.musikzeitung.ch\\\/basis\\\/vms\\\/2025\\\/11\\\/50-jahre-vms-jubilaeumsfeier-in-bern#article\",\"isPartOf\":{\"@id\":\"https:\\\/\\\/www.musikzeitung.ch\\\/basis\\\/vms\\\/2025\\\/11\\\/50-jahre-vms-jubilaeumsfeier-in-bern\"},\"author\":{\"name\":\"Anicia Kohler\",\"@id\":\"https:\\\/\\\/www.musikzeitung.ch\\\/#\\\/schema\\\/person\\\/77a5182fc4c5ad7ee28eb3ffe5f1d1d0\"},\"headline\":\"50 Jahre VMS \u2013\u00a0Jubil\u00e4umsfeier in Bern\",\"datePublished\":\"2025-11-27T08:20:09+00:00\",\"dateModified\":\"2025-12-08T09:07:32+00:00\",\"mainEntityOfPage\":{\"@id\":\"https:\\\/\\\/www.musikzeitung.ch\\\/basis\\\/vms\\\/2025\\\/11\\\/50-jahre-vms-jubilaeumsfeier-in-bern\"},\"wordCount\":683,\"publisher\":{\"@id\":\"https:\\\/\\\/www.musikzeitung.ch\\\/#organization\"},\"articleSection\":[\"VMS\"],\"inLanguage\":\"it-IT\"},{\"@type\":\"WebPage\",\"@id\":\"https:\\\/\\\/www.musikzeitung.ch\\\/basis\\\/vms\\\/2025\\\/11\\\/50-jahre-vms-jubilaeumsfeier-in-bern\",\"url\":\"https:\\\/\\\/www.musikzeitung.ch\\\/basis\\\/vms\\\/2025\\\/11\\\/50-jahre-vms-jubilaeumsfeier-in-bern\",\"name\":\"50 Jahre VMS \u2013\u00a0Jubil\u00e4umsfeier in Bern - Schweizer Musikzeitung\",\"isPartOf\":{\"@id\":\"https:\\\/\\\/www.musikzeitung.ch\\\/#website\"},\"datePublished\":\"2025-11-27T08:20:09+00:00\",\"dateModified\":\"2025-12-08T09:07:32+00:00\",\"breadcrumb\":{\"@id\":\"https:\\\/\\\/www.musikzeitung.ch\\\/basis\\\/vms\\\/2025\\\/11\\\/50-jahre-vms-jubilaeumsfeier-in-bern#breadcrumb\"},\"inLanguage\":\"it-IT\",\"potentialAction\":[{\"@type\":\"ReadAction\",\"target\":[\"https:\\\/\\\/www.musikzeitung.ch\\\/basis\\\/vms\\\/2025\\\/11\\\/50-jahre-vms-jubilaeumsfeier-in-bern\"]}]},{\"@type\":\"BreadcrumbList\",\"@id\":\"https:\\\/\\\/www.musikzeitung.ch\\\/basis\\\/vms\\\/2025\\\/11\\\/50-jahre-vms-jubilaeumsfeier-in-bern#breadcrumb\",\"itemListElement\":[{\"@type\":\"ListItem\",\"position\":1,\"name\":\"Home\",\"item\":\"https:\\\/\\\/www.musikzeitung.ch\\\/\"},{\"@type\":\"ListItem\",\"position\":2,\"name\":\"50 Jahre VMS \u2013\u00a0Jubil\u00e4umsfeier in Bern\"}]},{\"@type\":\"WebSite\",\"@id\":\"https:\\\/\\\/www.musikzeitung.ch\\\/#website\",\"url\":\"https:\\\/\\\/www.musikzeitung.ch\\\/\",\"name\":\"Schweizer Musikzeitung\",\"description\":\"Die f\u00fchrende sparten\u00fcbergreifende Monatszeitung in der Schweiz f\u00fcr musikalische Fragen.\",\"publisher\":{\"@id\":\"https:\\\/\\\/www.musikzeitung.ch\\\/#organization\"},\"potentialAction\":[{\"@type\":\"SearchAction\",\"target\":{\"@type\":\"EntryPoint\",\"urlTemplate\":\"https:\\\/\\\/www.musikzeitung.ch\\\/?s={search_term_string}\"},\"query-input\":{\"@type\":\"PropertyValueSpecification\",\"valueRequired\":true,\"valueName\":\"search_term_string\"}}],\"inLanguage\":\"it-IT\"},{\"@type\":\"Organization\",\"@id\":\"https:\\\/\\\/www.musikzeitung.ch\\\/#organization\",\"name\":\"Schweizer Musikzeitung\",\"url\":\"https:\\\/\\\/www.musikzeitung.ch\\\/\",\"logo\":{\"@type\":\"ImageObject\",\"inLanguage\":\"it-IT\",\"@id\":\"https:\\\/\\\/www.musikzeitung.ch\\\/#\\\/schema\\\/logo\\\/image\\\/\",\"url\":\"https:\\\/\\\/www.musikzeitung.ch\\\/wp-content\\\/uploads\\\/2023\\\/01\\\/SMZ_Schriftzug_Sprache.png\",\"contentUrl\":\"https:\\\/\\\/www.musikzeitung.ch\\\/wp-content\\\/uploads\\\/2023\\\/01\\\/SMZ_Schriftzug_Sprache.png\",\"width\":1400,\"height\":279,\"caption\":\"Schweizer Musikzeitung\"},\"image\":{\"@id\":\"https:\\\/\\\/www.musikzeitung.ch\\\/#\\\/schema\\\/logo\\\/image\\\/\"},\"sameAs\":[\"https:\\\/\\\/www.facebook.com\\\/SchweizerMusikzeitung\\\/\",\"https:\\\/\\\/x.com\\\/smusikzeitung\",\"https:\\\/\\\/www.instagram.com\\\/musikzeitung.ch\\\/\"]},{\"@type\":\"Person\",\"@id\":\"https:\\\/\\\/www.musikzeitung.ch\\\/#\\\/schema\\\/person\\\/77a5182fc4c5ad7ee28eb3ffe5f1d1d0\",\"name\":\"Anicia Kohler\",\"image\":{\"@type\":\"ImageObject\",\"inLanguage\":\"it-IT\",\"@id\":\"https:\\\/\\\/secure.gravatar.com\\\/avatar\\\/6ea00b417b00b657b92c811768262d33fd76a3d20dcab3e19ff7f2a1eedf1412?s=96&d=mm&r=g\",\"url\":\"https:\\\/\\\/secure.gravatar.com\\\/avatar\\\/6ea00b417b00b657b92c811768262d33fd76a3d20dcab3e19ff7f2a1eedf1412?s=96&d=mm&r=g\",\"contentUrl\":\"https:\\\/\\\/secure.gravatar.com\\\/avatar\\\/6ea00b417b00b657b92c811768262d33fd76a3d20dcab3e19ff7f2a1eedf1412?s=96&d=mm&r=g\",\"caption\":\"Anicia Kohler\"},\"url\":\"https:\\\/\\\/www.musikzeitung.ch\\\/it\\\/author\\\/anicia-kohler\"}]}<\/script>\n<!-- \/ Yoast SEO plugin. -->","yoast_head_json":{"title":"50 anni di VMS \u2013 Festa di anniversario a Berna - Schweizer Musikzeitung","robots":{"index":"index","follow":"follow","max-snippet":"max-snippet:-1","max-image-preview":"max-image-preview:large","max-video-preview":"max-video-preview:-1"},"canonical":"https:\/\/www.musikzeitung.ch\/it\/basis\/vms\/2025\/11\/50-jahre-vms-jubilaeumsfeier-in-bern\/","og_locale":"it_IT","og_type":"article","og_title":"50 Jahre VMS \u2013\u00a0Jubil\u00e4umsfeier in Bern - Schweizer Musikzeitung","og_description":"Rund 150 geladene G\u00e4ste feierten den Verband Musikschulen Schweiz am 21. November. Die Ansprache von Bundesr\u00e4tin Elisabeth Baume-Schneider \u00fcber den Wert von Musik und die vielf\u00e4ltigen musikalischen Beitr\u00e4ge talentierter Jugendlicher geh\u00f6rten zu den Highlights des Feier.","og_url":"https:\/\/www.musikzeitung.ch\/it\/basis\/vms\/2025\/11\/50-jahre-vms-jubilaeumsfeier-in-bern\/","og_site_name":"Schweizer Musikzeitung","article_publisher":"https:\/\/www.facebook.com\/SchweizerMusikzeitung\/","article_published_time":"2025-11-27T08:20:09+00:00","article_modified_time":"2025-12-08T09:07:32+00:00","author":"Anicia Kohler","twitter_card":"summary_large_image","twitter_creator":"@smusikzeitung","twitter_site":"@smusikzeitung","twitter_misc":{"Scritto da":"Anicia Kohler","Tempo di lettura stimato":"5 minuti"},"schema":{"@context":"https:\/\/schema.org","@graph":[{"@type":"Article","@id":"https:\/\/www.musikzeitung.ch\/basis\/vms\/2025\/11\/50-jahre-vms-jubilaeumsfeier-in-bern#article","isPartOf":{"@id":"https:\/\/www.musikzeitung.ch\/basis\/vms\/2025\/11\/50-jahre-vms-jubilaeumsfeier-in-bern"},"author":{"name":"Anicia Kohler","@id":"https:\/\/www.musikzeitung.ch\/#\/schema\/person\/77a5182fc4c5ad7ee28eb3ffe5f1d1d0"},"headline":"50 Jahre VMS \u2013\u00a0Jubil\u00e4umsfeier in Bern","datePublished":"2025-11-27T08:20:09+00:00","dateModified":"2025-12-08T09:07:32+00:00","mainEntityOfPage":{"@id":"https:\/\/www.musikzeitung.ch\/basis\/vms\/2025\/11\/50-jahre-vms-jubilaeumsfeier-in-bern"},"wordCount":683,"publisher":{"@id":"https:\/\/www.musikzeitung.ch\/#organization"},"articleSection":["VMS"],"inLanguage":"it-IT"},{"@type":"WebPage","@id":"https:\/\/www.musikzeitung.ch\/basis\/vms\/2025\/11\/50-jahre-vms-jubilaeumsfeier-in-bern","url":"https:\/\/www.musikzeitung.ch\/basis\/vms\/2025\/11\/50-jahre-vms-jubilaeumsfeier-in-bern","name":"50 anni di VMS \u2013 Festa di anniversario a Berna - Schweizer Musikzeitung","isPartOf":{"@id":"https:\/\/www.musikzeitung.ch\/#website"},"datePublished":"2025-11-27T08:20:09+00:00","dateModified":"2025-12-08T09:07:32+00:00","breadcrumb":{"@id":"https:\/\/www.musikzeitung.ch\/basis\/vms\/2025\/11\/50-jahre-vms-jubilaeumsfeier-in-bern#breadcrumb"},"inLanguage":"it-IT","potentialAction":[{"@type":"ReadAction","target":["https:\/\/www.musikzeitung.ch\/basis\/vms\/2025\/11\/50-jahre-vms-jubilaeumsfeier-in-bern"]}]},{"@type":"BreadcrumbList","@id":"https:\/\/www.musikzeitung.ch\/basis\/vms\/2025\/11\/50-jahre-vms-jubilaeumsfeier-in-bern#breadcrumb","itemListElement":[{"@type":"ListItem","position":1,"name":"Home","item":"https:\/\/www.musikzeitung.ch\/"},{"@type":"ListItem","position":2,"name":"50 Jahre VMS \u2013\u00a0Jubil\u00e4umsfeier in Bern"}]},{"@type":"WebSite","@id":"https:\/\/www.musikzeitung.ch\/#website","url":"https:\/\/www.musikzeitung.ch\/","name":"Giornale musicale svizzero","description":"Il principale mensile interdisciplinare della Svizzera per le questioni musicali.","publisher":{"@id":"https:\/\/www.musikzeitung.ch\/#organization"},"potentialAction":[{"@type":"SearchAction","target":{"@type":"EntryPoint","urlTemplate":"https:\/\/www.musikzeitung.ch\/?s={search_term_string}"},"query-input":{"@type":"PropertyValueSpecification","valueRequired":true,"valueName":"search_term_string"}}],"inLanguage":"it-IT"},{"@type":"Organization","@id":"https:\/\/www.musikzeitung.ch\/#organization","name":"Giornale musicale svizzero","url":"https:\/\/www.musikzeitung.ch\/","logo":{"@type":"ImageObject","inLanguage":"it-IT","@id":"https:\/\/www.musikzeitung.ch\/#\/schema\/logo\/image\/","url":"https:\/\/www.musikzeitung.ch\/wp-content\/uploads\/2023\/01\/SMZ_Schriftzug_Sprache.png","contentUrl":"https:\/\/www.musikzeitung.ch\/wp-content\/uploads\/2023\/01\/SMZ_Schriftzug_Sprache.png","width":1400,"height":279,"caption":"Schweizer Musikzeitung"},"image":{"@id":"https:\/\/www.musikzeitung.ch\/#\/schema\/logo\/image\/"},"sameAs":["https:\/\/www.facebook.com\/SchweizerMusikzeitung\/","https:\/\/x.com\/smusikzeitung","https:\/\/www.instagram.com\/musikzeitung.ch\/"]},{"@type":"Person","@id":"https:\/\/www.musikzeitung.ch\/#\/schema\/person\/77a5182fc4c5ad7ee28eb3ffe5f1d1d0","name":"Anicia Kohler (trad. Alessia Albertini Meszaros)","image":{"@type":"ImageObject","inLanguage":"it-IT","@id":"https:\/\/secure.gravatar.com\/avatar\/6ea00b417b00b657b92c811768262d33fd76a3d20dcab3e19ff7f2a1eedf1412?s=96&d=mm&r=g","url":"https:\/\/secure.gravatar.com\/avatar\/6ea00b417b00b657b92c811768262d33fd76a3d20dcab3e19ff7f2a1eedf1412?s=96&d=mm&r=g","contentUrl":"https:\/\/secure.gravatar.com\/avatar\/6ea00b417b00b657b92c811768262d33fd76a3d20dcab3e19ff7f2a1eedf1412?s=96&d=mm&r=g","caption":"Anicia Kohler"},"url":"https:\/\/www.musikzeitung.ch\/it\/author\/anicia-kohler"}]}},"publishpress_future_workflow_manual_trigger":{"enabledWorkflows":[]},"_links":{"self":[{"href":"https:\/\/www.musikzeitung.ch\/it\/wp-json\/wp\/v2\/posts\/69161","targetHints":{"allow":["GET"]}}],"collection":[{"href":"https:\/\/www.musikzeitung.ch\/it\/wp-json\/wp\/v2\/posts"}],"about":[{"href":"https:\/\/www.musikzeitung.ch\/it\/wp-json\/wp\/v2\/types\/post"}],"author":[{"embeddable":true,"href":"https:\/\/www.musikzeitung.ch\/it\/wp-json\/wp\/v2\/users\/43676"}],"replies":[{"embeddable":true,"href":"https:\/\/www.musikzeitung.ch\/it\/wp-json\/wp\/v2\/comments?post=69161"}],"version-history":[{"count":7,"href":"https:\/\/www.musikzeitung.ch\/it\/wp-json\/wp\/v2\/posts\/69161\/revisions"}],"predecessor-version":[{"id":69541,"href":"https:\/\/www.musikzeitung.ch\/it\/wp-json\/wp\/v2\/posts\/69161\/revisions\/69541"}],"wp:attachment":[{"href":"https:\/\/www.musikzeitung.ch\/it\/wp-json\/wp\/v2\/media?parent=69161"}],"wp:term":[{"taxonomy":"category","embeddable":true,"href":"https:\/\/www.musikzeitung.ch\/it\/wp-json\/wp\/v2\/categories?post=69161"},{"taxonomy":"post_tag","embeddable":true,"href":"https:\/\/www.musikzeitung.ch\/it\/wp-json\/wp\/v2\/tags?post=69161"}],"curies":[{"name":"wp","href":"https:\/\/api.w.org\/{rel}","templated":true}]}}