{"id":69259,"date":"2025-11-27T19:46:59","date_gmt":"2025-11-27T18:46:59","guid":{"rendered":"https:\/\/www.musikzeitung.ch\/?p=69259"},"modified":"2025-11-28T09:02:59","modified_gmt":"2025-11-28T08:02:59","slug":"zuerich-saxophon-quartett-und-a-delta-trio-gewinnen-orpheus-wettbewerb","status":"publish","type":"post","link":"https:\/\/www.musikzeitung.ch\/it\/news\/2025\/11\/zuerich-saxophon-quartett-und-a-delta-trio-gewinnen-orpheus-wettbewerb","title":{"rendered":"Il Quartetto di sassofoni di Zurigo e il Trio A-Delta vincono il Concorso Orpheus"},"content":{"rendered":"<figure id=\"attachment_69260\" aria-describedby=\"caption-attachment-69260\" style=\"width: 768px\" class=\"wp-caption alignnone\"><img loading=\"lazy\" decoding=\"async\" class=\"size-large wp-image-69260\" src=\"https:\/\/www.musikzeitung.ch\/wp-content\/uploads\/2025\/11\/251127orpheus-1024x702.jpg\" alt=\"\" width=\"768\" height=\"527\" srcset=\"https:\/\/www.musikzeitung.ch\/wp-content\/uploads\/2025\/11\/251127orpheus-1024x702.jpg 1024w, https:\/\/www.musikzeitung.ch\/wp-content\/uploads\/2025\/11\/251127orpheus-300x206.jpg 300w, https:\/\/www.musikzeitung.ch\/wp-content\/uploads\/2025\/11\/251127orpheus-768x527.jpg 768w, https:\/\/www.musikzeitung.ch\/wp-content\/uploads\/2025\/11\/251127orpheus-18x12.jpg 18w, https:\/\/www.musikzeitung.ch\/wp-content\/uploads\/2025\/11\/251127orpheus-255x175.jpg 255w, https:\/\/www.musikzeitung.ch\/wp-content\/uploads\/2025\/11\/251127orpheus-510x350.jpg 510w, https:\/\/www.musikzeitung.ch\/wp-content\/uploads\/2025\/11\/251127orpheus-1166x800.jpg 1166w, https:\/\/www.musikzeitung.ch\/wp-content\/uploads\/2025\/11\/251127orpheus-920x631.jpg 920w, https:\/\/www.musikzeitung.ch\/wp-content\/uploads\/2025\/11\/251127orpheus-1400x960.jpg 1400w, https:\/\/www.musikzeitung.ch\/wp-content\/uploads\/2025\/11\/251127orpheus.jpg 1500w\" sizes=\"auto, (max-width: 768px) 100vw, 768px\" \/><figcaption id=\"caption-attachment-69260\" class=\"wp-caption-text\">Trio A-Delta (Immagine: zVg)<\/figcaption><\/figure>\n<p>Il secondo premio \u00e8 andato al Quartetto Mars dell'Universit\u00e0 delle Arti di Zurigo. L'Ensemble Brisae, con studenti della Haute \u00e9cole de musique di Losanna e delle accademie musicali di Lucerna e Basilea, \u00e8 stato premiato con una sponsorizzazione. Al concorso hanno partecipato in totale 15 ensemble.<\/p>\n<p>I primi tre classificati vinceranno premi di 4000 e 2000 franchi svizzeri. Inoltre, ognuno di loro potr\u00e0 vincere una delle <a href=\"https:\/\/www.nicatideluze.ch\/de\/\" target=\"_blank\" rel=\"noopener\">Fondazione Nicati-de Luce<\/a> commissione di composizione finanziata. Queste tre nuove opere saranno presentate in anteprima al prossimo Festival svizzero di musica da camera di Adelboden (dall'11 al 20 settembre 2026). Gli ensemble riceveranno ulteriore sostegno attraverso un workshop congiunto con i compositori incaricati e l'opportunit\u00e0 di partecipare a una masterclass a Rheinau.<\/p>\n<p>Dal 1974, l'Orfeo <a href=\"https:\/\/www.orpheus-competition.ch\/de\/\" target=\"_blank\" rel=\"noopener\">Concorso svizzero di musica da camera<\/a> Il Premio svizzero di musica premia ogni anno eccellenti ensemble di musica da camera. Finora sono stati sostenuti circa 800 premiati, molti dei quali appartengono oggi all'\u00e9lite svizzera, europea e mondiale.<br \/>\nI concerti dei premiati si svolgono sempre nell'ambito del Festival svizzero di musica da camera di Adelboden. Altri organizzatori includono costantemente gli ensemble vincitori del premio Orpheus nelle loro serie di concerti.<\/p>","protected":false},"excerpt":{"rendered":"<p>Il Quartetto di sassofoni di Zurigo dell'Universit\u00e0 delle Arti di Zurigo (ZHdK) e il Trio A-Delta dell'Universit\u00e0 della Musica di Basilea (FHNW) hanno vinto ex aequo il Concorso svizzero di musica da camera Orpheus 2025. <\/p>","protected":false},"author":30,"featured_media":69260,"comment_status":"closed","ping_status":"closed","sticky":false,"template":"","format":"standard","meta":{"_acf_changed":false,"_relevanssi_hide_post":"","_relevanssi_hide_content":"","_relevanssi_pin_for_all":"","_relevanssi_pin_keywords":"","_relevanssi_unpin_keywords":"","_relevanssi_related_keywords":"","_relevanssi_related_include_ids":"","_relevanssi_related_exclude_ids":"","_relevanssi_related_no_append":"","_relevanssi_related_not_related":"","_relevanssi_related_posts":"","_relevanssi_noindex_reason":"","pgc_sgb_lightbox_settings":"","footnotes":""},"categories":[27],"tags":[5425,3483,5426],"class_list":["post-69259","post","type-post","status-publish","format-standard","has-post-thumbnail","hentry","category-news","tag-a-delta-trio","tag-orpheus-swiss-chamber-music-competition","tag-zuerich-saxophon-quartett"],"acf":[],"yoast_head":"<!-- This site is optimized with the Yoast SEO plugin v27.4 - https:\/\/yoast.com\/product\/yoast-seo-wordpress\/ -->\n<title>Z\u00fcrich Saxophon Quartett und A-Delta Trio gewinnen Orpheus Wettbewerb - Schweizer Musikzeitung<\/title>\n<meta name=\"description\" content=\"Das Z\u00fcrich Saxophon Quartett der ZHdK und das A-Delta Trio der FHNW haben ex aequo die Orpheus Swiss Chamber Music Competition 2025 gewonnen.\" \/>\n<meta name=\"robots\" content=\"index, follow, max-snippet:-1, max-image-preview:large, max-video-preview:-1\" \/>\n<link rel=\"canonical\" href=\"https:\/\/www.musikzeitung.ch\/it\/news\/2025\/11\/zuerich-saxophon-quartett-und-a-delta-trio-gewinnen-orpheus-wettbewerb\/\" \/>\n<meta property=\"og:locale\" content=\"it_IT\" \/>\n<meta property=\"og:type\" content=\"article\" \/>\n<meta property=\"og:title\" content=\"Z\u00fcrich Saxophon Quartett und A-Delta Trio gewinnen Orpheus Wettbewerb - Schweizer Musikzeitung\" \/>\n<meta property=\"og:description\" content=\"Das Z\u00fcrich Saxophon Quartett der ZHdK und das A-Delta Trio der FHNW haben ex aequo die Orpheus Swiss Chamber Music Competition 2025 gewonnen.\" \/>\n<meta property=\"og:url\" content=\"https:\/\/www.musikzeitung.ch\/it\/news\/2025\/11\/zuerich-saxophon-quartett-und-a-delta-trio-gewinnen-orpheus-wettbewerb\/\" \/>\n<meta property=\"og:site_name\" content=\"Schweizer Musikzeitung\" \/>\n<meta property=\"article:publisher\" content=\"https:\/\/www.facebook.com\/SchweizerMusikzeitung\/\" \/>\n<meta property=\"article:author\" content=\"https:\/\/www.facebook.com\/wolfgang.bohler.75\" \/>\n<meta property=\"article:published_time\" content=\"2025-11-27T18:46:59+00:00\" \/>\n<meta property=\"article:modified_time\" content=\"2025-11-28T08:02:59+00:00\" \/>\n<meta property=\"og:image\" content=\"https:\/\/www.musikzeitung.ch\/wp-content\/uploads\/2025\/11\/251127orpheus.jpg\" \/>\n\t<meta property=\"og:image:width\" content=\"1500\" \/>\n\t<meta property=\"og:image:height\" content=\"1029\" \/>\n\t<meta property=\"og:image:type\" content=\"image\/jpeg\" \/>\n<meta name=\"author\" content=\"Wolfgang B\u00f6hler\" \/>\n<meta name=\"twitter:card\" content=\"summary_large_image\" \/>\n<meta name=\"twitter:creator\" content=\"@smusikzeitung\" \/>\n<meta name=\"twitter:site\" content=\"@smusikzeitung\" \/>\n<meta name=\"twitter:label1\" content=\"Scritto da\" \/>\n\t<meta name=\"twitter:data1\" content=\"Wolfgang B\u00f6hler\" \/>\n\t<meta name=\"twitter:label2\" content=\"Tempo di lettura stimato\" \/>\n\t<meta name=\"twitter:data2\" content=\"2 minuti\" \/>\n<script type=\"application\/ld+json\" class=\"yoast-schema-graph\">{\"@context\":\"https:\\\/\\\/schema.org\",\"@graph\":[{\"@type\":\"Article\",\"@id\":\"https:\\\/\\\/www.musikzeitung.ch\\\/news\\\/2025\\\/11\\\/zuerich-saxophon-quartett-und-a-delta-trio-gewinnen-orpheus-wettbewerb#article\",\"isPartOf\":{\"@id\":\"https:\\\/\\\/www.musikzeitung.ch\\\/news\\\/2025\\\/11\\\/zuerich-saxophon-quartett-und-a-delta-trio-gewinnen-orpheus-wettbewerb\"},\"author\":{\"name\":\"Wolfgang B\u00f6hler\",\"@id\":\"https:\\\/\\\/www.musikzeitung.ch\\\/#\\\/schema\\\/person\\\/0da4fb82d243f1252850a35d0e87cf0c\"},\"headline\":\"Z\u00fcrich Saxophon Quartett und A-Delta Trio gewinnen Orpheus Wettbewerb\",\"datePublished\":\"2025-11-27T18:46:59+00:00\",\"dateModified\":\"2025-11-28T08:02:59+00:00\",\"mainEntityOfPage\":{\"@id\":\"https:\\\/\\\/www.musikzeitung.ch\\\/news\\\/2025\\\/11\\\/zuerich-saxophon-quartett-und-a-delta-trio-gewinnen-orpheus-wettbewerb\"},\"wordCount\":184,\"publisher\":{\"@id\":\"https:\\\/\\\/www.musikzeitung.ch\\\/#organization\"},\"image\":{\"@id\":\"https:\\\/\\\/www.musikzeitung.ch\\\/news\\\/2025\\\/11\\\/zuerich-saxophon-quartett-und-a-delta-trio-gewinnen-orpheus-wettbewerb#primaryimage\"},\"thumbnailUrl\":\"https:\\\/\\\/www.musikzeitung.ch\\\/wp-content\\\/uploads\\\/2025\\\/11\\\/251127orpheus.jpg\",\"keywords\":[\"A-Delta Trio\",\"Orpheus Swiss Chamber Music Competition\",\"Z\u00fcrich Saxophon Quartett\"],\"articleSection\":[\"News\"],\"inLanguage\":\"it-IT\"},{\"@type\":\"WebPage\",\"@id\":\"https:\\\/\\\/www.musikzeitung.ch\\\/news\\\/2025\\\/11\\\/zuerich-saxophon-quartett-und-a-delta-trio-gewinnen-orpheus-wettbewerb\",\"url\":\"https:\\\/\\\/www.musikzeitung.ch\\\/news\\\/2025\\\/11\\\/zuerich-saxophon-quartett-und-a-delta-trio-gewinnen-orpheus-wettbewerb\",\"name\":\"Z\u00fcrich Saxophon Quartett und A-Delta Trio gewinnen Orpheus Wettbewerb - Schweizer Musikzeitung\",\"isPartOf\":{\"@id\":\"https:\\\/\\\/www.musikzeitung.ch\\\/#website\"},\"primaryImageOfPage\":{\"@id\":\"https:\\\/\\\/www.musikzeitung.ch\\\/news\\\/2025\\\/11\\\/zuerich-saxophon-quartett-und-a-delta-trio-gewinnen-orpheus-wettbewerb#primaryimage\"},\"image\":{\"@id\":\"https:\\\/\\\/www.musikzeitung.ch\\\/news\\\/2025\\\/11\\\/zuerich-saxophon-quartett-und-a-delta-trio-gewinnen-orpheus-wettbewerb#primaryimage\"},\"thumbnailUrl\":\"https:\\\/\\\/www.musikzeitung.ch\\\/wp-content\\\/uploads\\\/2025\\\/11\\\/251127orpheus.jpg\",\"datePublished\":\"2025-11-27T18:46:59+00:00\",\"dateModified\":\"2025-11-28T08:02:59+00:00\",\"description\":\"Das Z\u00fcrich Saxophon Quartett der ZHdK und das A-Delta Trio der FHNW haben ex aequo die Orpheus Swiss Chamber Music Competition 2025 gewonnen.\",\"breadcrumb\":{\"@id\":\"https:\\\/\\\/www.musikzeitung.ch\\\/news\\\/2025\\\/11\\\/zuerich-saxophon-quartett-und-a-delta-trio-gewinnen-orpheus-wettbewerb#breadcrumb\"},\"inLanguage\":\"it-IT\",\"potentialAction\":[{\"@type\":\"ReadAction\",\"target\":[\"https:\\\/\\\/www.musikzeitung.ch\\\/news\\\/2025\\\/11\\\/zuerich-saxophon-quartett-und-a-delta-trio-gewinnen-orpheus-wettbewerb\"]}]},{\"@type\":\"ImageObject\",\"inLanguage\":\"it-IT\",\"@id\":\"https:\\\/\\\/www.musikzeitung.ch\\\/news\\\/2025\\\/11\\\/zuerich-saxophon-quartett-und-a-delta-trio-gewinnen-orpheus-wettbewerb#primaryimage\",\"url\":\"https:\\\/\\\/www.musikzeitung.ch\\\/wp-content\\\/uploads\\\/2025\\\/11\\\/251127orpheus.jpg\",\"contentUrl\":\"https:\\\/\\\/www.musikzeitung.ch\\\/wp-content\\\/uploads\\\/2025\\\/11\\\/251127orpheus.jpg\",\"width\":1500,\"height\":1029,\"caption\":\"A-Delta Trio (Bild: zVg)\"},{\"@type\":\"BreadcrumbList\",\"@id\":\"https:\\\/\\\/www.musikzeitung.ch\\\/news\\\/2025\\\/11\\\/zuerich-saxophon-quartett-und-a-delta-trio-gewinnen-orpheus-wettbewerb#breadcrumb\",\"itemListElement\":[{\"@type\":\"ListItem\",\"position\":1,\"name\":\"Home\",\"item\":\"https:\\\/\\\/www.musikzeitung.ch\\\/\"},{\"@type\":\"ListItem\",\"position\":2,\"name\":\"Z\u00fcrich Saxophon Quartett und A-Delta Trio gewinnen Orpheus Wettbewerb\"}]},{\"@type\":\"WebSite\",\"@id\":\"https:\\\/\\\/www.musikzeitung.ch\\\/#website\",\"url\":\"https:\\\/\\\/www.musikzeitung.ch\\\/\",\"name\":\"Schweizer Musikzeitung\",\"description\":\"Die f\u00fchrende sparten\u00fcbergreifende Monatszeitung in der Schweiz f\u00fcr musikalische Fragen.\",\"publisher\":{\"@id\":\"https:\\\/\\\/www.musikzeitung.ch\\\/#organization\"},\"potentialAction\":[{\"@type\":\"SearchAction\",\"target\":{\"@type\":\"EntryPoint\",\"urlTemplate\":\"https:\\\/\\\/www.musikzeitung.ch\\\/?s={search_term_string}\"},\"query-input\":{\"@type\":\"PropertyValueSpecification\",\"valueRequired\":true,\"valueName\":\"search_term_string\"}}],\"inLanguage\":\"it-IT\"},{\"@type\":\"Organization\",\"@id\":\"https:\\\/\\\/www.musikzeitung.ch\\\/#organization\",\"name\":\"Schweizer Musikzeitung\",\"url\":\"https:\\\/\\\/www.musikzeitung.ch\\\/\",\"logo\":{\"@type\":\"ImageObject\",\"inLanguage\":\"it-IT\",\"@id\":\"https:\\\/\\\/www.musikzeitung.ch\\\/#\\\/schema\\\/logo\\\/image\\\/\",\"url\":\"https:\\\/\\\/www.musikzeitung.ch\\\/wp-content\\\/uploads\\\/2023\\\/01\\\/SMZ_Schriftzug_Sprache.png\",\"contentUrl\":\"https:\\\/\\\/www.musikzeitung.ch\\\/wp-content\\\/uploads\\\/2023\\\/01\\\/SMZ_Schriftzug_Sprache.png\",\"width\":1400,\"height\":279,\"caption\":\"Schweizer Musikzeitung\"},\"image\":{\"@id\":\"https:\\\/\\\/www.musikzeitung.ch\\\/#\\\/schema\\\/logo\\\/image\\\/\"},\"sameAs\":[\"https:\\\/\\\/www.facebook.com\\\/SchweizerMusikzeitung\\\/\",\"https:\\\/\\\/x.com\\\/smusikzeitung\",\"https:\\\/\\\/www.instagram.com\\\/musikzeitung.ch\\\/\"]},{\"@type\":\"Person\",\"@id\":\"https:\\\/\\\/www.musikzeitung.ch\\\/#\\\/schema\\\/person\\\/0da4fb82d243f1252850a35d0e87cf0c\",\"name\":\"Wolfgang B\u00f6hler\",\"image\":{\"@type\":\"ImageObject\",\"inLanguage\":\"it-IT\",\"@id\":\"https:\\\/\\\/www.musikzeitung.ch\\\/wp-content\\\/uploads\\\/2023\\\/01\\\/boehler_portraet_web-e1674139782246-96x96.jpg\",\"url\":\"https:\\\/\\\/www.musikzeitung.ch\\\/wp-content\\\/uploads\\\/2023\\\/01\\\/boehler_portraet_web-e1674139782246-96x96.jpg\",\"contentUrl\":\"https:\\\/\\\/www.musikzeitung.ch\\\/wp-content\\\/uploads\\\/2023\\\/01\\\/boehler_portraet_web-e1674139782246-96x96.jpg\",\"caption\":\"Wolfgang B\u00f6hler\"},\"sameAs\":[\"http:\\\/\\\/www.manacanto.ch\",\"https:\\\/\\\/www.facebook.com\\\/wolfgang.bohler.75\"],\"url\":\"https:\\\/\\\/www.musikzeitung.ch\\\/it\\\/author\\\/wolfgang-boehler\"}]}<\/script>\n<!-- \/ Yoast SEO plugin. -->","yoast_head_json":{"title":"Il Quartetto di sassofoni di Zurigo e il Trio A-Delta vincono il concorso Orpheus - Rivista musicale svizzera","description":"Il Quartetto di sassofoni di Zurigo della ZHdK e il Trio A-Delta della FHNW hanno vinto ex aequo l'Orpheus Swiss Chamber Music Competition 2025.","robots":{"index":"index","follow":"follow","max-snippet":"max-snippet:-1","max-image-preview":"max-image-preview:large","max-video-preview":"max-video-preview:-1"},"canonical":"https:\/\/www.musikzeitung.ch\/it\/news\/2025\/11\/zuerich-saxophon-quartett-und-a-delta-trio-gewinnen-orpheus-wettbewerb\/","og_locale":"it_IT","og_type":"article","og_title":"Z\u00fcrich Saxophon Quartett und A-Delta Trio gewinnen Orpheus Wettbewerb - Schweizer Musikzeitung","og_description":"Das Z\u00fcrich Saxophon Quartett der ZHdK und das A-Delta Trio der FHNW haben ex aequo die Orpheus Swiss Chamber Music Competition 2025 gewonnen.","og_url":"https:\/\/www.musikzeitung.ch\/it\/news\/2025\/11\/zuerich-saxophon-quartett-und-a-delta-trio-gewinnen-orpheus-wettbewerb\/","og_site_name":"Schweizer Musikzeitung","article_publisher":"https:\/\/www.facebook.com\/SchweizerMusikzeitung\/","article_author":"https:\/\/www.facebook.com\/wolfgang.bohler.75","article_published_time":"2025-11-27T18:46:59+00:00","article_modified_time":"2025-11-28T08:02:59+00:00","og_image":[{"width":1500,"height":1029,"url":"https:\/\/www.musikzeitung.ch\/wp-content\/uploads\/2025\/11\/251127orpheus.jpg","type":"image\/jpeg"}],"author":"Wolfgang B\u00f6hler","twitter_card":"summary_large_image","twitter_creator":"@smusikzeitung","twitter_site":"@smusikzeitung","twitter_misc":{"Scritto da":"Wolfgang B\u00f6hler","Tempo di lettura stimato":"2 minuti"},"schema":{"@context":"https:\/\/schema.org","@graph":[{"@type":"Article","@id":"https:\/\/www.musikzeitung.ch\/news\/2025\/11\/zuerich-saxophon-quartett-und-a-delta-trio-gewinnen-orpheus-wettbewerb#article","isPartOf":{"@id":"https:\/\/www.musikzeitung.ch\/news\/2025\/11\/zuerich-saxophon-quartett-und-a-delta-trio-gewinnen-orpheus-wettbewerb"},"author":{"name":"Wolfgang B\u00f6hler","@id":"https:\/\/www.musikzeitung.ch\/#\/schema\/person\/0da4fb82d243f1252850a35d0e87cf0c"},"headline":"Z\u00fcrich Saxophon Quartett und A-Delta Trio gewinnen Orpheus Wettbewerb","datePublished":"2025-11-27T18:46:59+00:00","dateModified":"2025-11-28T08:02:59+00:00","mainEntityOfPage":{"@id":"https:\/\/www.musikzeitung.ch\/news\/2025\/11\/zuerich-saxophon-quartett-und-a-delta-trio-gewinnen-orpheus-wettbewerb"},"wordCount":184,"publisher":{"@id":"https:\/\/www.musikzeitung.ch\/#organization"},"image":{"@id":"https:\/\/www.musikzeitung.ch\/news\/2025\/11\/zuerich-saxophon-quartett-und-a-delta-trio-gewinnen-orpheus-wettbewerb#primaryimage"},"thumbnailUrl":"https:\/\/www.musikzeitung.ch\/wp-content\/uploads\/2025\/11\/251127orpheus.jpg","keywords":["A-Delta Trio","Orpheus Swiss Chamber Music Competition","Z\u00fcrich Saxophon Quartett"],"articleSection":["News"],"inLanguage":"it-IT"},{"@type":"WebPage","@id":"https:\/\/www.musikzeitung.ch\/news\/2025\/11\/zuerich-saxophon-quartett-und-a-delta-trio-gewinnen-orpheus-wettbewerb","url":"https:\/\/www.musikzeitung.ch\/news\/2025\/11\/zuerich-saxophon-quartett-und-a-delta-trio-gewinnen-orpheus-wettbewerb","name":"Il Quartetto di sassofoni di Zurigo e il Trio A-Delta vincono il concorso Orpheus - Rivista musicale svizzera","isPartOf":{"@id":"https:\/\/www.musikzeitung.ch\/#website"},"primaryImageOfPage":{"@id":"https:\/\/www.musikzeitung.ch\/news\/2025\/11\/zuerich-saxophon-quartett-und-a-delta-trio-gewinnen-orpheus-wettbewerb#primaryimage"},"image":{"@id":"https:\/\/www.musikzeitung.ch\/news\/2025\/11\/zuerich-saxophon-quartett-und-a-delta-trio-gewinnen-orpheus-wettbewerb#primaryimage"},"thumbnailUrl":"https:\/\/www.musikzeitung.ch\/wp-content\/uploads\/2025\/11\/251127orpheus.jpg","datePublished":"2025-11-27T18:46:59+00:00","dateModified":"2025-11-28T08:02:59+00:00","description":"Il Quartetto di sassofoni di Zurigo della ZHdK e il Trio A-Delta della FHNW hanno vinto ex aequo l'Orpheus Swiss Chamber Music Competition 2025.","breadcrumb":{"@id":"https:\/\/www.musikzeitung.ch\/news\/2025\/11\/zuerich-saxophon-quartett-und-a-delta-trio-gewinnen-orpheus-wettbewerb#breadcrumb"},"inLanguage":"it-IT","potentialAction":[{"@type":"ReadAction","target":["https:\/\/www.musikzeitung.ch\/news\/2025\/11\/zuerich-saxophon-quartett-und-a-delta-trio-gewinnen-orpheus-wettbewerb"]}]},{"@type":"ImageObject","inLanguage":"it-IT","@id":"https:\/\/www.musikzeitung.ch\/news\/2025\/11\/zuerich-saxophon-quartett-und-a-delta-trio-gewinnen-orpheus-wettbewerb#primaryimage","url":"https:\/\/www.musikzeitung.ch\/wp-content\/uploads\/2025\/11\/251127orpheus.jpg","contentUrl":"https:\/\/www.musikzeitung.ch\/wp-content\/uploads\/2025\/11\/251127orpheus.jpg","width":1500,"height":1029,"caption":"A-Delta Trio (Bild: zVg)"},{"@type":"BreadcrumbList","@id":"https:\/\/www.musikzeitung.ch\/news\/2025\/11\/zuerich-saxophon-quartett-und-a-delta-trio-gewinnen-orpheus-wettbewerb#breadcrumb","itemListElement":[{"@type":"ListItem","position":1,"name":"Home","item":"https:\/\/www.musikzeitung.ch\/"},{"@type":"ListItem","position":2,"name":"Z\u00fcrich Saxophon Quartett und A-Delta Trio gewinnen Orpheus Wettbewerb"}]},{"@type":"WebSite","@id":"https:\/\/www.musikzeitung.ch\/#website","url":"https:\/\/www.musikzeitung.ch\/","name":"Giornale musicale svizzero","description":"Il principale mensile interdisciplinare della Svizzera per le questioni musicali.","publisher":{"@id":"https:\/\/www.musikzeitung.ch\/#organization"},"potentialAction":[{"@type":"SearchAction","target":{"@type":"EntryPoint","urlTemplate":"https:\/\/www.musikzeitung.ch\/?s={search_term_string}"},"query-input":{"@type":"PropertyValueSpecification","valueRequired":true,"valueName":"search_term_string"}}],"inLanguage":"it-IT"},{"@type":"Organization","@id":"https:\/\/www.musikzeitung.ch\/#organization","name":"Giornale musicale svizzero","url":"https:\/\/www.musikzeitung.ch\/","logo":{"@type":"ImageObject","inLanguage":"it-IT","@id":"https:\/\/www.musikzeitung.ch\/#\/schema\/logo\/image\/","url":"https:\/\/www.musikzeitung.ch\/wp-content\/uploads\/2023\/01\/SMZ_Schriftzug_Sprache.png","contentUrl":"https:\/\/www.musikzeitung.ch\/wp-content\/uploads\/2023\/01\/SMZ_Schriftzug_Sprache.png","width":1400,"height":279,"caption":"Schweizer Musikzeitung"},"image":{"@id":"https:\/\/www.musikzeitung.ch\/#\/schema\/logo\/image\/"},"sameAs":["https:\/\/www.facebook.com\/SchweizerMusikzeitung\/","https:\/\/x.com\/smusikzeitung","https:\/\/www.instagram.com\/musikzeitung.ch\/"]},{"@type":"Person","@id":"https:\/\/www.musikzeitung.ch\/#\/schema\/person\/0da4fb82d243f1252850a35d0e87cf0c","name":"Wolfgang B\u00f6hler","image":{"@type":"ImageObject","inLanguage":"it-IT","@id":"https:\/\/www.musikzeitung.ch\/wp-content\/uploads\/2023\/01\/boehler_portraet_web-e1674139782246-96x96.jpg","url":"https:\/\/www.musikzeitung.ch\/wp-content\/uploads\/2023\/01\/boehler_portraet_web-e1674139782246-96x96.jpg","contentUrl":"https:\/\/www.musikzeitung.ch\/wp-content\/uploads\/2023\/01\/boehler_portraet_web-e1674139782246-96x96.jpg","caption":"Wolfgang B\u00f6hler"},"sameAs":["http:\/\/www.manacanto.ch","https:\/\/www.facebook.com\/wolfgang.bohler.75"],"url":"https:\/\/www.musikzeitung.ch\/it\/author\/wolfgang-boehler"}]}},"publishpress_future_workflow_manual_trigger":{"enabledWorkflows":[]},"_links":{"self":[{"href":"https:\/\/www.musikzeitung.ch\/it\/wp-json\/wp\/v2\/posts\/69259","targetHints":{"allow":["GET"]}}],"collection":[{"href":"https:\/\/www.musikzeitung.ch\/it\/wp-json\/wp\/v2\/posts"}],"about":[{"href":"https:\/\/www.musikzeitung.ch\/it\/wp-json\/wp\/v2\/types\/post"}],"author":[{"embeddable":true,"href":"https:\/\/www.musikzeitung.ch\/it\/wp-json\/wp\/v2\/users\/30"}],"replies":[{"embeddable":true,"href":"https:\/\/www.musikzeitung.ch\/it\/wp-json\/wp\/v2\/comments?post=69259"}],"version-history":[{"count":3,"href":"https:\/\/www.musikzeitung.ch\/it\/wp-json\/wp\/v2\/posts\/69259\/revisions"}],"predecessor-version":[{"id":69406,"href":"https:\/\/www.musikzeitung.ch\/it\/wp-json\/wp\/v2\/posts\/69259\/revisions\/69406"}],"wp:featuredmedia":[{"embeddable":true,"href":"https:\/\/www.musikzeitung.ch\/it\/wp-json\/wp\/v2\/media\/69260"}],"wp:attachment":[{"href":"https:\/\/www.musikzeitung.ch\/it\/wp-json\/wp\/v2\/media?parent=69259"}],"wp:term":[{"taxonomy":"category","embeddable":true,"href":"https:\/\/www.musikzeitung.ch\/it\/wp-json\/wp\/v2\/categories?post=69259"},{"taxonomy":"post_tag","embeddable":true,"href":"https:\/\/www.musikzeitung.ch\/it\/wp-json\/wp\/v2\/tags?post=69259"}],"curies":[{"name":"wp","href":"https:\/\/api.w.org\/{rel}","templated":true}]}}