{"id":69432,"date":"2025-12-05T13:59:49","date_gmt":"2025-12-05T12:59:49","guid":{"rendered":"https:\/\/www.musikzeitung.ch\/?p=69432"},"modified":"2025-11-28T14:24:15","modified_gmt":"2025-11-28T13:24:15","slug":"romantischer-barock","status":"publish","type":"post","link":"https:\/\/www.musikzeitung.ch\/it\/rezensionen\/noten-rezensionen\/2025\/12\/romantischer-barock","title":{"rendered":"Barocco romantico"},"content":{"rendered":"<figure id=\"attachment_69434\" aria-describedby=\"caption-attachment-69434\" style=\"width: 1358px\" class=\"wp-caption alignnone\"><img loading=\"lazy\" decoding=\"async\" class=\"wp-image-69434 size-full\" src=\"https:\/\/www.musikzeitung.ch\/wp-content\/uploads\/2025\/11\/Grieg.jpg\" alt=\"\" width=\"1358\" height=\"1007\" srcset=\"https:\/\/www.musikzeitung.ch\/wp-content\/uploads\/2025\/11\/Grieg.jpg 1349w, https:\/\/www.musikzeitung.ch\/wp-content\/uploads\/2025\/11\/Grieg-300x222.jpg 300w, https:\/\/www.musikzeitung.ch\/wp-content\/uploads\/2025\/11\/Grieg-1024x759.jpg 1024w, https:\/\/www.musikzeitung.ch\/wp-content\/uploads\/2025\/11\/Grieg-768x569.jpg 768w, https:\/\/www.musikzeitung.ch\/wp-content\/uploads\/2025\/11\/Grieg-16x12.jpg 16w, https:\/\/www.musikzeitung.ch\/wp-content\/uploads\/2025\/11\/Grieg-236x175.jpg 236w, https:\/\/www.musikzeitung.ch\/wp-content\/uploads\/2025\/11\/Grieg-472x350.jpg 472w, https:\/\/www.musikzeitung.ch\/wp-content\/uploads\/2025\/11\/Grieg-1079x800.jpg 1079w, https:\/\/www.musikzeitung.ch\/wp-content\/uploads\/2025\/11\/Grieg-920x682.jpg 920w\" sizes=\"auto, (max-width: 1358px) 100vw, 1358px\" \/><figcaption id=\"caption-attachment-69434\" class=\"wp-caption-text\">Edvard Grieg. Immagine di Erik Werenskiold (montaggio). <a href=\"https:\/\/artvee.com\/dl\/edvard-grieg-composer#00\" target=\"_blank\" rel=\"noopener\">Artvee<\/a><\/figcaption><\/figure>\n<p>Suite di Grieg <em>Dal tempo di Holberg<\/em> \u00e8 uno dei pilastri del repertorio per orchestra d'archi. Tuttavia, affinch\u00e9 il ritmo incalzante del primo movimento, le belle cantilene nelle parti multiple divise dei movimenti centrali e il rigaudon virtuoso degli assoli siano adeguatamente enfatizzati, sono necessari interpreti di alto livello. Per me, questa suite \u00e8 un pezzo per orchestre da camera professionali, o al massimo semi-professionali. E una meravigliosa introduzione alla musica per giovani ambiziosi suonatori d'archi!<\/p>\n<p>A maggior ragione mi rallegro della pubblicazione di questa nuova edizione di Henle, che offre tutti i comfort oggi indispensabili: Numeri di battuta nella partitura e in tutte le parti, carta di grande formato in qualit\u00e0 spessa, parti in 3\/3\/2\/2\/1, notazione musicale chiara e una paginazione adatta all'esecuzione. Se viaggiate in digitale, potete acquistare la partitura e le parti anche nell'app Henle.<\/p>\n<h3>Prima per pianoforte, poi per orchestra d'archi<\/h3>\n<p>Edvard Grieg compose la suite nel 1884 in occasione del 200\u00b0 compleanno del polimatico e poeta norvegese Ludvig Holberg (1684-1754), che egli defin\u00ec anche il \"Moli\u00e8re del Nord\". La versione per orchestra d'archi \u00e8 stata preceduta da quella per pianoforte a due mani (anch'essa disponibile presso Henle, HN 432). Oggi \u00e8 meno conosciuta dell'arrangiamento per orchestra d'archi completato dal compositore nel febbraio 1885. Sembra che Edvard Grieg avesse gi\u00e0 in mente il suono degli archi quando compose l'opera per pianoforte. Il quarto movimento <em>\"<\/em>Aria<em>\"<\/em> \u00e8 uno dei pi\u00f9 bei pezzi per archi, musica per l'isola deserta!<\/p>\n<p>L'editore Ernst-G\u00fcnter Heinemann cita come fonti essenziali le prime edizioni della partitura e delle parti pubblicate da Peters a Lipsia (1886) con le annotazioni autografe del compositore. Grieg stesso diresse la prima a Bergen il 13 marzo 1885 (da parti manoscritte). L'autografo, che in seguito serv\u00ec come modello di incisione per l'editore, \u00e8 purtroppo andato perduto. Le arcate e le diteggiature occasionali, inserite nelle parti, erano probabilmente gi\u00e0 presenti e corrispondono interamente alle idee dell'autore. Sono stati inclusi in questa edizione Henle. Ma - non preoccupatevi - sono poche e tutte buone!<\/p>\n<h3>Grieg non pu\u00f2 negare se stesso<\/h3>\n<p>Se il <em>Suite Holberg<\/em> Anche se si tratta di un barocco \"romantico\", che ha poco in comune con la conoscenza odierna della pratica musicale storicamente informata, \u00e8 comunque un prezioso documento contemporaneo della ricezione della musica barocca ai tempi di Grieg. L'opera ci permette di prendere atto con un sorriso di come il suo creatore romantico rimanga sempre riconoscibile attraverso l'idioma barocco, nonostante la sua osservazione in una lettera a Julius R\u00f6ntgen del 1884: \"In realt\u00e0 \u00e8 un buon esercizio, come eccezione, nascondere la propria personalit\u00e0\".<img loading=\"lazy\" decoding=\"async\" class=\"aligncenter wp-image-69433 size-medium\" src=\"https:\/\/www.musikzeitung.ch\/wp-content\/uploads\/2025\/11\/11_12_crit_note_Lehmann-235x300.jpg\" alt=\"\" width=\"235\" height=\"300\" srcset=\"https:\/\/www.musikzeitung.ch\/wp-content\/uploads\/2025\/11\/11_12_crit_note_Lehmann-235x300.jpg 235w, https:\/\/www.musikzeitung.ch\/wp-content\/uploads\/2025\/11\/11_12_crit_note_Lehmann-9x12.jpg 9w, https:\/\/www.musikzeitung.ch\/wp-content\/uploads\/2025\/11\/11_12_crit_note_Lehmann-137x175.jpg 137w, https:\/\/www.musikzeitung.ch\/wp-content\/uploads\/2025\/11\/11_12_crit_note_Lehmann-275x350.jpg 275w, https:\/\/www.musikzeitung.ch\/wp-content\/uploads\/2025\/11\/11_12_crit_note_Lehmann-300x383.jpg 300w, https:\/\/www.musikzeitung.ch\/wp-content\/uploads\/2025\/11\/11_12_crit_note_Lehmann.jpg 600w\" sizes=\"auto, (max-width: 235px) 100vw, 235px\" \/><\/p>\n<p><em>Edvard Grieg: Dal tempo di Holberg. Suite nel vecchio stile op. 40, versione per orchestra d'archi, a cura di Ernst-G\u00fcnter Heinemann; partitura, HN 3320, \u20ac 22,00; set di parti, HN 3322, \u20ac 45,00; partitura di studio, HN 7012, \u20ac 10,00; G. Henle, Monaco di Baviera<\/em><\/p>\n<p>&nbsp;<\/p>\n<p>&nbsp;<\/p>","protected":false},"excerpt":{"rendered":"<p>Edvard Grieg pensava di nascondere la sua personalit\u00e0 nella \"Holberg Suite\", ma la sua scrittura rimane sempre riconoscibile in questa importante opera per orchestra d'archi. <\/p>","protected":false},"author":29,"featured_media":69434,"comment_status":"closed","ping_status":"closed","sticky":false,"template":"","format":"standard","meta":{"_acf_changed":false,"_relevanssi_hide_post":"","_relevanssi_hide_content":"","_relevanssi_pin_for_all":"","_relevanssi_pin_keywords":"","_relevanssi_unpin_keywords":"","_relevanssi_related_keywords":"","_relevanssi_related_include_ids":"","_relevanssi_related_exclude_ids":"","_relevanssi_related_no_append":"","_relevanssi_related_not_related":"","_relevanssi_related_posts":"","_relevanssi_noindex_reason":"","pgc_sgb_lightbox_settings":"","footnotes":""},"categories":[1316,29],"tags":[5442,5443,1662],"class_list":["post-69432","post","type-post","status-publish","format-standard","has-post-thumbnail","hentry","category-noten-rezensionen","category-rezensionen","tag-edvard-grieg","tag-holberg-suite","tag-streichorchester"],"acf":[],"yoast_head":"<!-- This site is optimized with the Yoast SEO plugin v27.5 - https:\/\/yoast.com\/product\/yoast-seo-wordpress\/ -->\n<title>Romantischer Barock - Schweizer Musikzeitung<\/title>\n<meta name=\"description\" content=\"In der \u00abHolberg-Suite\u00bb, einem der wichtigsten Werke f\u00fcr Streichorchester, bem\u00fcht sich Edvard Grieg um ein barockes Idiom.\" \/>\n<meta name=\"robots\" content=\"index, follow, max-snippet:-1, max-image-preview:large, max-video-preview:-1\" \/>\n<link rel=\"canonical\" href=\"https:\/\/www.musikzeitung.ch\/it\/rezensionen\/noten-rezensionen\/2025\/12\/romantischer-barock\/\" \/>\n<meta property=\"og:locale\" content=\"it_IT\" \/>\n<meta property=\"og:type\" content=\"article\" \/>\n<meta property=\"og:title\" content=\"Romantischer Barock - Schweizer Musikzeitung\" \/>\n<meta property=\"og:description\" content=\"In der \u00abHolberg-Suite\u00bb, einem der wichtigsten Werke f\u00fcr Streichorchester, bem\u00fcht sich Edvard Grieg um ein barockes Idiom.\" \/>\n<meta property=\"og:url\" content=\"https:\/\/www.musikzeitung.ch\/it\/rezensionen\/noten-rezensionen\/2025\/12\/romantischer-barock\/\" \/>\n<meta property=\"og:site_name\" content=\"Schweizer Musikzeitung\" \/>\n<meta property=\"article:publisher\" content=\"https:\/\/www.facebook.com\/SchweizerMusikzeitung\/\" \/>\n<meta property=\"article:published_time\" content=\"2025-12-05T12:59:49+00:00\" \/>\n<meta property=\"og:image\" content=\"https:\/\/www.musikzeitung.ch\/wp-content\/uploads\/2025\/11\/Grieg.jpg\" \/>\n\t<meta property=\"og:image:width\" content=\"1349\" \/>\n\t<meta property=\"og:image:height\" content=\"1000\" \/>\n\t<meta property=\"og:image:type\" content=\"image\/jpeg\" \/>\n<meta name=\"author\" content=\"pia.schwab\" \/>\n<meta name=\"twitter:card\" content=\"summary_large_image\" \/>\n<meta name=\"twitter:creator\" content=\"@smusikzeitung\" \/>\n<meta name=\"twitter:site\" content=\"@smusikzeitung\" \/>\n<meta name=\"twitter:label1\" content=\"Scritto da\" \/>\n\t<meta name=\"twitter:data1\" content=\"pia.schwab\" \/>\n\t<meta name=\"twitter:label2\" content=\"Tempo di lettura stimato\" \/>\n\t<meta name=\"twitter:data2\" content=\"4 minuti\" \/>\n<script type=\"application\/ld+json\" class=\"yoast-schema-graph\">{\"@context\":\"https:\\\/\\\/schema.org\",\"@graph\":[{\"@type\":\"Article\",\"@id\":\"https:\\\/\\\/www.musikzeitung.ch\\\/rezensionen\\\/noten-rezensionen\\\/2025\\\/12\\\/romantischer-barock#article\",\"isPartOf\":{\"@id\":\"https:\\\/\\\/www.musikzeitung.ch\\\/rezensionen\\\/noten-rezensionen\\\/2025\\\/12\\\/romantischer-barock\"},\"author\":{\"name\":\"pia.schwab\",\"@id\":\"https:\\\/\\\/www.musikzeitung.ch\\\/#\\\/schema\\\/person\\\/ea3d7b86bd7157c78c7ddd37f2f82b5b\"},\"headline\":\"Romantischer Barock\",\"datePublished\":\"2025-12-05T12:59:49+00:00\",\"mainEntityOfPage\":{\"@id\":\"https:\\\/\\\/www.musikzeitung.ch\\\/rezensionen\\\/noten-rezensionen\\\/2025\\\/12\\\/romantischer-barock\"},\"wordCount\":468,\"publisher\":{\"@id\":\"https:\\\/\\\/www.musikzeitung.ch\\\/#organization\"},\"image\":{\"@id\":\"https:\\\/\\\/www.musikzeitung.ch\\\/rezensionen\\\/noten-rezensionen\\\/2025\\\/12\\\/romantischer-barock#primaryimage\"},\"thumbnailUrl\":\"https:\\\/\\\/www.musikzeitung.ch\\\/wp-content\\\/uploads\\\/2025\\\/11\\\/Grieg.jpg\",\"keywords\":[\"Edvard Grieg\",\"Holberg-Suite\",\"Streichorchester\"],\"articleSection\":[\"Noten\",\"Rezensionen\"],\"inLanguage\":\"it-IT\"},{\"@type\":\"WebPage\",\"@id\":\"https:\\\/\\\/www.musikzeitung.ch\\\/rezensionen\\\/noten-rezensionen\\\/2025\\\/12\\\/romantischer-barock\",\"url\":\"https:\\\/\\\/www.musikzeitung.ch\\\/rezensionen\\\/noten-rezensionen\\\/2025\\\/12\\\/romantischer-barock\",\"name\":\"Romantischer Barock - Schweizer Musikzeitung\",\"isPartOf\":{\"@id\":\"https:\\\/\\\/www.musikzeitung.ch\\\/#website\"},\"primaryImageOfPage\":{\"@id\":\"https:\\\/\\\/www.musikzeitung.ch\\\/rezensionen\\\/noten-rezensionen\\\/2025\\\/12\\\/romantischer-barock#primaryimage\"},\"image\":{\"@id\":\"https:\\\/\\\/www.musikzeitung.ch\\\/rezensionen\\\/noten-rezensionen\\\/2025\\\/12\\\/romantischer-barock#primaryimage\"},\"thumbnailUrl\":\"https:\\\/\\\/www.musikzeitung.ch\\\/wp-content\\\/uploads\\\/2025\\\/11\\\/Grieg.jpg\",\"datePublished\":\"2025-12-05T12:59:49+00:00\",\"description\":\"In der \u00abHolberg-Suite\u00bb, einem der wichtigsten Werke f\u00fcr Streichorchester, bem\u00fcht sich Edvard Grieg um ein barockes Idiom.\",\"breadcrumb\":{\"@id\":\"https:\\\/\\\/www.musikzeitung.ch\\\/rezensionen\\\/noten-rezensionen\\\/2025\\\/12\\\/romantischer-barock#breadcrumb\"},\"inLanguage\":\"it-IT\",\"potentialAction\":[{\"@type\":\"ReadAction\",\"target\":[\"https:\\\/\\\/www.musikzeitung.ch\\\/rezensionen\\\/noten-rezensionen\\\/2025\\\/12\\\/romantischer-barock\"]}]},{\"@type\":\"ImageObject\",\"inLanguage\":\"it-IT\",\"@id\":\"https:\\\/\\\/www.musikzeitung.ch\\\/rezensionen\\\/noten-rezensionen\\\/2025\\\/12\\\/romantischer-barock#primaryimage\",\"url\":\"https:\\\/\\\/www.musikzeitung.ch\\\/wp-content\\\/uploads\\\/2025\\\/11\\\/Grieg.jpg\",\"contentUrl\":\"https:\\\/\\\/www.musikzeitung.ch\\\/wp-content\\\/uploads\\\/2025\\\/11\\\/Grieg.jpg\",\"width\":1349,\"height\":1000},{\"@type\":\"BreadcrumbList\",\"@id\":\"https:\\\/\\\/www.musikzeitung.ch\\\/rezensionen\\\/noten-rezensionen\\\/2025\\\/12\\\/romantischer-barock#breadcrumb\",\"itemListElement\":[{\"@type\":\"ListItem\",\"position\":1,\"name\":\"Home\",\"item\":\"https:\\\/\\\/www.musikzeitung.ch\\\/\"},{\"@type\":\"ListItem\",\"position\":2,\"name\":\"Romantischer Barock\"}]},{\"@type\":\"WebSite\",\"@id\":\"https:\\\/\\\/www.musikzeitung.ch\\\/#website\",\"url\":\"https:\\\/\\\/www.musikzeitung.ch\\\/\",\"name\":\"Schweizer Musikzeitung\",\"description\":\"Die f\u00fchrende sparten\u00fcbergreifende Monatszeitung in der Schweiz f\u00fcr musikalische Fragen.\",\"publisher\":{\"@id\":\"https:\\\/\\\/www.musikzeitung.ch\\\/#organization\"},\"potentialAction\":[{\"@type\":\"SearchAction\",\"target\":{\"@type\":\"EntryPoint\",\"urlTemplate\":\"https:\\\/\\\/www.musikzeitung.ch\\\/?s={search_term_string}\"},\"query-input\":{\"@type\":\"PropertyValueSpecification\",\"valueRequired\":true,\"valueName\":\"search_term_string\"}}],\"inLanguage\":\"it-IT\"},{\"@type\":\"Organization\",\"@id\":\"https:\\\/\\\/www.musikzeitung.ch\\\/#organization\",\"name\":\"Schweizer Musikzeitung\",\"url\":\"https:\\\/\\\/www.musikzeitung.ch\\\/\",\"logo\":{\"@type\":\"ImageObject\",\"inLanguage\":\"it-IT\",\"@id\":\"https:\\\/\\\/www.musikzeitung.ch\\\/#\\\/schema\\\/logo\\\/image\\\/\",\"url\":\"https:\\\/\\\/www.musikzeitung.ch\\\/wp-content\\\/uploads\\\/2023\\\/01\\\/SMZ_Schriftzug_Sprache.png\",\"contentUrl\":\"https:\\\/\\\/www.musikzeitung.ch\\\/wp-content\\\/uploads\\\/2023\\\/01\\\/SMZ_Schriftzug_Sprache.png\",\"width\":1400,\"height\":279,\"caption\":\"Schweizer Musikzeitung\"},\"image\":{\"@id\":\"https:\\\/\\\/www.musikzeitung.ch\\\/#\\\/schema\\\/logo\\\/image\\\/\"},\"sameAs\":[\"https:\\\/\\\/www.facebook.com\\\/SchweizerMusikzeitung\\\/\",\"https:\\\/\\\/x.com\\\/smusikzeitung\",\"https:\\\/\\\/www.instagram.com\\\/musikzeitung.ch\\\/\"]},{\"@type\":\"Person\",\"@id\":\"https:\\\/\\\/www.musikzeitung.ch\\\/#\\\/schema\\\/person\\\/ea3d7b86bd7157c78c7ddd37f2f82b5b\",\"name\":\"pia.schwab\",\"image\":{\"@type\":\"ImageObject\",\"inLanguage\":\"it-IT\",\"@id\":\"https:\\\/\\\/secure.gravatar.com\\\/avatar\\\/d39d170de4c2d07e897fbc26cf9d890fc046285c742207b86d8ebabe5fcde2c4?s=96&d=mm&r=g\",\"url\":\"https:\\\/\\\/secure.gravatar.com\\\/avatar\\\/d39d170de4c2d07e897fbc26cf9d890fc046285c742207b86d8ebabe5fcde2c4?s=96&d=mm&r=g\",\"contentUrl\":\"https:\\\/\\\/secure.gravatar.com\\\/avatar\\\/d39d170de4c2d07e897fbc26cf9d890fc046285c742207b86d8ebabe5fcde2c4?s=96&d=mm&r=g\",\"caption\":\"pia.schwab\"},\"url\":\"https:\\\/\\\/www.musikzeitung.ch\\\/it\\\/author\\\/pia-schwab\"}]}<\/script>\n<!-- \/ Yoast SEO plugin. -->","yoast_head_json":{"title":"Barocco romantico - Rivista musicale svizzera","description":"Nella \u00abHolberg Suite\u00bb, una delle opere pi\u00f9 importanti per orchestra d'archi, Edvard Grieg cerca di ricreare un linguaggio barocco.","robots":{"index":"index","follow":"follow","max-snippet":"max-snippet:-1","max-image-preview":"max-image-preview:large","max-video-preview":"max-video-preview:-1"},"canonical":"https:\/\/www.musikzeitung.ch\/it\/rezensionen\/noten-rezensionen\/2025\/12\/romantischer-barock\/","og_locale":"it_IT","og_type":"article","og_title":"Romantischer Barock - Schweizer Musikzeitung","og_description":"In der \u00abHolberg-Suite\u00bb, einem der wichtigsten Werke f\u00fcr Streichorchester, bem\u00fcht sich Edvard Grieg um ein barockes Idiom.","og_url":"https:\/\/www.musikzeitung.ch\/it\/rezensionen\/noten-rezensionen\/2025\/12\/romantischer-barock\/","og_site_name":"Schweizer Musikzeitung","article_publisher":"https:\/\/www.facebook.com\/SchweizerMusikzeitung\/","article_published_time":"2025-12-05T12:59:49+00:00","og_image":[{"width":1349,"height":1000,"url":"https:\/\/www.musikzeitung.ch\/wp-content\/uploads\/2025\/11\/Grieg.jpg","type":"image\/jpeg"}],"author":"pia.schwab","twitter_card":"summary_large_image","twitter_creator":"@smusikzeitung","twitter_site":"@smusikzeitung","twitter_misc":{"Scritto da":"pia.schwab","Tempo di lettura stimato":"4 minuti"},"schema":{"@context":"https:\/\/schema.org","@graph":[{"@type":"Article","@id":"https:\/\/www.musikzeitung.ch\/rezensionen\/noten-rezensionen\/2025\/12\/romantischer-barock#article","isPartOf":{"@id":"https:\/\/www.musikzeitung.ch\/rezensionen\/noten-rezensionen\/2025\/12\/romantischer-barock"},"author":{"name":"pia.schwab","@id":"https:\/\/www.musikzeitung.ch\/#\/schema\/person\/ea3d7b86bd7157c78c7ddd37f2f82b5b"},"headline":"Romantischer Barock","datePublished":"2025-12-05T12:59:49+00:00","mainEntityOfPage":{"@id":"https:\/\/www.musikzeitung.ch\/rezensionen\/noten-rezensionen\/2025\/12\/romantischer-barock"},"wordCount":468,"publisher":{"@id":"https:\/\/www.musikzeitung.ch\/#organization"},"image":{"@id":"https:\/\/www.musikzeitung.ch\/rezensionen\/noten-rezensionen\/2025\/12\/romantischer-barock#primaryimage"},"thumbnailUrl":"https:\/\/www.musikzeitung.ch\/wp-content\/uploads\/2025\/11\/Grieg.jpg","keywords":["Edvard Grieg","Holberg-Suite","Streichorchester"],"articleSection":["Noten","Rezensionen"],"inLanguage":"it-IT"},{"@type":"WebPage","@id":"https:\/\/www.musikzeitung.ch\/rezensionen\/noten-rezensionen\/2025\/12\/romantischer-barock","url":"https:\/\/www.musikzeitung.ch\/rezensionen\/noten-rezensionen\/2025\/12\/romantischer-barock","name":"Barocco romantico - Rivista musicale svizzera","isPartOf":{"@id":"https:\/\/www.musikzeitung.ch\/#website"},"primaryImageOfPage":{"@id":"https:\/\/www.musikzeitung.ch\/rezensionen\/noten-rezensionen\/2025\/12\/romantischer-barock#primaryimage"},"image":{"@id":"https:\/\/www.musikzeitung.ch\/rezensionen\/noten-rezensionen\/2025\/12\/romantischer-barock#primaryimage"},"thumbnailUrl":"https:\/\/www.musikzeitung.ch\/wp-content\/uploads\/2025\/11\/Grieg.jpg","datePublished":"2025-12-05T12:59:49+00:00","description":"Nella \u00abHolberg Suite\u00bb, una delle opere pi\u00f9 importanti per orchestra d'archi, Edvard Grieg cerca di ricreare un linguaggio barocco.","breadcrumb":{"@id":"https:\/\/www.musikzeitung.ch\/rezensionen\/noten-rezensionen\/2025\/12\/romantischer-barock#breadcrumb"},"inLanguage":"it-IT","potentialAction":[{"@type":"ReadAction","target":["https:\/\/www.musikzeitung.ch\/rezensionen\/noten-rezensionen\/2025\/12\/romantischer-barock"]}]},{"@type":"ImageObject","inLanguage":"it-IT","@id":"https:\/\/www.musikzeitung.ch\/rezensionen\/noten-rezensionen\/2025\/12\/romantischer-barock#primaryimage","url":"https:\/\/www.musikzeitung.ch\/wp-content\/uploads\/2025\/11\/Grieg.jpg","contentUrl":"https:\/\/www.musikzeitung.ch\/wp-content\/uploads\/2025\/11\/Grieg.jpg","width":1349,"height":1000},{"@type":"BreadcrumbList","@id":"https:\/\/www.musikzeitung.ch\/rezensionen\/noten-rezensionen\/2025\/12\/romantischer-barock#breadcrumb","itemListElement":[{"@type":"ListItem","position":1,"name":"Home","item":"https:\/\/www.musikzeitung.ch\/"},{"@type":"ListItem","position":2,"name":"Romantischer Barock"}]},{"@type":"WebSite","@id":"https:\/\/www.musikzeitung.ch\/#website","url":"https:\/\/www.musikzeitung.ch\/","name":"Giornale musicale svizzero","description":"Il principale mensile interdisciplinare della Svizzera per le questioni musicali.","publisher":{"@id":"https:\/\/www.musikzeitung.ch\/#organization"},"potentialAction":[{"@type":"SearchAction","target":{"@type":"EntryPoint","urlTemplate":"https:\/\/www.musikzeitung.ch\/?s={search_term_string}"},"query-input":{"@type":"PropertyValueSpecification","valueRequired":true,"valueName":"search_term_string"}}],"inLanguage":"it-IT"},{"@type":"Organization","@id":"https:\/\/www.musikzeitung.ch\/#organization","name":"Giornale musicale svizzero","url":"https:\/\/www.musikzeitung.ch\/","logo":{"@type":"ImageObject","inLanguage":"it-IT","@id":"https:\/\/www.musikzeitung.ch\/#\/schema\/logo\/image\/","url":"https:\/\/www.musikzeitung.ch\/wp-content\/uploads\/2023\/01\/SMZ_Schriftzug_Sprache.png","contentUrl":"https:\/\/www.musikzeitung.ch\/wp-content\/uploads\/2023\/01\/SMZ_Schriftzug_Sprache.png","width":1400,"height":279,"caption":"Schweizer Musikzeitung"},"image":{"@id":"https:\/\/www.musikzeitung.ch\/#\/schema\/logo\/image\/"},"sameAs":["https:\/\/www.facebook.com\/SchweizerMusikzeitung\/","https:\/\/x.com\/smusikzeitung","https:\/\/www.instagram.com\/musikzeitung.ch\/"]},{"@type":"Person","@id":"https:\/\/www.musikzeitung.ch\/#\/schema\/person\/ea3d7b86bd7157c78c7ddd37f2f82b5b","name":"pia.schwab","image":{"@type":"ImageObject","inLanguage":"it-IT","@id":"https:\/\/secure.gravatar.com\/avatar\/d39d170de4c2d07e897fbc26cf9d890fc046285c742207b86d8ebabe5fcde2c4?s=96&d=mm&r=g","url":"https:\/\/secure.gravatar.com\/avatar\/d39d170de4c2d07e897fbc26cf9d890fc046285c742207b86d8ebabe5fcde2c4?s=96&d=mm&r=g","contentUrl":"https:\/\/secure.gravatar.com\/avatar\/d39d170de4c2d07e897fbc26cf9d890fc046285c742207b86d8ebabe5fcde2c4?s=96&d=mm&r=g","caption":"pia.schwab"},"url":"https:\/\/www.musikzeitung.ch\/it\/author\/pia-schwab"}]}},"publishpress_future_workflow_manual_trigger":{"enabledWorkflows":[]},"_links":{"self":[{"href":"https:\/\/www.musikzeitung.ch\/it\/wp-json\/wp\/v2\/posts\/69432","targetHints":{"allow":["GET"]}}],"collection":[{"href":"https:\/\/www.musikzeitung.ch\/it\/wp-json\/wp\/v2\/posts"}],"about":[{"href":"https:\/\/www.musikzeitung.ch\/it\/wp-json\/wp\/v2\/types\/post"}],"author":[{"embeddable":true,"href":"https:\/\/www.musikzeitung.ch\/it\/wp-json\/wp\/v2\/users\/29"}],"replies":[{"embeddable":true,"href":"https:\/\/www.musikzeitung.ch\/it\/wp-json\/wp\/v2\/comments?post=69432"}],"version-history":[{"count":1,"href":"https:\/\/www.musikzeitung.ch\/it\/wp-json\/wp\/v2\/posts\/69432\/revisions"}],"predecessor-version":[{"id":69435,"href":"https:\/\/www.musikzeitung.ch\/it\/wp-json\/wp\/v2\/posts\/69432\/revisions\/69435"}],"wp:featuredmedia":[{"embeddable":true,"href":"https:\/\/www.musikzeitung.ch\/it\/wp-json\/wp\/v2\/media\/69434"}],"wp:attachment":[{"href":"https:\/\/www.musikzeitung.ch\/it\/wp-json\/wp\/v2\/media?parent=69432"}],"wp:term":[{"taxonomy":"category","embeddable":true,"href":"https:\/\/www.musikzeitung.ch\/it\/wp-json\/wp\/v2\/categories?post=69432"},{"taxonomy":"post_tag","embeddable":true,"href":"https:\/\/www.musikzeitung.ch\/it\/wp-json\/wp\/v2\/tags?post=69432"}],"curies":[{"name":"wp","href":"https:\/\/api.w.org\/{rel}","templated":true}]}}