{"id":69719,"date":"2025-12-17T12:53:25","date_gmt":"2025-12-17T11:53:25","guid":{"rendered":"https:\/\/www.musikzeitung.ch\/?p=69719"},"modified":"2025-12-18T08:35:41","modified_gmt":"2025-12-18T07:35:41","slug":"catherine-huth-erhaelt-luzerner-kulturfoerderpreis","status":"publish","type":"post","link":"https:\/\/www.musikzeitung.ch\/it\/news\/2025\/12\/catherine-huth-erhaelt-luzerner-kulturfoerderpreis","title":{"rendered":"Catherine Huth riceve il Premio per la promozione culturale della citt\u00e0 di Lucerna"},"content":{"rendered":"<figure id=\"attachment_69720\" aria-describedby=\"caption-attachment-69720\" style=\"width: 768px\" class=\"wp-caption alignnone\"><img loading=\"lazy\" decoding=\"async\" class=\"size-large wp-image-69720\" src=\"https:\/\/www.musikzeitung.ch\/wp-content\/uploads\/2025\/12\/251217huth-1024x643.jpg\" alt=\"\" width=\"768\" height=\"482\" srcset=\"https:\/\/www.musikzeitung.ch\/wp-content\/uploads\/2025\/12\/251217huth-1024x643.jpg 1024w, https:\/\/www.musikzeitung.ch\/wp-content\/uploads\/2025\/12\/251217huth-300x188.jpg 300w, https:\/\/www.musikzeitung.ch\/wp-content\/uploads\/2025\/12\/251217huth-768x482.jpg 768w, https:\/\/www.musikzeitung.ch\/wp-content\/uploads\/2025\/12\/251217huth-18x12.jpg 18w, https:\/\/www.musikzeitung.ch\/wp-content\/uploads\/2025\/12\/251217huth-279x175.jpg 279w, https:\/\/www.musikzeitung.ch\/wp-content\/uploads\/2025\/12\/251217huth-557x350.jpg 557w, https:\/\/www.musikzeitung.ch\/wp-content\/uploads\/2025\/12\/251217huth-920x578.jpg 920w, https:\/\/www.musikzeitung.ch\/wp-content\/uploads\/2025\/12\/251217huth.jpg 1220w\" sizes=\"auto, (max-width: 768px) 100vw, 768px\" \/><figcaption id=\"caption-attachment-69720\" class=\"wp-caption-text\">Catherine Huth (Foto: zVg\/Cantone di Lucerna)<\/figcaption><\/figure>\n<p>Catherine Huth si distingue per il suo grande e versatile impegno culturale nei pi\u00f9 svariati ambiti culturali, scrive il Cantone. Con il suo impegno a favore di temi e questioni di politica culturale, la mediatrice culturale, direttrice di produzione, artista e organizzatrice di eventi culturali ha contribuito in modo significativo a plasmare e influenzare il panorama culturale lucernese per anni.<\/p>\n<p>Oltre alla propria attivit\u00e0 artistica nel suo studio, Catherine Huth si \u00e8 sempre impegnata attivamente nella scena culturale lucernese. Nel corso dei suoi molti anni come amministratrice delegata dell'IG Kultur, dal 2009 al 2014, Huth ha rappresentato con grande impegno gli interessi degli artisti e dei creativi indipendenti.\u00a0Nel 2012 ha fondato il proprio studio \u00abf\u00fcrimfall\u00bb, dove ha diretto diversi progetti culturali come libera professionista e assunto vari incarichi. Dal 2024 \u00e8 membro della direzione del festival Stanser Musiktage.<\/p>\n<p>Con questo premio, la Commissione per la promozione della cultura premia ogni anno persone che con il loro lavoro, la loro attivit\u00e0 o in altro modo hanno dato un contributo speciale alla vita culturale del Cantone di Lucerna.<\/p>","protected":false},"excerpt":{"rendered":"<p>Il Cantone di Lucerna assegna a Catherine Huth il premio per la promozione culturale, del valore di 15 000 franchi, per la sua versatile e pluriennale attivit\u00e0 culturale.<\/p>","protected":false},"author":30,"featured_media":69720,"comment_status":"closed","ping_status":"closed","sticky":false,"template":"","format":"standard","meta":{"_acf_changed":false,"_relevanssi_hide_post":"","_relevanssi_hide_content":"","_relevanssi_pin_for_all":"","_relevanssi_pin_keywords":"","_relevanssi_unpin_keywords":"","_relevanssi_related_keywords":"","_relevanssi_related_include_ids":"","_relevanssi_related_exclude_ids":"","_relevanssi_related_no_append":"","_relevanssi_related_not_related":"","_relevanssi_related_posts":"","_relevanssi_noindex_reason":"","pgc_sgb_lightbox_settings":"","footnotes":""},"categories":[27],"tags":[5463,3981,2859],"class_list":["post-69719","post","type-post","status-publish","format-standard","has-post-thumbnail","hentry","category-news","tag-catherine-huth","tag-kanton-luzern","tag-kulturfoerderpreis"],"acf":[],"yoast_head":"<!-- This site is optimized with the Yoast SEO plugin v27.4 - https:\/\/yoast.com\/product\/yoast-seo-wordpress\/ -->\n<title>Catherine Huth erh\u00e4lt Luzerner Kulturf\u00f6rderpreis - Schweizer Musikzeitung<\/title>\n<meta name=\"description\" content=\"Der Kanton Luzern verleiht Catherine Huth f\u00fcr ihr vielseitiges und langj\u00e4hriges Kulturschaffen den mit 15&#039;000 Franken dotierten Kulturf\u00f6rderpreis.\" \/>\n<meta name=\"robots\" content=\"index, follow, max-snippet:-1, max-image-preview:large, max-video-preview:-1\" \/>\n<link rel=\"canonical\" href=\"https:\/\/www.musikzeitung.ch\/it\/news\/2025\/12\/catherine-huth-erhaelt-luzerner-kulturfoerderpreis\/\" \/>\n<meta property=\"og:locale\" content=\"it_IT\" \/>\n<meta property=\"og:type\" content=\"article\" \/>\n<meta property=\"og:title\" content=\"Catherine Huth erh\u00e4lt Luzerner Kulturf\u00f6rderpreis - Schweizer Musikzeitung\" \/>\n<meta property=\"og:description\" content=\"Der Kanton Luzern verleiht Catherine Huth f\u00fcr ihr vielseitiges und langj\u00e4hriges Kulturschaffen den mit 15&#039;000 Franken dotierten Kulturf\u00f6rderpreis.\" \/>\n<meta property=\"og:url\" content=\"https:\/\/www.musikzeitung.ch\/it\/news\/2025\/12\/catherine-huth-erhaelt-luzerner-kulturfoerderpreis\/\" \/>\n<meta property=\"og:site_name\" content=\"Schweizer Musikzeitung\" \/>\n<meta property=\"article:publisher\" content=\"https:\/\/www.facebook.com\/SchweizerMusikzeitung\/\" \/>\n<meta property=\"article:author\" content=\"https:\/\/www.facebook.com\/wolfgang.bohler.75\" \/>\n<meta property=\"article:published_time\" content=\"2025-12-17T11:53:25+00:00\" \/>\n<meta property=\"article:modified_time\" content=\"2025-12-18T07:35:41+00:00\" \/>\n<meta property=\"og:image\" content=\"https:\/\/www.musikzeitung.ch\/wp-content\/uploads\/2025\/12\/251217huth.jpg\" \/>\n\t<meta property=\"og:image:width\" content=\"1220\" \/>\n\t<meta property=\"og:image:height\" content=\"766\" \/>\n\t<meta property=\"og:image:type\" content=\"image\/jpeg\" \/>\n<meta name=\"author\" content=\"Wolfgang B\u00f6hler\" \/>\n<meta name=\"twitter:card\" content=\"summary_large_image\" \/>\n<meta name=\"twitter:creator\" content=\"@smusikzeitung\" \/>\n<meta name=\"twitter:site\" content=\"@smusikzeitung\" \/>\n<meta name=\"twitter:label1\" content=\"Scritto da\" \/>\n\t<meta name=\"twitter:data1\" content=\"Wolfgang B\u00f6hler\" \/>\n\t<meta name=\"twitter:label2\" content=\"Tempo di lettura stimato\" \/>\n\t<meta name=\"twitter:data2\" content=\"2 minuti\" \/>\n<script type=\"application\/ld+json\" class=\"yoast-schema-graph\">{\"@context\":\"https:\\\/\\\/schema.org\",\"@graph\":[{\"@type\":\"Article\",\"@id\":\"https:\\\/\\\/www.musikzeitung.ch\\\/news\\\/2025\\\/12\\\/catherine-huth-erhaelt-luzerner-kulturfoerderpreis#article\",\"isPartOf\":{\"@id\":\"https:\\\/\\\/www.musikzeitung.ch\\\/news\\\/2025\\\/12\\\/catherine-huth-erhaelt-luzerner-kulturfoerderpreis\"},\"author\":{\"name\":\"Wolfgang B\u00f6hler\",\"@id\":\"https:\\\/\\\/www.musikzeitung.ch\\\/#\\\/schema\\\/person\\\/0da4fb82d243f1252850a35d0e87cf0c\"},\"headline\":\"Catherine Huth erh\u00e4lt Luzerner Kulturf\u00f6rderpreis\",\"datePublished\":\"2025-12-17T11:53:25+00:00\",\"dateModified\":\"2025-12-18T07:35:41+00:00\",\"mainEntityOfPage\":{\"@id\":\"https:\\\/\\\/www.musikzeitung.ch\\\/news\\\/2025\\\/12\\\/catherine-huth-erhaelt-luzerner-kulturfoerderpreis\"},\"wordCount\":181,\"publisher\":{\"@id\":\"https:\\\/\\\/www.musikzeitung.ch\\\/#organization\"},\"image\":{\"@id\":\"https:\\\/\\\/www.musikzeitung.ch\\\/news\\\/2025\\\/12\\\/catherine-huth-erhaelt-luzerner-kulturfoerderpreis#primaryimage\"},\"thumbnailUrl\":\"https:\\\/\\\/www.musikzeitung.ch\\\/wp-content\\\/uploads\\\/2025\\\/12\\\/251217huth.jpg\",\"keywords\":[\"Catherine Huth\",\"Kanton Luzern\",\"Kulturf\u00f6rderpreis\"],\"articleSection\":[\"News\"],\"inLanguage\":\"it-IT\"},{\"@type\":\"WebPage\",\"@id\":\"https:\\\/\\\/www.musikzeitung.ch\\\/news\\\/2025\\\/12\\\/catherine-huth-erhaelt-luzerner-kulturfoerderpreis\",\"url\":\"https:\\\/\\\/www.musikzeitung.ch\\\/news\\\/2025\\\/12\\\/catherine-huth-erhaelt-luzerner-kulturfoerderpreis\",\"name\":\"Catherine Huth erh\u00e4lt Luzerner Kulturf\u00f6rderpreis - Schweizer Musikzeitung\",\"isPartOf\":{\"@id\":\"https:\\\/\\\/www.musikzeitung.ch\\\/#website\"},\"primaryImageOfPage\":{\"@id\":\"https:\\\/\\\/www.musikzeitung.ch\\\/news\\\/2025\\\/12\\\/catherine-huth-erhaelt-luzerner-kulturfoerderpreis#primaryimage\"},\"image\":{\"@id\":\"https:\\\/\\\/www.musikzeitung.ch\\\/news\\\/2025\\\/12\\\/catherine-huth-erhaelt-luzerner-kulturfoerderpreis#primaryimage\"},\"thumbnailUrl\":\"https:\\\/\\\/www.musikzeitung.ch\\\/wp-content\\\/uploads\\\/2025\\\/12\\\/251217huth.jpg\",\"datePublished\":\"2025-12-17T11:53:25+00:00\",\"dateModified\":\"2025-12-18T07:35:41+00:00\",\"description\":\"Der Kanton Luzern verleiht Catherine Huth f\u00fcr ihr vielseitiges und langj\u00e4hriges Kulturschaffen den mit 15'000 Franken dotierten Kulturf\u00f6rderpreis.\",\"breadcrumb\":{\"@id\":\"https:\\\/\\\/www.musikzeitung.ch\\\/news\\\/2025\\\/12\\\/catherine-huth-erhaelt-luzerner-kulturfoerderpreis#breadcrumb\"},\"inLanguage\":\"it-IT\",\"potentialAction\":[{\"@type\":\"ReadAction\",\"target\":[\"https:\\\/\\\/www.musikzeitung.ch\\\/news\\\/2025\\\/12\\\/catherine-huth-erhaelt-luzerner-kulturfoerderpreis\"]}]},{\"@type\":\"ImageObject\",\"inLanguage\":\"it-IT\",\"@id\":\"https:\\\/\\\/www.musikzeitung.ch\\\/news\\\/2025\\\/12\\\/catherine-huth-erhaelt-luzerner-kulturfoerderpreis#primaryimage\",\"url\":\"https:\\\/\\\/www.musikzeitung.ch\\\/wp-content\\\/uploads\\\/2025\\\/12\\\/251217huth.jpg\",\"contentUrl\":\"https:\\\/\\\/www.musikzeitung.ch\\\/wp-content\\\/uploads\\\/2025\\\/12\\\/251217huth.jpg\",\"width\":1220,\"height\":766,\"caption\":\"Catherine Huth (Bild: zVg\\\/Kanton Luzern)\"},{\"@type\":\"BreadcrumbList\",\"@id\":\"https:\\\/\\\/www.musikzeitung.ch\\\/news\\\/2025\\\/12\\\/catherine-huth-erhaelt-luzerner-kulturfoerderpreis#breadcrumb\",\"itemListElement\":[{\"@type\":\"ListItem\",\"position\":1,\"name\":\"Home\",\"item\":\"https:\\\/\\\/www.musikzeitung.ch\\\/\"},{\"@type\":\"ListItem\",\"position\":2,\"name\":\"Catherine Huth erh\u00e4lt Luzerner Kulturf\u00f6rderpreis\"}]},{\"@type\":\"WebSite\",\"@id\":\"https:\\\/\\\/www.musikzeitung.ch\\\/#website\",\"url\":\"https:\\\/\\\/www.musikzeitung.ch\\\/\",\"name\":\"Schweizer Musikzeitung\",\"description\":\"Die f\u00fchrende sparten\u00fcbergreifende Monatszeitung in der Schweiz f\u00fcr musikalische Fragen.\",\"publisher\":{\"@id\":\"https:\\\/\\\/www.musikzeitung.ch\\\/#organization\"},\"potentialAction\":[{\"@type\":\"SearchAction\",\"target\":{\"@type\":\"EntryPoint\",\"urlTemplate\":\"https:\\\/\\\/www.musikzeitung.ch\\\/?s={search_term_string}\"},\"query-input\":{\"@type\":\"PropertyValueSpecification\",\"valueRequired\":true,\"valueName\":\"search_term_string\"}}],\"inLanguage\":\"it-IT\"},{\"@type\":\"Organization\",\"@id\":\"https:\\\/\\\/www.musikzeitung.ch\\\/#organization\",\"name\":\"Schweizer Musikzeitung\",\"url\":\"https:\\\/\\\/www.musikzeitung.ch\\\/\",\"logo\":{\"@type\":\"ImageObject\",\"inLanguage\":\"it-IT\",\"@id\":\"https:\\\/\\\/www.musikzeitung.ch\\\/#\\\/schema\\\/logo\\\/image\\\/\",\"url\":\"https:\\\/\\\/www.musikzeitung.ch\\\/wp-content\\\/uploads\\\/2023\\\/01\\\/SMZ_Schriftzug_Sprache.png\",\"contentUrl\":\"https:\\\/\\\/www.musikzeitung.ch\\\/wp-content\\\/uploads\\\/2023\\\/01\\\/SMZ_Schriftzug_Sprache.png\",\"width\":1400,\"height\":279,\"caption\":\"Schweizer Musikzeitung\"},\"image\":{\"@id\":\"https:\\\/\\\/www.musikzeitung.ch\\\/#\\\/schema\\\/logo\\\/image\\\/\"},\"sameAs\":[\"https:\\\/\\\/www.facebook.com\\\/SchweizerMusikzeitung\\\/\",\"https:\\\/\\\/x.com\\\/smusikzeitung\",\"https:\\\/\\\/www.instagram.com\\\/musikzeitung.ch\\\/\"]},{\"@type\":\"Person\",\"@id\":\"https:\\\/\\\/www.musikzeitung.ch\\\/#\\\/schema\\\/person\\\/0da4fb82d243f1252850a35d0e87cf0c\",\"name\":\"Wolfgang B\u00f6hler\",\"image\":{\"@type\":\"ImageObject\",\"inLanguage\":\"it-IT\",\"@id\":\"https:\\\/\\\/www.musikzeitung.ch\\\/wp-content\\\/uploads\\\/2023\\\/01\\\/boehler_portraet_web-e1674139782246-96x96.jpg\",\"url\":\"https:\\\/\\\/www.musikzeitung.ch\\\/wp-content\\\/uploads\\\/2023\\\/01\\\/boehler_portraet_web-e1674139782246-96x96.jpg\",\"contentUrl\":\"https:\\\/\\\/www.musikzeitung.ch\\\/wp-content\\\/uploads\\\/2023\\\/01\\\/boehler_portraet_web-e1674139782246-96x96.jpg\",\"caption\":\"Wolfgang B\u00f6hler\"},\"sameAs\":[\"http:\\\/\\\/www.manacanto.ch\",\"https:\\\/\\\/www.facebook.com\\\/wolfgang.bohler.75\"],\"url\":\"https:\\\/\\\/www.musikzeitung.ch\\\/it\\\/author\\\/wolfgang-boehler\"}]}<\/script>\n<!-- \/ Yoast SEO plugin. -->","yoast_head_json":{"title":"Catherine Huth riceve il Premio culturale della citt\u00e0 di Lucerna - Schweizer Musikzeitung","description":"Il Cantone di Lucerna assegna a Catherine Huth il Premio per la promozione culturale, del valore di 15 000 franchi, per la sua versatile e pluriennale attivit\u00e0 culturale.","robots":{"index":"index","follow":"follow","max-snippet":"max-snippet:-1","max-image-preview":"max-image-preview:large","max-video-preview":"max-video-preview:-1"},"canonical":"https:\/\/www.musikzeitung.ch\/it\/news\/2025\/12\/catherine-huth-erhaelt-luzerner-kulturfoerderpreis\/","og_locale":"it_IT","og_type":"article","og_title":"Catherine Huth erh\u00e4lt Luzerner Kulturf\u00f6rderpreis - Schweizer Musikzeitung","og_description":"Der Kanton Luzern verleiht Catherine Huth f\u00fcr ihr vielseitiges und langj\u00e4hriges Kulturschaffen den mit 15'000 Franken dotierten Kulturf\u00f6rderpreis.","og_url":"https:\/\/www.musikzeitung.ch\/it\/news\/2025\/12\/catherine-huth-erhaelt-luzerner-kulturfoerderpreis\/","og_site_name":"Schweizer Musikzeitung","article_publisher":"https:\/\/www.facebook.com\/SchweizerMusikzeitung\/","article_author":"https:\/\/www.facebook.com\/wolfgang.bohler.75","article_published_time":"2025-12-17T11:53:25+00:00","article_modified_time":"2025-12-18T07:35:41+00:00","og_image":[{"width":1220,"height":766,"url":"https:\/\/www.musikzeitung.ch\/wp-content\/uploads\/2025\/12\/251217huth.jpg","type":"image\/jpeg"}],"author":"Wolfgang B\u00f6hler","twitter_card":"summary_large_image","twitter_creator":"@smusikzeitung","twitter_site":"@smusikzeitung","twitter_misc":{"Scritto da":"Wolfgang B\u00f6hler","Tempo di lettura stimato":"2 minuti"},"schema":{"@context":"https:\/\/schema.org","@graph":[{"@type":"Article","@id":"https:\/\/www.musikzeitung.ch\/news\/2025\/12\/catherine-huth-erhaelt-luzerner-kulturfoerderpreis#article","isPartOf":{"@id":"https:\/\/www.musikzeitung.ch\/news\/2025\/12\/catherine-huth-erhaelt-luzerner-kulturfoerderpreis"},"author":{"name":"Wolfgang B\u00f6hler","@id":"https:\/\/www.musikzeitung.ch\/#\/schema\/person\/0da4fb82d243f1252850a35d0e87cf0c"},"headline":"Catherine Huth erh\u00e4lt Luzerner Kulturf\u00f6rderpreis","datePublished":"2025-12-17T11:53:25+00:00","dateModified":"2025-12-18T07:35:41+00:00","mainEntityOfPage":{"@id":"https:\/\/www.musikzeitung.ch\/news\/2025\/12\/catherine-huth-erhaelt-luzerner-kulturfoerderpreis"},"wordCount":181,"publisher":{"@id":"https:\/\/www.musikzeitung.ch\/#organization"},"image":{"@id":"https:\/\/www.musikzeitung.ch\/news\/2025\/12\/catherine-huth-erhaelt-luzerner-kulturfoerderpreis#primaryimage"},"thumbnailUrl":"https:\/\/www.musikzeitung.ch\/wp-content\/uploads\/2025\/12\/251217huth.jpg","keywords":["Catherine Huth","Kanton Luzern","Kulturf\u00f6rderpreis"],"articleSection":["News"],"inLanguage":"it-IT"},{"@type":"WebPage","@id":"https:\/\/www.musikzeitung.ch\/news\/2025\/12\/catherine-huth-erhaelt-luzerner-kulturfoerderpreis","url":"https:\/\/www.musikzeitung.ch\/news\/2025\/12\/catherine-huth-erhaelt-luzerner-kulturfoerderpreis","name":"Catherine Huth riceve il Premio culturale della citt\u00e0 di Lucerna - Schweizer Musikzeitung","isPartOf":{"@id":"https:\/\/www.musikzeitung.ch\/#website"},"primaryImageOfPage":{"@id":"https:\/\/www.musikzeitung.ch\/news\/2025\/12\/catherine-huth-erhaelt-luzerner-kulturfoerderpreis#primaryimage"},"image":{"@id":"https:\/\/www.musikzeitung.ch\/news\/2025\/12\/catherine-huth-erhaelt-luzerner-kulturfoerderpreis#primaryimage"},"thumbnailUrl":"https:\/\/www.musikzeitung.ch\/wp-content\/uploads\/2025\/12\/251217huth.jpg","datePublished":"2025-12-17T11:53:25+00:00","dateModified":"2025-12-18T07:35:41+00:00","description":"Il Cantone di Lucerna assegna a Catherine Huth il Premio per la promozione culturale, del valore di 15 000 franchi, per la sua versatile e pluriennale attivit\u00e0 culturale.","breadcrumb":{"@id":"https:\/\/www.musikzeitung.ch\/news\/2025\/12\/catherine-huth-erhaelt-luzerner-kulturfoerderpreis#breadcrumb"},"inLanguage":"it-IT","potentialAction":[{"@type":"ReadAction","target":["https:\/\/www.musikzeitung.ch\/news\/2025\/12\/catherine-huth-erhaelt-luzerner-kulturfoerderpreis"]}]},{"@type":"ImageObject","inLanguage":"it-IT","@id":"https:\/\/www.musikzeitung.ch\/news\/2025\/12\/catherine-huth-erhaelt-luzerner-kulturfoerderpreis#primaryimage","url":"https:\/\/www.musikzeitung.ch\/wp-content\/uploads\/2025\/12\/251217huth.jpg","contentUrl":"https:\/\/www.musikzeitung.ch\/wp-content\/uploads\/2025\/12\/251217huth.jpg","width":1220,"height":766,"caption":"Catherine Huth (Bild: zVg\/Kanton Luzern)"},{"@type":"BreadcrumbList","@id":"https:\/\/www.musikzeitung.ch\/news\/2025\/12\/catherine-huth-erhaelt-luzerner-kulturfoerderpreis#breadcrumb","itemListElement":[{"@type":"ListItem","position":1,"name":"Home","item":"https:\/\/www.musikzeitung.ch\/"},{"@type":"ListItem","position":2,"name":"Catherine Huth erh\u00e4lt Luzerner Kulturf\u00f6rderpreis"}]},{"@type":"WebSite","@id":"https:\/\/www.musikzeitung.ch\/#website","url":"https:\/\/www.musikzeitung.ch\/","name":"Giornale musicale svizzero","description":"Il principale mensile interdisciplinare della Svizzera per le questioni musicali.","publisher":{"@id":"https:\/\/www.musikzeitung.ch\/#organization"},"potentialAction":[{"@type":"SearchAction","target":{"@type":"EntryPoint","urlTemplate":"https:\/\/www.musikzeitung.ch\/?s={search_term_string}"},"query-input":{"@type":"PropertyValueSpecification","valueRequired":true,"valueName":"search_term_string"}}],"inLanguage":"it-IT"},{"@type":"Organization","@id":"https:\/\/www.musikzeitung.ch\/#organization","name":"Giornale musicale svizzero","url":"https:\/\/www.musikzeitung.ch\/","logo":{"@type":"ImageObject","inLanguage":"it-IT","@id":"https:\/\/www.musikzeitung.ch\/#\/schema\/logo\/image\/","url":"https:\/\/www.musikzeitung.ch\/wp-content\/uploads\/2023\/01\/SMZ_Schriftzug_Sprache.png","contentUrl":"https:\/\/www.musikzeitung.ch\/wp-content\/uploads\/2023\/01\/SMZ_Schriftzug_Sprache.png","width":1400,"height":279,"caption":"Schweizer Musikzeitung"},"image":{"@id":"https:\/\/www.musikzeitung.ch\/#\/schema\/logo\/image\/"},"sameAs":["https:\/\/www.facebook.com\/SchweizerMusikzeitung\/","https:\/\/x.com\/smusikzeitung","https:\/\/www.instagram.com\/musikzeitung.ch\/"]},{"@type":"Person","@id":"https:\/\/www.musikzeitung.ch\/#\/schema\/person\/0da4fb82d243f1252850a35d0e87cf0c","name":"Wolfgang B\u00f6hler","image":{"@type":"ImageObject","inLanguage":"it-IT","@id":"https:\/\/www.musikzeitung.ch\/wp-content\/uploads\/2023\/01\/boehler_portraet_web-e1674139782246-96x96.jpg","url":"https:\/\/www.musikzeitung.ch\/wp-content\/uploads\/2023\/01\/boehler_portraet_web-e1674139782246-96x96.jpg","contentUrl":"https:\/\/www.musikzeitung.ch\/wp-content\/uploads\/2023\/01\/boehler_portraet_web-e1674139782246-96x96.jpg","caption":"Wolfgang B\u00f6hler"},"sameAs":["http:\/\/www.manacanto.ch","https:\/\/www.facebook.com\/wolfgang.bohler.75"],"url":"https:\/\/www.musikzeitung.ch\/it\/author\/wolfgang-boehler"}]}},"publishpress_future_workflow_manual_trigger":{"enabledWorkflows":[]},"_links":{"self":[{"href":"https:\/\/www.musikzeitung.ch\/it\/wp-json\/wp\/v2\/posts\/69719","targetHints":{"allow":["GET"]}}],"collection":[{"href":"https:\/\/www.musikzeitung.ch\/it\/wp-json\/wp\/v2\/posts"}],"about":[{"href":"https:\/\/www.musikzeitung.ch\/it\/wp-json\/wp\/v2\/types\/post"}],"author":[{"embeddable":true,"href":"https:\/\/www.musikzeitung.ch\/it\/wp-json\/wp\/v2\/users\/30"}],"replies":[{"embeddable":true,"href":"https:\/\/www.musikzeitung.ch\/it\/wp-json\/wp\/v2\/comments?post=69719"}],"version-history":[{"count":3,"href":"https:\/\/www.musikzeitung.ch\/it\/wp-json\/wp\/v2\/posts\/69719\/revisions"}],"predecessor-version":[{"id":69723,"href":"https:\/\/www.musikzeitung.ch\/it\/wp-json\/wp\/v2\/posts\/69719\/revisions\/69723"}],"wp:featuredmedia":[{"embeddable":true,"href":"https:\/\/www.musikzeitung.ch\/it\/wp-json\/wp\/v2\/media\/69720"}],"wp:attachment":[{"href":"https:\/\/www.musikzeitung.ch\/it\/wp-json\/wp\/v2\/media?parent=69719"}],"wp:term":[{"taxonomy":"category","embeddable":true,"href":"https:\/\/www.musikzeitung.ch\/it\/wp-json\/wp\/v2\/categories?post=69719"},{"taxonomy":"post_tag","embeddable":true,"href":"https:\/\/www.musikzeitung.ch\/it\/wp-json\/wp\/v2\/tags?post=69719"}],"curies":[{"name":"wp","href":"https:\/\/api.w.org\/{rel}","templated":true}]}}