{"id":69801,"date":"2025-12-24T14:00:36","date_gmt":"2025-12-24T13:00:36","guid":{"rendered":"https:\/\/www.musikzeitung.ch\/?p=69801"},"modified":"2026-01-05T09:33:54","modified_gmt":"2026-01-05T08:33:54","slug":"fischer-bleibt-bis-2031-in-sao-paulo","status":"publish","type":"post","link":"https:\/\/www.musikzeitung.ch\/it\/news\/2025\/12\/fischer-bleibt-bis-2031-in-sao-paulo","title":{"rendered":"Fischer rimarr\u00e0 a San Paolo fino al 2031"},"content":{"rendered":"<figure id=\"attachment_69802\" aria-describedby=\"caption-attachment-69802\" style=\"width: 768px\" class=\"wp-caption alignnone\"><img loading=\"lazy\" decoding=\"async\" class=\"wp-image-69802 size-large\" src=\"https:\/\/www.musikzeitung.ch\/wp-content\/uploads\/2025\/12\/251224fischer-1024x643.jpg\" alt=\"\" width=\"768\" height=\"482\" srcset=\"https:\/\/www.musikzeitung.ch\/wp-content\/uploads\/2025\/12\/251224fischer-1024x643.jpg 1024w, https:\/\/www.musikzeitung.ch\/wp-content\/uploads\/2025\/12\/251224fischer-300x188.jpg 300w, https:\/\/www.musikzeitung.ch\/wp-content\/uploads\/2025\/12\/251224fischer-768x482.jpg 768w, https:\/\/www.musikzeitung.ch\/wp-content\/uploads\/2025\/12\/251224fischer-18x12.jpg 18w, https:\/\/www.musikzeitung.ch\/wp-content\/uploads\/2025\/12\/251224fischer-279x175.jpg 279w, https:\/\/www.musikzeitung.ch\/wp-content\/uploads\/2025\/12\/251224fischer-557x350.jpg 557w, https:\/\/www.musikzeitung.ch\/wp-content\/uploads\/2025\/12\/251224fischer-920x578.jpg 920w, https:\/\/www.musikzeitung.ch\/wp-content\/uploads\/2025\/12\/251224fischer.jpg 1032w\" sizes=\"auto, (max-width: 768px) 100vw, 768px\" \/><figcaption id=\"caption-attachment-69802\" class=\"wp-caption-text\">Tierry Fischer (Foto: Marco Borggreve)<\/figcaption><\/figure>\n<p>Secondo quanto comunicato da Fischer sul proprio sito web, attraverso tourn\u00e9e, residenze artistiche e collaborazioni strategiche con solisti, direttori d'orchestra, compositori e istituzioni culturali di spicco a livello mondiale, intende porre particolare enfasi sul rafforzamento della presenza internazionale dell'Orquestra Sinf\u00f4nica do Estado de S\u00e3o Paulo (Osesp). Anche la sperimentazione di nuovi formati di concerto e un dialogo pi\u00f9 stretto con le piattaforme digitali dovrebbero svolgere un ruolo importante e ampliare la portata dell'orchestra.<\/p>\n<p>Fischer ha iniziato la sua carriera musicale come flautista solista ad Amburgo e all'Opera di Zurigo. In qualit\u00e0 di direttore musicale della BBC National Orchestra of Wales, si \u00e8 esibito ogni anno ai BBC Proms. \u00c8 stato direttore musicale della Nagoya Philharmonic Orchestra e della Utah Symphony Orchestra, nonch\u00e9 primo direttore ospite della Seoul Philharmonic Orchestra. Dal 2020 \u00e8 direttore musicale dell'Osesp e dal 2022 dell'Orquesta Sinf\u00f3nica de Castilla y Le\u00f3n.<\/p>\n<p>L'Osesp \u00e8 stata fondata nel 1954 e diretta dal 1997 al 2008 dal direttore d'orchestra brasiliano John Neschling. Il successore di Neschling \u00e8 stato Yan Pascal Tortelier, che ha diretto l'orchestra dal 2009 al 2011. A lui sono succeduti Marin Alsop e, dal 2016, Thierry Fischer, inizialmente come direttore ospite. Dal 1999 l'orchestra suona nella Sala S\u00e3o Paulo, che da allora \u00e8 considerata la sua sede e \u00e8 nota per la sua eccezionale acustica.<\/p>\n<p>&nbsp;<\/p>","protected":false},"excerpt":{"rendered":"<p>Il direttore d'orchestra svizzero Thierry Fischer ha prolungato fino alla fine del 2031 il suo contratto come direttore musicale e direttore principale dell'Orchestra Sinfonica di San Paolo.<\/p>","protected":false},"author":30,"featured_media":69802,"comment_status":"closed","ping_status":"closed","sticky":false,"template":"","format":"standard","meta":{"_acf_changed":false,"_relevanssi_hide_post":"","_relevanssi_hide_content":"","_relevanssi_pin_for_all":"","_relevanssi_pin_keywords":"","_relevanssi_unpin_keywords":"","_relevanssi_related_keywords":"","_relevanssi_related_include_ids":"","_relevanssi_related_exclude_ids":"","_relevanssi_related_no_append":"","_relevanssi_related_not_related":"","_relevanssi_related_posts":"","_relevanssi_noindex_reason":"","pgc_sgb_lightbox_settings":"","footnotes":""},"categories":[27,1624],"tags":[5469],"class_list":["post-69801","post","type-post","status-publish","format-standard","has-post-thumbnail","hentry","category-news","category-personen","tag-thierry-fischer"],"acf":[],"yoast_head":"<!-- This site is optimized with the Yoast SEO plugin v27.4 - https:\/\/yoast.com\/product\/yoast-seo-wordpress\/ -->\n<title>Fischer bleibt bis 2031 in S\u00e3o Paulo - Schweizer Musikzeitung<\/title>\n<meta name=\"description\" content=\"Der Schweizer Dirigent Thierry Fischer hat seinen Vertrag als Musikdirektor und Chefdirigent mit dem Symphonieorchester von S\u00e3o Paulo bis Ende 2031 verl\u00e4ngert.\" \/>\n<meta name=\"robots\" content=\"index, follow, max-snippet:-1, max-image-preview:large, max-video-preview:-1\" \/>\n<link rel=\"canonical\" href=\"https:\/\/www.musikzeitung.ch\/it\/news\/2025\/12\/fischer-bleibt-bis-2031-in-sao-paulo\/\" \/>\n<meta property=\"og:locale\" content=\"it_IT\" \/>\n<meta property=\"og:type\" content=\"article\" \/>\n<meta property=\"og:title\" content=\"Fischer bleibt bis 2031 in S\u00e3o Paulo - Schweizer Musikzeitung\" \/>\n<meta property=\"og:description\" content=\"Der Schweizer Dirigent Thierry Fischer hat seinen Vertrag als Musikdirektor und Chefdirigent mit dem Symphonieorchester von S\u00e3o Paulo bis Ende 2031 verl\u00e4ngert.\" \/>\n<meta property=\"og:url\" content=\"https:\/\/www.musikzeitung.ch\/it\/news\/2025\/12\/fischer-bleibt-bis-2031-in-sao-paulo\/\" \/>\n<meta property=\"og:site_name\" content=\"Schweizer Musikzeitung\" \/>\n<meta property=\"article:publisher\" content=\"https:\/\/www.facebook.com\/SchweizerMusikzeitung\/\" \/>\n<meta property=\"article:author\" content=\"https:\/\/www.facebook.com\/wolfgang.bohler.75\" \/>\n<meta property=\"article:published_time\" content=\"2025-12-24T13:00:36+00:00\" \/>\n<meta property=\"article:modified_time\" content=\"2026-01-05T08:33:54+00:00\" \/>\n<meta property=\"og:image\" content=\"https:\/\/www.musikzeitung.ch\/wp-content\/uploads\/2025\/12\/251224fischer.jpg\" \/>\n\t<meta property=\"og:image:width\" content=\"1032\" \/>\n\t<meta property=\"og:image:height\" content=\"648\" \/>\n\t<meta property=\"og:image:type\" content=\"image\/jpeg\" \/>\n<meta name=\"author\" content=\"Wolfgang B\u00f6hler\" \/>\n<meta name=\"twitter:card\" content=\"summary_large_image\" \/>\n<meta name=\"twitter:creator\" content=\"@smusikzeitung\" \/>\n<meta name=\"twitter:site\" content=\"@smusikzeitung\" \/>\n<meta name=\"twitter:label1\" content=\"Scritto da\" \/>\n\t<meta name=\"twitter:data1\" content=\"Wolfgang B\u00f6hler\" \/>\n\t<meta name=\"twitter:label2\" content=\"Tempo di lettura stimato\" \/>\n\t<meta name=\"twitter:data2\" content=\"2 minuti\" \/>\n<script type=\"application\/ld+json\" class=\"yoast-schema-graph\">{\"@context\":\"https:\\\/\\\/schema.org\",\"@graph\":[{\"@type\":\"Article\",\"@id\":\"https:\\\/\\\/www.musikzeitung.ch\\\/news\\\/2025\\\/12\\\/fischer-bleibt-bis-2031-in-sao-paulo#article\",\"isPartOf\":{\"@id\":\"https:\\\/\\\/www.musikzeitung.ch\\\/news\\\/2025\\\/12\\\/fischer-bleibt-bis-2031-in-sao-paulo\"},\"author\":{\"name\":\"Wolfgang B\u00f6hler\",\"@id\":\"https:\\\/\\\/www.musikzeitung.ch\\\/#\\\/schema\\\/person\\\/0da4fb82d243f1252850a35d0e87cf0c\"},\"headline\":\"Fischer bleibt bis 2031 in S\u00e3o Paulo\",\"datePublished\":\"2025-12-24T13:00:36+00:00\",\"dateModified\":\"2026-01-05T08:33:54+00:00\",\"mainEntityOfPage\":{\"@id\":\"https:\\\/\\\/www.musikzeitung.ch\\\/news\\\/2025\\\/12\\\/fischer-bleibt-bis-2031-in-sao-paulo\"},\"wordCount\":227,\"publisher\":{\"@id\":\"https:\\\/\\\/www.musikzeitung.ch\\\/#organization\"},\"image\":{\"@id\":\"https:\\\/\\\/www.musikzeitung.ch\\\/news\\\/2025\\\/12\\\/fischer-bleibt-bis-2031-in-sao-paulo#primaryimage\"},\"thumbnailUrl\":\"https:\\\/\\\/www.musikzeitung.ch\\\/wp-content\\\/uploads\\\/2025\\\/12\\\/251224fischer.jpg\",\"keywords\":[\"Thierry Fischer\"],\"articleSection\":[\"News\",\"Personen\"],\"inLanguage\":\"it-IT\"},{\"@type\":\"WebPage\",\"@id\":\"https:\\\/\\\/www.musikzeitung.ch\\\/news\\\/2025\\\/12\\\/fischer-bleibt-bis-2031-in-sao-paulo\",\"url\":\"https:\\\/\\\/www.musikzeitung.ch\\\/news\\\/2025\\\/12\\\/fischer-bleibt-bis-2031-in-sao-paulo\",\"name\":\"Fischer bleibt bis 2031 in S\u00e3o Paulo - Schweizer Musikzeitung\",\"isPartOf\":{\"@id\":\"https:\\\/\\\/www.musikzeitung.ch\\\/#website\"},\"primaryImageOfPage\":{\"@id\":\"https:\\\/\\\/www.musikzeitung.ch\\\/news\\\/2025\\\/12\\\/fischer-bleibt-bis-2031-in-sao-paulo#primaryimage\"},\"image\":{\"@id\":\"https:\\\/\\\/www.musikzeitung.ch\\\/news\\\/2025\\\/12\\\/fischer-bleibt-bis-2031-in-sao-paulo#primaryimage\"},\"thumbnailUrl\":\"https:\\\/\\\/www.musikzeitung.ch\\\/wp-content\\\/uploads\\\/2025\\\/12\\\/251224fischer.jpg\",\"datePublished\":\"2025-12-24T13:00:36+00:00\",\"dateModified\":\"2026-01-05T08:33:54+00:00\",\"description\":\"Der Schweizer Dirigent Thierry Fischer hat seinen Vertrag als Musikdirektor und Chefdirigent mit dem Symphonieorchester von S\u00e3o Paulo bis Ende 2031 verl\u00e4ngert.\",\"breadcrumb\":{\"@id\":\"https:\\\/\\\/www.musikzeitung.ch\\\/news\\\/2025\\\/12\\\/fischer-bleibt-bis-2031-in-sao-paulo#breadcrumb\"},\"inLanguage\":\"it-IT\",\"potentialAction\":[{\"@type\":\"ReadAction\",\"target\":[\"https:\\\/\\\/www.musikzeitung.ch\\\/news\\\/2025\\\/12\\\/fischer-bleibt-bis-2031-in-sao-paulo\"]}]},{\"@type\":\"ImageObject\",\"inLanguage\":\"it-IT\",\"@id\":\"https:\\\/\\\/www.musikzeitung.ch\\\/news\\\/2025\\\/12\\\/fischer-bleibt-bis-2031-in-sao-paulo#primaryimage\",\"url\":\"https:\\\/\\\/www.musikzeitung.ch\\\/wp-content\\\/uploads\\\/2025\\\/12\\\/251224fischer.jpg\",\"contentUrl\":\"https:\\\/\\\/www.musikzeitung.ch\\\/wp-content\\\/uploads\\\/2025\\\/12\\\/251224fischer.jpg\",\"width\":1032,\"height\":648},{\"@type\":\"BreadcrumbList\",\"@id\":\"https:\\\/\\\/www.musikzeitung.ch\\\/news\\\/2025\\\/12\\\/fischer-bleibt-bis-2031-in-sao-paulo#breadcrumb\",\"itemListElement\":[{\"@type\":\"ListItem\",\"position\":1,\"name\":\"Home\",\"item\":\"https:\\\/\\\/www.musikzeitung.ch\\\/\"},{\"@type\":\"ListItem\",\"position\":2,\"name\":\"Fischer bleibt bis 2031 in S\u00e3o Paulo\"}]},{\"@type\":\"WebSite\",\"@id\":\"https:\\\/\\\/www.musikzeitung.ch\\\/#website\",\"url\":\"https:\\\/\\\/www.musikzeitung.ch\\\/\",\"name\":\"Schweizer Musikzeitung\",\"description\":\"Die f\u00fchrende sparten\u00fcbergreifende Monatszeitung in der Schweiz f\u00fcr musikalische Fragen.\",\"publisher\":{\"@id\":\"https:\\\/\\\/www.musikzeitung.ch\\\/#organization\"},\"potentialAction\":[{\"@type\":\"SearchAction\",\"target\":{\"@type\":\"EntryPoint\",\"urlTemplate\":\"https:\\\/\\\/www.musikzeitung.ch\\\/?s={search_term_string}\"},\"query-input\":{\"@type\":\"PropertyValueSpecification\",\"valueRequired\":true,\"valueName\":\"search_term_string\"}}],\"inLanguage\":\"it-IT\"},{\"@type\":\"Organization\",\"@id\":\"https:\\\/\\\/www.musikzeitung.ch\\\/#organization\",\"name\":\"Schweizer Musikzeitung\",\"url\":\"https:\\\/\\\/www.musikzeitung.ch\\\/\",\"logo\":{\"@type\":\"ImageObject\",\"inLanguage\":\"it-IT\",\"@id\":\"https:\\\/\\\/www.musikzeitung.ch\\\/#\\\/schema\\\/logo\\\/image\\\/\",\"url\":\"https:\\\/\\\/www.musikzeitung.ch\\\/wp-content\\\/uploads\\\/2023\\\/01\\\/SMZ_Schriftzug_Sprache.png\",\"contentUrl\":\"https:\\\/\\\/www.musikzeitung.ch\\\/wp-content\\\/uploads\\\/2023\\\/01\\\/SMZ_Schriftzug_Sprache.png\",\"width\":1400,\"height\":279,\"caption\":\"Schweizer Musikzeitung\"},\"image\":{\"@id\":\"https:\\\/\\\/www.musikzeitung.ch\\\/#\\\/schema\\\/logo\\\/image\\\/\"},\"sameAs\":[\"https:\\\/\\\/www.facebook.com\\\/SchweizerMusikzeitung\\\/\",\"https:\\\/\\\/x.com\\\/smusikzeitung\",\"https:\\\/\\\/www.instagram.com\\\/musikzeitung.ch\\\/\"]},{\"@type\":\"Person\",\"@id\":\"https:\\\/\\\/www.musikzeitung.ch\\\/#\\\/schema\\\/person\\\/0da4fb82d243f1252850a35d0e87cf0c\",\"name\":\"Wolfgang B\u00f6hler\",\"image\":{\"@type\":\"ImageObject\",\"inLanguage\":\"it-IT\",\"@id\":\"https:\\\/\\\/www.musikzeitung.ch\\\/wp-content\\\/uploads\\\/2023\\\/01\\\/boehler_portraet_web-e1674139782246-96x96.jpg\",\"url\":\"https:\\\/\\\/www.musikzeitung.ch\\\/wp-content\\\/uploads\\\/2023\\\/01\\\/boehler_portraet_web-e1674139782246-96x96.jpg\",\"contentUrl\":\"https:\\\/\\\/www.musikzeitung.ch\\\/wp-content\\\/uploads\\\/2023\\\/01\\\/boehler_portraet_web-e1674139782246-96x96.jpg\",\"caption\":\"Wolfgang B\u00f6hler\"},\"sameAs\":[\"http:\\\/\\\/www.manacanto.ch\",\"https:\\\/\\\/www.facebook.com\\\/wolfgang.bohler.75\"],\"url\":\"https:\\\/\\\/www.musikzeitung.ch\\\/it\\\/author\\\/wolfgang-boehler\"}]}<\/script>\n<!-- \/ Yoast SEO plugin. -->","yoast_head_json":{"title":"Fischer rimarr\u00e0 a San Paolo fino al 2031 - Rivista musicale svizzera","description":"Il direttore d'orchestra svizzero Thierry Fischer ha prolungato fino alla fine del 2031 il suo contratto come direttore musicale e direttore principale dell'Orchestra Sinfonica di San Paolo.","robots":{"index":"index","follow":"follow","max-snippet":"max-snippet:-1","max-image-preview":"max-image-preview:large","max-video-preview":"max-video-preview:-1"},"canonical":"https:\/\/www.musikzeitung.ch\/it\/news\/2025\/12\/fischer-bleibt-bis-2031-in-sao-paulo\/","og_locale":"it_IT","og_type":"article","og_title":"Fischer bleibt bis 2031 in S\u00e3o Paulo - Schweizer Musikzeitung","og_description":"Der Schweizer Dirigent Thierry Fischer hat seinen Vertrag als Musikdirektor und Chefdirigent mit dem Symphonieorchester von S\u00e3o Paulo bis Ende 2031 verl\u00e4ngert.","og_url":"https:\/\/www.musikzeitung.ch\/it\/news\/2025\/12\/fischer-bleibt-bis-2031-in-sao-paulo\/","og_site_name":"Schweizer Musikzeitung","article_publisher":"https:\/\/www.facebook.com\/SchweizerMusikzeitung\/","article_author":"https:\/\/www.facebook.com\/wolfgang.bohler.75","article_published_time":"2025-12-24T13:00:36+00:00","article_modified_time":"2026-01-05T08:33:54+00:00","og_image":[{"width":1032,"height":648,"url":"https:\/\/www.musikzeitung.ch\/wp-content\/uploads\/2025\/12\/251224fischer.jpg","type":"image\/jpeg"}],"author":"Wolfgang B\u00f6hler","twitter_card":"summary_large_image","twitter_creator":"@smusikzeitung","twitter_site":"@smusikzeitung","twitter_misc":{"Scritto da":"Wolfgang B\u00f6hler","Tempo di lettura stimato":"2 minuti"},"schema":{"@context":"https:\/\/schema.org","@graph":[{"@type":"Article","@id":"https:\/\/www.musikzeitung.ch\/news\/2025\/12\/fischer-bleibt-bis-2031-in-sao-paulo#article","isPartOf":{"@id":"https:\/\/www.musikzeitung.ch\/news\/2025\/12\/fischer-bleibt-bis-2031-in-sao-paulo"},"author":{"name":"Wolfgang B\u00f6hler","@id":"https:\/\/www.musikzeitung.ch\/#\/schema\/person\/0da4fb82d243f1252850a35d0e87cf0c"},"headline":"Fischer bleibt bis 2031 in S\u00e3o Paulo","datePublished":"2025-12-24T13:00:36+00:00","dateModified":"2026-01-05T08:33:54+00:00","mainEntityOfPage":{"@id":"https:\/\/www.musikzeitung.ch\/news\/2025\/12\/fischer-bleibt-bis-2031-in-sao-paulo"},"wordCount":227,"publisher":{"@id":"https:\/\/www.musikzeitung.ch\/#organization"},"image":{"@id":"https:\/\/www.musikzeitung.ch\/news\/2025\/12\/fischer-bleibt-bis-2031-in-sao-paulo#primaryimage"},"thumbnailUrl":"https:\/\/www.musikzeitung.ch\/wp-content\/uploads\/2025\/12\/251224fischer.jpg","keywords":["Thierry Fischer"],"articleSection":["News","Personen"],"inLanguage":"it-IT"},{"@type":"WebPage","@id":"https:\/\/www.musikzeitung.ch\/news\/2025\/12\/fischer-bleibt-bis-2031-in-sao-paulo","url":"https:\/\/www.musikzeitung.ch\/news\/2025\/12\/fischer-bleibt-bis-2031-in-sao-paulo","name":"Fischer rimarr\u00e0 a San Paolo fino al 2031 - Rivista musicale svizzera","isPartOf":{"@id":"https:\/\/www.musikzeitung.ch\/#website"},"primaryImageOfPage":{"@id":"https:\/\/www.musikzeitung.ch\/news\/2025\/12\/fischer-bleibt-bis-2031-in-sao-paulo#primaryimage"},"image":{"@id":"https:\/\/www.musikzeitung.ch\/news\/2025\/12\/fischer-bleibt-bis-2031-in-sao-paulo#primaryimage"},"thumbnailUrl":"https:\/\/www.musikzeitung.ch\/wp-content\/uploads\/2025\/12\/251224fischer.jpg","datePublished":"2025-12-24T13:00:36+00:00","dateModified":"2026-01-05T08:33:54+00:00","description":"Il direttore d'orchestra svizzero Thierry Fischer ha prolungato fino alla fine del 2031 il suo contratto come direttore musicale e direttore principale dell'Orchestra Sinfonica di San Paolo.","breadcrumb":{"@id":"https:\/\/www.musikzeitung.ch\/news\/2025\/12\/fischer-bleibt-bis-2031-in-sao-paulo#breadcrumb"},"inLanguage":"it-IT","potentialAction":[{"@type":"ReadAction","target":["https:\/\/www.musikzeitung.ch\/news\/2025\/12\/fischer-bleibt-bis-2031-in-sao-paulo"]}]},{"@type":"ImageObject","inLanguage":"it-IT","@id":"https:\/\/www.musikzeitung.ch\/news\/2025\/12\/fischer-bleibt-bis-2031-in-sao-paulo#primaryimage","url":"https:\/\/www.musikzeitung.ch\/wp-content\/uploads\/2025\/12\/251224fischer.jpg","contentUrl":"https:\/\/www.musikzeitung.ch\/wp-content\/uploads\/2025\/12\/251224fischer.jpg","width":1032,"height":648},{"@type":"BreadcrumbList","@id":"https:\/\/www.musikzeitung.ch\/news\/2025\/12\/fischer-bleibt-bis-2031-in-sao-paulo#breadcrumb","itemListElement":[{"@type":"ListItem","position":1,"name":"Home","item":"https:\/\/www.musikzeitung.ch\/"},{"@type":"ListItem","position":2,"name":"Fischer bleibt bis 2031 in S\u00e3o Paulo"}]},{"@type":"WebSite","@id":"https:\/\/www.musikzeitung.ch\/#website","url":"https:\/\/www.musikzeitung.ch\/","name":"Giornale musicale svizzero","description":"Il principale mensile interdisciplinare della Svizzera per le questioni musicali.","publisher":{"@id":"https:\/\/www.musikzeitung.ch\/#organization"},"potentialAction":[{"@type":"SearchAction","target":{"@type":"EntryPoint","urlTemplate":"https:\/\/www.musikzeitung.ch\/?s={search_term_string}"},"query-input":{"@type":"PropertyValueSpecification","valueRequired":true,"valueName":"search_term_string"}}],"inLanguage":"it-IT"},{"@type":"Organization","@id":"https:\/\/www.musikzeitung.ch\/#organization","name":"Giornale musicale svizzero","url":"https:\/\/www.musikzeitung.ch\/","logo":{"@type":"ImageObject","inLanguage":"it-IT","@id":"https:\/\/www.musikzeitung.ch\/#\/schema\/logo\/image\/","url":"https:\/\/www.musikzeitung.ch\/wp-content\/uploads\/2023\/01\/SMZ_Schriftzug_Sprache.png","contentUrl":"https:\/\/www.musikzeitung.ch\/wp-content\/uploads\/2023\/01\/SMZ_Schriftzug_Sprache.png","width":1400,"height":279,"caption":"Schweizer Musikzeitung"},"image":{"@id":"https:\/\/www.musikzeitung.ch\/#\/schema\/logo\/image\/"},"sameAs":["https:\/\/www.facebook.com\/SchweizerMusikzeitung\/","https:\/\/x.com\/smusikzeitung","https:\/\/www.instagram.com\/musikzeitung.ch\/"]},{"@type":"Person","@id":"https:\/\/www.musikzeitung.ch\/#\/schema\/person\/0da4fb82d243f1252850a35d0e87cf0c","name":"Wolfgang B\u00f6hler","image":{"@type":"ImageObject","inLanguage":"it-IT","@id":"https:\/\/www.musikzeitung.ch\/wp-content\/uploads\/2023\/01\/boehler_portraet_web-e1674139782246-96x96.jpg","url":"https:\/\/www.musikzeitung.ch\/wp-content\/uploads\/2023\/01\/boehler_portraet_web-e1674139782246-96x96.jpg","contentUrl":"https:\/\/www.musikzeitung.ch\/wp-content\/uploads\/2023\/01\/boehler_portraet_web-e1674139782246-96x96.jpg","caption":"Wolfgang B\u00f6hler"},"sameAs":["http:\/\/www.manacanto.ch","https:\/\/www.facebook.com\/wolfgang.bohler.75"],"url":"https:\/\/www.musikzeitung.ch\/it\/author\/wolfgang-boehler"}]}},"publishpress_future_workflow_manual_trigger":{"enabledWorkflows":[]},"_links":{"self":[{"href":"https:\/\/www.musikzeitung.ch\/it\/wp-json\/wp\/v2\/posts\/69801","targetHints":{"allow":["GET"]}}],"collection":[{"href":"https:\/\/www.musikzeitung.ch\/it\/wp-json\/wp\/v2\/posts"}],"about":[{"href":"https:\/\/www.musikzeitung.ch\/it\/wp-json\/wp\/v2\/types\/post"}],"author":[{"embeddable":true,"href":"https:\/\/www.musikzeitung.ch\/it\/wp-json\/wp\/v2\/users\/30"}],"replies":[{"embeddable":true,"href":"https:\/\/www.musikzeitung.ch\/it\/wp-json\/wp\/v2\/comments?post=69801"}],"version-history":[{"count":6,"href":"https:\/\/www.musikzeitung.ch\/it\/wp-json\/wp\/v2\/posts\/69801\/revisions"}],"predecessor-version":[{"id":69876,"href":"https:\/\/www.musikzeitung.ch\/it\/wp-json\/wp\/v2\/posts\/69801\/revisions\/69876"}],"wp:featuredmedia":[{"embeddable":true,"href":"https:\/\/www.musikzeitung.ch\/it\/wp-json\/wp\/v2\/media\/69802"}],"wp:attachment":[{"href":"https:\/\/www.musikzeitung.ch\/it\/wp-json\/wp\/v2\/media?parent=69801"}],"wp:term":[{"taxonomy":"category","embeddable":true,"href":"https:\/\/www.musikzeitung.ch\/it\/wp-json\/wp\/v2\/categories?post=69801"},{"taxonomy":"post_tag","embeddable":true,"href":"https:\/\/www.musikzeitung.ch\/it\/wp-json\/wp\/v2\/tags?post=69801"}],"curies":[{"name":"wp","href":"https:\/\/api.w.org\/{rel}","templated":true}]}}