{"id":70167,"date":"2026-01-20T12:50:49","date_gmt":"2026-01-20T11:50:49","guid":{"rendered":"https:\/\/www.musikzeitung.ch\/?p=70167"},"modified":"2026-01-20T15:00:52","modified_gmt":"2026-01-20T14:00:52","slug":"arman-wird-kuenstlerischer-leiter-der-muenchener-bach-akademie","status":"publish","type":"post","link":"https:\/\/www.musikzeitung.ch\/it\/news\/2026\/01\/arman-wird-kuenstlerischer-leiter-der-muenchener-bach-akademie","title":{"rendered":"Arman diventa direttore artistico dell'Accademia Bach di Monaco di Baviera"},"content":{"rendered":"<figure id=\"attachment_70168\" aria-describedby=\"caption-attachment-70168\" style=\"width: 768px\" class=\"wp-caption alignnone\"><img loading=\"lazy\" decoding=\"async\" class=\"size-large wp-image-70168\" src=\"https:\/\/www.musikzeitung.ch\/wp-content\/uploads\/2026\/01\/260120arman-1024x682.jpg\" alt=\"\" width=\"768\" height=\"512\" srcset=\"https:\/\/www.musikzeitung.ch\/wp-content\/uploads\/2026\/01\/260120arman-1024x682.jpg 1024w, https:\/\/www.musikzeitung.ch\/wp-content\/uploads\/2026\/01\/260120arman-300x200.jpg 300w, https:\/\/www.musikzeitung.ch\/wp-content\/uploads\/2026\/01\/260120arman-600x400.jpg 600w, https:\/\/www.musikzeitung.ch\/wp-content\/uploads\/2026\/01\/260120arman-768x512.jpg 768w, https:\/\/www.musikzeitung.ch\/wp-content\/uploads\/2026\/01\/260120arman-18x12.jpg 18w, https:\/\/www.musikzeitung.ch\/wp-content\/uploads\/2026\/01\/260120arman-263x175.jpg 263w, https:\/\/www.musikzeitung.ch\/wp-content\/uploads\/2026\/01\/260120arman-525x350.jpg 525w, https:\/\/www.musikzeitung.ch\/wp-content\/uploads\/2026\/01\/260120arman-1200x800.jpg 1200w, https:\/\/www.musikzeitung.ch\/wp-content\/uploads\/2026\/01\/260120arman-920x613.jpg 920w, https:\/\/www.musikzeitung.ch\/wp-content\/uploads\/2026\/01\/260120arman.jpg 1280w\" sizes=\"auto, (max-width: 768px) 100vw, 768px\" \/><figcaption id=\"caption-attachment-70168\" class=\"wp-caption-text\">Howard Arman (Immagine: Bayerischer Rundfunk, Klangk\u00f6rper Marketing)<\/figcaption><\/figure>\n<p>Nato a Londra nel 1954, Arman si \u00e8 formato nella sua citt\u00e0 natale al Trinity College of Music. Dal 1983 al 2000 ha diretto il Salzburg Bach Choir, con il quale si \u00e8 esibito per la prima volta al Festival di Salisburgo nel 1995. Dal 1998 al 2013, Howard Arman \u00e8 stato direttore artistico del Coro della Radio MDR di Lipsia e dal 2011 al 2016 direttore musicale del Teatro di Lucerna. Assumer\u00e0 il suo nuovo incarico a Monaco a partire dalla stagione 2026\/27.<\/p>\n<p>L'Accademia Bach di Monaco di Baviera \u00e8 nata dal desiderio di coltivare costantemente la musica di Johann Sebastian Bach a Monaco di Baviera ad un alto livello artistico. Dalla sua fondazione, l'Accademia \u00e8 diventata un punto di riferimento permanente nella vita musicale della citt\u00e0 con concerti, progetti e attivit\u00e0 di educazione musicale. Fin dall'inizio, la sua storia ha combinato la prassi esecutiva storica con l'obiettivo di presentare la musica di Bach in modo nuovo e vivace.<\/p>","protected":false},"excerpt":{"rendered":"<p>Howard Arman, che \u00e8 stato direttore musicale del Teatro di Lucerna dal 2011 al 2016, assumer\u00e0 la direzione artistica del Munich Bach Choir, della Munich Bach Orchestra e della Munich Bach Academy.<\/p>","protected":false},"author":30,"featured_media":70168,"comment_status":"closed","ping_status":"closed","sticky":false,"template":"","format":"standard","meta":{"_acf_changed":false,"_relevanssi_hide_post":"","_relevanssi_hide_content":"","_relevanssi_pin_for_all":"","_relevanssi_pin_keywords":"","_relevanssi_unpin_keywords":"","_relevanssi_related_keywords":"","_relevanssi_related_include_ids":"","_relevanssi_related_exclude_ids":"","_relevanssi_related_no_append":"","_relevanssi_related_not_related":"","_relevanssi_related_posts":"","_relevanssi_noindex_reason":"","pgc_sgb_lightbox_settings":"","footnotes":""},"categories":[27],"tags":[5477,5478],"class_list":["post-70167","post","type-post","status-publish","format-standard","has-post-thumbnail","hentry","category-news","tag-howard-arman","tag-muenchener-bach-akademie"],"acf":[],"yoast_head":"<!-- This site is optimized with the Yoast SEO plugin v27.5 - https:\/\/yoast.com\/product\/yoast-seo-wordpress\/ -->\n<title>Arman wird K\u00fcnstlerischer Leiter der M\u00fcnchener Bach-Akademie - Schweizer Musikzeitung<\/title>\n<meta name=\"description\" content=\"Der Brite Howard Arman \u00fcbernimmt die k\u00fcnstlerische Leitung des M\u00fcnchener Bach-Chores, des M\u00fcnchener Bach-Orchesters und der M\u00fcnchener Bach-Akademie.\" \/>\n<meta name=\"robots\" content=\"index, follow, max-snippet:-1, max-image-preview:large, max-video-preview:-1\" \/>\n<link rel=\"canonical\" href=\"https:\/\/www.musikzeitung.ch\/it\/news\/2026\/01\/arman-wird-kuenstlerischer-leiter-der-muenchener-bach-akademie\/\" \/>\n<meta property=\"og:locale\" content=\"it_IT\" \/>\n<meta property=\"og:type\" content=\"article\" \/>\n<meta property=\"og:title\" content=\"Arman wird K\u00fcnstlerischer Leiter der M\u00fcnchener Bach-Akademie - Schweizer Musikzeitung\" \/>\n<meta property=\"og:description\" content=\"Der Brite Howard Arman \u00fcbernimmt die k\u00fcnstlerische Leitung des M\u00fcnchener Bach-Chores, des M\u00fcnchener Bach-Orchesters und der M\u00fcnchener Bach-Akademie.\" \/>\n<meta property=\"og:url\" content=\"https:\/\/www.musikzeitung.ch\/it\/news\/2026\/01\/arman-wird-kuenstlerischer-leiter-der-muenchener-bach-akademie\/\" \/>\n<meta property=\"og:site_name\" content=\"Schweizer Musikzeitung\" \/>\n<meta property=\"article:publisher\" content=\"https:\/\/www.facebook.com\/SchweizerMusikzeitung\/\" \/>\n<meta property=\"article:author\" content=\"https:\/\/www.facebook.com\/wolfgang.bohler.75\" \/>\n<meta property=\"article:published_time\" content=\"2026-01-20T11:50:49+00:00\" \/>\n<meta property=\"article:modified_time\" content=\"2026-01-20T14:00:52+00:00\" \/>\n<meta property=\"og:image\" content=\"https:\/\/www.musikzeitung.ch\/wp-content\/uploads\/2026\/01\/260120arman.jpg\" \/>\n\t<meta property=\"og:image:width\" content=\"1280\" \/>\n\t<meta property=\"og:image:height\" content=\"853\" \/>\n\t<meta property=\"og:image:type\" content=\"image\/jpeg\" \/>\n<meta name=\"author\" content=\"Wolfgang B\u00f6hler\" \/>\n<meta name=\"twitter:card\" content=\"summary_large_image\" \/>\n<meta name=\"twitter:creator\" content=\"@smusikzeitung\" \/>\n<meta name=\"twitter:site\" content=\"@smusikzeitung\" \/>\n<meta name=\"twitter:label1\" content=\"Scritto da\" \/>\n\t<meta name=\"twitter:data1\" content=\"Wolfgang B\u00f6hler\" \/>\n\t<meta name=\"twitter:label2\" content=\"Tempo di lettura stimato\" \/>\n\t<meta name=\"twitter:data2\" content=\"2 minuti\" \/>\n<script type=\"application\/ld+json\" class=\"yoast-schema-graph\">{\"@context\":\"https:\\\/\\\/schema.org\",\"@graph\":[{\"@type\":\"Article\",\"@id\":\"https:\\\/\\\/www.musikzeitung.ch\\\/news\\\/2026\\\/01\\\/arman-wird-kuenstlerischer-leiter-der-muenchener-bach-akademie#article\",\"isPartOf\":{\"@id\":\"https:\\\/\\\/www.musikzeitung.ch\\\/news\\\/2026\\\/01\\\/arman-wird-kuenstlerischer-leiter-der-muenchener-bach-akademie\"},\"author\":{\"name\":\"Wolfgang B\u00f6hler\",\"@id\":\"https:\\\/\\\/www.musikzeitung.ch\\\/#\\\/schema\\\/person\\\/0da4fb82d243f1252850a35d0e87cf0c\"},\"headline\":\"Arman wird K\u00fcnstlerischer Leiter der M\u00fcnchener Bach-Akademie\",\"datePublished\":\"2026-01-20T11:50:49+00:00\",\"dateModified\":\"2026-01-20T14:00:52+00:00\",\"mainEntityOfPage\":{\"@id\":\"https:\\\/\\\/www.musikzeitung.ch\\\/news\\\/2026\\\/01\\\/arman-wird-kuenstlerischer-leiter-der-muenchener-bach-akademie\"},\"wordCount\":156,\"publisher\":{\"@id\":\"https:\\\/\\\/www.musikzeitung.ch\\\/#organization\"},\"image\":{\"@id\":\"https:\\\/\\\/www.musikzeitung.ch\\\/news\\\/2026\\\/01\\\/arman-wird-kuenstlerischer-leiter-der-muenchener-bach-akademie#primaryimage\"},\"thumbnailUrl\":\"https:\\\/\\\/www.musikzeitung.ch\\\/wp-content\\\/uploads\\\/2026\\\/01\\\/260120arman.jpg\",\"keywords\":[\"Howard Arman\",\"M\u00fcnchener Bach-Akademie\"],\"articleSection\":[\"News\"],\"inLanguage\":\"it-IT\"},{\"@type\":\"WebPage\",\"@id\":\"https:\\\/\\\/www.musikzeitung.ch\\\/news\\\/2026\\\/01\\\/arman-wird-kuenstlerischer-leiter-der-muenchener-bach-akademie\",\"url\":\"https:\\\/\\\/www.musikzeitung.ch\\\/news\\\/2026\\\/01\\\/arman-wird-kuenstlerischer-leiter-der-muenchener-bach-akademie\",\"name\":\"Arman wird K\u00fcnstlerischer Leiter der M\u00fcnchener Bach-Akademie - Schweizer Musikzeitung\",\"isPartOf\":{\"@id\":\"https:\\\/\\\/www.musikzeitung.ch\\\/#website\"},\"primaryImageOfPage\":{\"@id\":\"https:\\\/\\\/www.musikzeitung.ch\\\/news\\\/2026\\\/01\\\/arman-wird-kuenstlerischer-leiter-der-muenchener-bach-akademie#primaryimage\"},\"image\":{\"@id\":\"https:\\\/\\\/www.musikzeitung.ch\\\/news\\\/2026\\\/01\\\/arman-wird-kuenstlerischer-leiter-der-muenchener-bach-akademie#primaryimage\"},\"thumbnailUrl\":\"https:\\\/\\\/www.musikzeitung.ch\\\/wp-content\\\/uploads\\\/2026\\\/01\\\/260120arman.jpg\",\"datePublished\":\"2026-01-20T11:50:49+00:00\",\"dateModified\":\"2026-01-20T14:00:52+00:00\",\"description\":\"Der Brite Howard Arman \u00fcbernimmt die k\u00fcnstlerische Leitung des M\u00fcnchener Bach-Chores, des M\u00fcnchener Bach-Orchesters und der M\u00fcnchener Bach-Akademie.\",\"breadcrumb\":{\"@id\":\"https:\\\/\\\/www.musikzeitung.ch\\\/news\\\/2026\\\/01\\\/arman-wird-kuenstlerischer-leiter-der-muenchener-bach-akademie#breadcrumb\"},\"inLanguage\":\"it-IT\",\"potentialAction\":[{\"@type\":\"ReadAction\",\"target\":[\"https:\\\/\\\/www.musikzeitung.ch\\\/news\\\/2026\\\/01\\\/arman-wird-kuenstlerischer-leiter-der-muenchener-bach-akademie\"]}]},{\"@type\":\"ImageObject\",\"inLanguage\":\"it-IT\",\"@id\":\"https:\\\/\\\/www.musikzeitung.ch\\\/news\\\/2026\\\/01\\\/arman-wird-kuenstlerischer-leiter-der-muenchener-bach-akademie#primaryimage\",\"url\":\"https:\\\/\\\/www.musikzeitung.ch\\\/wp-content\\\/uploads\\\/2026\\\/01\\\/260120arman.jpg\",\"contentUrl\":\"https:\\\/\\\/www.musikzeitung.ch\\\/wp-content\\\/uploads\\\/2026\\\/01\\\/260120arman.jpg\",\"width\":1280,\"height\":853,\"caption\":\"Howard Arman (Bild: Bayerischer Rundfunk, Klangk\u00f6rper Marketing)\"},{\"@type\":\"BreadcrumbList\",\"@id\":\"https:\\\/\\\/www.musikzeitung.ch\\\/news\\\/2026\\\/01\\\/arman-wird-kuenstlerischer-leiter-der-muenchener-bach-akademie#breadcrumb\",\"itemListElement\":[{\"@type\":\"ListItem\",\"position\":1,\"name\":\"Home\",\"item\":\"https:\\\/\\\/www.musikzeitung.ch\\\/\"},{\"@type\":\"ListItem\",\"position\":2,\"name\":\"Arman wird K\u00fcnstlerischer Leiter der M\u00fcnchener Bach-Akademie\"}]},{\"@type\":\"WebSite\",\"@id\":\"https:\\\/\\\/www.musikzeitung.ch\\\/#website\",\"url\":\"https:\\\/\\\/www.musikzeitung.ch\\\/\",\"name\":\"Schweizer Musikzeitung\",\"description\":\"Die f\u00fchrende sparten\u00fcbergreifende Monatszeitung in der Schweiz f\u00fcr musikalische Fragen.\",\"publisher\":{\"@id\":\"https:\\\/\\\/www.musikzeitung.ch\\\/#organization\"},\"potentialAction\":[{\"@type\":\"SearchAction\",\"target\":{\"@type\":\"EntryPoint\",\"urlTemplate\":\"https:\\\/\\\/www.musikzeitung.ch\\\/?s={search_term_string}\"},\"query-input\":{\"@type\":\"PropertyValueSpecification\",\"valueRequired\":true,\"valueName\":\"search_term_string\"}}],\"inLanguage\":\"it-IT\"},{\"@type\":\"Organization\",\"@id\":\"https:\\\/\\\/www.musikzeitung.ch\\\/#organization\",\"name\":\"Schweizer Musikzeitung\",\"url\":\"https:\\\/\\\/www.musikzeitung.ch\\\/\",\"logo\":{\"@type\":\"ImageObject\",\"inLanguage\":\"it-IT\",\"@id\":\"https:\\\/\\\/www.musikzeitung.ch\\\/#\\\/schema\\\/logo\\\/image\\\/\",\"url\":\"https:\\\/\\\/www.musikzeitung.ch\\\/wp-content\\\/uploads\\\/2023\\\/01\\\/SMZ_Schriftzug_Sprache.png\",\"contentUrl\":\"https:\\\/\\\/www.musikzeitung.ch\\\/wp-content\\\/uploads\\\/2023\\\/01\\\/SMZ_Schriftzug_Sprache.png\",\"width\":1400,\"height\":279,\"caption\":\"Schweizer Musikzeitung\"},\"image\":{\"@id\":\"https:\\\/\\\/www.musikzeitung.ch\\\/#\\\/schema\\\/logo\\\/image\\\/\"},\"sameAs\":[\"https:\\\/\\\/www.facebook.com\\\/SchweizerMusikzeitung\\\/\",\"https:\\\/\\\/x.com\\\/smusikzeitung\",\"https:\\\/\\\/www.instagram.com\\\/musikzeitung.ch\\\/\"]},{\"@type\":\"Person\",\"@id\":\"https:\\\/\\\/www.musikzeitung.ch\\\/#\\\/schema\\\/person\\\/0da4fb82d243f1252850a35d0e87cf0c\",\"name\":\"Wolfgang B\u00f6hler\",\"image\":{\"@type\":\"ImageObject\",\"inLanguage\":\"it-IT\",\"@id\":\"https:\\\/\\\/www.musikzeitung.ch\\\/wp-content\\\/uploads\\\/2023\\\/01\\\/boehler_portraet_web-e1674139782246-96x96.jpg\",\"url\":\"https:\\\/\\\/www.musikzeitung.ch\\\/wp-content\\\/uploads\\\/2023\\\/01\\\/boehler_portraet_web-e1674139782246-96x96.jpg\",\"contentUrl\":\"https:\\\/\\\/www.musikzeitung.ch\\\/wp-content\\\/uploads\\\/2023\\\/01\\\/boehler_portraet_web-e1674139782246-96x96.jpg\",\"caption\":\"Wolfgang B\u00f6hler\"},\"sameAs\":[\"http:\\\/\\\/www.manacanto.ch\",\"https:\\\/\\\/www.facebook.com\\\/wolfgang.bohler.75\"],\"url\":\"https:\\\/\\\/www.musikzeitung.ch\\\/it\\\/author\\\/wolfgang-boehler\"}]}<\/script>\n<!-- \/ Yoast SEO plugin. -->","yoast_head_json":{"title":"Arman diventa direttore artistico dell'Accademia Bach di Monaco - Schweizer Musikzeitung","description":"Il britannico Howard Arman assume la direzione artistica del Coro di Bach di Monaco, dell'Orchestra di Bach di Monaco e dell'Accademia di Bach di Monaco.","robots":{"index":"index","follow":"follow","max-snippet":"max-snippet:-1","max-image-preview":"max-image-preview:large","max-video-preview":"max-video-preview:-1"},"canonical":"https:\/\/www.musikzeitung.ch\/it\/news\/2026\/01\/arman-wird-kuenstlerischer-leiter-der-muenchener-bach-akademie\/","og_locale":"it_IT","og_type":"article","og_title":"Arman wird K\u00fcnstlerischer Leiter der M\u00fcnchener Bach-Akademie - Schweizer Musikzeitung","og_description":"Der Brite Howard Arman \u00fcbernimmt die k\u00fcnstlerische Leitung des M\u00fcnchener Bach-Chores, des M\u00fcnchener Bach-Orchesters und der M\u00fcnchener Bach-Akademie.","og_url":"https:\/\/www.musikzeitung.ch\/it\/news\/2026\/01\/arman-wird-kuenstlerischer-leiter-der-muenchener-bach-akademie\/","og_site_name":"Schweizer Musikzeitung","article_publisher":"https:\/\/www.facebook.com\/SchweizerMusikzeitung\/","article_author":"https:\/\/www.facebook.com\/wolfgang.bohler.75","article_published_time":"2026-01-20T11:50:49+00:00","article_modified_time":"2026-01-20T14:00:52+00:00","og_image":[{"width":1280,"height":853,"url":"https:\/\/www.musikzeitung.ch\/wp-content\/uploads\/2026\/01\/260120arman.jpg","type":"image\/jpeg"}],"author":"Wolfgang B\u00f6hler","twitter_card":"summary_large_image","twitter_creator":"@smusikzeitung","twitter_site":"@smusikzeitung","twitter_misc":{"Scritto da":"Wolfgang B\u00f6hler","Tempo di lettura stimato":"2 minuti"},"schema":{"@context":"https:\/\/schema.org","@graph":[{"@type":"Article","@id":"https:\/\/www.musikzeitung.ch\/news\/2026\/01\/arman-wird-kuenstlerischer-leiter-der-muenchener-bach-akademie#article","isPartOf":{"@id":"https:\/\/www.musikzeitung.ch\/news\/2026\/01\/arman-wird-kuenstlerischer-leiter-der-muenchener-bach-akademie"},"author":{"name":"Wolfgang B\u00f6hler","@id":"https:\/\/www.musikzeitung.ch\/#\/schema\/person\/0da4fb82d243f1252850a35d0e87cf0c"},"headline":"Arman wird K\u00fcnstlerischer Leiter der M\u00fcnchener Bach-Akademie","datePublished":"2026-01-20T11:50:49+00:00","dateModified":"2026-01-20T14:00:52+00:00","mainEntityOfPage":{"@id":"https:\/\/www.musikzeitung.ch\/news\/2026\/01\/arman-wird-kuenstlerischer-leiter-der-muenchener-bach-akademie"},"wordCount":156,"publisher":{"@id":"https:\/\/www.musikzeitung.ch\/#organization"},"image":{"@id":"https:\/\/www.musikzeitung.ch\/news\/2026\/01\/arman-wird-kuenstlerischer-leiter-der-muenchener-bach-akademie#primaryimage"},"thumbnailUrl":"https:\/\/www.musikzeitung.ch\/wp-content\/uploads\/2026\/01\/260120arman.jpg","keywords":["Howard Arman","M\u00fcnchener Bach-Akademie"],"articleSection":["News"],"inLanguage":"it-IT"},{"@type":"WebPage","@id":"https:\/\/www.musikzeitung.ch\/news\/2026\/01\/arman-wird-kuenstlerischer-leiter-der-muenchener-bach-akademie","url":"https:\/\/www.musikzeitung.ch\/news\/2026\/01\/arman-wird-kuenstlerischer-leiter-der-muenchener-bach-akademie","name":"Arman diventa direttore artistico dell'Accademia Bach di Monaco - Schweizer Musikzeitung","isPartOf":{"@id":"https:\/\/www.musikzeitung.ch\/#website"},"primaryImageOfPage":{"@id":"https:\/\/www.musikzeitung.ch\/news\/2026\/01\/arman-wird-kuenstlerischer-leiter-der-muenchener-bach-akademie#primaryimage"},"image":{"@id":"https:\/\/www.musikzeitung.ch\/news\/2026\/01\/arman-wird-kuenstlerischer-leiter-der-muenchener-bach-akademie#primaryimage"},"thumbnailUrl":"https:\/\/www.musikzeitung.ch\/wp-content\/uploads\/2026\/01\/260120arman.jpg","datePublished":"2026-01-20T11:50:49+00:00","dateModified":"2026-01-20T14:00:52+00:00","description":"Il britannico Howard Arman assume la direzione artistica del Coro di Bach di Monaco, dell'Orchestra di Bach di Monaco e dell'Accademia di Bach di Monaco.","breadcrumb":{"@id":"https:\/\/www.musikzeitung.ch\/news\/2026\/01\/arman-wird-kuenstlerischer-leiter-der-muenchener-bach-akademie#breadcrumb"},"inLanguage":"it-IT","potentialAction":[{"@type":"ReadAction","target":["https:\/\/www.musikzeitung.ch\/news\/2026\/01\/arman-wird-kuenstlerischer-leiter-der-muenchener-bach-akademie"]}]},{"@type":"ImageObject","inLanguage":"it-IT","@id":"https:\/\/www.musikzeitung.ch\/news\/2026\/01\/arman-wird-kuenstlerischer-leiter-der-muenchener-bach-akademie#primaryimage","url":"https:\/\/www.musikzeitung.ch\/wp-content\/uploads\/2026\/01\/260120arman.jpg","contentUrl":"https:\/\/www.musikzeitung.ch\/wp-content\/uploads\/2026\/01\/260120arman.jpg","width":1280,"height":853,"caption":"Howard Arman (Bild: Bayerischer Rundfunk, Klangk\u00f6rper Marketing)"},{"@type":"BreadcrumbList","@id":"https:\/\/www.musikzeitung.ch\/news\/2026\/01\/arman-wird-kuenstlerischer-leiter-der-muenchener-bach-akademie#breadcrumb","itemListElement":[{"@type":"ListItem","position":1,"name":"Home","item":"https:\/\/www.musikzeitung.ch\/"},{"@type":"ListItem","position":2,"name":"Arman wird K\u00fcnstlerischer Leiter der M\u00fcnchener Bach-Akademie"}]},{"@type":"WebSite","@id":"https:\/\/www.musikzeitung.ch\/#website","url":"https:\/\/www.musikzeitung.ch\/","name":"Giornale musicale svizzero","description":"Il principale mensile interdisciplinare della Svizzera per le questioni musicali.","publisher":{"@id":"https:\/\/www.musikzeitung.ch\/#organization"},"potentialAction":[{"@type":"SearchAction","target":{"@type":"EntryPoint","urlTemplate":"https:\/\/www.musikzeitung.ch\/?s={search_term_string}"},"query-input":{"@type":"PropertyValueSpecification","valueRequired":true,"valueName":"search_term_string"}}],"inLanguage":"it-IT"},{"@type":"Organization","@id":"https:\/\/www.musikzeitung.ch\/#organization","name":"Giornale musicale svizzero","url":"https:\/\/www.musikzeitung.ch\/","logo":{"@type":"ImageObject","inLanguage":"it-IT","@id":"https:\/\/www.musikzeitung.ch\/#\/schema\/logo\/image\/","url":"https:\/\/www.musikzeitung.ch\/wp-content\/uploads\/2023\/01\/SMZ_Schriftzug_Sprache.png","contentUrl":"https:\/\/www.musikzeitung.ch\/wp-content\/uploads\/2023\/01\/SMZ_Schriftzug_Sprache.png","width":1400,"height":279,"caption":"Schweizer Musikzeitung"},"image":{"@id":"https:\/\/www.musikzeitung.ch\/#\/schema\/logo\/image\/"},"sameAs":["https:\/\/www.facebook.com\/SchweizerMusikzeitung\/","https:\/\/x.com\/smusikzeitung","https:\/\/www.instagram.com\/musikzeitung.ch\/"]},{"@type":"Person","@id":"https:\/\/www.musikzeitung.ch\/#\/schema\/person\/0da4fb82d243f1252850a35d0e87cf0c","name":"Wolfgang B\u00f6hler","image":{"@type":"ImageObject","inLanguage":"it-IT","@id":"https:\/\/www.musikzeitung.ch\/wp-content\/uploads\/2023\/01\/boehler_portraet_web-e1674139782246-96x96.jpg","url":"https:\/\/www.musikzeitung.ch\/wp-content\/uploads\/2023\/01\/boehler_portraet_web-e1674139782246-96x96.jpg","contentUrl":"https:\/\/www.musikzeitung.ch\/wp-content\/uploads\/2023\/01\/boehler_portraet_web-e1674139782246-96x96.jpg","caption":"Wolfgang B\u00f6hler"},"sameAs":["http:\/\/www.manacanto.ch","https:\/\/www.facebook.com\/wolfgang.bohler.75"],"url":"https:\/\/www.musikzeitung.ch\/it\/author\/wolfgang-boehler"}]}},"publishpress_future_workflow_manual_trigger":{"enabledWorkflows":[]},"_links":{"self":[{"href":"https:\/\/www.musikzeitung.ch\/it\/wp-json\/wp\/v2\/posts\/70167","targetHints":{"allow":["GET"]}}],"collection":[{"href":"https:\/\/www.musikzeitung.ch\/it\/wp-json\/wp\/v2\/posts"}],"about":[{"href":"https:\/\/www.musikzeitung.ch\/it\/wp-json\/wp\/v2\/types\/post"}],"author":[{"embeddable":true,"href":"https:\/\/www.musikzeitung.ch\/it\/wp-json\/wp\/v2\/users\/30"}],"replies":[{"embeddable":true,"href":"https:\/\/www.musikzeitung.ch\/it\/wp-json\/wp\/v2\/comments?post=70167"}],"version-history":[{"count":3,"href":"https:\/\/www.musikzeitung.ch\/it\/wp-json\/wp\/v2\/posts\/70167\/revisions"}],"predecessor-version":[{"id":70174,"href":"https:\/\/www.musikzeitung.ch\/it\/wp-json\/wp\/v2\/posts\/70167\/revisions\/70174"}],"wp:featuredmedia":[{"embeddable":true,"href":"https:\/\/www.musikzeitung.ch\/it\/wp-json\/wp\/v2\/media\/70168"}],"wp:attachment":[{"href":"https:\/\/www.musikzeitung.ch\/it\/wp-json\/wp\/v2\/media?parent=70167"}],"wp:term":[{"taxonomy":"category","embeddable":true,"href":"https:\/\/www.musikzeitung.ch\/it\/wp-json\/wp\/v2\/categories?post=70167"},{"taxonomy":"post_tag","embeddable":true,"href":"https:\/\/www.musikzeitung.ch\/it\/wp-json\/wp\/v2\/tags?post=70167"}],"curies":[{"name":"wp","href":"https:\/\/api.w.org\/{rel}","templated":true}]}}