{"id":70180,"date":"2026-01-21T09:10:47","date_gmt":"2026-01-21T08:10:47","guid":{"rendered":"https:\/\/www.musikzeitung.ch\/?p=70180"},"modified":"2026-01-22T09:36:24","modified_gmt":"2026-01-22T08:36:24","slug":"die-schweizer-geigenbauschule-ueberzeugte-in-paris","status":"publish","type":"post","link":"https:\/\/www.musikzeitung.ch\/it\/news\/2026\/01\/die-schweizer-geigenbauschule-ueberzeugte-in-paris","title":{"rendered":"La scuola svizzera di liuteria stupisce a Parigi"},"content":{"rendered":"<figure id=\"attachment_70181\" aria-describedby=\"caption-attachment-70181\" style=\"width: 1098px\" class=\"wp-caption aligncenter\"><img loading=\"lazy\" decoding=\"async\" class=\"wp-image-70181 size-full\" src=\"https:\/\/www.musikzeitung.ch\/wp-content\/uploads\/2026\/01\/01_Echo_Geigenbauschule_1_web.jpg\" alt=\"\" width=\"1098\" height=\"692\" srcset=\"https:\/\/www.musikzeitung.ch\/wp-content\/uploads\/2026\/01\/01_Echo_Geigenbauschule_1_web.jpg 1098w, https:\/\/www.musikzeitung.ch\/wp-content\/uploads\/2026\/01\/01_Echo_Geigenbauschule_1_web-300x189.jpg 300w, https:\/\/www.musikzeitung.ch\/wp-content\/uploads\/2026\/01\/01_Echo_Geigenbauschule_1_web-1024x645.jpg 1024w, https:\/\/www.musikzeitung.ch\/wp-content\/uploads\/2026\/01\/01_Echo_Geigenbauschule_1_web-768x484.jpg 768w, https:\/\/www.musikzeitung.ch\/wp-content\/uploads\/2026\/01\/01_Echo_Geigenbauschule_1_web-18x12.jpg 18w, https:\/\/www.musikzeitung.ch\/wp-content\/uploads\/2026\/01\/01_Echo_Geigenbauschule_1_web-278x175.jpg 278w, https:\/\/www.musikzeitung.ch\/wp-content\/uploads\/2026\/01\/01_Echo_Geigenbauschule_1_web-555x350.jpg 555w, https:\/\/www.musikzeitung.ch\/wp-content\/uploads\/2026\/01\/01_Echo_Geigenbauschule_1_web-920x580.jpg 920w\" sizes=\"auto, (max-width: 1098px) 100vw, 1098px\" \/><figcaption id=\"caption-attachment-70181\" class=\"wp-caption-text\">Da sinistra: Raphael Pidoux (presidente della giuria), Thibault Jaberg e Laura Gartmann e gli studenti dell'Ecole nationale de Lutherie di Mirecourt. Foto: Scuola svizzera di liuteria<\/figcaption><\/figure>\n<p>Dopo le partecipazioni di successo del 2022 e del 2024, il Brienz <a href=\"https:\/\/www.geigenbauschule.ch\/\" target=\"_blank\" rel=\"noopener\">\u00a0Scuola svizzera di liuteria<\/a> anche alla terza edizione di quest'anno <a href=\"https:\/\/philharmoniedeparis.fr\/fr\/musee-de-la-musique\/concours-international-de-lutherie\" target=\"_blank\" rel=\"noopener\">Concorso internazionale di liuteria<\/a> dal 14 al 18 gennaio a Parigi. Laura Gartmann e Thibault Jaberg, apprendisti al quarto anno, hanno costruito la viola premiata nella categoria \u00abTalents de demain\u00bb. \u00c8 stata premiata con una medaglia di bronzo e con il premio speciale della giuria \u00abCoup de C\u0153ur\u00bb per l'eccezionale abilit\u00e0 artigianale. Il primo e il secondo posto del concorso sono andati al francese <a href=\"https:\/\/enl-mirecourt.fr\/\" target=\"_blank\" rel=\"noopener\">Scuola nazionale di liuteria<\/a> a Mirecourt.<\/p>\n<p>Il Concours international de lutherie \u00e8 uno dei concorsi pi\u00f9 prestigiosi della liuteria internazionale. Nella categoria \u00abTalents de demain\u00bb, i liutai in formazione sono giudicati secondo i pi\u00f9 severi criteri di artigianalit\u00e0, design e suono. Secondo la scuola svizzera di liuteria, ricevere il premio speciale della giuria sottolinea l'alta qualit\u00e0 e l'indipendenza della formazione in un confronto internazionale, conferma l'approccio sostenibile della scuola e rafforza la sua visibilit\u00e0 internazionale.<\/p>\n<p>All'edizione di quest'anno hanno partecipato nove scuole con 15 strumenti. Una giuria internazionale di esperti ha giudicato un totale di 75 viole provenienti da 22 Paesi nelle due categorie \u00abTalents d'aujourd'hui\u00bb e \u00abTalents de demain\u00bb.<\/p>\n<figure id=\"attachment_70182\" aria-describedby=\"caption-attachment-70182\" style=\"width: 1179px\" class=\"wp-caption aligncenter\"><img loading=\"lazy\" decoding=\"async\" class=\"wp-image-70182 size-full\" src=\"https:\/\/www.musikzeitung.ch\/wp-content\/uploads\/2026\/01\/01_Echo_Geigenbauschule_2_web.jpg\" alt=\"\" width=\"1179\" height=\"536\" srcset=\"https:\/\/www.musikzeitung.ch\/wp-content\/uploads\/2026\/01\/01_Echo_Geigenbauschule_2_web.jpg 1179w, https:\/\/www.musikzeitung.ch\/wp-content\/uploads\/2026\/01\/01_Echo_Geigenbauschule_2_web-300x136.jpg 300w, https:\/\/www.musikzeitung.ch\/wp-content\/uploads\/2026\/01\/01_Echo_Geigenbauschule_2_web-1024x466.jpg 1024w, https:\/\/www.musikzeitung.ch\/wp-content\/uploads\/2026\/01\/01_Echo_Geigenbauschule_2_web-768x349.jpg 768w, https:\/\/www.musikzeitung.ch\/wp-content\/uploads\/2026\/01\/01_Echo_Geigenbauschule_2_web-18x8.jpg 18w, https:\/\/www.musikzeitung.ch\/wp-content\/uploads\/2026\/01\/01_Echo_Geigenbauschule_2_web-375x170.jpg 375w, https:\/\/www.musikzeitung.ch\/wp-content\/uploads\/2026\/01\/01_Echo_Geigenbauschule_2_web-760x346.jpg 760w, https:\/\/www.musikzeitung.ch\/wp-content\/uploads\/2026\/01\/01_Echo_Geigenbauschule_2_web-920x418.jpg 920w\" sizes=\"auto, (max-width: 1179px) 100vw, 1179px\" \/><figcaption id=\"caption-attachment-70182\" class=\"wp-caption-text\">\u00abFor\u00eat d'altos\u00bb: tutti gli strumenti presentati e valutati nelle due categorie di concorso \u00abTalents d'aujourd'hui\u00bb e \u00abTalents de demain\u00bb. Foto: Scuola svizzera di liuteria<\/figcaption><\/figure>","protected":false},"excerpt":{"rendered":"<p>La viola di Laura Gartmann e Thibault Jaberg ha vinto un premio al Concours international de lutherie 2026.<\/p>","protected":false},"author":23,"featured_media":70182,"comment_status":"closed","ping_status":"closed","sticky":false,"template":"","format":"standard","meta":{"_acf_changed":false,"_relevanssi_hide_post":"","_relevanssi_hide_content":"","_relevanssi_pin_for_all":"","_relevanssi_pin_keywords":"","_relevanssi_unpin_keywords":"","_relevanssi_related_keywords":"","_relevanssi_related_include_ids":"","_relevanssi_related_exclude_ids":"","_relevanssi_related_no_append":"","_relevanssi_related_not_related":"","_relevanssi_related_posts":"","_relevanssi_noindex_reason":"","pgc_sgb_lightbox_settings":"","footnotes":""},"categories":[27],"tags":[5479,3597],"class_list":["post-70180","post","type-post","status-publish","format-standard","has-post-thumbnail","hentry","category-news","tag-concours-international-de-lutherie","tag-schweizer-geigenbauschule"],"acf":[],"yoast_head":"<!-- This site is optimized with the Yoast SEO plugin v27.4 - https:\/\/yoast.com\/product\/yoast-seo-wordpress\/ -->\n<title>Die Schweizer Geigenbauschule \u00fcberzeugte in Paris - Schweizer Musikzeitung<\/title>\n<meta name=\"description\" content=\"Beim Concours international de lutherie 2026 wurde die Viola von Laura Gartmann und Thibault Jaberg pr\u00e4miert.\" \/>\n<meta name=\"robots\" content=\"index, follow, max-snippet:-1, max-image-preview:large, max-video-preview:-1\" \/>\n<link rel=\"canonical\" href=\"https:\/\/www.musikzeitung.ch\/it\/news\/2026\/01\/die-schweizer-geigenbauschule-ueberzeugte-in-paris\/\" \/>\n<meta property=\"og:locale\" content=\"it_IT\" \/>\n<meta property=\"og:type\" content=\"article\" \/>\n<meta property=\"og:title\" content=\"Die Schweizer Geigenbauschule \u00fcberzeugte in Paris - Schweizer Musikzeitung\" \/>\n<meta property=\"og:description\" content=\"Beim Concours international de lutherie 2026 wurde die Viola von Laura Gartmann und Thibault Jaberg pr\u00e4miert.\" \/>\n<meta property=\"og:url\" content=\"https:\/\/www.musikzeitung.ch\/it\/news\/2026\/01\/die-schweizer-geigenbauschule-ueberzeugte-in-paris\/\" \/>\n<meta property=\"og:site_name\" content=\"Schweizer Musikzeitung\" \/>\n<meta property=\"article:publisher\" content=\"https:\/\/www.facebook.com\/SchweizerMusikzeitung\/\" \/>\n<meta property=\"article:published_time\" content=\"2026-01-21T08:10:47+00:00\" \/>\n<meta property=\"article:modified_time\" content=\"2026-01-22T08:36:24+00:00\" \/>\n<meta property=\"og:image\" content=\"https:\/\/www.musikzeitung.ch\/wp-content\/uploads\/2026\/01\/01_Echo_Geigenbauschule_2_web.jpg\" \/>\n\t<meta property=\"og:image:width\" content=\"1179\" \/>\n\t<meta property=\"og:image:height\" content=\"536\" \/>\n\t<meta property=\"og:image:type\" content=\"image\/jpeg\" \/>\n<meta name=\"author\" content=\"Katrin Spelinova\" \/>\n<meta name=\"twitter:card\" content=\"summary_large_image\" \/>\n<meta name=\"twitter:creator\" content=\"@testredaktor\" \/>\n<meta name=\"twitter:site\" content=\"@smusikzeitung\" \/>\n<meta name=\"twitter:label1\" content=\"Scritto da\" \/>\n\t<meta name=\"twitter:data1\" content=\"Katrin Spelinova\" \/>\n\t<meta name=\"twitter:label2\" content=\"Tempo di lettura stimato\" \/>\n\t<meta name=\"twitter:data2\" content=\"2 minuti\" \/>\n<script type=\"application\/ld+json\" class=\"yoast-schema-graph\">{\"@context\":\"https:\\\/\\\/schema.org\",\"@graph\":[{\"@type\":\"Article\",\"@id\":\"https:\\\/\\\/www.musikzeitung.ch\\\/news\\\/2026\\\/01\\\/die-schweizer-geigenbauschule-ueberzeugte-in-paris#article\",\"isPartOf\":{\"@id\":\"https:\\\/\\\/www.musikzeitung.ch\\\/news\\\/2026\\\/01\\\/die-schweizer-geigenbauschule-ueberzeugte-in-paris\"},\"author\":{\"name\":\"Katrin Spelinova\",\"@id\":\"https:\\\/\\\/www.musikzeitung.ch\\\/#\\\/schema\\\/person\\\/dce7e5b820812d9af4db2f787d1bec92\"},\"headline\":\"Die Schweizer Geigenbauschule \u00fcberzeugte in Paris\",\"datePublished\":\"2026-01-21T08:10:47+00:00\",\"dateModified\":\"2026-01-22T08:36:24+00:00\",\"mainEntityOfPage\":{\"@id\":\"https:\\\/\\\/www.musikzeitung.ch\\\/news\\\/2026\\\/01\\\/die-schweizer-geigenbauschule-ueberzeugte-in-paris\"},\"wordCount\":261,\"publisher\":{\"@id\":\"https:\\\/\\\/www.musikzeitung.ch\\\/#organization\"},\"image\":{\"@id\":\"https:\\\/\\\/www.musikzeitung.ch\\\/news\\\/2026\\\/01\\\/die-schweizer-geigenbauschule-ueberzeugte-in-paris#primaryimage\"},\"thumbnailUrl\":\"https:\\\/\\\/www.musikzeitung.ch\\\/wp-content\\\/uploads\\\/2026\\\/01\\\/01_Echo_Geigenbauschule_2_web.jpg\",\"keywords\":[\"Concours international de lutherie\",\"Schweizer Geigenbauschule\"],\"articleSection\":[\"News\"],\"inLanguage\":\"it-IT\"},{\"@type\":\"WebPage\",\"@id\":\"https:\\\/\\\/www.musikzeitung.ch\\\/news\\\/2026\\\/01\\\/die-schweizer-geigenbauschule-ueberzeugte-in-paris\",\"url\":\"https:\\\/\\\/www.musikzeitung.ch\\\/news\\\/2026\\\/01\\\/die-schweizer-geigenbauschule-ueberzeugte-in-paris\",\"name\":\"Die Schweizer Geigenbauschule \u00fcberzeugte in Paris - Schweizer Musikzeitung\",\"isPartOf\":{\"@id\":\"https:\\\/\\\/www.musikzeitung.ch\\\/#website\"},\"primaryImageOfPage\":{\"@id\":\"https:\\\/\\\/www.musikzeitung.ch\\\/news\\\/2026\\\/01\\\/die-schweizer-geigenbauschule-ueberzeugte-in-paris#primaryimage\"},\"image\":{\"@id\":\"https:\\\/\\\/www.musikzeitung.ch\\\/news\\\/2026\\\/01\\\/die-schweizer-geigenbauschule-ueberzeugte-in-paris#primaryimage\"},\"thumbnailUrl\":\"https:\\\/\\\/www.musikzeitung.ch\\\/wp-content\\\/uploads\\\/2026\\\/01\\\/01_Echo_Geigenbauschule_2_web.jpg\",\"datePublished\":\"2026-01-21T08:10:47+00:00\",\"dateModified\":\"2026-01-22T08:36:24+00:00\",\"description\":\"Beim Concours international de lutherie 2026 wurde die Viola von Laura Gartmann und Thibault Jaberg pr\u00e4miert.\",\"breadcrumb\":{\"@id\":\"https:\\\/\\\/www.musikzeitung.ch\\\/news\\\/2026\\\/01\\\/die-schweizer-geigenbauschule-ueberzeugte-in-paris#breadcrumb\"},\"inLanguage\":\"it-IT\",\"potentialAction\":[{\"@type\":\"ReadAction\",\"target\":[\"https:\\\/\\\/www.musikzeitung.ch\\\/news\\\/2026\\\/01\\\/die-schweizer-geigenbauschule-ueberzeugte-in-paris\"]}]},{\"@type\":\"ImageObject\",\"inLanguage\":\"it-IT\",\"@id\":\"https:\\\/\\\/www.musikzeitung.ch\\\/news\\\/2026\\\/01\\\/die-schweizer-geigenbauschule-ueberzeugte-in-paris#primaryimage\",\"url\":\"https:\\\/\\\/www.musikzeitung.ch\\\/wp-content\\\/uploads\\\/2026\\\/01\\\/01_Echo_Geigenbauschule_2_web.jpg\",\"contentUrl\":\"https:\\\/\\\/www.musikzeitung.ch\\\/wp-content\\\/uploads\\\/2026\\\/01\\\/01_Echo_Geigenbauschule_2_web.jpg\",\"width\":1179,\"height\":536},{\"@type\":\"BreadcrumbList\",\"@id\":\"https:\\\/\\\/www.musikzeitung.ch\\\/news\\\/2026\\\/01\\\/die-schweizer-geigenbauschule-ueberzeugte-in-paris#breadcrumb\",\"itemListElement\":[{\"@type\":\"ListItem\",\"position\":1,\"name\":\"Home\",\"item\":\"https:\\\/\\\/www.musikzeitung.ch\\\/\"},{\"@type\":\"ListItem\",\"position\":2,\"name\":\"Die Schweizer Geigenbauschule \u00fcberzeugte in Paris\"}]},{\"@type\":\"WebSite\",\"@id\":\"https:\\\/\\\/www.musikzeitung.ch\\\/#website\",\"url\":\"https:\\\/\\\/www.musikzeitung.ch\\\/\",\"name\":\"Schweizer Musikzeitung\",\"description\":\"Die f\u00fchrende sparten\u00fcbergreifende Monatszeitung in der Schweiz f\u00fcr musikalische Fragen.\",\"publisher\":{\"@id\":\"https:\\\/\\\/www.musikzeitung.ch\\\/#organization\"},\"potentialAction\":[{\"@type\":\"SearchAction\",\"target\":{\"@type\":\"EntryPoint\",\"urlTemplate\":\"https:\\\/\\\/www.musikzeitung.ch\\\/?s={search_term_string}\"},\"query-input\":{\"@type\":\"PropertyValueSpecification\",\"valueRequired\":true,\"valueName\":\"search_term_string\"}}],\"inLanguage\":\"it-IT\"},{\"@type\":\"Organization\",\"@id\":\"https:\\\/\\\/www.musikzeitung.ch\\\/#organization\",\"name\":\"Schweizer Musikzeitung\",\"url\":\"https:\\\/\\\/www.musikzeitung.ch\\\/\",\"logo\":{\"@type\":\"ImageObject\",\"inLanguage\":\"it-IT\",\"@id\":\"https:\\\/\\\/www.musikzeitung.ch\\\/#\\\/schema\\\/logo\\\/image\\\/\",\"url\":\"https:\\\/\\\/www.musikzeitung.ch\\\/wp-content\\\/uploads\\\/2023\\\/01\\\/SMZ_Schriftzug_Sprache.png\",\"contentUrl\":\"https:\\\/\\\/www.musikzeitung.ch\\\/wp-content\\\/uploads\\\/2023\\\/01\\\/SMZ_Schriftzug_Sprache.png\",\"width\":1400,\"height\":279,\"caption\":\"Schweizer Musikzeitung\"},\"image\":{\"@id\":\"https:\\\/\\\/www.musikzeitung.ch\\\/#\\\/schema\\\/logo\\\/image\\\/\"},\"sameAs\":[\"https:\\\/\\\/www.facebook.com\\\/SchweizerMusikzeitung\\\/\",\"https:\\\/\\\/x.com\\\/smusikzeitung\",\"https:\\\/\\\/www.instagram.com\\\/musikzeitung.ch\\\/\"]},{\"@type\":\"Person\",\"@id\":\"https:\\\/\\\/www.musikzeitung.ch\\\/#\\\/schema\\\/person\\\/dce7e5b820812d9af4db2f787d1bec92\",\"name\":\"Katrin Spelinova\",\"image\":{\"@type\":\"ImageObject\",\"inLanguage\":\"it-IT\",\"@id\":\"https:\\\/\\\/secure.gravatar.com\\\/avatar\\\/2a2c2956e074ebca9bf65620496cd2e317d90b8c76450e9dd04d7cebf95eeada?s=96&d=mm&r=g\",\"url\":\"https:\\\/\\\/secure.gravatar.com\\\/avatar\\\/2a2c2956e074ebca9bf65620496cd2e317d90b8c76450e9dd04d7cebf95eeada?s=96&d=mm&r=g\",\"contentUrl\":\"https:\\\/\\\/secure.gravatar.com\\\/avatar\\\/2a2c2956e074ebca9bf65620496cd2e317d90b8c76450e9dd04d7cebf95eeada?s=96&d=mm&r=g\",\"caption\":\"Katrin Spelinova\"},\"sameAs\":[\"https:\\\/\\\/x.com\\\/testredaktor\"],\"url\":\"https:\\\/\\\/www.musikzeitung.ch\\\/it\\\/author\\\/spelkat\"}]}<\/script>\n<!-- \/ Yoast SEO plugin. -->","yoast_head_json":{"title":"La scuola svizzera di liuteria convinta a Parigi - Schweizer Musikzeitung","description":"La viola di Laura Gartmann e Thibault Jaberg ha vinto un premio al Concours international de lutherie 2026.","robots":{"index":"index","follow":"follow","max-snippet":"max-snippet:-1","max-image-preview":"max-image-preview:large","max-video-preview":"max-video-preview:-1"},"canonical":"https:\/\/www.musikzeitung.ch\/it\/news\/2026\/01\/die-schweizer-geigenbauschule-ueberzeugte-in-paris\/","og_locale":"it_IT","og_type":"article","og_title":"Die Schweizer Geigenbauschule \u00fcberzeugte in Paris - Schweizer Musikzeitung","og_description":"Beim Concours international de lutherie 2026 wurde die Viola von Laura Gartmann und Thibault Jaberg pr\u00e4miert.","og_url":"https:\/\/www.musikzeitung.ch\/it\/news\/2026\/01\/die-schweizer-geigenbauschule-ueberzeugte-in-paris\/","og_site_name":"Schweizer Musikzeitung","article_publisher":"https:\/\/www.facebook.com\/SchweizerMusikzeitung\/","article_published_time":"2026-01-21T08:10:47+00:00","article_modified_time":"2026-01-22T08:36:24+00:00","og_image":[{"width":1179,"height":536,"url":"https:\/\/www.musikzeitung.ch\/wp-content\/uploads\/2026\/01\/01_Echo_Geigenbauschule_2_web.jpg","type":"image\/jpeg"}],"author":"Katrin Spelinova","twitter_card":"summary_large_image","twitter_creator":"@testredaktor","twitter_site":"@smusikzeitung","twitter_misc":{"Scritto da":"Katrin Spelinova","Tempo di lettura stimato":"2 minuti"},"schema":{"@context":"https:\/\/schema.org","@graph":[{"@type":"Article","@id":"https:\/\/www.musikzeitung.ch\/news\/2026\/01\/die-schweizer-geigenbauschule-ueberzeugte-in-paris#article","isPartOf":{"@id":"https:\/\/www.musikzeitung.ch\/news\/2026\/01\/die-schweizer-geigenbauschule-ueberzeugte-in-paris"},"author":{"name":"Katrin Spelinova","@id":"https:\/\/www.musikzeitung.ch\/#\/schema\/person\/dce7e5b820812d9af4db2f787d1bec92"},"headline":"Die Schweizer Geigenbauschule \u00fcberzeugte in Paris","datePublished":"2026-01-21T08:10:47+00:00","dateModified":"2026-01-22T08:36:24+00:00","mainEntityOfPage":{"@id":"https:\/\/www.musikzeitung.ch\/news\/2026\/01\/die-schweizer-geigenbauschule-ueberzeugte-in-paris"},"wordCount":261,"publisher":{"@id":"https:\/\/www.musikzeitung.ch\/#organization"},"image":{"@id":"https:\/\/www.musikzeitung.ch\/news\/2026\/01\/die-schweizer-geigenbauschule-ueberzeugte-in-paris#primaryimage"},"thumbnailUrl":"https:\/\/www.musikzeitung.ch\/wp-content\/uploads\/2026\/01\/01_Echo_Geigenbauschule_2_web.jpg","keywords":["Concours international de lutherie","Schweizer Geigenbauschule"],"articleSection":["News"],"inLanguage":"it-IT"},{"@type":"WebPage","@id":"https:\/\/www.musikzeitung.ch\/news\/2026\/01\/die-schweizer-geigenbauschule-ueberzeugte-in-paris","url":"https:\/\/www.musikzeitung.ch\/news\/2026\/01\/die-schweizer-geigenbauschule-ueberzeugte-in-paris","name":"La scuola svizzera di liuteria convinta a Parigi - Schweizer Musikzeitung","isPartOf":{"@id":"https:\/\/www.musikzeitung.ch\/#website"},"primaryImageOfPage":{"@id":"https:\/\/www.musikzeitung.ch\/news\/2026\/01\/die-schweizer-geigenbauschule-ueberzeugte-in-paris#primaryimage"},"image":{"@id":"https:\/\/www.musikzeitung.ch\/news\/2026\/01\/die-schweizer-geigenbauschule-ueberzeugte-in-paris#primaryimage"},"thumbnailUrl":"https:\/\/www.musikzeitung.ch\/wp-content\/uploads\/2026\/01\/01_Echo_Geigenbauschule_2_web.jpg","datePublished":"2026-01-21T08:10:47+00:00","dateModified":"2026-01-22T08:36:24+00:00","description":"La viola di Laura Gartmann e Thibault Jaberg ha vinto un premio al Concours international de lutherie 2026.","breadcrumb":{"@id":"https:\/\/www.musikzeitung.ch\/news\/2026\/01\/die-schweizer-geigenbauschule-ueberzeugte-in-paris#breadcrumb"},"inLanguage":"it-IT","potentialAction":[{"@type":"ReadAction","target":["https:\/\/www.musikzeitung.ch\/news\/2026\/01\/die-schweizer-geigenbauschule-ueberzeugte-in-paris"]}]},{"@type":"ImageObject","inLanguage":"it-IT","@id":"https:\/\/www.musikzeitung.ch\/news\/2026\/01\/die-schweizer-geigenbauschule-ueberzeugte-in-paris#primaryimage","url":"https:\/\/www.musikzeitung.ch\/wp-content\/uploads\/2026\/01\/01_Echo_Geigenbauschule_2_web.jpg","contentUrl":"https:\/\/www.musikzeitung.ch\/wp-content\/uploads\/2026\/01\/01_Echo_Geigenbauschule_2_web.jpg","width":1179,"height":536},{"@type":"BreadcrumbList","@id":"https:\/\/www.musikzeitung.ch\/news\/2026\/01\/die-schweizer-geigenbauschule-ueberzeugte-in-paris#breadcrumb","itemListElement":[{"@type":"ListItem","position":1,"name":"Home","item":"https:\/\/www.musikzeitung.ch\/"},{"@type":"ListItem","position":2,"name":"Die Schweizer Geigenbauschule \u00fcberzeugte in Paris"}]},{"@type":"WebSite","@id":"https:\/\/www.musikzeitung.ch\/#website","url":"https:\/\/www.musikzeitung.ch\/","name":"Giornale musicale svizzero","description":"Il principale mensile interdisciplinare della Svizzera per le questioni musicali.","publisher":{"@id":"https:\/\/www.musikzeitung.ch\/#organization"},"potentialAction":[{"@type":"SearchAction","target":{"@type":"EntryPoint","urlTemplate":"https:\/\/www.musikzeitung.ch\/?s={search_term_string}"},"query-input":{"@type":"PropertyValueSpecification","valueRequired":true,"valueName":"search_term_string"}}],"inLanguage":"it-IT"},{"@type":"Organization","@id":"https:\/\/www.musikzeitung.ch\/#organization","name":"Giornale musicale svizzero","url":"https:\/\/www.musikzeitung.ch\/","logo":{"@type":"ImageObject","inLanguage":"it-IT","@id":"https:\/\/www.musikzeitung.ch\/#\/schema\/logo\/image\/","url":"https:\/\/www.musikzeitung.ch\/wp-content\/uploads\/2023\/01\/SMZ_Schriftzug_Sprache.png","contentUrl":"https:\/\/www.musikzeitung.ch\/wp-content\/uploads\/2023\/01\/SMZ_Schriftzug_Sprache.png","width":1400,"height":279,"caption":"Schweizer Musikzeitung"},"image":{"@id":"https:\/\/www.musikzeitung.ch\/#\/schema\/logo\/image\/"},"sameAs":["https:\/\/www.facebook.com\/SchweizerMusikzeitung\/","https:\/\/x.com\/smusikzeitung","https:\/\/www.instagram.com\/musikzeitung.ch\/"]},{"@type":"Person","@id":"https:\/\/www.musikzeitung.ch\/#\/schema\/person\/dce7e5b820812d9af4db2f787d1bec92","name":"Katrin Spelinova","image":{"@type":"ImageObject","inLanguage":"it-IT","@id":"https:\/\/secure.gravatar.com\/avatar\/2a2c2956e074ebca9bf65620496cd2e317d90b8c76450e9dd04d7cebf95eeada?s=96&d=mm&r=g","url":"https:\/\/secure.gravatar.com\/avatar\/2a2c2956e074ebca9bf65620496cd2e317d90b8c76450e9dd04d7cebf95eeada?s=96&d=mm&r=g","contentUrl":"https:\/\/secure.gravatar.com\/avatar\/2a2c2956e074ebca9bf65620496cd2e317d90b8c76450e9dd04d7cebf95eeada?s=96&d=mm&r=g","caption":"Katrin Spelinova"},"sameAs":["https:\/\/x.com\/testredaktor"],"url":"https:\/\/www.musikzeitung.ch\/it\/author\/spelkat"}]}},"publishpress_future_workflow_manual_trigger":{"enabledWorkflows":[]},"_links":{"self":[{"href":"https:\/\/www.musikzeitung.ch\/it\/wp-json\/wp\/v2\/posts\/70180","targetHints":{"allow":["GET"]}}],"collection":[{"href":"https:\/\/www.musikzeitung.ch\/it\/wp-json\/wp\/v2\/posts"}],"about":[{"href":"https:\/\/www.musikzeitung.ch\/it\/wp-json\/wp\/v2\/types\/post"}],"author":[{"embeddable":true,"href":"https:\/\/www.musikzeitung.ch\/it\/wp-json\/wp\/v2\/users\/23"}],"replies":[{"embeddable":true,"href":"https:\/\/www.musikzeitung.ch\/it\/wp-json\/wp\/v2\/comments?post=70180"}],"version-history":[{"count":4,"href":"https:\/\/www.musikzeitung.ch\/it\/wp-json\/wp\/v2\/posts\/70180\/revisions"}],"predecessor-version":[{"id":70199,"href":"https:\/\/www.musikzeitung.ch\/it\/wp-json\/wp\/v2\/posts\/70180\/revisions\/70199"}],"wp:featuredmedia":[{"embeddable":true,"href":"https:\/\/www.musikzeitung.ch\/it\/wp-json\/wp\/v2\/media\/70182"}],"wp:attachment":[{"href":"https:\/\/www.musikzeitung.ch\/it\/wp-json\/wp\/v2\/media?parent=70180"}],"wp:term":[{"taxonomy":"category","embeddable":true,"href":"https:\/\/www.musikzeitung.ch\/it\/wp-json\/wp\/v2\/categories?post=70180"},{"taxonomy":"post_tag","embeddable":true,"href":"https:\/\/www.musikzeitung.ch\/it\/wp-json\/wp\/v2\/tags?post=70180"}],"curies":[{"name":"wp","href":"https:\/\/api.w.org\/{rel}","templated":true}]}}