{"id":70202,"date":"2026-01-22T13:40:48","date_gmt":"2026-01-22T12:40:48","guid":{"rendered":"https:\/\/www.musikzeitung.ch\/?p=70202"},"modified":"2026-01-23T09:42:46","modified_gmt":"2026-01-23T08:42:46","slug":"rizzo-uebernimmt-konzertsparte-von-konzert-und-theater-st-gallen","status":"publish","type":"post","link":"https:\/\/www.musikzeitung.ch\/it\/news\/2026\/01\/rizzo-uebernimmt-konzertsparte-von-konzert-und-theater-st-gallen","title":{"rendered":"Rizzo assume la direzione della divisione concerti del Konzert und Theater St. Gallen"},"content":{"rendered":"<figure id=\"attachment_70203\" aria-describedby=\"caption-attachment-70203\" style=\"width: 768px\" class=\"wp-caption alignnone\"><img loading=\"lazy\" decoding=\"async\" class=\"size-large wp-image-70203\" src=\"https:\/\/www.musikzeitung.ch\/wp-content\/uploads\/2026\/01\/260122rizzo-1024x682.jpg\" alt=\"\" width=\"768\" height=\"512\" srcset=\"https:\/\/www.musikzeitung.ch\/wp-content\/uploads\/2026\/01\/260122rizzo-1024x682.jpg 1024w, https:\/\/www.musikzeitung.ch\/wp-content\/uploads\/2026\/01\/260122rizzo-300x200.jpg 300w, https:\/\/www.musikzeitung.ch\/wp-content\/uploads\/2026\/01\/260122rizzo-600x400.jpg 600w, https:\/\/www.musikzeitung.ch\/wp-content\/uploads\/2026\/01\/260122rizzo-768x511.jpg 768w, https:\/\/www.musikzeitung.ch\/wp-content\/uploads\/2026\/01\/260122rizzo-18x12.jpg 18w, https:\/\/www.musikzeitung.ch\/wp-content\/uploads\/2026\/01\/260122rizzo-263x175.jpg 263w, https:\/\/www.musikzeitung.ch\/wp-content\/uploads\/2026\/01\/260122rizzo-526x350.jpg 526w, https:\/\/www.musikzeitung.ch\/wp-content\/uploads\/2026\/01\/260122rizzo-1201x800.jpg 1201w, https:\/\/www.musikzeitung.ch\/wp-content\/uploads\/2026\/01\/260122rizzo-920x613.jpg 920w, https:\/\/www.musikzeitung.ch\/wp-content\/uploads\/2026\/01\/260122rizzo.jpg 1224w\" sizes=\"auto, (max-width: 768px) 100vw, 768px\" \/><figcaption id=\"caption-attachment-70203\" class=\"wp-caption-text\">Pietro Rizzo (Foto: Urs Bucher)<\/figcaption><\/figure>\n<p>Nato e cresciuto a Roma, Pietro Rizzo ha studiato violino prima nella sua citt\u00e0 natale, poi a Siena e a Dallas. Ha poi studiato direzione d'orchestra all'Accademia Sibelius di Helsinki con Jorma Panula e Leif Segerstam. Gli impegni lo hanno portato al Teatro Aalto di Essen come direttore principale, \u00e8 stato direttore principale dell'Opera di G\u00f6teborg ed \u00e8 regolarmente direttore ospite dell'Opera Nazionale Finlandese di Helsinki. Pietro Rizzo debutter\u00e0 al Festival di Bregenz nell'estate del 2026. Tra il 2001 e il 2019 \u00e8 stato professore ospite presso l'International Opera Academy (IOA) di Gand.<\/p>\n<p>Pietro Rizzo \u00e8 emerso come il chiaro favorito nel corso di diversi mesi in un processo di candidatura in sette fasi contro pi\u00f9 di 30 concorrenti. Prender\u00e0 il posto di Modestas Pitrenas all'inizio della stagione 2026\/27. Contemporaneamente all'elezione di Pietro Rizzo, sono stati prorogati in anticipo i contratti di altri due capi divisione: Barbara-David Br\u00fcesch e Frank Fannar Pedersen rimarranno rispettivamente capo del settore Drammatico e capo del settore Danza almeno fino alla fine della stagione 2030\/31.<\/p>","protected":false},"excerpt":{"rendered":"<p>Il direttore d'orchestra italiano Pietro Rizzo diventa direttore principale e direttore artistico della divisione concerti del Konzert und Theater di San Gallo.<\/p>","protected":false},"author":30,"featured_media":70203,"comment_status":"closed","ping_status":"closed","sticky":false,"template":"","format":"standard","meta":{"_acf_changed":false,"_relevanssi_hide_post":"","_relevanssi_hide_content":"","_relevanssi_pin_for_all":"","_relevanssi_pin_keywords":"","_relevanssi_unpin_keywords":"","_relevanssi_related_keywords":"","_relevanssi_related_include_ids":"","_relevanssi_related_exclude_ids":"","_relevanssi_related_no_append":"","_relevanssi_related_not_related":"","_relevanssi_related_posts":"","_relevanssi_noindex_reason":"","pgc_sgb_lightbox_settings":"","footnotes":""},"categories":[27,1624],"tags":[4325,5480],"class_list":["post-70202","post","type-post","status-publish","format-standard","has-post-thumbnail","hentry","category-news","category-personen","tag-konzert-und-theater-st-gallen","tag-pietro-rizzo"],"acf":[],"yoast_head":"<!-- This site is optimized with the Yoast SEO plugin v27.4 - https:\/\/yoast.com\/product\/yoast-seo-wordpress\/ -->\n<title>Rizzo \u00fcbernimmt Konzertsparte von Konzert und Theater St. Gallen - Schweizer Musikzeitung<\/title>\n<meta name=\"description\" content=\"Der italienische Dirigent Pietro Rizzo wird Chefdirigent und k\u00fcnstlerischer Leiter der Konzertsparte von Konzert und Theater St. Gallen.\" \/>\n<meta name=\"robots\" content=\"index, follow, max-snippet:-1, max-image-preview:large, max-video-preview:-1\" \/>\n<link rel=\"canonical\" href=\"https:\/\/www.musikzeitung.ch\/it\/news\/2026\/01\/rizzo-uebernimmt-konzertsparte-von-konzert-und-theater-st-gallen\/\" \/>\n<meta property=\"og:locale\" content=\"it_IT\" \/>\n<meta property=\"og:type\" content=\"article\" \/>\n<meta property=\"og:title\" content=\"Rizzo \u00fcbernimmt Konzertsparte von Konzert und Theater St. Gallen - Schweizer Musikzeitung\" \/>\n<meta property=\"og:description\" content=\"Der italienische Dirigent Pietro Rizzo wird Chefdirigent und k\u00fcnstlerischer Leiter der Konzertsparte von Konzert und Theater St. Gallen.\" \/>\n<meta property=\"og:url\" content=\"https:\/\/www.musikzeitung.ch\/it\/news\/2026\/01\/rizzo-uebernimmt-konzertsparte-von-konzert-und-theater-st-gallen\/\" \/>\n<meta property=\"og:site_name\" content=\"Schweizer Musikzeitung\" \/>\n<meta property=\"article:publisher\" content=\"https:\/\/www.facebook.com\/SchweizerMusikzeitung\/\" \/>\n<meta property=\"article:author\" content=\"https:\/\/www.facebook.com\/wolfgang.bohler.75\" \/>\n<meta property=\"article:published_time\" content=\"2026-01-22T12:40:48+00:00\" \/>\n<meta property=\"article:modified_time\" content=\"2026-01-23T08:42:46+00:00\" \/>\n<meta property=\"og:image\" content=\"https:\/\/www.musikzeitung.ch\/wp-content\/uploads\/2026\/01\/260122rizzo.jpg\" \/>\n\t<meta property=\"og:image:width\" content=\"1224\" \/>\n\t<meta property=\"og:image:height\" content=\"815\" \/>\n\t<meta property=\"og:image:type\" content=\"image\/jpeg\" \/>\n<meta name=\"author\" content=\"Wolfgang B\u00f6hler\" \/>\n<meta name=\"twitter:card\" content=\"summary_large_image\" \/>\n<meta name=\"twitter:creator\" content=\"@smusikzeitung\" \/>\n<meta name=\"twitter:site\" content=\"@smusikzeitung\" \/>\n<meta name=\"twitter:label1\" content=\"Scritto da\" \/>\n\t<meta name=\"twitter:data1\" content=\"Wolfgang B\u00f6hler\" \/>\n\t<meta name=\"twitter:label2\" content=\"Tempo di lettura stimato\" \/>\n\t<meta name=\"twitter:data2\" content=\"2 minuti\" \/>\n<script type=\"application\/ld+json\" class=\"yoast-schema-graph\">{\"@context\":\"https:\\\/\\\/schema.org\",\"@graph\":[{\"@type\":\"Article\",\"@id\":\"https:\\\/\\\/www.musikzeitung.ch\\\/news\\\/2026\\\/01\\\/rizzo-uebernimmt-konzertsparte-von-konzert-und-theater-st-gallen#article\",\"isPartOf\":{\"@id\":\"https:\\\/\\\/www.musikzeitung.ch\\\/news\\\/2026\\\/01\\\/rizzo-uebernimmt-konzertsparte-von-konzert-und-theater-st-gallen\"},\"author\":{\"name\":\"Wolfgang B\u00f6hler\",\"@id\":\"https:\\\/\\\/www.musikzeitung.ch\\\/#\\\/schema\\\/person\\\/0da4fb82d243f1252850a35d0e87cf0c\"},\"headline\":\"Rizzo \u00fcbernimmt Konzertsparte von Konzert und Theater St. Gallen\",\"datePublished\":\"2026-01-22T12:40:48+00:00\",\"dateModified\":\"2026-01-23T08:42:46+00:00\",\"mainEntityOfPage\":{\"@id\":\"https:\\\/\\\/www.musikzeitung.ch\\\/news\\\/2026\\\/01\\\/rizzo-uebernimmt-konzertsparte-von-konzert-und-theater-st-gallen\"},\"wordCount\":181,\"publisher\":{\"@id\":\"https:\\\/\\\/www.musikzeitung.ch\\\/#organization\"},\"image\":{\"@id\":\"https:\\\/\\\/www.musikzeitung.ch\\\/news\\\/2026\\\/01\\\/rizzo-uebernimmt-konzertsparte-von-konzert-und-theater-st-gallen#primaryimage\"},\"thumbnailUrl\":\"https:\\\/\\\/www.musikzeitung.ch\\\/wp-content\\\/uploads\\\/2026\\\/01\\\/260122rizzo.jpg\",\"keywords\":[\"Konzert und Theater St. Gallen\",\"Pietro Rizzo\"],\"articleSection\":[\"News\",\"Personen\"],\"inLanguage\":\"it-IT\"},{\"@type\":\"WebPage\",\"@id\":\"https:\\\/\\\/www.musikzeitung.ch\\\/news\\\/2026\\\/01\\\/rizzo-uebernimmt-konzertsparte-von-konzert-und-theater-st-gallen\",\"url\":\"https:\\\/\\\/www.musikzeitung.ch\\\/news\\\/2026\\\/01\\\/rizzo-uebernimmt-konzertsparte-von-konzert-und-theater-st-gallen\",\"name\":\"Rizzo \u00fcbernimmt Konzertsparte von Konzert und Theater St. Gallen - Schweizer Musikzeitung\",\"isPartOf\":{\"@id\":\"https:\\\/\\\/www.musikzeitung.ch\\\/#website\"},\"primaryImageOfPage\":{\"@id\":\"https:\\\/\\\/www.musikzeitung.ch\\\/news\\\/2026\\\/01\\\/rizzo-uebernimmt-konzertsparte-von-konzert-und-theater-st-gallen#primaryimage\"},\"image\":{\"@id\":\"https:\\\/\\\/www.musikzeitung.ch\\\/news\\\/2026\\\/01\\\/rizzo-uebernimmt-konzertsparte-von-konzert-und-theater-st-gallen#primaryimage\"},\"thumbnailUrl\":\"https:\\\/\\\/www.musikzeitung.ch\\\/wp-content\\\/uploads\\\/2026\\\/01\\\/260122rizzo.jpg\",\"datePublished\":\"2026-01-22T12:40:48+00:00\",\"dateModified\":\"2026-01-23T08:42:46+00:00\",\"description\":\"Der italienische Dirigent Pietro Rizzo wird Chefdirigent und k\u00fcnstlerischer Leiter der Konzertsparte von Konzert und Theater St. Gallen.\",\"breadcrumb\":{\"@id\":\"https:\\\/\\\/www.musikzeitung.ch\\\/news\\\/2026\\\/01\\\/rizzo-uebernimmt-konzertsparte-von-konzert-und-theater-st-gallen#breadcrumb\"},\"inLanguage\":\"it-IT\",\"potentialAction\":[{\"@type\":\"ReadAction\",\"target\":[\"https:\\\/\\\/www.musikzeitung.ch\\\/news\\\/2026\\\/01\\\/rizzo-uebernimmt-konzertsparte-von-konzert-und-theater-st-gallen\"]}]},{\"@type\":\"ImageObject\",\"inLanguage\":\"it-IT\",\"@id\":\"https:\\\/\\\/www.musikzeitung.ch\\\/news\\\/2026\\\/01\\\/rizzo-uebernimmt-konzertsparte-von-konzert-und-theater-st-gallen#primaryimage\",\"url\":\"https:\\\/\\\/www.musikzeitung.ch\\\/wp-content\\\/uploads\\\/2026\\\/01\\\/260122rizzo.jpg\",\"contentUrl\":\"https:\\\/\\\/www.musikzeitung.ch\\\/wp-content\\\/uploads\\\/2026\\\/01\\\/260122rizzo.jpg\",\"width\":1224,\"height\":815,\"caption\":\"Pietro Rizzo (Foto: Urs Bucher)\"},{\"@type\":\"BreadcrumbList\",\"@id\":\"https:\\\/\\\/www.musikzeitung.ch\\\/news\\\/2026\\\/01\\\/rizzo-uebernimmt-konzertsparte-von-konzert-und-theater-st-gallen#breadcrumb\",\"itemListElement\":[{\"@type\":\"ListItem\",\"position\":1,\"name\":\"Home\",\"item\":\"https:\\\/\\\/www.musikzeitung.ch\\\/\"},{\"@type\":\"ListItem\",\"position\":2,\"name\":\"Rizzo \u00fcbernimmt Konzertsparte von Konzert und Theater St. Gallen\"}]},{\"@type\":\"WebSite\",\"@id\":\"https:\\\/\\\/www.musikzeitung.ch\\\/#website\",\"url\":\"https:\\\/\\\/www.musikzeitung.ch\\\/\",\"name\":\"Schweizer Musikzeitung\",\"description\":\"Die f\u00fchrende sparten\u00fcbergreifende Monatszeitung in der Schweiz f\u00fcr musikalische Fragen.\",\"publisher\":{\"@id\":\"https:\\\/\\\/www.musikzeitung.ch\\\/#organization\"},\"potentialAction\":[{\"@type\":\"SearchAction\",\"target\":{\"@type\":\"EntryPoint\",\"urlTemplate\":\"https:\\\/\\\/www.musikzeitung.ch\\\/?s={search_term_string}\"},\"query-input\":{\"@type\":\"PropertyValueSpecification\",\"valueRequired\":true,\"valueName\":\"search_term_string\"}}],\"inLanguage\":\"it-IT\"},{\"@type\":\"Organization\",\"@id\":\"https:\\\/\\\/www.musikzeitung.ch\\\/#organization\",\"name\":\"Schweizer Musikzeitung\",\"url\":\"https:\\\/\\\/www.musikzeitung.ch\\\/\",\"logo\":{\"@type\":\"ImageObject\",\"inLanguage\":\"it-IT\",\"@id\":\"https:\\\/\\\/www.musikzeitung.ch\\\/#\\\/schema\\\/logo\\\/image\\\/\",\"url\":\"https:\\\/\\\/www.musikzeitung.ch\\\/wp-content\\\/uploads\\\/2023\\\/01\\\/SMZ_Schriftzug_Sprache.png\",\"contentUrl\":\"https:\\\/\\\/www.musikzeitung.ch\\\/wp-content\\\/uploads\\\/2023\\\/01\\\/SMZ_Schriftzug_Sprache.png\",\"width\":1400,\"height\":279,\"caption\":\"Schweizer Musikzeitung\"},\"image\":{\"@id\":\"https:\\\/\\\/www.musikzeitung.ch\\\/#\\\/schema\\\/logo\\\/image\\\/\"},\"sameAs\":[\"https:\\\/\\\/www.facebook.com\\\/SchweizerMusikzeitung\\\/\",\"https:\\\/\\\/x.com\\\/smusikzeitung\",\"https:\\\/\\\/www.instagram.com\\\/musikzeitung.ch\\\/\"]},{\"@type\":\"Person\",\"@id\":\"https:\\\/\\\/www.musikzeitung.ch\\\/#\\\/schema\\\/person\\\/0da4fb82d243f1252850a35d0e87cf0c\",\"name\":\"Wolfgang B\u00f6hler\",\"image\":{\"@type\":\"ImageObject\",\"inLanguage\":\"it-IT\",\"@id\":\"https:\\\/\\\/www.musikzeitung.ch\\\/wp-content\\\/uploads\\\/2023\\\/01\\\/boehler_portraet_web-e1674139782246-96x96.jpg\",\"url\":\"https:\\\/\\\/www.musikzeitung.ch\\\/wp-content\\\/uploads\\\/2023\\\/01\\\/boehler_portraet_web-e1674139782246-96x96.jpg\",\"contentUrl\":\"https:\\\/\\\/www.musikzeitung.ch\\\/wp-content\\\/uploads\\\/2023\\\/01\\\/boehler_portraet_web-e1674139782246-96x96.jpg\",\"caption\":\"Wolfgang B\u00f6hler\"},\"sameAs\":[\"http:\\\/\\\/www.manacanto.ch\",\"https:\\\/\\\/www.facebook.com\\\/wolfgang.bohler.75\"],\"url\":\"https:\\\/\\\/www.musikzeitung.ch\\\/it\\\/author\\\/wolfgang-boehler\"}]}<\/script>\n<!-- \/ Yoast SEO plugin. -->","yoast_head_json":{"title":"Rizzo assume la direzione della divisione concerti del Konzert und Theater St. Gallen - Schweizer Musikzeitung","description":"Il direttore d'orchestra italiano Pietro Rizzo diventa direttore principale e direttore artistico della divisione concerti del Konzert und Theater di San Gallo.","robots":{"index":"index","follow":"follow","max-snippet":"max-snippet:-1","max-image-preview":"max-image-preview:large","max-video-preview":"max-video-preview:-1"},"canonical":"https:\/\/www.musikzeitung.ch\/it\/news\/2026\/01\/rizzo-uebernimmt-konzertsparte-von-konzert-und-theater-st-gallen\/","og_locale":"it_IT","og_type":"article","og_title":"Rizzo \u00fcbernimmt Konzertsparte von Konzert und Theater St. Gallen - Schweizer Musikzeitung","og_description":"Der italienische Dirigent Pietro Rizzo wird Chefdirigent und k\u00fcnstlerischer Leiter der Konzertsparte von Konzert und Theater St. Gallen.","og_url":"https:\/\/www.musikzeitung.ch\/it\/news\/2026\/01\/rizzo-uebernimmt-konzertsparte-von-konzert-und-theater-st-gallen\/","og_site_name":"Schweizer Musikzeitung","article_publisher":"https:\/\/www.facebook.com\/SchweizerMusikzeitung\/","article_author":"https:\/\/www.facebook.com\/wolfgang.bohler.75","article_published_time":"2026-01-22T12:40:48+00:00","article_modified_time":"2026-01-23T08:42:46+00:00","og_image":[{"width":1224,"height":815,"url":"https:\/\/www.musikzeitung.ch\/wp-content\/uploads\/2026\/01\/260122rizzo.jpg","type":"image\/jpeg"}],"author":"Wolfgang B\u00f6hler","twitter_card":"summary_large_image","twitter_creator":"@smusikzeitung","twitter_site":"@smusikzeitung","twitter_misc":{"Scritto da":"Wolfgang B\u00f6hler","Tempo di lettura stimato":"2 minuti"},"schema":{"@context":"https:\/\/schema.org","@graph":[{"@type":"Article","@id":"https:\/\/www.musikzeitung.ch\/news\/2026\/01\/rizzo-uebernimmt-konzertsparte-von-konzert-und-theater-st-gallen#article","isPartOf":{"@id":"https:\/\/www.musikzeitung.ch\/news\/2026\/01\/rizzo-uebernimmt-konzertsparte-von-konzert-und-theater-st-gallen"},"author":{"name":"Wolfgang B\u00f6hler","@id":"https:\/\/www.musikzeitung.ch\/#\/schema\/person\/0da4fb82d243f1252850a35d0e87cf0c"},"headline":"Rizzo \u00fcbernimmt Konzertsparte von Konzert und Theater St. Gallen","datePublished":"2026-01-22T12:40:48+00:00","dateModified":"2026-01-23T08:42:46+00:00","mainEntityOfPage":{"@id":"https:\/\/www.musikzeitung.ch\/news\/2026\/01\/rizzo-uebernimmt-konzertsparte-von-konzert-und-theater-st-gallen"},"wordCount":181,"publisher":{"@id":"https:\/\/www.musikzeitung.ch\/#organization"},"image":{"@id":"https:\/\/www.musikzeitung.ch\/news\/2026\/01\/rizzo-uebernimmt-konzertsparte-von-konzert-und-theater-st-gallen#primaryimage"},"thumbnailUrl":"https:\/\/www.musikzeitung.ch\/wp-content\/uploads\/2026\/01\/260122rizzo.jpg","keywords":["Konzert und Theater St. Gallen","Pietro Rizzo"],"articleSection":["News","Personen"],"inLanguage":"it-IT"},{"@type":"WebPage","@id":"https:\/\/www.musikzeitung.ch\/news\/2026\/01\/rizzo-uebernimmt-konzertsparte-von-konzert-und-theater-st-gallen","url":"https:\/\/www.musikzeitung.ch\/news\/2026\/01\/rizzo-uebernimmt-konzertsparte-von-konzert-und-theater-st-gallen","name":"Rizzo assume la direzione della divisione concerti del Konzert und Theater St. Gallen - Schweizer Musikzeitung","isPartOf":{"@id":"https:\/\/www.musikzeitung.ch\/#website"},"primaryImageOfPage":{"@id":"https:\/\/www.musikzeitung.ch\/news\/2026\/01\/rizzo-uebernimmt-konzertsparte-von-konzert-und-theater-st-gallen#primaryimage"},"image":{"@id":"https:\/\/www.musikzeitung.ch\/news\/2026\/01\/rizzo-uebernimmt-konzertsparte-von-konzert-und-theater-st-gallen#primaryimage"},"thumbnailUrl":"https:\/\/www.musikzeitung.ch\/wp-content\/uploads\/2026\/01\/260122rizzo.jpg","datePublished":"2026-01-22T12:40:48+00:00","dateModified":"2026-01-23T08:42:46+00:00","description":"Il direttore d'orchestra italiano Pietro Rizzo diventa direttore principale e direttore artistico della divisione concerti del Konzert und Theater di San Gallo.","breadcrumb":{"@id":"https:\/\/www.musikzeitung.ch\/news\/2026\/01\/rizzo-uebernimmt-konzertsparte-von-konzert-und-theater-st-gallen#breadcrumb"},"inLanguage":"it-IT","potentialAction":[{"@type":"ReadAction","target":["https:\/\/www.musikzeitung.ch\/news\/2026\/01\/rizzo-uebernimmt-konzertsparte-von-konzert-und-theater-st-gallen"]}]},{"@type":"ImageObject","inLanguage":"it-IT","@id":"https:\/\/www.musikzeitung.ch\/news\/2026\/01\/rizzo-uebernimmt-konzertsparte-von-konzert-und-theater-st-gallen#primaryimage","url":"https:\/\/www.musikzeitung.ch\/wp-content\/uploads\/2026\/01\/260122rizzo.jpg","contentUrl":"https:\/\/www.musikzeitung.ch\/wp-content\/uploads\/2026\/01\/260122rizzo.jpg","width":1224,"height":815,"caption":"Pietro Rizzo (Foto: Urs Bucher)"},{"@type":"BreadcrumbList","@id":"https:\/\/www.musikzeitung.ch\/news\/2026\/01\/rizzo-uebernimmt-konzertsparte-von-konzert-und-theater-st-gallen#breadcrumb","itemListElement":[{"@type":"ListItem","position":1,"name":"Home","item":"https:\/\/www.musikzeitung.ch\/"},{"@type":"ListItem","position":2,"name":"Rizzo \u00fcbernimmt Konzertsparte von Konzert und Theater St. Gallen"}]},{"@type":"WebSite","@id":"https:\/\/www.musikzeitung.ch\/#website","url":"https:\/\/www.musikzeitung.ch\/","name":"Giornale musicale svizzero","description":"Il principale mensile interdisciplinare della Svizzera per le questioni musicali.","publisher":{"@id":"https:\/\/www.musikzeitung.ch\/#organization"},"potentialAction":[{"@type":"SearchAction","target":{"@type":"EntryPoint","urlTemplate":"https:\/\/www.musikzeitung.ch\/?s={search_term_string}"},"query-input":{"@type":"PropertyValueSpecification","valueRequired":true,"valueName":"search_term_string"}}],"inLanguage":"it-IT"},{"@type":"Organization","@id":"https:\/\/www.musikzeitung.ch\/#organization","name":"Giornale musicale svizzero","url":"https:\/\/www.musikzeitung.ch\/","logo":{"@type":"ImageObject","inLanguage":"it-IT","@id":"https:\/\/www.musikzeitung.ch\/#\/schema\/logo\/image\/","url":"https:\/\/www.musikzeitung.ch\/wp-content\/uploads\/2023\/01\/SMZ_Schriftzug_Sprache.png","contentUrl":"https:\/\/www.musikzeitung.ch\/wp-content\/uploads\/2023\/01\/SMZ_Schriftzug_Sprache.png","width":1400,"height":279,"caption":"Schweizer Musikzeitung"},"image":{"@id":"https:\/\/www.musikzeitung.ch\/#\/schema\/logo\/image\/"},"sameAs":["https:\/\/www.facebook.com\/SchweizerMusikzeitung\/","https:\/\/x.com\/smusikzeitung","https:\/\/www.instagram.com\/musikzeitung.ch\/"]},{"@type":"Person","@id":"https:\/\/www.musikzeitung.ch\/#\/schema\/person\/0da4fb82d243f1252850a35d0e87cf0c","name":"Wolfgang B\u00f6hler","image":{"@type":"ImageObject","inLanguage":"it-IT","@id":"https:\/\/www.musikzeitung.ch\/wp-content\/uploads\/2023\/01\/boehler_portraet_web-e1674139782246-96x96.jpg","url":"https:\/\/www.musikzeitung.ch\/wp-content\/uploads\/2023\/01\/boehler_portraet_web-e1674139782246-96x96.jpg","contentUrl":"https:\/\/www.musikzeitung.ch\/wp-content\/uploads\/2023\/01\/boehler_portraet_web-e1674139782246-96x96.jpg","caption":"Wolfgang B\u00f6hler"},"sameAs":["http:\/\/www.manacanto.ch","https:\/\/www.facebook.com\/wolfgang.bohler.75"],"url":"https:\/\/www.musikzeitung.ch\/it\/author\/wolfgang-boehler"}]}},"publishpress_future_workflow_manual_trigger":{"enabledWorkflows":[]},"_links":{"self":[{"href":"https:\/\/www.musikzeitung.ch\/it\/wp-json\/wp\/v2\/posts\/70202","targetHints":{"allow":["GET"]}}],"collection":[{"href":"https:\/\/www.musikzeitung.ch\/it\/wp-json\/wp\/v2\/posts"}],"about":[{"href":"https:\/\/www.musikzeitung.ch\/it\/wp-json\/wp\/v2\/types\/post"}],"author":[{"embeddable":true,"href":"https:\/\/www.musikzeitung.ch\/it\/wp-json\/wp\/v2\/users\/30"}],"replies":[{"embeddable":true,"href":"https:\/\/www.musikzeitung.ch\/it\/wp-json\/wp\/v2\/comments?post=70202"}],"version-history":[{"count":4,"href":"https:\/\/www.musikzeitung.ch\/it\/wp-json\/wp\/v2\/posts\/70202\/revisions"}],"predecessor-version":[{"id":70207,"href":"https:\/\/www.musikzeitung.ch\/it\/wp-json\/wp\/v2\/posts\/70202\/revisions\/70207"}],"wp:featuredmedia":[{"embeddable":true,"href":"https:\/\/www.musikzeitung.ch\/it\/wp-json\/wp\/v2\/media\/70203"}],"wp:attachment":[{"href":"https:\/\/www.musikzeitung.ch\/it\/wp-json\/wp\/v2\/media?parent=70202"}],"wp:term":[{"taxonomy":"category","embeddable":true,"href":"https:\/\/www.musikzeitung.ch\/it\/wp-json\/wp\/v2\/categories?post=70202"},{"taxonomy":"post_tag","embeddable":true,"href":"https:\/\/www.musikzeitung.ch\/it\/wp-json\/wp\/v2\/tags?post=70202"}],"curies":[{"name":"wp","href":"https:\/\/api.w.org\/{rel}","templated":true}]}}