{"id":70489,"date":"2026-01-29T14:50:21","date_gmt":"2026-01-29T13:50:21","guid":{"rendered":"https:\/\/www.musikzeitung.ch\/?p=70489"},"modified":"2026-01-29T15:45:50","modified_gmt":"2026-01-29T14:45:50","slug":"paert-war-2025-der-meistgespielte-lebende-komponist","status":"publish","type":"post","link":"https:\/\/www.musikzeitung.ch\/it\/news\/2026\/01\/paert-war-2025-der-meistgespielte-lebende-komponist","title":{"rendered":"Statistiche dei concerti 2025: P\u00e4rt \u00e8 il musicista contemporaneo pi\u00f9 eseguito"},"content":{"rendered":"<figure id=\"attachment_70491\" aria-describedby=\"caption-attachment-70491\" style=\"width: 833px\" class=\"wp-caption alignnone\"><img loading=\"lazy\" decoding=\"async\" class=\"wp-image-70491 size-full\" src=\"https:\/\/www.musikzeitung.ch\/wp-content\/uploads\/2026\/01\/260129paert.jpg\" alt=\"\" width=\"833\" height=\"538\" srcset=\"https:\/\/www.musikzeitung.ch\/wp-content\/uploads\/2026\/01\/260129paert.jpg 833w, https:\/\/www.musikzeitung.ch\/wp-content\/uploads\/2026\/01\/260129paert-300x194.jpg 300w, https:\/\/www.musikzeitung.ch\/wp-content\/uploads\/2026\/01\/260129paert-768x496.jpg 768w, https:\/\/www.musikzeitung.ch\/wp-content\/uploads\/2026\/01\/260129paert-18x12.jpg 18w, https:\/\/www.musikzeitung.ch\/wp-content\/uploads\/2026\/01\/260129paert-271x175.jpg 271w, https:\/\/www.musikzeitung.ch\/wp-content\/uploads\/2026\/01\/260129paert-542x350.jpg 542w\" sizes=\"auto, (max-width: 833px) 100vw, 833px\" \/><figcaption id=\"caption-attachment-70491\" class=\"wp-caption-text\">Arvo P\u00e4rt (Immagine: Ministero degli Affari Esteri estone)<\/figcaption><\/figure>\n<p>Secondo le statistiche annuali del sito web Bachtrack.com, i compositori viventi sono diventati significativamente pi\u00f9 importanti, con Caroline Shaw e Anna Clyne tra i dieci compositori viventi pi\u00f9 eseguiti. Nel 2025 si registra anche una crescente importanza dei compositori non bianchi, con le esecuzioni di Gabriela Ortiz quasi raddoppiate dal 2024. Altri creatori di suoni che diventeranno pi\u00f9 importanti nel 2020 sono Jessie Montgomery e Carlos Simon (entrambi statunitensi), mentre il compositore e violoncellista sudafricano Abel Selaocoe ha conosciuto un'ascesa fulminea negli ultimi anni, con un numero di sue opere eseguite quasi triplicato tra il 2024 e il 2025.<\/p>\n<p>Il direttore d'orchestra pi\u00f9 impegnato \u00e8 stato Yannick N\u00e9zet-S\u00e9guin, l'orchestra pi\u00f9 impegnata \u00e8 stata la Chicago Symphony Orchestra. I compositori pi\u00f9 eseguiti sono stati Beethoven, Mozart e Bach, l'opera pi\u00f9 eseguita \u00e8 stata l'opera di Vivaldi. <em>Quattro stagioni<\/em>, seguito da Ravel <em>La Valse<\/em>, in conseguenza del 150\u00b0 compleanno di Ravel. Di conseguenza, l'opera solista pi\u00f9 eseguita \u00e8 stata l'opera di Ravel <em>Concerto per pianoforte e orchestra in sol maggiore<\/em>. Le opere pi\u00f9 frequentemente eseguite sono state quelle di Mozart <em>Flauto magico<\/em>Bizet <em>Carmen<\/em> e l'opera di Puccini <em>La Boh\u00e8me<\/em>.<\/p>\n<p><strong>Tutte le statistiche:<\/strong><br \/>\n<a href=\"https:\/\/cdn.bachtrack.com\/files\/467517-DE%20Annual%20classical%20music%20statistics%202025.pdf\" target=\"_blank\" rel=\"noopener\">https:\/\/cdn.bachtrack.com\/files\/467517-DE%20Annual%20classical%20music%20statistics%202025.pdf<\/a><\/p>","protected":false},"excerpt":{"rendered":"<p>Nel 2025 Arvo P\u00e4rt ha festeggiato il suo 90\u00b0 compleanno, diventando il compositore vivente pi\u00f9 eseguito. Le compositrici donne sono state eseguite di pi\u00f9, anche se ancora troppo poche.<\/p>","protected":false},"author":30,"featured_media":70491,"comment_status":"closed","ping_status":"closed","sticky":false,"template":"","format":"standard","meta":{"_acf_changed":false,"_relevanssi_hide_post":"","_relevanssi_hide_content":"","_relevanssi_pin_for_all":"","_relevanssi_pin_keywords":"","_relevanssi_unpin_keywords":"","_relevanssi_related_keywords":"","_relevanssi_related_include_ids":"","_relevanssi_related_exclude_ids":"","_relevanssi_related_no_append":"","_relevanssi_related_not_related":"","_relevanssi_related_posts":"","_relevanssi_noindex_reason":"","pgc_sgb_lightbox_settings":"","footnotes":""},"categories":[27],"tags":[5427,3544,4739],"class_list":["post-70489","post","type-post","status-publish","format-standard","has-post-thumbnail","hentry","category-news","tag-arvo-paert","tag-bachtrack","tag-konzertstatistik"],"acf":[],"yoast_head":"<!-- This site is optimized with the Yoast SEO plugin v27.4 - https:\/\/yoast.com\/product\/yoast-seo-wordpress\/ -->\n<title>Konzertstatistik 2025: P\u00e4rt ist meistgespielter Zeitgenosse - Schweizer Musikzeitung<\/title>\n<meta name=\"description\" content=\"Arvo P\u00e4rt war 2025 der meistgespielte lebende Komponist. Weitere Statistiken zeigen, dass Komponistinnen \u00f6fter gepielt wurden.\" \/>\n<meta name=\"robots\" content=\"index, follow, max-snippet:-1, max-image-preview:large, max-video-preview:-1\" \/>\n<link rel=\"canonical\" href=\"https:\/\/www.musikzeitung.ch\/it\/news\/2026\/01\/paert-war-2025-der-meistgespielte-lebende-komponist\/\" \/>\n<meta property=\"og:locale\" content=\"it_IT\" \/>\n<meta property=\"og:type\" content=\"article\" \/>\n<meta property=\"og:title\" content=\"Konzertstatistik 2025: P\u00e4rt ist meistgespielter Zeitgenosse - Schweizer Musikzeitung\" \/>\n<meta property=\"og:description\" content=\"Arvo P\u00e4rt war 2025 der meistgespielte lebende Komponist. Weitere Statistiken zeigen, dass Komponistinnen \u00f6fter gepielt wurden.\" \/>\n<meta property=\"og:url\" content=\"https:\/\/www.musikzeitung.ch\/it\/news\/2026\/01\/paert-war-2025-der-meistgespielte-lebende-komponist\/\" \/>\n<meta property=\"og:site_name\" content=\"Schweizer Musikzeitung\" \/>\n<meta property=\"article:publisher\" content=\"https:\/\/www.facebook.com\/SchweizerMusikzeitung\/\" \/>\n<meta property=\"article:author\" content=\"https:\/\/www.facebook.com\/wolfgang.bohler.75\" \/>\n<meta property=\"article:published_time\" content=\"2026-01-29T13:50:21+00:00\" \/>\n<meta property=\"article:modified_time\" content=\"2026-01-29T14:45:50+00:00\" \/>\n<meta property=\"og:image\" content=\"https:\/\/www.musikzeitung.ch\/wp-content\/uploads\/2026\/01\/260129paert.jpg\" \/>\n\t<meta property=\"og:image:width\" content=\"833\" \/>\n\t<meta property=\"og:image:height\" content=\"538\" \/>\n\t<meta property=\"og:image:type\" content=\"image\/jpeg\" \/>\n<meta name=\"author\" content=\"Wolfgang B\u00f6hler\" \/>\n<meta name=\"twitter:card\" content=\"summary_large_image\" \/>\n<meta name=\"twitter:creator\" content=\"@smusikzeitung\" \/>\n<meta name=\"twitter:site\" content=\"@smusikzeitung\" \/>\n<meta name=\"twitter:label1\" content=\"Scritto da\" \/>\n\t<meta name=\"twitter:data1\" content=\"Wolfgang B\u00f6hler\" \/>\n\t<meta name=\"twitter:label2\" content=\"Tempo di lettura stimato\" \/>\n\t<meta name=\"twitter:data2\" content=\"2 minuti\" \/>\n<script type=\"application\/ld+json\" class=\"yoast-schema-graph\">{\"@context\":\"https:\\\/\\\/schema.org\",\"@graph\":[{\"@type\":\"Article\",\"@id\":\"https:\\\/\\\/www.musikzeitung.ch\\\/news\\\/2026\\\/01\\\/paert-war-2025-der-meistgespielte-lebende-komponist#article\",\"isPartOf\":{\"@id\":\"https:\\\/\\\/www.musikzeitung.ch\\\/news\\\/2026\\\/01\\\/paert-war-2025-der-meistgespielte-lebende-komponist\"},\"author\":{\"name\":\"Wolfgang B\u00f6hler\",\"@id\":\"https:\\\/\\\/www.musikzeitung.ch\\\/#\\\/schema\\\/person\\\/0da4fb82d243f1252850a35d0e87cf0c\"},\"headline\":\"Konzertstatistik 2025: P\u00e4rt ist meistgespielter Zeitgenosse\",\"datePublished\":\"2026-01-29T13:50:21+00:00\",\"dateModified\":\"2026-01-29T14:45:50+00:00\",\"mainEntityOfPage\":{\"@id\":\"https:\\\/\\\/www.musikzeitung.ch\\\/news\\\/2026\\\/01\\\/paert-war-2025-der-meistgespielte-lebende-komponist\"},\"wordCount\":208,\"publisher\":{\"@id\":\"https:\\\/\\\/www.musikzeitung.ch\\\/#organization\"},\"image\":{\"@id\":\"https:\\\/\\\/www.musikzeitung.ch\\\/news\\\/2026\\\/01\\\/paert-war-2025-der-meistgespielte-lebende-komponist#primaryimage\"},\"thumbnailUrl\":\"https:\\\/\\\/www.musikzeitung.ch\\\/wp-content\\\/uploads\\\/2026\\\/01\\\/260129paert.jpg\",\"keywords\":[\"Arvo P\u00e4rt\",\"Bachtrack\",\"Konzertstatistik\"],\"articleSection\":[\"News\"],\"inLanguage\":\"it-IT\"},{\"@type\":\"WebPage\",\"@id\":\"https:\\\/\\\/www.musikzeitung.ch\\\/news\\\/2026\\\/01\\\/paert-war-2025-der-meistgespielte-lebende-komponist\",\"url\":\"https:\\\/\\\/www.musikzeitung.ch\\\/news\\\/2026\\\/01\\\/paert-war-2025-der-meistgespielte-lebende-komponist\",\"name\":\"Konzertstatistik 2025: P\u00e4rt ist meistgespielter Zeitgenosse - Schweizer Musikzeitung\",\"isPartOf\":{\"@id\":\"https:\\\/\\\/www.musikzeitung.ch\\\/#website\"},\"primaryImageOfPage\":{\"@id\":\"https:\\\/\\\/www.musikzeitung.ch\\\/news\\\/2026\\\/01\\\/paert-war-2025-der-meistgespielte-lebende-komponist#primaryimage\"},\"image\":{\"@id\":\"https:\\\/\\\/www.musikzeitung.ch\\\/news\\\/2026\\\/01\\\/paert-war-2025-der-meistgespielte-lebende-komponist#primaryimage\"},\"thumbnailUrl\":\"https:\\\/\\\/www.musikzeitung.ch\\\/wp-content\\\/uploads\\\/2026\\\/01\\\/260129paert.jpg\",\"datePublished\":\"2026-01-29T13:50:21+00:00\",\"dateModified\":\"2026-01-29T14:45:50+00:00\",\"description\":\"Arvo P\u00e4rt war 2025 der meistgespielte lebende Komponist. Weitere Statistiken zeigen, dass Komponistinnen \u00f6fter gepielt wurden.\",\"breadcrumb\":{\"@id\":\"https:\\\/\\\/www.musikzeitung.ch\\\/news\\\/2026\\\/01\\\/paert-war-2025-der-meistgespielte-lebende-komponist#breadcrumb\"},\"inLanguage\":\"it-IT\",\"potentialAction\":[{\"@type\":\"ReadAction\",\"target\":[\"https:\\\/\\\/www.musikzeitung.ch\\\/news\\\/2026\\\/01\\\/paert-war-2025-der-meistgespielte-lebende-komponist\"]}]},{\"@type\":\"ImageObject\",\"inLanguage\":\"it-IT\",\"@id\":\"https:\\\/\\\/www.musikzeitung.ch\\\/news\\\/2026\\\/01\\\/paert-war-2025-der-meistgespielte-lebende-komponist#primaryimage\",\"url\":\"https:\\\/\\\/www.musikzeitung.ch\\\/wp-content\\\/uploads\\\/2026\\\/01\\\/260129paert.jpg\",\"contentUrl\":\"https:\\\/\\\/www.musikzeitung.ch\\\/wp-content\\\/uploads\\\/2026\\\/01\\\/260129paert.jpg\",\"width\":833,\"height\":538,\"caption\":\"Arvo P\u00e4rt (Bild: Estl\u00e4ndisches Aussenministerium)\"},{\"@type\":\"BreadcrumbList\",\"@id\":\"https:\\\/\\\/www.musikzeitung.ch\\\/news\\\/2026\\\/01\\\/paert-war-2025-der-meistgespielte-lebende-komponist#breadcrumb\",\"itemListElement\":[{\"@type\":\"ListItem\",\"position\":1,\"name\":\"Home\",\"item\":\"https:\\\/\\\/www.musikzeitung.ch\\\/\"},{\"@type\":\"ListItem\",\"position\":2,\"name\":\"Konzertstatistik 2025: P\u00e4rt ist meistgespielter Zeitgenosse\"}]},{\"@type\":\"WebSite\",\"@id\":\"https:\\\/\\\/www.musikzeitung.ch\\\/#website\",\"url\":\"https:\\\/\\\/www.musikzeitung.ch\\\/\",\"name\":\"Schweizer Musikzeitung\",\"description\":\"Die f\u00fchrende sparten\u00fcbergreifende Monatszeitung in der Schweiz f\u00fcr musikalische Fragen.\",\"publisher\":{\"@id\":\"https:\\\/\\\/www.musikzeitung.ch\\\/#organization\"},\"potentialAction\":[{\"@type\":\"SearchAction\",\"target\":{\"@type\":\"EntryPoint\",\"urlTemplate\":\"https:\\\/\\\/www.musikzeitung.ch\\\/?s={search_term_string}\"},\"query-input\":{\"@type\":\"PropertyValueSpecification\",\"valueRequired\":true,\"valueName\":\"search_term_string\"}}],\"inLanguage\":\"it-IT\"},{\"@type\":\"Organization\",\"@id\":\"https:\\\/\\\/www.musikzeitung.ch\\\/#organization\",\"name\":\"Schweizer Musikzeitung\",\"url\":\"https:\\\/\\\/www.musikzeitung.ch\\\/\",\"logo\":{\"@type\":\"ImageObject\",\"inLanguage\":\"it-IT\",\"@id\":\"https:\\\/\\\/www.musikzeitung.ch\\\/#\\\/schema\\\/logo\\\/image\\\/\",\"url\":\"https:\\\/\\\/www.musikzeitung.ch\\\/wp-content\\\/uploads\\\/2023\\\/01\\\/SMZ_Schriftzug_Sprache.png\",\"contentUrl\":\"https:\\\/\\\/www.musikzeitung.ch\\\/wp-content\\\/uploads\\\/2023\\\/01\\\/SMZ_Schriftzug_Sprache.png\",\"width\":1400,\"height\":279,\"caption\":\"Schweizer Musikzeitung\"},\"image\":{\"@id\":\"https:\\\/\\\/www.musikzeitung.ch\\\/#\\\/schema\\\/logo\\\/image\\\/\"},\"sameAs\":[\"https:\\\/\\\/www.facebook.com\\\/SchweizerMusikzeitung\\\/\",\"https:\\\/\\\/x.com\\\/smusikzeitung\",\"https:\\\/\\\/www.instagram.com\\\/musikzeitung.ch\\\/\"]},{\"@type\":\"Person\",\"@id\":\"https:\\\/\\\/www.musikzeitung.ch\\\/#\\\/schema\\\/person\\\/0da4fb82d243f1252850a35d0e87cf0c\",\"name\":\"Wolfgang B\u00f6hler\",\"image\":{\"@type\":\"ImageObject\",\"inLanguage\":\"it-IT\",\"@id\":\"https:\\\/\\\/www.musikzeitung.ch\\\/wp-content\\\/uploads\\\/2023\\\/01\\\/boehler_portraet_web-e1674139782246-96x96.jpg\",\"url\":\"https:\\\/\\\/www.musikzeitung.ch\\\/wp-content\\\/uploads\\\/2023\\\/01\\\/boehler_portraet_web-e1674139782246-96x96.jpg\",\"contentUrl\":\"https:\\\/\\\/www.musikzeitung.ch\\\/wp-content\\\/uploads\\\/2023\\\/01\\\/boehler_portraet_web-e1674139782246-96x96.jpg\",\"caption\":\"Wolfgang B\u00f6hler\"},\"sameAs\":[\"http:\\\/\\\/www.manacanto.ch\",\"https:\\\/\\\/www.facebook.com\\\/wolfgang.bohler.75\"],\"url\":\"https:\\\/\\\/www.musikzeitung.ch\\\/it\\\/author\\\/wolfgang-boehler\"}]}<\/script>\n<!-- \/ Yoast SEO plugin. -->","yoast_head_json":{"title":"Statistiche dei concerti 2025: P\u00e4rt \u00e8 il contemporaneo pi\u00f9 suonato - Schweizer Musikzeitung","description":"Arvo P\u00e4rt \u00e8 stato il compositore vivente pi\u00f9 eseguito nel 2025. Altre statistiche mostrano che le compositrici sono state eseguite pi\u00f9 spesso.","robots":{"index":"index","follow":"follow","max-snippet":"max-snippet:-1","max-image-preview":"max-image-preview:large","max-video-preview":"max-video-preview:-1"},"canonical":"https:\/\/www.musikzeitung.ch\/it\/news\/2026\/01\/paert-war-2025-der-meistgespielte-lebende-komponist\/","og_locale":"it_IT","og_type":"article","og_title":"Konzertstatistik 2025: P\u00e4rt ist meistgespielter Zeitgenosse - Schweizer Musikzeitung","og_description":"Arvo P\u00e4rt war 2025 der meistgespielte lebende Komponist. Weitere Statistiken zeigen, dass Komponistinnen \u00f6fter gepielt wurden.","og_url":"https:\/\/www.musikzeitung.ch\/it\/news\/2026\/01\/paert-war-2025-der-meistgespielte-lebende-komponist\/","og_site_name":"Schweizer Musikzeitung","article_publisher":"https:\/\/www.facebook.com\/SchweizerMusikzeitung\/","article_author":"https:\/\/www.facebook.com\/wolfgang.bohler.75","article_published_time":"2026-01-29T13:50:21+00:00","article_modified_time":"2026-01-29T14:45:50+00:00","og_image":[{"width":833,"height":538,"url":"https:\/\/www.musikzeitung.ch\/wp-content\/uploads\/2026\/01\/260129paert.jpg","type":"image\/jpeg"}],"author":"Wolfgang B\u00f6hler","twitter_card":"summary_large_image","twitter_creator":"@smusikzeitung","twitter_site":"@smusikzeitung","twitter_misc":{"Scritto da":"Wolfgang B\u00f6hler","Tempo di lettura stimato":"2 minuti"},"schema":{"@context":"https:\/\/schema.org","@graph":[{"@type":"Article","@id":"https:\/\/www.musikzeitung.ch\/news\/2026\/01\/paert-war-2025-der-meistgespielte-lebende-komponist#article","isPartOf":{"@id":"https:\/\/www.musikzeitung.ch\/news\/2026\/01\/paert-war-2025-der-meistgespielte-lebende-komponist"},"author":{"name":"Wolfgang B\u00f6hler","@id":"https:\/\/www.musikzeitung.ch\/#\/schema\/person\/0da4fb82d243f1252850a35d0e87cf0c"},"headline":"Konzertstatistik 2025: P\u00e4rt ist meistgespielter Zeitgenosse","datePublished":"2026-01-29T13:50:21+00:00","dateModified":"2026-01-29T14:45:50+00:00","mainEntityOfPage":{"@id":"https:\/\/www.musikzeitung.ch\/news\/2026\/01\/paert-war-2025-der-meistgespielte-lebende-komponist"},"wordCount":208,"publisher":{"@id":"https:\/\/www.musikzeitung.ch\/#organization"},"image":{"@id":"https:\/\/www.musikzeitung.ch\/news\/2026\/01\/paert-war-2025-der-meistgespielte-lebende-komponist#primaryimage"},"thumbnailUrl":"https:\/\/www.musikzeitung.ch\/wp-content\/uploads\/2026\/01\/260129paert.jpg","keywords":["Arvo P\u00e4rt","Bachtrack","Konzertstatistik"],"articleSection":["News"],"inLanguage":"it-IT"},{"@type":"WebPage","@id":"https:\/\/www.musikzeitung.ch\/news\/2026\/01\/paert-war-2025-der-meistgespielte-lebende-komponist","url":"https:\/\/www.musikzeitung.ch\/news\/2026\/01\/paert-war-2025-der-meistgespielte-lebende-komponist","name":"Statistiche dei concerti 2025: P\u00e4rt \u00e8 il contemporaneo pi\u00f9 suonato - Schweizer Musikzeitung","isPartOf":{"@id":"https:\/\/www.musikzeitung.ch\/#website"},"primaryImageOfPage":{"@id":"https:\/\/www.musikzeitung.ch\/news\/2026\/01\/paert-war-2025-der-meistgespielte-lebende-komponist#primaryimage"},"image":{"@id":"https:\/\/www.musikzeitung.ch\/news\/2026\/01\/paert-war-2025-der-meistgespielte-lebende-komponist#primaryimage"},"thumbnailUrl":"https:\/\/www.musikzeitung.ch\/wp-content\/uploads\/2026\/01\/260129paert.jpg","datePublished":"2026-01-29T13:50:21+00:00","dateModified":"2026-01-29T14:45:50+00:00","description":"Arvo P\u00e4rt \u00e8 stato il compositore vivente pi\u00f9 eseguito nel 2025. Altre statistiche mostrano che le compositrici sono state eseguite pi\u00f9 spesso.","breadcrumb":{"@id":"https:\/\/www.musikzeitung.ch\/news\/2026\/01\/paert-war-2025-der-meistgespielte-lebende-komponist#breadcrumb"},"inLanguage":"it-IT","potentialAction":[{"@type":"ReadAction","target":["https:\/\/www.musikzeitung.ch\/news\/2026\/01\/paert-war-2025-der-meistgespielte-lebende-komponist"]}]},{"@type":"ImageObject","inLanguage":"it-IT","@id":"https:\/\/www.musikzeitung.ch\/news\/2026\/01\/paert-war-2025-der-meistgespielte-lebende-komponist#primaryimage","url":"https:\/\/www.musikzeitung.ch\/wp-content\/uploads\/2026\/01\/260129paert.jpg","contentUrl":"https:\/\/www.musikzeitung.ch\/wp-content\/uploads\/2026\/01\/260129paert.jpg","width":833,"height":538,"caption":"Arvo P\u00e4rt (Bild: Estl\u00e4ndisches Aussenministerium)"},{"@type":"BreadcrumbList","@id":"https:\/\/www.musikzeitung.ch\/news\/2026\/01\/paert-war-2025-der-meistgespielte-lebende-komponist#breadcrumb","itemListElement":[{"@type":"ListItem","position":1,"name":"Home","item":"https:\/\/www.musikzeitung.ch\/"},{"@type":"ListItem","position":2,"name":"Konzertstatistik 2025: P\u00e4rt ist meistgespielter Zeitgenosse"}]},{"@type":"WebSite","@id":"https:\/\/www.musikzeitung.ch\/#website","url":"https:\/\/www.musikzeitung.ch\/","name":"Giornale musicale svizzero","description":"Il principale mensile interdisciplinare della Svizzera per le questioni musicali.","publisher":{"@id":"https:\/\/www.musikzeitung.ch\/#organization"},"potentialAction":[{"@type":"SearchAction","target":{"@type":"EntryPoint","urlTemplate":"https:\/\/www.musikzeitung.ch\/?s={search_term_string}"},"query-input":{"@type":"PropertyValueSpecification","valueRequired":true,"valueName":"search_term_string"}}],"inLanguage":"it-IT"},{"@type":"Organization","@id":"https:\/\/www.musikzeitung.ch\/#organization","name":"Giornale musicale svizzero","url":"https:\/\/www.musikzeitung.ch\/","logo":{"@type":"ImageObject","inLanguage":"it-IT","@id":"https:\/\/www.musikzeitung.ch\/#\/schema\/logo\/image\/","url":"https:\/\/www.musikzeitung.ch\/wp-content\/uploads\/2023\/01\/SMZ_Schriftzug_Sprache.png","contentUrl":"https:\/\/www.musikzeitung.ch\/wp-content\/uploads\/2023\/01\/SMZ_Schriftzug_Sprache.png","width":1400,"height":279,"caption":"Schweizer Musikzeitung"},"image":{"@id":"https:\/\/www.musikzeitung.ch\/#\/schema\/logo\/image\/"},"sameAs":["https:\/\/www.facebook.com\/SchweizerMusikzeitung\/","https:\/\/x.com\/smusikzeitung","https:\/\/www.instagram.com\/musikzeitung.ch\/"]},{"@type":"Person","@id":"https:\/\/www.musikzeitung.ch\/#\/schema\/person\/0da4fb82d243f1252850a35d0e87cf0c","name":"Wolfgang B\u00f6hler","image":{"@type":"ImageObject","inLanguage":"it-IT","@id":"https:\/\/www.musikzeitung.ch\/wp-content\/uploads\/2023\/01\/boehler_portraet_web-e1674139782246-96x96.jpg","url":"https:\/\/www.musikzeitung.ch\/wp-content\/uploads\/2023\/01\/boehler_portraet_web-e1674139782246-96x96.jpg","contentUrl":"https:\/\/www.musikzeitung.ch\/wp-content\/uploads\/2023\/01\/boehler_portraet_web-e1674139782246-96x96.jpg","caption":"Wolfgang B\u00f6hler"},"sameAs":["http:\/\/www.manacanto.ch","https:\/\/www.facebook.com\/wolfgang.bohler.75"],"url":"https:\/\/www.musikzeitung.ch\/it\/author\/wolfgang-boehler"}]}},"publishpress_future_workflow_manual_trigger":{"enabledWorkflows":[]},"_links":{"self":[{"href":"https:\/\/www.musikzeitung.ch\/it\/wp-json\/wp\/v2\/posts\/70489","targetHints":{"allow":["GET"]}}],"collection":[{"href":"https:\/\/www.musikzeitung.ch\/it\/wp-json\/wp\/v2\/posts"}],"about":[{"href":"https:\/\/www.musikzeitung.ch\/it\/wp-json\/wp\/v2\/types\/post"}],"author":[{"embeddable":true,"href":"https:\/\/www.musikzeitung.ch\/it\/wp-json\/wp\/v2\/users\/30"}],"replies":[{"embeddable":true,"href":"https:\/\/www.musikzeitung.ch\/it\/wp-json\/wp\/v2\/comments?post=70489"}],"version-history":[{"count":7,"href":"https:\/\/www.musikzeitung.ch\/it\/wp-json\/wp\/v2\/posts\/70489\/revisions"}],"predecessor-version":[{"id":70499,"href":"https:\/\/www.musikzeitung.ch\/it\/wp-json\/wp\/v2\/posts\/70489\/revisions\/70499"}],"wp:featuredmedia":[{"embeddable":true,"href":"https:\/\/www.musikzeitung.ch\/it\/wp-json\/wp\/v2\/media\/70491"}],"wp:attachment":[{"href":"https:\/\/www.musikzeitung.ch\/it\/wp-json\/wp\/v2\/media?parent=70489"}],"wp:term":[{"taxonomy":"category","embeddable":true,"href":"https:\/\/www.musikzeitung.ch\/it\/wp-json\/wp\/v2\/categories?post=70489"},{"taxonomy":"post_tag","embeddable":true,"href":"https:\/\/www.musikzeitung.ch\/it\/wp-json\/wp\/v2\/tags?post=70489"}],"curies":[{"name":"wp","href":"https:\/\/api.w.org\/{rel}","templated":true}]}}