{"id":70500,"date":"2026-01-31T16:05:05","date_gmt":"2026-01-31T15:05:05","guid":{"rendered":"https:\/\/www.musikzeitung.ch\/?p=70500"},"modified":"2026-01-29T16:06:22","modified_gmt":"2026-01-29T15:06:22","slug":"sinnliche-reichhaltigkeit","status":"publish","type":"post","link":"https:\/\/www.musikzeitung.ch\/it\/rezensionen\/tontraeger-rezensionen\/2026\/01\/sinnliche-reichhaltigkeit","title":{"rendered":"Ricchezza sensuale"},"content":{"rendered":"<figure id=\"attachment_70502\" aria-describedby=\"caption-attachment-70502\" style=\"width: 1200px\" class=\"wp-caption alignnone\"><img loading=\"lazy\" decoding=\"async\" class=\"wp-image-70502 size-full\" src=\"https:\/\/www.musikzeitung.ch\/wp-content\/uploads\/2026\/01\/Orecchia_Marchisella_Bandcamp.jpg\" alt=\"\" width=\"1200\" height=\"913\" srcset=\"https:\/\/www.musikzeitung.ch\/wp-content\/uploads\/2026\/01\/Orecchia_Marchisella_Bandcamp.jpg 1200w, https:\/\/www.musikzeitung.ch\/wp-content\/uploads\/2026\/01\/Orecchia_Marchisella_Bandcamp-300x228.jpg 300w, https:\/\/www.musikzeitung.ch\/wp-content\/uploads\/2026\/01\/Orecchia_Marchisella_Bandcamp-1024x779.jpg 1024w, https:\/\/www.musikzeitung.ch\/wp-content\/uploads\/2026\/01\/Orecchia_Marchisella_Bandcamp-768x584.jpg 768w, https:\/\/www.musikzeitung.ch\/wp-content\/uploads\/2026\/01\/Orecchia_Marchisella_Bandcamp-16x12.jpg 16w, https:\/\/www.musikzeitung.ch\/wp-content\/uploads\/2026\/01\/Orecchia_Marchisella_Bandcamp-230x175.jpg 230w, https:\/\/www.musikzeitung.ch\/wp-content\/uploads\/2026\/01\/Orecchia_Marchisella_Bandcamp-460x350.jpg 460w, https:\/\/www.musikzeitung.ch\/wp-content\/uploads\/2026\/01\/Orecchia_Marchisella_Bandcamp-1051x800.jpg 1051w, https:\/\/www.musikzeitung.ch\/wp-content\/uploads\/2026\/01\/Orecchia_Marchisella_Bandcamp-920x700.jpg 920w\" sizes=\"auto, (max-width: 1200px) 100vw, 1200px\" \/><figcaption id=\"caption-attachment-70502\" class=\"wp-caption-text\">Jo\u00e3o Orecchia e Mario Marchisella. Foto: Bandcamp<\/figcaption><\/figure>\n<p>Per evitare che le inevitabili lunghe spiegazioni introduttive possano rovinare il piacere dell'ascolto: <em>Antitop\u00e8ia<\/em> offre una miscela incredibilmente dinamica e atmosferica di influenze globali e prestazioni locali che ci porta la sua audacia sperimentale con molto calore.<\/p>\n<p>Il gruppo The Sea Around Us \u00e8 composto dal batterista, polistrumentista e compositore zurighese Mario Marchisella e dal clarinettista, bassista e synth specialist italo-sudafricano Jo\u00e3o Orecchia, che attualmente vive a Marsiglia. I due si sono incontrati a Johannesburg nel 2008, quando Marchisella vi soggiornava nell'ambito di una residenza Pro Helvetia con la sua compagna di vita e di lavoro Marianne Halter - i due sono impegnati in video e altre installazioni artistiche. Hanno subito riconosciuto uno \u00abspirito affine\u00bb, che in seguito ha portato ad altri progetti di ogni tipo in Sudafrica e in Svizzera.<\/p>\n<p>Ora lo scambio creativo ha finalmente trovato espressione in un album. Il lavoro \u00e8 iniziato con una settimana di incontri nello studio di Marchisella a Zurigo. Le \u00abjam\u00bb quotidiane, della durata di un'ora, sono state tutte registrate e poi - a casa - passate al setaccio separatamente per trovare i passaggi pi\u00f9 promettenti.<\/p>\n<p>In un secondo incontro, hanno integrato le registrazioni originali selezionate con parti strumentali aggiuntive e arrangiamenti elettronici. Ora sentivano il bisogno di altri ingredienti. L'artista vocale Saadet T\u00fcrk\u00f6z, l'artista della parola Gilles Furtw\u00e4ngler e la violinista\/musicista elettronica Magda Drozd hanno trascorso mezza giornata in studio e hanno risposto al materiale sonoro presentato loro con i propri contributi.<\/p>\n<p>Anche grazie a un sottofondo di basso di influenza sudafricana, a una batteria decisa e a pads di synth atmosferici, questi pezzi sono quasi carnali nella loro sensuale ricchezza.<img loading=\"lazy\" decoding=\"async\" class=\"aligncenter wp-image-70501 size-medium\" src=\"https:\/\/www.musikzeitung.ch\/wp-content\/uploads\/2026\/01\/01_crit_cd_Kuenzler-300x300.jpg\" alt=\"\" width=\"300\" height=\"300\" srcset=\"https:\/\/www.musikzeitung.ch\/wp-content\/uploads\/2026\/01\/01_crit_cd_Kuenzler-300x300.jpg 300w, https:\/\/www.musikzeitung.ch\/wp-content\/uploads\/2026\/01\/01_crit_cd_Kuenzler-1024x1024.jpg 1024w, https:\/\/www.musikzeitung.ch\/wp-content\/uploads\/2026\/01\/01_crit_cd_Kuenzler-768x768.jpg 768w, https:\/\/www.musikzeitung.ch\/wp-content\/uploads\/2026\/01\/01_crit_cd_Kuenzler-12x12.jpg 12w, https:\/\/www.musikzeitung.ch\/wp-content\/uploads\/2026\/01\/01_crit_cd_Kuenzler-175x175.jpg 175w, https:\/\/www.musikzeitung.ch\/wp-content\/uploads\/2026\/01\/01_crit_cd_Kuenzler-350x350.jpg 350w, https:\/\/www.musikzeitung.ch\/wp-content\/uploads\/2026\/01\/01_crit_cd_Kuenzler-800x800.jpg 800w, https:\/\/www.musikzeitung.ch\/wp-content\/uploads\/2026\/01\/01_crit_cd_Kuenzler-920x920.jpg 920w, https:\/\/www.musikzeitung.ch\/wp-content\/uploads\/2026\/01\/01_crit_cd_Kuenzler-150x150.jpg 150w, https:\/\/www.musikzeitung.ch\/wp-content\/uploads\/2026\/01\/01_crit_cd_Kuenzler-100x100.jpg 100w, https:\/\/www.musikzeitung.ch\/wp-content\/uploads\/2026\/01\/01_crit_cd_Kuenzler-24x24.jpg 24w, https:\/\/www.musikzeitung.ch\/wp-content\/uploads\/2026\/01\/01_crit_cd_Kuenzler-48x48.jpg 48w, https:\/\/www.musikzeitung.ch\/wp-content\/uploads\/2026\/01\/01_crit_cd_Kuenzler-96x96.jpg 96w, https:\/\/www.musikzeitung.ch\/wp-content\/uploads\/2026\/01\/01_crit_cd_Kuenzler-250x250.jpg 250w, https:\/\/www.musikzeitung.ch\/wp-content\/uploads\/2026\/01\/01_crit_cd_Kuenzler.jpg 1000w\" sizes=\"auto, (max-width: 300px) 100vw, 300px\" \/><\/p>\n<p><em>Il mare intorno a noi: Antitop\u00e8ia. Mario Marchisella, batteria, chitarra, pianoforte, basso; Jo\u00e3o Orecchia, clarinetto basso, sintetizzatore, basso. Ospiti: Magda Drozd, Violino, Elettronica (1, 2, 3), Saadet T\u00fcrk\u00f6z, Testi e Voce (2, 4), Gilles Furtw\u00e4ngler, Testi e Voce (1, 6). Digitale e vinile. <\/em><a href=\"https:\/\/aroundusthesea.bandcamp.com\/\" target=\"_blank\" rel=\"noopener\"><em>Audioscope\/Irascibile<\/em><\/a><\/p>","protected":false},"excerpt":{"rendered":"<p>La collaborazione tra Mario Marchisella e Jo\u00e3o Orecchia ha dato vita ad \u00abAntitop\u00e8ia\u00bb, un cosmo sonoro tanto audace quanto invitante. <\/p>","protected":false},"author":29,"featured_media":70502,"comment_status":"closed","ping_status":"closed","sticky":false,"template":"","format":"standard","meta":{"_acf_changed":false,"_relevanssi_hide_post":"","_relevanssi_hide_content":"","_relevanssi_pin_for_all":"","_relevanssi_pin_keywords":"","_relevanssi_unpin_keywords":"","_relevanssi_related_keywords":"","_relevanssi_related_include_ids":"","_relevanssi_related_exclude_ids":"","_relevanssi_related_no_append":"","_relevanssi_related_not_related":"","_relevanssi_related_posts":"","_relevanssi_noindex_reason":"","pgc_sgb_lightbox_settings":"","footnotes":""},"categories":[29,1420],"tags":[5502,5501,5503],"class_list":["post-70500","post","type-post","status-publish","format-standard","has-post-thumbnail","hentry","category-rezensionen","category-tontraeger-rezensionen","tag-joao-orecchia","tag-mario-marchisella","tag-the-sea-around-us"],"acf":[],"yoast_head":"<!-- This site is optimized with the Yoast SEO plugin v27.4 - https:\/\/yoast.com\/product\/yoast-seo-wordpress\/ -->\n<title>Sinnliche Reichhaltigkeit - Schweizer Musikzeitung<\/title>\n<meta name=\"description\" content=\"Aus der Zusammenarbeit von Mario Marchisella und Jo\u00e3o Orecchia ist mit \u00abAntitop\u00e8ia\u00bb ein ebenso k\u00fchner wie einladender Klangkosmos entstanden.\" \/>\n<meta name=\"robots\" content=\"index, follow, max-snippet:-1, max-image-preview:large, max-video-preview:-1\" \/>\n<link rel=\"canonical\" href=\"https:\/\/www.musikzeitung.ch\/it\/rezensionen\/tontraeger-rezensionen\/2026\/01\/sinnliche-reichhaltigkeit\/\" \/>\n<meta property=\"og:locale\" content=\"it_IT\" \/>\n<meta property=\"og:type\" content=\"article\" \/>\n<meta property=\"og:title\" content=\"Sinnliche Reichhaltigkeit - Schweizer Musikzeitung\" \/>\n<meta property=\"og:description\" content=\"Aus der Zusammenarbeit von Mario Marchisella und Jo\u00e3o Orecchia ist mit \u00abAntitop\u00e8ia\u00bb ein ebenso k\u00fchner wie einladender Klangkosmos entstanden.\" \/>\n<meta property=\"og:url\" content=\"https:\/\/www.musikzeitung.ch\/it\/rezensionen\/tontraeger-rezensionen\/2026\/01\/sinnliche-reichhaltigkeit\/\" \/>\n<meta property=\"og:site_name\" content=\"Schweizer Musikzeitung\" \/>\n<meta property=\"article:publisher\" content=\"https:\/\/www.facebook.com\/SchweizerMusikzeitung\/\" \/>\n<meta property=\"article:published_time\" content=\"2026-01-31T15:05:05+00:00\" \/>\n<meta property=\"og:image\" content=\"https:\/\/www.musikzeitung.ch\/wp-content\/uploads\/2026\/01\/Orecchia_Marchisella_Bandcamp.jpg\" \/>\n\t<meta property=\"og:image:width\" content=\"1200\" \/>\n\t<meta property=\"og:image:height\" content=\"913\" \/>\n\t<meta property=\"og:image:type\" content=\"image\/jpeg\" \/>\n<meta name=\"author\" content=\"pia.schwab\" \/>\n<meta name=\"twitter:card\" content=\"summary_large_image\" \/>\n<meta name=\"twitter:creator\" content=\"@smusikzeitung\" \/>\n<meta name=\"twitter:site\" content=\"@smusikzeitung\" \/>\n<meta name=\"twitter:label1\" content=\"Scritto da\" \/>\n\t<meta name=\"twitter:data1\" content=\"pia.schwab\" \/>\n\t<meta name=\"twitter:label2\" content=\"Tempo di lettura stimato\" \/>\n\t<meta name=\"twitter:data2\" content=\"3 minuti\" \/>\n<script type=\"application\/ld+json\" class=\"yoast-schema-graph\">{\"@context\":\"https:\\\/\\\/schema.org\",\"@graph\":[{\"@type\":\"Article\",\"@id\":\"https:\\\/\\\/www.musikzeitung.ch\\\/rezensionen\\\/tontraeger-rezensionen\\\/2026\\\/01\\\/sinnliche-reichhaltigkeit#article\",\"isPartOf\":{\"@id\":\"https:\\\/\\\/www.musikzeitung.ch\\\/rezensionen\\\/tontraeger-rezensionen\\\/2026\\\/01\\\/sinnliche-reichhaltigkeit\"},\"author\":{\"name\":\"pia.schwab\",\"@id\":\"https:\\\/\\\/www.musikzeitung.ch\\\/#\\\/schema\\\/person\\\/ea3d7b86bd7157c78c7ddd37f2f82b5b\"},\"headline\":\"Sinnliche Reichhaltigkeit\",\"datePublished\":\"2026-01-31T15:05:05+00:00\",\"mainEntityOfPage\":{\"@id\":\"https:\\\/\\\/www.musikzeitung.ch\\\/rezensionen\\\/tontraeger-rezensionen\\\/2026\\\/01\\\/sinnliche-reichhaltigkeit\"},\"wordCount\":326,\"publisher\":{\"@id\":\"https:\\\/\\\/www.musikzeitung.ch\\\/#organization\"},\"image\":{\"@id\":\"https:\\\/\\\/www.musikzeitung.ch\\\/rezensionen\\\/tontraeger-rezensionen\\\/2026\\\/01\\\/sinnliche-reichhaltigkeit#primaryimage\"},\"thumbnailUrl\":\"https:\\\/\\\/www.musikzeitung.ch\\\/wp-content\\\/uploads\\\/2026\\\/01\\\/Orecchia_Marchisella_Bandcamp.jpg\",\"keywords\":[\"Jo\u00e3o Orecchia\",\"Mario Marchisella\",\"The Sea Around Us\"],\"articleSection\":[\"Rezensionen\",\"Tontr\u00e4ger\"],\"inLanguage\":\"it-IT\"},{\"@type\":\"WebPage\",\"@id\":\"https:\\\/\\\/www.musikzeitung.ch\\\/rezensionen\\\/tontraeger-rezensionen\\\/2026\\\/01\\\/sinnliche-reichhaltigkeit\",\"url\":\"https:\\\/\\\/www.musikzeitung.ch\\\/rezensionen\\\/tontraeger-rezensionen\\\/2026\\\/01\\\/sinnliche-reichhaltigkeit\",\"name\":\"Sinnliche Reichhaltigkeit - Schweizer Musikzeitung\",\"isPartOf\":{\"@id\":\"https:\\\/\\\/www.musikzeitung.ch\\\/#website\"},\"primaryImageOfPage\":{\"@id\":\"https:\\\/\\\/www.musikzeitung.ch\\\/rezensionen\\\/tontraeger-rezensionen\\\/2026\\\/01\\\/sinnliche-reichhaltigkeit#primaryimage\"},\"image\":{\"@id\":\"https:\\\/\\\/www.musikzeitung.ch\\\/rezensionen\\\/tontraeger-rezensionen\\\/2026\\\/01\\\/sinnliche-reichhaltigkeit#primaryimage\"},\"thumbnailUrl\":\"https:\\\/\\\/www.musikzeitung.ch\\\/wp-content\\\/uploads\\\/2026\\\/01\\\/Orecchia_Marchisella_Bandcamp.jpg\",\"datePublished\":\"2026-01-31T15:05:05+00:00\",\"description\":\"Aus der Zusammenarbeit von Mario Marchisella und Jo\u00e3o Orecchia ist mit \u00abAntitop\u00e8ia\u00bb ein ebenso k\u00fchner wie einladender Klangkosmos entstanden.\",\"breadcrumb\":{\"@id\":\"https:\\\/\\\/www.musikzeitung.ch\\\/rezensionen\\\/tontraeger-rezensionen\\\/2026\\\/01\\\/sinnliche-reichhaltigkeit#breadcrumb\"},\"inLanguage\":\"it-IT\",\"potentialAction\":[{\"@type\":\"ReadAction\",\"target\":[\"https:\\\/\\\/www.musikzeitung.ch\\\/rezensionen\\\/tontraeger-rezensionen\\\/2026\\\/01\\\/sinnliche-reichhaltigkeit\"]}]},{\"@type\":\"ImageObject\",\"inLanguage\":\"it-IT\",\"@id\":\"https:\\\/\\\/www.musikzeitung.ch\\\/rezensionen\\\/tontraeger-rezensionen\\\/2026\\\/01\\\/sinnliche-reichhaltigkeit#primaryimage\",\"url\":\"https:\\\/\\\/www.musikzeitung.ch\\\/wp-content\\\/uploads\\\/2026\\\/01\\\/Orecchia_Marchisella_Bandcamp.jpg\",\"contentUrl\":\"https:\\\/\\\/www.musikzeitung.ch\\\/wp-content\\\/uploads\\\/2026\\\/01\\\/Orecchia_Marchisella_Bandcamp.jpg\",\"width\":1200,\"height\":913},{\"@type\":\"BreadcrumbList\",\"@id\":\"https:\\\/\\\/www.musikzeitung.ch\\\/rezensionen\\\/tontraeger-rezensionen\\\/2026\\\/01\\\/sinnliche-reichhaltigkeit#breadcrumb\",\"itemListElement\":[{\"@type\":\"ListItem\",\"position\":1,\"name\":\"Home\",\"item\":\"https:\\\/\\\/www.musikzeitung.ch\\\/\"},{\"@type\":\"ListItem\",\"position\":2,\"name\":\"Sinnliche Reichhaltigkeit\"}]},{\"@type\":\"WebSite\",\"@id\":\"https:\\\/\\\/www.musikzeitung.ch\\\/#website\",\"url\":\"https:\\\/\\\/www.musikzeitung.ch\\\/\",\"name\":\"Schweizer Musikzeitung\",\"description\":\"Die f\u00fchrende sparten\u00fcbergreifende Monatszeitung in der Schweiz f\u00fcr musikalische Fragen.\",\"publisher\":{\"@id\":\"https:\\\/\\\/www.musikzeitung.ch\\\/#organization\"},\"potentialAction\":[{\"@type\":\"SearchAction\",\"target\":{\"@type\":\"EntryPoint\",\"urlTemplate\":\"https:\\\/\\\/www.musikzeitung.ch\\\/?s={search_term_string}\"},\"query-input\":{\"@type\":\"PropertyValueSpecification\",\"valueRequired\":true,\"valueName\":\"search_term_string\"}}],\"inLanguage\":\"it-IT\"},{\"@type\":\"Organization\",\"@id\":\"https:\\\/\\\/www.musikzeitung.ch\\\/#organization\",\"name\":\"Schweizer Musikzeitung\",\"url\":\"https:\\\/\\\/www.musikzeitung.ch\\\/\",\"logo\":{\"@type\":\"ImageObject\",\"inLanguage\":\"it-IT\",\"@id\":\"https:\\\/\\\/www.musikzeitung.ch\\\/#\\\/schema\\\/logo\\\/image\\\/\",\"url\":\"https:\\\/\\\/www.musikzeitung.ch\\\/wp-content\\\/uploads\\\/2023\\\/01\\\/SMZ_Schriftzug_Sprache.png\",\"contentUrl\":\"https:\\\/\\\/www.musikzeitung.ch\\\/wp-content\\\/uploads\\\/2023\\\/01\\\/SMZ_Schriftzug_Sprache.png\",\"width\":1400,\"height\":279,\"caption\":\"Schweizer Musikzeitung\"},\"image\":{\"@id\":\"https:\\\/\\\/www.musikzeitung.ch\\\/#\\\/schema\\\/logo\\\/image\\\/\"},\"sameAs\":[\"https:\\\/\\\/www.facebook.com\\\/SchweizerMusikzeitung\\\/\",\"https:\\\/\\\/x.com\\\/smusikzeitung\",\"https:\\\/\\\/www.instagram.com\\\/musikzeitung.ch\\\/\"]},{\"@type\":\"Person\",\"@id\":\"https:\\\/\\\/www.musikzeitung.ch\\\/#\\\/schema\\\/person\\\/ea3d7b86bd7157c78c7ddd37f2f82b5b\",\"name\":\"pia.schwab\",\"image\":{\"@type\":\"ImageObject\",\"inLanguage\":\"it-IT\",\"@id\":\"https:\\\/\\\/secure.gravatar.com\\\/avatar\\\/d39d170de4c2d07e897fbc26cf9d890fc046285c742207b86d8ebabe5fcde2c4?s=96&d=mm&r=g\",\"url\":\"https:\\\/\\\/secure.gravatar.com\\\/avatar\\\/d39d170de4c2d07e897fbc26cf9d890fc046285c742207b86d8ebabe5fcde2c4?s=96&d=mm&r=g\",\"contentUrl\":\"https:\\\/\\\/secure.gravatar.com\\\/avatar\\\/d39d170de4c2d07e897fbc26cf9d890fc046285c742207b86d8ebabe5fcde2c4?s=96&d=mm&r=g\",\"caption\":\"pia.schwab\"},\"url\":\"https:\\\/\\\/www.musikzeitung.ch\\\/it\\\/author\\\/pia-schwab\"}]}<\/script>\n<!-- \/ Yoast SEO plugin. -->","yoast_head_json":{"title":"Ricchezza sensuale - Schweizer Musikzeitung","description":"La collaborazione tra Mario Marchisella e Jo\u00e3o Orecchia ha dato vita ad \u00abAntitop\u00e8ia\u00bb, un cosmo sonoro tanto audace quanto invitante.","robots":{"index":"index","follow":"follow","max-snippet":"max-snippet:-1","max-image-preview":"max-image-preview:large","max-video-preview":"max-video-preview:-1"},"canonical":"https:\/\/www.musikzeitung.ch\/it\/rezensionen\/tontraeger-rezensionen\/2026\/01\/sinnliche-reichhaltigkeit\/","og_locale":"it_IT","og_type":"article","og_title":"Sinnliche Reichhaltigkeit - Schweizer Musikzeitung","og_description":"Aus der Zusammenarbeit von Mario Marchisella und Jo\u00e3o Orecchia ist mit \u00abAntitop\u00e8ia\u00bb ein ebenso k\u00fchner wie einladender Klangkosmos entstanden.","og_url":"https:\/\/www.musikzeitung.ch\/it\/rezensionen\/tontraeger-rezensionen\/2026\/01\/sinnliche-reichhaltigkeit\/","og_site_name":"Schweizer Musikzeitung","article_publisher":"https:\/\/www.facebook.com\/SchweizerMusikzeitung\/","article_published_time":"2026-01-31T15:05:05+00:00","og_image":[{"width":1200,"height":913,"url":"https:\/\/www.musikzeitung.ch\/wp-content\/uploads\/2026\/01\/Orecchia_Marchisella_Bandcamp.jpg","type":"image\/jpeg"}],"author":"pia.schwab","twitter_card":"summary_large_image","twitter_creator":"@smusikzeitung","twitter_site":"@smusikzeitung","twitter_misc":{"Scritto da":"pia.schwab","Tempo di lettura stimato":"3 minuti"},"schema":{"@context":"https:\/\/schema.org","@graph":[{"@type":"Article","@id":"https:\/\/www.musikzeitung.ch\/rezensionen\/tontraeger-rezensionen\/2026\/01\/sinnliche-reichhaltigkeit#article","isPartOf":{"@id":"https:\/\/www.musikzeitung.ch\/rezensionen\/tontraeger-rezensionen\/2026\/01\/sinnliche-reichhaltigkeit"},"author":{"name":"pia.schwab","@id":"https:\/\/www.musikzeitung.ch\/#\/schema\/person\/ea3d7b86bd7157c78c7ddd37f2f82b5b"},"headline":"Sinnliche Reichhaltigkeit","datePublished":"2026-01-31T15:05:05+00:00","mainEntityOfPage":{"@id":"https:\/\/www.musikzeitung.ch\/rezensionen\/tontraeger-rezensionen\/2026\/01\/sinnliche-reichhaltigkeit"},"wordCount":326,"publisher":{"@id":"https:\/\/www.musikzeitung.ch\/#organization"},"image":{"@id":"https:\/\/www.musikzeitung.ch\/rezensionen\/tontraeger-rezensionen\/2026\/01\/sinnliche-reichhaltigkeit#primaryimage"},"thumbnailUrl":"https:\/\/www.musikzeitung.ch\/wp-content\/uploads\/2026\/01\/Orecchia_Marchisella_Bandcamp.jpg","keywords":["Jo\u00e3o Orecchia","Mario Marchisella","The Sea Around Us"],"articleSection":["Rezensionen","Tontr\u00e4ger"],"inLanguage":"it-IT"},{"@type":"WebPage","@id":"https:\/\/www.musikzeitung.ch\/rezensionen\/tontraeger-rezensionen\/2026\/01\/sinnliche-reichhaltigkeit","url":"https:\/\/www.musikzeitung.ch\/rezensionen\/tontraeger-rezensionen\/2026\/01\/sinnliche-reichhaltigkeit","name":"Ricchezza sensuale - Schweizer Musikzeitung","isPartOf":{"@id":"https:\/\/www.musikzeitung.ch\/#website"},"primaryImageOfPage":{"@id":"https:\/\/www.musikzeitung.ch\/rezensionen\/tontraeger-rezensionen\/2026\/01\/sinnliche-reichhaltigkeit#primaryimage"},"image":{"@id":"https:\/\/www.musikzeitung.ch\/rezensionen\/tontraeger-rezensionen\/2026\/01\/sinnliche-reichhaltigkeit#primaryimage"},"thumbnailUrl":"https:\/\/www.musikzeitung.ch\/wp-content\/uploads\/2026\/01\/Orecchia_Marchisella_Bandcamp.jpg","datePublished":"2026-01-31T15:05:05+00:00","description":"La collaborazione tra Mario Marchisella e Jo\u00e3o Orecchia ha dato vita ad \u00abAntitop\u00e8ia\u00bb, un cosmo sonoro tanto audace quanto invitante.","breadcrumb":{"@id":"https:\/\/www.musikzeitung.ch\/rezensionen\/tontraeger-rezensionen\/2026\/01\/sinnliche-reichhaltigkeit#breadcrumb"},"inLanguage":"it-IT","potentialAction":[{"@type":"ReadAction","target":["https:\/\/www.musikzeitung.ch\/rezensionen\/tontraeger-rezensionen\/2026\/01\/sinnliche-reichhaltigkeit"]}]},{"@type":"ImageObject","inLanguage":"it-IT","@id":"https:\/\/www.musikzeitung.ch\/rezensionen\/tontraeger-rezensionen\/2026\/01\/sinnliche-reichhaltigkeit#primaryimage","url":"https:\/\/www.musikzeitung.ch\/wp-content\/uploads\/2026\/01\/Orecchia_Marchisella_Bandcamp.jpg","contentUrl":"https:\/\/www.musikzeitung.ch\/wp-content\/uploads\/2026\/01\/Orecchia_Marchisella_Bandcamp.jpg","width":1200,"height":913},{"@type":"BreadcrumbList","@id":"https:\/\/www.musikzeitung.ch\/rezensionen\/tontraeger-rezensionen\/2026\/01\/sinnliche-reichhaltigkeit#breadcrumb","itemListElement":[{"@type":"ListItem","position":1,"name":"Home","item":"https:\/\/www.musikzeitung.ch\/"},{"@type":"ListItem","position":2,"name":"Sinnliche Reichhaltigkeit"}]},{"@type":"WebSite","@id":"https:\/\/www.musikzeitung.ch\/#website","url":"https:\/\/www.musikzeitung.ch\/","name":"Giornale musicale svizzero","description":"Il principale mensile interdisciplinare della Svizzera per le questioni musicali.","publisher":{"@id":"https:\/\/www.musikzeitung.ch\/#organization"},"potentialAction":[{"@type":"SearchAction","target":{"@type":"EntryPoint","urlTemplate":"https:\/\/www.musikzeitung.ch\/?s={search_term_string}"},"query-input":{"@type":"PropertyValueSpecification","valueRequired":true,"valueName":"search_term_string"}}],"inLanguage":"it-IT"},{"@type":"Organization","@id":"https:\/\/www.musikzeitung.ch\/#organization","name":"Giornale musicale svizzero","url":"https:\/\/www.musikzeitung.ch\/","logo":{"@type":"ImageObject","inLanguage":"it-IT","@id":"https:\/\/www.musikzeitung.ch\/#\/schema\/logo\/image\/","url":"https:\/\/www.musikzeitung.ch\/wp-content\/uploads\/2023\/01\/SMZ_Schriftzug_Sprache.png","contentUrl":"https:\/\/www.musikzeitung.ch\/wp-content\/uploads\/2023\/01\/SMZ_Schriftzug_Sprache.png","width":1400,"height":279,"caption":"Schweizer Musikzeitung"},"image":{"@id":"https:\/\/www.musikzeitung.ch\/#\/schema\/logo\/image\/"},"sameAs":["https:\/\/www.facebook.com\/SchweizerMusikzeitung\/","https:\/\/x.com\/smusikzeitung","https:\/\/www.instagram.com\/musikzeitung.ch\/"]},{"@type":"Person","@id":"https:\/\/www.musikzeitung.ch\/#\/schema\/person\/ea3d7b86bd7157c78c7ddd37f2f82b5b","name":"pia.schwab","image":{"@type":"ImageObject","inLanguage":"it-IT","@id":"https:\/\/secure.gravatar.com\/avatar\/d39d170de4c2d07e897fbc26cf9d890fc046285c742207b86d8ebabe5fcde2c4?s=96&d=mm&r=g","url":"https:\/\/secure.gravatar.com\/avatar\/d39d170de4c2d07e897fbc26cf9d890fc046285c742207b86d8ebabe5fcde2c4?s=96&d=mm&r=g","contentUrl":"https:\/\/secure.gravatar.com\/avatar\/d39d170de4c2d07e897fbc26cf9d890fc046285c742207b86d8ebabe5fcde2c4?s=96&d=mm&r=g","caption":"pia.schwab"},"url":"https:\/\/www.musikzeitung.ch\/it\/author\/pia-schwab"}]}},"publishpress_future_workflow_manual_trigger":{"enabledWorkflows":[]},"_links":{"self":[{"href":"https:\/\/www.musikzeitung.ch\/it\/wp-json\/wp\/v2\/posts\/70500","targetHints":{"allow":["GET"]}}],"collection":[{"href":"https:\/\/www.musikzeitung.ch\/it\/wp-json\/wp\/v2\/posts"}],"about":[{"href":"https:\/\/www.musikzeitung.ch\/it\/wp-json\/wp\/v2\/types\/post"}],"author":[{"embeddable":true,"href":"https:\/\/www.musikzeitung.ch\/it\/wp-json\/wp\/v2\/users\/29"}],"replies":[{"embeddable":true,"href":"https:\/\/www.musikzeitung.ch\/it\/wp-json\/wp\/v2\/comments?post=70500"}],"version-history":[{"count":1,"href":"https:\/\/www.musikzeitung.ch\/it\/wp-json\/wp\/v2\/posts\/70500\/revisions"}],"predecessor-version":[{"id":70503,"href":"https:\/\/www.musikzeitung.ch\/it\/wp-json\/wp\/v2\/posts\/70500\/revisions\/70503"}],"wp:featuredmedia":[{"embeddable":true,"href":"https:\/\/www.musikzeitung.ch\/it\/wp-json\/wp\/v2\/media\/70502"}],"wp:attachment":[{"href":"https:\/\/www.musikzeitung.ch\/it\/wp-json\/wp\/v2\/media?parent=70500"}],"wp:term":[{"taxonomy":"category","embeddable":true,"href":"https:\/\/www.musikzeitung.ch\/it\/wp-json\/wp\/v2\/categories?post=70500"},{"taxonomy":"post_tag","embeddable":true,"href":"https:\/\/www.musikzeitung.ch\/it\/wp-json\/wp\/v2\/tags?post=70500"}],"curies":[{"name":"wp","href":"https:\/\/api.w.org\/{rel}","templated":true}]}}