{"id":70505,"date":"2026-02-01T16:33:22","date_gmt":"2026-02-01T15:33:22","guid":{"rendered":"https:\/\/www.musikzeitung.ch\/?p=70505"},"modified":"2026-02-03T17:53:37","modified_gmt":"2026-02-03T16:53:37","slug":"raritaeten-fuer-clara","status":"publish","type":"post","link":"https:\/\/www.musikzeitung.ch\/it\/rezensionen\/tontraeger-rezensionen\/2026\/02\/raritaeten-fuer-clara","title":{"rendered":"Rarit\u00e0 per Clara"},"content":{"rendered":"<figure id=\"attachment_70506\" aria-describedby=\"caption-attachment-70506\" style=\"width: 1197px\" class=\"wp-caption alignnone\"><img loading=\"lazy\" decoding=\"async\" class=\"wp-image-70506 size-full\" src=\"https:\/\/www.musikzeitung.ch\/wp-content\/uploads\/2026\/01\/Kathrin-Schmidlin.jpg\" alt=\"\" width=\"1197\" height=\"798\" srcset=\"https:\/\/www.musikzeitung.ch\/wp-content\/uploads\/2026\/01\/Kathrin-Schmidlin.jpg 1197w, https:\/\/www.musikzeitung.ch\/wp-content\/uploads\/2026\/01\/Kathrin-Schmidlin-300x200.jpg 300w, https:\/\/www.musikzeitung.ch\/wp-content\/uploads\/2026\/01\/Kathrin-Schmidlin-1024x683.jpg 1024w, https:\/\/www.musikzeitung.ch\/wp-content\/uploads\/2026\/01\/Kathrin-Schmidlin-600x400.jpg 600w, https:\/\/www.musikzeitung.ch\/wp-content\/uploads\/2026\/01\/Kathrin-Schmidlin-768x512.jpg 768w, https:\/\/www.musikzeitung.ch\/wp-content\/uploads\/2026\/01\/Kathrin-Schmidlin-18x12.jpg 18w, https:\/\/www.musikzeitung.ch\/wp-content\/uploads\/2026\/01\/Kathrin-Schmidlin-263x175.jpg 263w, https:\/\/www.musikzeitung.ch\/wp-content\/uploads\/2026\/01\/Kathrin-Schmidlin-525x350.jpg 525w, https:\/\/www.musikzeitung.ch\/wp-content\/uploads\/2026\/01\/Kathrin-Schmidlin-920x613.jpg 920w\" sizes=\"auto, (max-width: 1197px) 100vw, 1197px\" \/><figcaption id=\"caption-attachment-70506\" class=\"wp-caption-text\">Kathrin Schmidlin. Foto: Daniele Caminiti<\/figcaption><\/figure>\n<p>Clara Schumann gode giustamente della fama di musicista eccezionale del XIX secolo. La sua fama super\u00f2 persino quella del marito Robert. Come virtuosa, compositrice e insegnante, ha lasciato il segno su un'intera epoca. La sua opera compositiva, non eccessivamente vasta, \u00e8 stata eseguita sempre pi\u00f9 spesso negli ultimi anni. Il Teatro dell'Opera di Zurigo sta attualmente organizzando un'intera serata di balletto basata sulla vita di questa eccezionale artista. Circa trenta compositori le dedicarono opere per pianoforte, anche se lei ne incluse solo poche nel suo repertorio.<\/p>\n<p>La pianista svizzera Kathrin Schmidlin prosegue il suo lavoro con il doppio CD pubblicato da Claves <em>Dedicato a Clara Schumann<\/em> per opere di dieci compositori e una compositrice, la maggior parte dei quali non \u00e8 mai stata ascoltata in una sala da concerto. Nella scelta delle opere \u00e8 stata consigliata da Walter Labhart. Schmidlin ha studiato a Zurigo, Norimberga e Basilea con Karl-Andreas Kolly, Wolfgang Manz e Tobias Schabenberger. I suoi precedenti CD sono stati dedicati a opere di compositrici donne e sono stati recensiti molto positivamente.<\/p>\n<h3>Da Bargiel a Smetana<\/h3>\n<p>Questa registrazione offre uno spaccato straordinariamente interessante della musica per pianoforte dell'epoca romantica. Tra i compositori figurano Alexander Dreyschock e Stephen Heller, famosi virtuosi del pianoforte, Felix Mendelssohn Bartholdy e Vinzenz Lachner, stimati direttori d'orchestra, Woldemar Bargiel, fratellastro di Clara Schumann, e Johann Peter Emilius Hartmann, importanti insegnanti universitari, ed Eduard Bernsdorf, uno dei pi\u00f9 importanti scrittori di musica.<\/p>\n<p>In tutte le sue opere si avverte una grande familiarit\u00e0 con il pianoforte. Naturalmente, lo stesso vale per Johannes Brahms, che ha scritto un'opera che \u00e8 stata arrangiata per vari strumenti da numerosi altri compositori. <em>Gavotte <\/em>di Christoph Willibald Gluck, e per Robert Schumann, il cui cosiddetto <em>Variazioni fantasma<\/em>, scritte poco prima della sua morte, sono un pezzo molto particolare che non si rivela necessariamente al primo ascolto. Elisabeth von Herzogenberg <em>Allegro appassionato<\/em> \u00e8 stata dedicata a Clara Schumann dal marito dopo la sua morte. Bed\u0159ich Smetana <em>4 schizzi <\/em>dimostrano che la sua musica per pianoforte \u00e8 stata ingiustamente dimenticata. Inoltre, i brani di Bargiel e Bernsdorf, quest'ultimo in prima registrazione, meritano un ascolto particolare.<\/p>\n<p>Kathrin Schmidlin suona con passione e grande abilit\u00e0 tecnica. I pezzi virtuosi sono particolarmente stimolanti. Purtroppo, il suono del pianoforte \u00e8 molto diretto, come se fosse registrato da troppo vicino, e si sentono anche i rumori della pedalata. Oltre che per la sua qualit\u00e0 artistica, questa registrazione impegnata pu\u00f2 essere raccomandata anche per il suo valore di repertorio.<\/p>\n<p><img loading=\"lazy\" decoding=\"async\" class=\"aligncenter wp-image-70508 size-medium\" src=\"https:\/\/www.musikzeitung.ch\/wp-content\/uploads\/2026\/02\/01_crit_cd_Lienhard-298x300.jpg\" alt=\"\" width=\"298\" height=\"300\" srcset=\"https:\/\/www.musikzeitung.ch\/wp-content\/uploads\/2026\/02\/01_crit_cd_Lienhard-298x300.jpg 298w, https:\/\/www.musikzeitung.ch\/wp-content\/uploads\/2026\/02\/01_crit_cd_Lienhard-1017x1024.jpg 1017w, https:\/\/www.musikzeitung.ch\/wp-content\/uploads\/2026\/02\/01_crit_cd_Lienhard-768x773.jpg 768w, https:\/\/www.musikzeitung.ch\/wp-content\/uploads\/2026\/02\/01_crit_cd_Lienhard-12x12.jpg 12w, https:\/\/www.musikzeitung.ch\/wp-content\/uploads\/2026\/02\/01_crit_cd_Lienhard-174x175.jpg 174w, https:\/\/www.musikzeitung.ch\/wp-content\/uploads\/2026\/02\/01_crit_cd_Lienhard-348x350.jpg 348w, https:\/\/www.musikzeitung.ch\/wp-content\/uploads\/2026\/02\/01_crit_cd_Lienhard-794x800.jpg 794w, https:\/\/www.musikzeitung.ch\/wp-content\/uploads\/2026\/02\/01_crit_cd_Lienhard-920x926.jpg 920w, https:\/\/www.musikzeitung.ch\/wp-content\/uploads\/2026\/02\/01_crit_cd_Lienhard-1400x1410.jpg 1400w, https:\/\/www.musikzeitung.ch\/wp-content\/uploads\/2026\/02\/01_crit_cd_Lienhard-150x150.jpg 150w, https:\/\/www.musikzeitung.ch\/wp-content\/uploads\/2026\/02\/01_crit_cd_Lienhard-300x302.jpg 300w, https:\/\/www.musikzeitung.ch\/wp-content\/uploads\/2026\/02\/01_crit_cd_Lienhard-100x100.jpg 100w, https:\/\/www.musikzeitung.ch\/wp-content\/uploads\/2026\/02\/01_crit_cd_Lienhard-24x24.jpg 24w, https:\/\/www.musikzeitung.ch\/wp-content\/uploads\/2026\/02\/01_crit_cd_Lienhard-48x48.jpg 48w, https:\/\/www.musikzeitung.ch\/wp-content\/uploads\/2026\/02\/01_crit_cd_Lienhard-96x96.jpg 96w, https:\/\/www.musikzeitung.ch\/wp-content\/uploads\/2026\/02\/01_crit_cd_Lienhard.jpg 993w\" sizes=\"auto, (max-width: 298px) 100vw, 298px\" \/><\/p>\n<p><em>Dedicato a Clara Schumann. Opere di Bargiel, Lachner, Dreyschock, Heller, R. Schumann, E. von Herzogenberg, Brahms, Hartmann, Mendelssohn, Bernsdorf, Smetana. Kathrin Schmidlin, pianoforte. Claves Records 3122\/23<\/em><\/p>","protected":false},"excerpt":{"rendered":"<p>La pianista Kathrin Schmidlin ha raccolto brani dedicati a Clara Schumann. Questo porta alla luce compositori che non sono quasi pi\u00f9 conosciuti. <\/p>","protected":false},"author":29,"featured_media":70506,"comment_status":"closed","ping_status":"closed","sticky":false,"template":"","format":"standard","meta":{"_acf_changed":false,"_relevanssi_hide_post":"","_relevanssi_hide_content":"","_relevanssi_pin_for_all":"","_relevanssi_pin_keywords":"","_relevanssi_unpin_keywords":"","_relevanssi_related_keywords":"","_relevanssi_related_include_ids":"","_relevanssi_related_exclude_ids":"","_relevanssi_related_no_append":"","_relevanssi_related_not_related":"","_relevanssi_related_posts":"","_relevanssi_noindex_reason":"","pgc_sgb_lightbox_settings":"","footnotes":""},"categories":[29,1420],"tags":[1749,5504],"class_list":["post-70505","post","type-post","status-publish","format-standard","has-post-thumbnail","hentry","category-rezensionen","category-tontraeger-rezensionen","tag-clara-schumann","tag-kathrin-schmidlin"],"acf":[],"yoast_head":"<!-- This site is optimized with the Yoast SEO plugin v27.4 - https:\/\/yoast.com\/product\/yoast-seo-wordpress\/ -->\n<title>Rarit\u00e4ten f\u00fcr Clara - Schweizer Musikzeitung<\/title>\n<meta name=\"description\" content=\"Kathrin Schmidlin hat pianistische Rarit\u00e4ten zusammengetragen, die Clara Schumann gewidmet wurden.\" \/>\n<meta name=\"robots\" content=\"index, follow, max-snippet:-1, max-image-preview:large, max-video-preview:-1\" \/>\n<link rel=\"canonical\" href=\"https:\/\/www.musikzeitung.ch\/it\/rezensionen\/tontraeger-rezensionen\/2026\/02\/raritaeten-fuer-clara\/\" \/>\n<meta property=\"og:locale\" content=\"it_IT\" \/>\n<meta property=\"og:type\" content=\"article\" \/>\n<meta property=\"og:title\" content=\"Rarit\u00e4ten f\u00fcr Clara - Schweizer Musikzeitung\" \/>\n<meta property=\"og:description\" content=\"Kathrin Schmidlin hat pianistische Rarit\u00e4ten zusammengetragen, die Clara Schumann gewidmet wurden.\" \/>\n<meta property=\"og:url\" content=\"https:\/\/www.musikzeitung.ch\/it\/rezensionen\/tontraeger-rezensionen\/2026\/02\/raritaeten-fuer-clara\/\" \/>\n<meta property=\"og:site_name\" content=\"Schweizer Musikzeitung\" \/>\n<meta property=\"article:publisher\" content=\"https:\/\/www.facebook.com\/SchweizerMusikzeitung\/\" \/>\n<meta property=\"article:published_time\" content=\"2026-02-01T15:33:22+00:00\" \/>\n<meta property=\"article:modified_time\" content=\"2026-02-03T16:53:37+00:00\" \/>\n<meta property=\"og:image\" content=\"https:\/\/www.musikzeitung.ch\/wp-content\/uploads\/2026\/01\/Kathrin-Schmidlin.jpg\" \/>\n\t<meta property=\"og:image:width\" content=\"1197\" \/>\n\t<meta property=\"og:image:height\" content=\"798\" \/>\n\t<meta property=\"og:image:type\" content=\"image\/jpeg\" \/>\n<meta name=\"author\" content=\"pia.schwab\" \/>\n<meta name=\"twitter:card\" content=\"summary_large_image\" \/>\n<meta name=\"twitter:creator\" content=\"@smusikzeitung\" \/>\n<meta name=\"twitter:site\" content=\"@smusikzeitung\" \/>\n<meta name=\"twitter:label1\" content=\"Scritto da\" \/>\n\t<meta name=\"twitter:data1\" content=\"pia.schwab\" \/>\n\t<meta name=\"twitter:label2\" content=\"Tempo di lettura stimato\" \/>\n\t<meta name=\"twitter:data2\" content=\"3 minuti\" \/>\n<script type=\"application\/ld+json\" class=\"yoast-schema-graph\">{\"@context\":\"https:\\\/\\\/schema.org\",\"@graph\":[{\"@type\":\"Article\",\"@id\":\"https:\\\/\\\/www.musikzeitung.ch\\\/rezensionen\\\/tontraeger-rezensionen\\\/2026\\\/02\\\/raritaeten-fuer-clara#article\",\"isPartOf\":{\"@id\":\"https:\\\/\\\/www.musikzeitung.ch\\\/rezensionen\\\/tontraeger-rezensionen\\\/2026\\\/02\\\/raritaeten-fuer-clara\"},\"author\":{\"name\":\"pia.schwab\",\"@id\":\"https:\\\/\\\/www.musikzeitung.ch\\\/#\\\/schema\\\/person\\\/ea3d7b86bd7157c78c7ddd37f2f82b5b\"},\"headline\":\"Rarit\u00e4ten f\u00fcr Clara\",\"datePublished\":\"2026-02-01T15:33:22+00:00\",\"dateModified\":\"2026-02-03T16:53:37+00:00\",\"mainEntityOfPage\":{\"@id\":\"https:\\\/\\\/www.musikzeitung.ch\\\/rezensionen\\\/tontraeger-rezensionen\\\/2026\\\/02\\\/raritaeten-fuer-clara\"},\"wordCount\":427,\"publisher\":{\"@id\":\"https:\\\/\\\/www.musikzeitung.ch\\\/#organization\"},\"image\":{\"@id\":\"https:\\\/\\\/www.musikzeitung.ch\\\/rezensionen\\\/tontraeger-rezensionen\\\/2026\\\/02\\\/raritaeten-fuer-clara#primaryimage\"},\"thumbnailUrl\":\"https:\\\/\\\/www.musikzeitung.ch\\\/wp-content\\\/uploads\\\/2026\\\/01\\\/Kathrin-Schmidlin.jpg\",\"keywords\":[\"Clara Schumann\",\"Kathrin Schmidlin\"],\"articleSection\":[\"Rezensionen\",\"Tontr\u00e4ger\"],\"inLanguage\":\"it-IT\"},{\"@type\":\"WebPage\",\"@id\":\"https:\\\/\\\/www.musikzeitung.ch\\\/rezensionen\\\/tontraeger-rezensionen\\\/2026\\\/02\\\/raritaeten-fuer-clara\",\"url\":\"https:\\\/\\\/www.musikzeitung.ch\\\/rezensionen\\\/tontraeger-rezensionen\\\/2026\\\/02\\\/raritaeten-fuer-clara\",\"name\":\"Rarit\u00e4ten f\u00fcr Clara - Schweizer Musikzeitung\",\"isPartOf\":{\"@id\":\"https:\\\/\\\/www.musikzeitung.ch\\\/#website\"},\"primaryImageOfPage\":{\"@id\":\"https:\\\/\\\/www.musikzeitung.ch\\\/rezensionen\\\/tontraeger-rezensionen\\\/2026\\\/02\\\/raritaeten-fuer-clara#primaryimage\"},\"image\":{\"@id\":\"https:\\\/\\\/www.musikzeitung.ch\\\/rezensionen\\\/tontraeger-rezensionen\\\/2026\\\/02\\\/raritaeten-fuer-clara#primaryimage\"},\"thumbnailUrl\":\"https:\\\/\\\/www.musikzeitung.ch\\\/wp-content\\\/uploads\\\/2026\\\/01\\\/Kathrin-Schmidlin.jpg\",\"datePublished\":\"2026-02-01T15:33:22+00:00\",\"dateModified\":\"2026-02-03T16:53:37+00:00\",\"description\":\"Kathrin Schmidlin hat pianistische Rarit\u00e4ten zusammengetragen, die Clara Schumann gewidmet wurden.\",\"breadcrumb\":{\"@id\":\"https:\\\/\\\/www.musikzeitung.ch\\\/rezensionen\\\/tontraeger-rezensionen\\\/2026\\\/02\\\/raritaeten-fuer-clara#breadcrumb\"},\"inLanguage\":\"it-IT\",\"potentialAction\":[{\"@type\":\"ReadAction\",\"target\":[\"https:\\\/\\\/www.musikzeitung.ch\\\/rezensionen\\\/tontraeger-rezensionen\\\/2026\\\/02\\\/raritaeten-fuer-clara\"]}]},{\"@type\":\"ImageObject\",\"inLanguage\":\"it-IT\",\"@id\":\"https:\\\/\\\/www.musikzeitung.ch\\\/rezensionen\\\/tontraeger-rezensionen\\\/2026\\\/02\\\/raritaeten-fuer-clara#primaryimage\",\"url\":\"https:\\\/\\\/www.musikzeitung.ch\\\/wp-content\\\/uploads\\\/2026\\\/01\\\/Kathrin-Schmidlin.jpg\",\"contentUrl\":\"https:\\\/\\\/www.musikzeitung.ch\\\/wp-content\\\/uploads\\\/2026\\\/01\\\/Kathrin-Schmidlin.jpg\",\"width\":1197,\"height\":798},{\"@type\":\"BreadcrumbList\",\"@id\":\"https:\\\/\\\/www.musikzeitung.ch\\\/rezensionen\\\/tontraeger-rezensionen\\\/2026\\\/02\\\/raritaeten-fuer-clara#breadcrumb\",\"itemListElement\":[{\"@type\":\"ListItem\",\"position\":1,\"name\":\"Home\",\"item\":\"https:\\\/\\\/www.musikzeitung.ch\\\/\"},{\"@type\":\"ListItem\",\"position\":2,\"name\":\"Rarit\u00e4ten f\u00fcr Clara\"}]},{\"@type\":\"WebSite\",\"@id\":\"https:\\\/\\\/www.musikzeitung.ch\\\/#website\",\"url\":\"https:\\\/\\\/www.musikzeitung.ch\\\/\",\"name\":\"Schweizer Musikzeitung\",\"description\":\"Die f\u00fchrende sparten\u00fcbergreifende Monatszeitung in der Schweiz f\u00fcr musikalische Fragen.\",\"publisher\":{\"@id\":\"https:\\\/\\\/www.musikzeitung.ch\\\/#organization\"},\"potentialAction\":[{\"@type\":\"SearchAction\",\"target\":{\"@type\":\"EntryPoint\",\"urlTemplate\":\"https:\\\/\\\/www.musikzeitung.ch\\\/?s={search_term_string}\"},\"query-input\":{\"@type\":\"PropertyValueSpecification\",\"valueRequired\":true,\"valueName\":\"search_term_string\"}}],\"inLanguage\":\"it-IT\"},{\"@type\":\"Organization\",\"@id\":\"https:\\\/\\\/www.musikzeitung.ch\\\/#organization\",\"name\":\"Schweizer Musikzeitung\",\"url\":\"https:\\\/\\\/www.musikzeitung.ch\\\/\",\"logo\":{\"@type\":\"ImageObject\",\"inLanguage\":\"it-IT\",\"@id\":\"https:\\\/\\\/www.musikzeitung.ch\\\/#\\\/schema\\\/logo\\\/image\\\/\",\"url\":\"https:\\\/\\\/www.musikzeitung.ch\\\/wp-content\\\/uploads\\\/2023\\\/01\\\/SMZ_Schriftzug_Sprache.png\",\"contentUrl\":\"https:\\\/\\\/www.musikzeitung.ch\\\/wp-content\\\/uploads\\\/2023\\\/01\\\/SMZ_Schriftzug_Sprache.png\",\"width\":1400,\"height\":279,\"caption\":\"Schweizer Musikzeitung\"},\"image\":{\"@id\":\"https:\\\/\\\/www.musikzeitung.ch\\\/#\\\/schema\\\/logo\\\/image\\\/\"},\"sameAs\":[\"https:\\\/\\\/www.facebook.com\\\/SchweizerMusikzeitung\\\/\",\"https:\\\/\\\/x.com\\\/smusikzeitung\",\"https:\\\/\\\/www.instagram.com\\\/musikzeitung.ch\\\/\"]},{\"@type\":\"Person\",\"@id\":\"https:\\\/\\\/www.musikzeitung.ch\\\/#\\\/schema\\\/person\\\/ea3d7b86bd7157c78c7ddd37f2f82b5b\",\"name\":\"pia.schwab\",\"image\":{\"@type\":\"ImageObject\",\"inLanguage\":\"it-IT\",\"@id\":\"https:\\\/\\\/secure.gravatar.com\\\/avatar\\\/d39d170de4c2d07e897fbc26cf9d890fc046285c742207b86d8ebabe5fcde2c4?s=96&d=mm&r=g\",\"url\":\"https:\\\/\\\/secure.gravatar.com\\\/avatar\\\/d39d170de4c2d07e897fbc26cf9d890fc046285c742207b86d8ebabe5fcde2c4?s=96&d=mm&r=g\",\"contentUrl\":\"https:\\\/\\\/secure.gravatar.com\\\/avatar\\\/d39d170de4c2d07e897fbc26cf9d890fc046285c742207b86d8ebabe5fcde2c4?s=96&d=mm&r=g\",\"caption\":\"pia.schwab\"},\"url\":\"https:\\\/\\\/www.musikzeitung.ch\\\/it\\\/author\\\/pia-schwab\"}]}<\/script>\n<!-- \/ Yoast SEO plugin. -->","yoast_head_json":{"title":"Rarit\u00e0 per Clara - Schweizer Musikzeitung","description":"Kathrin Schmidlin ha raccolto rarit\u00e0 pianistiche dedicate a Clara Schumann.","robots":{"index":"index","follow":"follow","max-snippet":"max-snippet:-1","max-image-preview":"max-image-preview:large","max-video-preview":"max-video-preview:-1"},"canonical":"https:\/\/www.musikzeitung.ch\/it\/rezensionen\/tontraeger-rezensionen\/2026\/02\/raritaeten-fuer-clara\/","og_locale":"it_IT","og_type":"article","og_title":"Rarit\u00e4ten f\u00fcr Clara - Schweizer Musikzeitung","og_description":"Kathrin Schmidlin hat pianistische Rarit\u00e4ten zusammengetragen, die Clara Schumann gewidmet wurden.","og_url":"https:\/\/www.musikzeitung.ch\/it\/rezensionen\/tontraeger-rezensionen\/2026\/02\/raritaeten-fuer-clara\/","og_site_name":"Schweizer Musikzeitung","article_publisher":"https:\/\/www.facebook.com\/SchweizerMusikzeitung\/","article_published_time":"2026-02-01T15:33:22+00:00","article_modified_time":"2026-02-03T16:53:37+00:00","og_image":[{"width":1197,"height":798,"url":"https:\/\/www.musikzeitung.ch\/wp-content\/uploads\/2026\/01\/Kathrin-Schmidlin.jpg","type":"image\/jpeg"}],"author":"pia.schwab","twitter_card":"summary_large_image","twitter_creator":"@smusikzeitung","twitter_site":"@smusikzeitung","twitter_misc":{"Scritto da":"pia.schwab","Tempo di lettura stimato":"3 minuti"},"schema":{"@context":"https:\/\/schema.org","@graph":[{"@type":"Article","@id":"https:\/\/www.musikzeitung.ch\/rezensionen\/tontraeger-rezensionen\/2026\/02\/raritaeten-fuer-clara#article","isPartOf":{"@id":"https:\/\/www.musikzeitung.ch\/rezensionen\/tontraeger-rezensionen\/2026\/02\/raritaeten-fuer-clara"},"author":{"name":"pia.schwab","@id":"https:\/\/www.musikzeitung.ch\/#\/schema\/person\/ea3d7b86bd7157c78c7ddd37f2f82b5b"},"headline":"Rarit\u00e4ten f\u00fcr Clara","datePublished":"2026-02-01T15:33:22+00:00","dateModified":"2026-02-03T16:53:37+00:00","mainEntityOfPage":{"@id":"https:\/\/www.musikzeitung.ch\/rezensionen\/tontraeger-rezensionen\/2026\/02\/raritaeten-fuer-clara"},"wordCount":427,"publisher":{"@id":"https:\/\/www.musikzeitung.ch\/#organization"},"image":{"@id":"https:\/\/www.musikzeitung.ch\/rezensionen\/tontraeger-rezensionen\/2026\/02\/raritaeten-fuer-clara#primaryimage"},"thumbnailUrl":"https:\/\/www.musikzeitung.ch\/wp-content\/uploads\/2026\/01\/Kathrin-Schmidlin.jpg","keywords":["Clara Schumann","Kathrin Schmidlin"],"articleSection":["Rezensionen","Tontr\u00e4ger"],"inLanguage":"it-IT"},{"@type":"WebPage","@id":"https:\/\/www.musikzeitung.ch\/rezensionen\/tontraeger-rezensionen\/2026\/02\/raritaeten-fuer-clara","url":"https:\/\/www.musikzeitung.ch\/rezensionen\/tontraeger-rezensionen\/2026\/02\/raritaeten-fuer-clara","name":"Rarit\u00e0 per Clara - Schweizer Musikzeitung","isPartOf":{"@id":"https:\/\/www.musikzeitung.ch\/#website"},"primaryImageOfPage":{"@id":"https:\/\/www.musikzeitung.ch\/rezensionen\/tontraeger-rezensionen\/2026\/02\/raritaeten-fuer-clara#primaryimage"},"image":{"@id":"https:\/\/www.musikzeitung.ch\/rezensionen\/tontraeger-rezensionen\/2026\/02\/raritaeten-fuer-clara#primaryimage"},"thumbnailUrl":"https:\/\/www.musikzeitung.ch\/wp-content\/uploads\/2026\/01\/Kathrin-Schmidlin.jpg","datePublished":"2026-02-01T15:33:22+00:00","dateModified":"2026-02-03T16:53:37+00:00","description":"Kathrin Schmidlin ha raccolto rarit\u00e0 pianistiche dedicate a Clara Schumann.","breadcrumb":{"@id":"https:\/\/www.musikzeitung.ch\/rezensionen\/tontraeger-rezensionen\/2026\/02\/raritaeten-fuer-clara#breadcrumb"},"inLanguage":"it-IT","potentialAction":[{"@type":"ReadAction","target":["https:\/\/www.musikzeitung.ch\/rezensionen\/tontraeger-rezensionen\/2026\/02\/raritaeten-fuer-clara"]}]},{"@type":"ImageObject","inLanguage":"it-IT","@id":"https:\/\/www.musikzeitung.ch\/rezensionen\/tontraeger-rezensionen\/2026\/02\/raritaeten-fuer-clara#primaryimage","url":"https:\/\/www.musikzeitung.ch\/wp-content\/uploads\/2026\/01\/Kathrin-Schmidlin.jpg","contentUrl":"https:\/\/www.musikzeitung.ch\/wp-content\/uploads\/2026\/01\/Kathrin-Schmidlin.jpg","width":1197,"height":798},{"@type":"BreadcrumbList","@id":"https:\/\/www.musikzeitung.ch\/rezensionen\/tontraeger-rezensionen\/2026\/02\/raritaeten-fuer-clara#breadcrumb","itemListElement":[{"@type":"ListItem","position":1,"name":"Home","item":"https:\/\/www.musikzeitung.ch\/"},{"@type":"ListItem","position":2,"name":"Rarit\u00e4ten f\u00fcr Clara"}]},{"@type":"WebSite","@id":"https:\/\/www.musikzeitung.ch\/#website","url":"https:\/\/www.musikzeitung.ch\/","name":"Giornale musicale svizzero","description":"Il principale mensile interdisciplinare della Svizzera per le questioni musicali.","publisher":{"@id":"https:\/\/www.musikzeitung.ch\/#organization"},"potentialAction":[{"@type":"SearchAction","target":{"@type":"EntryPoint","urlTemplate":"https:\/\/www.musikzeitung.ch\/?s={search_term_string}"},"query-input":{"@type":"PropertyValueSpecification","valueRequired":true,"valueName":"search_term_string"}}],"inLanguage":"it-IT"},{"@type":"Organization","@id":"https:\/\/www.musikzeitung.ch\/#organization","name":"Giornale musicale svizzero","url":"https:\/\/www.musikzeitung.ch\/","logo":{"@type":"ImageObject","inLanguage":"it-IT","@id":"https:\/\/www.musikzeitung.ch\/#\/schema\/logo\/image\/","url":"https:\/\/www.musikzeitung.ch\/wp-content\/uploads\/2023\/01\/SMZ_Schriftzug_Sprache.png","contentUrl":"https:\/\/www.musikzeitung.ch\/wp-content\/uploads\/2023\/01\/SMZ_Schriftzug_Sprache.png","width":1400,"height":279,"caption":"Schweizer Musikzeitung"},"image":{"@id":"https:\/\/www.musikzeitung.ch\/#\/schema\/logo\/image\/"},"sameAs":["https:\/\/www.facebook.com\/SchweizerMusikzeitung\/","https:\/\/x.com\/smusikzeitung","https:\/\/www.instagram.com\/musikzeitung.ch\/"]},{"@type":"Person","@id":"https:\/\/www.musikzeitung.ch\/#\/schema\/person\/ea3d7b86bd7157c78c7ddd37f2f82b5b","name":"pia.schwab","image":{"@type":"ImageObject","inLanguage":"it-IT","@id":"https:\/\/secure.gravatar.com\/avatar\/d39d170de4c2d07e897fbc26cf9d890fc046285c742207b86d8ebabe5fcde2c4?s=96&d=mm&r=g","url":"https:\/\/secure.gravatar.com\/avatar\/d39d170de4c2d07e897fbc26cf9d890fc046285c742207b86d8ebabe5fcde2c4?s=96&d=mm&r=g","contentUrl":"https:\/\/secure.gravatar.com\/avatar\/d39d170de4c2d07e897fbc26cf9d890fc046285c742207b86d8ebabe5fcde2c4?s=96&d=mm&r=g","caption":"pia.schwab"},"url":"https:\/\/www.musikzeitung.ch\/it\/author\/pia-schwab"}]}},"publishpress_future_workflow_manual_trigger":{"enabledWorkflows":[]},"_links":{"self":[{"href":"https:\/\/www.musikzeitung.ch\/it\/wp-json\/wp\/v2\/posts\/70505","targetHints":{"allow":["GET"]}}],"collection":[{"href":"https:\/\/www.musikzeitung.ch\/it\/wp-json\/wp\/v2\/posts"}],"about":[{"href":"https:\/\/www.musikzeitung.ch\/it\/wp-json\/wp\/v2\/types\/post"}],"author":[{"embeddable":true,"href":"https:\/\/www.musikzeitung.ch\/it\/wp-json\/wp\/v2\/users\/29"}],"replies":[{"embeddable":true,"href":"https:\/\/www.musikzeitung.ch\/it\/wp-json\/wp\/v2\/comments?post=70505"}],"version-history":[{"count":4,"href":"https:\/\/www.musikzeitung.ch\/it\/wp-json\/wp\/v2\/posts\/70505\/revisions"}],"predecessor-version":[{"id":70590,"href":"https:\/\/www.musikzeitung.ch\/it\/wp-json\/wp\/v2\/posts\/70505\/revisions\/70590"}],"wp:featuredmedia":[{"embeddable":true,"href":"https:\/\/www.musikzeitung.ch\/it\/wp-json\/wp\/v2\/media\/70506"}],"wp:attachment":[{"href":"https:\/\/www.musikzeitung.ch\/it\/wp-json\/wp\/v2\/media?parent=70505"}],"wp:term":[{"taxonomy":"category","embeddable":true,"href":"https:\/\/www.musikzeitung.ch\/it\/wp-json\/wp\/v2\/categories?post=70505"},{"taxonomy":"post_tag","embeddable":true,"href":"https:\/\/www.musikzeitung.ch\/it\/wp-json\/wp\/v2\/tags?post=70505"}],"curies":[{"name":"wp","href":"https:\/\/api.w.org\/{rel}","templated":true}]}}