{"id":70516,"date":"2026-02-04T17:00:35","date_gmt":"2026-02-04T16:00:35","guid":{"rendered":"https:\/\/www.musikzeitung.ch\/?p=70516"},"modified":"2026-01-29T17:35:08","modified_gmt":"2026-01-29T16:35:08","slug":"auf-den-spuren-von-lise-cristiani","status":"publish","type":"post","link":"https:\/\/www.musikzeitung.ch\/it\/rezensionen\/filme\/2026\/02\/auf-den-spuren-von-lise-cristiani","title":{"rendered":"Sulle orme di Lise Cristiani"},"content":{"rendered":"<figure id=\"attachment_70519\" aria-describedby=\"caption-attachment-70519\" style=\"width: 1396px\" class=\"wp-caption alignnone\"><img loading=\"lazy\" decoding=\"async\" class=\"wp-image-70519 size-full\" src=\"https:\/\/www.musikzeitung.ch\/wp-content\/uploads\/2026\/02\/Lise_Cristiani.jpeg\" alt=\"\" width=\"1396\" height=\"1021\" srcset=\"https:\/\/www.musikzeitung.ch\/wp-content\/uploads\/2026\/02\/Lise_Cristiani.jpeg 1367w, https:\/\/www.musikzeitung.ch\/wp-content\/uploads\/2026\/02\/Lise_Cristiani-300x219.jpeg 300w, https:\/\/www.musikzeitung.ch\/wp-content\/uploads\/2026\/02\/Lise_Cristiani-1024x749.jpeg 1024w, https:\/\/www.musikzeitung.ch\/wp-content\/uploads\/2026\/02\/Lise_Cristiani-768x562.jpeg 768w, https:\/\/www.musikzeitung.ch\/wp-content\/uploads\/2026\/02\/Lise_Cristiani-16x12.jpeg 16w, https:\/\/www.musikzeitung.ch\/wp-content\/uploads\/2026\/02\/Lise_Cristiani-239x175.jpeg 239w, https:\/\/www.musikzeitung.ch\/wp-content\/uploads\/2026\/02\/Lise_Cristiani-479x350.jpeg 479w, https:\/\/www.musikzeitung.ch\/wp-content\/uploads\/2026\/02\/Lise_Cristiani-1094x800.jpeg 1094w, https:\/\/www.musikzeitung.ch\/wp-content\/uploads\/2026\/02\/Lise_Cristiani-920x673.jpeg 920w\" sizes=\"auto, (max-width: 1396px) 100vw, 1396px\" \/><figcaption id=\"caption-attachment-70519\" class=\"wp-caption-text\">Lise Cristiani. Litografia di H. J. J. da uno schizzo di Thomas Couture. <a href=\"https:\/\/gallica.bnf.fr\/ark:\/12148\/btv1b8416723m.r=Lise%20Cristiani?rk=21459;2\" target=\"_blank\" rel=\"noopener\">Gallica<\/a><\/figcaption><\/figure>\n<p>Sol Gabetta \u00e8 Lise Cristiani - almeno questo \u00e8 ci\u00f2 che dovrebbe suggerire la copertina sfocata del suo ultimo album. Il disco celebra il 200\u00b0 compleanno della violoncellista francese con approfondimenti sul suo repertorio concertistico, opere di Offenbach, Schubert, Rossini e altri (Sony classical 12372444).<\/p>\n<p>Parallelamente alla registrazione sonora \u00e8 stato realizzato un documentario di 53 minuti in cui la violoncellista argentina e suo marito, il liutaio e restauratore francese Balthazar Soulier, seguono le tracce di questo misterioso musicista. <em>Con il violoncello fino alla fine del mondo<\/em> allude alla tourn\u00e9e concertistica di Cristiani in Siberia nel 1847. Nel 1852, all'et\u00e0 di 27 anni, mor\u00ec per un'infezione da colera, contratta durante un viaggio nel Caucaso, dove aveva suonato per i soldati.<\/p>\n<p>Il film, denso di atmosfera, racconta cronologicamente la vita della prima violoncellista donna a esibirsi in pubblico. Il violoncello era considerato immorale, addirittura scandaloso, per le donne perch\u00e9 doveva essere tenuto a gambe divaricate. Il giornalista Waldemar Kamer, che ha trovato l'atto di nascita in una tenuta, racconta le origini della Cristiani e come sia cresciuta come figlia illegittima presso i nonni.<\/p>\n<p>Le visite a luoghi originali, abbinate a immagini storiche, offrono uno spaccato della Parigi della sua infanzia. Sol Gabetta non solo scopre i programmi dei concerti di Cristiani insieme a Balthazar Soulier, ma suona anche il suo violoncello per alcuni minuti nel Museo Stradivari di Cremona. Qui, per\u00f2, il film rimane in superficie. Avremmo voluto sapere di pi\u00f9 da Sol Gabetta sull'esatto suono dello strumento, che all'epoca costava 7.000 franchi e oggi vale circa 20 milioni di euro. Era particolarmente robusto da sopravvivere senza danni a queste condizioni climatiche estreme durante il viaggio? Balthazar Soulier avrebbe sicuramente potuto dirci qualcosa in merito. E cosa possiamo dire del modo di suonare di Cristiani in base al repertorio? Dopotutto, Felix Mendelssohn Bartholdy ha composto il suo unico <em>Canzone senza parole<\/em> op. 109 per violoncello e pianoforte \u00e8 dedicato a lei. Purtroppo, a parte la citazione di alcune recensioni contemporanee, anche questa rimane nell'oscurit\u00e0.<\/p>\n<p><em>Con il violoncello fino alla fine del mondo - Sol Gabetta sulle orme di Lise Cristiani. Film di Simone Jung. Hessischer Rundfunk\/Arte<\/em>. <em>Disponibile nella mediateca ARD fino a dicembre 2026.<\/em><\/p>\n<p><img loading=\"lazy\" decoding=\"async\" class=\"aligncenter wp-image-70517 size-medium\" src=\"https:\/\/www.musikzeitung.ch\/wp-content\/uploads\/2026\/01\/01_crit_film_Rudiger-300x169.jpg\" alt=\"\" width=\"300\" height=\"169\" srcset=\"https:\/\/www.musikzeitung.ch\/wp-content\/uploads\/2026\/01\/01_crit_film_Rudiger-300x169.jpg 300w, https:\/\/www.musikzeitung.ch\/wp-content\/uploads\/2026\/01\/01_crit_film_Rudiger-1024x577.jpg 1024w, https:\/\/www.musikzeitung.ch\/wp-content\/uploads\/2026\/01\/01_crit_film_Rudiger-768x432.jpg 768w, https:\/\/www.musikzeitung.ch\/wp-content\/uploads\/2026\/01\/01_crit_film_Rudiger-1536x865.jpg 1536w, https:\/\/www.musikzeitung.ch\/wp-content\/uploads\/2026\/01\/01_crit_film_Rudiger-2048x1153.jpg 2048w, https:\/\/www.musikzeitung.ch\/wp-content\/uploads\/2026\/01\/01_crit_film_Rudiger-18x10.jpg 18w, https:\/\/www.musikzeitung.ch\/wp-content\/uploads\/2026\/01\/01_crit_film_Rudiger-311x175.jpg 311w, https:\/\/www.musikzeitung.ch\/wp-content\/uploads\/2026\/01\/01_crit_film_Rudiger-622x350.jpg 622w, https:\/\/www.musikzeitung.ch\/wp-content\/uploads\/2026\/01\/01_crit_film_Rudiger-1421x800.jpg 1421w, https:\/\/www.musikzeitung.ch\/wp-content\/uploads\/2026\/01\/01_crit_film_Rudiger-920x518.jpg 920w, https:\/\/www.musikzeitung.ch\/wp-content\/uploads\/2026\/01\/01_crit_film_Rudiger.jpg 1400w\" sizes=\"auto, (max-width: 300px) 100vw, 300px\" \/><\/p>\n<p><a href=\"https:\/\/www.ardmediathek.de\/video\/dokus-und-reportagen\/mit-dem-cello-ans-ende-der-welt-sol-gabetta-auf-den-spuren-von-lise-cristiani\/hr\/N2IyNjM5ZmEtNGIyMC00ODRlLTkwM2QtYmEyYzBhYzU5NTk1\" target=\"_blank\" rel=\"noopener\"><em>Link al film<\/em><\/a><\/p>\n<p>&nbsp;<\/p>","protected":false},"excerpt":{"rendered":"<p>In un film documentario, Sol Gabetta ripercorre la vita, i concerti e i viaggi mozzafiato del primo violoncellista a esibirsi in pubblico. <\/p>","protected":false},"author":29,"featured_media":70519,"comment_status":"closed","ping_status":"closed","sticky":false,"template":"","format":"standard","meta":{"_acf_changed":false,"_relevanssi_hide_post":"","_relevanssi_hide_content":"","_relevanssi_pin_for_all":"","_relevanssi_pin_keywords":"","_relevanssi_unpin_keywords":"","_relevanssi_related_keywords":"","_relevanssi_related_include_ids":"","_relevanssi_related_exclude_ids":"","_relevanssi_related_no_append":"","_relevanssi_related_not_related":"","_relevanssi_related_posts":"","_relevanssi_noindex_reason":"","pgc_sgb_lightbox_settings":"","footnotes":""},"categories":[1620,29],"tags":[5507,5506,4059],"class_list":["post-70516","post","type-post","status-publish","format-standard","has-post-thumbnail","hentry","category-filme","category-rezensionen","tag-balthazar-soulier","tag-lise-cristiani","tag-sol-gabetta"],"acf":[],"yoast_head":"<!-- This site is optimized with the Yoast SEO plugin v27.4 - https:\/\/yoast.com\/product\/yoast-seo-wordpress\/ -->\n<title>Auf den Spuren von Lise Cristiani - Schweizer Musikzeitung<\/title>\n<meta name=\"description\" content=\"In einem Dokumentarfilm zeigt Sol Gabetta das Leben, die Konzerte und atemberaubenden Reisen der ersten \u00f6ffentlich auftretenden Cellistin Lise Cristiani.\" \/>\n<meta name=\"robots\" content=\"index, follow, max-snippet:-1, max-image-preview:large, max-video-preview:-1\" \/>\n<link rel=\"canonical\" href=\"https:\/\/www.musikzeitung.ch\/it\/rezensionen\/filme\/2026\/02\/auf-den-spuren-von-lise-cristiani\/\" \/>\n<meta property=\"og:locale\" content=\"it_IT\" \/>\n<meta property=\"og:type\" content=\"article\" \/>\n<meta property=\"og:title\" content=\"Auf den Spuren von Lise Cristiani - Schweizer Musikzeitung\" \/>\n<meta property=\"og:description\" content=\"In einem Dokumentarfilm zeigt Sol Gabetta das Leben, die Konzerte und atemberaubenden Reisen der ersten \u00f6ffentlich auftretenden Cellistin Lise Cristiani.\" \/>\n<meta property=\"og:url\" content=\"https:\/\/www.musikzeitung.ch\/it\/rezensionen\/filme\/2026\/02\/auf-den-spuren-von-lise-cristiani\/\" \/>\n<meta property=\"og:site_name\" content=\"Schweizer Musikzeitung\" \/>\n<meta property=\"article:publisher\" content=\"https:\/\/www.facebook.com\/SchweizerMusikzeitung\/\" \/>\n<meta property=\"article:published_time\" content=\"2026-02-04T16:00:35+00:00\" \/>\n<meta property=\"og:image\" content=\"https:\/\/www.musikzeitung.ch\/wp-content\/uploads\/2026\/02\/Lise_Cristiani.jpeg\" \/>\n\t<meta property=\"og:image:width\" content=\"1367\" \/>\n\t<meta property=\"og:image:height\" content=\"1000\" \/>\n\t<meta property=\"og:image:type\" content=\"image\/jpeg\" \/>\n<meta name=\"author\" content=\"pia.schwab\" \/>\n<meta name=\"twitter:card\" content=\"summary_large_image\" \/>\n<meta name=\"twitter:creator\" content=\"@smusikzeitung\" \/>\n<meta name=\"twitter:site\" content=\"@smusikzeitung\" \/>\n<meta name=\"twitter:label1\" content=\"Scritto da\" \/>\n\t<meta name=\"twitter:data1\" content=\"pia.schwab\" \/>\n\t<meta name=\"twitter:label2\" content=\"Tempo di lettura stimato\" \/>\n\t<meta name=\"twitter:data2\" content=\"3 minuti\" \/>\n<script type=\"application\/ld+json\" class=\"yoast-schema-graph\">{\"@context\":\"https:\\\/\\\/schema.org\",\"@graph\":[{\"@type\":\"Article\",\"@id\":\"https:\\\/\\\/www.musikzeitung.ch\\\/rezensionen\\\/filme\\\/2026\\\/02\\\/auf-den-spuren-von-lise-cristiani#article\",\"isPartOf\":{\"@id\":\"https:\\\/\\\/www.musikzeitung.ch\\\/rezensionen\\\/filme\\\/2026\\\/02\\\/auf-den-spuren-von-lise-cristiani\"},\"author\":{\"name\":\"pia.schwab\",\"@id\":\"https:\\\/\\\/www.musikzeitung.ch\\\/#\\\/schema\\\/person\\\/ea3d7b86bd7157c78c7ddd37f2f82b5b\"},\"headline\":\"Auf den Spuren von Lise Cristiani\",\"datePublished\":\"2026-02-04T16:00:35+00:00\",\"mainEntityOfPage\":{\"@id\":\"https:\\\/\\\/www.musikzeitung.ch\\\/rezensionen\\\/filme\\\/2026\\\/02\\\/auf-den-spuren-von-lise-cristiani\"},\"wordCount\":388,\"publisher\":{\"@id\":\"https:\\\/\\\/www.musikzeitung.ch\\\/#organization\"},\"image\":{\"@id\":\"https:\\\/\\\/www.musikzeitung.ch\\\/rezensionen\\\/filme\\\/2026\\\/02\\\/auf-den-spuren-von-lise-cristiani#primaryimage\"},\"thumbnailUrl\":\"https:\\\/\\\/www.musikzeitung.ch\\\/wp-content\\\/uploads\\\/2026\\\/02\\\/Lise_Cristiani.jpeg\",\"keywords\":[\"Balthazar Soulier\",\"Lise Cristiani\",\"Sol Gabetta\"],\"articleSection\":[\"Filme\",\"Rezensionen\"],\"inLanguage\":\"it-IT\"},{\"@type\":\"WebPage\",\"@id\":\"https:\\\/\\\/www.musikzeitung.ch\\\/rezensionen\\\/filme\\\/2026\\\/02\\\/auf-den-spuren-von-lise-cristiani\",\"url\":\"https:\\\/\\\/www.musikzeitung.ch\\\/rezensionen\\\/filme\\\/2026\\\/02\\\/auf-den-spuren-von-lise-cristiani\",\"name\":\"Auf den Spuren von Lise Cristiani - Schweizer Musikzeitung\",\"isPartOf\":{\"@id\":\"https:\\\/\\\/www.musikzeitung.ch\\\/#website\"},\"primaryImageOfPage\":{\"@id\":\"https:\\\/\\\/www.musikzeitung.ch\\\/rezensionen\\\/filme\\\/2026\\\/02\\\/auf-den-spuren-von-lise-cristiani#primaryimage\"},\"image\":{\"@id\":\"https:\\\/\\\/www.musikzeitung.ch\\\/rezensionen\\\/filme\\\/2026\\\/02\\\/auf-den-spuren-von-lise-cristiani#primaryimage\"},\"thumbnailUrl\":\"https:\\\/\\\/www.musikzeitung.ch\\\/wp-content\\\/uploads\\\/2026\\\/02\\\/Lise_Cristiani.jpeg\",\"datePublished\":\"2026-02-04T16:00:35+00:00\",\"description\":\"In einem Dokumentarfilm zeigt Sol Gabetta das Leben, die Konzerte und atemberaubenden Reisen der ersten \u00f6ffentlich auftretenden Cellistin Lise Cristiani.\",\"breadcrumb\":{\"@id\":\"https:\\\/\\\/www.musikzeitung.ch\\\/rezensionen\\\/filme\\\/2026\\\/02\\\/auf-den-spuren-von-lise-cristiani#breadcrumb\"},\"inLanguage\":\"it-IT\",\"potentialAction\":[{\"@type\":\"ReadAction\",\"target\":[\"https:\\\/\\\/www.musikzeitung.ch\\\/rezensionen\\\/filme\\\/2026\\\/02\\\/auf-den-spuren-von-lise-cristiani\"]}]},{\"@type\":\"ImageObject\",\"inLanguage\":\"it-IT\",\"@id\":\"https:\\\/\\\/www.musikzeitung.ch\\\/rezensionen\\\/filme\\\/2026\\\/02\\\/auf-den-spuren-von-lise-cristiani#primaryimage\",\"url\":\"https:\\\/\\\/www.musikzeitung.ch\\\/wp-content\\\/uploads\\\/2026\\\/02\\\/Lise_Cristiani.jpeg\",\"contentUrl\":\"https:\\\/\\\/www.musikzeitung.ch\\\/wp-content\\\/uploads\\\/2026\\\/02\\\/Lise_Cristiani.jpeg\",\"width\":1367,\"height\":1000},{\"@type\":\"BreadcrumbList\",\"@id\":\"https:\\\/\\\/www.musikzeitung.ch\\\/rezensionen\\\/filme\\\/2026\\\/02\\\/auf-den-spuren-von-lise-cristiani#breadcrumb\",\"itemListElement\":[{\"@type\":\"ListItem\",\"position\":1,\"name\":\"Home\",\"item\":\"https:\\\/\\\/www.musikzeitung.ch\\\/\"},{\"@type\":\"ListItem\",\"position\":2,\"name\":\"Auf den Spuren von Lise Cristiani\"}]},{\"@type\":\"WebSite\",\"@id\":\"https:\\\/\\\/www.musikzeitung.ch\\\/#website\",\"url\":\"https:\\\/\\\/www.musikzeitung.ch\\\/\",\"name\":\"Schweizer Musikzeitung\",\"description\":\"Die f\u00fchrende sparten\u00fcbergreifende Monatszeitung in der Schweiz f\u00fcr musikalische Fragen.\",\"publisher\":{\"@id\":\"https:\\\/\\\/www.musikzeitung.ch\\\/#organization\"},\"potentialAction\":[{\"@type\":\"SearchAction\",\"target\":{\"@type\":\"EntryPoint\",\"urlTemplate\":\"https:\\\/\\\/www.musikzeitung.ch\\\/?s={search_term_string}\"},\"query-input\":{\"@type\":\"PropertyValueSpecification\",\"valueRequired\":true,\"valueName\":\"search_term_string\"}}],\"inLanguage\":\"it-IT\"},{\"@type\":\"Organization\",\"@id\":\"https:\\\/\\\/www.musikzeitung.ch\\\/#organization\",\"name\":\"Schweizer Musikzeitung\",\"url\":\"https:\\\/\\\/www.musikzeitung.ch\\\/\",\"logo\":{\"@type\":\"ImageObject\",\"inLanguage\":\"it-IT\",\"@id\":\"https:\\\/\\\/www.musikzeitung.ch\\\/#\\\/schema\\\/logo\\\/image\\\/\",\"url\":\"https:\\\/\\\/www.musikzeitung.ch\\\/wp-content\\\/uploads\\\/2023\\\/01\\\/SMZ_Schriftzug_Sprache.png\",\"contentUrl\":\"https:\\\/\\\/www.musikzeitung.ch\\\/wp-content\\\/uploads\\\/2023\\\/01\\\/SMZ_Schriftzug_Sprache.png\",\"width\":1400,\"height\":279,\"caption\":\"Schweizer Musikzeitung\"},\"image\":{\"@id\":\"https:\\\/\\\/www.musikzeitung.ch\\\/#\\\/schema\\\/logo\\\/image\\\/\"},\"sameAs\":[\"https:\\\/\\\/www.facebook.com\\\/SchweizerMusikzeitung\\\/\",\"https:\\\/\\\/x.com\\\/smusikzeitung\",\"https:\\\/\\\/www.instagram.com\\\/musikzeitung.ch\\\/\"]},{\"@type\":\"Person\",\"@id\":\"https:\\\/\\\/www.musikzeitung.ch\\\/#\\\/schema\\\/person\\\/ea3d7b86bd7157c78c7ddd37f2f82b5b\",\"name\":\"pia.schwab\",\"image\":{\"@type\":\"ImageObject\",\"inLanguage\":\"it-IT\",\"@id\":\"https:\\\/\\\/secure.gravatar.com\\\/avatar\\\/d39d170de4c2d07e897fbc26cf9d890fc046285c742207b86d8ebabe5fcde2c4?s=96&d=mm&r=g\",\"url\":\"https:\\\/\\\/secure.gravatar.com\\\/avatar\\\/d39d170de4c2d07e897fbc26cf9d890fc046285c742207b86d8ebabe5fcde2c4?s=96&d=mm&r=g\",\"contentUrl\":\"https:\\\/\\\/secure.gravatar.com\\\/avatar\\\/d39d170de4c2d07e897fbc26cf9d890fc046285c742207b86d8ebabe5fcde2c4?s=96&d=mm&r=g\",\"caption\":\"pia.schwab\"},\"url\":\"https:\\\/\\\/www.musikzeitung.ch\\\/it\\\/author\\\/pia-schwab\"}]}<\/script>\n<!-- \/ Yoast SEO plugin. -->","yoast_head_json":{"title":"Sulle orme di Lise Cristiani - Schweizer Musikzeitung","description":"In un film documentario, Sol Gabetta mostra la vita, i concerti e i viaggi mozzafiato di Lise Cristiani, la prima violoncellista a esibirsi in pubblico.","robots":{"index":"index","follow":"follow","max-snippet":"max-snippet:-1","max-image-preview":"max-image-preview:large","max-video-preview":"max-video-preview:-1"},"canonical":"https:\/\/www.musikzeitung.ch\/it\/rezensionen\/filme\/2026\/02\/auf-den-spuren-von-lise-cristiani\/","og_locale":"it_IT","og_type":"article","og_title":"Auf den Spuren von Lise Cristiani - Schweizer Musikzeitung","og_description":"In einem Dokumentarfilm zeigt Sol Gabetta das Leben, die Konzerte und atemberaubenden Reisen der ersten \u00f6ffentlich auftretenden Cellistin Lise Cristiani.","og_url":"https:\/\/www.musikzeitung.ch\/it\/rezensionen\/filme\/2026\/02\/auf-den-spuren-von-lise-cristiani\/","og_site_name":"Schweizer Musikzeitung","article_publisher":"https:\/\/www.facebook.com\/SchweizerMusikzeitung\/","article_published_time":"2026-02-04T16:00:35+00:00","og_image":[{"width":1367,"height":1000,"url":"https:\/\/www.musikzeitung.ch\/wp-content\/uploads\/2026\/02\/Lise_Cristiani.jpeg","type":"image\/jpeg"}],"author":"pia.schwab","twitter_card":"summary_large_image","twitter_creator":"@smusikzeitung","twitter_site":"@smusikzeitung","twitter_misc":{"Scritto da":"pia.schwab","Tempo di lettura stimato":"3 minuti"},"schema":{"@context":"https:\/\/schema.org","@graph":[{"@type":"Article","@id":"https:\/\/www.musikzeitung.ch\/rezensionen\/filme\/2026\/02\/auf-den-spuren-von-lise-cristiani#article","isPartOf":{"@id":"https:\/\/www.musikzeitung.ch\/rezensionen\/filme\/2026\/02\/auf-den-spuren-von-lise-cristiani"},"author":{"name":"pia.schwab","@id":"https:\/\/www.musikzeitung.ch\/#\/schema\/person\/ea3d7b86bd7157c78c7ddd37f2f82b5b"},"headline":"Auf den Spuren von Lise Cristiani","datePublished":"2026-02-04T16:00:35+00:00","mainEntityOfPage":{"@id":"https:\/\/www.musikzeitung.ch\/rezensionen\/filme\/2026\/02\/auf-den-spuren-von-lise-cristiani"},"wordCount":388,"publisher":{"@id":"https:\/\/www.musikzeitung.ch\/#organization"},"image":{"@id":"https:\/\/www.musikzeitung.ch\/rezensionen\/filme\/2026\/02\/auf-den-spuren-von-lise-cristiani#primaryimage"},"thumbnailUrl":"https:\/\/www.musikzeitung.ch\/wp-content\/uploads\/2026\/02\/Lise_Cristiani.jpeg","keywords":["Balthazar Soulier","Lise Cristiani","Sol Gabetta"],"articleSection":["Filme","Rezensionen"],"inLanguage":"it-IT"},{"@type":"WebPage","@id":"https:\/\/www.musikzeitung.ch\/rezensionen\/filme\/2026\/02\/auf-den-spuren-von-lise-cristiani","url":"https:\/\/www.musikzeitung.ch\/rezensionen\/filme\/2026\/02\/auf-den-spuren-von-lise-cristiani","name":"Sulle orme di Lise Cristiani - Schweizer Musikzeitung","isPartOf":{"@id":"https:\/\/www.musikzeitung.ch\/#website"},"primaryImageOfPage":{"@id":"https:\/\/www.musikzeitung.ch\/rezensionen\/filme\/2026\/02\/auf-den-spuren-von-lise-cristiani#primaryimage"},"image":{"@id":"https:\/\/www.musikzeitung.ch\/rezensionen\/filme\/2026\/02\/auf-den-spuren-von-lise-cristiani#primaryimage"},"thumbnailUrl":"https:\/\/www.musikzeitung.ch\/wp-content\/uploads\/2026\/02\/Lise_Cristiani.jpeg","datePublished":"2026-02-04T16:00:35+00:00","description":"In un film documentario, Sol Gabetta mostra la vita, i concerti e i viaggi mozzafiato di Lise Cristiani, la prima violoncellista a esibirsi in pubblico.","breadcrumb":{"@id":"https:\/\/www.musikzeitung.ch\/rezensionen\/filme\/2026\/02\/auf-den-spuren-von-lise-cristiani#breadcrumb"},"inLanguage":"it-IT","potentialAction":[{"@type":"ReadAction","target":["https:\/\/www.musikzeitung.ch\/rezensionen\/filme\/2026\/02\/auf-den-spuren-von-lise-cristiani"]}]},{"@type":"ImageObject","inLanguage":"it-IT","@id":"https:\/\/www.musikzeitung.ch\/rezensionen\/filme\/2026\/02\/auf-den-spuren-von-lise-cristiani#primaryimage","url":"https:\/\/www.musikzeitung.ch\/wp-content\/uploads\/2026\/02\/Lise_Cristiani.jpeg","contentUrl":"https:\/\/www.musikzeitung.ch\/wp-content\/uploads\/2026\/02\/Lise_Cristiani.jpeg","width":1367,"height":1000},{"@type":"BreadcrumbList","@id":"https:\/\/www.musikzeitung.ch\/rezensionen\/filme\/2026\/02\/auf-den-spuren-von-lise-cristiani#breadcrumb","itemListElement":[{"@type":"ListItem","position":1,"name":"Home","item":"https:\/\/www.musikzeitung.ch\/"},{"@type":"ListItem","position":2,"name":"Auf den Spuren von Lise Cristiani"}]},{"@type":"WebSite","@id":"https:\/\/www.musikzeitung.ch\/#website","url":"https:\/\/www.musikzeitung.ch\/","name":"Giornale musicale svizzero","description":"Il principale mensile interdisciplinare della Svizzera per le questioni musicali.","publisher":{"@id":"https:\/\/www.musikzeitung.ch\/#organization"},"potentialAction":[{"@type":"SearchAction","target":{"@type":"EntryPoint","urlTemplate":"https:\/\/www.musikzeitung.ch\/?s={search_term_string}"},"query-input":{"@type":"PropertyValueSpecification","valueRequired":true,"valueName":"search_term_string"}}],"inLanguage":"it-IT"},{"@type":"Organization","@id":"https:\/\/www.musikzeitung.ch\/#organization","name":"Giornale musicale svizzero","url":"https:\/\/www.musikzeitung.ch\/","logo":{"@type":"ImageObject","inLanguage":"it-IT","@id":"https:\/\/www.musikzeitung.ch\/#\/schema\/logo\/image\/","url":"https:\/\/www.musikzeitung.ch\/wp-content\/uploads\/2023\/01\/SMZ_Schriftzug_Sprache.png","contentUrl":"https:\/\/www.musikzeitung.ch\/wp-content\/uploads\/2023\/01\/SMZ_Schriftzug_Sprache.png","width":1400,"height":279,"caption":"Schweizer Musikzeitung"},"image":{"@id":"https:\/\/www.musikzeitung.ch\/#\/schema\/logo\/image\/"},"sameAs":["https:\/\/www.facebook.com\/SchweizerMusikzeitung\/","https:\/\/x.com\/smusikzeitung","https:\/\/www.instagram.com\/musikzeitung.ch\/"]},{"@type":"Person","@id":"https:\/\/www.musikzeitung.ch\/#\/schema\/person\/ea3d7b86bd7157c78c7ddd37f2f82b5b","name":"pia.schwab","image":{"@type":"ImageObject","inLanguage":"it-IT","@id":"https:\/\/secure.gravatar.com\/avatar\/d39d170de4c2d07e897fbc26cf9d890fc046285c742207b86d8ebabe5fcde2c4?s=96&d=mm&r=g","url":"https:\/\/secure.gravatar.com\/avatar\/d39d170de4c2d07e897fbc26cf9d890fc046285c742207b86d8ebabe5fcde2c4?s=96&d=mm&r=g","contentUrl":"https:\/\/secure.gravatar.com\/avatar\/d39d170de4c2d07e897fbc26cf9d890fc046285c742207b86d8ebabe5fcde2c4?s=96&d=mm&r=g","caption":"pia.schwab"},"url":"https:\/\/www.musikzeitung.ch\/it\/author\/pia-schwab"}]}},"publishpress_future_workflow_manual_trigger":{"enabledWorkflows":[]},"_links":{"self":[{"href":"https:\/\/www.musikzeitung.ch\/it\/wp-json\/wp\/v2\/posts\/70516","targetHints":{"allow":["GET"]}}],"collection":[{"href":"https:\/\/www.musikzeitung.ch\/it\/wp-json\/wp\/v2\/posts"}],"about":[{"href":"https:\/\/www.musikzeitung.ch\/it\/wp-json\/wp\/v2\/types\/post"}],"author":[{"embeddable":true,"href":"https:\/\/www.musikzeitung.ch\/it\/wp-json\/wp\/v2\/users\/29"}],"replies":[{"embeddable":true,"href":"https:\/\/www.musikzeitung.ch\/it\/wp-json\/wp\/v2\/comments?post=70516"}],"version-history":[{"count":4,"href":"https:\/\/www.musikzeitung.ch\/it\/wp-json\/wp\/v2\/posts\/70516\/revisions"}],"predecessor-version":[{"id":70522,"href":"https:\/\/www.musikzeitung.ch\/it\/wp-json\/wp\/v2\/posts\/70516\/revisions\/70522"}],"wp:featuredmedia":[{"embeddable":true,"href":"https:\/\/www.musikzeitung.ch\/it\/wp-json\/wp\/v2\/media\/70519"}],"wp:attachment":[{"href":"https:\/\/www.musikzeitung.ch\/it\/wp-json\/wp\/v2\/media?parent=70516"}],"wp:term":[{"taxonomy":"category","embeddable":true,"href":"https:\/\/www.musikzeitung.ch\/it\/wp-json\/wp\/v2\/categories?post=70516"},{"taxonomy":"post_tag","embeddable":true,"href":"https:\/\/www.musikzeitung.ch\/it\/wp-json\/wp\/v2\/tags?post=70516"}],"curies":[{"name":"wp","href":"https:\/\/api.w.org\/{rel}","templated":true}]}}