{"id":70892,"date":"2026-02-09T08:31:01","date_gmt":"2026-02-09T07:31:01","guid":{"rendered":"https:\/\/www.musikzeitung.ch\/?p=70892"},"modified":"2026-02-09T08:55:59","modified_gmt":"2026-02-09T07:55:59","slug":"wirkung-neuer-konzertformate-klassischer-musik","status":"publish","type":"post","link":"https:\/\/www.musikzeitung.ch\/it\/news\/2026\/02\/wirkung-neuer-konzertformate-klassischer-musik","title":{"rendered":"L'impatto dei nuovi formati di concerto di musica classica"},"content":{"rendered":"<figure id=\"attachment_70893\" aria-describedby=\"caption-attachment-70893\" style=\"width: 768px\" class=\"wp-caption alignnone\"><img loading=\"lazy\" decoding=\"async\" class=\"size-large wp-image-70893\" src=\"https:\/\/www.musikzeitung.ch\/wp-content\/uploads\/2026\/02\/260209konzert-1024x686.jpg\" alt=\"\" width=\"768\" height=\"515\" srcset=\"https:\/\/www.musikzeitung.ch\/wp-content\/uploads\/2026\/02\/260209konzert-1024x686.jpg 1024w, https:\/\/www.musikzeitung.ch\/wp-content\/uploads\/2026\/02\/260209konzert-300x201.jpg 300w, https:\/\/www.musikzeitung.ch\/wp-content\/uploads\/2026\/02\/260209konzert-768x515.jpg 768w, https:\/\/www.musikzeitung.ch\/wp-content\/uploads\/2026\/02\/260209konzert-18x12.jpg 18w, https:\/\/www.musikzeitung.ch\/wp-content\/uploads\/2026\/02\/260209konzert-261x175.jpg 261w, https:\/\/www.musikzeitung.ch\/wp-content\/uploads\/2026\/02\/260209konzert-522x350.jpg 522w, https:\/\/www.musikzeitung.ch\/wp-content\/uploads\/2026\/02\/260209konzert-920x616.jpg 920w, https:\/\/www.musikzeitung.ch\/wp-content\/uploads\/2026\/02\/260209konzert.jpg 1176w\" sizes=\"auto, (max-width: 768px) 100vw, 768px\" \/><figcaption id=\"caption-attachment-70893\" class=\"wp-caption-text\">(Immagine: Pixnio\/Marko Milivojevic)<\/figcaption><\/figure>\n<p>Un totale di 802 persone ha partecipato allo studio, che consisteva in undici concerti di musica da camera con gli stessi tre quintetti d'archi, ma realizzati con componenti di formato diverso. Per registrare le esperienze e i comportamenti individuali sono stati utilizzati questionari, misurazioni fisiologiche e telecamere. Tra le altre cose, il team ha misurato la frequenza cardiaca, analizzato le emozioni che si manifestavano attraverso le espressioni facciali e raccolto dati sulla valutazione, sull'esperienza comunitaria e su altre dimensioni dell'esperienza.<\/p>\n<p>Lo studio fa parte del progetto di ricerca globale \u00abExperimental Concert Research\u00bb, che mira ad approfondire l'esperienza musicale durante i concerti. Con i risultati di diversi concerti sperimentali dal vivo e in streaming, il team mira a stabilire un modello pi\u00f9 ampio ed empiricamente supportato dell'esperienza musicale in concerto.<\/p>\n<p><strong>Per saperne di pi\u00f9:<\/strong><br \/>\n<a href=\"https:\/\/www.aesthetics.mpg.de\/newsroom\/news\/news-artikel\/article\/wie-konzertformate-das-musik-erleben-beeinflussen.html\" target=\"_blank\" rel=\"noopener\">https:\/\/www.aesthetics.mpg.de\/newsroom\/news\/news-artikel\/article\/wie-konzertformate-das-musik-erleben-beeinflussen.html<\/a><\/p>","protected":false},"excerpt":{"rendered":"<p>Un team del Max Planck Institute for Empirical Aesthetics (MPIEA) e dell'Universit\u00e0 di Colonia ha dimostrato che diversi formati di concerto influenzano l'esperienza, il comportamento e le reazioni fisiche del pubblico.<\/p>","protected":false},"author":30,"featured_media":70893,"comment_status":"closed","ping_status":"closed","sticky":false,"template":"","format":"standard","meta":{"_acf_changed":false,"_relevanssi_hide_post":"","_relevanssi_hide_content":"","_relevanssi_pin_for_all":"","_relevanssi_pin_keywords":"","_relevanssi_unpin_keywords":"","_relevanssi_related_keywords":"","_relevanssi_related_include_ids":"","_relevanssi_related_exclude_ids":"","_relevanssi_related_no_append":"","_relevanssi_related_not_related":"","_relevanssi_related_posts":"","_relevanssi_noindex_reason":"","pgc_sgb_lightbox_settings":"","footnotes":""},"categories":[27],"tags":[5519,2178],"class_list":["post-70892","post","type-post","status-publish","format-standard","has-post-thumbnail","hentry","category-news","tag-konzertformate","tag-max-planck-institut-fuer-empirische-aesthetik"],"acf":[],"yoast_head":"<!-- This site is optimized with the Yoast SEO plugin v27.4 - https:\/\/yoast.com\/product\/yoast-seo-wordpress\/ -->\n<title>Wirkung neuer Konzertformate klassischer Musik - Schweizer Musikzeitung<\/title>\n<meta name=\"description\" content=\"Ein Team des MPIEA und der Uni zu K\u00f6ln weist nach, dass unterschiedliche Konzertformate Erleben, Verhalten und K\u00f6rperreaktionen des Publikums beeinflussen.\" \/>\n<meta name=\"robots\" content=\"index, follow, max-snippet:-1, max-image-preview:large, max-video-preview:-1\" \/>\n<link rel=\"canonical\" href=\"https:\/\/www.musikzeitung.ch\/it\/news\/2026\/02\/wirkung-neuer-konzertformate-klassischer-musik\/\" \/>\n<meta property=\"og:locale\" content=\"it_IT\" \/>\n<meta property=\"og:type\" content=\"article\" \/>\n<meta property=\"og:title\" content=\"Wirkung neuer Konzertformate klassischer Musik - Schweizer Musikzeitung\" \/>\n<meta property=\"og:description\" content=\"Ein Team des MPIEA und der Uni zu K\u00f6ln weist nach, dass unterschiedliche Konzertformate Erleben, Verhalten und K\u00f6rperreaktionen des Publikums beeinflussen.\" \/>\n<meta property=\"og:url\" content=\"https:\/\/www.musikzeitung.ch\/it\/news\/2026\/02\/wirkung-neuer-konzertformate-klassischer-musik\/\" \/>\n<meta property=\"og:site_name\" content=\"Schweizer Musikzeitung\" \/>\n<meta property=\"article:publisher\" content=\"https:\/\/www.facebook.com\/SchweizerMusikzeitung\/\" \/>\n<meta property=\"article:author\" content=\"https:\/\/www.facebook.com\/wolfgang.bohler.75\" \/>\n<meta property=\"article:published_time\" content=\"2026-02-09T07:31:01+00:00\" \/>\n<meta property=\"article:modified_time\" content=\"2026-02-09T07:55:59+00:00\" \/>\n<meta property=\"og:image\" content=\"https:\/\/www.musikzeitung.ch\/wp-content\/uploads\/2026\/02\/260209konzert.jpg\" \/>\n\t<meta property=\"og:image:width\" content=\"1176\" \/>\n\t<meta property=\"og:image:height\" content=\"788\" \/>\n\t<meta property=\"og:image:type\" content=\"image\/jpeg\" \/>\n<meta name=\"author\" content=\"Wolfgang B\u00f6hler\" \/>\n<meta name=\"twitter:card\" content=\"summary_large_image\" \/>\n<meta name=\"twitter:creator\" content=\"@smusikzeitung\" \/>\n<meta name=\"twitter:site\" content=\"@smusikzeitung\" \/>\n<meta name=\"twitter:label1\" content=\"Scritto da\" \/>\n\t<meta name=\"twitter:data1\" content=\"Wolfgang B\u00f6hler\" \/>\n\t<meta name=\"twitter:label2\" content=\"Tempo di lettura stimato\" \/>\n\t<meta name=\"twitter:data2\" content=\"2 minuti\" \/>\n<script type=\"application\/ld+json\" class=\"yoast-schema-graph\">{\"@context\":\"https:\\\/\\\/schema.org\",\"@graph\":[{\"@type\":\"Article\",\"@id\":\"https:\\\/\\\/www.musikzeitung.ch\\\/news\\\/2026\\\/02\\\/wirkung-neuer-konzertformate-klassischer-musik#article\",\"isPartOf\":{\"@id\":\"https:\\\/\\\/www.musikzeitung.ch\\\/news\\\/2026\\\/02\\\/wirkung-neuer-konzertformate-klassischer-musik\"},\"author\":{\"name\":\"Wolfgang B\u00f6hler\",\"@id\":\"https:\\\/\\\/www.musikzeitung.ch\\\/#\\\/schema\\\/person\\\/0da4fb82d243f1252850a35d0e87cf0c\"},\"headline\":\"Wirkung neuer Konzertformate klassischer Musik\",\"datePublished\":\"2026-02-09T07:31:01+00:00\",\"dateModified\":\"2026-02-09T07:55:59+00:00\",\"mainEntityOfPage\":{\"@id\":\"https:\\\/\\\/www.musikzeitung.ch\\\/news\\\/2026\\\/02\\\/wirkung-neuer-konzertformate-klassischer-musik\"},\"wordCount\":139,\"publisher\":{\"@id\":\"https:\\\/\\\/www.musikzeitung.ch\\\/#organization\"},\"image\":{\"@id\":\"https:\\\/\\\/www.musikzeitung.ch\\\/news\\\/2026\\\/02\\\/wirkung-neuer-konzertformate-klassischer-musik#primaryimage\"},\"thumbnailUrl\":\"https:\\\/\\\/www.musikzeitung.ch\\\/wp-content\\\/uploads\\\/2026\\\/02\\\/260209konzert.jpg\",\"keywords\":[\"Konzertformate\",\"Max-Planck-Institut f\u00fcr empirische \u00c4sthetik\"],\"articleSection\":[\"News\"],\"inLanguage\":\"it-IT\"},{\"@type\":\"WebPage\",\"@id\":\"https:\\\/\\\/www.musikzeitung.ch\\\/news\\\/2026\\\/02\\\/wirkung-neuer-konzertformate-klassischer-musik\",\"url\":\"https:\\\/\\\/www.musikzeitung.ch\\\/news\\\/2026\\\/02\\\/wirkung-neuer-konzertformate-klassischer-musik\",\"name\":\"Wirkung neuer Konzertformate klassischer Musik - Schweizer Musikzeitung\",\"isPartOf\":{\"@id\":\"https:\\\/\\\/www.musikzeitung.ch\\\/#website\"},\"primaryImageOfPage\":{\"@id\":\"https:\\\/\\\/www.musikzeitung.ch\\\/news\\\/2026\\\/02\\\/wirkung-neuer-konzertformate-klassischer-musik#primaryimage\"},\"image\":{\"@id\":\"https:\\\/\\\/www.musikzeitung.ch\\\/news\\\/2026\\\/02\\\/wirkung-neuer-konzertformate-klassischer-musik#primaryimage\"},\"thumbnailUrl\":\"https:\\\/\\\/www.musikzeitung.ch\\\/wp-content\\\/uploads\\\/2026\\\/02\\\/260209konzert.jpg\",\"datePublished\":\"2026-02-09T07:31:01+00:00\",\"dateModified\":\"2026-02-09T07:55:59+00:00\",\"description\":\"Ein Team des MPIEA und der Uni zu K\u00f6ln weist nach, dass unterschiedliche Konzertformate Erleben, Verhalten und K\u00f6rperreaktionen des Publikums beeinflussen.\",\"breadcrumb\":{\"@id\":\"https:\\\/\\\/www.musikzeitung.ch\\\/news\\\/2026\\\/02\\\/wirkung-neuer-konzertformate-klassischer-musik#breadcrumb\"},\"inLanguage\":\"it-IT\",\"potentialAction\":[{\"@type\":\"ReadAction\",\"target\":[\"https:\\\/\\\/www.musikzeitung.ch\\\/news\\\/2026\\\/02\\\/wirkung-neuer-konzertformate-klassischer-musik\"]}]},{\"@type\":\"ImageObject\",\"inLanguage\":\"it-IT\",\"@id\":\"https:\\\/\\\/www.musikzeitung.ch\\\/news\\\/2026\\\/02\\\/wirkung-neuer-konzertformate-klassischer-musik#primaryimage\",\"url\":\"https:\\\/\\\/www.musikzeitung.ch\\\/wp-content\\\/uploads\\\/2026\\\/02\\\/260209konzert.jpg\",\"contentUrl\":\"https:\\\/\\\/www.musikzeitung.ch\\\/wp-content\\\/uploads\\\/2026\\\/02\\\/260209konzert.jpg\",\"width\":1176,\"height\":788,\"caption\":\"(Bild: Pixnio\\\/Marko Milivojevic)\"},{\"@type\":\"BreadcrumbList\",\"@id\":\"https:\\\/\\\/www.musikzeitung.ch\\\/news\\\/2026\\\/02\\\/wirkung-neuer-konzertformate-klassischer-musik#breadcrumb\",\"itemListElement\":[{\"@type\":\"ListItem\",\"position\":1,\"name\":\"Home\",\"item\":\"https:\\\/\\\/www.musikzeitung.ch\\\/\"},{\"@type\":\"ListItem\",\"position\":2,\"name\":\"Wirkung neuer Konzertformate klassischer Musik\"}]},{\"@type\":\"WebSite\",\"@id\":\"https:\\\/\\\/www.musikzeitung.ch\\\/#website\",\"url\":\"https:\\\/\\\/www.musikzeitung.ch\\\/\",\"name\":\"Schweizer Musikzeitung\",\"description\":\"Die f\u00fchrende sparten\u00fcbergreifende Monatszeitung in der Schweiz f\u00fcr musikalische Fragen.\",\"publisher\":{\"@id\":\"https:\\\/\\\/www.musikzeitung.ch\\\/#organization\"},\"potentialAction\":[{\"@type\":\"SearchAction\",\"target\":{\"@type\":\"EntryPoint\",\"urlTemplate\":\"https:\\\/\\\/www.musikzeitung.ch\\\/?s={search_term_string}\"},\"query-input\":{\"@type\":\"PropertyValueSpecification\",\"valueRequired\":true,\"valueName\":\"search_term_string\"}}],\"inLanguage\":\"it-IT\"},{\"@type\":\"Organization\",\"@id\":\"https:\\\/\\\/www.musikzeitung.ch\\\/#organization\",\"name\":\"Schweizer Musikzeitung\",\"url\":\"https:\\\/\\\/www.musikzeitung.ch\\\/\",\"logo\":{\"@type\":\"ImageObject\",\"inLanguage\":\"it-IT\",\"@id\":\"https:\\\/\\\/www.musikzeitung.ch\\\/#\\\/schema\\\/logo\\\/image\\\/\",\"url\":\"https:\\\/\\\/www.musikzeitung.ch\\\/wp-content\\\/uploads\\\/2023\\\/01\\\/SMZ_Schriftzug_Sprache.png\",\"contentUrl\":\"https:\\\/\\\/www.musikzeitung.ch\\\/wp-content\\\/uploads\\\/2023\\\/01\\\/SMZ_Schriftzug_Sprache.png\",\"width\":1400,\"height\":279,\"caption\":\"Schweizer Musikzeitung\"},\"image\":{\"@id\":\"https:\\\/\\\/www.musikzeitung.ch\\\/#\\\/schema\\\/logo\\\/image\\\/\"},\"sameAs\":[\"https:\\\/\\\/www.facebook.com\\\/SchweizerMusikzeitung\\\/\",\"https:\\\/\\\/x.com\\\/smusikzeitung\",\"https:\\\/\\\/www.instagram.com\\\/musikzeitung.ch\\\/\"]},{\"@type\":\"Person\",\"@id\":\"https:\\\/\\\/www.musikzeitung.ch\\\/#\\\/schema\\\/person\\\/0da4fb82d243f1252850a35d0e87cf0c\",\"name\":\"Wolfgang B\u00f6hler\",\"image\":{\"@type\":\"ImageObject\",\"inLanguage\":\"it-IT\",\"@id\":\"https:\\\/\\\/www.musikzeitung.ch\\\/wp-content\\\/uploads\\\/2023\\\/01\\\/boehler_portraet_web-e1674139782246-96x96.jpg\",\"url\":\"https:\\\/\\\/www.musikzeitung.ch\\\/wp-content\\\/uploads\\\/2023\\\/01\\\/boehler_portraet_web-e1674139782246-96x96.jpg\",\"contentUrl\":\"https:\\\/\\\/www.musikzeitung.ch\\\/wp-content\\\/uploads\\\/2023\\\/01\\\/boehler_portraet_web-e1674139782246-96x96.jpg\",\"caption\":\"Wolfgang B\u00f6hler\"},\"sameAs\":[\"http:\\\/\\\/www.manacanto.ch\",\"https:\\\/\\\/www.facebook.com\\\/wolfgang.bohler.75\"],\"url\":\"https:\\\/\\\/www.musikzeitung.ch\\\/it\\\/author\\\/wolfgang-boehler\"}]}<\/script>\n<!-- \/ Yoast SEO plugin. -->","yoast_head_json":{"title":"L'impatto dei nuovi formati di concerto di musica classica - Schweizer Musikzeitung","description":"Un team del MPIEA e dell'Universit\u00e0 di Colonia ha dimostrato che diversi formati di concerto influenzano l'esperienza, il comportamento e le reazioni fisiche del pubblico.","robots":{"index":"index","follow":"follow","max-snippet":"max-snippet:-1","max-image-preview":"max-image-preview:large","max-video-preview":"max-video-preview:-1"},"canonical":"https:\/\/www.musikzeitung.ch\/it\/news\/2026\/02\/wirkung-neuer-konzertformate-klassischer-musik\/","og_locale":"it_IT","og_type":"article","og_title":"Wirkung neuer Konzertformate klassischer Musik - Schweizer Musikzeitung","og_description":"Ein Team des MPIEA und der Uni zu K\u00f6ln weist nach, dass unterschiedliche Konzertformate Erleben, Verhalten und K\u00f6rperreaktionen des Publikums beeinflussen.","og_url":"https:\/\/www.musikzeitung.ch\/it\/news\/2026\/02\/wirkung-neuer-konzertformate-klassischer-musik\/","og_site_name":"Schweizer Musikzeitung","article_publisher":"https:\/\/www.facebook.com\/SchweizerMusikzeitung\/","article_author":"https:\/\/www.facebook.com\/wolfgang.bohler.75","article_published_time":"2026-02-09T07:31:01+00:00","article_modified_time":"2026-02-09T07:55:59+00:00","og_image":[{"width":1176,"height":788,"url":"https:\/\/www.musikzeitung.ch\/wp-content\/uploads\/2026\/02\/260209konzert.jpg","type":"image\/jpeg"}],"author":"Wolfgang B\u00f6hler","twitter_card":"summary_large_image","twitter_creator":"@smusikzeitung","twitter_site":"@smusikzeitung","twitter_misc":{"Scritto da":"Wolfgang B\u00f6hler","Tempo di lettura stimato":"2 minuti"},"schema":{"@context":"https:\/\/schema.org","@graph":[{"@type":"Article","@id":"https:\/\/www.musikzeitung.ch\/news\/2026\/02\/wirkung-neuer-konzertformate-klassischer-musik#article","isPartOf":{"@id":"https:\/\/www.musikzeitung.ch\/news\/2026\/02\/wirkung-neuer-konzertformate-klassischer-musik"},"author":{"name":"Wolfgang B\u00f6hler","@id":"https:\/\/www.musikzeitung.ch\/#\/schema\/person\/0da4fb82d243f1252850a35d0e87cf0c"},"headline":"Wirkung neuer Konzertformate klassischer Musik","datePublished":"2026-02-09T07:31:01+00:00","dateModified":"2026-02-09T07:55:59+00:00","mainEntityOfPage":{"@id":"https:\/\/www.musikzeitung.ch\/news\/2026\/02\/wirkung-neuer-konzertformate-klassischer-musik"},"wordCount":139,"publisher":{"@id":"https:\/\/www.musikzeitung.ch\/#organization"},"image":{"@id":"https:\/\/www.musikzeitung.ch\/news\/2026\/02\/wirkung-neuer-konzertformate-klassischer-musik#primaryimage"},"thumbnailUrl":"https:\/\/www.musikzeitung.ch\/wp-content\/uploads\/2026\/02\/260209konzert.jpg","keywords":["Konzertformate","Max-Planck-Institut f\u00fcr empirische \u00c4sthetik"],"articleSection":["News"],"inLanguage":"it-IT"},{"@type":"WebPage","@id":"https:\/\/www.musikzeitung.ch\/news\/2026\/02\/wirkung-neuer-konzertformate-klassischer-musik","url":"https:\/\/www.musikzeitung.ch\/news\/2026\/02\/wirkung-neuer-konzertformate-klassischer-musik","name":"L'impatto dei nuovi formati di concerto di musica classica - Schweizer Musikzeitung","isPartOf":{"@id":"https:\/\/www.musikzeitung.ch\/#website"},"primaryImageOfPage":{"@id":"https:\/\/www.musikzeitung.ch\/news\/2026\/02\/wirkung-neuer-konzertformate-klassischer-musik#primaryimage"},"image":{"@id":"https:\/\/www.musikzeitung.ch\/news\/2026\/02\/wirkung-neuer-konzertformate-klassischer-musik#primaryimage"},"thumbnailUrl":"https:\/\/www.musikzeitung.ch\/wp-content\/uploads\/2026\/02\/260209konzert.jpg","datePublished":"2026-02-09T07:31:01+00:00","dateModified":"2026-02-09T07:55:59+00:00","description":"Un team del MPIEA e dell'Universit\u00e0 di Colonia ha dimostrato che diversi formati di concerto influenzano l'esperienza, il comportamento e le reazioni fisiche del pubblico.","breadcrumb":{"@id":"https:\/\/www.musikzeitung.ch\/news\/2026\/02\/wirkung-neuer-konzertformate-klassischer-musik#breadcrumb"},"inLanguage":"it-IT","potentialAction":[{"@type":"ReadAction","target":["https:\/\/www.musikzeitung.ch\/news\/2026\/02\/wirkung-neuer-konzertformate-klassischer-musik"]}]},{"@type":"ImageObject","inLanguage":"it-IT","@id":"https:\/\/www.musikzeitung.ch\/news\/2026\/02\/wirkung-neuer-konzertformate-klassischer-musik#primaryimage","url":"https:\/\/www.musikzeitung.ch\/wp-content\/uploads\/2026\/02\/260209konzert.jpg","contentUrl":"https:\/\/www.musikzeitung.ch\/wp-content\/uploads\/2026\/02\/260209konzert.jpg","width":1176,"height":788,"caption":"(Bild: Pixnio\/Marko Milivojevic)"},{"@type":"BreadcrumbList","@id":"https:\/\/www.musikzeitung.ch\/news\/2026\/02\/wirkung-neuer-konzertformate-klassischer-musik#breadcrumb","itemListElement":[{"@type":"ListItem","position":1,"name":"Home","item":"https:\/\/www.musikzeitung.ch\/"},{"@type":"ListItem","position":2,"name":"Wirkung neuer Konzertformate klassischer Musik"}]},{"@type":"WebSite","@id":"https:\/\/www.musikzeitung.ch\/#website","url":"https:\/\/www.musikzeitung.ch\/","name":"Giornale musicale svizzero","description":"Il principale mensile interdisciplinare della Svizzera per le questioni musicali.","publisher":{"@id":"https:\/\/www.musikzeitung.ch\/#organization"},"potentialAction":[{"@type":"SearchAction","target":{"@type":"EntryPoint","urlTemplate":"https:\/\/www.musikzeitung.ch\/?s={search_term_string}"},"query-input":{"@type":"PropertyValueSpecification","valueRequired":true,"valueName":"search_term_string"}}],"inLanguage":"it-IT"},{"@type":"Organization","@id":"https:\/\/www.musikzeitung.ch\/#organization","name":"Giornale musicale svizzero","url":"https:\/\/www.musikzeitung.ch\/","logo":{"@type":"ImageObject","inLanguage":"it-IT","@id":"https:\/\/www.musikzeitung.ch\/#\/schema\/logo\/image\/","url":"https:\/\/www.musikzeitung.ch\/wp-content\/uploads\/2023\/01\/SMZ_Schriftzug_Sprache.png","contentUrl":"https:\/\/www.musikzeitung.ch\/wp-content\/uploads\/2023\/01\/SMZ_Schriftzug_Sprache.png","width":1400,"height":279,"caption":"Schweizer Musikzeitung"},"image":{"@id":"https:\/\/www.musikzeitung.ch\/#\/schema\/logo\/image\/"},"sameAs":["https:\/\/www.facebook.com\/SchweizerMusikzeitung\/","https:\/\/x.com\/smusikzeitung","https:\/\/www.instagram.com\/musikzeitung.ch\/"]},{"@type":"Person","@id":"https:\/\/www.musikzeitung.ch\/#\/schema\/person\/0da4fb82d243f1252850a35d0e87cf0c","name":"Wolfgang B\u00f6hler","image":{"@type":"ImageObject","inLanguage":"it-IT","@id":"https:\/\/www.musikzeitung.ch\/wp-content\/uploads\/2023\/01\/boehler_portraet_web-e1674139782246-96x96.jpg","url":"https:\/\/www.musikzeitung.ch\/wp-content\/uploads\/2023\/01\/boehler_portraet_web-e1674139782246-96x96.jpg","contentUrl":"https:\/\/www.musikzeitung.ch\/wp-content\/uploads\/2023\/01\/boehler_portraet_web-e1674139782246-96x96.jpg","caption":"Wolfgang B\u00f6hler"},"sameAs":["http:\/\/www.manacanto.ch","https:\/\/www.facebook.com\/wolfgang.bohler.75"],"url":"https:\/\/www.musikzeitung.ch\/it\/author\/wolfgang-boehler"}]}},"publishpress_future_workflow_manual_trigger":{"enabledWorkflows":[]},"_links":{"self":[{"href":"https:\/\/www.musikzeitung.ch\/it\/wp-json\/wp\/v2\/posts\/70892","targetHints":{"allow":["GET"]}}],"collection":[{"href":"https:\/\/www.musikzeitung.ch\/it\/wp-json\/wp\/v2\/posts"}],"about":[{"href":"https:\/\/www.musikzeitung.ch\/it\/wp-json\/wp\/v2\/types\/post"}],"author":[{"embeddable":true,"href":"https:\/\/www.musikzeitung.ch\/it\/wp-json\/wp\/v2\/users\/30"}],"replies":[{"embeddable":true,"href":"https:\/\/www.musikzeitung.ch\/it\/wp-json\/wp\/v2\/comments?post=70892"}],"version-history":[{"count":3,"href":"https:\/\/www.musikzeitung.ch\/it\/wp-json\/wp\/v2\/posts\/70892\/revisions"}],"predecessor-version":[{"id":70896,"href":"https:\/\/www.musikzeitung.ch\/it\/wp-json\/wp\/v2\/posts\/70892\/revisions\/70896"}],"wp:featuredmedia":[{"embeddable":true,"href":"https:\/\/www.musikzeitung.ch\/it\/wp-json\/wp\/v2\/media\/70893"}],"wp:attachment":[{"href":"https:\/\/www.musikzeitung.ch\/it\/wp-json\/wp\/v2\/media?parent=70892"}],"wp:term":[{"taxonomy":"category","embeddable":true,"href":"https:\/\/www.musikzeitung.ch\/it\/wp-json\/wp\/v2\/categories?post=70892"},{"taxonomy":"post_tag","embeddable":true,"href":"https:\/\/www.musikzeitung.ch\/it\/wp-json\/wp\/v2\/tags?post=70892"}],"curies":[{"name":"wp","href":"https:\/\/api.w.org\/{rel}","templated":true}]}}