{"id":71182,"date":"2026-02-19T06:41:14","date_gmt":"2026-02-19T05:41:14","guid":{"rendered":"https:\/\/www.musikzeitung.ch\/?p=71182"},"modified":"2026-02-19T09:46:10","modified_gmt":"2026-02-19T08:46:10","slug":"kaisa-zigurs-gewinnt-franzoesischen-harfenwettbewerb","status":"publish","type":"post","link":"https:\/\/www.musikzeitung.ch\/it\/news\/2026\/02\/kaisa-zigurs-gewinnt-franzoesischen-harfenwettbewerb","title":{"rendered":"Kaisa \u017digurs vince il concorso d'arpa francese"},"content":{"rendered":"<figure id=\"attachment_71183\" aria-describedby=\"caption-attachment-71183\" style=\"width: 768px\" class=\"wp-caption alignnone\"><img loading=\"lazy\" decoding=\"async\" class=\"size-large wp-image-71183\" src=\"https:\/\/www.musikzeitung.ch\/wp-content\/uploads\/2026\/02\/260219harfe-1024x684.jpg\" alt=\"\" width=\"768\" height=\"513\" srcset=\"https:\/\/www.musikzeitung.ch\/wp-content\/uploads\/2026\/02\/260219harfe-1024x684.jpg 1024w, https:\/\/www.musikzeitung.ch\/wp-content\/uploads\/2026\/02\/260219harfe-300x200.jpg 300w, https:\/\/www.musikzeitung.ch\/wp-content\/uploads\/2026\/02\/260219harfe-600x400.jpg 600w, https:\/\/www.musikzeitung.ch\/wp-content\/uploads\/2026\/02\/260219harfe-768x513.jpg 768w, https:\/\/www.musikzeitung.ch\/wp-content\/uploads\/2026\/02\/260219harfe-18x12.jpg 18w, https:\/\/www.musikzeitung.ch\/wp-content\/uploads\/2026\/02\/260219harfe-262x175.jpg 262w, https:\/\/www.musikzeitung.ch\/wp-content\/uploads\/2026\/02\/260219harfe-524x350.jpg 524w, https:\/\/www.musikzeitung.ch\/wp-content\/uploads\/2026\/02\/260219harfe-920x614.jpg 920w, https:\/\/www.musikzeitung.ch\/wp-content\/uploads\/2026\/02\/260219harfe.jpg 1056w\" sizes=\"auto, (max-width: 768px) 100vw, 768px\" \/><figcaption id=\"caption-attachment-71183\" class=\"wp-caption-text\">Kaisa \u017digurs (Immagine: Kaupo Kikkas)<\/figcaption><\/figure>\n<p>Quest'anno, Kaisa Helena \u017digurs, estone, ha vinto all'unanimit\u00e0 il primo premio nella categoria pi\u00f9 alta, Eccellenza (livello 12). La \u017digurs studia attualmente alla Zurich University of the Arts con Sarah O'Brien, dopo essersi diplomata all'Accademia estone di musica e teatro nel 2025. Come vincitore del primo premio, \u017digurs terr\u00e0 un concerto al Festival International Harpe en Avesnois e un concerto di apertura al prossimo Concours Fran\u00e7ais de la Harpe.<\/p>\n<p>Anche Anna-Helena Hamann (Finlandia) e Denitza Dimitrova (Bulgaria) hanno vinto il primo premio nella categoria pi\u00f9 alta. Siyu Chen (Cina) ha vinto il secondo premio, Anastasiya Uvarava (Bielorussia) e Meret Maria Meier (Svizzera) il terzo.<\/p>\n<p>La 15\u00aa edizione del Concours Fran\u00e7ais de la Harpe si \u00e8 svolta dal 13 al 15 febbraio 2026 a Limoges, in Francia. Il concorso internazionale comprendeva 12 categorie di repertorio. I membri della giuria di quest'anno erano Isabelle Perrin, Dominique Lac\u00f4te, Sylvain Blassel e V\u00e9ronique Chenuet (che organizza il concorso insieme a Marie-Monique Popesco).<\/p>","protected":false},"excerpt":{"rendered":"<p>Kaisa Helena \u017digurs, che studia a Zurigo con Sarah O'Brien, ha vinto il primo premio al 15\u00b0 Concours Fran\u00e7ais de la Harpe di Limoges. <\/p>","protected":false},"author":30,"featured_media":71183,"comment_status":"closed","ping_status":"closed","sticky":false,"template":"","format":"standard","meta":{"_acf_changed":false,"_relevanssi_hide_post":"","_relevanssi_hide_content":"","_relevanssi_pin_for_all":"","_relevanssi_pin_keywords":"","_relevanssi_unpin_keywords":"","_relevanssi_related_keywords":"","_relevanssi_related_include_ids":"","_relevanssi_related_exclude_ids":"","_relevanssi_related_no_append":"","_relevanssi_related_not_related":"","_relevanssi_related_posts":"","_relevanssi_noindex_reason":"","pgc_sgb_lightbox_settings":"","footnotes":""},"categories":[27],"tags":[5523,5522],"class_list":["post-71182","post","type-post","status-publish","format-standard","has-post-thumbnail","hentry","category-news","tag-concours-francais-de-la-harpe","tag-kaisa-helena-zigurs"],"acf":[],"yoast_head":"<!-- This site is optimized with the Yoast SEO plugin v27.4 - https:\/\/yoast.com\/product\/yoast-seo-wordpress\/ -->\n<title>Kaisa \u017digurs gewinnt franz\u00f6sischen Harfenwettbewerb - Schweizer Musikzeitung<\/title>\n<meta name=\"description\" content=\"Kaisa Helena \u017digurs, die in Z\u00fcrich bei Sarah O\u2019Brien studiert, hat in Limoges den ersten Preis des 15. Concours Fran\u00e7ais de la Harpe gewonnen.\" \/>\n<meta name=\"robots\" content=\"index, follow, max-snippet:-1, max-image-preview:large, max-video-preview:-1\" \/>\n<link rel=\"canonical\" href=\"https:\/\/www.musikzeitung.ch\/it\/news\/2026\/02\/kaisa-zigurs-gewinnt-franzoesischen-harfenwettbewerb\/\" \/>\n<meta property=\"og:locale\" content=\"it_IT\" \/>\n<meta property=\"og:type\" content=\"article\" \/>\n<meta property=\"og:title\" content=\"Kaisa \u017digurs gewinnt franz\u00f6sischen Harfenwettbewerb - Schweizer Musikzeitung\" \/>\n<meta property=\"og:description\" content=\"Kaisa Helena \u017digurs, die in Z\u00fcrich bei Sarah O\u2019Brien studiert, hat in Limoges den ersten Preis des 15. Concours Fran\u00e7ais de la Harpe gewonnen.\" \/>\n<meta property=\"og:url\" content=\"https:\/\/www.musikzeitung.ch\/it\/news\/2026\/02\/kaisa-zigurs-gewinnt-franzoesischen-harfenwettbewerb\/\" \/>\n<meta property=\"og:site_name\" content=\"Schweizer Musikzeitung\" \/>\n<meta property=\"article:publisher\" content=\"https:\/\/www.facebook.com\/SchweizerMusikzeitung\/\" \/>\n<meta property=\"article:author\" content=\"https:\/\/www.facebook.com\/wolfgang.bohler.75\" \/>\n<meta property=\"article:published_time\" content=\"2026-02-19T05:41:14+00:00\" \/>\n<meta property=\"article:modified_time\" content=\"2026-02-19T08:46:10+00:00\" \/>\n<meta property=\"og:image\" content=\"https:\/\/www.musikzeitung.ch\/wp-content\/uploads\/2026\/02\/260219harfe.jpg\" \/>\n\t<meta property=\"og:image:width\" content=\"1056\" \/>\n\t<meta property=\"og:image:height\" content=\"705\" \/>\n\t<meta property=\"og:image:type\" content=\"image\/jpeg\" \/>\n<meta name=\"author\" content=\"Wolfgang B\u00f6hler\" \/>\n<meta name=\"twitter:card\" content=\"summary_large_image\" \/>\n<meta name=\"twitter:creator\" content=\"@smusikzeitung\" \/>\n<meta name=\"twitter:site\" content=\"@smusikzeitung\" \/>\n<meta name=\"twitter:label1\" content=\"Scritto da\" \/>\n\t<meta name=\"twitter:data1\" content=\"Wolfgang B\u00f6hler\" \/>\n\t<meta name=\"twitter:label2\" content=\"Tempo di lettura stimato\" \/>\n\t<meta name=\"twitter:data2\" content=\"2 minuti\" \/>\n<script type=\"application\/ld+json\" class=\"yoast-schema-graph\">{\"@context\":\"https:\\\/\\\/schema.org\",\"@graph\":[{\"@type\":\"Article\",\"@id\":\"https:\\\/\\\/www.musikzeitung.ch\\\/news\\\/2026\\\/02\\\/kaisa-zigurs-gewinnt-franzoesischen-harfenwettbewerb#article\",\"isPartOf\":{\"@id\":\"https:\\\/\\\/www.musikzeitung.ch\\\/news\\\/2026\\\/02\\\/kaisa-zigurs-gewinnt-franzoesischen-harfenwettbewerb\"},\"author\":{\"name\":\"Wolfgang B\u00f6hler\",\"@id\":\"https:\\\/\\\/www.musikzeitung.ch\\\/#\\\/schema\\\/person\\\/0da4fb82d243f1252850a35d0e87cf0c\"},\"headline\":\"Kaisa \u017digurs gewinnt franz\u00f6sischen Harfenwettbewerb\",\"datePublished\":\"2026-02-19T05:41:14+00:00\",\"dateModified\":\"2026-02-19T08:46:10+00:00\",\"mainEntityOfPage\":{\"@id\":\"https:\\\/\\\/www.musikzeitung.ch\\\/news\\\/2026\\\/02\\\/kaisa-zigurs-gewinnt-franzoesischen-harfenwettbewerb\"},\"wordCount\":182,\"publisher\":{\"@id\":\"https:\\\/\\\/www.musikzeitung.ch\\\/#organization\"},\"image\":{\"@id\":\"https:\\\/\\\/www.musikzeitung.ch\\\/news\\\/2026\\\/02\\\/kaisa-zigurs-gewinnt-franzoesischen-harfenwettbewerb#primaryimage\"},\"thumbnailUrl\":\"https:\\\/\\\/www.musikzeitung.ch\\\/wp-content\\\/uploads\\\/2026\\\/02\\\/260219harfe.jpg\",\"keywords\":[\"Concours Fran\u00e7ais de la Harpe\",\"Kaisa Helena \u017digurs\"],\"articleSection\":[\"News\"],\"inLanguage\":\"it-IT\"},{\"@type\":\"WebPage\",\"@id\":\"https:\\\/\\\/www.musikzeitung.ch\\\/news\\\/2026\\\/02\\\/kaisa-zigurs-gewinnt-franzoesischen-harfenwettbewerb\",\"url\":\"https:\\\/\\\/www.musikzeitung.ch\\\/news\\\/2026\\\/02\\\/kaisa-zigurs-gewinnt-franzoesischen-harfenwettbewerb\",\"name\":\"Kaisa \u017digurs gewinnt franz\u00f6sischen Harfenwettbewerb - Schweizer Musikzeitung\",\"isPartOf\":{\"@id\":\"https:\\\/\\\/www.musikzeitung.ch\\\/#website\"},\"primaryImageOfPage\":{\"@id\":\"https:\\\/\\\/www.musikzeitung.ch\\\/news\\\/2026\\\/02\\\/kaisa-zigurs-gewinnt-franzoesischen-harfenwettbewerb#primaryimage\"},\"image\":{\"@id\":\"https:\\\/\\\/www.musikzeitung.ch\\\/news\\\/2026\\\/02\\\/kaisa-zigurs-gewinnt-franzoesischen-harfenwettbewerb#primaryimage\"},\"thumbnailUrl\":\"https:\\\/\\\/www.musikzeitung.ch\\\/wp-content\\\/uploads\\\/2026\\\/02\\\/260219harfe.jpg\",\"datePublished\":\"2026-02-19T05:41:14+00:00\",\"dateModified\":\"2026-02-19T08:46:10+00:00\",\"description\":\"Kaisa Helena \u017digurs, die in Z\u00fcrich bei Sarah O\u2019Brien studiert, hat in Limoges den ersten Preis des 15. Concours Fran\u00e7ais de la Harpe gewonnen.\",\"breadcrumb\":{\"@id\":\"https:\\\/\\\/www.musikzeitung.ch\\\/news\\\/2026\\\/02\\\/kaisa-zigurs-gewinnt-franzoesischen-harfenwettbewerb#breadcrumb\"},\"inLanguage\":\"it-IT\",\"potentialAction\":[{\"@type\":\"ReadAction\",\"target\":[\"https:\\\/\\\/www.musikzeitung.ch\\\/news\\\/2026\\\/02\\\/kaisa-zigurs-gewinnt-franzoesischen-harfenwettbewerb\"]}]},{\"@type\":\"ImageObject\",\"inLanguage\":\"it-IT\",\"@id\":\"https:\\\/\\\/www.musikzeitung.ch\\\/news\\\/2026\\\/02\\\/kaisa-zigurs-gewinnt-franzoesischen-harfenwettbewerb#primaryimage\",\"url\":\"https:\\\/\\\/www.musikzeitung.ch\\\/wp-content\\\/uploads\\\/2026\\\/02\\\/260219harfe.jpg\",\"contentUrl\":\"https:\\\/\\\/www.musikzeitung.ch\\\/wp-content\\\/uploads\\\/2026\\\/02\\\/260219harfe.jpg\",\"width\":1056,\"height\":705,\"caption\":\"Kaisa \u017digurs (Bild: Kaupo Kikkas)\"},{\"@type\":\"BreadcrumbList\",\"@id\":\"https:\\\/\\\/www.musikzeitung.ch\\\/news\\\/2026\\\/02\\\/kaisa-zigurs-gewinnt-franzoesischen-harfenwettbewerb#breadcrumb\",\"itemListElement\":[{\"@type\":\"ListItem\",\"position\":1,\"name\":\"Home\",\"item\":\"https:\\\/\\\/www.musikzeitung.ch\\\/\"},{\"@type\":\"ListItem\",\"position\":2,\"name\":\"Kaisa \u017digurs gewinnt franz\u00f6sischen Harfenwettbewerb\"}]},{\"@type\":\"WebSite\",\"@id\":\"https:\\\/\\\/www.musikzeitung.ch\\\/#website\",\"url\":\"https:\\\/\\\/www.musikzeitung.ch\\\/\",\"name\":\"Schweizer Musikzeitung\",\"description\":\"Die f\u00fchrende sparten\u00fcbergreifende Monatszeitung in der Schweiz f\u00fcr musikalische Fragen.\",\"publisher\":{\"@id\":\"https:\\\/\\\/www.musikzeitung.ch\\\/#organization\"},\"potentialAction\":[{\"@type\":\"SearchAction\",\"target\":{\"@type\":\"EntryPoint\",\"urlTemplate\":\"https:\\\/\\\/www.musikzeitung.ch\\\/?s={search_term_string}\"},\"query-input\":{\"@type\":\"PropertyValueSpecification\",\"valueRequired\":true,\"valueName\":\"search_term_string\"}}],\"inLanguage\":\"it-IT\"},{\"@type\":\"Organization\",\"@id\":\"https:\\\/\\\/www.musikzeitung.ch\\\/#organization\",\"name\":\"Schweizer Musikzeitung\",\"url\":\"https:\\\/\\\/www.musikzeitung.ch\\\/\",\"logo\":{\"@type\":\"ImageObject\",\"inLanguage\":\"it-IT\",\"@id\":\"https:\\\/\\\/www.musikzeitung.ch\\\/#\\\/schema\\\/logo\\\/image\\\/\",\"url\":\"https:\\\/\\\/www.musikzeitung.ch\\\/wp-content\\\/uploads\\\/2023\\\/01\\\/SMZ_Schriftzug_Sprache.png\",\"contentUrl\":\"https:\\\/\\\/www.musikzeitung.ch\\\/wp-content\\\/uploads\\\/2023\\\/01\\\/SMZ_Schriftzug_Sprache.png\",\"width\":1400,\"height\":279,\"caption\":\"Schweizer Musikzeitung\"},\"image\":{\"@id\":\"https:\\\/\\\/www.musikzeitung.ch\\\/#\\\/schema\\\/logo\\\/image\\\/\"},\"sameAs\":[\"https:\\\/\\\/www.facebook.com\\\/SchweizerMusikzeitung\\\/\",\"https:\\\/\\\/x.com\\\/smusikzeitung\",\"https:\\\/\\\/www.instagram.com\\\/musikzeitung.ch\\\/\"]},{\"@type\":\"Person\",\"@id\":\"https:\\\/\\\/www.musikzeitung.ch\\\/#\\\/schema\\\/person\\\/0da4fb82d243f1252850a35d0e87cf0c\",\"name\":\"Wolfgang B\u00f6hler\",\"image\":{\"@type\":\"ImageObject\",\"inLanguage\":\"it-IT\",\"@id\":\"https:\\\/\\\/www.musikzeitung.ch\\\/wp-content\\\/uploads\\\/2023\\\/01\\\/boehler_portraet_web-e1674139782246-96x96.jpg\",\"url\":\"https:\\\/\\\/www.musikzeitung.ch\\\/wp-content\\\/uploads\\\/2023\\\/01\\\/boehler_portraet_web-e1674139782246-96x96.jpg\",\"contentUrl\":\"https:\\\/\\\/www.musikzeitung.ch\\\/wp-content\\\/uploads\\\/2023\\\/01\\\/boehler_portraet_web-e1674139782246-96x96.jpg\",\"caption\":\"Wolfgang B\u00f6hler\"},\"sameAs\":[\"http:\\\/\\\/www.manacanto.ch\",\"https:\\\/\\\/www.facebook.com\\\/wolfgang.bohler.75\"],\"url\":\"https:\\\/\\\/www.musikzeitung.ch\\\/it\\\/author\\\/wolfgang-boehler\"}]}<\/script>\n<!-- \/ Yoast SEO plugin. -->","yoast_head_json":{"title":"Kaisa \u017digurs vince il concorso francese di arpa - Schweizer Musikzeitung","description":"Kaisa Helena \u017digurs, che studia a Zurigo con Sarah O'Brien, ha vinto il primo premio al 15\u00b0 Concours Fran\u00e7ais de la Harpe di Limoges.","robots":{"index":"index","follow":"follow","max-snippet":"max-snippet:-1","max-image-preview":"max-image-preview:large","max-video-preview":"max-video-preview:-1"},"canonical":"https:\/\/www.musikzeitung.ch\/it\/news\/2026\/02\/kaisa-zigurs-gewinnt-franzoesischen-harfenwettbewerb\/","og_locale":"it_IT","og_type":"article","og_title":"Kaisa \u017digurs gewinnt franz\u00f6sischen Harfenwettbewerb - Schweizer Musikzeitung","og_description":"Kaisa Helena \u017digurs, die in Z\u00fcrich bei Sarah O\u2019Brien studiert, hat in Limoges den ersten Preis des 15. Concours Fran\u00e7ais de la Harpe gewonnen.","og_url":"https:\/\/www.musikzeitung.ch\/it\/news\/2026\/02\/kaisa-zigurs-gewinnt-franzoesischen-harfenwettbewerb\/","og_site_name":"Schweizer Musikzeitung","article_publisher":"https:\/\/www.facebook.com\/SchweizerMusikzeitung\/","article_author":"https:\/\/www.facebook.com\/wolfgang.bohler.75","article_published_time":"2026-02-19T05:41:14+00:00","article_modified_time":"2026-02-19T08:46:10+00:00","og_image":[{"width":1056,"height":705,"url":"https:\/\/www.musikzeitung.ch\/wp-content\/uploads\/2026\/02\/260219harfe.jpg","type":"image\/jpeg"}],"author":"Wolfgang B\u00f6hler","twitter_card":"summary_large_image","twitter_creator":"@smusikzeitung","twitter_site":"@smusikzeitung","twitter_misc":{"Scritto da":"Wolfgang B\u00f6hler","Tempo di lettura stimato":"2 minuti"},"schema":{"@context":"https:\/\/schema.org","@graph":[{"@type":"Article","@id":"https:\/\/www.musikzeitung.ch\/news\/2026\/02\/kaisa-zigurs-gewinnt-franzoesischen-harfenwettbewerb#article","isPartOf":{"@id":"https:\/\/www.musikzeitung.ch\/news\/2026\/02\/kaisa-zigurs-gewinnt-franzoesischen-harfenwettbewerb"},"author":{"name":"Wolfgang B\u00f6hler","@id":"https:\/\/www.musikzeitung.ch\/#\/schema\/person\/0da4fb82d243f1252850a35d0e87cf0c"},"headline":"Kaisa \u017digurs gewinnt franz\u00f6sischen Harfenwettbewerb","datePublished":"2026-02-19T05:41:14+00:00","dateModified":"2026-02-19T08:46:10+00:00","mainEntityOfPage":{"@id":"https:\/\/www.musikzeitung.ch\/news\/2026\/02\/kaisa-zigurs-gewinnt-franzoesischen-harfenwettbewerb"},"wordCount":182,"publisher":{"@id":"https:\/\/www.musikzeitung.ch\/#organization"},"image":{"@id":"https:\/\/www.musikzeitung.ch\/news\/2026\/02\/kaisa-zigurs-gewinnt-franzoesischen-harfenwettbewerb#primaryimage"},"thumbnailUrl":"https:\/\/www.musikzeitung.ch\/wp-content\/uploads\/2026\/02\/260219harfe.jpg","keywords":["Concours Fran\u00e7ais de la Harpe","Kaisa Helena \u017digurs"],"articleSection":["News"],"inLanguage":"it-IT"},{"@type":"WebPage","@id":"https:\/\/www.musikzeitung.ch\/news\/2026\/02\/kaisa-zigurs-gewinnt-franzoesischen-harfenwettbewerb","url":"https:\/\/www.musikzeitung.ch\/news\/2026\/02\/kaisa-zigurs-gewinnt-franzoesischen-harfenwettbewerb","name":"Kaisa \u017digurs vince il concorso francese di arpa - Schweizer Musikzeitung","isPartOf":{"@id":"https:\/\/www.musikzeitung.ch\/#website"},"primaryImageOfPage":{"@id":"https:\/\/www.musikzeitung.ch\/news\/2026\/02\/kaisa-zigurs-gewinnt-franzoesischen-harfenwettbewerb#primaryimage"},"image":{"@id":"https:\/\/www.musikzeitung.ch\/news\/2026\/02\/kaisa-zigurs-gewinnt-franzoesischen-harfenwettbewerb#primaryimage"},"thumbnailUrl":"https:\/\/www.musikzeitung.ch\/wp-content\/uploads\/2026\/02\/260219harfe.jpg","datePublished":"2026-02-19T05:41:14+00:00","dateModified":"2026-02-19T08:46:10+00:00","description":"Kaisa Helena \u017digurs, che studia a Zurigo con Sarah O'Brien, ha vinto il primo premio al 15\u00b0 Concours Fran\u00e7ais de la Harpe di Limoges.","breadcrumb":{"@id":"https:\/\/www.musikzeitung.ch\/news\/2026\/02\/kaisa-zigurs-gewinnt-franzoesischen-harfenwettbewerb#breadcrumb"},"inLanguage":"it-IT","potentialAction":[{"@type":"ReadAction","target":["https:\/\/www.musikzeitung.ch\/news\/2026\/02\/kaisa-zigurs-gewinnt-franzoesischen-harfenwettbewerb"]}]},{"@type":"ImageObject","inLanguage":"it-IT","@id":"https:\/\/www.musikzeitung.ch\/news\/2026\/02\/kaisa-zigurs-gewinnt-franzoesischen-harfenwettbewerb#primaryimage","url":"https:\/\/www.musikzeitung.ch\/wp-content\/uploads\/2026\/02\/260219harfe.jpg","contentUrl":"https:\/\/www.musikzeitung.ch\/wp-content\/uploads\/2026\/02\/260219harfe.jpg","width":1056,"height":705,"caption":"Kaisa \u017digurs (Bild: Kaupo Kikkas)"},{"@type":"BreadcrumbList","@id":"https:\/\/www.musikzeitung.ch\/news\/2026\/02\/kaisa-zigurs-gewinnt-franzoesischen-harfenwettbewerb#breadcrumb","itemListElement":[{"@type":"ListItem","position":1,"name":"Home","item":"https:\/\/www.musikzeitung.ch\/"},{"@type":"ListItem","position":2,"name":"Kaisa \u017digurs gewinnt franz\u00f6sischen Harfenwettbewerb"}]},{"@type":"WebSite","@id":"https:\/\/www.musikzeitung.ch\/#website","url":"https:\/\/www.musikzeitung.ch\/","name":"Giornale musicale svizzero","description":"Il principale mensile interdisciplinare della Svizzera per le questioni musicali.","publisher":{"@id":"https:\/\/www.musikzeitung.ch\/#organization"},"potentialAction":[{"@type":"SearchAction","target":{"@type":"EntryPoint","urlTemplate":"https:\/\/www.musikzeitung.ch\/?s={search_term_string}"},"query-input":{"@type":"PropertyValueSpecification","valueRequired":true,"valueName":"search_term_string"}}],"inLanguage":"it-IT"},{"@type":"Organization","@id":"https:\/\/www.musikzeitung.ch\/#organization","name":"Giornale musicale svizzero","url":"https:\/\/www.musikzeitung.ch\/","logo":{"@type":"ImageObject","inLanguage":"it-IT","@id":"https:\/\/www.musikzeitung.ch\/#\/schema\/logo\/image\/","url":"https:\/\/www.musikzeitung.ch\/wp-content\/uploads\/2023\/01\/SMZ_Schriftzug_Sprache.png","contentUrl":"https:\/\/www.musikzeitung.ch\/wp-content\/uploads\/2023\/01\/SMZ_Schriftzug_Sprache.png","width":1400,"height":279,"caption":"Schweizer Musikzeitung"},"image":{"@id":"https:\/\/www.musikzeitung.ch\/#\/schema\/logo\/image\/"},"sameAs":["https:\/\/www.facebook.com\/SchweizerMusikzeitung\/","https:\/\/x.com\/smusikzeitung","https:\/\/www.instagram.com\/musikzeitung.ch\/"]},{"@type":"Person","@id":"https:\/\/www.musikzeitung.ch\/#\/schema\/person\/0da4fb82d243f1252850a35d0e87cf0c","name":"Wolfgang B\u00f6hler","image":{"@type":"ImageObject","inLanguage":"it-IT","@id":"https:\/\/www.musikzeitung.ch\/wp-content\/uploads\/2023\/01\/boehler_portraet_web-e1674139782246-96x96.jpg","url":"https:\/\/www.musikzeitung.ch\/wp-content\/uploads\/2023\/01\/boehler_portraet_web-e1674139782246-96x96.jpg","contentUrl":"https:\/\/www.musikzeitung.ch\/wp-content\/uploads\/2023\/01\/boehler_portraet_web-e1674139782246-96x96.jpg","caption":"Wolfgang B\u00f6hler"},"sameAs":["http:\/\/www.manacanto.ch","https:\/\/www.facebook.com\/wolfgang.bohler.75"],"url":"https:\/\/www.musikzeitung.ch\/it\/author\/wolfgang-boehler"}]}},"publishpress_future_workflow_manual_trigger":{"enabledWorkflows":[]},"_links":{"self":[{"href":"https:\/\/www.musikzeitung.ch\/it\/wp-json\/wp\/v2\/posts\/71182","targetHints":{"allow":["GET"]}}],"collection":[{"href":"https:\/\/www.musikzeitung.ch\/it\/wp-json\/wp\/v2\/posts"}],"about":[{"href":"https:\/\/www.musikzeitung.ch\/it\/wp-json\/wp\/v2\/types\/post"}],"author":[{"embeddable":true,"href":"https:\/\/www.musikzeitung.ch\/it\/wp-json\/wp\/v2\/users\/30"}],"replies":[{"embeddable":true,"href":"https:\/\/www.musikzeitung.ch\/it\/wp-json\/wp\/v2\/comments?post=71182"}],"version-history":[{"count":4,"href":"https:\/\/www.musikzeitung.ch\/it\/wp-json\/wp\/v2\/posts\/71182\/revisions"}],"predecessor-version":[{"id":71189,"href":"https:\/\/www.musikzeitung.ch\/it\/wp-json\/wp\/v2\/posts\/71182\/revisions\/71189"}],"wp:featuredmedia":[{"embeddable":true,"href":"https:\/\/www.musikzeitung.ch\/it\/wp-json\/wp\/v2\/media\/71183"}],"wp:attachment":[{"href":"https:\/\/www.musikzeitung.ch\/it\/wp-json\/wp\/v2\/media?parent=71182"}],"wp:term":[{"taxonomy":"category","embeddable":true,"href":"https:\/\/www.musikzeitung.ch\/it\/wp-json\/wp\/v2\/categories?post=71182"},{"taxonomy":"post_tag","embeddable":true,"href":"https:\/\/www.musikzeitung.ch\/it\/wp-json\/wp\/v2\/tags?post=71182"}],"curies":[{"name":"wp","href":"https:\/\/api.w.org\/{rel}","templated":true}]}}