{"id":71515,"date":"2026-03-06T06:52:04","date_gmt":"2026-03-06T05:52:04","guid":{"rendered":"https:\/\/www.musikzeitung.ch\/?p=71515"},"modified":"2026-03-06T08:40:17","modified_gmt":"2026-03-06T07:40:17","slug":"oesterreich-bekommt-seine-erste-musikstrategie","status":"publish","type":"post","link":"https:\/\/www.musikzeitung.ch\/it\/news\/2026\/03\/oesterreich-bekommt-seine-erste-musikstrategie","title":{"rendered":"L'Austria ha la sua prima strategia musicale"},"content":{"rendered":"<figure id=\"attachment_71516\" aria-describedby=\"caption-attachment-71516\" style=\"width: 768px\" class=\"wp-caption alignnone\"><img loading=\"lazy\" decoding=\"async\" class=\"size-large wp-image-71516\" src=\"https:\/\/www.musikzeitung.ch\/wp-content\/uploads\/2026\/03\/260306oemr-1024x794.jpg\" alt=\"\" width=\"768\" height=\"596\" srcset=\"https:\/\/www.musikzeitung.ch\/wp-content\/uploads\/2026\/03\/260306oemr-1024x794.jpg 1024w, https:\/\/www.musikzeitung.ch\/wp-content\/uploads\/2026\/03\/260306oemr-300x233.jpg 300w, https:\/\/www.musikzeitung.ch\/wp-content\/uploads\/2026\/03\/260306oemr-768x595.jpg 768w, https:\/\/www.musikzeitung.ch\/wp-content\/uploads\/2026\/03\/260306oemr-1536x1190.jpg 1536w, https:\/\/www.musikzeitung.ch\/wp-content\/uploads\/2026\/03\/260306oemr-2048x1587.jpg 2048w, https:\/\/www.musikzeitung.ch\/wp-content\/uploads\/2026\/03\/260306oemr-15x12.jpg 15w, https:\/\/www.musikzeitung.ch\/wp-content\/uploads\/2026\/03\/260306oemr-226x175.jpg 226w, https:\/\/www.musikzeitung.ch\/wp-content\/uploads\/2026\/03\/260306oemr-452x350.jpg 452w, https:\/\/www.musikzeitung.ch\/wp-content\/uploads\/2026\/03\/260306oemr-1032x800.jpg 1032w, https:\/\/www.musikzeitung.ch\/wp-content\/uploads\/2026\/03\/260306oemr-920x713.jpg 920w, https:\/\/www.musikzeitung.ch\/wp-content\/uploads\/2026\/03\/260306oemr-1400x1085.jpg 1400w, https:\/\/www.musikzeitung.ch\/wp-content\/uploads\/2026\/03\/260306oemr.jpg 1290w\" sizes=\"auto, (max-width: 768px) 100vw, 768px\" \/><figcaption id=\"caption-attachment-71516\" class=\"wp-caption-text\">(da sinistra a destra): Eva-Maria Bauer, G\u00fcnther Wildner, Tyma Kraitt, Tatjana Domany, Stefan Hahn, Harald Huber (Foto: Sabine Walter)<\/figcaption><\/figure>\n<p>Il Consiglio musicale austriaco (\u00d6MR) ha ospitato un evento informativo e di discussione sulla \u00abStrategia musicale per l'Austria\u00bb nell'ambito della sua Assemblea generale del 26 febbraio 2026. L'incontro \u00e8 stato preceduto da una riunione di lavoro con le universit\u00e0 musicali austriache, in cui sono stati discussi i temi scottanti della carenza di insegnanti, della formazione degli insegnanti, dei curricula, dei programmi di formazione degli insegnanti e dei piani di riforma dell'insegnamento scolastico.<\/p>\n<p>L'attuale processo per la definizione di una strategia musicale austriaca \u00e8 coordinato dal Ministero federale per gli Alloggi, le Arti, la Cultura, i Media e lo Sport (BMWKMS). Il processo \u00e8 iniziato nell'autunno del 2025 con un'ampia indagine online a cui hanno partecipato 6.000 professionisti della musica. Inoltre, dall'inizio del 2026 si sono svolti cinque workshop con le parti interessate per consolidare e convalidare i risultati del sondaggio.<\/p>\n<p>I temi dei workshop sono stati la formazione, la professionalizzazione e lo sviluppo dei talenti, gli eventi dal vivo, la creazione e la produzione, i media e la visibilit\u00e0 nazionale, nonch\u00e9 la distribuzione e il marketing. \u00c8 in programma un ulteriore workshop su AI e streaming. Verranno inoltre approfonditi temi trasversali come l'inclusione nel settore musicale. La strategia musicale finale sar\u00e0 presentata nell'autunno del 2026.<\/p>","protected":false},"excerpt":{"rendered":"<p>Ora che il Consiglio nazionale austriaco ha approvato lo sviluppo di una strategia musicale nazionale, sono stati compiuti i primi passi. <\/p>","protected":false},"author":30,"featured_media":71516,"comment_status":"closed","ping_status":"closed","sticky":false,"template":"","format":"standard","meta":{"_acf_changed":false,"_relevanssi_hide_post":"","_relevanssi_hide_content":"","_relevanssi_pin_for_all":"","_relevanssi_pin_keywords":"","_relevanssi_unpin_keywords":"","_relevanssi_related_keywords":"","_relevanssi_related_include_ids":"","_relevanssi_related_exclude_ids":"","_relevanssi_related_no_append":"","_relevanssi_related_not_related":"","_relevanssi_related_posts":"","_relevanssi_noindex_reason":"","pgc_sgb_lightbox_settings":"","footnotes":""},"categories":[27],"tags":[5537,3553],"class_list":["post-71515","post","type-post","status-publish","format-standard","has-post-thumbnail","hentry","category-news","tag-musikstrategie","tag-oesterreichischer-musikrat"],"acf":[],"yoast_head":"<!-- This site is optimized with the Yoast SEO plugin v27.4 - https:\/\/yoast.com\/product\/yoast-seo-wordpress\/ -->\n<title>\u00d6sterreich bekommt seine erste Musikstrategie - Schweizer Musikzeitung<\/title>\n<meta name=\"description\" content=\"Nachdem der \u00f6sterreichische Nationalrat der Entwicklung einer nationalen Musikstrategie zugestimmt hat, sind erste Schritte dazu eingeleitet worden.\" \/>\n<meta name=\"robots\" content=\"index, follow, max-snippet:-1, max-image-preview:large, max-video-preview:-1\" \/>\n<link rel=\"canonical\" href=\"https:\/\/www.musikzeitung.ch\/it\/news\/2026\/03\/oesterreich-bekommt-seine-erste-musikstrategie\/\" \/>\n<meta property=\"og:locale\" content=\"it_IT\" \/>\n<meta property=\"og:type\" content=\"article\" \/>\n<meta property=\"og:title\" content=\"\u00d6sterreich bekommt seine erste Musikstrategie - Schweizer Musikzeitung\" \/>\n<meta property=\"og:description\" content=\"Nachdem der \u00f6sterreichische Nationalrat der Entwicklung einer nationalen Musikstrategie zugestimmt hat, sind erste Schritte dazu eingeleitet worden.\" \/>\n<meta property=\"og:url\" content=\"https:\/\/www.musikzeitung.ch\/it\/news\/2026\/03\/oesterreich-bekommt-seine-erste-musikstrategie\/\" \/>\n<meta property=\"og:site_name\" content=\"Schweizer Musikzeitung\" \/>\n<meta property=\"article:publisher\" content=\"https:\/\/www.facebook.com\/SchweizerMusikzeitung\/\" \/>\n<meta property=\"article:author\" content=\"https:\/\/www.facebook.com\/wolfgang.bohler.75\" \/>\n<meta property=\"article:published_time\" content=\"2026-03-06T05:52:04+00:00\" \/>\n<meta property=\"article:modified_time\" content=\"2026-03-06T07:40:17+00:00\" \/>\n<meta property=\"og:image\" content=\"https:\/\/www.musikzeitung.ch\/wp-content\/uploads\/2026\/03\/260306oemr.jpg\" \/>\n\t<meta property=\"og:image:width\" content=\"1290\" \/>\n\t<meta property=\"og:image:height\" content=\"1000\" \/>\n\t<meta property=\"og:image:type\" content=\"image\/jpeg\" \/>\n<meta name=\"author\" content=\"Wolfgang B\u00f6hler\" \/>\n<meta name=\"twitter:card\" content=\"summary_large_image\" \/>\n<meta name=\"twitter:creator\" content=\"@smusikzeitung\" \/>\n<meta name=\"twitter:site\" content=\"@smusikzeitung\" \/>\n<meta name=\"twitter:label1\" content=\"Scritto da\" \/>\n\t<meta name=\"twitter:data1\" content=\"Wolfgang B\u00f6hler\" \/>\n\t<meta name=\"twitter:label2\" content=\"Tempo di lettura stimato\" \/>\n\t<meta name=\"twitter:data2\" content=\"2 minuti\" \/>\n<script type=\"application\/ld+json\" class=\"yoast-schema-graph\">{\"@context\":\"https:\\\/\\\/schema.org\",\"@graph\":[{\"@type\":\"Article\",\"@id\":\"https:\\\/\\\/www.musikzeitung.ch\\\/news\\\/2026\\\/03\\\/oesterreich-bekommt-seine-erste-musikstrategie#article\",\"isPartOf\":{\"@id\":\"https:\\\/\\\/www.musikzeitung.ch\\\/news\\\/2026\\\/03\\\/oesterreich-bekommt-seine-erste-musikstrategie\"},\"author\":{\"name\":\"Wolfgang B\u00f6hler\",\"@id\":\"https:\\\/\\\/www.musikzeitung.ch\\\/#\\\/schema\\\/person\\\/0da4fb82d243f1252850a35d0e87cf0c\"},\"headline\":\"\u00d6sterreich bekommt seine erste Musikstrategie\",\"datePublished\":\"2026-03-06T05:52:04+00:00\",\"dateModified\":\"2026-03-06T07:40:17+00:00\",\"mainEntityOfPage\":{\"@id\":\"https:\\\/\\\/www.musikzeitung.ch\\\/news\\\/2026\\\/03\\\/oesterreich-bekommt-seine-erste-musikstrategie\"},\"wordCount\":203,\"publisher\":{\"@id\":\"https:\\\/\\\/www.musikzeitung.ch\\\/#organization\"},\"image\":{\"@id\":\"https:\\\/\\\/www.musikzeitung.ch\\\/news\\\/2026\\\/03\\\/oesterreich-bekommt-seine-erste-musikstrategie#primaryimage\"},\"thumbnailUrl\":\"https:\\\/\\\/www.musikzeitung.ch\\\/wp-content\\\/uploads\\\/2026\\\/03\\\/260306oemr.jpg\",\"keywords\":[\"Musikstrategie\",\"\u00d6sterreichischer Musikrat\"],\"articleSection\":[\"News\"],\"inLanguage\":\"it-IT\"},{\"@type\":\"WebPage\",\"@id\":\"https:\\\/\\\/www.musikzeitung.ch\\\/news\\\/2026\\\/03\\\/oesterreich-bekommt-seine-erste-musikstrategie\",\"url\":\"https:\\\/\\\/www.musikzeitung.ch\\\/news\\\/2026\\\/03\\\/oesterreich-bekommt-seine-erste-musikstrategie\",\"name\":\"\u00d6sterreich bekommt seine erste Musikstrategie - Schweizer Musikzeitung\",\"isPartOf\":{\"@id\":\"https:\\\/\\\/www.musikzeitung.ch\\\/#website\"},\"primaryImageOfPage\":{\"@id\":\"https:\\\/\\\/www.musikzeitung.ch\\\/news\\\/2026\\\/03\\\/oesterreich-bekommt-seine-erste-musikstrategie#primaryimage\"},\"image\":{\"@id\":\"https:\\\/\\\/www.musikzeitung.ch\\\/news\\\/2026\\\/03\\\/oesterreich-bekommt-seine-erste-musikstrategie#primaryimage\"},\"thumbnailUrl\":\"https:\\\/\\\/www.musikzeitung.ch\\\/wp-content\\\/uploads\\\/2026\\\/03\\\/260306oemr.jpg\",\"datePublished\":\"2026-03-06T05:52:04+00:00\",\"dateModified\":\"2026-03-06T07:40:17+00:00\",\"description\":\"Nachdem der \u00f6sterreichische Nationalrat der Entwicklung einer nationalen Musikstrategie zugestimmt hat, sind erste Schritte dazu eingeleitet worden.\",\"breadcrumb\":{\"@id\":\"https:\\\/\\\/www.musikzeitung.ch\\\/news\\\/2026\\\/03\\\/oesterreich-bekommt-seine-erste-musikstrategie#breadcrumb\"},\"inLanguage\":\"it-IT\",\"potentialAction\":[{\"@type\":\"ReadAction\",\"target\":[\"https:\\\/\\\/www.musikzeitung.ch\\\/news\\\/2026\\\/03\\\/oesterreich-bekommt-seine-erste-musikstrategie\"]}]},{\"@type\":\"ImageObject\",\"inLanguage\":\"it-IT\",\"@id\":\"https:\\\/\\\/www.musikzeitung.ch\\\/news\\\/2026\\\/03\\\/oesterreich-bekommt-seine-erste-musikstrategie#primaryimage\",\"url\":\"https:\\\/\\\/www.musikzeitung.ch\\\/wp-content\\\/uploads\\\/2026\\\/03\\\/260306oemr.jpg\",\"contentUrl\":\"https:\\\/\\\/www.musikzeitung.ch\\\/wp-content\\\/uploads\\\/2026\\\/03\\\/260306oemr.jpg\",\"width\":1290,\"height\":1000,\"caption\":\"(v.l.n.r.): Eva-Maria Bauer, G\u00fcnther Wildner, Tyma Kraitt, Tatjana Domany, Stefan Hahn, Harald Huber (Bild: Sabine Walter)\"},{\"@type\":\"BreadcrumbList\",\"@id\":\"https:\\\/\\\/www.musikzeitung.ch\\\/news\\\/2026\\\/03\\\/oesterreich-bekommt-seine-erste-musikstrategie#breadcrumb\",\"itemListElement\":[{\"@type\":\"ListItem\",\"position\":1,\"name\":\"Home\",\"item\":\"https:\\\/\\\/www.musikzeitung.ch\\\/\"},{\"@type\":\"ListItem\",\"position\":2,\"name\":\"\u00d6sterreich bekommt seine erste Musikstrategie\"}]},{\"@type\":\"WebSite\",\"@id\":\"https:\\\/\\\/www.musikzeitung.ch\\\/#website\",\"url\":\"https:\\\/\\\/www.musikzeitung.ch\\\/\",\"name\":\"Schweizer Musikzeitung\",\"description\":\"Die f\u00fchrende sparten\u00fcbergreifende Monatszeitung in der Schweiz f\u00fcr musikalische Fragen.\",\"publisher\":{\"@id\":\"https:\\\/\\\/www.musikzeitung.ch\\\/#organization\"},\"potentialAction\":[{\"@type\":\"SearchAction\",\"target\":{\"@type\":\"EntryPoint\",\"urlTemplate\":\"https:\\\/\\\/www.musikzeitung.ch\\\/?s={search_term_string}\"},\"query-input\":{\"@type\":\"PropertyValueSpecification\",\"valueRequired\":true,\"valueName\":\"search_term_string\"}}],\"inLanguage\":\"it-IT\"},{\"@type\":\"Organization\",\"@id\":\"https:\\\/\\\/www.musikzeitung.ch\\\/#organization\",\"name\":\"Schweizer Musikzeitung\",\"url\":\"https:\\\/\\\/www.musikzeitung.ch\\\/\",\"logo\":{\"@type\":\"ImageObject\",\"inLanguage\":\"it-IT\",\"@id\":\"https:\\\/\\\/www.musikzeitung.ch\\\/#\\\/schema\\\/logo\\\/image\\\/\",\"url\":\"https:\\\/\\\/www.musikzeitung.ch\\\/wp-content\\\/uploads\\\/2023\\\/01\\\/SMZ_Schriftzug_Sprache.png\",\"contentUrl\":\"https:\\\/\\\/www.musikzeitung.ch\\\/wp-content\\\/uploads\\\/2023\\\/01\\\/SMZ_Schriftzug_Sprache.png\",\"width\":1400,\"height\":279,\"caption\":\"Schweizer Musikzeitung\"},\"image\":{\"@id\":\"https:\\\/\\\/www.musikzeitung.ch\\\/#\\\/schema\\\/logo\\\/image\\\/\"},\"sameAs\":[\"https:\\\/\\\/www.facebook.com\\\/SchweizerMusikzeitung\\\/\",\"https:\\\/\\\/x.com\\\/smusikzeitung\",\"https:\\\/\\\/www.instagram.com\\\/musikzeitung.ch\\\/\"]},{\"@type\":\"Person\",\"@id\":\"https:\\\/\\\/www.musikzeitung.ch\\\/#\\\/schema\\\/person\\\/0da4fb82d243f1252850a35d0e87cf0c\",\"name\":\"Wolfgang B\u00f6hler\",\"image\":{\"@type\":\"ImageObject\",\"inLanguage\":\"it-IT\",\"@id\":\"https:\\\/\\\/www.musikzeitung.ch\\\/wp-content\\\/uploads\\\/2023\\\/01\\\/boehler_portraet_web-e1674139782246-96x96.jpg\",\"url\":\"https:\\\/\\\/www.musikzeitung.ch\\\/wp-content\\\/uploads\\\/2023\\\/01\\\/boehler_portraet_web-e1674139782246-96x96.jpg\",\"contentUrl\":\"https:\\\/\\\/www.musikzeitung.ch\\\/wp-content\\\/uploads\\\/2023\\\/01\\\/boehler_portraet_web-e1674139782246-96x96.jpg\",\"caption\":\"Wolfgang B\u00f6hler\"},\"sameAs\":[\"http:\\\/\\\/www.manacanto.ch\",\"https:\\\/\\\/www.facebook.com\\\/wolfgang.bohler.75\"],\"url\":\"https:\\\/\\\/www.musikzeitung.ch\\\/it\\\/author\\\/wolfgang-boehler\"}]}<\/script>\n<!-- \/ Yoast SEO plugin. -->","yoast_head_json":{"title":"L'Austria ottiene la sua prima strategia musicale - Schweizer Musikzeitung","description":"Ora che il Consiglio nazionale austriaco ha approvato lo sviluppo di una strategia musicale nazionale, sono stati compiuti i primi passi.","robots":{"index":"index","follow":"follow","max-snippet":"max-snippet:-1","max-image-preview":"max-image-preview:large","max-video-preview":"max-video-preview:-1"},"canonical":"https:\/\/www.musikzeitung.ch\/it\/news\/2026\/03\/oesterreich-bekommt-seine-erste-musikstrategie\/","og_locale":"it_IT","og_type":"article","og_title":"\u00d6sterreich bekommt seine erste Musikstrategie - Schweizer Musikzeitung","og_description":"Nachdem der \u00f6sterreichische Nationalrat der Entwicklung einer nationalen Musikstrategie zugestimmt hat, sind erste Schritte dazu eingeleitet worden.","og_url":"https:\/\/www.musikzeitung.ch\/it\/news\/2026\/03\/oesterreich-bekommt-seine-erste-musikstrategie\/","og_site_name":"Schweizer Musikzeitung","article_publisher":"https:\/\/www.facebook.com\/SchweizerMusikzeitung\/","article_author":"https:\/\/www.facebook.com\/wolfgang.bohler.75","article_published_time":"2026-03-06T05:52:04+00:00","article_modified_time":"2026-03-06T07:40:17+00:00","og_image":[{"width":1290,"height":1000,"url":"https:\/\/www.musikzeitung.ch\/wp-content\/uploads\/2026\/03\/260306oemr.jpg","type":"image\/jpeg"}],"author":"Wolfgang B\u00f6hler","twitter_card":"summary_large_image","twitter_creator":"@smusikzeitung","twitter_site":"@smusikzeitung","twitter_misc":{"Scritto da":"Wolfgang B\u00f6hler","Tempo di lettura stimato":"2 minuti"},"schema":{"@context":"https:\/\/schema.org","@graph":[{"@type":"Article","@id":"https:\/\/www.musikzeitung.ch\/news\/2026\/03\/oesterreich-bekommt-seine-erste-musikstrategie#article","isPartOf":{"@id":"https:\/\/www.musikzeitung.ch\/news\/2026\/03\/oesterreich-bekommt-seine-erste-musikstrategie"},"author":{"name":"Wolfgang B\u00f6hler","@id":"https:\/\/www.musikzeitung.ch\/#\/schema\/person\/0da4fb82d243f1252850a35d0e87cf0c"},"headline":"\u00d6sterreich bekommt seine erste Musikstrategie","datePublished":"2026-03-06T05:52:04+00:00","dateModified":"2026-03-06T07:40:17+00:00","mainEntityOfPage":{"@id":"https:\/\/www.musikzeitung.ch\/news\/2026\/03\/oesterreich-bekommt-seine-erste-musikstrategie"},"wordCount":203,"publisher":{"@id":"https:\/\/www.musikzeitung.ch\/#organization"},"image":{"@id":"https:\/\/www.musikzeitung.ch\/news\/2026\/03\/oesterreich-bekommt-seine-erste-musikstrategie#primaryimage"},"thumbnailUrl":"https:\/\/www.musikzeitung.ch\/wp-content\/uploads\/2026\/03\/260306oemr.jpg","keywords":["Musikstrategie","\u00d6sterreichischer Musikrat"],"articleSection":["News"],"inLanguage":"it-IT"},{"@type":"WebPage","@id":"https:\/\/www.musikzeitung.ch\/news\/2026\/03\/oesterreich-bekommt-seine-erste-musikstrategie","url":"https:\/\/www.musikzeitung.ch\/news\/2026\/03\/oesterreich-bekommt-seine-erste-musikstrategie","name":"L'Austria ottiene la sua prima strategia musicale - Schweizer Musikzeitung","isPartOf":{"@id":"https:\/\/www.musikzeitung.ch\/#website"},"primaryImageOfPage":{"@id":"https:\/\/www.musikzeitung.ch\/news\/2026\/03\/oesterreich-bekommt-seine-erste-musikstrategie#primaryimage"},"image":{"@id":"https:\/\/www.musikzeitung.ch\/news\/2026\/03\/oesterreich-bekommt-seine-erste-musikstrategie#primaryimage"},"thumbnailUrl":"https:\/\/www.musikzeitung.ch\/wp-content\/uploads\/2026\/03\/260306oemr.jpg","datePublished":"2026-03-06T05:52:04+00:00","dateModified":"2026-03-06T07:40:17+00:00","description":"Ora che il Consiglio nazionale austriaco ha approvato lo sviluppo di una strategia musicale nazionale, sono stati compiuti i primi passi.","breadcrumb":{"@id":"https:\/\/www.musikzeitung.ch\/news\/2026\/03\/oesterreich-bekommt-seine-erste-musikstrategie#breadcrumb"},"inLanguage":"it-IT","potentialAction":[{"@type":"ReadAction","target":["https:\/\/www.musikzeitung.ch\/news\/2026\/03\/oesterreich-bekommt-seine-erste-musikstrategie"]}]},{"@type":"ImageObject","inLanguage":"it-IT","@id":"https:\/\/www.musikzeitung.ch\/news\/2026\/03\/oesterreich-bekommt-seine-erste-musikstrategie#primaryimage","url":"https:\/\/www.musikzeitung.ch\/wp-content\/uploads\/2026\/03\/260306oemr.jpg","contentUrl":"https:\/\/www.musikzeitung.ch\/wp-content\/uploads\/2026\/03\/260306oemr.jpg","width":1290,"height":1000,"caption":"(v.l.n.r.): Eva-Maria Bauer, G\u00fcnther Wildner, Tyma Kraitt, Tatjana Domany, Stefan Hahn, Harald Huber (Bild: Sabine Walter)"},{"@type":"BreadcrumbList","@id":"https:\/\/www.musikzeitung.ch\/news\/2026\/03\/oesterreich-bekommt-seine-erste-musikstrategie#breadcrumb","itemListElement":[{"@type":"ListItem","position":1,"name":"Home","item":"https:\/\/www.musikzeitung.ch\/"},{"@type":"ListItem","position":2,"name":"\u00d6sterreich bekommt seine erste Musikstrategie"}]},{"@type":"WebSite","@id":"https:\/\/www.musikzeitung.ch\/#website","url":"https:\/\/www.musikzeitung.ch\/","name":"Giornale musicale svizzero","description":"Il principale mensile interdisciplinare della Svizzera per le questioni musicali.","publisher":{"@id":"https:\/\/www.musikzeitung.ch\/#organization"},"potentialAction":[{"@type":"SearchAction","target":{"@type":"EntryPoint","urlTemplate":"https:\/\/www.musikzeitung.ch\/?s={search_term_string}"},"query-input":{"@type":"PropertyValueSpecification","valueRequired":true,"valueName":"search_term_string"}}],"inLanguage":"it-IT"},{"@type":"Organization","@id":"https:\/\/www.musikzeitung.ch\/#organization","name":"Giornale musicale svizzero","url":"https:\/\/www.musikzeitung.ch\/","logo":{"@type":"ImageObject","inLanguage":"it-IT","@id":"https:\/\/www.musikzeitung.ch\/#\/schema\/logo\/image\/","url":"https:\/\/www.musikzeitung.ch\/wp-content\/uploads\/2023\/01\/SMZ_Schriftzug_Sprache.png","contentUrl":"https:\/\/www.musikzeitung.ch\/wp-content\/uploads\/2023\/01\/SMZ_Schriftzug_Sprache.png","width":1400,"height":279,"caption":"Schweizer Musikzeitung"},"image":{"@id":"https:\/\/www.musikzeitung.ch\/#\/schema\/logo\/image\/"},"sameAs":["https:\/\/www.facebook.com\/SchweizerMusikzeitung\/","https:\/\/x.com\/smusikzeitung","https:\/\/www.instagram.com\/musikzeitung.ch\/"]},{"@type":"Person","@id":"https:\/\/www.musikzeitung.ch\/#\/schema\/person\/0da4fb82d243f1252850a35d0e87cf0c","name":"Wolfgang B\u00f6hler","image":{"@type":"ImageObject","inLanguage":"it-IT","@id":"https:\/\/www.musikzeitung.ch\/wp-content\/uploads\/2023\/01\/boehler_portraet_web-e1674139782246-96x96.jpg","url":"https:\/\/www.musikzeitung.ch\/wp-content\/uploads\/2023\/01\/boehler_portraet_web-e1674139782246-96x96.jpg","contentUrl":"https:\/\/www.musikzeitung.ch\/wp-content\/uploads\/2023\/01\/boehler_portraet_web-e1674139782246-96x96.jpg","caption":"Wolfgang B\u00f6hler"},"sameAs":["http:\/\/www.manacanto.ch","https:\/\/www.facebook.com\/wolfgang.bohler.75"],"url":"https:\/\/www.musikzeitung.ch\/it\/author\/wolfgang-boehler"}]}},"publishpress_future_workflow_manual_trigger":{"enabledWorkflows":[]},"_links":{"self":[{"href":"https:\/\/www.musikzeitung.ch\/it\/wp-json\/wp\/v2\/posts\/71515","targetHints":{"allow":["GET"]}}],"collection":[{"href":"https:\/\/www.musikzeitung.ch\/it\/wp-json\/wp\/v2\/posts"}],"about":[{"href":"https:\/\/www.musikzeitung.ch\/it\/wp-json\/wp\/v2\/types\/post"}],"author":[{"embeddable":true,"href":"https:\/\/www.musikzeitung.ch\/it\/wp-json\/wp\/v2\/users\/30"}],"replies":[{"embeddable":true,"href":"https:\/\/www.musikzeitung.ch\/it\/wp-json\/wp\/v2\/comments?post=71515"}],"version-history":[{"count":7,"href":"https:\/\/www.musikzeitung.ch\/it\/wp-json\/wp\/v2\/posts\/71515\/revisions"}],"predecessor-version":[{"id":71526,"href":"https:\/\/www.musikzeitung.ch\/it\/wp-json\/wp\/v2\/posts\/71515\/revisions\/71526"}],"wp:featuredmedia":[{"embeddable":true,"href":"https:\/\/www.musikzeitung.ch\/it\/wp-json\/wp\/v2\/media\/71516"}],"wp:attachment":[{"href":"https:\/\/www.musikzeitung.ch\/it\/wp-json\/wp\/v2\/media?parent=71515"}],"wp:term":[{"taxonomy":"category","embeddable":true,"href":"https:\/\/www.musikzeitung.ch\/it\/wp-json\/wp\/v2\/categories?post=71515"},{"taxonomy":"post_tag","embeddable":true,"href":"https:\/\/www.musikzeitung.ch\/it\/wp-json\/wp\/v2\/tags?post=71515"}],"curies":[{"name":"wp","href":"https:\/\/api.w.org\/{rel}","templated":true}]}}