{"id":7173,"date":"2018-02-22T00:00:00","date_gmt":"2018-02-21T23:00:00","guid":{"rendered":"https:\/\/www.musikzeitung.ch\/allgemein\/eine-kleine-alpensinfonie\/"},"modified":"2024-12-19T15:22:36","modified_gmt":"2024-12-19T14:22:36","slug":"eine-kleine-alpensinfonie","status":"publish","type":"post","link":"https:\/\/www.musikzeitung.ch\/it\/rezensionen\/noten-rezensionen\/2018\/02\/eine-kleine-alpensinfonie","title":{"rendered":"Una \"piccola sinfonia alpina"},"content":{"rendered":"<figure style=\"width: 554px\" class=\"wp-caption alignnone\"><img loading=\"lazy\" decoding=\"async\" src=\"https:\/\/www.musikzeitung.ch\/wp-content\/uploads\/2023\/01\/Schuetter.jpg\" alt=\"\" width=\"554\" height=\"389\" \/><figcaption class=\"wp-caption-text\">Foto: Societ\u00e0 Meinrad Sch\u00fctter<\/figcaption><\/figure>\n<div class=\"text-section\">\n<p>Meinrad Sch\u00fctter (1910-2006) \u00e8 stato uno dei compositori svizzeri pi\u00f9 anticonvenzionali ed \u00e8 rimasto un outsider per tutta la vita. Nato a Coira, studi\u00f2 al Conservatorio di Zurigo e successivamente con Willy Burkhard e Paul Hindemith. Come compositore, tuttavia, Meinrad Sch\u00fctter rimase in gran parte autodidatta.<\/p>\n<p>Basandosi sui suoi primi modelli di riferimento Othmar Schoeck, Igor Stravinsky e Paul Hindemith, ha esplorato le tecniche di fila sotto l'influenza di Luigi Dallapiccola e ha trovato il proprio linguaggio tonale attraverso le tendenze neoclassiche, che non possono essere categorizzate in una direzione particolare. Per trent'anni Meinrad Sch\u00fctter ha lavorato al Teatro dell'Opera di Zurigo come accompagnatore di balletti e direttore delle luci. Come compositore, ha lasciato un'ampia opera di composizioni orchestrali, musica da camera, canzoni e opere corali, nonch\u00e9 l'opera <em>Medea<\/em>. Per saperne di pi\u00f9 su di lui e sul suo lavoro, si pu\u00f2 visitare il sito web <a href=\"http:\/\/www.meinrad-schuetter.ch\/\">meinrad-schuetter.ch<\/a>gestito e continuamente aggiornato dalla Meinrad-Sch\u00fctter-Gesellschaft, fondata nel 2002.<\/p>\n<p>Il <em>Suite Gommer <\/em>(Dix miniatures valaisannes) per flauto, violino e viola \u00e8 stato commissionato dal Trio Diletto Musicale di Bonn nel 1999 ed eseguito in prima assoluta nella piccola chiesa barocca di Niederwald nell'ambito del Festival di musica serale di Goms. Meinrad Sch\u00fctter amava il Goms, dove trascorreva spesso le sue vacanze e faceva escursioni fino alla vecchiaia.<\/p>\n<p>Le dieci miniature del <em>Suite Gommer <\/em>- Il compositore le chiamava scherzosamente la sua \"piccola sinfonia alpina\" - sono scritte in un linguaggio tonale aspro, colorato e trasparente. Si tratta di un lirismo naturale che ripercorre il paesaggio alpino, composto in movimenti rigorosi o in canoni finemente strutturati e rilassati, con brevi citazioni di musica sacra: <em>Un castello forte<\/em> e <em>Adeste fideles.<\/em> Non manca nemmeno l'umorismo che appartiene a Sch\u00fctter: nel valzer finale, il compositore si \u00e8 ispirato a un vecchio gattino!<\/p>\n<p>Per la sua durata (circa dieci minuti) e il livello di difficolt\u00e0, questo lavoro \u00e8 adatto anche a dilettanti avanzati interessati. A differenza di altre composizioni di Meinrad Sch\u00fctter, i brevi e variegati brani di carattere sono di facile comprensione anche per gli ascoltatori meno esperti.<\/p>\n<p>L'edizione pubblicata da Berner Musikverlag M\u00fcller &amp; Schade offre partitura e parti senza arrangiamento strumentale. Data la brevit\u00e0 dei movimenti, la partitura pu\u00f2 essere arrangiata come spartito con qualche piccolo accorgimento.<\/p>\n<\/div>\n<div class=\"text-section\">\n<dl class=\"picture media photo\">\n<dt><img decoding=\"async\" class=\"media photo aligncenter\" src=\"https:\/\/www.musikzeitung.ch\/wp-content\/uploads\/2023\/01\/03_crit_note_Kammermusik.jpg\" alt=\"Image \" \/><\/dt>\n<\/dl>\n<\/div>\n<div class=\"text-section\">\n<p><em>Meinrad Sch\u00fctter: Gommer Suite, Dix miniatures valaisannes per flauto, violino e viola, M&amp;S 2354, fr. 28.00, M\u00fcller &amp; Schade, Berna 2016<\/em><\/p>\n<\/div>","protected":false},"excerpt":{"rendered":"<p><strong>\"Dix miniatures valaisannes\" \u00e8 il sottotitolo di quest'opera di musica da camera. \u00c8 stata eseguita per la prima volta nel 1999. <\/strong><\/p>","protected":false},"author":1,"featured_media":7174,"comment_status":"closed","ping_status":"closed","sticky":false,"template":"","format":"standard","meta":{"_acf_changed":false,"_relevanssi_hide_post":"","_relevanssi_hide_content":"","_relevanssi_pin_for_all":"","_relevanssi_pin_keywords":"","_relevanssi_unpin_keywords":"","_relevanssi_related_keywords":"","_relevanssi_related_include_ids":"","_relevanssi_related_exclude_ids":"","_relevanssi_related_no_append":"","_relevanssi_related_not_related":"","_relevanssi_related_posts":"","_relevanssi_noindex_reason":"","pgc_sgb_lightbox_settings":"","footnotes":""},"categories":[1316,29],"tags":[4633],"class_list":["post-7173","post","type-post","status-publish","format-standard","has-post-thumbnail","hentry","category-noten-rezensionen","category-rezensionen","tag-meinrad-schuetter"],"acf":[],"yoast_head":"<!-- This site is optimized with the Yoast SEO plugin v27.4 - https:\/\/yoast.com\/product\/yoast-seo-wordpress\/ -->\n<title>Eine \u00abkleine Alpensinfonie\u00bb - Schweizer Musikzeitung<\/title>\n<meta name=\"description\" content=\"\u00abDix miniatures valaisannes\u00bb lautet der Untertitel dieses Kammermusikwerks. Es wurde 1999 uraufgef\u00fchrt.\" \/>\n<meta name=\"robots\" content=\"index, follow, max-snippet:-1, max-image-preview:large, max-video-preview:-1\" \/>\n<link rel=\"canonical\" href=\"https:\/\/www.musikzeitung.ch\/it\/rezensionen\/noten-rezensionen\/2018\/02\/eine-kleine-alpensinfonie\/\" \/>\n<meta property=\"og:locale\" content=\"it_IT\" \/>\n<meta property=\"og:type\" content=\"article\" \/>\n<meta property=\"og:title\" content=\"Eine \u00abkleine Alpensinfonie\u00bb - Schweizer Musikzeitung\" \/>\n<meta property=\"og:description\" content=\"\u00abDix miniatures valaisannes\u00bb lautet der Untertitel dieses Kammermusikwerks. Es wurde 1999 uraufgef\u00fchrt.\" \/>\n<meta property=\"og:url\" content=\"https:\/\/www.musikzeitung.ch\/it\/rezensionen\/noten-rezensionen\/2018\/02\/eine-kleine-alpensinfonie\/\" \/>\n<meta property=\"og:site_name\" content=\"Schweizer Musikzeitung\" \/>\n<meta property=\"article:publisher\" content=\"https:\/\/www.facebook.com\/SchweizerMusikzeitung\/\" \/>\n<meta property=\"article:published_time\" content=\"2018-02-21T23:00:00+00:00\" \/>\n<meta property=\"article:modified_time\" content=\"2024-12-19T14:22:36+00:00\" \/>\n<meta property=\"og:image\" content=\"https:\/\/www.musikzeitung.ch\/wp-content\/uploads\/2023\/01\/Schuetter.jpg\" \/>\n\t<meta property=\"og:image:width\" content=\"554\" \/>\n\t<meta property=\"og:image:height\" content=\"389\" \/>\n\t<meta property=\"og:image:type\" content=\"image\/jpeg\" \/>\n<meta name=\"author\" content=\"Musikzeitung-Redaktion\" \/>\n<meta name=\"twitter:card\" content=\"summary_large_image\" \/>\n<meta name=\"twitter:creator\" content=\"@smusikzeitung\" \/>\n<meta name=\"twitter:site\" content=\"@smusikzeitung\" \/>\n<meta name=\"twitter:label1\" content=\"Scritto da\" \/>\n\t<meta name=\"twitter:data1\" content=\"Musikzeitung-Redaktion\" \/>\n\t<meta name=\"twitter:label2\" content=\"Tempo di lettura stimato\" \/>\n\t<meta name=\"twitter:data2\" content=\"3 minuti\" \/>\n<script type=\"application\/ld+json\" class=\"yoast-schema-graph\">{\"@context\":\"https:\\\/\\\/schema.org\",\"@graph\":[{\"@type\":\"Article\",\"@id\":\"https:\\\/\\\/www.musikzeitung.ch\\\/rezensionen\\\/noten-rezensionen\\\/2018\\\/02\\\/eine-kleine-alpensinfonie#article\",\"isPartOf\":{\"@id\":\"https:\\\/\\\/www.musikzeitung.ch\\\/rezensionen\\\/noten-rezensionen\\\/2018\\\/02\\\/eine-kleine-alpensinfonie\"},\"author\":{\"name\":\"Musikzeitung-Redaktion\",\"@id\":\"https:\\\/\\\/www.musikzeitung.ch\\\/#\\\/schema\\\/person\\\/b2fd892c800856270b9dcc6001265712\"},\"headline\":\"Eine \u00abkleine Alpensinfonie\u00bb\",\"datePublished\":\"2018-02-21T23:00:00+00:00\",\"dateModified\":\"2024-12-19T14:22:36+00:00\",\"mainEntityOfPage\":{\"@id\":\"https:\\\/\\\/www.musikzeitung.ch\\\/rezensionen\\\/noten-rezensionen\\\/2018\\\/02\\\/eine-kleine-alpensinfonie\"},\"wordCount\":389,\"publisher\":{\"@id\":\"https:\\\/\\\/www.musikzeitung.ch\\\/#organization\"},\"image\":{\"@id\":\"https:\\\/\\\/www.musikzeitung.ch\\\/rezensionen\\\/noten-rezensionen\\\/2018\\\/02\\\/eine-kleine-alpensinfonie#primaryimage\"},\"thumbnailUrl\":\"https:\\\/\\\/www.musikzeitung.ch\\\/wp-content\\\/uploads\\\/2023\\\/01\\\/Schuetter.jpg\",\"keywords\":[\"Meinrad Sch\u00fctter\"],\"articleSection\":[\"Noten\",\"Rezensionen\"],\"inLanguage\":\"it-IT\"},{\"@type\":\"WebPage\",\"@id\":\"https:\\\/\\\/www.musikzeitung.ch\\\/rezensionen\\\/noten-rezensionen\\\/2018\\\/02\\\/eine-kleine-alpensinfonie\",\"url\":\"https:\\\/\\\/www.musikzeitung.ch\\\/rezensionen\\\/noten-rezensionen\\\/2018\\\/02\\\/eine-kleine-alpensinfonie\",\"name\":\"Eine \u00abkleine Alpensinfonie\u00bb - Schweizer Musikzeitung\",\"isPartOf\":{\"@id\":\"https:\\\/\\\/www.musikzeitung.ch\\\/#website\"},\"primaryImageOfPage\":{\"@id\":\"https:\\\/\\\/www.musikzeitung.ch\\\/rezensionen\\\/noten-rezensionen\\\/2018\\\/02\\\/eine-kleine-alpensinfonie#primaryimage\"},\"image\":{\"@id\":\"https:\\\/\\\/www.musikzeitung.ch\\\/rezensionen\\\/noten-rezensionen\\\/2018\\\/02\\\/eine-kleine-alpensinfonie#primaryimage\"},\"thumbnailUrl\":\"https:\\\/\\\/www.musikzeitung.ch\\\/wp-content\\\/uploads\\\/2023\\\/01\\\/Schuetter.jpg\",\"datePublished\":\"2018-02-21T23:00:00+00:00\",\"dateModified\":\"2024-12-19T14:22:36+00:00\",\"description\":\"\u00abDix miniatures valaisannes\u00bb lautet der Untertitel dieses Kammermusikwerks. Es wurde 1999 uraufgef\u00fchrt.\",\"breadcrumb\":{\"@id\":\"https:\\\/\\\/www.musikzeitung.ch\\\/rezensionen\\\/noten-rezensionen\\\/2018\\\/02\\\/eine-kleine-alpensinfonie#breadcrumb\"},\"inLanguage\":\"it-IT\",\"potentialAction\":[{\"@type\":\"ReadAction\",\"target\":[\"https:\\\/\\\/www.musikzeitung.ch\\\/rezensionen\\\/noten-rezensionen\\\/2018\\\/02\\\/eine-kleine-alpensinfonie\"]}]},{\"@type\":\"ImageObject\",\"inLanguage\":\"it-IT\",\"@id\":\"https:\\\/\\\/www.musikzeitung.ch\\\/rezensionen\\\/noten-rezensionen\\\/2018\\\/02\\\/eine-kleine-alpensinfonie#primaryimage\",\"url\":\"https:\\\/\\\/www.musikzeitung.ch\\\/wp-content\\\/uploads\\\/2023\\\/01\\\/Schuetter.jpg\",\"contentUrl\":\"https:\\\/\\\/www.musikzeitung.ch\\\/wp-content\\\/uploads\\\/2023\\\/01\\\/Schuetter.jpg\",\"width\":554,\"height\":389},{\"@type\":\"BreadcrumbList\",\"@id\":\"https:\\\/\\\/www.musikzeitung.ch\\\/rezensionen\\\/noten-rezensionen\\\/2018\\\/02\\\/eine-kleine-alpensinfonie#breadcrumb\",\"itemListElement\":[{\"@type\":\"ListItem\",\"position\":1,\"name\":\"Home\",\"item\":\"https:\\\/\\\/www.musikzeitung.ch\\\/\"},{\"@type\":\"ListItem\",\"position\":2,\"name\":\"Eine \u00abkleine Alpensinfonie\u00bb\"}]},{\"@type\":\"WebSite\",\"@id\":\"https:\\\/\\\/www.musikzeitung.ch\\\/#website\",\"url\":\"https:\\\/\\\/www.musikzeitung.ch\\\/\",\"name\":\"Schweizer Musikzeitung\",\"description\":\"Die f\u00fchrende sparten\u00fcbergreifende Monatszeitung in der Schweiz f\u00fcr musikalische Fragen.\",\"publisher\":{\"@id\":\"https:\\\/\\\/www.musikzeitung.ch\\\/#organization\"},\"potentialAction\":[{\"@type\":\"SearchAction\",\"target\":{\"@type\":\"EntryPoint\",\"urlTemplate\":\"https:\\\/\\\/www.musikzeitung.ch\\\/?s={search_term_string}\"},\"query-input\":{\"@type\":\"PropertyValueSpecification\",\"valueRequired\":true,\"valueName\":\"search_term_string\"}}],\"inLanguage\":\"it-IT\"},{\"@type\":\"Organization\",\"@id\":\"https:\\\/\\\/www.musikzeitung.ch\\\/#organization\",\"name\":\"Schweizer Musikzeitung\",\"url\":\"https:\\\/\\\/www.musikzeitung.ch\\\/\",\"logo\":{\"@type\":\"ImageObject\",\"inLanguage\":\"it-IT\",\"@id\":\"https:\\\/\\\/www.musikzeitung.ch\\\/#\\\/schema\\\/logo\\\/image\\\/\",\"url\":\"https:\\\/\\\/www.musikzeitung.ch\\\/wp-content\\\/uploads\\\/2023\\\/01\\\/SMZ_Schriftzug_Sprache.png\",\"contentUrl\":\"https:\\\/\\\/www.musikzeitung.ch\\\/wp-content\\\/uploads\\\/2023\\\/01\\\/SMZ_Schriftzug_Sprache.png\",\"width\":1400,\"height\":279,\"caption\":\"Schweizer Musikzeitung\"},\"image\":{\"@id\":\"https:\\\/\\\/www.musikzeitung.ch\\\/#\\\/schema\\\/logo\\\/image\\\/\"},\"sameAs\":[\"https:\\\/\\\/www.facebook.com\\\/SchweizerMusikzeitung\\\/\",\"https:\\\/\\\/x.com\\\/smusikzeitung\",\"https:\\\/\\\/www.instagram.com\\\/musikzeitung.ch\\\/\"]},{\"@type\":\"Person\",\"@id\":\"https:\\\/\\\/www.musikzeitung.ch\\\/#\\\/schema\\\/person\\\/b2fd892c800856270b9dcc6001265712\",\"name\":\"Musikzeitung-Redaktion\",\"image\":{\"@type\":\"ImageObject\",\"inLanguage\":\"it-IT\",\"@id\":\"https:\\\/\\\/www.musikzeitung.ch\\\/wp-content\\\/uploads\\\/2022\\\/05\\\/usericon_musikzeitung-96x96.jpg\",\"url\":\"https:\\\/\\\/www.musikzeitung.ch\\\/wp-content\\\/uploads\\\/2022\\\/05\\\/usericon_musikzeitung-96x96.jpg\",\"contentUrl\":\"https:\\\/\\\/www.musikzeitung.ch\\\/wp-content\\\/uploads\\\/2022\\\/05\\\/usericon_musikzeitung-96x96.jpg\",\"caption\":\"Musikzeitung-Redaktion\"},\"url\":\"https:\\\/\\\/www.musikzeitung.ch\\\/it\\\/author\\\/admin\"}]}<\/script>\n<!-- \/ Yoast SEO plugin. -->","yoast_head_json":{"title":"Una \u00abpiccola sinfonia alpina\u00bb - Schweizer Musikzeitung","description":"\"Dix miniatures valaisannes\" \u00e8 il sottotitolo di quest'opera di musica da camera. \u00c8 stata eseguita per la prima volta nel 1999.","robots":{"index":"index","follow":"follow","max-snippet":"max-snippet:-1","max-image-preview":"max-image-preview:large","max-video-preview":"max-video-preview:-1"},"canonical":"https:\/\/www.musikzeitung.ch\/it\/rezensionen\/noten-rezensionen\/2018\/02\/eine-kleine-alpensinfonie\/","og_locale":"it_IT","og_type":"article","og_title":"Eine \u00abkleine Alpensinfonie\u00bb - Schweizer Musikzeitung","og_description":"\u00abDix miniatures valaisannes\u00bb lautet der Untertitel dieses Kammermusikwerks. Es wurde 1999 uraufgef\u00fchrt.","og_url":"https:\/\/www.musikzeitung.ch\/it\/rezensionen\/noten-rezensionen\/2018\/02\/eine-kleine-alpensinfonie\/","og_site_name":"Schweizer Musikzeitung","article_publisher":"https:\/\/www.facebook.com\/SchweizerMusikzeitung\/","article_published_time":"2018-02-21T23:00:00+00:00","article_modified_time":"2024-12-19T14:22:36+00:00","og_image":[{"width":554,"height":389,"url":"https:\/\/www.musikzeitung.ch\/wp-content\/uploads\/2023\/01\/Schuetter.jpg","type":"image\/jpeg"}],"author":"Musikzeitung-Redaktion","twitter_card":"summary_large_image","twitter_creator":"@smusikzeitung","twitter_site":"@smusikzeitung","twitter_misc":{"Scritto da":"Musikzeitung-Redaktion","Tempo di lettura stimato":"3 minuti"},"schema":{"@context":"https:\/\/schema.org","@graph":[{"@type":"Article","@id":"https:\/\/www.musikzeitung.ch\/rezensionen\/noten-rezensionen\/2018\/02\/eine-kleine-alpensinfonie#article","isPartOf":{"@id":"https:\/\/www.musikzeitung.ch\/rezensionen\/noten-rezensionen\/2018\/02\/eine-kleine-alpensinfonie"},"author":{"name":"Musikzeitung-Redaktion","@id":"https:\/\/www.musikzeitung.ch\/#\/schema\/person\/b2fd892c800856270b9dcc6001265712"},"headline":"Eine \u00abkleine Alpensinfonie\u00bb","datePublished":"2018-02-21T23:00:00+00:00","dateModified":"2024-12-19T14:22:36+00:00","mainEntityOfPage":{"@id":"https:\/\/www.musikzeitung.ch\/rezensionen\/noten-rezensionen\/2018\/02\/eine-kleine-alpensinfonie"},"wordCount":389,"publisher":{"@id":"https:\/\/www.musikzeitung.ch\/#organization"},"image":{"@id":"https:\/\/www.musikzeitung.ch\/rezensionen\/noten-rezensionen\/2018\/02\/eine-kleine-alpensinfonie#primaryimage"},"thumbnailUrl":"https:\/\/www.musikzeitung.ch\/wp-content\/uploads\/2023\/01\/Schuetter.jpg","keywords":["Meinrad Sch\u00fctter"],"articleSection":["Noten","Rezensionen"],"inLanguage":"it-IT"},{"@type":"WebPage","@id":"https:\/\/www.musikzeitung.ch\/rezensionen\/noten-rezensionen\/2018\/02\/eine-kleine-alpensinfonie","url":"https:\/\/www.musikzeitung.ch\/rezensionen\/noten-rezensionen\/2018\/02\/eine-kleine-alpensinfonie","name":"Una \u00abpiccola sinfonia alpina\u00bb - Schweizer Musikzeitung","isPartOf":{"@id":"https:\/\/www.musikzeitung.ch\/#website"},"primaryImageOfPage":{"@id":"https:\/\/www.musikzeitung.ch\/rezensionen\/noten-rezensionen\/2018\/02\/eine-kleine-alpensinfonie#primaryimage"},"image":{"@id":"https:\/\/www.musikzeitung.ch\/rezensionen\/noten-rezensionen\/2018\/02\/eine-kleine-alpensinfonie#primaryimage"},"thumbnailUrl":"https:\/\/www.musikzeitung.ch\/wp-content\/uploads\/2023\/01\/Schuetter.jpg","datePublished":"2018-02-21T23:00:00+00:00","dateModified":"2024-12-19T14:22:36+00:00","description":"\"Dix miniatures valaisannes\" \u00e8 il sottotitolo di quest'opera di musica da camera. \u00c8 stata eseguita per la prima volta nel 1999.","breadcrumb":{"@id":"https:\/\/www.musikzeitung.ch\/rezensionen\/noten-rezensionen\/2018\/02\/eine-kleine-alpensinfonie#breadcrumb"},"inLanguage":"it-IT","potentialAction":[{"@type":"ReadAction","target":["https:\/\/www.musikzeitung.ch\/rezensionen\/noten-rezensionen\/2018\/02\/eine-kleine-alpensinfonie"]}]},{"@type":"ImageObject","inLanguage":"it-IT","@id":"https:\/\/www.musikzeitung.ch\/rezensionen\/noten-rezensionen\/2018\/02\/eine-kleine-alpensinfonie#primaryimage","url":"https:\/\/www.musikzeitung.ch\/wp-content\/uploads\/2023\/01\/Schuetter.jpg","contentUrl":"https:\/\/www.musikzeitung.ch\/wp-content\/uploads\/2023\/01\/Schuetter.jpg","width":554,"height":389},{"@type":"BreadcrumbList","@id":"https:\/\/www.musikzeitung.ch\/rezensionen\/noten-rezensionen\/2018\/02\/eine-kleine-alpensinfonie#breadcrumb","itemListElement":[{"@type":"ListItem","position":1,"name":"Home","item":"https:\/\/www.musikzeitung.ch\/"},{"@type":"ListItem","position":2,"name":"Eine \u00abkleine Alpensinfonie\u00bb"}]},{"@type":"WebSite","@id":"https:\/\/www.musikzeitung.ch\/#website","url":"https:\/\/www.musikzeitung.ch\/","name":"Giornale musicale svizzero","description":"Il principale mensile interdisciplinare della Svizzera per le questioni musicali.","publisher":{"@id":"https:\/\/www.musikzeitung.ch\/#organization"},"potentialAction":[{"@type":"SearchAction","target":{"@type":"EntryPoint","urlTemplate":"https:\/\/www.musikzeitung.ch\/?s={search_term_string}"},"query-input":{"@type":"PropertyValueSpecification","valueRequired":true,"valueName":"search_term_string"}}],"inLanguage":"it-IT"},{"@type":"Organization","@id":"https:\/\/www.musikzeitung.ch\/#organization","name":"Giornale musicale svizzero","url":"https:\/\/www.musikzeitung.ch\/","logo":{"@type":"ImageObject","inLanguage":"it-IT","@id":"https:\/\/www.musikzeitung.ch\/#\/schema\/logo\/image\/","url":"https:\/\/www.musikzeitung.ch\/wp-content\/uploads\/2023\/01\/SMZ_Schriftzug_Sprache.png","contentUrl":"https:\/\/www.musikzeitung.ch\/wp-content\/uploads\/2023\/01\/SMZ_Schriftzug_Sprache.png","width":1400,"height":279,"caption":"Schweizer Musikzeitung"},"image":{"@id":"https:\/\/www.musikzeitung.ch\/#\/schema\/logo\/image\/"},"sameAs":["https:\/\/www.facebook.com\/SchweizerMusikzeitung\/","https:\/\/x.com\/smusikzeitung","https:\/\/www.instagram.com\/musikzeitung.ch\/"]},{"@type":"Person","@id":"https:\/\/www.musikzeitung.ch\/#\/schema\/person\/b2fd892c800856270b9dcc6001265712","name":"Redazione Musikzeitung","image":{"@type":"ImageObject","inLanguage":"it-IT","@id":"https:\/\/www.musikzeitung.ch\/wp-content\/uploads\/2022\/05\/usericon_musikzeitung-96x96.jpg","url":"https:\/\/www.musikzeitung.ch\/wp-content\/uploads\/2022\/05\/usericon_musikzeitung-96x96.jpg","contentUrl":"https:\/\/www.musikzeitung.ch\/wp-content\/uploads\/2022\/05\/usericon_musikzeitung-96x96.jpg","caption":"Musikzeitung-Redaktion"},"url":"https:\/\/www.musikzeitung.ch\/it\/author\/admin"}]}},"publishpress_future_workflow_manual_trigger":{"enabledWorkflows":[]},"_links":{"self":[{"href":"https:\/\/www.musikzeitung.ch\/it\/wp-json\/wp\/v2\/posts\/7173","targetHints":{"allow":["GET"]}}],"collection":[{"href":"https:\/\/www.musikzeitung.ch\/it\/wp-json\/wp\/v2\/posts"}],"about":[{"href":"https:\/\/www.musikzeitung.ch\/it\/wp-json\/wp\/v2\/types\/post"}],"author":[{"embeddable":true,"href":"https:\/\/www.musikzeitung.ch\/it\/wp-json\/wp\/v2\/users\/1"}],"replies":[{"embeddable":true,"href":"https:\/\/www.musikzeitung.ch\/it\/wp-json\/wp\/v2\/comments?post=7173"}],"version-history":[{"count":1,"href":"https:\/\/www.musikzeitung.ch\/it\/wp-json\/wp\/v2\/posts\/7173\/revisions"}],"predecessor-version":[{"id":57823,"href":"https:\/\/www.musikzeitung.ch\/it\/wp-json\/wp\/v2\/posts\/7173\/revisions\/57823"}],"wp:featuredmedia":[{"embeddable":true,"href":"https:\/\/www.musikzeitung.ch\/it\/wp-json\/wp\/v2\/media\/7174"}],"wp:attachment":[{"href":"https:\/\/www.musikzeitung.ch\/it\/wp-json\/wp\/v2\/media?parent=7173"}],"wp:term":[{"taxonomy":"category","embeddable":true,"href":"https:\/\/www.musikzeitung.ch\/it\/wp-json\/wp\/v2\/categories?post=7173"},{"taxonomy":"post_tag","embeddable":true,"href":"https:\/\/www.musikzeitung.ch\/it\/wp-json\/wp\/v2\/tags?post=7173"}],"curies":[{"name":"wp","href":"https:\/\/api.w.org\/{rel}","templated":true}]}}