{"id":71895,"date":"2026-03-24T09:04:02","date_gmt":"2026-03-24T08:04:02","guid":{"rendered":"https:\/\/www.musikzeitung.ch\/?p=71895"},"modified":"2026-03-24T09:40:26","modified_gmt":"2026-03-24T08:40:26","slug":"konzertsaal-farben-veraendern-die-klangwahrnehmung","status":"publish","type":"post","link":"https:\/\/www.musikzeitung.ch\/it\/news\/2026\/03\/konzertsaal-farben-veraendern-die-klangwahrnehmung","title":{"rendered":"I colori delle sale da concerto cambiano la percezione del suono"},"content":{"rendered":"<figure id=\"attachment_71896\" aria-describedby=\"caption-attachment-71896\" style=\"width: 768px\" class=\"wp-caption alignnone\"><img loading=\"lazy\" decoding=\"async\" class=\"size-large wp-image-71896\" src=\"https:\/\/www.musikzeitung.ch\/wp-content\/uploads\/2026\/03\/260324saalfarben-1024x576.jpg\" alt=\"\" width=\"768\" height=\"432\" srcset=\"https:\/\/www.musikzeitung.ch\/wp-content\/uploads\/2026\/03\/260324saalfarben-1024x576.jpg 1024w, https:\/\/www.musikzeitung.ch\/wp-content\/uploads\/2026\/03\/260324saalfarben-300x169.jpg 300w, https:\/\/www.musikzeitung.ch\/wp-content\/uploads\/2026\/03\/260324saalfarben-768x432.jpg 768w, https:\/\/www.musikzeitung.ch\/wp-content\/uploads\/2026\/03\/260324saalfarben-1536x864.jpg 1536w, https:\/\/www.musikzeitung.ch\/wp-content\/uploads\/2026\/03\/260324saalfarben-18x10.jpg 18w, https:\/\/www.musikzeitung.ch\/wp-content\/uploads\/2026\/03\/260324saalfarben-311x175.jpg 311w, https:\/\/www.musikzeitung.ch\/wp-content\/uploads\/2026\/03\/260324saalfarben-622x350.jpg 622w, https:\/\/www.musikzeitung.ch\/wp-content\/uploads\/2026\/03\/260324saalfarben-1422x800.jpg 1422w, https:\/\/www.musikzeitung.ch\/wp-content\/uploads\/2026\/03\/260324saalfarben-920x518.jpg 920w, https:\/\/www.musikzeitung.ch\/wp-content\/uploads\/2026\/03\/260324saalfarben.jpg 1400w\" sizes=\"auto, (max-width: 768px) 100vw, 768px\" \/><figcaption id=\"caption-attachment-71896\" class=\"wp-caption-text\">Variante di colore nell'impostazione VR (Immagine: Youtube\/TU-Berlin)<\/figcaption><\/figure>\n<p>Lo studio pubblicato sul \u00abJournal of the Acoustical Society of America\u00bb da un team guidato da Stefan Weinzierl del Dipartimento di Comunicazione Audio della TU di Berlino \u00e8 riuscito a dimostrare che il design cromatico di un auditorium modifica in modo misurabile l'impressione acustica della sala, in particolare la percezione del colore del suono.<\/p>\n<p>Lo studio ha analizzato se gli stimoli visivi non solo accompagnano l'esperienza del concerto, ma influenzano anche l'impressione uditiva stessa. A tal fine, i ricercatori hanno utilizzato occhiali VR per collocare i soggetti del test in versioni virtuali della sala da musica da camera della Konzerthaus di Berlino, che differivano in termini di tonalit\u00e0, luminosit\u00e0 e saturazione dei colori. In totale sono stati testati dodici ambienti di colore diversi, nelle tonalit\u00e0 del rosso, del verde e del blu, compresi diversi schemi di colore per i rivestimenti dei sedili e il fondale del palco.<\/p>\n<p>Il design visivo ha avuto un effetto particolarmente chiaro sul colore del suono percepito. I toni blu e verdi pi\u00f9 freddi e saturi tendevano a essere associati a un'impressione di suono pi\u00f9 \u00abfreddo\u00bb. Le sale pi\u00f9 scure con colori meno saturi tendevano a ottenere valutazioni di gradimento pi\u00f9 elevate. Al contrario, il design visivo non ha avuto alcuna influenza sul volume percepito.<\/p>\n<p><strong>Per saperne di pi\u00f9:<\/strong><br \/>\n<a href=\"https:\/\/publishing.aip.org\/publications\/latest-content\/how-the-color-of-a-theater-affects-sound-perception\/\" target=\"_blank\" rel=\"noopener\">https:\/\/publishing.aip.org\/publications\/latest-content\/how-the-color-of-a-theater-affects-sound-perception\/<\/a><\/p>","protected":false},"excerpt":{"rendered":"<p>La combinazione di colori di una sala da concerto influisce sul modo in cui le persone percepiscono la musica pi\u00f9 di quanto si pensasse in precedenza. Lo dimostra un recente studio dell'Universit\u00e0 Tecnica di Berlino.<\/p>","protected":false},"author":30,"featured_media":71896,"comment_status":"closed","ping_status":"closed","sticky":false,"template":"","format":"standard","meta":{"_acf_changed":false,"_relevanssi_hide_post":"","_relevanssi_hide_content":"","_relevanssi_pin_for_all":"","_relevanssi_pin_keywords":"","_relevanssi_unpin_keywords":"","_relevanssi_related_keywords":"","_relevanssi_related_include_ids":"","_relevanssi_related_exclude_ids":"","_relevanssi_related_no_append":"","_relevanssi_related_not_related":"","_relevanssi_related_posts":"","_relevanssi_noindex_reason":"","pgc_sgb_lightbox_settings":"","footnotes":""},"categories":[27],"tags":[5553,5554],"class_list":["post-71895","post","type-post","status-publish","format-standard","has-post-thumbnail","hentry","category-news","tag-konzertsaaldesign","tag-tu-berlin"],"acf":[],"yoast_head":"<!-- This site is optimized with the Yoast SEO plugin v27.4 - https:\/\/yoast.com\/product\/yoast-seo-wordpress\/ -->\n<title>Konzertsaal-Farben ver\u00e4ndern die Klangwahrnehmung - Schweizer Musikzeitung<\/title>\n<meta name=\"description\" content=\"Die Farbgestaltung eines Konzertsaals beeinflusst st\u00e4rker als bislang angenommen, wie Menschen Musik wahrnehmen.\" \/>\n<meta name=\"robots\" content=\"index, follow, max-snippet:-1, max-image-preview:large, max-video-preview:-1\" \/>\n<link rel=\"canonical\" href=\"https:\/\/www.musikzeitung.ch\/it\/news\/2026\/03\/konzertsaal-farben-veraendern-die-klangwahrnehmung\/\" \/>\n<meta property=\"og:locale\" content=\"it_IT\" \/>\n<meta property=\"og:type\" content=\"article\" \/>\n<meta property=\"og:title\" content=\"Konzertsaal-Farben ver\u00e4ndern die Klangwahrnehmung - Schweizer Musikzeitung\" \/>\n<meta property=\"og:description\" content=\"Die Farbgestaltung eines Konzertsaals beeinflusst st\u00e4rker als bislang angenommen, wie Menschen Musik wahrnehmen.\" \/>\n<meta property=\"og:url\" content=\"https:\/\/www.musikzeitung.ch\/it\/news\/2026\/03\/konzertsaal-farben-veraendern-die-klangwahrnehmung\/\" \/>\n<meta property=\"og:site_name\" content=\"Schweizer Musikzeitung\" \/>\n<meta property=\"article:publisher\" content=\"https:\/\/www.facebook.com\/SchweizerMusikzeitung\/\" \/>\n<meta property=\"article:author\" content=\"https:\/\/www.facebook.com\/wolfgang.bohler.75\" \/>\n<meta property=\"article:published_time\" content=\"2026-03-24T08:04:02+00:00\" \/>\n<meta property=\"article:modified_time\" content=\"2026-03-24T08:40:26+00:00\" \/>\n<meta property=\"og:image\" content=\"https:\/\/www.musikzeitung.ch\/wp-content\/uploads\/2026\/03\/260324saalfarben.jpg\" \/>\n\t<meta property=\"og:image:width\" content=\"1400\" \/>\n\t<meta property=\"og:image:height\" content=\"788\" \/>\n\t<meta property=\"og:image:type\" content=\"image\/jpeg\" \/>\n<meta name=\"author\" content=\"Wolfgang B\u00f6hler\" \/>\n<meta name=\"twitter:card\" content=\"summary_large_image\" \/>\n<meta name=\"twitter:creator\" content=\"@smusikzeitung\" \/>\n<meta name=\"twitter:site\" content=\"@smusikzeitung\" \/>\n<meta name=\"twitter:label1\" content=\"Scritto da\" \/>\n\t<meta name=\"twitter:data1\" content=\"Wolfgang B\u00f6hler\" \/>\n\t<meta name=\"twitter:label2\" content=\"Tempo di lettura stimato\" \/>\n\t<meta name=\"twitter:data2\" content=\"2 minuti\" \/>\n<script type=\"application\/ld+json\" class=\"yoast-schema-graph\">{\"@context\":\"https:\\\/\\\/schema.org\",\"@graph\":[{\"@type\":\"Article\",\"@id\":\"https:\\\/\\\/www.musikzeitung.ch\\\/news\\\/2026\\\/03\\\/konzertsaal-farben-veraendern-die-klangwahrnehmung#article\",\"isPartOf\":{\"@id\":\"https:\\\/\\\/www.musikzeitung.ch\\\/news\\\/2026\\\/03\\\/konzertsaal-farben-veraendern-die-klangwahrnehmung\"},\"author\":{\"name\":\"Wolfgang B\u00f6hler\",\"@id\":\"https:\\\/\\\/www.musikzeitung.ch\\\/#\\\/schema\\\/person\\\/0da4fb82d243f1252850a35d0e87cf0c\"},\"headline\":\"Konzertsaal-Farben ver\u00e4ndern die Klangwahrnehmung\",\"datePublished\":\"2026-03-24T08:04:02+00:00\",\"dateModified\":\"2026-03-24T08:40:26+00:00\",\"mainEntityOfPage\":{\"@id\":\"https:\\\/\\\/www.musikzeitung.ch\\\/news\\\/2026\\\/03\\\/konzertsaal-farben-veraendern-die-klangwahrnehmung\"},\"wordCount\":196,\"publisher\":{\"@id\":\"https:\\\/\\\/www.musikzeitung.ch\\\/#organization\"},\"image\":{\"@id\":\"https:\\\/\\\/www.musikzeitung.ch\\\/news\\\/2026\\\/03\\\/konzertsaal-farben-veraendern-die-klangwahrnehmung#primaryimage\"},\"thumbnailUrl\":\"https:\\\/\\\/www.musikzeitung.ch\\\/wp-content\\\/uploads\\\/2026\\\/03\\\/260324saalfarben.jpg\",\"keywords\":[\"Konzertsaaldesign\",\"TU Berlin\"],\"articleSection\":[\"News\"],\"inLanguage\":\"it-IT\"},{\"@type\":\"WebPage\",\"@id\":\"https:\\\/\\\/www.musikzeitung.ch\\\/news\\\/2026\\\/03\\\/konzertsaal-farben-veraendern-die-klangwahrnehmung\",\"url\":\"https:\\\/\\\/www.musikzeitung.ch\\\/news\\\/2026\\\/03\\\/konzertsaal-farben-veraendern-die-klangwahrnehmung\",\"name\":\"Konzertsaal-Farben ver\u00e4ndern die Klangwahrnehmung - Schweizer Musikzeitung\",\"isPartOf\":{\"@id\":\"https:\\\/\\\/www.musikzeitung.ch\\\/#website\"},\"primaryImageOfPage\":{\"@id\":\"https:\\\/\\\/www.musikzeitung.ch\\\/news\\\/2026\\\/03\\\/konzertsaal-farben-veraendern-die-klangwahrnehmung#primaryimage\"},\"image\":{\"@id\":\"https:\\\/\\\/www.musikzeitung.ch\\\/news\\\/2026\\\/03\\\/konzertsaal-farben-veraendern-die-klangwahrnehmung#primaryimage\"},\"thumbnailUrl\":\"https:\\\/\\\/www.musikzeitung.ch\\\/wp-content\\\/uploads\\\/2026\\\/03\\\/260324saalfarben.jpg\",\"datePublished\":\"2026-03-24T08:04:02+00:00\",\"dateModified\":\"2026-03-24T08:40:26+00:00\",\"description\":\"Die Farbgestaltung eines Konzertsaals beeinflusst st\u00e4rker als bislang angenommen, wie Menschen Musik wahrnehmen.\",\"breadcrumb\":{\"@id\":\"https:\\\/\\\/www.musikzeitung.ch\\\/news\\\/2026\\\/03\\\/konzertsaal-farben-veraendern-die-klangwahrnehmung#breadcrumb\"},\"inLanguage\":\"it-IT\",\"potentialAction\":[{\"@type\":\"ReadAction\",\"target\":[\"https:\\\/\\\/www.musikzeitung.ch\\\/news\\\/2026\\\/03\\\/konzertsaal-farben-veraendern-die-klangwahrnehmung\"]}]},{\"@type\":\"ImageObject\",\"inLanguage\":\"it-IT\",\"@id\":\"https:\\\/\\\/www.musikzeitung.ch\\\/news\\\/2026\\\/03\\\/konzertsaal-farben-veraendern-die-klangwahrnehmung#primaryimage\",\"url\":\"https:\\\/\\\/www.musikzeitung.ch\\\/wp-content\\\/uploads\\\/2026\\\/03\\\/260324saalfarben.jpg\",\"contentUrl\":\"https:\\\/\\\/www.musikzeitung.ch\\\/wp-content\\\/uploads\\\/2026\\\/03\\\/260324saalfarben.jpg\",\"width\":1400,\"height\":788,\"caption\":\"Farbvariante im VR-Setting (Bild: Youtube\\\/TU-Berlin)\"},{\"@type\":\"BreadcrumbList\",\"@id\":\"https:\\\/\\\/www.musikzeitung.ch\\\/news\\\/2026\\\/03\\\/konzertsaal-farben-veraendern-die-klangwahrnehmung#breadcrumb\",\"itemListElement\":[{\"@type\":\"ListItem\",\"position\":1,\"name\":\"Home\",\"item\":\"https:\\\/\\\/www.musikzeitung.ch\\\/\"},{\"@type\":\"ListItem\",\"position\":2,\"name\":\"Konzertsaal-Farben ver\u00e4ndern die Klangwahrnehmung\"}]},{\"@type\":\"WebSite\",\"@id\":\"https:\\\/\\\/www.musikzeitung.ch\\\/#website\",\"url\":\"https:\\\/\\\/www.musikzeitung.ch\\\/\",\"name\":\"Schweizer Musikzeitung\",\"description\":\"Die f\u00fchrende sparten\u00fcbergreifende Monatszeitung in der Schweiz f\u00fcr musikalische Fragen.\",\"publisher\":{\"@id\":\"https:\\\/\\\/www.musikzeitung.ch\\\/#organization\"},\"potentialAction\":[{\"@type\":\"SearchAction\",\"target\":{\"@type\":\"EntryPoint\",\"urlTemplate\":\"https:\\\/\\\/www.musikzeitung.ch\\\/?s={search_term_string}\"},\"query-input\":{\"@type\":\"PropertyValueSpecification\",\"valueRequired\":true,\"valueName\":\"search_term_string\"}}],\"inLanguage\":\"it-IT\"},{\"@type\":\"Organization\",\"@id\":\"https:\\\/\\\/www.musikzeitung.ch\\\/#organization\",\"name\":\"Schweizer Musikzeitung\",\"url\":\"https:\\\/\\\/www.musikzeitung.ch\\\/\",\"logo\":{\"@type\":\"ImageObject\",\"inLanguage\":\"it-IT\",\"@id\":\"https:\\\/\\\/www.musikzeitung.ch\\\/#\\\/schema\\\/logo\\\/image\\\/\",\"url\":\"https:\\\/\\\/www.musikzeitung.ch\\\/wp-content\\\/uploads\\\/2023\\\/01\\\/SMZ_Schriftzug_Sprache.png\",\"contentUrl\":\"https:\\\/\\\/www.musikzeitung.ch\\\/wp-content\\\/uploads\\\/2023\\\/01\\\/SMZ_Schriftzug_Sprache.png\",\"width\":1400,\"height\":279,\"caption\":\"Schweizer Musikzeitung\"},\"image\":{\"@id\":\"https:\\\/\\\/www.musikzeitung.ch\\\/#\\\/schema\\\/logo\\\/image\\\/\"},\"sameAs\":[\"https:\\\/\\\/www.facebook.com\\\/SchweizerMusikzeitung\\\/\",\"https:\\\/\\\/x.com\\\/smusikzeitung\",\"https:\\\/\\\/www.instagram.com\\\/musikzeitung.ch\\\/\"]},{\"@type\":\"Person\",\"@id\":\"https:\\\/\\\/www.musikzeitung.ch\\\/#\\\/schema\\\/person\\\/0da4fb82d243f1252850a35d0e87cf0c\",\"name\":\"Wolfgang B\u00f6hler\",\"image\":{\"@type\":\"ImageObject\",\"inLanguage\":\"it-IT\",\"@id\":\"https:\\\/\\\/www.musikzeitung.ch\\\/wp-content\\\/uploads\\\/2023\\\/01\\\/boehler_portraet_web-e1674139782246-96x96.jpg\",\"url\":\"https:\\\/\\\/www.musikzeitung.ch\\\/wp-content\\\/uploads\\\/2023\\\/01\\\/boehler_portraet_web-e1674139782246-96x96.jpg\",\"contentUrl\":\"https:\\\/\\\/www.musikzeitung.ch\\\/wp-content\\\/uploads\\\/2023\\\/01\\\/boehler_portraet_web-e1674139782246-96x96.jpg\",\"caption\":\"Wolfgang B\u00f6hler\"},\"sameAs\":[\"http:\\\/\\\/www.manacanto.ch\",\"https:\\\/\\\/www.facebook.com\\\/wolfgang.bohler.75\"],\"url\":\"https:\\\/\\\/www.musikzeitung.ch\\\/it\\\/author\\\/wolfgang-boehler\"}]}<\/script>\n<!-- \/ Yoast SEO plugin. -->","yoast_head_json":{"title":"I colori delle sale da concerto cambiano la percezione del suono - Schweizer Musikzeitung","description":"La combinazione di colori di una sala da concerto influisce sul modo in cui le persone percepiscono la musica pi\u00f9 di quanto si pensasse in precedenza.","robots":{"index":"index","follow":"follow","max-snippet":"max-snippet:-1","max-image-preview":"max-image-preview:large","max-video-preview":"max-video-preview:-1"},"canonical":"https:\/\/www.musikzeitung.ch\/it\/news\/2026\/03\/konzertsaal-farben-veraendern-die-klangwahrnehmung\/","og_locale":"it_IT","og_type":"article","og_title":"Konzertsaal-Farben ver\u00e4ndern die Klangwahrnehmung - Schweizer Musikzeitung","og_description":"Die Farbgestaltung eines Konzertsaals beeinflusst st\u00e4rker als bislang angenommen, wie Menschen Musik wahrnehmen.","og_url":"https:\/\/www.musikzeitung.ch\/it\/news\/2026\/03\/konzertsaal-farben-veraendern-die-klangwahrnehmung\/","og_site_name":"Schweizer Musikzeitung","article_publisher":"https:\/\/www.facebook.com\/SchweizerMusikzeitung\/","article_author":"https:\/\/www.facebook.com\/wolfgang.bohler.75","article_published_time":"2026-03-24T08:04:02+00:00","article_modified_time":"2026-03-24T08:40:26+00:00","og_image":[{"width":1400,"height":788,"url":"https:\/\/www.musikzeitung.ch\/wp-content\/uploads\/2026\/03\/260324saalfarben.jpg","type":"image\/jpeg"}],"author":"Wolfgang B\u00f6hler","twitter_card":"summary_large_image","twitter_creator":"@smusikzeitung","twitter_site":"@smusikzeitung","twitter_misc":{"Scritto da":"Wolfgang B\u00f6hler","Tempo di lettura stimato":"2 minuti"},"schema":{"@context":"https:\/\/schema.org","@graph":[{"@type":"Article","@id":"https:\/\/www.musikzeitung.ch\/news\/2026\/03\/konzertsaal-farben-veraendern-die-klangwahrnehmung#article","isPartOf":{"@id":"https:\/\/www.musikzeitung.ch\/news\/2026\/03\/konzertsaal-farben-veraendern-die-klangwahrnehmung"},"author":{"name":"Wolfgang B\u00f6hler","@id":"https:\/\/www.musikzeitung.ch\/#\/schema\/person\/0da4fb82d243f1252850a35d0e87cf0c"},"headline":"Konzertsaal-Farben ver\u00e4ndern die Klangwahrnehmung","datePublished":"2026-03-24T08:04:02+00:00","dateModified":"2026-03-24T08:40:26+00:00","mainEntityOfPage":{"@id":"https:\/\/www.musikzeitung.ch\/news\/2026\/03\/konzertsaal-farben-veraendern-die-klangwahrnehmung"},"wordCount":196,"publisher":{"@id":"https:\/\/www.musikzeitung.ch\/#organization"},"image":{"@id":"https:\/\/www.musikzeitung.ch\/news\/2026\/03\/konzertsaal-farben-veraendern-die-klangwahrnehmung#primaryimage"},"thumbnailUrl":"https:\/\/www.musikzeitung.ch\/wp-content\/uploads\/2026\/03\/260324saalfarben.jpg","keywords":["Konzertsaaldesign","TU Berlin"],"articleSection":["News"],"inLanguage":"it-IT"},{"@type":"WebPage","@id":"https:\/\/www.musikzeitung.ch\/news\/2026\/03\/konzertsaal-farben-veraendern-die-klangwahrnehmung","url":"https:\/\/www.musikzeitung.ch\/news\/2026\/03\/konzertsaal-farben-veraendern-die-klangwahrnehmung","name":"I colori delle sale da concerto cambiano la percezione del suono - Schweizer Musikzeitung","isPartOf":{"@id":"https:\/\/www.musikzeitung.ch\/#website"},"primaryImageOfPage":{"@id":"https:\/\/www.musikzeitung.ch\/news\/2026\/03\/konzertsaal-farben-veraendern-die-klangwahrnehmung#primaryimage"},"image":{"@id":"https:\/\/www.musikzeitung.ch\/news\/2026\/03\/konzertsaal-farben-veraendern-die-klangwahrnehmung#primaryimage"},"thumbnailUrl":"https:\/\/www.musikzeitung.ch\/wp-content\/uploads\/2026\/03\/260324saalfarben.jpg","datePublished":"2026-03-24T08:04:02+00:00","dateModified":"2026-03-24T08:40:26+00:00","description":"La combinazione di colori di una sala da concerto influisce sul modo in cui le persone percepiscono la musica pi\u00f9 di quanto si pensasse in precedenza.","breadcrumb":{"@id":"https:\/\/www.musikzeitung.ch\/news\/2026\/03\/konzertsaal-farben-veraendern-die-klangwahrnehmung#breadcrumb"},"inLanguage":"it-IT","potentialAction":[{"@type":"ReadAction","target":["https:\/\/www.musikzeitung.ch\/news\/2026\/03\/konzertsaal-farben-veraendern-die-klangwahrnehmung"]}]},{"@type":"ImageObject","inLanguage":"it-IT","@id":"https:\/\/www.musikzeitung.ch\/news\/2026\/03\/konzertsaal-farben-veraendern-die-klangwahrnehmung#primaryimage","url":"https:\/\/www.musikzeitung.ch\/wp-content\/uploads\/2026\/03\/260324saalfarben.jpg","contentUrl":"https:\/\/www.musikzeitung.ch\/wp-content\/uploads\/2026\/03\/260324saalfarben.jpg","width":1400,"height":788,"caption":"Farbvariante im VR-Setting (Bild: Youtube\/TU-Berlin)"},{"@type":"BreadcrumbList","@id":"https:\/\/www.musikzeitung.ch\/news\/2026\/03\/konzertsaal-farben-veraendern-die-klangwahrnehmung#breadcrumb","itemListElement":[{"@type":"ListItem","position":1,"name":"Home","item":"https:\/\/www.musikzeitung.ch\/"},{"@type":"ListItem","position":2,"name":"Konzertsaal-Farben ver\u00e4ndern die Klangwahrnehmung"}]},{"@type":"WebSite","@id":"https:\/\/www.musikzeitung.ch\/#website","url":"https:\/\/www.musikzeitung.ch\/","name":"Giornale musicale svizzero","description":"Il principale mensile interdisciplinare della Svizzera per le questioni musicali.","publisher":{"@id":"https:\/\/www.musikzeitung.ch\/#organization"},"potentialAction":[{"@type":"SearchAction","target":{"@type":"EntryPoint","urlTemplate":"https:\/\/www.musikzeitung.ch\/?s={search_term_string}"},"query-input":{"@type":"PropertyValueSpecification","valueRequired":true,"valueName":"search_term_string"}}],"inLanguage":"it-IT"},{"@type":"Organization","@id":"https:\/\/www.musikzeitung.ch\/#organization","name":"Giornale musicale svizzero","url":"https:\/\/www.musikzeitung.ch\/","logo":{"@type":"ImageObject","inLanguage":"it-IT","@id":"https:\/\/www.musikzeitung.ch\/#\/schema\/logo\/image\/","url":"https:\/\/www.musikzeitung.ch\/wp-content\/uploads\/2023\/01\/SMZ_Schriftzug_Sprache.png","contentUrl":"https:\/\/www.musikzeitung.ch\/wp-content\/uploads\/2023\/01\/SMZ_Schriftzug_Sprache.png","width":1400,"height":279,"caption":"Schweizer Musikzeitung"},"image":{"@id":"https:\/\/www.musikzeitung.ch\/#\/schema\/logo\/image\/"},"sameAs":["https:\/\/www.facebook.com\/SchweizerMusikzeitung\/","https:\/\/x.com\/smusikzeitung","https:\/\/www.instagram.com\/musikzeitung.ch\/"]},{"@type":"Person","@id":"https:\/\/www.musikzeitung.ch\/#\/schema\/person\/0da4fb82d243f1252850a35d0e87cf0c","name":"Wolfgang B\u00f6hler","image":{"@type":"ImageObject","inLanguage":"it-IT","@id":"https:\/\/www.musikzeitung.ch\/wp-content\/uploads\/2023\/01\/boehler_portraet_web-e1674139782246-96x96.jpg","url":"https:\/\/www.musikzeitung.ch\/wp-content\/uploads\/2023\/01\/boehler_portraet_web-e1674139782246-96x96.jpg","contentUrl":"https:\/\/www.musikzeitung.ch\/wp-content\/uploads\/2023\/01\/boehler_portraet_web-e1674139782246-96x96.jpg","caption":"Wolfgang B\u00f6hler"},"sameAs":["http:\/\/www.manacanto.ch","https:\/\/www.facebook.com\/wolfgang.bohler.75"],"url":"https:\/\/www.musikzeitung.ch\/it\/author\/wolfgang-boehler"}]}},"publishpress_future_workflow_manual_trigger":{"enabledWorkflows":[]},"_links":{"self":[{"href":"https:\/\/www.musikzeitung.ch\/it\/wp-json\/wp\/v2\/posts\/71895","targetHints":{"allow":["GET"]}}],"collection":[{"href":"https:\/\/www.musikzeitung.ch\/it\/wp-json\/wp\/v2\/posts"}],"about":[{"href":"https:\/\/www.musikzeitung.ch\/it\/wp-json\/wp\/v2\/types\/post"}],"author":[{"embeddable":true,"href":"https:\/\/www.musikzeitung.ch\/it\/wp-json\/wp\/v2\/users\/30"}],"replies":[{"embeddable":true,"href":"https:\/\/www.musikzeitung.ch\/it\/wp-json\/wp\/v2\/comments?post=71895"}],"version-history":[{"count":4,"href":"https:\/\/www.musikzeitung.ch\/it\/wp-json\/wp\/v2\/posts\/71895\/revisions"}],"predecessor-version":[{"id":71900,"href":"https:\/\/www.musikzeitung.ch\/it\/wp-json\/wp\/v2\/posts\/71895\/revisions\/71900"}],"wp:featuredmedia":[{"embeddable":true,"href":"https:\/\/www.musikzeitung.ch\/it\/wp-json\/wp\/v2\/media\/71896"}],"wp:attachment":[{"href":"https:\/\/www.musikzeitung.ch\/it\/wp-json\/wp\/v2\/media?parent=71895"}],"wp:term":[{"taxonomy":"category","embeddable":true,"href":"https:\/\/www.musikzeitung.ch\/it\/wp-json\/wp\/v2\/categories?post=71895"},{"taxonomy":"post_tag","embeddable":true,"href":"https:\/\/www.musikzeitung.ch\/it\/wp-json\/wp\/v2\/tags?post=71895"}],"curies":[{"name":"wp","href":"https:\/\/api.w.org\/{rel}","templated":true}]}}