{"id":72713,"date":"2026-04-20T08:48:56","date_gmt":"2026-04-20T06:48:56","guid":{"rendered":"https:\/\/www.musikzeitung.ch\/?p=72713"},"modified":"2026-04-23T09:20:07","modified_gmt":"2026-04-23T07:20:07","slug":"classicalnext-2026-die-zukunft-der-kunstmusik-gestalten","status":"publish","type":"post","link":"https:\/\/www.musikzeitung.ch\/it\/berichte\/2026\/04\/classicalnext-2026-die-zukunft-der-kunstmusik-gestalten","title":{"rendered":"Classica:next 2026: Dare forma al futuro della musica d'arte"},"content":{"rendered":"<figure id=\"attachment_72714\" aria-describedby=\"caption-attachment-72714\" style=\"width: 1400px\" class=\"wp-caption aligncenter\"><img loading=\"lazy\" decoding=\"async\" class=\"wp-image-72714 size-full\" src=\"https:\/\/www.musikzeitung.ch\/wp-content\/uploads\/2026\/04\/03_Echo_Classical_next_Web.jpg\" alt=\"\" width=\"1400\" height=\"934\" srcset=\"https:\/\/www.musikzeitung.ch\/wp-content\/uploads\/2026\/04\/03_Echo_Classical_next_Web.jpg 1400w, https:\/\/www.musikzeitung.ch\/wp-content\/uploads\/2026\/04\/03_Echo_Classical_next_Web-300x200.jpg 300w, https:\/\/www.musikzeitung.ch\/wp-content\/uploads\/2026\/04\/03_Echo_Classical_next_Web-1024x683.jpg 1024w, https:\/\/www.musikzeitung.ch\/wp-content\/uploads\/2026\/04\/03_Echo_Classical_next_Web-600x400.jpg 600w, https:\/\/www.musikzeitung.ch\/wp-content\/uploads\/2026\/04\/03_Echo_Classical_next_Web-768x512.jpg 768w, https:\/\/www.musikzeitung.ch\/wp-content\/uploads\/2026\/04\/03_Echo_Classical_next_Web-1536x1024.jpg 1536w, https:\/\/www.musikzeitung.ch\/wp-content\/uploads\/2026\/04\/03_Echo_Classical_next_Web-2048x1366.jpg 2048w, https:\/\/www.musikzeitung.ch\/wp-content\/uploads\/2026\/04\/03_Echo_Classical_next_Web-18x12.jpg 18w, https:\/\/www.musikzeitung.ch\/wp-content\/uploads\/2026\/04\/03_Echo_Classical_next_Web-262x175.jpg 262w, https:\/\/www.musikzeitung.ch\/wp-content\/uploads\/2026\/04\/03_Echo_Classical_next_Web-525x350.jpg 525w, https:\/\/www.musikzeitung.ch\/wp-content\/uploads\/2026\/04\/03_Echo_Classical_next_Web-1200x800.jpg 1200w, https:\/\/www.musikzeitung.ch\/wp-content\/uploads\/2026\/04\/03_Echo_Classical_next_Web-920x613.jpg 920w\" sizes=\"auto, (max-width: 1400px) 100vw, 1400px\" \/><figcaption id=\"caption-attachment-72714\" class=\"wp-caption-text\">L'ensemble Ilsang dalla Corea del Sud. Foto: Christoph Mangler\/Classical:Next 2026<\/figcaption><\/figure>\n<p>Poco prima di una storica domenica elettorale, circa 900 professionisti della cultura provenienti da 49 Paesi si sono riuniti nella capitale ungherese per il 13\u00b0 incontro del settore Classical:next. Con il motto \u00abShaping the future of art music\u00bb, la conferenza, il festival e la fiera si sono svolti dall'8 all'11 aprile in sedi culturali centrali - Millen\u00e1ris, Accademia Liszt, Centro musicale di Budapest e Casa della musica ungherese - e sono stati organizzati congiuntamente da Hangvet\u00f6 e dalle Settimane artistiche internazionali di primavera di Bart\u00f3k.<\/p>\n<p>All'Accademia Liszt, la direttrice Fabienne Krause ha aperto una serata dedicata esclusivamente ai compositori ungheresi, da Liszt a P\u00e9ter E\u00f6tv\u00f6s. Alla presenza di Gy\u00f6rgy Kurt\u00e1g, che ha appena compiuto 100 anni, la pianista Ildik\u00f3 Rozsonits, tra gli altri, ha dimostrato che il modernismo classico pu\u00f2 far vibrare una sala. Il direttore d'orchestra e compositore Iv\u00e1n Fischer aveva gi\u00e0 definito il contesto con il suo discorso di apertura a mezzogiorno: Il rituale del concerto nella sua forma attuale non \u00e8 sostenibile; \u00e8 necessario un riorientamento verso il pubblico e la veridicit\u00e0 sul palco.<\/p>\n<h3><strong>\u00a0<\/strong><strong>Come si raggiunge un pubblico disperso?<\/strong><\/h3>\n<p>I temi della conferenza spaziavano dalle nuove tecnologie musicali alla rappresentazione di genere, dai modelli salariali alla sostenibilit\u00e0. Il dibattito sul giornalismo musicale \u00e8 stato particolarmente vivace. \u00abChi decide cosa conta?\u00bb, ha chiesto la moderatrice Olivia Brown (Londra). L'atteggiamento del British <em>Rivista di musica classica<\/em> si \u00e8 affiancato al successo di <em>Traccia in streaming<\/em> con circa due milioni di abbonati. La creatrice di contenuti e flautista Cinci Baglyas si \u00e8 espressa a favore dei contenuti \u00abdietro le quinte\u00bb come mezzo per combattere le barriere all'accesso; Martin Andris (Elbphilharmonie) ha riferito di un \u00abcreatore in residenza\u00bb - il risultato resta da vedere. Resta incerto se l'intelligenza artificiale porter\u00e0 nuovi ascoltatori al settore musicale. Anna Tiszolczi della Budapest Festival Orchestra ha presentato proposte pi\u00f9 concrete per diversi segmenti di pubblico: Oltre ai \u00abconcerti al cacao\u00bb per i bambini, \u00e8 stato un successo il format \u00abMidnight Music\u00bb, concerti lounge per i giovani, espressamente senza genitori, ha detto. Toks Dada (Southbank Centre) e Linda Begbie (Manchester Collective) hanno incoraggiato a correre pi\u00f9 rischi: \u00abQuando facciamo cose diverse, verranno persone diverse\u00bb.\u00bb<\/p>\n<h3><strong>Tecnologie pluripremiate al servizio della musica<\/strong><\/h3>\n<p>Tre progetti sono stati premiati con il Premio Innovazione 2026, incentrato sulle nuove tecnologie: SOAVE (Stage Orchestra Audio Video Experience, Italia) utilizza la realt\u00e0 virtuale per immergere il pubblico in un concerto sinfonico da diverse prospettive orchestrali. Il Borealis Festival (Norvegia) utilizza ausili tecnologici per creare nuove esperienze di ascolto fisico che vanno oltre i formati convenzionali dei concerti. <em>Giocare con il fuoco: un'odissea immersiva<\/em> (Francia) vi invita a un intimo incontro virtuale con la pianista in un concerto in realt\u00e0 mista con Yuja Wang - realizzato da Vive Arts e dalla Philharmonie de Paris.<\/p>\n<h3><strong>Sperando in una pi\u00f9 ampia partecipazione della Svizzera<\/strong><\/h3>\n<p>Unico contributo svizzero tra 69 artisti provenienti da 15 Paesi, il progetto crossover \u00abCharles River\u00bb del percussionista basilese Florian Arbenz ha impressionato il pubblico con un programma basato su canzoni di Charles Ives. Le cantanti Anna Juniki e Immy Churchill hanno portato sul palco una poesia malinconica con il contrasto di voci classiche e jazz; l'ensemble di otto elementi ha riempito senza sforzo la sala del Budapest Music Centre.<\/p>\n<p>Il 2027 offre l'opportunit\u00e0 di una maggiore presenza: nell'ambito del programma della Capitale polacca della cultura, Classical:next si terr\u00e0 dall'11 al 14 maggio 2027 a Katowice, citt\u00e0 della musica UNESCO con un vivace panorama orchestrale. Esportazione di musica svizzera, prendete nota!<\/p>\n<p>Info: <a href=\"https:\/\/classicalnext.com\/\" target=\"_blank\" rel=\"noopener\">classicnext.com<\/a><\/p>\n<p>&nbsp;<\/p>\n<p>&nbsp;<\/p>","protected":false},"excerpt":{"rendered":"<p>L'edizione di quest'anno del pi\u00f9 grande simposio di musica classica e contemporanea del mondo si \u00e8 svolta a Budapest. La partecipazione svizzera \u00e8 stata marginale.<\/p>","protected":false},"author":23,"featured_media":72714,"comment_status":"closed","ping_status":"closed","sticky":true,"template":"","format":"standard","meta":{"_acf_changed":false,"_relevanssi_hide_post":"","_relevanssi_hide_content":"","_relevanssi_pin_for_all":"","_relevanssi_pin_keywords":"","_relevanssi_unpin_keywords":"","_relevanssi_related_keywords":"","_relevanssi_related_include_ids":"","_relevanssi_related_exclude_ids":"","_relevanssi_related_no_append":"","_relevanssi_related_not_related":"","_relevanssi_related_posts":"","_relevanssi_noindex_reason":"","pgc_sgb_lightbox_settings":"","footnotes":""},"categories":[28,3008],"tags":[4061,5611,5610],"class_list":["post-72713","post","type-post","status-publish","format-standard","has-post-thumbnail","hentry","category-berichte","category-treffpunkte-berichte","tag-classicalnext","tag-kunstmusik","tag-virtual-reality"],"acf":[],"yoast_head":"<!-- This site is optimized with the Yoast SEO plugin v27.4 - https:\/\/yoast.com\/product\/yoast-seo-wordpress\/ -->\n<title>Classical:next 2026: Die Zukunft der Kunstmusik gestalten - Schweizer Musikzeitung<\/title>\n<meta name=\"robots\" content=\"index, follow, max-snippet:-1, max-image-preview:large, max-video-preview:-1\" \/>\n<link rel=\"canonical\" href=\"https:\/\/www.musikzeitung.ch\/it\/berichte\/2026\/04\/classicalnext-2026-die-zukunft-der-kunstmusik-gestalten\/\" \/>\n<meta property=\"og:locale\" content=\"it_IT\" \/>\n<meta property=\"og:type\" content=\"article\" \/>\n<meta property=\"og:title\" content=\"Classical:next 2026: Die Zukunft der Kunstmusik gestalten - Schweizer Musikzeitung\" \/>\n<meta property=\"og:description\" content=\"Die diesj\u00e4hrige Ausgabe des weltgr\u00f6ssten Fachtreffens f\u00fcr klassische und zeitgen\u00f6ssische Musik fand in Budapest statt. Die Schweizer Beteilung war marginal.\" \/>\n<meta property=\"og:url\" content=\"https:\/\/www.musikzeitung.ch\/it\/berichte\/2026\/04\/classicalnext-2026-die-zukunft-der-kunstmusik-gestalten\/\" \/>\n<meta property=\"og:site_name\" content=\"Schweizer Musikzeitung\" \/>\n<meta property=\"article:publisher\" content=\"https:\/\/www.facebook.com\/SchweizerMusikzeitung\/\" \/>\n<meta property=\"article:published_time\" content=\"2026-04-20T06:48:56+00:00\" \/>\n<meta property=\"article:modified_time\" content=\"2026-04-23T07:20:07+00:00\" \/>\n<meta property=\"og:image\" content=\"https:\/\/www.musikzeitung.ch\/wp-content\/uploads\/2026\/04\/03_Echo_Classical_next_Web.jpg\" \/>\n\t<meta property=\"og:image:width\" content=\"1400\" \/>\n\t<meta property=\"og:image:height\" content=\"934\" \/>\n\t<meta property=\"og:image:type\" content=\"image\/jpeg\" \/>\n<meta name=\"author\" content=\"Katrin Spelinova\" \/>\n<meta name=\"twitter:card\" content=\"summary_large_image\" \/>\n<meta name=\"twitter:creator\" content=\"@testredaktor\" \/>\n<meta name=\"twitter:site\" content=\"@smusikzeitung\" \/>\n<meta name=\"twitter:label1\" content=\"Scritto da\" \/>\n\t<meta name=\"twitter:data1\" content=\"Katrin Spelinova\" \/>\n\t<meta name=\"twitter:label2\" content=\"Tempo di lettura stimato\" \/>\n\t<meta name=\"twitter:data2\" content=\"4 minuti\" \/>\n<script type=\"application\/ld+json\" class=\"yoast-schema-graph\">{\"@context\":\"https:\\\/\\\/schema.org\",\"@graph\":[{\"@type\":\"Article\",\"@id\":\"https:\\\/\\\/www.musikzeitung.ch\\\/berichte\\\/2026\\\/04\\\/classicalnext-2026-die-zukunft-der-kunstmusik-gestalten#article\",\"isPartOf\":{\"@id\":\"https:\\\/\\\/www.musikzeitung.ch\\\/berichte\\\/2026\\\/04\\\/classicalnext-2026-die-zukunft-der-kunstmusik-gestalten\"},\"author\":{\"name\":\"Katrin Spelinova\",\"@id\":\"https:\\\/\\\/www.musikzeitung.ch\\\/#\\\/schema\\\/person\\\/dce7e5b820812d9af4db2f787d1bec92\"},\"headline\":\"Classical:next 2026: Die Zukunft der Kunstmusik gestalten\",\"datePublished\":\"2026-04-20T06:48:56+00:00\",\"dateModified\":\"2026-04-23T07:20:07+00:00\",\"mainEntityOfPage\":{\"@id\":\"https:\\\/\\\/www.musikzeitung.ch\\\/berichte\\\/2026\\\/04\\\/classicalnext-2026-die-zukunft-der-kunstmusik-gestalten\"},\"wordCount\":532,\"publisher\":{\"@id\":\"https:\\\/\\\/www.musikzeitung.ch\\\/#organization\"},\"image\":{\"@id\":\"https:\\\/\\\/www.musikzeitung.ch\\\/berichte\\\/2026\\\/04\\\/classicalnext-2026-die-zukunft-der-kunstmusik-gestalten#primaryimage\"},\"thumbnailUrl\":\"https:\\\/\\\/www.musikzeitung.ch\\\/wp-content\\\/uploads\\\/2026\\\/04\\\/03_Echo_Classical_next_Web.jpg\",\"keywords\":[\"Classical:next\",\"Kunstmusik\",\"Virtual Reality\"],\"articleSection\":[\"Berichte\",\"Treffpunkte\"],\"inLanguage\":\"it-IT\"},{\"@type\":\"WebPage\",\"@id\":\"https:\\\/\\\/www.musikzeitung.ch\\\/berichte\\\/2026\\\/04\\\/classicalnext-2026-die-zukunft-der-kunstmusik-gestalten\",\"url\":\"https:\\\/\\\/www.musikzeitung.ch\\\/berichte\\\/2026\\\/04\\\/classicalnext-2026-die-zukunft-der-kunstmusik-gestalten\",\"name\":\"Classical:next 2026: Die Zukunft der Kunstmusik gestalten - Schweizer Musikzeitung\",\"isPartOf\":{\"@id\":\"https:\\\/\\\/www.musikzeitung.ch\\\/#website\"},\"primaryImageOfPage\":{\"@id\":\"https:\\\/\\\/www.musikzeitung.ch\\\/berichte\\\/2026\\\/04\\\/classicalnext-2026-die-zukunft-der-kunstmusik-gestalten#primaryimage\"},\"image\":{\"@id\":\"https:\\\/\\\/www.musikzeitung.ch\\\/berichte\\\/2026\\\/04\\\/classicalnext-2026-die-zukunft-der-kunstmusik-gestalten#primaryimage\"},\"thumbnailUrl\":\"https:\\\/\\\/www.musikzeitung.ch\\\/wp-content\\\/uploads\\\/2026\\\/04\\\/03_Echo_Classical_next_Web.jpg\",\"datePublished\":\"2026-04-20T06:48:56+00:00\",\"dateModified\":\"2026-04-23T07:20:07+00:00\",\"breadcrumb\":{\"@id\":\"https:\\\/\\\/www.musikzeitung.ch\\\/berichte\\\/2026\\\/04\\\/classicalnext-2026-die-zukunft-der-kunstmusik-gestalten#breadcrumb\"},\"inLanguage\":\"it-IT\",\"potentialAction\":[{\"@type\":\"ReadAction\",\"target\":[\"https:\\\/\\\/www.musikzeitung.ch\\\/berichte\\\/2026\\\/04\\\/classicalnext-2026-die-zukunft-der-kunstmusik-gestalten\"]}]},{\"@type\":\"ImageObject\",\"inLanguage\":\"it-IT\",\"@id\":\"https:\\\/\\\/www.musikzeitung.ch\\\/berichte\\\/2026\\\/04\\\/classicalnext-2026-die-zukunft-der-kunstmusik-gestalten#primaryimage\",\"url\":\"https:\\\/\\\/www.musikzeitung.ch\\\/wp-content\\\/uploads\\\/2026\\\/04\\\/03_Echo_Classical_next_Web.jpg\",\"contentUrl\":\"https:\\\/\\\/www.musikzeitung.ch\\\/wp-content\\\/uploads\\\/2026\\\/04\\\/03_Echo_Classical_next_Web.jpg\",\"width\":1400,\"height\":934,\"caption\":\"The largest global gathering of professionals for all sectors of classical and art music\"},{\"@type\":\"BreadcrumbList\",\"@id\":\"https:\\\/\\\/www.musikzeitung.ch\\\/berichte\\\/2026\\\/04\\\/classicalnext-2026-die-zukunft-der-kunstmusik-gestalten#breadcrumb\",\"itemListElement\":[{\"@type\":\"ListItem\",\"position\":1,\"name\":\"Home\",\"item\":\"https:\\\/\\\/www.musikzeitung.ch\\\/\"},{\"@type\":\"ListItem\",\"position\":2,\"name\":\"Classical:next 2026: Die Zukunft der Kunstmusik gestalten\"}]},{\"@type\":\"WebSite\",\"@id\":\"https:\\\/\\\/www.musikzeitung.ch\\\/#website\",\"url\":\"https:\\\/\\\/www.musikzeitung.ch\\\/\",\"name\":\"Schweizer Musikzeitung\",\"description\":\"Die f\u00fchrende sparten\u00fcbergreifende Monatszeitung in der Schweiz f\u00fcr musikalische Fragen.\",\"publisher\":{\"@id\":\"https:\\\/\\\/www.musikzeitung.ch\\\/#organization\"},\"potentialAction\":[{\"@type\":\"SearchAction\",\"target\":{\"@type\":\"EntryPoint\",\"urlTemplate\":\"https:\\\/\\\/www.musikzeitung.ch\\\/?s={search_term_string}\"},\"query-input\":{\"@type\":\"PropertyValueSpecification\",\"valueRequired\":true,\"valueName\":\"search_term_string\"}}],\"inLanguage\":\"it-IT\"},{\"@type\":\"Organization\",\"@id\":\"https:\\\/\\\/www.musikzeitung.ch\\\/#organization\",\"name\":\"Schweizer Musikzeitung\",\"url\":\"https:\\\/\\\/www.musikzeitung.ch\\\/\",\"logo\":{\"@type\":\"ImageObject\",\"inLanguage\":\"it-IT\",\"@id\":\"https:\\\/\\\/www.musikzeitung.ch\\\/#\\\/schema\\\/logo\\\/image\\\/\",\"url\":\"https:\\\/\\\/www.musikzeitung.ch\\\/wp-content\\\/uploads\\\/2023\\\/01\\\/SMZ_Schriftzug_Sprache.png\",\"contentUrl\":\"https:\\\/\\\/www.musikzeitung.ch\\\/wp-content\\\/uploads\\\/2023\\\/01\\\/SMZ_Schriftzug_Sprache.png\",\"width\":1400,\"height\":279,\"caption\":\"Schweizer Musikzeitung\"},\"image\":{\"@id\":\"https:\\\/\\\/www.musikzeitung.ch\\\/#\\\/schema\\\/logo\\\/image\\\/\"},\"sameAs\":[\"https:\\\/\\\/www.facebook.com\\\/SchweizerMusikzeitung\\\/\",\"https:\\\/\\\/x.com\\\/smusikzeitung\",\"https:\\\/\\\/www.instagram.com\\\/musikzeitung.ch\\\/\"]},{\"@type\":\"Person\",\"@id\":\"https:\\\/\\\/www.musikzeitung.ch\\\/#\\\/schema\\\/person\\\/dce7e5b820812d9af4db2f787d1bec92\",\"name\":\"Katrin Spelinova\",\"image\":{\"@type\":\"ImageObject\",\"inLanguage\":\"it-IT\",\"@id\":\"https:\\\/\\\/secure.gravatar.com\\\/avatar\\\/2a2c2956e074ebca9bf65620496cd2e317d90b8c76450e9dd04d7cebf95eeada?s=96&d=mm&r=g\",\"url\":\"https:\\\/\\\/secure.gravatar.com\\\/avatar\\\/2a2c2956e074ebca9bf65620496cd2e317d90b8c76450e9dd04d7cebf95eeada?s=96&d=mm&r=g\",\"contentUrl\":\"https:\\\/\\\/secure.gravatar.com\\\/avatar\\\/2a2c2956e074ebca9bf65620496cd2e317d90b8c76450e9dd04d7cebf95eeada?s=96&d=mm&r=g\",\"caption\":\"Katrin Spelinova\"},\"sameAs\":[\"https:\\\/\\\/x.com\\\/testredaktor\"],\"url\":\"https:\\\/\\\/www.musikzeitung.ch\\\/it\\\/author\\\/spelkat\"}]}<\/script>\n<!-- \/ Yoast SEO plugin. -->","yoast_head_json":{"title":"Classical:next 2026: Dare forma al futuro della musica d'arte - Schweizer Musikzeitung","robots":{"index":"index","follow":"follow","max-snippet":"max-snippet:-1","max-image-preview":"max-image-preview:large","max-video-preview":"max-video-preview:-1"},"canonical":"https:\/\/www.musikzeitung.ch\/it\/berichte\/2026\/04\/classicalnext-2026-die-zukunft-der-kunstmusik-gestalten\/","og_locale":"it_IT","og_type":"article","og_title":"Classical:next 2026: Die Zukunft der Kunstmusik gestalten - Schweizer Musikzeitung","og_description":"Die diesj\u00e4hrige Ausgabe des weltgr\u00f6ssten Fachtreffens f\u00fcr klassische und zeitgen\u00f6ssische Musik fand in Budapest statt. Die Schweizer Beteilung war marginal.","og_url":"https:\/\/www.musikzeitung.ch\/it\/berichte\/2026\/04\/classicalnext-2026-die-zukunft-der-kunstmusik-gestalten\/","og_site_name":"Schweizer Musikzeitung","article_publisher":"https:\/\/www.facebook.com\/SchweizerMusikzeitung\/","article_published_time":"2026-04-20T06:48:56+00:00","article_modified_time":"2026-04-23T07:20:07+00:00","og_image":[{"width":1400,"height":934,"url":"https:\/\/www.musikzeitung.ch\/wp-content\/uploads\/2026\/04\/03_Echo_Classical_next_Web.jpg","type":"image\/jpeg"}],"author":"Katrin Spelinova","twitter_card":"summary_large_image","twitter_creator":"@testredaktor","twitter_site":"@smusikzeitung","twitter_misc":{"Scritto da":"Katrin Spelinova","Tempo di lettura stimato":"4 minuti"},"schema":{"@context":"https:\/\/schema.org","@graph":[{"@type":"Article","@id":"https:\/\/www.musikzeitung.ch\/berichte\/2026\/04\/classicalnext-2026-die-zukunft-der-kunstmusik-gestalten#article","isPartOf":{"@id":"https:\/\/www.musikzeitung.ch\/berichte\/2026\/04\/classicalnext-2026-die-zukunft-der-kunstmusik-gestalten"},"author":{"name":"Katrin Spelinova","@id":"https:\/\/www.musikzeitung.ch\/#\/schema\/person\/dce7e5b820812d9af4db2f787d1bec92"},"headline":"Classical:next 2026: Die Zukunft der Kunstmusik gestalten","datePublished":"2026-04-20T06:48:56+00:00","dateModified":"2026-04-23T07:20:07+00:00","mainEntityOfPage":{"@id":"https:\/\/www.musikzeitung.ch\/berichte\/2026\/04\/classicalnext-2026-die-zukunft-der-kunstmusik-gestalten"},"wordCount":532,"publisher":{"@id":"https:\/\/www.musikzeitung.ch\/#organization"},"image":{"@id":"https:\/\/www.musikzeitung.ch\/berichte\/2026\/04\/classicalnext-2026-die-zukunft-der-kunstmusik-gestalten#primaryimage"},"thumbnailUrl":"https:\/\/www.musikzeitung.ch\/wp-content\/uploads\/2026\/04\/03_Echo_Classical_next_Web.jpg","keywords":["Classical:next","Kunstmusik","Virtual Reality"],"articleSection":["Berichte","Treffpunkte"],"inLanguage":"it-IT"},{"@type":"WebPage","@id":"https:\/\/www.musikzeitung.ch\/berichte\/2026\/04\/classicalnext-2026-die-zukunft-der-kunstmusik-gestalten","url":"https:\/\/www.musikzeitung.ch\/berichte\/2026\/04\/classicalnext-2026-die-zukunft-der-kunstmusik-gestalten","name":"Classical:next 2026: Dare forma al futuro della musica d'arte - Schweizer Musikzeitung","isPartOf":{"@id":"https:\/\/www.musikzeitung.ch\/#website"},"primaryImageOfPage":{"@id":"https:\/\/www.musikzeitung.ch\/berichte\/2026\/04\/classicalnext-2026-die-zukunft-der-kunstmusik-gestalten#primaryimage"},"image":{"@id":"https:\/\/www.musikzeitung.ch\/berichte\/2026\/04\/classicalnext-2026-die-zukunft-der-kunstmusik-gestalten#primaryimage"},"thumbnailUrl":"https:\/\/www.musikzeitung.ch\/wp-content\/uploads\/2026\/04\/03_Echo_Classical_next_Web.jpg","datePublished":"2026-04-20T06:48:56+00:00","dateModified":"2026-04-23T07:20:07+00:00","breadcrumb":{"@id":"https:\/\/www.musikzeitung.ch\/berichte\/2026\/04\/classicalnext-2026-die-zukunft-der-kunstmusik-gestalten#breadcrumb"},"inLanguage":"it-IT","potentialAction":[{"@type":"ReadAction","target":["https:\/\/www.musikzeitung.ch\/berichte\/2026\/04\/classicalnext-2026-die-zukunft-der-kunstmusik-gestalten"]}]},{"@type":"ImageObject","inLanguage":"it-IT","@id":"https:\/\/www.musikzeitung.ch\/berichte\/2026\/04\/classicalnext-2026-die-zukunft-der-kunstmusik-gestalten#primaryimage","url":"https:\/\/www.musikzeitung.ch\/wp-content\/uploads\/2026\/04\/03_Echo_Classical_next_Web.jpg","contentUrl":"https:\/\/www.musikzeitung.ch\/wp-content\/uploads\/2026\/04\/03_Echo_Classical_next_Web.jpg","width":1400,"height":934,"caption":"The largest global gathering of professionals for all sectors of classical and art music"},{"@type":"BreadcrumbList","@id":"https:\/\/www.musikzeitung.ch\/berichte\/2026\/04\/classicalnext-2026-die-zukunft-der-kunstmusik-gestalten#breadcrumb","itemListElement":[{"@type":"ListItem","position":1,"name":"Home","item":"https:\/\/www.musikzeitung.ch\/"},{"@type":"ListItem","position":2,"name":"Classical:next 2026: Die Zukunft der Kunstmusik gestalten"}]},{"@type":"WebSite","@id":"https:\/\/www.musikzeitung.ch\/#website","url":"https:\/\/www.musikzeitung.ch\/","name":"Giornale musicale svizzero","description":"Il principale mensile interdisciplinare della Svizzera per le questioni musicali.","publisher":{"@id":"https:\/\/www.musikzeitung.ch\/#organization"},"potentialAction":[{"@type":"SearchAction","target":{"@type":"EntryPoint","urlTemplate":"https:\/\/www.musikzeitung.ch\/?s={search_term_string}"},"query-input":{"@type":"PropertyValueSpecification","valueRequired":true,"valueName":"search_term_string"}}],"inLanguage":"it-IT"},{"@type":"Organization","@id":"https:\/\/www.musikzeitung.ch\/#organization","name":"Giornale musicale svizzero","url":"https:\/\/www.musikzeitung.ch\/","logo":{"@type":"ImageObject","inLanguage":"it-IT","@id":"https:\/\/www.musikzeitung.ch\/#\/schema\/logo\/image\/","url":"https:\/\/www.musikzeitung.ch\/wp-content\/uploads\/2023\/01\/SMZ_Schriftzug_Sprache.png","contentUrl":"https:\/\/www.musikzeitung.ch\/wp-content\/uploads\/2023\/01\/SMZ_Schriftzug_Sprache.png","width":1400,"height":279,"caption":"Schweizer Musikzeitung"},"image":{"@id":"https:\/\/www.musikzeitung.ch\/#\/schema\/logo\/image\/"},"sameAs":["https:\/\/www.facebook.com\/SchweizerMusikzeitung\/","https:\/\/x.com\/smusikzeitung","https:\/\/www.instagram.com\/musikzeitung.ch\/"]},{"@type":"Person","@id":"https:\/\/www.musikzeitung.ch\/#\/schema\/person\/dce7e5b820812d9af4db2f787d1bec92","name":"Katrin Spelinova","image":{"@type":"ImageObject","inLanguage":"it-IT","@id":"https:\/\/secure.gravatar.com\/avatar\/2a2c2956e074ebca9bf65620496cd2e317d90b8c76450e9dd04d7cebf95eeada?s=96&d=mm&r=g","url":"https:\/\/secure.gravatar.com\/avatar\/2a2c2956e074ebca9bf65620496cd2e317d90b8c76450e9dd04d7cebf95eeada?s=96&d=mm&r=g","contentUrl":"https:\/\/secure.gravatar.com\/avatar\/2a2c2956e074ebca9bf65620496cd2e317d90b8c76450e9dd04d7cebf95eeada?s=96&d=mm&r=g","caption":"Katrin Spelinova"},"sameAs":["https:\/\/x.com\/testredaktor"],"url":"https:\/\/www.musikzeitung.ch\/it\/author\/spelkat"}]}},"publishpress_future_workflow_manual_trigger":{"enabledWorkflows":[]},"_links":{"self":[{"href":"https:\/\/www.musikzeitung.ch\/it\/wp-json\/wp\/v2\/posts\/72713","targetHints":{"allow":["GET"]}}],"collection":[{"href":"https:\/\/www.musikzeitung.ch\/it\/wp-json\/wp\/v2\/posts"}],"about":[{"href":"https:\/\/www.musikzeitung.ch\/it\/wp-json\/wp\/v2\/types\/post"}],"author":[{"embeddable":true,"href":"https:\/\/www.musikzeitung.ch\/it\/wp-json\/wp\/v2\/users\/23"}],"replies":[{"embeddable":true,"href":"https:\/\/www.musikzeitung.ch\/it\/wp-json\/wp\/v2\/comments?post=72713"}],"version-history":[{"count":1,"href":"https:\/\/www.musikzeitung.ch\/it\/wp-json\/wp\/v2\/posts\/72713\/revisions"}],"predecessor-version":[{"id":72715,"href":"https:\/\/www.musikzeitung.ch\/it\/wp-json\/wp\/v2\/posts\/72713\/revisions\/72715"}],"wp:featuredmedia":[{"embeddable":true,"href":"https:\/\/www.musikzeitung.ch\/it\/wp-json\/wp\/v2\/media\/72714"}],"wp:attachment":[{"href":"https:\/\/www.musikzeitung.ch\/it\/wp-json\/wp\/v2\/media?parent=72713"}],"wp:term":[{"taxonomy":"category","embeddable":true,"href":"https:\/\/www.musikzeitung.ch\/it\/wp-json\/wp\/v2\/categories?post=72713"},{"taxonomy":"post_tag","embeddable":true,"href":"https:\/\/www.musikzeitung.ch\/it\/wp-json\/wp\/v2\/tags?post=72713"}],"curies":[{"name":"wp","href":"https:\/\/api.w.org\/{rel}","templated":true}]}}