{"id":72759,"date":"2026-04-22T06:11:15","date_gmt":"2026-04-22T04:11:15","guid":{"rendered":"https:\/\/www.musikzeitung.ch\/?p=72759"},"modified":"2026-04-22T09:45:43","modified_gmt":"2026-04-22T07:45:43","slug":"kanton-thurgau-foerdert-david-fluetsch","status":"publish","type":"post","link":"https:\/\/www.musikzeitung.ch\/it\/news\/2026\/04\/kanton-thurgau-foerdert-david-fluetsch","title":{"rendered":"Il Cantone di Turgovia sostiene David Fl\u00fctsch"},"content":{"rendered":"<figure id=\"attachment_72760\" aria-describedby=\"caption-attachment-72760\" style=\"width: 768px\" class=\"wp-caption alignnone\"><img loading=\"lazy\" decoding=\"async\" class=\"size-large wp-image-72760\" src=\"https:\/\/www.musikzeitung.ch\/wp-content\/uploads\/2026\/04\/260422fluetsch-1024x619.jpg\" alt=\"\" width=\"768\" height=\"464\" srcset=\"https:\/\/www.musikzeitung.ch\/wp-content\/uploads\/2026\/04\/260422fluetsch-1024x619.jpg 1024w, https:\/\/www.musikzeitung.ch\/wp-content\/uploads\/2026\/04\/260422fluetsch-300x181.jpg 300w, https:\/\/www.musikzeitung.ch\/wp-content\/uploads\/2026\/04\/260422fluetsch-768x464.jpg 768w, https:\/\/www.musikzeitung.ch\/wp-content\/uploads\/2026\/04\/260422fluetsch-18x12.jpg 18w, https:\/\/www.musikzeitung.ch\/wp-content\/uploads\/2026\/04\/260422fluetsch-289x175.jpg 289w, https:\/\/www.musikzeitung.ch\/wp-content\/uploads\/2026\/04\/260422fluetsch-579x350.jpg 579w, https:\/\/www.musikzeitung.ch\/wp-content\/uploads\/2026\/04\/260422fluetsch-920x556.jpg 920w, https:\/\/www.musikzeitung.ch\/wp-content\/uploads\/2026\/04\/260422fluetsch.jpg 1146w\" sizes=\"auto, (max-width: 768px) 100vw, 768px\" \/><figcaption id=\"caption-attachment-72760\" class=\"wp-caption-text\">David Fl\u00fctsch (Immagine: <a href=\"https:\/\/www.instrumentor.ch\/de\/dave-fluetsch\" target=\"_blank\" rel=\"noopener\">Fl\u00fctsch\/strumentista<\/a>)<\/figcaption><\/figure>\n<p><a href=\"https:\/\/www.instrumentor.ch\/de\/dave-fluetsch\" target=\"_blank\" rel=\"noopener\">David Fl\u00fctsch<\/a> \u00e8 cresciuto nei Grigioni e ha studiato batteria jazz e educazione musicale a Zurigo, secondo un comunicato stampa del Canton Turgovia. Da dieci anni vive a Weinfelden e gestisce uno studio musicale chiamato Sour Soul a B\u00fcrglen. I suoi clienti sono gruppi musicali internazionali e regionali. \u00c8 musicista, cantautore, compositore, ingegnere del suono e sound designer.<\/p>\n<p>Come batterista eccezionale, Fl\u00fctsch fa parte di diverse band. Ha anche una propria firma come produttore. Molti dei progetti in cui \u00e8 stato coinvolto sono stati promossi in tutta la Svizzera e premiati con nomination e riconoscimenti come l'M4Music Demotape Clinic, compreso il suo progetto MonoDada.<\/p>\n<p>Con il suo progetto attuale, vuole allontanarsi dal lavoro puramente su commissione per avere il tempo di rafforzare la propria firma musicale e trovare un'indipendenza artistica chiaramente profilata. Vorrebbe dedicare pi\u00f9 tempo ai propri progetti musicali.<\/p>\n<p>Il <a href=\"https:\/\/www.tg.ch\/news.html\/485\/news\/78342\" target=\"_blank\" rel=\"noopener\">Cantone di Turgovia<\/a> assegna una volta all'anno borse di studio personali ad artisti turgoviesi che desiderano fare un passo avanti nella loro carriera con un progetto convincente. Le borse sono dotate di 25.000 franchi svizzeri ciascuna.<\/p>","protected":false},"excerpt":{"rendered":"<p>Il Canton Turgovia sostiene la carriera del percussionista David Fl\u00fctsch con una sovvenzione di 25.000 franchi. <\/p>","protected":false},"author":30,"featured_media":72760,"comment_status":"closed","ping_status":"closed","sticky":false,"template":"","format":"standard","meta":{"_acf_changed":false,"_relevanssi_hide_post":"","_relevanssi_hide_content":"","_relevanssi_pin_for_all":"","_relevanssi_pin_keywords":"","_relevanssi_unpin_keywords":"","_relevanssi_related_keywords":"","_relevanssi_related_include_ids":"","_relevanssi_related_exclude_ids":"","_relevanssi_related_no_append":"","_relevanssi_related_not_related":"","_relevanssi_related_posts":"","_relevanssi_noindex_reason":"","pgc_sgb_lightbox_settings":"","footnotes":""},"categories":[27,1624],"tags":[5612,4670],"class_list":["post-72759","post","type-post","status-publish","format-standard","has-post-thumbnail","hentry","category-news","category-personen","tag-david-fluetsch","tag-kanton-thurgau"],"acf":[],"yoast_head":"<!-- This site is optimized with the Yoast SEO plugin v27.4 - https:\/\/yoast.com\/product\/yoast-seo-wordpress\/ -->\n<title>Kanton Thurgau f\u00f6rdert David Fl\u00fctsch - Schweizer Musikzeitung<\/title>\n<meta name=\"description\" content=\"Der Kanton Thurgau unterst\u00fctzt die Karriere des Schlagzeugers David Fl\u00fctsch mit einem F\u00f6rderbeitrag von 25 000 Franken.\" \/>\n<meta name=\"robots\" content=\"index, follow, max-snippet:-1, max-image-preview:large, max-video-preview:-1\" \/>\n<link rel=\"canonical\" href=\"https:\/\/www.musikzeitung.ch\/it\/news\/2026\/04\/kanton-thurgau-foerdert-david-fluetsch\/\" \/>\n<meta property=\"og:locale\" content=\"it_IT\" \/>\n<meta property=\"og:type\" content=\"article\" \/>\n<meta property=\"og:title\" content=\"Kanton Thurgau f\u00f6rdert David Fl\u00fctsch - Schweizer Musikzeitung\" \/>\n<meta property=\"og:description\" content=\"Der Kanton Thurgau unterst\u00fctzt die Karriere des Schlagzeugers David Fl\u00fctsch mit einem F\u00f6rderbeitrag von 25 000 Franken.\" \/>\n<meta property=\"og:url\" content=\"https:\/\/www.musikzeitung.ch\/it\/news\/2026\/04\/kanton-thurgau-foerdert-david-fluetsch\/\" \/>\n<meta property=\"og:site_name\" content=\"Schweizer Musikzeitung\" \/>\n<meta property=\"article:publisher\" content=\"https:\/\/www.facebook.com\/SchweizerMusikzeitung\/\" \/>\n<meta property=\"article:author\" content=\"https:\/\/www.facebook.com\/wolfgang.bohler.75\" \/>\n<meta property=\"article:published_time\" content=\"2026-04-22T04:11:15+00:00\" \/>\n<meta property=\"article:modified_time\" content=\"2026-04-22T07:45:43+00:00\" \/>\n<meta property=\"og:image\" content=\"https:\/\/www.musikzeitung.ch\/wp-content\/uploads\/2026\/04\/260422fluetsch.jpg\" \/>\n\t<meta property=\"og:image:width\" content=\"1146\" \/>\n\t<meta property=\"og:image:height\" content=\"693\" \/>\n\t<meta property=\"og:image:type\" content=\"image\/jpeg\" \/>\n<meta name=\"author\" content=\"Wolfgang B\u00f6hler\" \/>\n<meta name=\"twitter:card\" content=\"summary_large_image\" \/>\n<meta name=\"twitter:creator\" content=\"@smusikzeitung\" \/>\n<meta name=\"twitter:site\" content=\"@smusikzeitung\" \/>\n<meta name=\"twitter:label1\" content=\"Scritto da\" \/>\n\t<meta name=\"twitter:data1\" content=\"Wolfgang B\u00f6hler\" \/>\n\t<meta name=\"twitter:label2\" content=\"Tempo di lettura stimato\" \/>\n\t<meta name=\"twitter:data2\" content=\"2 minuti\" \/>\n<script type=\"application\/ld+json\" class=\"yoast-schema-graph\">{\"@context\":\"https:\\\/\\\/schema.org\",\"@graph\":[{\"@type\":\"Article\",\"@id\":\"https:\\\/\\\/www.musikzeitung.ch\\\/news\\\/2026\\\/04\\\/kanton-thurgau-foerdert-david-fluetsch#article\",\"isPartOf\":{\"@id\":\"https:\\\/\\\/www.musikzeitung.ch\\\/news\\\/2026\\\/04\\\/kanton-thurgau-foerdert-david-fluetsch\"},\"author\":{\"name\":\"Wolfgang B\u00f6hler\",\"@id\":\"https:\\\/\\\/www.musikzeitung.ch\\\/#\\\/schema\\\/person\\\/0da4fb82d243f1252850a35d0e87cf0c\"},\"headline\":\"Kanton Thurgau f\u00f6rdert David Fl\u00fctsch\",\"datePublished\":\"2026-04-22T04:11:15+00:00\",\"dateModified\":\"2026-04-22T07:45:43+00:00\",\"mainEntityOfPage\":{\"@id\":\"https:\\\/\\\/www.musikzeitung.ch\\\/news\\\/2026\\\/04\\\/kanton-thurgau-foerdert-david-fluetsch\"},\"wordCount\":213,\"publisher\":{\"@id\":\"https:\\\/\\\/www.musikzeitung.ch\\\/#organization\"},\"image\":{\"@id\":\"https:\\\/\\\/www.musikzeitung.ch\\\/news\\\/2026\\\/04\\\/kanton-thurgau-foerdert-david-fluetsch#primaryimage\"},\"thumbnailUrl\":\"https:\\\/\\\/www.musikzeitung.ch\\\/wp-content\\\/uploads\\\/2026\\\/04\\\/260422fluetsch.jpg\",\"keywords\":[\"David Fl\u00fctsch\",\"Kanton Thurgau\"],\"articleSection\":[\"News\",\"Personen\"],\"inLanguage\":\"it-IT\"},{\"@type\":\"WebPage\",\"@id\":\"https:\\\/\\\/www.musikzeitung.ch\\\/news\\\/2026\\\/04\\\/kanton-thurgau-foerdert-david-fluetsch\",\"url\":\"https:\\\/\\\/www.musikzeitung.ch\\\/news\\\/2026\\\/04\\\/kanton-thurgau-foerdert-david-fluetsch\",\"name\":\"Kanton Thurgau f\u00f6rdert David Fl\u00fctsch - Schweizer Musikzeitung\",\"isPartOf\":{\"@id\":\"https:\\\/\\\/www.musikzeitung.ch\\\/#website\"},\"primaryImageOfPage\":{\"@id\":\"https:\\\/\\\/www.musikzeitung.ch\\\/news\\\/2026\\\/04\\\/kanton-thurgau-foerdert-david-fluetsch#primaryimage\"},\"image\":{\"@id\":\"https:\\\/\\\/www.musikzeitung.ch\\\/news\\\/2026\\\/04\\\/kanton-thurgau-foerdert-david-fluetsch#primaryimage\"},\"thumbnailUrl\":\"https:\\\/\\\/www.musikzeitung.ch\\\/wp-content\\\/uploads\\\/2026\\\/04\\\/260422fluetsch.jpg\",\"datePublished\":\"2026-04-22T04:11:15+00:00\",\"dateModified\":\"2026-04-22T07:45:43+00:00\",\"description\":\"Der Kanton Thurgau unterst\u00fctzt die Karriere des Schlagzeugers David Fl\u00fctsch mit einem F\u00f6rderbeitrag von 25 000 Franken.\",\"breadcrumb\":{\"@id\":\"https:\\\/\\\/www.musikzeitung.ch\\\/news\\\/2026\\\/04\\\/kanton-thurgau-foerdert-david-fluetsch#breadcrumb\"},\"inLanguage\":\"it-IT\",\"potentialAction\":[{\"@type\":\"ReadAction\",\"target\":[\"https:\\\/\\\/www.musikzeitung.ch\\\/news\\\/2026\\\/04\\\/kanton-thurgau-foerdert-david-fluetsch\"]}]},{\"@type\":\"ImageObject\",\"inLanguage\":\"it-IT\",\"@id\":\"https:\\\/\\\/www.musikzeitung.ch\\\/news\\\/2026\\\/04\\\/kanton-thurgau-foerdert-david-fluetsch#primaryimage\",\"url\":\"https:\\\/\\\/www.musikzeitung.ch\\\/wp-content\\\/uploads\\\/2026\\\/04\\\/260422fluetsch.jpg\",\"contentUrl\":\"https:\\\/\\\/www.musikzeitung.ch\\\/wp-content\\\/uploads\\\/2026\\\/04\\\/260422fluetsch.jpg\",\"width\":1146,\"height\":693,\"caption\":\"David Fl\u00fctsch (Bild:Fl\u00fctsch\\\/Instrumentor)\"},{\"@type\":\"BreadcrumbList\",\"@id\":\"https:\\\/\\\/www.musikzeitung.ch\\\/news\\\/2026\\\/04\\\/kanton-thurgau-foerdert-david-fluetsch#breadcrumb\",\"itemListElement\":[{\"@type\":\"ListItem\",\"position\":1,\"name\":\"Home\",\"item\":\"https:\\\/\\\/www.musikzeitung.ch\\\/\"},{\"@type\":\"ListItem\",\"position\":2,\"name\":\"Kanton Thurgau f\u00f6rdert David Fl\u00fctsch\"}]},{\"@type\":\"WebSite\",\"@id\":\"https:\\\/\\\/www.musikzeitung.ch\\\/#website\",\"url\":\"https:\\\/\\\/www.musikzeitung.ch\\\/\",\"name\":\"Schweizer Musikzeitung\",\"description\":\"Die f\u00fchrende sparten\u00fcbergreifende Monatszeitung in der Schweiz f\u00fcr musikalische Fragen.\",\"publisher\":{\"@id\":\"https:\\\/\\\/www.musikzeitung.ch\\\/#organization\"},\"potentialAction\":[{\"@type\":\"SearchAction\",\"target\":{\"@type\":\"EntryPoint\",\"urlTemplate\":\"https:\\\/\\\/www.musikzeitung.ch\\\/?s={search_term_string}\"},\"query-input\":{\"@type\":\"PropertyValueSpecification\",\"valueRequired\":true,\"valueName\":\"search_term_string\"}}],\"inLanguage\":\"it-IT\"},{\"@type\":\"Organization\",\"@id\":\"https:\\\/\\\/www.musikzeitung.ch\\\/#organization\",\"name\":\"Schweizer Musikzeitung\",\"url\":\"https:\\\/\\\/www.musikzeitung.ch\\\/\",\"logo\":{\"@type\":\"ImageObject\",\"inLanguage\":\"it-IT\",\"@id\":\"https:\\\/\\\/www.musikzeitung.ch\\\/#\\\/schema\\\/logo\\\/image\\\/\",\"url\":\"https:\\\/\\\/www.musikzeitung.ch\\\/wp-content\\\/uploads\\\/2023\\\/01\\\/SMZ_Schriftzug_Sprache.png\",\"contentUrl\":\"https:\\\/\\\/www.musikzeitung.ch\\\/wp-content\\\/uploads\\\/2023\\\/01\\\/SMZ_Schriftzug_Sprache.png\",\"width\":1400,\"height\":279,\"caption\":\"Schweizer Musikzeitung\"},\"image\":{\"@id\":\"https:\\\/\\\/www.musikzeitung.ch\\\/#\\\/schema\\\/logo\\\/image\\\/\"},\"sameAs\":[\"https:\\\/\\\/www.facebook.com\\\/SchweizerMusikzeitung\\\/\",\"https:\\\/\\\/x.com\\\/smusikzeitung\",\"https:\\\/\\\/www.instagram.com\\\/musikzeitung.ch\\\/\"]},{\"@type\":\"Person\",\"@id\":\"https:\\\/\\\/www.musikzeitung.ch\\\/#\\\/schema\\\/person\\\/0da4fb82d243f1252850a35d0e87cf0c\",\"name\":\"Wolfgang B\u00f6hler\",\"image\":{\"@type\":\"ImageObject\",\"inLanguage\":\"it-IT\",\"@id\":\"https:\\\/\\\/www.musikzeitung.ch\\\/wp-content\\\/uploads\\\/2023\\\/01\\\/boehler_portraet_web-e1674139782246-96x96.jpg\",\"url\":\"https:\\\/\\\/www.musikzeitung.ch\\\/wp-content\\\/uploads\\\/2023\\\/01\\\/boehler_portraet_web-e1674139782246-96x96.jpg\",\"contentUrl\":\"https:\\\/\\\/www.musikzeitung.ch\\\/wp-content\\\/uploads\\\/2023\\\/01\\\/boehler_portraet_web-e1674139782246-96x96.jpg\",\"caption\":\"Wolfgang B\u00f6hler\"},\"sameAs\":[\"http:\\\/\\\/www.manacanto.ch\",\"https:\\\/\\\/www.facebook.com\\\/wolfgang.bohler.75\"],\"url\":\"https:\\\/\\\/www.musikzeitung.ch\\\/it\\\/author\\\/wolfgang-boehler\"}]}<\/script>\n<!-- \/ Yoast SEO plugin. -->","yoast_head_json":{"title":"Il Canton Turgovia sostiene David Fl\u00fctsch - Schweizer Musikzeitung","description":"Il Canton Turgovia sostiene la carriera del percussionista David Fl\u00fctsch con una sovvenzione di 25.000 franchi.","robots":{"index":"index","follow":"follow","max-snippet":"max-snippet:-1","max-image-preview":"max-image-preview:large","max-video-preview":"max-video-preview:-1"},"canonical":"https:\/\/www.musikzeitung.ch\/it\/news\/2026\/04\/kanton-thurgau-foerdert-david-fluetsch\/","og_locale":"it_IT","og_type":"article","og_title":"Kanton Thurgau f\u00f6rdert David Fl\u00fctsch - Schweizer Musikzeitung","og_description":"Der Kanton Thurgau unterst\u00fctzt die Karriere des Schlagzeugers David Fl\u00fctsch mit einem F\u00f6rderbeitrag von 25 000 Franken.","og_url":"https:\/\/www.musikzeitung.ch\/it\/news\/2026\/04\/kanton-thurgau-foerdert-david-fluetsch\/","og_site_name":"Schweizer Musikzeitung","article_publisher":"https:\/\/www.facebook.com\/SchweizerMusikzeitung\/","article_author":"https:\/\/www.facebook.com\/wolfgang.bohler.75","article_published_time":"2026-04-22T04:11:15+00:00","article_modified_time":"2026-04-22T07:45:43+00:00","og_image":[{"width":1146,"height":693,"url":"https:\/\/www.musikzeitung.ch\/wp-content\/uploads\/2026\/04\/260422fluetsch.jpg","type":"image\/jpeg"}],"author":"Wolfgang B\u00f6hler","twitter_card":"summary_large_image","twitter_creator":"@smusikzeitung","twitter_site":"@smusikzeitung","twitter_misc":{"Scritto da":"Wolfgang B\u00f6hler","Tempo di lettura stimato":"2 minuti"},"schema":{"@context":"https:\/\/schema.org","@graph":[{"@type":"Article","@id":"https:\/\/www.musikzeitung.ch\/news\/2026\/04\/kanton-thurgau-foerdert-david-fluetsch#article","isPartOf":{"@id":"https:\/\/www.musikzeitung.ch\/news\/2026\/04\/kanton-thurgau-foerdert-david-fluetsch"},"author":{"name":"Wolfgang B\u00f6hler","@id":"https:\/\/www.musikzeitung.ch\/#\/schema\/person\/0da4fb82d243f1252850a35d0e87cf0c"},"headline":"Kanton Thurgau f\u00f6rdert David Fl\u00fctsch","datePublished":"2026-04-22T04:11:15+00:00","dateModified":"2026-04-22T07:45:43+00:00","mainEntityOfPage":{"@id":"https:\/\/www.musikzeitung.ch\/news\/2026\/04\/kanton-thurgau-foerdert-david-fluetsch"},"wordCount":213,"publisher":{"@id":"https:\/\/www.musikzeitung.ch\/#organization"},"image":{"@id":"https:\/\/www.musikzeitung.ch\/news\/2026\/04\/kanton-thurgau-foerdert-david-fluetsch#primaryimage"},"thumbnailUrl":"https:\/\/www.musikzeitung.ch\/wp-content\/uploads\/2026\/04\/260422fluetsch.jpg","keywords":["David Fl\u00fctsch","Kanton Thurgau"],"articleSection":["News","Personen"],"inLanguage":"it-IT"},{"@type":"WebPage","@id":"https:\/\/www.musikzeitung.ch\/news\/2026\/04\/kanton-thurgau-foerdert-david-fluetsch","url":"https:\/\/www.musikzeitung.ch\/news\/2026\/04\/kanton-thurgau-foerdert-david-fluetsch","name":"Il Canton Turgovia sostiene David Fl\u00fctsch - Schweizer Musikzeitung","isPartOf":{"@id":"https:\/\/www.musikzeitung.ch\/#website"},"primaryImageOfPage":{"@id":"https:\/\/www.musikzeitung.ch\/news\/2026\/04\/kanton-thurgau-foerdert-david-fluetsch#primaryimage"},"image":{"@id":"https:\/\/www.musikzeitung.ch\/news\/2026\/04\/kanton-thurgau-foerdert-david-fluetsch#primaryimage"},"thumbnailUrl":"https:\/\/www.musikzeitung.ch\/wp-content\/uploads\/2026\/04\/260422fluetsch.jpg","datePublished":"2026-04-22T04:11:15+00:00","dateModified":"2026-04-22T07:45:43+00:00","description":"Il Canton Turgovia sostiene la carriera del percussionista David Fl\u00fctsch con una sovvenzione di 25.000 franchi.","breadcrumb":{"@id":"https:\/\/www.musikzeitung.ch\/news\/2026\/04\/kanton-thurgau-foerdert-david-fluetsch#breadcrumb"},"inLanguage":"it-IT","potentialAction":[{"@type":"ReadAction","target":["https:\/\/www.musikzeitung.ch\/news\/2026\/04\/kanton-thurgau-foerdert-david-fluetsch"]}]},{"@type":"ImageObject","inLanguage":"it-IT","@id":"https:\/\/www.musikzeitung.ch\/news\/2026\/04\/kanton-thurgau-foerdert-david-fluetsch#primaryimage","url":"https:\/\/www.musikzeitung.ch\/wp-content\/uploads\/2026\/04\/260422fluetsch.jpg","contentUrl":"https:\/\/www.musikzeitung.ch\/wp-content\/uploads\/2026\/04\/260422fluetsch.jpg","width":1146,"height":693,"caption":"David Fl\u00fctsch (Bild:Fl\u00fctsch\/Instrumentor)"},{"@type":"BreadcrumbList","@id":"https:\/\/www.musikzeitung.ch\/news\/2026\/04\/kanton-thurgau-foerdert-david-fluetsch#breadcrumb","itemListElement":[{"@type":"ListItem","position":1,"name":"Home","item":"https:\/\/www.musikzeitung.ch\/"},{"@type":"ListItem","position":2,"name":"Kanton Thurgau f\u00f6rdert David Fl\u00fctsch"}]},{"@type":"WebSite","@id":"https:\/\/www.musikzeitung.ch\/#website","url":"https:\/\/www.musikzeitung.ch\/","name":"Giornale musicale svizzero","description":"Il principale mensile interdisciplinare della Svizzera per le questioni musicali.","publisher":{"@id":"https:\/\/www.musikzeitung.ch\/#organization"},"potentialAction":[{"@type":"SearchAction","target":{"@type":"EntryPoint","urlTemplate":"https:\/\/www.musikzeitung.ch\/?s={search_term_string}"},"query-input":{"@type":"PropertyValueSpecification","valueRequired":true,"valueName":"search_term_string"}}],"inLanguage":"it-IT"},{"@type":"Organization","@id":"https:\/\/www.musikzeitung.ch\/#organization","name":"Giornale musicale svizzero","url":"https:\/\/www.musikzeitung.ch\/","logo":{"@type":"ImageObject","inLanguage":"it-IT","@id":"https:\/\/www.musikzeitung.ch\/#\/schema\/logo\/image\/","url":"https:\/\/www.musikzeitung.ch\/wp-content\/uploads\/2023\/01\/SMZ_Schriftzug_Sprache.png","contentUrl":"https:\/\/www.musikzeitung.ch\/wp-content\/uploads\/2023\/01\/SMZ_Schriftzug_Sprache.png","width":1400,"height":279,"caption":"Schweizer Musikzeitung"},"image":{"@id":"https:\/\/www.musikzeitung.ch\/#\/schema\/logo\/image\/"},"sameAs":["https:\/\/www.facebook.com\/SchweizerMusikzeitung\/","https:\/\/x.com\/smusikzeitung","https:\/\/www.instagram.com\/musikzeitung.ch\/"]},{"@type":"Person","@id":"https:\/\/www.musikzeitung.ch\/#\/schema\/person\/0da4fb82d243f1252850a35d0e87cf0c","name":"Wolfgang B\u00f6hler","image":{"@type":"ImageObject","inLanguage":"it-IT","@id":"https:\/\/www.musikzeitung.ch\/wp-content\/uploads\/2023\/01\/boehler_portraet_web-e1674139782246-96x96.jpg","url":"https:\/\/www.musikzeitung.ch\/wp-content\/uploads\/2023\/01\/boehler_portraet_web-e1674139782246-96x96.jpg","contentUrl":"https:\/\/www.musikzeitung.ch\/wp-content\/uploads\/2023\/01\/boehler_portraet_web-e1674139782246-96x96.jpg","caption":"Wolfgang B\u00f6hler"},"sameAs":["http:\/\/www.manacanto.ch","https:\/\/www.facebook.com\/wolfgang.bohler.75"],"url":"https:\/\/www.musikzeitung.ch\/it\/author\/wolfgang-boehler"}]}},"publishpress_future_workflow_manual_trigger":{"enabledWorkflows":[]},"_links":{"self":[{"href":"https:\/\/www.musikzeitung.ch\/it\/wp-json\/wp\/v2\/posts\/72759","targetHints":{"allow":["GET"]}}],"collection":[{"href":"https:\/\/www.musikzeitung.ch\/it\/wp-json\/wp\/v2\/posts"}],"about":[{"href":"https:\/\/www.musikzeitung.ch\/it\/wp-json\/wp\/v2\/types\/post"}],"author":[{"embeddable":true,"href":"https:\/\/www.musikzeitung.ch\/it\/wp-json\/wp\/v2\/users\/30"}],"replies":[{"embeddable":true,"href":"https:\/\/www.musikzeitung.ch\/it\/wp-json\/wp\/v2\/comments?post=72759"}],"version-history":[{"count":5,"href":"https:\/\/www.musikzeitung.ch\/it\/wp-json\/wp\/v2\/posts\/72759\/revisions"}],"predecessor-version":[{"id":72777,"href":"https:\/\/www.musikzeitung.ch\/it\/wp-json\/wp\/v2\/posts\/72759\/revisions\/72777"}],"wp:featuredmedia":[{"embeddable":true,"href":"https:\/\/www.musikzeitung.ch\/it\/wp-json\/wp\/v2\/media\/72760"}],"wp:attachment":[{"href":"https:\/\/www.musikzeitung.ch\/it\/wp-json\/wp\/v2\/media?parent=72759"}],"wp:term":[{"taxonomy":"category","embeddable":true,"href":"https:\/\/www.musikzeitung.ch\/it\/wp-json\/wp\/v2\/categories?post=72759"},{"taxonomy":"post_tag","embeddable":true,"href":"https:\/\/www.musikzeitung.ch\/it\/wp-json\/wp\/v2\/tags?post=72759"}],"curies":[{"name":"wp","href":"https:\/\/api.w.org\/{rel}","templated":true}]}}