{"id":72778,"date":"2026-04-22T16:13:52","date_gmt":"2026-04-22T14:13:52","guid":{"rendered":"https:\/\/www.musikzeitung.ch\/?p=72778"},"modified":"2026-04-23T09:19:26","modified_gmt":"2026-04-23T07:19:26","slug":"zur-geschichte-der-schweizerischen-gesellschaft-fuer-neue-musik","status":"publish","type":"post","link":"https:\/\/www.musikzeitung.ch\/it\/berichte\/2026\/04\/zur-geschichte-der-schweizerischen-gesellschaft-fuer-neue-musik","title":{"rendered":"La storia della Societ\u00e0 Svizzera per la Nuova Musica"},"content":{"rendered":"<figure id=\"attachment_72803\" aria-describedby=\"caption-attachment-72803\" style=\"width: 1400px\" class=\"wp-caption aligncenter\"><img loading=\"lazy\" decoding=\"async\" class=\"wp-image-72803 size-full\" src=\"https:\/\/www.musikzeitung.ch\/wp-content\/uploads\/2026\/04\/03_Echo_SGNM_8b.jpg\" alt=\"\" width=\"1400\" height=\"933\" srcset=\"https:\/\/www.musikzeitung.ch\/wp-content\/uploads\/2026\/04\/03_Echo_SGNM_8b.jpg 1400w, https:\/\/www.musikzeitung.ch\/wp-content\/uploads\/2026\/04\/03_Echo_SGNM_8b-300x200.jpg 300w, https:\/\/www.musikzeitung.ch\/wp-content\/uploads\/2026\/04\/03_Echo_SGNM_8b-1024x683.jpg 1024w, https:\/\/www.musikzeitung.ch\/wp-content\/uploads\/2026\/04\/03_Echo_SGNM_8b-600x400.jpg 600w, https:\/\/www.musikzeitung.ch\/wp-content\/uploads\/2026\/04\/03_Echo_SGNM_8b-768x512.jpg 768w, https:\/\/www.musikzeitung.ch\/wp-content\/uploads\/2026\/04\/03_Echo_SGNM_8b-1536x1024.jpg 1536w, https:\/\/www.musikzeitung.ch\/wp-content\/uploads\/2026\/04\/03_Echo_SGNM_8b-18x12.jpg 18w, https:\/\/www.musikzeitung.ch\/wp-content\/uploads\/2026\/04\/03_Echo_SGNM_8b-263x175.jpg 263w, https:\/\/www.musikzeitung.ch\/wp-content\/uploads\/2026\/04\/03_Echo_SGNM_8b-525x350.jpg 525w, https:\/\/www.musikzeitung.ch\/wp-content\/uploads\/2026\/04\/03_Echo_SGNM_8b-1200x800.jpg 1200w, https:\/\/www.musikzeitung.ch\/wp-content\/uploads\/2026\/04\/03_Echo_SGNM_8b-920x613.jpg 920w\" sizes=\"auto, (max-width: 1400px) 100vw, 1400px\" \/><figcaption id=\"caption-attachment-72803\" class=\"wp-caption-text\">\u00abFoto di famiglia\u00bb dei delegati ISCM in occasione dell'Assemblea Generale ISCM agli ISCM World Music Days 2019 a Tallinn, Estonia, 2\u00b0 da sinistra in prima fila: Javier Hagen, 1\u00b0 da destra in prima fila: Max E. Keller. Foto: zVg\/ISCM Svizzera<\/figcaption><\/figure>\n<p>La storia del <a href=\"https:\/\/de.wikipedia.org\/wiki\/Schweizerische_Gesellschaft_f%C3%BCr_Neue_Musik\" target=\"_blank\" rel=\"noopener\">Societ\u00e0 Svizzera per la Nuova Musica (SGNM)<\/a>) dalla sua fondazione nel 1995 fino al suo scioglimento nel 2025 con il <a href=\"https:\/\/de.wikipedia.org\/wiki\/ISCM_Switzerland\" target=\"_blank\" rel=\"noopener\">ISCM Svizzera<\/a> il rappresentante svizzero della Societ\u00e0 Internazionale di Musica Contemporanea (<a href=\"http:\/\/iscm.org\" target=\"_blank\" rel=\"noopener\">ISCM<\/a>). Nel contesto di lingua tedesca, l'ISCM \u00e8 generalmente conosciuta come International Society for New Music (IGNM).<\/p>\n<h3>Una storia di oltre cento anni<\/h3>\n<p>L'ISCM Svizzera esiste dall'ottobre 1922, anno di fondazione dell'ISCM, ed \u00e8 una delle pi\u00f9 antiche sezioni nazionali dell'ISCM. Diverse personalit\u00e0 musicali svizzere influenti sono state coinvolte nella fondazione e nei primi anni dell'ISCM. Il direttore d'orchestra e compositore tedesco Hermann Scherchen, che all'epoca lavorava al Musikkollegium di Winterthur ed era strettamente legato ai fondatori dell'ISCM, port\u00f2 il suo datore di lavoro, il mecenate di Winterthur Werner Reinhart, nel comitato di fondazione dell'ISCM. Reinhart fu allora responsabile sia del sostanziale sostegno finanziario alle prime Giornate Mondiali di Musica dell'ISCM, i festival dell'ISCM che si tenevano ogni anno in un paese diverso, sia della fondazione dell'ISCM Svizzera come parte dell'Associazione Svizzera dei Musicisti STV. Il primo consiglio direttivo dell'ISCM Svizzera comprendeva <a href=\"https:\/\/de.wikipedia.org\/wiki\/Volkmar_Andreae\" target=\"_blank\" rel=\"noopener\">Volkmar Andreae<\/a> (Presidente), <a href=\"https:\/\/de.wikipedia.org\/wiki\/Hermann_Suter\" target=\"_blank\" rel=\"noopener\">Hermann Suter<\/a>, <a href=\"https:\/\/de.wikipedia.org\/wiki\/Emile_Lauber\" target=\"_blank\" rel=\"noopener\">Emile Lauber<\/a>, <a href=\"https:\/\/de.wikipedia.org\/wiki\/Ernest_Ansermet\" target=\"_blank\" rel=\"noopener\">Ernest Ansermet<\/a>, <a href=\"https:\/\/de.wikipedia.org\/wiki\/Werner_Reinhart\" target=\"_blank\" rel=\"noopener\">Werner Reinhart,<\/a> <a href=\"https:\/\/ead.nb.admin.ch\/html\/laquai_reinhold.html\" target=\"_blank\" rel=\"noopener\">Reinhold Laquai<\/a> e <a href=\"https:\/\/www.artlyrique.fr\/personnages\/Duperier%20Jean.html\" target=\"_blank\" rel=\"noopener\">Jean Dup\u00e9rier <\/a>sede. Negli anni Venti, l'ISCM Svizzera organizz\u00f2 anche le Giornate Mondiali di Musica dell'ISCM per due volte: nel 1926 a Zurigo sotto la guida di Volkmar Andreae e nel 1926 a Zurigo sotto la guida di Volkmar Andreae. <a href=\"https:\/\/de.wikipedia.org\/wiki\/Hermann_Scherchen\" target=\"_blank\" rel=\"noopener\">Hermann Scherchen<\/a>, e nel 1929 a Ginevra con Ernest Ansermet.<\/p>\n<figure id=\"attachment_72802\" aria-describedby=\"caption-attachment-72802\" style=\"width: 1400px\" class=\"wp-caption aligncenter\"><img loading=\"lazy\" decoding=\"async\" class=\"wp-image-72802 size-full\" src=\"https:\/\/www.musikzeitung.ch\/wp-content\/uploads\/2026\/04\/03_Echo_SGNM_7_b.jpg\" alt=\"\" width=\"1400\" height=\"745\" srcset=\"https:\/\/www.musikzeitung.ch\/wp-content\/uploads\/2026\/04\/03_Echo_SGNM_7_b.jpg 1400w, https:\/\/www.musikzeitung.ch\/wp-content\/uploads\/2026\/04\/03_Echo_SGNM_7_b-300x160.jpg 300w, https:\/\/www.musikzeitung.ch\/wp-content\/uploads\/2026\/04\/03_Echo_SGNM_7_b-1024x545.jpg 1024w, https:\/\/www.musikzeitung.ch\/wp-content\/uploads\/2026\/04\/03_Echo_SGNM_7_b-768x408.jpg 768w, https:\/\/www.musikzeitung.ch\/wp-content\/uploads\/2026\/04\/03_Echo_SGNM_7_b-1536x817.jpg 1536w, https:\/\/www.musikzeitung.ch\/wp-content\/uploads\/2026\/04\/03_Echo_SGNM_7_b-18x10.jpg 18w, https:\/\/www.musikzeitung.ch\/wp-content\/uploads\/2026\/04\/03_Echo_SGNM_7_b-329x175.jpg 329w, https:\/\/www.musikzeitung.ch\/wp-content\/uploads\/2026\/04\/03_Echo_SGNM_7_b-658x350.jpg 658w, https:\/\/www.musikzeitung.ch\/wp-content\/uploads\/2026\/04\/03_Echo_SGNM_7_b-1504x800.jpg 1504w, https:\/\/www.musikzeitung.ch\/wp-content\/uploads\/2026\/04\/03_Echo_SGNM_7_b-920x489.jpg 920w\" sizes=\"auto, (max-width: 1400px) 100vw, 1400px\" \/><figcaption id=\"caption-attachment-72802\" class=\"wp-caption-text\">Junghae Lee insieme ai membri del consiglio di amministrazione della SGNM Egidius Streiff, Max E. Keller e Javier Hagen alle Giornate mondiali della musica dell'ISCM a Tallinn, Estonia, 2019. Foto: zVg\/ISCM Svizzera<\/figcaption><\/figure>\n<h3>Parte dell'Associazione Svizzera dei Musicisti<\/h3>\n<p>Dal 1922 al 1995, l'ISCM Svizzera \u00e8 stato parte integrante dell'associazione <a href=\"https:\/\/de.wikipedia.org\/wiki\/Sonart\" target=\"_blank\" rel=\"noopener\">Associazione svizzera dei musicisti (STV<\/a>), l'associazione pi\u00f9 importante e influente per la musica contemporanea in Svizzera all'epoca. All'epoca, la STV funzionava in modo analogo alle Unioni dei Compositori degli altri Paesi membri dell'ISCM.<\/p>\n<p>Fino agli anni '70, i presidenti del STV hanno ricoperto contemporaneamente anche la presidenza dell'ISCM Svizzera. A partire dagli anni Settanta, si \u00e8 progressivamente affermata la volont\u00e0 di separare le presidenze del STV e dell'ISCM Svizzera, ma giuridicamente tutto \u00e8 rimasto sotto un unico tetto, quello del STV.<\/p>\n<p>In vista dell'imminente <a href=\"https:\/\/de.wikipedia.org\/wiki\/ISCM_World_Music_Days_2004\" target=\"_blank\" rel=\"noopener\">Giornate mondiali della musica ISCM 2004<\/a> In Svizzera, l'ISCM Svizzera \u00e8 stato separato dalla STV nel 1995 e incorporato in una propria entit\u00e0 legale: la Societ\u00e0 Svizzera per la Musica Contemporanea SGNM \/ Soci\u00e9t\u00e9 Suisse pour la Musique Contemporaine SSMC, fondata a questo scopo nel 1995 sotto la direzione di Jean-Luc Darbellay. Questo passo \u00e8 stato fatto per garantire una maggiore flessibilit\u00e0 operativa, come \u00e8 avvenuto fino alle Giornate Mondiali di Musica dell'ISCM in Svizzera nel 2004.<\/p>\n<h3>Situazione difficile dopo le Giornate Mondiali della Musica 2004<\/h3>\n<p>L'aspetto negativo della fondazione della SGNM nel 1995 fu la perdita della struttura associativa di supporto e rappresentanza della STV. La nuova associazione contava solo circa due dozzine di membri invece di oltre 1000: la maggior parte dei gruppi locali svizzeri dell'IGNM, alcuni altri organizzatori di nuova musica e una manciata di ensemble. E non appena le Giornate Mondiali della Musica 2004 dell'ISCM si sono concluse in Svizzera, la SGNM ha perso anche i finanziamenti federali e la segreteria del progetto.<\/p>\n<p>Questo era ancora il caso quando Javier Hagen ha assunto la presidenza del SGNM nel 2014. La sua assunzione della presidenza del SGNM era legata all'intenzione dichiarata di risolvere questo dilemma e di non continuare l'ISCM Svizzera come prima, ma piuttosto di reintegrarla in una struttura nazionale coerente. All'epoca, ci\u00f2 significava tornare al STV.<\/p>\n<figure id=\"attachment_72798\" aria-describedby=\"caption-attachment-72798\" style=\"width: 1191px\" class=\"wp-caption aligncenter\"><img loading=\"lazy\" decoding=\"async\" class=\"wp-image-72798 size-full\" src=\"https:\/\/www.musikzeitung.ch\/wp-content\/uploads\/2026\/04\/03_Echo_SGNM_3.jpg\" alt=\"\" width=\"1191\" height=\"894\" srcset=\"https:\/\/www.musikzeitung.ch\/wp-content\/uploads\/2026\/04\/03_Echo_SGNM_3.jpg 1191w, https:\/\/www.musikzeitung.ch\/wp-content\/uploads\/2026\/04\/03_Echo_SGNM_3-300x225.jpg 300w, https:\/\/www.musikzeitung.ch\/wp-content\/uploads\/2026\/04\/03_Echo_SGNM_3-1024x769.jpg 1024w, https:\/\/www.musikzeitung.ch\/wp-content\/uploads\/2026\/04\/03_Echo_SGNM_3-768x576.jpg 768w, https:\/\/www.musikzeitung.ch\/wp-content\/uploads\/2026\/04\/03_Echo_SGNM_3-16x12.jpg 16w, https:\/\/www.musikzeitung.ch\/wp-content\/uploads\/2026\/04\/03_Echo_SGNM_3-233x175.jpg 233w, https:\/\/www.musikzeitung.ch\/wp-content\/uploads\/2026\/04\/03_Echo_SGNM_3-466x350.jpg 466w, https:\/\/www.musikzeitung.ch\/wp-content\/uploads\/2026\/04\/03_Echo_SGNM_3-1066x800.jpg 1066w, https:\/\/www.musikzeitung.ch\/wp-content\/uploads\/2026\/04\/03_Echo_SGNM_3-920x691.jpg 920w\" sizes=\"auto, (max-width: 1191px) 100vw, 1191px\" \/><figcaption id=\"caption-attachment-72798\" class=\"wp-caption-text\">Helena Winkelman alle Giornate Mondiali della Musica ISCM di Lubiana, Slovenia, 2015. foto: zVg\/ISCM Svizzera<\/figcaption><\/figure>\n<p>Dall'inizio degli anni 2000, tuttavia, il STV ha subito pressioni da parte dell'Ufficio federale della cultura per subire una trasformazione radicale che, come \u00e8 noto, ha portato al suo scioglimento e alla fusione con altre associazioni nel 2017 per formare il STV. <a href=\"https:\/\/de.wikipedia.org\/wiki\/Sonart\" target=\"_blank\" rel=\"noopener\">Sonart<\/a> ha portato. Di conseguenza, dal 2014 al 2023, fino al consolidamento definitivo del Sonart dopo la pandemia, non c'era alcuna prospettiva reale di un ritorno al STV o alla struttura successiva: i potenziali partner erano in fase di disintegrazione o di genesi.<\/p>\n<h3>Scioglimento della SGNM e assunzione del mandato dell'ISCM Svizzera<\/h3>\n<p>All'Assemblea Generale dell'ISCM 2019 a Tallinn, Javier Hagen \u00e8 stato nominato per l'elezione all'ExCom dell'ISCM grazie al suo pluriennale coinvolgimento nell'ISCM. La debolezza strutturale del SGNM, che ha ripetutamente sottolineato all'ISCM, lo ha spinto a rifiutare l'elezione all'ExCom dell'ISCM a favore del suo collega rumeno; i compiti in sospeso a casa, in Svizzera, erano troppo pressanti.<\/p>\n<p>A partire dal 2023, potrebbe essere ripresa la discussione sul ritorno dell'ISCM Svizzera a una struttura nazionale. Partendo dal presupposto che l'ISCM offre principalmente un valore aggiunto per i compositori, e possibilmente anche per gli ensemble, questa struttura dovrebbe soddisfare i seguenti criteri: massima congruenza con la realt\u00e0 dell'ISCM, portata nazionale, amministrazione stabile, cio\u00e8 impiegata in modo permanente e professionalizzata. Questa era la STV. La nuova associazione Sonart soddisfa questi requisiti dal punto di vista strutturale, ma solo in misura limitata per quanto riguarda i contenuti.<\/p>\n<p>In alternativa, \u00e8 stato cercato un dialogo con l'editore musicale svizzero SME\/EMS. Insieme al database Musinfo, \u00e8 anche uno dei progetti disgiunti dell'ex STV. SME riunisce la maggior parte dei compositori svizzeri come membri. La gestione \u00e8 affidata a un ufficio dal personale modesto e a un consiglio di amministrazione giovane e proattivo, che ha accettato di assumere il mandato dell'ISCM Svizzera nel 2025. Con le dimissioni del consiglio di amministrazione della SGNM e lo scioglimento della SGNM dopo 30 anni, il mandato dell'ISCM Svizzera, che la SGNM aveva rilevato dalla STV nel 1995, \u00e8 stato trasferito alla SME il 1\u00b0 luglio 2025.<\/p>\n<h3>Revisione delle diverse attivit\u00e0 del SGNM fino al 2025<\/h3>\n<p>L'ultimo consiglio direttivo attivo della SGNM - Max E. Keller, Egidius Streiff, David Rossel e Javier Hagen - ha riportato l'ISCM Svizzera in pubblico e online dal 2014. Hanno analizzato i documenti storici in Svizzera, garantito una struttura e un'attivit\u00e0 minima e mantenuto il lavoro di rete internazionale con l'ISCM con risorse minime e grande impegno.<\/p>\n<figure id=\"attachment_72796\" aria-describedby=\"caption-attachment-72796\" style=\"width: 639px\" class=\"wp-caption aligncenter\"><img loading=\"lazy\" decoding=\"async\" class=\"wp-image-72796 size-full\" src=\"https:\/\/www.musikzeitung.ch\/wp-content\/uploads\/2026\/04\/03_Echo_SGNM_1b.jpg\" alt=\"\" width=\"639\" height=\"480\" srcset=\"https:\/\/www.musikzeitung.ch\/wp-content\/uploads\/2026\/04\/03_Echo_SGNM_1b.jpg 639w, https:\/\/www.musikzeitung.ch\/wp-content\/uploads\/2026\/04\/03_Echo_SGNM_1b-300x225.jpg 300w, https:\/\/www.musikzeitung.ch\/wp-content\/uploads\/2026\/04\/03_Echo_SGNM_1b-16x12.jpg 16w, https:\/\/www.musikzeitung.ch\/wp-content\/uploads\/2026\/04\/03_Echo_SGNM_1b-233x175.jpg 233w, https:\/\/www.musikzeitung.ch\/wp-content\/uploads\/2026\/04\/03_Echo_SGNM_1b-466x350.jpg 466w\" sizes=\"auto, (max-width: 639px) 100vw, 639px\" \/><figcaption id=\"caption-attachment-72796\" class=\"wp-caption-text\">La giuria dell'ISCM Young Composer Awards 2014 a Wroclaw: Tomoko Fukui (Giappone), Eva Lopzyc (Argentina), Javier Hagen (Svizzera). Foto: zVg\/ISCM Svizzera<\/figcaption><\/figure>\n<p>In tutta la Svizzera, la SGNM \u00e8 stata responsabile, tra l'altro, di garantire che la nuova musica fosse nuovamente rappresentata nel Consiglio svizzero della musica SMR grazie a un ampliamento del consiglio di amministrazione (2017), ed \u00e8 stata coinvolta con il STV nelle discussioni preparatorie per la fusione di Sonart (2016\/17). A partire dal 2016, la SGNM ha occupato un posto nel consiglio di amministrazione della Schweizer Musikedition SME\/EMS e ne ha garantito la rappresentanza nel consiglio di amministrazione. <a href=\"https:\/\/www.musikzeitung.ch\/politik\/2016\/10\/finanzspritze-fuer-die-schweizer-musikedition\" target=\"_blank\" rel=\"noopener\">Liquidit\u00e0 in caso di fusione di PMI e Musinfo<\/a> (2016). Ha anche agito con successo come mediatrice per diversi gruppi locali dell'IGNM di fronte alla minaccia di tagli sostanziali ai finanziamenti in vari cantoni (2015\/2016).<\/p>\n<p>La SGNM ha inoltre ristabilito i contatti tra il musicologo svizzero Anton Haefeli, autore del libro di riferimento sulla storia dell'ISCM 1922-80, e l'ISCM. Nel 2020 <a href=\"https:\/\/iscm.org\/honorarymember\/haefeli-anton\/\" target=\"_blank\" rel=\"noopener\">Anton Haefeli nominato membro onorario dell'ISCM su proposta del SGNM<\/a>.<\/p>\n<p>&nbsp;<\/p>\n<figure id=\"attachment_72797\" aria-describedby=\"caption-attachment-72797\" style=\"width: 640px\" class=\"wp-caption aligncenter\"><img loading=\"lazy\" decoding=\"async\" class=\"wp-image-72797 size-full\" src=\"https:\/\/www.musikzeitung.ch\/wp-content\/uploads\/2026\/04\/03_Echo_SGNM_2.jpg\" alt=\"\" width=\"640\" height=\"478\" srcset=\"https:\/\/www.musikzeitung.ch\/wp-content\/uploads\/2026\/04\/03_Echo_SGNM_2.jpg 640w, https:\/\/www.musikzeitung.ch\/wp-content\/uploads\/2026\/04\/03_Echo_SGNM_2-300x224.jpg 300w, https:\/\/www.musikzeitung.ch\/wp-content\/uploads\/2026\/04\/03_Echo_SGNM_2-16x12.jpg 16w, https:\/\/www.musikzeitung.ch\/wp-content\/uploads\/2026\/04\/03_Echo_SGNM_2-234x175.jpg 234w, https:\/\/www.musikzeitung.ch\/wp-content\/uploads\/2026\/04\/03_Echo_SGNM_2-469x350.jpg 469w\" sizes=\"auto, (max-width: 640px) 100vw, 640px\" \/><figcaption id=\"caption-attachment-72797\" class=\"wp-caption-text\">Denis Schuler alle Giornate mondiali della musica dell'ISCM a Breslavia, Polonia, 2014. foto: zVg\/ISCM Svizzera<\/figcaption><\/figure>\n<p>&nbsp;<\/p>\n<p>Grazie ad Anton Haefeli, nel 2014 la SGNM si \u00e8 imbattuta nella corrispondenza di fondazione dell'ISCM presso la Biblioteca della citt\u00e0 di Winterthur - un ritrovamento di particolare importanza, poich\u00e9 in molti Paesi tali documenti sono andati perduti a causa di guerre e disordini politici. In vista delle pubblicazioni per l'anniversario dell'ISCM nel 2022, questa scoperta \u00e8 stata pi\u00f9 che tempestiva. Nei primi anni dell'ISCM, quasi tutta la corrispondenza passava attraverso la scrivania di Werner Reinhart. Le copie carbone di questi documenti sono archiviate con cura e chiarezza nella cartella Reinhart della Biblioteca civica di Winterthur.<\/p>\n<p>All'interno dell'ISCM, il SGNM \u00e8 stato in grado di <a href=\"https:\/\/codexflores.ch\/index.php\/2018\/05\/31\/iscm-switzerland-sorgt-fuer-globale-sprachenvielfalt\/\" target=\"_blank\" rel=\"noopener\">Estensione delle lingue di comunicazione ufficiali e storiche dell'ISCM<\/a> Tedesco, francese e inglese. Lo spagnolo, il cinese, l'arabo e il russo sono stati aggiunti di recente come \u00ablingue di accoglienza\u00bb. Questo \u00e8 stato un passo pionieristico per facilitare la comunicazione all'interno dell'organizzazione (2018). L'SGNM ha inoltre contribuito ad avviare nuove adesioni e reiscrizioni, come quelle di Brasile (2017), Cina-Shanghai (2017) e Spagna (2021).<\/p>\n<figure id=\"attachment_72800\" aria-describedby=\"caption-attachment-72800\" style=\"width: 797px\" class=\"wp-caption aligncenter\"><img loading=\"lazy\" decoding=\"async\" class=\"wp-image-72800 size-full\" src=\"https:\/\/www.musikzeitung.ch\/wp-content\/uploads\/2026\/04\/03_Echo_SGNM_5_b.jpg\" alt=\"\" width=\"797\" height=\"502\" srcset=\"https:\/\/www.musikzeitung.ch\/wp-content\/uploads\/2026\/04\/03_Echo_SGNM_5_b.jpg 797w, https:\/\/www.musikzeitung.ch\/wp-content\/uploads\/2026\/04\/03_Echo_SGNM_5_b-300x189.jpg 300w, https:\/\/www.musikzeitung.ch\/wp-content\/uploads\/2026\/04\/03_Echo_SGNM_5_b-768x484.jpg 768w, https:\/\/www.musikzeitung.ch\/wp-content\/uploads\/2026\/04\/03_Echo_SGNM_5_b-18x12.jpg 18w, https:\/\/www.musikzeitung.ch\/wp-content\/uploads\/2026\/04\/03_Echo_SGNM_5_b-278x175.jpg 278w, https:\/\/www.musikzeitung.ch\/wp-content\/uploads\/2026\/04\/03_Echo_SGNM_5_b-556x350.jpg 556w\" sizes=\"auto, (max-width: 797px) 100vw, 797px\" \/><figcaption id=\"caption-attachment-72800\" class=\"wp-caption-text\">\u00ab\u00e0 la recherche\u00bb di David Philipp Hefti alle Giornate mondiali della musica ISCM di Pechino, Cina, 2018. foto: zVg\/ISCM Svizzera<\/figcaption><\/figure>\n<p>Nel 2019, nell'ambito della ISCM Collaborative Series, la SGNM ha lanciato il suo primo bando per la promozione di ensemble svizzeri di nuova musica all'estero (direttore: Max E. Keller). Il <a href=\"https:\/\/www.facebook.com\/media\/set?vanity=ISCMSwitzerlandOFFICIAL&amp;set=a.2600283300222002\" target=\"_blank\" rel=\"noopener\">HyperDuo<\/a> e si \u00e8 svolto con successo nell'autunno del 2020 nella <a href=\"https:\/\/www.facebook.com\/media\/set?vanity=ISCMSwitzerlandOFFICIAL&amp;set=a.2600283300222002\" target=\"_blank\" rel=\"noopener\">Serie di concerti IGNM a M\u00fcnster, Detmold e Berlino<\/a> in Germania.<\/p>\n<h3>Misure durante il periodo Corona<\/h3>\n<p>Nel 2020, la SGNM ha esercitato con successo pressioni sull'Assemblea federale svizzera per l'adozione della legge COVID-19, che \u00e8 stata modificata a favore della vita culturale svizzera. Ha inoltre avviato aumenti delle quote presso le emittenti nazionali all'estero tramite i gruppi di lavoro dell'ISCM, analogamente alla SRF, che durante la pandemia di coronavirus ha aumentato al 50% la quota di musica svizzera nei suoi programmi, a favore di royalties pi\u00f9 elevate per i musicisti locali.<\/p>\n<p>Il <a href=\"https:\/\/iscm.org\/iscm-activities\/collaborative-events\/iscm-virtual-collaborative-series-2020\/\" target=\"_blank\" rel=\"noopener\">Serie di collaborazioni virtuali ISCM (VCS)<\/a>), lanciati nel 2020 durante la pandemia di coronavirus per mantenere la promozione della musica contemporanea sui social media a fronte dell'interruzione delle operazioni concertistiche, sono stati avviati dal SGNM. Entro il mese di novembre 2023, l'ISCM VCS avr\u00e0 organizzato un totale di <a href=\"https:\/\/www.facebook.com\/media\/set?vanity=ISCMSwitzerlandOFFICIAL&amp;set=a.2741059042811093\" target=\"_blank\" rel=\"noopener\">Opere di oltre 250 compositori di tutto il mondo <\/a>sono stati presentati, tra cui i seguenti 15 <a href=\"https:\/\/www.musikzeitung.ch\/de\/resonance\/klassik\/2022\/03\/iscm-world-new-music-days-2022.html\" target=\"_blank\" rel=\"noopener\">Pezzi da<\/a> Uomini e donne svizzeri:<\/p>\n<ul>\n<li><a href=\"http:\/\/baadernobs.ch\/\" target=\"_blank\" rel=\"noopener\">Heidi Baader-Nobs<\/a>Evasione<\/li>\n<li><a href=\"http:\/\/arturocorrales.com\/\" target=\"_blank\" rel=\"noopener\">Arturo Corrales<\/a>Flusso<\/li>\n<li><a href=\"https:\/\/www.aglaiagraf.com\/\" target=\"_blank\" rel=\"noopener\">Aglaia Graf<\/a>Nascita degli dei<\/li>\n<li><a href=\"https:\/\/klaushuber.ch\/pagina.php?2,2,91,41,0,0\" target=\"_blank\" rel=\"noopener\">Klaus Huber<\/a>: Tenebrae<\/li>\n<li><a href=\"https:\/\/regina-irman.ch\/\" target=\"_blank\" rel=\"noopener\">Regina Irman<\/a>: Fortuna nera 2<\/li>\n<li><a href=\"https:\/\/musicdirectory.ch\/de\/profiles\/sachie-kobayashi\/\" target=\"_blank\" rel=\"noopener\">Sachie Kobayashi<\/a>: Les cieux roulent des yeux<\/li>\n<li><a href=\"https:\/\/www.musinfo.ch\/de\/personen\/alle\/?pers_id=1267\" target=\"_blank\" rel=\"noopener\">Hanspeter Kyburz<\/a>Cellule<\/li>\n<li><a href=\"http:\/\/www.ulrikems.info\/\" target=\"_blank\" rel=\"noopener\">Ulrike Mayer-Spohn<\/a>fKFW<\/li>\n<li><a href=\"http:\/\/abrilpadilla.net\/\" target=\"_blank\" rel=\"noopener\">Abril Padilla<\/a>: Grimja<\/li>\n<li><a href=\"https:\/\/www.blablabor.ch\/indexschmucki\" target=\"_blank\" rel=\"noopener\">Annette Schmucki<\/a>: Cervo Cervello Hornet<\/li>\n<li><a href=\"http:\/\/www.mathiassteinauer.com\/\" target=\"_blank\" rel=\"noopener\">Mathias Steinauer<\/a>Keyner Nit<\/li>\n<li><a href=\"https:\/\/karinwetzel.de\/\" target=\"_blank\" rel=\"noopener\">Karin Wetzel<\/a>Corpo in vetro<\/li>\n<li><a href=\"http:\/\/www.williamblank.net\/\" target=\"_blank\" rel=\"noopener\">William Blank<\/a>Nero riflettente<\/li>\n<li><a href=\"http:\/\/www.szeghy.ch\/de\/titel\/\" target=\"_blank\" rel=\"noopener\">Iris Szeghy<\/a>Forse qualcosa si aprir\u00e0 per noi<\/li>\n<li><a href=\"https:\/\/de.wikipedia.org\/wiki\/Georg_Friedrich_Haas\" target=\"_blank\" rel=\"noopener\">Georg Friedrich Haas<\/a>E...<\/li>\n<\/ul>\n<h3>Per il doppio anniversario del 2022<\/h3>\n<p>In occasione del 100\u00b0 anniversario dell'ISCM 2022, la SGNM (che in linea di principio ha celebrato anche il suo 100\u00b0 anniversario come ISCM Svizzera 2022), insieme alle sezioni ISCM della Lettonia e dei Paesi Baschi, ha lanciato un concorso internazionale di composizione per nuova musica corale in tre categorie: voci pari (organizzato dalla SGNM), cori di bambini (organizzato dalla sezione lettone) e cori misti amatoriali (organizzato dalla sezione basca). La parte svizzera del concorso \u00e8 stata organizzata da David Rossel: in questa categoria (voci pari) sono state presentate 108 composizioni di 78 compositori di tutto il mondo. <a href=\"https:\/\/iscm-switzerland.ch\/PDF\/iscm-switzerland_intchoralmusiccompositioncontest_results_catequalvoices.pdf\" target=\"_blank\" rel=\"noopener\">Le opere di Luc Goedert (1\u00b0 premio ex aequo), Cyrill Sch\u00fcrch (1\u00b0 premio ex aequo) e Thomas Kientz (3\u00b0 premio) sono entrate nei ranghi. Altre 17 opere hanno ricevuto una menzione speciale.<\/a> I brani vincitori sono stati eseguiti in anteprima al Casin\u00f2 di Basilea sotto la direzione del compositore e direttore d'orchestra statunitense Eric Whitacre.<\/p>\n<p>Sempre in occasione di questo anniversario, nel 2018 la SGNM si \u00e8 assicurata la collaborazione della Fondazione Paul Sacher di Basilea (mentorship) per la revisione musicologica della storia dell'ISCM da parte delle sezioni internazionali dell'ISCM. Questo ha avuto un prezioso effetto catalizzatore, in quanto la collaborazione con la Fondazione Sacher ha incoraggiato diverse universit\u00e0 a partecipare.<\/p>\n<p>Le Giornate Mondiali della Musica dell'ISCM hanno celebrato il loro centenario nel 2022. Per celebrare questo anniversario, la SGNM ha creato una documentazione completa del festival online. I programmi dal 1970 al 2005 mancavano negli archivi dell'ISCM. Nel 2018, la SGNM ha trovato tutti i documenti presso l'ex presidente dell'ISCM Svizzera Fritz Muggler a Zurigo. Sono stati completamente digitalizzati per l'archivio.<\/p>\n<figure id=\"attachment_72805\" aria-describedby=\"caption-attachment-72805\" style=\"width: 561px\" class=\"wp-caption aligncenter\"><img loading=\"lazy\" decoding=\"async\" class=\"wp-image-72805 size-full\" src=\"https:\/\/www.musikzeitung.ch\/wp-content\/uploads\/2026\/04\/03_Echo_SGNM_6_b.jpg\" alt=\"\" width=\"561\" height=\"499\" srcset=\"https:\/\/www.musikzeitung.ch\/wp-content\/uploads\/2026\/04\/03_Echo_SGNM_6_b.jpg 561w, https:\/\/www.musikzeitung.ch\/wp-content\/uploads\/2026\/04\/03_Echo_SGNM_6_b-300x267.jpg 300w, https:\/\/www.musikzeitung.ch\/wp-content\/uploads\/2026\/04\/03_Echo_SGNM_6_b-13x12.jpg 13w, https:\/\/www.musikzeitung.ch\/wp-content\/uploads\/2026\/04\/03_Echo_SGNM_6_b-197x175.jpg 197w, https:\/\/www.musikzeitung.ch\/wp-content\/uploads\/2026\/04\/03_Echo_SGNM_6_b-393x350.jpg 393w\" sizes=\"auto, (max-width: 561px) 100vw, 561px\" \/><figcaption id=\"caption-attachment-72805\" class=\"wp-caption-text\">Dragos Tara interpreta il proprio lavoro \u00ab<em>Pixel<\/em>\u00bb alle Giornate Mondiali della Musica ISCM di Vancouver, Canada, 2017. foto: zVg\/ISCM Svizzera<\/figcaption><\/figure>\n<p>Javier Hagen ha svolto un ruolo chiave nei gruppi di lavoro Archivio, Sostenibilit\u00e0 e Comunicazione dell'ISCM dal 2014 al 2023. Uno dei risultati pi\u00f9 importanti di questi gruppi di lavoro sono state le Giornate mondiali della musica dell'ISCM per celebrare il 100\u00b0 anniversario dell'ISCM. Per la prima volta nella sua storia, le Giornate si sono svolte nel continente africano nel 2023. Si sono tenute in Sudafrica sotto la direzione artistica di Lukas Ligeti, figlio del compositore Gy\u00f6rgy Ligeti, che, come molti suoi contemporanei, deve gran parte della sua carriera all'ISCM.<\/p>\n<h3>Ulteriori note sulle Giornate mondiali della musica dell'ISCM<\/h3>\n<p>Ogni anno, con l'aiuto di una giuria, l'SGNM presenta una proposta con almeno sei opere svizzere per le Giornate Mondiali della Musica. La SGNM assicura il finanziamento del viaggio dei compositori svizzeri selezionati. Con <a href=\"https:\/\/www.musikzeitung.ch\/anlaesse\/2015\/05\/helene-winkelman-an-den-iscm-world-music-days\" target=\"_blank\" rel=\"noopener\">Helena Winkelman 2015<\/a>, <a href=\"https:\/\/www.musikzeitung.ch\/berichte\/2016\/04\/weltweit-wachsende-begeisterung-fuer-die-ignm\" target=\"_blank\" rel=\"noopener\">Iris Szeghy 2016<\/a>, <a href=\"https:\/\/www.musikzeitung.ch\/anlaesse\/2019\/02\/junghae-lee-vertritt-die-schweiz-in-tallinn\" target=\"_blank\" rel=\"noopener\">Junghae Lee 2019<\/a>, <a href=\"https:\/\/www.musikzeitung.ch\/anlaesse\/2021\/08\/werk-von-karin-wetzel-an-den-weltmusiktagen\" target=\"_blank\" rel=\"noopener\">Karin Wetzel 2021<\/a> e <a href=\"https:\/\/www.musikzeitung.ch\/anlaesse\/2019\/11\/esther-flueckiger-vertritt-die-schweiz\" target=\"_blank\" rel=\"noopener\">Esther Fl\u00fcckiger 2020\/2022<\/a> e 2023, l'ISCM Svizzera ha anche inviato compositrici donne alle Giornate Mondiali della Musica ISCM dal 2015 per la prima volta nella sua storia dopo 93 anni. In questo modo la loro presenza \u00e8 passata da 0 ad almeno 50% nel giro di un anno.<\/p>\n<figure id=\"attachment_72804\" aria-describedby=\"caption-attachment-72804\" style=\"width: 1070px\" class=\"wp-caption aligncenter\"><img loading=\"lazy\" decoding=\"async\" class=\"wp-image-72804 size-full\" src=\"https:\/\/www.musikzeitung.ch\/wp-content\/uploads\/2026\/04\/03_Echo_SGNM_9.jpg\" alt=\"\" width=\"1070\" height=\"1000\" srcset=\"https:\/\/www.musikzeitung.ch\/wp-content\/uploads\/2026\/04\/03_Echo_SGNM_9.jpg 1070w, https:\/\/www.musikzeitung.ch\/wp-content\/uploads\/2026\/04\/03_Echo_SGNM_9-300x280.jpg 300w, https:\/\/www.musikzeitung.ch\/wp-content\/uploads\/2026\/04\/03_Echo_SGNM_9-1024x957.jpg 1024w, https:\/\/www.musikzeitung.ch\/wp-content\/uploads\/2026\/04\/03_Echo_SGNM_9-768x718.jpg 768w, https:\/\/www.musikzeitung.ch\/wp-content\/uploads\/2026\/04\/03_Echo_SGNM_9-1536x1435.jpg 1536w, https:\/\/www.musikzeitung.ch\/wp-content\/uploads\/2026\/04\/03_Echo_SGNM_9-2048x1914.jpg 2048w, https:\/\/www.musikzeitung.ch\/wp-content\/uploads\/2026\/04\/03_Echo_SGNM_9-13x12.jpg 13w, https:\/\/www.musikzeitung.ch\/wp-content\/uploads\/2026\/04\/03_Echo_SGNM_9-187x175.jpg 187w, https:\/\/www.musikzeitung.ch\/wp-content\/uploads\/2026\/04\/03_Echo_SGNM_9-375x350.jpg 375w, https:\/\/www.musikzeitung.ch\/wp-content\/uploads\/2026\/04\/03_Echo_SGNM_9-856x800.jpg 856w, https:\/\/www.musikzeitung.ch\/wp-content\/uploads\/2026\/04\/03_Echo_SGNM_9-920x860.jpg 920w, https:\/\/www.musikzeitung.ch\/wp-content\/uploads\/2026\/04\/03_Echo_SGNM_9-1400x1308.jpg 1400w\" sizes=\"auto, (max-width: 1070px) 100vw, 1070px\" \/><figcaption id=\"caption-attachment-72804\" class=\"wp-caption-text\">Esther Fl\u00fcckiger alle Giornate Mondiali della Musica ISCM in Sudafrica, 2023. foto: zVg\/ISCM Svizzera<\/figcaption><\/figure>\n<p>L'ISCM Svizzera \u00e8 stata membro della giuria del Premio ISCM per giovani compositori alle Giornate Mondiali della Musica 2014 a Breslavia.<\/p>\n<p>Nel 2019, il SGNM ha istituito <a href=\"https:\/\/www.youtube.com\/channel\/UCvRacvZ4abz-yzaw-NgIs5g\/playlists\" target=\"_blank\" rel=\"noopener\">YouTube<\/a> e <a href=\"https:\/\/soundcloud.com\/user-437796257\/sets\" target=\"_blank\" rel=\"noopener\">Playlist di SoundCloud<\/a> con le registrazioni dei concerti delle Giornate della Musica Mondiale dell'ISCM e\/o le registrazioni dei brani eseguiti. Queste playlist sono integrate online nelle pagine degli archivi dell'ISCM.<\/p>\n<p>In forma fisica, l'archivio pi\u00f9 completo ed esaustivo dell'ISCM \u00e8 quello della Biblioteca Reale Danese. Esistono numerose banche dati online: articoli di Wikipedia pertinenti e dettagliati in varie lingue e il sito web dell'ISCM. Tutti i programmi dei festival dal 1922 sono ora documentati con link complementari, recensioni e foto. Ci sono anche playlist con registrazioni su YouTube e Soundcloud, comprese le playlist della SGNM. Ampi album fotografici si trovano anche sulle pagine dei social media di diverse sezioni dell'ISCM, che forniscono un'interessante documentazione delle Giornate Mondiali della Musica dell'ISCM.<\/p>\n<figure id=\"attachment_72799\" aria-describedby=\"caption-attachment-72799\" style=\"width: 1361px\" class=\"wp-caption aligncenter\"><img loading=\"lazy\" decoding=\"async\" class=\"wp-image-72799 size-full\" src=\"https:\/\/www.musikzeitung.ch\/wp-content\/uploads\/2026\/04\/03_Echo_SGNM_4_b.jpg\" alt=\"\" width=\"1361\" height=\"839\" srcset=\"https:\/\/www.musikzeitung.ch\/wp-content\/uploads\/2026\/04\/03_Echo_SGNM_4_b.jpg 1361w, https:\/\/www.musikzeitung.ch\/wp-content\/uploads\/2026\/04\/03_Echo_SGNM_4_b-300x185.jpg 300w, https:\/\/www.musikzeitung.ch\/wp-content\/uploads\/2026\/04\/03_Echo_SGNM_4_b-1024x631.jpg 1024w, https:\/\/www.musikzeitung.ch\/wp-content\/uploads\/2026\/04\/03_Echo_SGNM_4_b-768x473.jpg 768w, https:\/\/www.musikzeitung.ch\/wp-content\/uploads\/2026\/04\/03_Echo_SGNM_4_b-18x12.jpg 18w, https:\/\/www.musikzeitung.ch\/wp-content\/uploads\/2026\/04\/03_Echo_SGNM_4_b-284x175.jpg 284w, https:\/\/www.musikzeitung.ch\/wp-content\/uploads\/2026\/04\/03_Echo_SGNM_4_b-568x350.jpg 568w, https:\/\/www.musikzeitung.ch\/wp-content\/uploads\/2026\/04\/03_Echo_SGNM_4_b-1298x800.jpg 1298w, https:\/\/www.musikzeitung.ch\/wp-content\/uploads\/2026\/04\/03_Echo_SGNM_4_b-920x567.jpg 920w\" sizes=\"auto, (max-width: 1361px) 100vw, 1361px\" \/><figcaption id=\"caption-attachment-72799\" class=\"wp-caption-text\">Claude Berset alle Giornate Mondiali della Musica ISCM a Tongyeong, Corea del Sud, 2016. foto: zVg\/ISCM Svizzera<\/figcaption><\/figure>\n<h3>Ulteriori link<\/h3>\n<p><em>Album fotografico delle Giornate Mondiali della Musica dell'ISCM<\/em><\/p>\n<ul>\n<li><a href=\"https:\/\/www.facebook.com\/media\/set\/?set=a.1491072361143107&amp;type=3\" target=\"_blank\" rel=\"noopener\">2014<\/a> Breslavia, Polonia<\/li>\n<li><a href=\"https:\/\/www.facebook.com\/media\/set\/?set=a.1614825135434495&amp;type=3\" target=\"_blank\" rel=\"noopener\">2015<\/a> Llubljana, Slovenia<\/li>\n<li><a href=\"https:\/\/www.facebook.com\/media\/set\/?set=a.1663636263886715&amp;type=3\" target=\"_blank\" rel=\"noopener\">2016<\/a> Tongyeong, Corea del Sud<\/li>\n<li><a href=\"https:\/\/www.facebook.com\/media\/set\/?set=a.1905480946368911&amp;type=3\" target=\"_blank\" rel=\"noopener\">2017<\/a> Vancouver, Canada<\/li>\n<li><a href=\"https:\/\/www.facebook.com\/media\/set\/?set=a.1985508465032825&amp;type=3\" target=\"_blank\" rel=\"noopener\">2018<\/a> Pechino, Cina<\/li>\n<li><a href=\"https:\/\/www.facebook.com\/media\/set\/?set=a.2210660795850923&amp;type=3\" target=\"_blank\" rel=\"noopener\">2019<\/a> Tallinn, Estonia<\/li>\n<li><a href=\"https:\/\/www.facebook.com\/media\/set\/?set=a.1124059269747964&amp;type=3\" target=\"_blank\" rel=\"noopener\">2022<\/a> Auckland\/Christchurch, Nuova Zelanda (i festival del 2020 e del 2021 sono stati cancellati a causa della pandemia)<\/li>\n<li><a href=\"https:\/\/www.facebook.com\/media\/set\/?set=a.745782740908954&amp;type=3\" target=\"_blank\" rel=\"noopener\">2023<\/a> Soweto\/Johannesburg\/Citt\u00e0 del Capo, Sudafrica<\/li>\n<li><a href=\"https:\/\/www.facebook.com\/media\/set\/?set=a.892642372889656&amp;type=3\" target=\"_blank\" rel=\"noopener\">2024<\/a> Isole Faroe<\/li>\n<li><a href=\"https:\/\/www.facebook.com\/media\/set\/?set=a.1124017899752101&amp;type=3\" target=\"_blank\" rel=\"noopener\">2025<\/a> Lisbona\/Porto, Portogallo<\/li>\n<\/ul>\n<p><em>Registrazione audio online: Esther Fl\u00fcckiger - Guarda i lumi, ISCM WMD 2022 NZ<br \/>\n<\/em><a href=\"https:\/\/www.rnz.co.nz\/concert\/programmes\/musicalive\/audio\/2018884827\/esther-fluckiger-guarda-i-lumi\" target=\"_blank\" rel=\"noopener\">https:\/\/www.rnz.co.nz\/concert\/programmes\/musicalive\/audio\/2018884827\/esther-fluckiger-guarda-i-lumi<\/a><\/p>\n<p><em>Giornate Mondiali della Musica ISCM 2026 a Bucarest, Romania<br \/>\n<\/em><a href=\"https:\/\/iscm.org\/wnmd\/2026-romania\/\" target=\"_blank\" rel=\"noopener\">https:\/\/iscm.org\/wnmd\/2026-romania\/<\/a><\/p>\n<p>&nbsp;<\/p>\n<p><em>In qualit\u00e0 di presidente dell'IGNM-VS, Javier Hagen \u00e8 stato membro del Consiglio della SGNM dal 2011. Lo ha presieduto dal 2014 fino al suo scioglimento nel 2025. <\/em><em><a href=\"https:\/\/de.wikipedia.org\/wiki\/Javier_Hagen\" target=\"_blank\" rel=\"noopener\">https:\/\/de.wikipedia.org\/wiki\/Javier_Hagen<\/a><\/em><\/p>","protected":false},"excerpt":{"rendered":"<p>Il 1\u00b0 luglio 2025, Schweizer Musikedition ha assunto il mandato dell'ISCM Svizzera. Questo segna anche la fine della storia trentennale della Societ\u00e0 Svizzera per la Nuova Musica. Javier Hagen, ultimo presidente della SGNM, ripercorre i legami istituzionali nel campo della nuova musica.<\/p>","protected":false},"author":23,"featured_media":72802,"comment_status":"closed","ping_status":"closed","sticky":true,"template":"","format":"standard","meta":{"_acf_changed":false,"_relevanssi_hide_post":"","_relevanssi_hide_content":"","_relevanssi_pin_for_all":"","_relevanssi_pin_keywords":"","_relevanssi_unpin_keywords":"","_relevanssi_related_keywords":"","_relevanssi_related_include_ids":"","_relevanssi_related_exclude_ids":"","_relevanssi_related_no_append":"","_relevanssi_related_not_related":"","_relevanssi_related_posts":"","_relevanssi_noindex_reason":"","pgc_sgb_lightbox_settings":"","footnotes":""},"categories":[28,3008],"tags":[3413,5086,1928,4420,5613,3627,5078,1882,5079,2240],"class_list":["post-72778","post","type-post","status-publish","format-standard","has-post-thumbnail","hentry","category-berichte","category-treffpunkte-berichte","tag-ignm","tag-internationale-gesellschaft-fuer-neue-musik","tag-iscm","tag-iscm-switzerland","tag-iscm-world-music-days","tag-javier-hagen","tag-schweizerische-gesellschaft-fuer-neue-musik","tag-schweizerischer-tonkuenstlerverein","tag-sgnm-ssmc","tag-stv"],"acf":[],"yoast_head":"<!-- This site is optimized with the Yoast SEO plugin v27.4 - https:\/\/yoast.com\/product\/yoast-seo-wordpress\/ -->\n<title>Zur Geschichte der Schweizerischen Gesellschaft f\u00fcr Neue Musik - Schweizer Musikzeitung<\/title>\n<meta name=\"description\" content=\"Am 1. Juli 2025 \u00fcbernahm die Schweizer Musikedition das Mandat der ISCM Switzerland. Javier Hagen blickt zur\u00fcck auf institutionelle Verflechtungen im Bereich der Neuen Musik.\" \/>\n<meta name=\"robots\" content=\"index, follow, max-snippet:-1, max-image-preview:large, max-video-preview:-1\" \/>\n<link rel=\"canonical\" href=\"https:\/\/www.musikzeitung.ch\/it\/berichte\/2026\/04\/zur-geschichte-der-schweizerischen-gesellschaft-fuer-neue-musik\/\" \/>\n<meta property=\"og:locale\" content=\"it_IT\" \/>\n<meta property=\"og:type\" content=\"article\" \/>\n<meta property=\"og:title\" content=\"Zur Geschichte der Schweizerischen Gesellschaft f\u00fcr Neue Musik - Schweizer Musikzeitung\" \/>\n<meta property=\"og:description\" content=\"Am 1. Juli 2025 \u00fcbernahm die Schweizer Musikedition das Mandat der ISCM Switzerland. Javier Hagen blickt zur\u00fcck auf institutionelle Verflechtungen im Bereich der Neuen Musik.\" \/>\n<meta property=\"og:url\" content=\"https:\/\/www.musikzeitung.ch\/it\/berichte\/2026\/04\/zur-geschichte-der-schweizerischen-gesellschaft-fuer-neue-musik\/\" \/>\n<meta property=\"og:site_name\" content=\"Schweizer Musikzeitung\" \/>\n<meta property=\"article:publisher\" content=\"https:\/\/www.facebook.com\/SchweizerMusikzeitung\/\" \/>\n<meta property=\"article:published_time\" content=\"2026-04-22T14:13:52+00:00\" \/>\n<meta property=\"article:modified_time\" content=\"2026-04-23T07:19:26+00:00\" \/>\n<meta property=\"og:image\" content=\"https:\/\/www.musikzeitung.ch\/wp-content\/uploads\/2026\/04\/03_Echo_SGNM_7_b.jpg\" \/>\n\t<meta property=\"og:image:width\" content=\"1400\" \/>\n\t<meta property=\"og:image:height\" content=\"745\" \/>\n\t<meta property=\"og:image:type\" content=\"image\/jpeg\" \/>\n<meta name=\"author\" content=\"Katrin Spelinova\" \/>\n<meta name=\"twitter:card\" content=\"summary_large_image\" \/>\n<meta name=\"twitter:creator\" content=\"@testredaktor\" \/>\n<meta name=\"twitter:site\" content=\"@smusikzeitung\" \/>\n<meta name=\"twitter:label1\" content=\"Scritto da\" \/>\n\t<meta name=\"twitter:data1\" content=\"Katrin Spelinova\" \/>\n\t<meta name=\"twitter:label2\" content=\"Tempo di lettura stimato\" \/>\n\t<meta name=\"twitter:data2\" content=\"15 minuti\" \/>\n<script type=\"application\/ld+json\" class=\"yoast-schema-graph\">{\"@context\":\"https:\\\/\\\/schema.org\",\"@graph\":[{\"@type\":\"Article\",\"@id\":\"https:\\\/\\\/www.musikzeitung.ch\\\/berichte\\\/2026\\\/04\\\/zur-geschichte-der-schweizerischen-gesellschaft-fuer-neue-musik#article\",\"isPartOf\":{\"@id\":\"https:\\\/\\\/www.musikzeitung.ch\\\/berichte\\\/2026\\\/04\\\/zur-geschichte-der-schweizerischen-gesellschaft-fuer-neue-musik\"},\"author\":{\"name\":\"Katrin Spelinova\",\"@id\":\"https:\\\/\\\/www.musikzeitung.ch\\\/#\\\/schema\\\/person\\\/dce7e5b820812d9af4db2f787d1bec92\"},\"headline\":\"Zur Geschichte der Schweizerischen Gesellschaft f\u00fcr Neue Musik\",\"datePublished\":\"2026-04-22T14:13:52+00:00\",\"dateModified\":\"2026-04-23T07:19:26+00:00\",\"mainEntityOfPage\":{\"@id\":\"https:\\\/\\\/www.musikzeitung.ch\\\/berichte\\\/2026\\\/04\\\/zur-geschichte-der-schweizerischen-gesellschaft-fuer-neue-musik\"},\"wordCount\":2283,\"publisher\":{\"@id\":\"https:\\\/\\\/www.musikzeitung.ch\\\/#organization\"},\"image\":{\"@id\":\"https:\\\/\\\/www.musikzeitung.ch\\\/berichte\\\/2026\\\/04\\\/zur-geschichte-der-schweizerischen-gesellschaft-fuer-neue-musik#primaryimage\"},\"thumbnailUrl\":\"https:\\\/\\\/www.musikzeitung.ch\\\/wp-content\\\/uploads\\\/2026\\\/04\\\/03_Echo_SGNM_7_b.jpg\",\"keywords\":[\"IGNM\",\"Internationale Gesellschaft f\u00fcr Neue Musik\",\"ISCM\",\"ISCM Switzerland\",\"ISCM World Music Days\",\"Javier Hagen\",\"Schweizerische Gesellschaft f\u00fcr Neue Musik\",\"Schweizerischer Tonk\u00fcnstlerverein\",\"SGNM\\\/SSMC\",\"STV\"],\"articleSection\":[\"Berichte\",\"Treffpunkte\"],\"inLanguage\":\"it-IT\"},{\"@type\":\"WebPage\",\"@id\":\"https:\\\/\\\/www.musikzeitung.ch\\\/berichte\\\/2026\\\/04\\\/zur-geschichte-der-schweizerischen-gesellschaft-fuer-neue-musik\",\"url\":\"https:\\\/\\\/www.musikzeitung.ch\\\/berichte\\\/2026\\\/04\\\/zur-geschichte-der-schweizerischen-gesellschaft-fuer-neue-musik\",\"name\":\"Zur Geschichte der Schweizerischen Gesellschaft f\u00fcr Neue Musik - Schweizer Musikzeitung\",\"isPartOf\":{\"@id\":\"https:\\\/\\\/www.musikzeitung.ch\\\/#website\"},\"primaryImageOfPage\":{\"@id\":\"https:\\\/\\\/www.musikzeitung.ch\\\/berichte\\\/2026\\\/04\\\/zur-geschichte-der-schweizerischen-gesellschaft-fuer-neue-musik#primaryimage\"},\"image\":{\"@id\":\"https:\\\/\\\/www.musikzeitung.ch\\\/berichte\\\/2026\\\/04\\\/zur-geschichte-der-schweizerischen-gesellschaft-fuer-neue-musik#primaryimage\"},\"thumbnailUrl\":\"https:\\\/\\\/www.musikzeitung.ch\\\/wp-content\\\/uploads\\\/2026\\\/04\\\/03_Echo_SGNM_7_b.jpg\",\"datePublished\":\"2026-04-22T14:13:52+00:00\",\"dateModified\":\"2026-04-23T07:19:26+00:00\",\"description\":\"Am 1. Juli 2025 \u00fcbernahm die Schweizer Musikedition das Mandat der ISCM Switzerland. Javier Hagen blickt zur\u00fcck auf institutionelle Verflechtungen im Bereich der Neuen Musik.\",\"breadcrumb\":{\"@id\":\"https:\\\/\\\/www.musikzeitung.ch\\\/berichte\\\/2026\\\/04\\\/zur-geschichte-der-schweizerischen-gesellschaft-fuer-neue-musik#breadcrumb\"},\"inLanguage\":\"it-IT\",\"potentialAction\":[{\"@type\":\"ReadAction\",\"target\":[\"https:\\\/\\\/www.musikzeitung.ch\\\/berichte\\\/2026\\\/04\\\/zur-geschichte-der-schweizerischen-gesellschaft-fuer-neue-musik\"]}]},{\"@type\":\"ImageObject\",\"inLanguage\":\"it-IT\",\"@id\":\"https:\\\/\\\/www.musikzeitung.ch\\\/berichte\\\/2026\\\/04\\\/zur-geschichte-der-schweizerischen-gesellschaft-fuer-neue-musik#primaryimage\",\"url\":\"https:\\\/\\\/www.musikzeitung.ch\\\/wp-content\\\/uploads\\\/2026\\\/04\\\/03_Echo_SGNM_7_b.jpg\",\"contentUrl\":\"https:\\\/\\\/www.musikzeitung.ch\\\/wp-content\\\/uploads\\\/2026\\\/04\\\/03_Echo_SGNM_7_b.jpg\",\"width\":1400,\"height\":745},{\"@type\":\"BreadcrumbList\",\"@id\":\"https:\\\/\\\/www.musikzeitung.ch\\\/berichte\\\/2026\\\/04\\\/zur-geschichte-der-schweizerischen-gesellschaft-fuer-neue-musik#breadcrumb\",\"itemListElement\":[{\"@type\":\"ListItem\",\"position\":1,\"name\":\"Home\",\"item\":\"https:\\\/\\\/www.musikzeitung.ch\\\/\"},{\"@type\":\"ListItem\",\"position\":2,\"name\":\"Zur Geschichte der Schweizerischen Gesellschaft f\u00fcr Neue Musik\"}]},{\"@type\":\"WebSite\",\"@id\":\"https:\\\/\\\/www.musikzeitung.ch\\\/#website\",\"url\":\"https:\\\/\\\/www.musikzeitung.ch\\\/\",\"name\":\"Schweizer Musikzeitung\",\"description\":\"Die f\u00fchrende sparten\u00fcbergreifende Monatszeitung in der Schweiz f\u00fcr musikalische Fragen.\",\"publisher\":{\"@id\":\"https:\\\/\\\/www.musikzeitung.ch\\\/#organization\"},\"potentialAction\":[{\"@type\":\"SearchAction\",\"target\":{\"@type\":\"EntryPoint\",\"urlTemplate\":\"https:\\\/\\\/www.musikzeitung.ch\\\/?s={search_term_string}\"},\"query-input\":{\"@type\":\"PropertyValueSpecification\",\"valueRequired\":true,\"valueName\":\"search_term_string\"}}],\"inLanguage\":\"it-IT\"},{\"@type\":\"Organization\",\"@id\":\"https:\\\/\\\/www.musikzeitung.ch\\\/#organization\",\"name\":\"Schweizer Musikzeitung\",\"url\":\"https:\\\/\\\/www.musikzeitung.ch\\\/\",\"logo\":{\"@type\":\"ImageObject\",\"inLanguage\":\"it-IT\",\"@id\":\"https:\\\/\\\/www.musikzeitung.ch\\\/#\\\/schema\\\/logo\\\/image\\\/\",\"url\":\"https:\\\/\\\/www.musikzeitung.ch\\\/wp-content\\\/uploads\\\/2023\\\/01\\\/SMZ_Schriftzug_Sprache.png\",\"contentUrl\":\"https:\\\/\\\/www.musikzeitung.ch\\\/wp-content\\\/uploads\\\/2023\\\/01\\\/SMZ_Schriftzug_Sprache.png\",\"width\":1400,\"height\":279,\"caption\":\"Schweizer Musikzeitung\"},\"image\":{\"@id\":\"https:\\\/\\\/www.musikzeitung.ch\\\/#\\\/schema\\\/logo\\\/image\\\/\"},\"sameAs\":[\"https:\\\/\\\/www.facebook.com\\\/SchweizerMusikzeitung\\\/\",\"https:\\\/\\\/x.com\\\/smusikzeitung\",\"https:\\\/\\\/www.instagram.com\\\/musikzeitung.ch\\\/\"]},{\"@type\":\"Person\",\"@id\":\"https:\\\/\\\/www.musikzeitung.ch\\\/#\\\/schema\\\/person\\\/dce7e5b820812d9af4db2f787d1bec92\",\"name\":\"Katrin Spelinova\",\"image\":{\"@type\":\"ImageObject\",\"inLanguage\":\"it-IT\",\"@id\":\"https:\\\/\\\/secure.gravatar.com\\\/avatar\\\/2a2c2956e074ebca9bf65620496cd2e317d90b8c76450e9dd04d7cebf95eeada?s=96&d=mm&r=g\",\"url\":\"https:\\\/\\\/secure.gravatar.com\\\/avatar\\\/2a2c2956e074ebca9bf65620496cd2e317d90b8c76450e9dd04d7cebf95eeada?s=96&d=mm&r=g\",\"contentUrl\":\"https:\\\/\\\/secure.gravatar.com\\\/avatar\\\/2a2c2956e074ebca9bf65620496cd2e317d90b8c76450e9dd04d7cebf95eeada?s=96&d=mm&r=g\",\"caption\":\"Katrin Spelinova\"},\"sameAs\":[\"https:\\\/\\\/x.com\\\/testredaktor\"],\"url\":\"https:\\\/\\\/www.musikzeitung.ch\\\/it\\\/author\\\/spelkat\"}]}<\/script>\n<!-- \/ Yoast SEO plugin. -->","yoast_head_json":{"title":"Sulla storia della Societ\u00e0 svizzera per la nuova musica - Schweizer Musikzeitung","description":"Il 1\u00b0 luglio 2025, la Swiss Music Edition ha assunto il mandato dell'ISCM Svizzera. Javier Hagen ripercorre i legami istituzionali nel campo della nuova musica.","robots":{"index":"index","follow":"follow","max-snippet":"max-snippet:-1","max-image-preview":"max-image-preview:large","max-video-preview":"max-video-preview:-1"},"canonical":"https:\/\/www.musikzeitung.ch\/it\/berichte\/2026\/04\/zur-geschichte-der-schweizerischen-gesellschaft-fuer-neue-musik\/","og_locale":"it_IT","og_type":"article","og_title":"Zur Geschichte der Schweizerischen Gesellschaft f\u00fcr Neue Musik - Schweizer Musikzeitung","og_description":"Am 1. Juli 2025 \u00fcbernahm die Schweizer Musikedition das Mandat der ISCM Switzerland. Javier Hagen blickt zur\u00fcck auf institutionelle Verflechtungen im Bereich der Neuen Musik.","og_url":"https:\/\/www.musikzeitung.ch\/it\/berichte\/2026\/04\/zur-geschichte-der-schweizerischen-gesellschaft-fuer-neue-musik\/","og_site_name":"Schweizer Musikzeitung","article_publisher":"https:\/\/www.facebook.com\/SchweizerMusikzeitung\/","article_published_time":"2026-04-22T14:13:52+00:00","article_modified_time":"2026-04-23T07:19:26+00:00","og_image":[{"width":1400,"height":745,"url":"https:\/\/www.musikzeitung.ch\/wp-content\/uploads\/2026\/04\/03_Echo_SGNM_7_b.jpg","type":"image\/jpeg"}],"author":"Katrin Spelinova","twitter_card":"summary_large_image","twitter_creator":"@testredaktor","twitter_site":"@smusikzeitung","twitter_misc":{"Scritto da":"Katrin Spelinova","Tempo di lettura stimato":"15 minuti"},"schema":{"@context":"https:\/\/schema.org","@graph":[{"@type":"Article","@id":"https:\/\/www.musikzeitung.ch\/berichte\/2026\/04\/zur-geschichte-der-schweizerischen-gesellschaft-fuer-neue-musik#article","isPartOf":{"@id":"https:\/\/www.musikzeitung.ch\/berichte\/2026\/04\/zur-geschichte-der-schweizerischen-gesellschaft-fuer-neue-musik"},"author":{"name":"Katrin Spelinova","@id":"https:\/\/www.musikzeitung.ch\/#\/schema\/person\/dce7e5b820812d9af4db2f787d1bec92"},"headline":"Zur Geschichte der Schweizerischen Gesellschaft f\u00fcr Neue Musik","datePublished":"2026-04-22T14:13:52+00:00","dateModified":"2026-04-23T07:19:26+00:00","mainEntityOfPage":{"@id":"https:\/\/www.musikzeitung.ch\/berichte\/2026\/04\/zur-geschichte-der-schweizerischen-gesellschaft-fuer-neue-musik"},"wordCount":2283,"publisher":{"@id":"https:\/\/www.musikzeitung.ch\/#organization"},"image":{"@id":"https:\/\/www.musikzeitung.ch\/berichte\/2026\/04\/zur-geschichte-der-schweizerischen-gesellschaft-fuer-neue-musik#primaryimage"},"thumbnailUrl":"https:\/\/www.musikzeitung.ch\/wp-content\/uploads\/2026\/04\/03_Echo_SGNM_7_b.jpg","keywords":["IGNM","Internationale Gesellschaft f\u00fcr Neue Musik","ISCM","ISCM Switzerland","ISCM World Music Days","Javier Hagen","Schweizerische Gesellschaft f\u00fcr Neue Musik","Schweizerischer Tonk\u00fcnstlerverein","SGNM\/SSMC","STV"],"articleSection":["Berichte","Treffpunkte"],"inLanguage":"it-IT"},{"@type":"WebPage","@id":"https:\/\/www.musikzeitung.ch\/berichte\/2026\/04\/zur-geschichte-der-schweizerischen-gesellschaft-fuer-neue-musik","url":"https:\/\/www.musikzeitung.ch\/berichte\/2026\/04\/zur-geschichte-der-schweizerischen-gesellschaft-fuer-neue-musik","name":"Sulla storia della Societ\u00e0 svizzera per la nuova musica - Schweizer Musikzeitung","isPartOf":{"@id":"https:\/\/www.musikzeitung.ch\/#website"},"primaryImageOfPage":{"@id":"https:\/\/www.musikzeitung.ch\/berichte\/2026\/04\/zur-geschichte-der-schweizerischen-gesellschaft-fuer-neue-musik#primaryimage"},"image":{"@id":"https:\/\/www.musikzeitung.ch\/berichte\/2026\/04\/zur-geschichte-der-schweizerischen-gesellschaft-fuer-neue-musik#primaryimage"},"thumbnailUrl":"https:\/\/www.musikzeitung.ch\/wp-content\/uploads\/2026\/04\/03_Echo_SGNM_7_b.jpg","datePublished":"2026-04-22T14:13:52+00:00","dateModified":"2026-04-23T07:19:26+00:00","description":"Il 1\u00b0 luglio 2025, la Swiss Music Edition ha assunto il mandato dell'ISCM Svizzera. Javier Hagen ripercorre i legami istituzionali nel campo della nuova musica.","breadcrumb":{"@id":"https:\/\/www.musikzeitung.ch\/berichte\/2026\/04\/zur-geschichte-der-schweizerischen-gesellschaft-fuer-neue-musik#breadcrumb"},"inLanguage":"it-IT","potentialAction":[{"@type":"ReadAction","target":["https:\/\/www.musikzeitung.ch\/berichte\/2026\/04\/zur-geschichte-der-schweizerischen-gesellschaft-fuer-neue-musik"]}]},{"@type":"ImageObject","inLanguage":"it-IT","@id":"https:\/\/www.musikzeitung.ch\/berichte\/2026\/04\/zur-geschichte-der-schweizerischen-gesellschaft-fuer-neue-musik#primaryimage","url":"https:\/\/www.musikzeitung.ch\/wp-content\/uploads\/2026\/04\/03_Echo_SGNM_7_b.jpg","contentUrl":"https:\/\/www.musikzeitung.ch\/wp-content\/uploads\/2026\/04\/03_Echo_SGNM_7_b.jpg","width":1400,"height":745},{"@type":"BreadcrumbList","@id":"https:\/\/www.musikzeitung.ch\/berichte\/2026\/04\/zur-geschichte-der-schweizerischen-gesellschaft-fuer-neue-musik#breadcrumb","itemListElement":[{"@type":"ListItem","position":1,"name":"Home","item":"https:\/\/www.musikzeitung.ch\/"},{"@type":"ListItem","position":2,"name":"Zur Geschichte der Schweizerischen Gesellschaft f\u00fcr Neue Musik"}]},{"@type":"WebSite","@id":"https:\/\/www.musikzeitung.ch\/#website","url":"https:\/\/www.musikzeitung.ch\/","name":"Giornale musicale svizzero","description":"Il principale mensile interdisciplinare della Svizzera per le questioni musicali.","publisher":{"@id":"https:\/\/www.musikzeitung.ch\/#organization"},"potentialAction":[{"@type":"SearchAction","target":{"@type":"EntryPoint","urlTemplate":"https:\/\/www.musikzeitung.ch\/?s={search_term_string}"},"query-input":{"@type":"PropertyValueSpecification","valueRequired":true,"valueName":"search_term_string"}}],"inLanguage":"it-IT"},{"@type":"Organization","@id":"https:\/\/www.musikzeitung.ch\/#organization","name":"Giornale musicale svizzero","url":"https:\/\/www.musikzeitung.ch\/","logo":{"@type":"ImageObject","inLanguage":"it-IT","@id":"https:\/\/www.musikzeitung.ch\/#\/schema\/logo\/image\/","url":"https:\/\/www.musikzeitung.ch\/wp-content\/uploads\/2023\/01\/SMZ_Schriftzug_Sprache.png","contentUrl":"https:\/\/www.musikzeitung.ch\/wp-content\/uploads\/2023\/01\/SMZ_Schriftzug_Sprache.png","width":1400,"height":279,"caption":"Schweizer Musikzeitung"},"image":{"@id":"https:\/\/www.musikzeitung.ch\/#\/schema\/logo\/image\/"},"sameAs":["https:\/\/www.facebook.com\/SchweizerMusikzeitung\/","https:\/\/x.com\/smusikzeitung","https:\/\/www.instagram.com\/musikzeitung.ch\/"]},{"@type":"Person","@id":"https:\/\/www.musikzeitung.ch\/#\/schema\/person\/dce7e5b820812d9af4db2f787d1bec92","name":"Katrin Spelinova","image":{"@type":"ImageObject","inLanguage":"it-IT","@id":"https:\/\/secure.gravatar.com\/avatar\/2a2c2956e074ebca9bf65620496cd2e317d90b8c76450e9dd04d7cebf95eeada?s=96&d=mm&r=g","url":"https:\/\/secure.gravatar.com\/avatar\/2a2c2956e074ebca9bf65620496cd2e317d90b8c76450e9dd04d7cebf95eeada?s=96&d=mm&r=g","contentUrl":"https:\/\/secure.gravatar.com\/avatar\/2a2c2956e074ebca9bf65620496cd2e317d90b8c76450e9dd04d7cebf95eeada?s=96&d=mm&r=g","caption":"Katrin Spelinova"},"sameAs":["https:\/\/x.com\/testredaktor"],"url":"https:\/\/www.musikzeitung.ch\/it\/author\/spelkat"}]}},"publishpress_future_workflow_manual_trigger":{"enabledWorkflows":[]},"_links":{"self":[{"href":"https:\/\/www.musikzeitung.ch\/it\/wp-json\/wp\/v2\/posts\/72778","targetHints":{"allow":["GET"]}}],"collection":[{"href":"https:\/\/www.musikzeitung.ch\/it\/wp-json\/wp\/v2\/posts"}],"about":[{"href":"https:\/\/www.musikzeitung.ch\/it\/wp-json\/wp\/v2\/types\/post"}],"author":[{"embeddable":true,"href":"https:\/\/www.musikzeitung.ch\/it\/wp-json\/wp\/v2\/users\/23"}],"replies":[{"embeddable":true,"href":"https:\/\/www.musikzeitung.ch\/it\/wp-json\/wp\/v2\/comments?post=72778"}],"version-history":[{"count":20,"href":"https:\/\/www.musikzeitung.ch\/it\/wp-json\/wp\/v2\/posts\/72778\/revisions"}],"predecessor-version":[{"id":72835,"href":"https:\/\/www.musikzeitung.ch\/it\/wp-json\/wp\/v2\/posts\/72778\/revisions\/72835"}],"wp:featuredmedia":[{"embeddable":true,"href":"https:\/\/www.musikzeitung.ch\/it\/wp-json\/wp\/v2\/media\/72802"}],"wp:attachment":[{"href":"https:\/\/www.musikzeitung.ch\/it\/wp-json\/wp\/v2\/media?parent=72778"}],"wp:term":[{"taxonomy":"category","embeddable":true,"href":"https:\/\/www.musikzeitung.ch\/it\/wp-json\/wp\/v2\/categories?post=72778"},{"taxonomy":"post_tag","embeddable":true,"href":"https:\/\/www.musikzeitung.ch\/it\/wp-json\/wp\/v2\/tags?post=72778"}],"curies":[{"name":"wp","href":"https:\/\/api.w.org\/{rel}","templated":true}]}}