{"id":72836,"date":"2026-04-23T07:30:25","date_gmt":"2026-04-23T05:30:25","guid":{"rendered":"https:\/\/www.musikzeitung.ch\/?p=72836"},"modified":"2026-04-23T10:50:56","modified_gmt":"2026-04-23T08:50:56","slug":"nationalfonds-foerdert-zhdk-projekt","status":"publish","type":"post","link":"https:\/\/www.musikzeitung.ch\/it\/news\/2026\/04\/nationalfonds-foerdert-zhdk-projekt","title":{"rendered":"Il Fondo nazionale sostiene il progetto ZHdK"},"content":{"rendered":"<figure id=\"attachment_72837\" aria-describedby=\"caption-attachment-72837\" style=\"width: 768px\" class=\"wp-caption alignnone\"><img loading=\"lazy\" decoding=\"async\" class=\"wp-image-72837 size-large\" src=\"https:\/\/www.musikzeitung.ch\/wp-content\/uploads\/2026\/04\/260423zhdk-1024x555.jpg\" alt=\"\" width=\"768\" height=\"416\" srcset=\"https:\/\/www.musikzeitung.ch\/wp-content\/uploads\/2026\/04\/260423zhdk-1024x555.jpg 1024w, https:\/\/www.musikzeitung.ch\/wp-content\/uploads\/2026\/04\/260423zhdk-300x163.jpg 300w, https:\/\/www.musikzeitung.ch\/wp-content\/uploads\/2026\/04\/260423zhdk-768x417.jpg 768w, https:\/\/www.musikzeitung.ch\/wp-content\/uploads\/2026\/04\/260423zhdk-18x10.jpg 18w, https:\/\/www.musikzeitung.ch\/wp-content\/uploads\/2026\/04\/260423zhdk-323x175.jpg 323w, https:\/\/www.musikzeitung.ch\/wp-content\/uploads\/2026\/04\/260423zhdk-645x350.jpg 645w, https:\/\/www.musikzeitung.ch\/wp-content\/uploads\/2026\/04\/260423zhdk-920x499.jpg 920w, https:\/\/www.musikzeitung.ch\/wp-content\/uploads\/2026\/04\/260423zhdk.jpg 1379w\" sizes=\"auto, (max-width: 768px) 100vw, 768px\" \/><figcaption id=\"caption-attachment-72837\" class=\"wp-caption-text\">ZHdK (Immagine: Google Maps)<\/figcaption><\/figure>\n<p>Il progetto dal nome completo \u00abProject Animated Objects and Moving Sound Sources: Expanding Spatial Audio in Post-Instrumental Practice\u00bb indaga nuovi concetti e metodi nel campo della riproduzione audio spaziale con particolare attenzione alle pratiche performative incarnate e basate su oggetti nella musica contemporanea. Il progetto \u00e8 finanziato per quattro anni.<\/p>\n<p>Sotto la direzione di Rama Gottfried, il progetto combina vari filoni di ricerca dell'Istituto per la musica computerizzata e la tecnologia del suono (ICST) della ZHdK sul tema della spazialit\u00e0. Il progetto collega il rendering audio 3D con il lavoro di Peter F\u00e4ber sulle \u00abMoving Sound Sources\u00bb, la ricerca di Daniel Bisig sull'analisi del movimento nella danza e il lavoro di Gottfried sul teatro materiale post-strumentale e sugli oggetti animati come presenza incarnata.<\/p>\n<p>Hanna J\u00e4rvel\u00e4inen e Germ\u00e1n Toro P\u00e9rez sono i consulenti scientifici del progetto. L'anno prossimo, nell'ambito del progetto, saranno pubblicati un posto di post-dottorato e un posto di dottorato.<\/p>","protected":false},"excerpt":{"rendered":"<p>Il progetto \u00abAnimated Objects and Moving Sound Sources\u00bb dell'Universit\u00e0 delle Arti di Zurigo \u00e8 finanziato dal Fondo Nazionale Svizzero (FNS) per quattro anni.<\/p>","protected":false},"author":30,"featured_media":72837,"comment_status":"closed","ping_status":"closed","sticky":false,"template":"","format":"standard","meta":{"_acf_changed":false,"_relevanssi_hide_post":"","_relevanssi_hide_content":"","_relevanssi_pin_for_all":"","_relevanssi_pin_keywords":"","_relevanssi_unpin_keywords":"","_relevanssi_related_keywords":"","_relevanssi_related_include_ids":"","_relevanssi_related_exclude_ids":"","_relevanssi_related_no_append":"","_relevanssi_related_not_related":"","_relevanssi_related_posts":"","_relevanssi_noindex_reason":"","pgc_sgb_lightbox_settings":"","footnotes":""},"categories":[27],"tags":[5614,5256,1974],"class_list":["post-72836","post","type-post","status-publish","format-standard","has-post-thumbnail","hentry","category-news","tag-institute-for-computer-music-and-sound-technology","tag-schweizerischer-nationalfonds","tag-zhdk"],"acf":[],"yoast_head":"<!-- This site is optimized with the Yoast SEO plugin v27.4 - https:\/\/yoast.com\/product\/yoast-seo-wordpress\/ -->\n<title>Nationalfonds f\u00f6rdert ZHdK-Projekt - Schweizer Musikzeitung<\/title>\n<meta name=\"description\" content=\"Das Projekt \u00abAnimated Objects and Moving Sound Sources\u00bb der Z\u00fcrcher Hochschule der K\u00fcnste wird vom SNF f\u00fcr vier Jahre gef\u00f6rdert.\" \/>\n<meta name=\"robots\" content=\"index, follow, max-snippet:-1, max-image-preview:large, max-video-preview:-1\" \/>\n<link rel=\"canonical\" href=\"https:\/\/www.musikzeitung.ch\/it\/news\/2026\/04\/nationalfonds-foerdert-zhdk-projekt\/\" \/>\n<meta property=\"og:locale\" content=\"it_IT\" \/>\n<meta property=\"og:type\" content=\"article\" \/>\n<meta property=\"og:title\" content=\"Nationalfonds f\u00f6rdert ZHdK-Projekt - Schweizer Musikzeitung\" \/>\n<meta property=\"og:description\" content=\"Das Projekt \u00abAnimated Objects and Moving Sound Sources\u00bb der Z\u00fcrcher Hochschule der K\u00fcnste wird vom SNF f\u00fcr vier Jahre gef\u00f6rdert.\" \/>\n<meta property=\"og:url\" content=\"https:\/\/www.musikzeitung.ch\/it\/news\/2026\/04\/nationalfonds-foerdert-zhdk-projekt\/\" \/>\n<meta property=\"og:site_name\" content=\"Schweizer Musikzeitung\" \/>\n<meta property=\"article:publisher\" content=\"https:\/\/www.facebook.com\/SchweizerMusikzeitung\/\" \/>\n<meta property=\"article:author\" content=\"https:\/\/www.facebook.com\/wolfgang.bohler.75\" \/>\n<meta property=\"article:published_time\" content=\"2026-04-23T05:30:25+00:00\" \/>\n<meta property=\"article:modified_time\" content=\"2026-04-23T08:50:56+00:00\" \/>\n<meta property=\"og:image\" content=\"https:\/\/www.musikzeitung.ch\/wp-content\/uploads\/2026\/04\/260423zhdk.jpg\" \/>\n\t<meta property=\"og:image:width\" content=\"1379\" \/>\n\t<meta property=\"og:image:height\" content=\"748\" \/>\n\t<meta property=\"og:image:type\" content=\"image\/jpeg\" \/>\n<meta name=\"author\" content=\"Wolfgang B\u00f6hler\" \/>\n<meta name=\"twitter:card\" content=\"summary_large_image\" \/>\n<meta name=\"twitter:creator\" content=\"@smusikzeitung\" \/>\n<meta name=\"twitter:site\" content=\"@smusikzeitung\" \/>\n<meta name=\"twitter:label1\" content=\"Scritto da\" \/>\n\t<meta name=\"twitter:data1\" content=\"Wolfgang B\u00f6hler\" \/>\n\t<meta name=\"twitter:label2\" content=\"Tempo di lettura stimato\" \/>\n\t<meta name=\"twitter:data2\" content=\"2 minuti\" \/>\n<script type=\"application\/ld+json\" class=\"yoast-schema-graph\">{\"@context\":\"https:\\\/\\\/schema.org\",\"@graph\":[{\"@type\":\"Article\",\"@id\":\"https:\\\/\\\/www.musikzeitung.ch\\\/news\\\/2026\\\/04\\\/nationalfonds-foerdert-zhdk-projekt#article\",\"isPartOf\":{\"@id\":\"https:\\\/\\\/www.musikzeitung.ch\\\/news\\\/2026\\\/04\\\/nationalfonds-foerdert-zhdk-projekt\"},\"author\":{\"name\":\"Wolfgang B\u00f6hler\",\"@id\":\"https:\\\/\\\/www.musikzeitung.ch\\\/#\\\/schema\\\/person\\\/0da4fb82d243f1252850a35d0e87cf0c\"},\"headline\":\"Nationalfonds f\u00f6rdert ZHdK-Projekt\",\"datePublished\":\"2026-04-23T05:30:25+00:00\",\"dateModified\":\"2026-04-23T08:50:56+00:00\",\"mainEntityOfPage\":{\"@id\":\"https:\\\/\\\/www.musikzeitung.ch\\\/news\\\/2026\\\/04\\\/nationalfonds-foerdert-zhdk-projekt\"},\"wordCount\":158,\"publisher\":{\"@id\":\"https:\\\/\\\/www.musikzeitung.ch\\\/#organization\"},\"image\":{\"@id\":\"https:\\\/\\\/www.musikzeitung.ch\\\/news\\\/2026\\\/04\\\/nationalfonds-foerdert-zhdk-projekt#primaryimage\"},\"thumbnailUrl\":\"https:\\\/\\\/www.musikzeitung.ch\\\/wp-content\\\/uploads\\\/2026\\\/04\\\/260423zhdk.jpg\",\"keywords\":[\"Institute for Computer Music and Sound Technology\",\"Schweizerischer Nationalfonds\",\"ZHdK\"],\"articleSection\":[\"News\"],\"inLanguage\":\"it-IT\"},{\"@type\":\"WebPage\",\"@id\":\"https:\\\/\\\/www.musikzeitung.ch\\\/news\\\/2026\\\/04\\\/nationalfonds-foerdert-zhdk-projekt\",\"url\":\"https:\\\/\\\/www.musikzeitung.ch\\\/news\\\/2026\\\/04\\\/nationalfonds-foerdert-zhdk-projekt\",\"name\":\"Nationalfonds f\u00f6rdert ZHdK-Projekt - Schweizer Musikzeitung\",\"isPartOf\":{\"@id\":\"https:\\\/\\\/www.musikzeitung.ch\\\/#website\"},\"primaryImageOfPage\":{\"@id\":\"https:\\\/\\\/www.musikzeitung.ch\\\/news\\\/2026\\\/04\\\/nationalfonds-foerdert-zhdk-projekt#primaryimage\"},\"image\":{\"@id\":\"https:\\\/\\\/www.musikzeitung.ch\\\/news\\\/2026\\\/04\\\/nationalfonds-foerdert-zhdk-projekt#primaryimage\"},\"thumbnailUrl\":\"https:\\\/\\\/www.musikzeitung.ch\\\/wp-content\\\/uploads\\\/2026\\\/04\\\/260423zhdk.jpg\",\"datePublished\":\"2026-04-23T05:30:25+00:00\",\"dateModified\":\"2026-04-23T08:50:56+00:00\",\"description\":\"Das Projekt \u00abAnimated Objects and Moving Sound Sources\u00bb der Z\u00fcrcher Hochschule der K\u00fcnste wird vom SNF f\u00fcr vier Jahre gef\u00f6rdert.\",\"breadcrumb\":{\"@id\":\"https:\\\/\\\/www.musikzeitung.ch\\\/news\\\/2026\\\/04\\\/nationalfonds-foerdert-zhdk-projekt#breadcrumb\"},\"inLanguage\":\"it-IT\",\"potentialAction\":[{\"@type\":\"ReadAction\",\"target\":[\"https:\\\/\\\/www.musikzeitung.ch\\\/news\\\/2026\\\/04\\\/nationalfonds-foerdert-zhdk-projekt\"]}]},{\"@type\":\"ImageObject\",\"inLanguage\":\"it-IT\",\"@id\":\"https:\\\/\\\/www.musikzeitung.ch\\\/news\\\/2026\\\/04\\\/nationalfonds-foerdert-zhdk-projekt#primaryimage\",\"url\":\"https:\\\/\\\/www.musikzeitung.ch\\\/wp-content\\\/uploads\\\/2026\\\/04\\\/260423zhdk.jpg\",\"contentUrl\":\"https:\\\/\\\/www.musikzeitung.ch\\\/wp-content\\\/uploads\\\/2026\\\/04\\\/260423zhdk.jpg\",\"width\":1379,\"height\":748,\"caption\":\"ZHdK (Bild: Google Maps)\"},{\"@type\":\"BreadcrumbList\",\"@id\":\"https:\\\/\\\/www.musikzeitung.ch\\\/news\\\/2026\\\/04\\\/nationalfonds-foerdert-zhdk-projekt#breadcrumb\",\"itemListElement\":[{\"@type\":\"ListItem\",\"position\":1,\"name\":\"Home\",\"item\":\"https:\\\/\\\/www.musikzeitung.ch\\\/\"},{\"@type\":\"ListItem\",\"position\":2,\"name\":\"Nationalfonds f\u00f6rdert ZHdK-Projekt\"}]},{\"@type\":\"WebSite\",\"@id\":\"https:\\\/\\\/www.musikzeitung.ch\\\/#website\",\"url\":\"https:\\\/\\\/www.musikzeitung.ch\\\/\",\"name\":\"Schweizer Musikzeitung\",\"description\":\"Die f\u00fchrende sparten\u00fcbergreifende Monatszeitung in der Schweiz f\u00fcr musikalische Fragen.\",\"publisher\":{\"@id\":\"https:\\\/\\\/www.musikzeitung.ch\\\/#organization\"},\"potentialAction\":[{\"@type\":\"SearchAction\",\"target\":{\"@type\":\"EntryPoint\",\"urlTemplate\":\"https:\\\/\\\/www.musikzeitung.ch\\\/?s={search_term_string}\"},\"query-input\":{\"@type\":\"PropertyValueSpecification\",\"valueRequired\":true,\"valueName\":\"search_term_string\"}}],\"inLanguage\":\"it-IT\"},{\"@type\":\"Organization\",\"@id\":\"https:\\\/\\\/www.musikzeitung.ch\\\/#organization\",\"name\":\"Schweizer Musikzeitung\",\"url\":\"https:\\\/\\\/www.musikzeitung.ch\\\/\",\"logo\":{\"@type\":\"ImageObject\",\"inLanguage\":\"it-IT\",\"@id\":\"https:\\\/\\\/www.musikzeitung.ch\\\/#\\\/schema\\\/logo\\\/image\\\/\",\"url\":\"https:\\\/\\\/www.musikzeitung.ch\\\/wp-content\\\/uploads\\\/2023\\\/01\\\/SMZ_Schriftzug_Sprache.png\",\"contentUrl\":\"https:\\\/\\\/www.musikzeitung.ch\\\/wp-content\\\/uploads\\\/2023\\\/01\\\/SMZ_Schriftzug_Sprache.png\",\"width\":1400,\"height\":279,\"caption\":\"Schweizer Musikzeitung\"},\"image\":{\"@id\":\"https:\\\/\\\/www.musikzeitung.ch\\\/#\\\/schema\\\/logo\\\/image\\\/\"},\"sameAs\":[\"https:\\\/\\\/www.facebook.com\\\/SchweizerMusikzeitung\\\/\",\"https:\\\/\\\/x.com\\\/smusikzeitung\",\"https:\\\/\\\/www.instagram.com\\\/musikzeitung.ch\\\/\"]},{\"@type\":\"Person\",\"@id\":\"https:\\\/\\\/www.musikzeitung.ch\\\/#\\\/schema\\\/person\\\/0da4fb82d243f1252850a35d0e87cf0c\",\"name\":\"Wolfgang B\u00f6hler\",\"image\":{\"@type\":\"ImageObject\",\"inLanguage\":\"it-IT\",\"@id\":\"https:\\\/\\\/www.musikzeitung.ch\\\/wp-content\\\/uploads\\\/2023\\\/01\\\/boehler_portraet_web-e1674139782246-96x96.jpg\",\"url\":\"https:\\\/\\\/www.musikzeitung.ch\\\/wp-content\\\/uploads\\\/2023\\\/01\\\/boehler_portraet_web-e1674139782246-96x96.jpg\",\"contentUrl\":\"https:\\\/\\\/www.musikzeitung.ch\\\/wp-content\\\/uploads\\\/2023\\\/01\\\/boehler_portraet_web-e1674139782246-96x96.jpg\",\"caption\":\"Wolfgang B\u00f6hler\"},\"sameAs\":[\"http:\\\/\\\/www.manacanto.ch\",\"https:\\\/\\\/www.facebook.com\\\/wolfgang.bohler.75\"],\"url\":\"https:\\\/\\\/www.musikzeitung.ch\\\/it\\\/author\\\/wolfgang-boehler\"}]}<\/script>\n<!-- \/ Yoast SEO plugin. -->","yoast_head_json":{"title":"Il Fondo nazionale sostiene il progetto della ZHdK - Schweizer Musikzeitung","description":"Il progetto \u00abAnimated Objects and Moving Sound Sources\u00bb dell'Universit\u00e0 delle Arti di Zurigo \u00e8 finanziato dal FNS per quattro anni.","robots":{"index":"index","follow":"follow","max-snippet":"max-snippet:-1","max-image-preview":"max-image-preview:large","max-video-preview":"max-video-preview:-1"},"canonical":"https:\/\/www.musikzeitung.ch\/it\/news\/2026\/04\/nationalfonds-foerdert-zhdk-projekt\/","og_locale":"it_IT","og_type":"article","og_title":"Nationalfonds f\u00f6rdert ZHdK-Projekt - Schweizer Musikzeitung","og_description":"Das Projekt \u00abAnimated Objects and Moving Sound Sources\u00bb der Z\u00fcrcher Hochschule der K\u00fcnste wird vom SNF f\u00fcr vier Jahre gef\u00f6rdert.","og_url":"https:\/\/www.musikzeitung.ch\/it\/news\/2026\/04\/nationalfonds-foerdert-zhdk-projekt\/","og_site_name":"Schweizer Musikzeitung","article_publisher":"https:\/\/www.facebook.com\/SchweizerMusikzeitung\/","article_author":"https:\/\/www.facebook.com\/wolfgang.bohler.75","article_published_time":"2026-04-23T05:30:25+00:00","article_modified_time":"2026-04-23T08:50:56+00:00","og_image":[{"width":1379,"height":748,"url":"https:\/\/www.musikzeitung.ch\/wp-content\/uploads\/2026\/04\/260423zhdk.jpg","type":"image\/jpeg"}],"author":"Wolfgang B\u00f6hler","twitter_card":"summary_large_image","twitter_creator":"@smusikzeitung","twitter_site":"@smusikzeitung","twitter_misc":{"Scritto da":"Wolfgang B\u00f6hler","Tempo di lettura stimato":"2 minuti"},"schema":{"@context":"https:\/\/schema.org","@graph":[{"@type":"Article","@id":"https:\/\/www.musikzeitung.ch\/news\/2026\/04\/nationalfonds-foerdert-zhdk-projekt#article","isPartOf":{"@id":"https:\/\/www.musikzeitung.ch\/news\/2026\/04\/nationalfonds-foerdert-zhdk-projekt"},"author":{"name":"Wolfgang B\u00f6hler","@id":"https:\/\/www.musikzeitung.ch\/#\/schema\/person\/0da4fb82d243f1252850a35d0e87cf0c"},"headline":"Nationalfonds f\u00f6rdert ZHdK-Projekt","datePublished":"2026-04-23T05:30:25+00:00","dateModified":"2026-04-23T08:50:56+00:00","mainEntityOfPage":{"@id":"https:\/\/www.musikzeitung.ch\/news\/2026\/04\/nationalfonds-foerdert-zhdk-projekt"},"wordCount":158,"publisher":{"@id":"https:\/\/www.musikzeitung.ch\/#organization"},"image":{"@id":"https:\/\/www.musikzeitung.ch\/news\/2026\/04\/nationalfonds-foerdert-zhdk-projekt#primaryimage"},"thumbnailUrl":"https:\/\/www.musikzeitung.ch\/wp-content\/uploads\/2026\/04\/260423zhdk.jpg","keywords":["Institute for Computer Music and Sound Technology","Schweizerischer Nationalfonds","ZHdK"],"articleSection":["News"],"inLanguage":"it-IT"},{"@type":"WebPage","@id":"https:\/\/www.musikzeitung.ch\/news\/2026\/04\/nationalfonds-foerdert-zhdk-projekt","url":"https:\/\/www.musikzeitung.ch\/news\/2026\/04\/nationalfonds-foerdert-zhdk-projekt","name":"Il Fondo nazionale sostiene il progetto della ZHdK - Schweizer Musikzeitung","isPartOf":{"@id":"https:\/\/www.musikzeitung.ch\/#website"},"primaryImageOfPage":{"@id":"https:\/\/www.musikzeitung.ch\/news\/2026\/04\/nationalfonds-foerdert-zhdk-projekt#primaryimage"},"image":{"@id":"https:\/\/www.musikzeitung.ch\/news\/2026\/04\/nationalfonds-foerdert-zhdk-projekt#primaryimage"},"thumbnailUrl":"https:\/\/www.musikzeitung.ch\/wp-content\/uploads\/2026\/04\/260423zhdk.jpg","datePublished":"2026-04-23T05:30:25+00:00","dateModified":"2026-04-23T08:50:56+00:00","description":"Il progetto \u00abAnimated Objects and Moving Sound Sources\u00bb dell'Universit\u00e0 delle Arti di Zurigo \u00e8 finanziato dal FNS per quattro anni.","breadcrumb":{"@id":"https:\/\/www.musikzeitung.ch\/news\/2026\/04\/nationalfonds-foerdert-zhdk-projekt#breadcrumb"},"inLanguage":"it-IT","potentialAction":[{"@type":"ReadAction","target":["https:\/\/www.musikzeitung.ch\/news\/2026\/04\/nationalfonds-foerdert-zhdk-projekt"]}]},{"@type":"ImageObject","inLanguage":"it-IT","@id":"https:\/\/www.musikzeitung.ch\/news\/2026\/04\/nationalfonds-foerdert-zhdk-projekt#primaryimage","url":"https:\/\/www.musikzeitung.ch\/wp-content\/uploads\/2026\/04\/260423zhdk.jpg","contentUrl":"https:\/\/www.musikzeitung.ch\/wp-content\/uploads\/2026\/04\/260423zhdk.jpg","width":1379,"height":748,"caption":"ZHdK (Bild: Google Maps)"},{"@type":"BreadcrumbList","@id":"https:\/\/www.musikzeitung.ch\/news\/2026\/04\/nationalfonds-foerdert-zhdk-projekt#breadcrumb","itemListElement":[{"@type":"ListItem","position":1,"name":"Home","item":"https:\/\/www.musikzeitung.ch\/"},{"@type":"ListItem","position":2,"name":"Nationalfonds f\u00f6rdert ZHdK-Projekt"}]},{"@type":"WebSite","@id":"https:\/\/www.musikzeitung.ch\/#website","url":"https:\/\/www.musikzeitung.ch\/","name":"Giornale musicale svizzero","description":"Il principale mensile interdisciplinare della Svizzera per le questioni musicali.","publisher":{"@id":"https:\/\/www.musikzeitung.ch\/#organization"},"potentialAction":[{"@type":"SearchAction","target":{"@type":"EntryPoint","urlTemplate":"https:\/\/www.musikzeitung.ch\/?s={search_term_string}"},"query-input":{"@type":"PropertyValueSpecification","valueRequired":true,"valueName":"search_term_string"}}],"inLanguage":"it-IT"},{"@type":"Organization","@id":"https:\/\/www.musikzeitung.ch\/#organization","name":"Giornale musicale svizzero","url":"https:\/\/www.musikzeitung.ch\/","logo":{"@type":"ImageObject","inLanguage":"it-IT","@id":"https:\/\/www.musikzeitung.ch\/#\/schema\/logo\/image\/","url":"https:\/\/www.musikzeitung.ch\/wp-content\/uploads\/2023\/01\/SMZ_Schriftzug_Sprache.png","contentUrl":"https:\/\/www.musikzeitung.ch\/wp-content\/uploads\/2023\/01\/SMZ_Schriftzug_Sprache.png","width":1400,"height":279,"caption":"Schweizer Musikzeitung"},"image":{"@id":"https:\/\/www.musikzeitung.ch\/#\/schema\/logo\/image\/"},"sameAs":["https:\/\/www.facebook.com\/SchweizerMusikzeitung\/","https:\/\/x.com\/smusikzeitung","https:\/\/www.instagram.com\/musikzeitung.ch\/"]},{"@type":"Person","@id":"https:\/\/www.musikzeitung.ch\/#\/schema\/person\/0da4fb82d243f1252850a35d0e87cf0c","name":"Wolfgang B\u00f6hler","image":{"@type":"ImageObject","inLanguage":"it-IT","@id":"https:\/\/www.musikzeitung.ch\/wp-content\/uploads\/2023\/01\/boehler_portraet_web-e1674139782246-96x96.jpg","url":"https:\/\/www.musikzeitung.ch\/wp-content\/uploads\/2023\/01\/boehler_portraet_web-e1674139782246-96x96.jpg","contentUrl":"https:\/\/www.musikzeitung.ch\/wp-content\/uploads\/2023\/01\/boehler_portraet_web-e1674139782246-96x96.jpg","caption":"Wolfgang B\u00f6hler"},"sameAs":["http:\/\/www.manacanto.ch","https:\/\/www.facebook.com\/wolfgang.bohler.75"],"url":"https:\/\/www.musikzeitung.ch\/it\/author\/wolfgang-boehler"}]}},"publishpress_future_workflow_manual_trigger":{"enabledWorkflows":[]},"_links":{"self":[{"href":"https:\/\/www.musikzeitung.ch\/it\/wp-json\/wp\/v2\/posts\/72836","targetHints":{"allow":["GET"]}}],"collection":[{"href":"https:\/\/www.musikzeitung.ch\/it\/wp-json\/wp\/v2\/posts"}],"about":[{"href":"https:\/\/www.musikzeitung.ch\/it\/wp-json\/wp\/v2\/types\/post"}],"author":[{"embeddable":true,"href":"https:\/\/www.musikzeitung.ch\/it\/wp-json\/wp\/v2\/users\/30"}],"replies":[{"embeddable":true,"href":"https:\/\/www.musikzeitung.ch\/it\/wp-json\/wp\/v2\/comments?post=72836"}],"version-history":[{"count":7,"href":"https:\/\/www.musikzeitung.ch\/it\/wp-json\/wp\/v2\/posts\/72836\/revisions"}],"predecessor-version":[{"id":72847,"href":"https:\/\/www.musikzeitung.ch\/it\/wp-json\/wp\/v2\/posts\/72836\/revisions\/72847"}],"wp:featuredmedia":[{"embeddable":true,"href":"https:\/\/www.musikzeitung.ch\/it\/wp-json\/wp\/v2\/media\/72837"}],"wp:attachment":[{"href":"https:\/\/www.musikzeitung.ch\/it\/wp-json\/wp\/v2\/media?parent=72836"}],"wp:term":[{"taxonomy":"category","embeddable":true,"href":"https:\/\/www.musikzeitung.ch\/it\/wp-json\/wp\/v2\/categories?post=72836"},{"taxonomy":"post_tag","embeddable":true,"href":"https:\/\/www.musikzeitung.ch\/it\/wp-json\/wp\/v2\/tags?post=72836"}],"curies":[{"name":"wp","href":"https:\/\/api.w.org\/{rel}","templated":true}]}}