{"id":72856,"date":"2026-04-24T06:54:26","date_gmt":"2026-04-24T04:54:26","guid":{"rendered":"https:\/\/www.musikzeitung.ch\/?p=72856"},"modified":"2026-04-24T09:38:45","modified_gmt":"2026-04-24T07:38:45","slug":"unisono-besorgt-ueber-situation-der-bodensee-philharmonie","status":"publish","type":"post","link":"https:\/\/www.musikzeitung.ch\/it\/news\/2026\/04\/unisono-besorgt-ueber-situation-der-bodensee-philharmonie","title":{"rendered":"Preoccupazione unanime per la situazione dell'Orchestra filarmonica del Lago di Costanza"},"content":{"rendered":"<figure id=\"attachment_72857\" aria-describedby=\"caption-attachment-72857\" style=\"width: 768px\" class=\"wp-caption alignnone\"><img loading=\"lazy\" decoding=\"async\" class=\"size-large wp-image-72857\" src=\"https:\/\/www.musikzeitung.ch\/wp-content\/uploads\/2026\/04\/260424bodensee-1024x500.jpg\" alt=\"\" width=\"768\" height=\"375\" srcset=\"https:\/\/www.musikzeitung.ch\/wp-content\/uploads\/2026\/04\/260424bodensee-1024x500.jpg 1024w, https:\/\/www.musikzeitung.ch\/wp-content\/uploads\/2026\/04\/260424bodensee-300x146.jpg 300w, https:\/\/www.musikzeitung.ch\/wp-content\/uploads\/2026\/04\/260424bodensee-768x375.jpg 768w, https:\/\/www.musikzeitung.ch\/wp-content\/uploads\/2026\/04\/260424bodensee-18x9.jpg 18w, https:\/\/www.musikzeitung.ch\/wp-content\/uploads\/2026\/04\/260424bodensee-358x175.jpg 358w, https:\/\/www.musikzeitung.ch\/wp-content\/uploads\/2026\/04\/260424bodensee-717x350.jpg 717w, https:\/\/www.musikzeitung.ch\/wp-content\/uploads\/2026\/04\/260424bodensee-920x449.jpg 920w, https:\/\/www.musikzeitung.ch\/wp-content\/uploads\/2026\/04\/260424bodensee-1400x684.jpg 1400w, https:\/\/www.musikzeitung.ch\/wp-content\/uploads\/2026\/04\/260424bodensee.jpg 1454w\" sizes=\"auto, (max-width: 768px) 100vw, 768px\" \/><figcaption id=\"caption-attachment-72857\" class=\"wp-caption-text\"><a href=\"https:\/\/www.philharmonie-konstanz.de\/de\/\" target=\"_blank\" rel=\"noopener\">Orchestra Filarmonica del Lago di Costanza<\/a> (Immagine: Orchestra Filarmonica del Lago di Costanza)<\/figcaption><\/figure>\n<p>Il motivo principale \u00e8 che finora non \u00e8 stata avviata alcuna procedura di ricerca comunicata pubblicamente, scrive <a href=\"https:\/\/uni-sono.org\/presse_meldungen\/bodensee-philharmonie-braucht-klare-perspektive\/\" target=\"_blank\" rel=\"noopener\">All'unisono<\/a>. Anche se si cercasse una soluzione provvisoria, questa non \u00abci libererebbe dalla necessit\u00e0 di condurre parallelamente una procedura di selezione regolare e trasparente\u00bb. N\u00e9 le ragioni della mancanza di una procedura di ricerca n\u00e9 le considerazioni strategiche della citt\u00e0 erano state comunicate in modo comprensibile. Una simile gestione di una funzione di gestione centrale di un'orchestra comunale \u00e8 insolita, non trasparente e necessita di spiegazioni.<\/p>\n<p>\u00c8 necessario un dibattito pubblico sulla direzione della politica culturale della citt\u00e0 di Costanza, hanno aggiunto all'unisono. Questa discussione riguarda sia il pubblico che i dipendenti. Entrambi hanno bisogno di un chiaro impegno affinch\u00e9 la citt\u00e0 continui a sostenere pienamente la sua orchestra.<\/p>\n<p>L'Orchestra Filarmonica del Lago di Costanza \u00e8 stata fondata nel 1932. \u00c8 una delle istituzioni culturali pi\u00f9 importanti della Germania sud-occidentale, caratterizza l'offerta culturale della citt\u00e0 universitaria di Costanza ed \u00e8 anche un attore importante nella vita concertistica della Svizzera. Con oltre 60 musicisti impiegati stabilmente, l'orchestra raggiunge circa 80.000 persone in oltre 100 concerti all'anno.<\/p>","protected":false},"excerpt":{"rendered":"<p>In vista del posto vacante di direttore artistico dell'Orchestra Filarmonica del Lago di Costanza, il sindacato tedesco delle orchestre Unisono ha scritto una lettera aperta al sindaco della citt\u00e0 di Costanza. <\/p>","protected":false},"author":30,"featured_media":72857,"comment_status":"closed","ping_status":"closed","sticky":false,"template":"","format":"standard","meta":{"_acf_changed":false,"_relevanssi_hide_post":"","_relevanssi_hide_content":"","_relevanssi_pin_for_all":"","_relevanssi_pin_keywords":"","_relevanssi_unpin_keywords":"","_relevanssi_related_keywords":"","_relevanssi_related_include_ids":"","_relevanssi_related_exclude_ids":"","_relevanssi_related_no_append":"","_relevanssi_related_not_related":"","_relevanssi_related_posts":"","_relevanssi_noindex_reason":"","pgc_sgb_lightbox_settings":"","footnotes":""},"categories":[27],"tags":[5615,2755],"class_list":["post-72856","post","type-post","status-publish","format-standard","has-post-thumbnail","hentry","category-news","tag-bodensee-philharmonie","tag-unisono"],"acf":[],"yoast_head":"<!-- This site is optimized with the Yoast SEO plugin v27.4 - https:\/\/yoast.com\/product\/yoast-seo-wordpress\/ -->\n<title>Unisono besorgt \u00fcber Situation der Bodensee Philharmonie - Schweizer Musikzeitung<\/title>\n<meta name=\"description\" content=\"Angesichts der noch unbesetzten Intendantenstelle bei der Bodensee Philharmonie wendet sich die Deutsche Orchestergewerkschaft an den Oberb\u00fcrgermeister der Stadt Konstanz.\" \/>\n<meta name=\"robots\" content=\"index, follow, max-snippet:-1, max-image-preview:large, max-video-preview:-1\" \/>\n<link rel=\"canonical\" href=\"https:\/\/www.musikzeitung.ch\/it\/news\/2026\/04\/unisono-besorgt-ueber-situation-der-bodensee-philharmonie\/\" \/>\n<meta property=\"og:locale\" content=\"it_IT\" \/>\n<meta property=\"og:type\" content=\"article\" \/>\n<meta property=\"og:title\" content=\"Unisono besorgt \u00fcber Situation der Bodensee Philharmonie - Schweizer Musikzeitung\" \/>\n<meta property=\"og:description\" content=\"Angesichts der noch unbesetzten Intendantenstelle bei der Bodensee Philharmonie wendet sich die Deutsche Orchestergewerkschaft an den Oberb\u00fcrgermeister der Stadt Konstanz.\" \/>\n<meta property=\"og:url\" content=\"https:\/\/www.musikzeitung.ch\/it\/news\/2026\/04\/unisono-besorgt-ueber-situation-der-bodensee-philharmonie\/\" \/>\n<meta property=\"og:site_name\" content=\"Schweizer Musikzeitung\" \/>\n<meta property=\"article:publisher\" content=\"https:\/\/www.facebook.com\/SchweizerMusikzeitung\/\" \/>\n<meta property=\"article:author\" content=\"https:\/\/www.facebook.com\/wolfgang.bohler.75\" \/>\n<meta property=\"article:published_time\" content=\"2026-04-24T04:54:26+00:00\" \/>\n<meta property=\"article:modified_time\" content=\"2026-04-24T07:38:45+00:00\" \/>\n<meta property=\"og:image\" content=\"https:\/\/www.musikzeitung.ch\/wp-content\/uploads\/2026\/04\/260424bodensee.jpg\" \/>\n\t<meta property=\"og:image:width\" content=\"1454\" \/>\n\t<meta property=\"og:image:height\" content=\"710\" \/>\n\t<meta property=\"og:image:type\" content=\"image\/jpeg\" \/>\n<meta name=\"author\" content=\"Wolfgang B\u00f6hler\" \/>\n<meta name=\"twitter:card\" content=\"summary_large_image\" \/>\n<meta name=\"twitter:creator\" content=\"@smusikzeitung\" \/>\n<meta name=\"twitter:site\" content=\"@smusikzeitung\" \/>\n<meta name=\"twitter:label1\" content=\"Scritto da\" \/>\n\t<meta name=\"twitter:data1\" content=\"Wolfgang B\u00f6hler\" \/>\n\t<meta name=\"twitter:label2\" content=\"Tempo di lettura stimato\" \/>\n\t<meta name=\"twitter:data2\" content=\"2 minuti\" \/>\n<script type=\"application\/ld+json\" class=\"yoast-schema-graph\">{\"@context\":\"https:\\\/\\\/schema.org\",\"@graph\":[{\"@type\":\"Article\",\"@id\":\"https:\\\/\\\/www.musikzeitung.ch\\\/news\\\/2026\\\/04\\\/unisono-besorgt-ueber-situation-der-bodensee-philharmonie#article\",\"isPartOf\":{\"@id\":\"https:\\\/\\\/www.musikzeitung.ch\\\/news\\\/2026\\\/04\\\/unisono-besorgt-ueber-situation-der-bodensee-philharmonie\"},\"author\":{\"name\":\"Wolfgang B\u00f6hler\",\"@id\":\"https:\\\/\\\/www.musikzeitung.ch\\\/#\\\/schema\\\/person\\\/0da4fb82d243f1252850a35d0e87cf0c\"},\"headline\":\"Unisono besorgt \u00fcber Situation der Bodensee Philharmonie\",\"datePublished\":\"2026-04-24T04:54:26+00:00\",\"dateModified\":\"2026-04-24T07:38:45+00:00\",\"mainEntityOfPage\":{\"@id\":\"https:\\\/\\\/www.musikzeitung.ch\\\/news\\\/2026\\\/04\\\/unisono-besorgt-ueber-situation-der-bodensee-philharmonie\"},\"wordCount\":193,\"publisher\":{\"@id\":\"https:\\\/\\\/www.musikzeitung.ch\\\/#organization\"},\"image\":{\"@id\":\"https:\\\/\\\/www.musikzeitung.ch\\\/news\\\/2026\\\/04\\\/unisono-besorgt-ueber-situation-der-bodensee-philharmonie#primaryimage\"},\"thumbnailUrl\":\"https:\\\/\\\/www.musikzeitung.ch\\\/wp-content\\\/uploads\\\/2026\\\/04\\\/260424bodensee.jpg\",\"keywords\":[\"Bodensee Philharmonie\",\"Unisono\"],\"articleSection\":[\"News\"],\"inLanguage\":\"it-IT\"},{\"@type\":\"WebPage\",\"@id\":\"https:\\\/\\\/www.musikzeitung.ch\\\/news\\\/2026\\\/04\\\/unisono-besorgt-ueber-situation-der-bodensee-philharmonie\",\"url\":\"https:\\\/\\\/www.musikzeitung.ch\\\/news\\\/2026\\\/04\\\/unisono-besorgt-ueber-situation-der-bodensee-philharmonie\",\"name\":\"Unisono besorgt \u00fcber Situation der Bodensee Philharmonie - Schweizer Musikzeitung\",\"isPartOf\":{\"@id\":\"https:\\\/\\\/www.musikzeitung.ch\\\/#website\"},\"primaryImageOfPage\":{\"@id\":\"https:\\\/\\\/www.musikzeitung.ch\\\/news\\\/2026\\\/04\\\/unisono-besorgt-ueber-situation-der-bodensee-philharmonie#primaryimage\"},\"image\":{\"@id\":\"https:\\\/\\\/www.musikzeitung.ch\\\/news\\\/2026\\\/04\\\/unisono-besorgt-ueber-situation-der-bodensee-philharmonie#primaryimage\"},\"thumbnailUrl\":\"https:\\\/\\\/www.musikzeitung.ch\\\/wp-content\\\/uploads\\\/2026\\\/04\\\/260424bodensee.jpg\",\"datePublished\":\"2026-04-24T04:54:26+00:00\",\"dateModified\":\"2026-04-24T07:38:45+00:00\",\"description\":\"Angesichts der noch unbesetzten Intendantenstelle bei der Bodensee Philharmonie wendet sich die Deutsche Orchestergewerkschaft an den Oberb\u00fcrgermeister der Stadt Konstanz.\",\"breadcrumb\":{\"@id\":\"https:\\\/\\\/www.musikzeitung.ch\\\/news\\\/2026\\\/04\\\/unisono-besorgt-ueber-situation-der-bodensee-philharmonie#breadcrumb\"},\"inLanguage\":\"it-IT\",\"potentialAction\":[{\"@type\":\"ReadAction\",\"target\":[\"https:\\\/\\\/www.musikzeitung.ch\\\/news\\\/2026\\\/04\\\/unisono-besorgt-ueber-situation-der-bodensee-philharmonie\"]}]},{\"@type\":\"ImageObject\",\"inLanguage\":\"it-IT\",\"@id\":\"https:\\\/\\\/www.musikzeitung.ch\\\/news\\\/2026\\\/04\\\/unisono-besorgt-ueber-situation-der-bodensee-philharmonie#primaryimage\",\"url\":\"https:\\\/\\\/www.musikzeitung.ch\\\/wp-content\\\/uploads\\\/2026\\\/04\\\/260424bodensee.jpg\",\"contentUrl\":\"https:\\\/\\\/www.musikzeitung.ch\\\/wp-content\\\/uploads\\\/2026\\\/04\\\/260424bodensee.jpg\",\"width\":1454,\"height\":710,\"caption\":\"Bodensee Philharmonie (Bild: Bodensee Philharmonie)\"},{\"@type\":\"BreadcrumbList\",\"@id\":\"https:\\\/\\\/www.musikzeitung.ch\\\/news\\\/2026\\\/04\\\/unisono-besorgt-ueber-situation-der-bodensee-philharmonie#breadcrumb\",\"itemListElement\":[{\"@type\":\"ListItem\",\"position\":1,\"name\":\"Home\",\"item\":\"https:\\\/\\\/www.musikzeitung.ch\\\/\"},{\"@type\":\"ListItem\",\"position\":2,\"name\":\"Unisono besorgt \u00fcber Situation der Bodensee Philharmonie\"}]},{\"@type\":\"WebSite\",\"@id\":\"https:\\\/\\\/www.musikzeitung.ch\\\/#website\",\"url\":\"https:\\\/\\\/www.musikzeitung.ch\\\/\",\"name\":\"Schweizer Musikzeitung\",\"description\":\"Die f\u00fchrende sparten\u00fcbergreifende Monatszeitung in der Schweiz f\u00fcr musikalische Fragen.\",\"publisher\":{\"@id\":\"https:\\\/\\\/www.musikzeitung.ch\\\/#organization\"},\"potentialAction\":[{\"@type\":\"SearchAction\",\"target\":{\"@type\":\"EntryPoint\",\"urlTemplate\":\"https:\\\/\\\/www.musikzeitung.ch\\\/?s={search_term_string}\"},\"query-input\":{\"@type\":\"PropertyValueSpecification\",\"valueRequired\":true,\"valueName\":\"search_term_string\"}}],\"inLanguage\":\"it-IT\"},{\"@type\":\"Organization\",\"@id\":\"https:\\\/\\\/www.musikzeitung.ch\\\/#organization\",\"name\":\"Schweizer Musikzeitung\",\"url\":\"https:\\\/\\\/www.musikzeitung.ch\\\/\",\"logo\":{\"@type\":\"ImageObject\",\"inLanguage\":\"it-IT\",\"@id\":\"https:\\\/\\\/www.musikzeitung.ch\\\/#\\\/schema\\\/logo\\\/image\\\/\",\"url\":\"https:\\\/\\\/www.musikzeitung.ch\\\/wp-content\\\/uploads\\\/2023\\\/01\\\/SMZ_Schriftzug_Sprache.png\",\"contentUrl\":\"https:\\\/\\\/www.musikzeitung.ch\\\/wp-content\\\/uploads\\\/2023\\\/01\\\/SMZ_Schriftzug_Sprache.png\",\"width\":1400,\"height\":279,\"caption\":\"Schweizer Musikzeitung\"},\"image\":{\"@id\":\"https:\\\/\\\/www.musikzeitung.ch\\\/#\\\/schema\\\/logo\\\/image\\\/\"},\"sameAs\":[\"https:\\\/\\\/www.facebook.com\\\/SchweizerMusikzeitung\\\/\",\"https:\\\/\\\/x.com\\\/smusikzeitung\",\"https:\\\/\\\/www.instagram.com\\\/musikzeitung.ch\\\/\"]},{\"@type\":\"Person\",\"@id\":\"https:\\\/\\\/www.musikzeitung.ch\\\/#\\\/schema\\\/person\\\/0da4fb82d243f1252850a35d0e87cf0c\",\"name\":\"Wolfgang B\u00f6hler\",\"image\":{\"@type\":\"ImageObject\",\"inLanguage\":\"it-IT\",\"@id\":\"https:\\\/\\\/www.musikzeitung.ch\\\/wp-content\\\/uploads\\\/2023\\\/01\\\/boehler_portraet_web-e1674139782246-96x96.jpg\",\"url\":\"https:\\\/\\\/www.musikzeitung.ch\\\/wp-content\\\/uploads\\\/2023\\\/01\\\/boehler_portraet_web-e1674139782246-96x96.jpg\",\"contentUrl\":\"https:\\\/\\\/www.musikzeitung.ch\\\/wp-content\\\/uploads\\\/2023\\\/01\\\/boehler_portraet_web-e1674139782246-96x96.jpg\",\"caption\":\"Wolfgang B\u00f6hler\"},\"sameAs\":[\"http:\\\/\\\/www.manacanto.ch\",\"https:\\\/\\\/www.facebook.com\\\/wolfgang.bohler.75\"],\"url\":\"https:\\\/\\\/www.musikzeitung.ch\\\/it\\\/author\\\/wolfgang-boehler\"}]}<\/script>\n<!-- \/ Yoast SEO plugin. -->","yoast_head_json":{"title":"Unisono \u00e8 preoccupata per la situazione della Bodensee Philharmonie - Schweizer Musikzeitung","description":"Angesichts der noch unbesetzten Intendantenstelle bei der Bodensee Philharmonie wendet sich die Deutsche Orchestergewerkschaft an den Oberb\u00fcrgermeister der Stadt Konstanz.","robots":{"index":"index","follow":"follow","max-snippet":"max-snippet:-1","max-image-preview":"max-image-preview:large","max-video-preview":"max-video-preview:-1"},"canonical":"https:\/\/www.musikzeitung.ch\/it\/news\/2026\/04\/unisono-besorgt-ueber-situation-der-bodensee-philharmonie\/","og_locale":"it_IT","og_type":"article","og_title":"Unisono besorgt \u00fcber Situation der Bodensee Philharmonie - Schweizer Musikzeitung","og_description":"Angesichts der noch unbesetzten Intendantenstelle bei der Bodensee Philharmonie wendet sich die Deutsche Orchestergewerkschaft an den Oberb\u00fcrgermeister der Stadt Konstanz.","og_url":"https:\/\/www.musikzeitung.ch\/it\/news\/2026\/04\/unisono-besorgt-ueber-situation-der-bodensee-philharmonie\/","og_site_name":"Schweizer Musikzeitung","article_publisher":"https:\/\/www.facebook.com\/SchweizerMusikzeitung\/","article_author":"https:\/\/www.facebook.com\/wolfgang.bohler.75","article_published_time":"2026-04-24T04:54:26+00:00","article_modified_time":"2026-04-24T07:38:45+00:00","og_image":[{"width":1454,"height":710,"url":"https:\/\/www.musikzeitung.ch\/wp-content\/uploads\/2026\/04\/260424bodensee.jpg","type":"image\/jpeg"}],"author":"Wolfgang B\u00f6hler","twitter_card":"summary_large_image","twitter_creator":"@smusikzeitung","twitter_site":"@smusikzeitung","twitter_misc":{"Scritto da":"Wolfgang B\u00f6hler","Tempo di lettura stimato":"2 minuti"},"schema":{"@context":"https:\/\/schema.org","@graph":[{"@type":"Article","@id":"https:\/\/www.musikzeitung.ch\/news\/2026\/04\/unisono-besorgt-ueber-situation-der-bodensee-philharmonie#article","isPartOf":{"@id":"https:\/\/www.musikzeitung.ch\/news\/2026\/04\/unisono-besorgt-ueber-situation-der-bodensee-philharmonie"},"author":{"name":"Wolfgang B\u00f6hler","@id":"https:\/\/www.musikzeitung.ch\/#\/schema\/person\/0da4fb82d243f1252850a35d0e87cf0c"},"headline":"Unisono besorgt \u00fcber Situation der Bodensee Philharmonie","datePublished":"2026-04-24T04:54:26+00:00","dateModified":"2026-04-24T07:38:45+00:00","mainEntityOfPage":{"@id":"https:\/\/www.musikzeitung.ch\/news\/2026\/04\/unisono-besorgt-ueber-situation-der-bodensee-philharmonie"},"wordCount":193,"publisher":{"@id":"https:\/\/www.musikzeitung.ch\/#organization"},"image":{"@id":"https:\/\/www.musikzeitung.ch\/news\/2026\/04\/unisono-besorgt-ueber-situation-der-bodensee-philharmonie#primaryimage"},"thumbnailUrl":"https:\/\/www.musikzeitung.ch\/wp-content\/uploads\/2026\/04\/260424bodensee.jpg","keywords":["Bodensee Philharmonie","Unisono"],"articleSection":["News"],"inLanguage":"it-IT"},{"@type":"WebPage","@id":"https:\/\/www.musikzeitung.ch\/news\/2026\/04\/unisono-besorgt-ueber-situation-der-bodensee-philharmonie","url":"https:\/\/www.musikzeitung.ch\/news\/2026\/04\/unisono-besorgt-ueber-situation-der-bodensee-philharmonie","name":"Unisono \u00e8 preoccupata per la situazione della Bodensee Philharmonie - Schweizer Musikzeitung","isPartOf":{"@id":"https:\/\/www.musikzeitung.ch\/#website"},"primaryImageOfPage":{"@id":"https:\/\/www.musikzeitung.ch\/news\/2026\/04\/unisono-besorgt-ueber-situation-der-bodensee-philharmonie#primaryimage"},"image":{"@id":"https:\/\/www.musikzeitung.ch\/news\/2026\/04\/unisono-besorgt-ueber-situation-der-bodensee-philharmonie#primaryimage"},"thumbnailUrl":"https:\/\/www.musikzeitung.ch\/wp-content\/uploads\/2026\/04\/260424bodensee.jpg","datePublished":"2026-04-24T04:54:26+00:00","dateModified":"2026-04-24T07:38:45+00:00","description":"Angesichts der noch unbesetzten Intendantenstelle bei der Bodensee Philharmonie wendet sich die Deutsche Orchestergewerkschaft an den Oberb\u00fcrgermeister der Stadt Konstanz.","breadcrumb":{"@id":"https:\/\/www.musikzeitung.ch\/news\/2026\/04\/unisono-besorgt-ueber-situation-der-bodensee-philharmonie#breadcrumb"},"inLanguage":"it-IT","potentialAction":[{"@type":"ReadAction","target":["https:\/\/www.musikzeitung.ch\/news\/2026\/04\/unisono-besorgt-ueber-situation-der-bodensee-philharmonie"]}]},{"@type":"ImageObject","inLanguage":"it-IT","@id":"https:\/\/www.musikzeitung.ch\/news\/2026\/04\/unisono-besorgt-ueber-situation-der-bodensee-philharmonie#primaryimage","url":"https:\/\/www.musikzeitung.ch\/wp-content\/uploads\/2026\/04\/260424bodensee.jpg","contentUrl":"https:\/\/www.musikzeitung.ch\/wp-content\/uploads\/2026\/04\/260424bodensee.jpg","width":1454,"height":710,"caption":"Bodensee Philharmonie (Bild: Bodensee Philharmonie)"},{"@type":"BreadcrumbList","@id":"https:\/\/www.musikzeitung.ch\/news\/2026\/04\/unisono-besorgt-ueber-situation-der-bodensee-philharmonie#breadcrumb","itemListElement":[{"@type":"ListItem","position":1,"name":"Home","item":"https:\/\/www.musikzeitung.ch\/"},{"@type":"ListItem","position":2,"name":"Unisono besorgt \u00fcber Situation der Bodensee Philharmonie"}]},{"@type":"WebSite","@id":"https:\/\/www.musikzeitung.ch\/#website","url":"https:\/\/www.musikzeitung.ch\/","name":"Giornale musicale svizzero","description":"Il principale mensile interdisciplinare della Svizzera per le questioni musicali.","publisher":{"@id":"https:\/\/www.musikzeitung.ch\/#organization"},"potentialAction":[{"@type":"SearchAction","target":{"@type":"EntryPoint","urlTemplate":"https:\/\/www.musikzeitung.ch\/?s={search_term_string}"},"query-input":{"@type":"PropertyValueSpecification","valueRequired":true,"valueName":"search_term_string"}}],"inLanguage":"it-IT"},{"@type":"Organization","@id":"https:\/\/www.musikzeitung.ch\/#organization","name":"Giornale musicale svizzero","url":"https:\/\/www.musikzeitung.ch\/","logo":{"@type":"ImageObject","inLanguage":"it-IT","@id":"https:\/\/www.musikzeitung.ch\/#\/schema\/logo\/image\/","url":"https:\/\/www.musikzeitung.ch\/wp-content\/uploads\/2023\/01\/SMZ_Schriftzug_Sprache.png","contentUrl":"https:\/\/www.musikzeitung.ch\/wp-content\/uploads\/2023\/01\/SMZ_Schriftzug_Sprache.png","width":1400,"height":279,"caption":"Schweizer Musikzeitung"},"image":{"@id":"https:\/\/www.musikzeitung.ch\/#\/schema\/logo\/image\/"},"sameAs":["https:\/\/www.facebook.com\/SchweizerMusikzeitung\/","https:\/\/x.com\/smusikzeitung","https:\/\/www.instagram.com\/musikzeitung.ch\/"]},{"@type":"Person","@id":"https:\/\/www.musikzeitung.ch\/#\/schema\/person\/0da4fb82d243f1252850a35d0e87cf0c","name":"Wolfgang B\u00f6hler","image":{"@type":"ImageObject","inLanguage":"it-IT","@id":"https:\/\/www.musikzeitung.ch\/wp-content\/uploads\/2023\/01\/boehler_portraet_web-e1674139782246-96x96.jpg","url":"https:\/\/www.musikzeitung.ch\/wp-content\/uploads\/2023\/01\/boehler_portraet_web-e1674139782246-96x96.jpg","contentUrl":"https:\/\/www.musikzeitung.ch\/wp-content\/uploads\/2023\/01\/boehler_portraet_web-e1674139782246-96x96.jpg","caption":"Wolfgang B\u00f6hler"},"sameAs":["http:\/\/www.manacanto.ch","https:\/\/www.facebook.com\/wolfgang.bohler.75"],"url":"https:\/\/www.musikzeitung.ch\/it\/author\/wolfgang-boehler"}]}},"publishpress_future_workflow_manual_trigger":{"enabledWorkflows":[]},"_links":{"self":[{"href":"https:\/\/www.musikzeitung.ch\/it\/wp-json\/wp\/v2\/posts\/72856","targetHints":{"allow":["GET"]}}],"collection":[{"href":"https:\/\/www.musikzeitung.ch\/it\/wp-json\/wp\/v2\/posts"}],"about":[{"href":"https:\/\/www.musikzeitung.ch\/it\/wp-json\/wp\/v2\/types\/post"}],"author":[{"embeddable":true,"href":"https:\/\/www.musikzeitung.ch\/it\/wp-json\/wp\/v2\/users\/30"}],"replies":[{"embeddable":true,"href":"https:\/\/www.musikzeitung.ch\/it\/wp-json\/wp\/v2\/comments?post=72856"}],"version-history":[{"count":5,"href":"https:\/\/www.musikzeitung.ch\/it\/wp-json\/wp\/v2\/posts\/72856\/revisions"}],"predecessor-version":[{"id":72866,"href":"https:\/\/www.musikzeitung.ch\/it\/wp-json\/wp\/v2\/posts\/72856\/revisions\/72866"}],"wp:featuredmedia":[{"embeddable":true,"href":"https:\/\/www.musikzeitung.ch\/it\/wp-json\/wp\/v2\/media\/72857"}],"wp:attachment":[{"href":"https:\/\/www.musikzeitung.ch\/it\/wp-json\/wp\/v2\/media?parent=72856"}],"wp:term":[{"taxonomy":"category","embeddable":true,"href":"https:\/\/www.musikzeitung.ch\/it\/wp-json\/wp\/v2\/categories?post=72856"},{"taxonomy":"post_tag","embeddable":true,"href":"https:\/\/www.musikzeitung.ch\/it\/wp-json\/wp\/v2\/tags?post=72856"}],"curies":[{"name":"wp","href":"https:\/\/api.w.org\/{rel}","templated":true}]}}