{"id":72877,"date":"2026-04-27T10:20:55","date_gmt":"2026-04-27T08:20:55","guid":{"rendered":"https:\/\/www.musikzeitung.ch\/?p=72877"},"modified":"2026-04-27T10:26:33","modified_gmt":"2026-04-27T08:26:33","slug":"ein-resonanzraum-fuer-zuerichs-klassiktalente","status":"publish","type":"post","link":"https:\/\/www.musikzeitung.ch\/it\/berichte\/2026\/04\/ein-resonanzraum-fuer-zuerichs-klassiktalente","title":{"rendered":"Una camera di risonanza per i talenti classici di Zurigo"},"content":{"rendered":"<figure id=\"attachment_72878\" aria-describedby=\"caption-attachment-72878\" style=\"width: 1500px\" class=\"wp-caption aligncenter\"><img loading=\"lazy\" decoding=\"async\" class=\"wp-image-72878 size-full\" src=\"https:\/\/www.musikzeitung.ch\/wp-content\/uploads\/2026\/04\/03_Echo_Bericht_ZYC_Teilnehmende.jpg\" alt=\"\" width=\"1500\" height=\"1000\" srcset=\"https:\/\/www.musikzeitung.ch\/wp-content\/uploads\/2026\/04\/03_Echo_Bericht_ZYC_Teilnehmende.jpg 1400w, https:\/\/www.musikzeitung.ch\/wp-content\/uploads\/2026\/04\/03_Echo_Bericht_ZYC_Teilnehmende-300x200.jpg 300w, https:\/\/www.musikzeitung.ch\/wp-content\/uploads\/2026\/04\/03_Echo_Bericht_ZYC_Teilnehmende-1024x683.jpg 1024w, https:\/\/www.musikzeitung.ch\/wp-content\/uploads\/2026\/04\/03_Echo_Bericht_ZYC_Teilnehmende-600x400.jpg 600w, https:\/\/www.musikzeitung.ch\/wp-content\/uploads\/2026\/04\/03_Echo_Bericht_ZYC_Teilnehmende-768x512.jpg 768w, https:\/\/www.musikzeitung.ch\/wp-content\/uploads\/2026\/04\/03_Echo_Bericht_ZYC_Teilnehmende-18x12.jpg 18w, https:\/\/www.musikzeitung.ch\/wp-content\/uploads\/2026\/04\/03_Echo_Bericht_ZYC_Teilnehmende-263x175.jpg 263w, https:\/\/www.musikzeitung.ch\/wp-content\/uploads\/2026\/04\/03_Echo_Bericht_ZYC_Teilnehmende-525x350.jpg 525w, https:\/\/www.musikzeitung.ch\/wp-content\/uploads\/2026\/04\/03_Echo_Bericht_ZYC_Teilnehmende-1200x800.jpg 1200w, https:\/\/www.musikzeitung.ch\/wp-content\/uploads\/2026\/04\/03_Echo_Bericht_ZYC_Teilnehmende-920x613.jpg 920w\" sizes=\"auto, (max-width: 1500px) 100vw, 1500px\" \/><figcaption id=\"caption-attachment-72878\" class=\"wp-caption-text\">I finalisti ascoltano una performance. Foto: Ueli Steingruber\/Giovent\u00f9 Classica di Zurigo<\/figcaption><\/figure>\n<p>La perfezione tecnica nel fare musica non era il criterio pi\u00f9 importante nelle qualificazioni del primo ZYC a Brunnenhof e Florhof. L'abilit\u00e0 tecnica sullo strumento era praticamente un prerequisito per il successo della partecipazione. La giuria si \u00e8 concentrata sull'atteggiamento artistico e sulla creativit\u00e0 personale dei bambini e dei ragazzi che si sono esibiti, tenendo sempre conto della loro et\u00e0 e del loro stadio di sviluppo. Secondo il concetto, lo scopo delle audizioni non \u00e8 quello di selezionare ulteriormente i migliori, ma di fornire un supporto olistico.<\/p>\n<p>Andrea Rasch\u00e8r, presidente della \u00abF\u00f6rderstiftung Musik Z\u00fcrich\u00bb, ritiene che <a href=\"https:\/\/www.zurichyouthclassical.ch\/\" target=\"_blank\" rel=\"noopener\">Giovent\u00f9 Classica di Zurigo<\/a> una questione che gli sta a cuore e che lo accompagna da molto tempo. \u00c8 responsabile della gestione strategica, finanziaria e strutturale del progetto. Dall'inizio dell'anno scorso ci lavora insieme al pianista e supervisore artistico Oliver Schnyder e a Val\u00e9rie Probst, responsabile dell'Ufficio artistico.<\/p>\n<p>Nel suo discorso al concerto finale, letto da Val\u00e9rie Probst per motivi di salute, viene formulata l'idea di base: \u00abLo ZYC non \u00e8 un concorso classico nel senso di un confronto di prestazioni. \u00c8 una camera di risonanza. Un luogo in cui non ci si concentra sulle classifiche, ma sulla propria identit\u00e0 artistica. Ogni partecipante ha scelto un programma che gli si addice - il proprio livello di sviluppo, la propria personalit\u00e0\u00bb. Rasch\u00e8r \u00e8 convinto che il talento musicale meriti pi\u00f9 di un riconoscimento, \u00abmerita uno spazio - per crescere, mostrarsi, connettersi\u00bb. Il nuovo format intende consentire ai musicisti di talento di mostrare il loro \u00absentimento genuino, la loro personalit\u00e0, la loro volont\u00e0 espressiva e la loro voce musicale\u00bb.<\/p>\n<h3>Feedback invece di competizione<\/h3>\n<p>Lo ZYC si rivolge a bambini e giovani e a pre-professionisti di et\u00e0 compresa tra i 7 e i 24 anni. Sono ammessi tutti gli strumenti e le voci di tutti i periodi stilistici. La musica da camera fino al quintetto e gli ensemble vocali sono i benvenuti. Altre categorie sono la composizione e lo spazio creativo libero per la musica sperimentale. Saranno prese in considerazione solo le esecuzioni che la giuria potr\u00e0 classificare come musica classica in senso lato. I responsabili evitano termini come \u00abconcorso\u00bb o \u00abcompetizione\u00bb, che implicano rivalit\u00e0 e confronto di prestazioni. Vengono invece utilizzati termini come \u00abformato di finanziamento ricorrente\u00bb e \u00abpiattaforma fissa per la promozione di giovani talenti nel Cantone di Zurigo\u00bb.<\/p>\n<p>Tuttavia, non funziona completamente senza selezione. Per le audizioni si usa il termine un po\u00ab pi\u00f9 morbido di \u00bbconcorso\". Il numero di iscrizioni \u00e8 stato cos\u00ec elevato che \u00e8 stato necessario effettuare una preselezione sulla base del materiale video inviato. 47 artisti o gruppi sono stati invitati alla fase di qualificazione dal 6 all'8 marzo al Brunnenhof. Qui \u00e8 stata stilata la tradizionale classifica con 3\u00b0, 2\u00b0 e 1\u00b0 premio e 1\u00b0 premio con lode. 23 voci hanno raggiunto la finale dal 17 al 19 aprile.<\/p>\n<p>Il presidente della giuria Oliver Schnyder ha convocato una giuria di alto livello e di ampio respiro per valutare individualit\u00e0, musicalit\u00e0, espressivit\u00e0, presenza scenica e qualit\u00e0 comunicativa secondo criteri prestabiliti. Nel fare ci\u00f2, non si deve mai pensare alla competizione, ma piuttosto allo sviluppo del potenziale. Gli organizzatori attribuiscono grande importanza a una realizzazione rilassata e attenta del concorso. Val\u00e9rie Probst afferma: \u00abCon questa prima edizione di Zurich Youth Classical abbiamo raggiunto e addirittura superato i nostri obiettivi. Per noi era importante garantire il massimo livello di professionalit\u00e0 e qualit\u00e0 sotto ogni aspetto, offrendo al contempo ai giovani artisti un ambiente accogliente e stimolante. Abbiamo ricevuto un feedback molto positivo a questo proposito\u00bb. Le sessioni di feedback sono di importanza centrale. Il membro della giuria Daniel Fueter commenta: \u00abLa giuria si sforza di fornire un feedback dettagliato. Si tratta di discussioni molto rilassate e i giovani sono felici di recepire ci\u00f2 che abbiamo da dire\u00bb.\u00ab<\/p>\n<p>Dopo il concorso, il potenziale per una possibile carriera professionale viene sviluppato nei dipartimenti \u00abThe Cadenza\u00bb e \u00abThe Crescendo\u00bb. Fino a tre partecipanti, di solito laureati, ricevono un sostegno, una consulenza e un orientamento sul loro percorso professionale da parte di esperti comprovati.<\/p>\n<h3>Spensieratezza e risultati sorprendenti<\/h3>\n<p>L'atmosfera rilassata che si voleva creare \u00e8 stata trasferita al pubblico del concerto finale. Hanno ascoltato rilassati un programma colorato e di alto livello. In nessun momento hanno pensato a una situazione di stress. La diciassettenne violoncellista Frida Lindner - che frequenta il Kunst- und Sport-Gymnasium R\u00e4mib\u00fchl e si sta preparando per gli studi professionali - ha confermato questa impressione dopo il suo notevole contributo concertistico con Elgar, Haydn e Kurt\u00e1g: \u00abSi nota chiaramente la differenza, anche con la giuria. \u00c8 molto eterogenea, in termini di genere musicale, ma anche di et\u00e0. Di conseguenza, anche il giudizio \u00e8 diverso. In altri concorsi, erano quasi tutti violoncellisti che prestavano molta attenzione agli aspetti tecnici\u00bb. L'arpista di 10 anni Jaron David Kiener, che ha vinto il premio <em>Piccolo Bolero<\/em> di Anna Sikorzak-Olek, ha detto sinteticamente: \u00ab\u00c8 piacevole giocare qui. Sono meno severi che altrove\u00bb.\u00bb<\/p>\n<p>\u00abSono sopraffatto da ci\u00f2 che possono fare a quell'et\u00e0, \u00e8 semplicemente incredibile, uno meglio dell'altro!\u00bb, ha esclamato Pepe Lienhard durante una pausa della finale. Lienhard \u00e8 stato nominato membro della giuria in qualit\u00e0 di \u00abcambia carriera\u00bb, come lo definisce lui stesso, per giudicare la qualit\u00e0 delle prestazioni dei partecipanti. \u00abNaturalmente non sono uno specialista di musica classica. Sono nella posizione migliore per giudicare la performance dell'oboista undicenne Marc Boller. Ho avuto il mio primo sassofono alla sua et\u00e0 e lui sta gi\u00e0 suonando pezzi cos\u00ec difficili, incredibile... Anch'io ho partecipato a concorsi da giovane e ho fatto spesso parte di giurie. In termini di livello, c'\u00e8 un mondo di differenza tra allora e oggi\u00bb.\u00bb<\/p>\n<h3>Pi\u00f9 contemporaneo, ma anche pi\u00f9 esigente<\/h3>\n<p>Oliver Schnyder non era sicuro in anticipo che \u00abl'idea di base di Zurich Youth Classical sarebbe stata ben accolta\u00bb, ovvero che \u00abnon si tratta di un confronto incrociato, ma che i giovani si misurano con i compiti che si sono prefissati. Siamo stati piacevolmente sorpresi di quanto questo abbia funzionato bene e che il messaggio sia stato recepito subito\u00bb.\u00bb<\/p>\n<p>Per certi aspetti, il formato ZYC \u00e8 pi\u00f9 impegnativo per tutti i partecipanti rispetto alle competizioni tradizionali che hanno come obiettivo la competizione. Se si vogliono vedere sul podio personalit\u00e0 artistiche che abbiano qualcosa da dire, la base strumentale deve essere gi\u00e0 presente. Come abbiamo visto alla finale dello ZYC, questo \u00e8 sempre pi\u00f9 vero oggi e in et\u00e0 pi\u00f9 giovane. In quest'ottica, i tempi sono maturi per una forma ripensata e contemporanea di promozione dell'eccellenza. Lo ZYC potrebbe cos\u00ec diventare una forza trainante.<\/p>\n<figure id=\"attachment_72879\" aria-describedby=\"caption-attachment-72879\" style=\"width: 1500px\" class=\"wp-caption aligncenter\"><img loading=\"lazy\" decoding=\"async\" class=\"wp-image-72879 size-full\" src=\"https:\/\/www.musikzeitung.ch\/wp-content\/uploads\/2026\/04\/03_Echo_Bericht_ZYC_Jury.jpg\" alt=\"\" width=\"1500\" height=\"1000\" srcset=\"https:\/\/www.musikzeitung.ch\/wp-content\/uploads\/2026\/04\/03_Echo_Bericht_ZYC_Jury.jpg 1400w, https:\/\/www.musikzeitung.ch\/wp-content\/uploads\/2026\/04\/03_Echo_Bericht_ZYC_Jury-300x200.jpg 300w, https:\/\/www.musikzeitung.ch\/wp-content\/uploads\/2026\/04\/03_Echo_Bericht_ZYC_Jury-1024x683.jpg 1024w, https:\/\/www.musikzeitung.ch\/wp-content\/uploads\/2026\/04\/03_Echo_Bericht_ZYC_Jury-600x400.jpg 600w, https:\/\/www.musikzeitung.ch\/wp-content\/uploads\/2026\/04\/03_Echo_Bericht_ZYC_Jury-768x512.jpg 768w, https:\/\/www.musikzeitung.ch\/wp-content\/uploads\/2026\/04\/03_Echo_Bericht_ZYC_Jury-18x12.jpg 18w, https:\/\/www.musikzeitung.ch\/wp-content\/uploads\/2026\/04\/03_Echo_Bericht_ZYC_Jury-263x175.jpg 263w, https:\/\/www.musikzeitung.ch\/wp-content\/uploads\/2026\/04\/03_Echo_Bericht_ZYC_Jury-525x350.jpg 525w, https:\/\/www.musikzeitung.ch\/wp-content\/uploads\/2026\/04\/03_Echo_Bericht_ZYC_Jury-1200x800.jpg 1200w, https:\/\/www.musikzeitung.ch\/wp-content\/uploads\/2026\/04\/03_Echo_Bericht_ZYC_Jury-920x613.jpg 920w\" sizes=\"auto, (max-width: 1500px) 100vw, 1500px\" \/><figcaption id=\"caption-attachment-72879\" class=\"wp-caption-text\">La giuria della finale ZYC 2026 Foto: Ueli Steingruber\/Giovent\u00f9 Classica di Zurigo<\/figcaption><\/figure>\n<p>&nbsp;<\/p>","protected":false},"excerpt":{"rendered":"<p>Il panorama del sostegno ai giovani musicisti del Cantone di Zurigo si \u00e8 arricchito di una nuova piattaforma: \u00abZurich Youth Classical\u00bb ZYC vuole essere pi\u00f9 di un semplice concorso. La personalit\u00e0 artistica deve essere al centro della scena.<\/p>","protected":false},"author":23,"featured_media":72880,"comment_status":"closed","ping_status":"closed","sticky":false,"template":"","format":"standard","meta":{"_acf_changed":false,"_relevanssi_hide_post":"","_relevanssi_hide_content":"","_relevanssi_pin_for_all":"","_relevanssi_pin_keywords":"","_relevanssi_unpin_keywords":"","_relevanssi_related_keywords":"","_relevanssi_related_include_ids":"","_relevanssi_related_exclude_ids":"","_relevanssi_related_no_append":"","_relevanssi_related_not_related":"","_relevanssi_related_posts":"","_relevanssi_noindex_reason":"","pgc_sgb_lightbox_settings":"","footnotes":""},"categories":[28,3008],"tags":[5616,3141,2951,3039,2285,4743,5602],"class_list":["post-72877","post","type-post","status-publish","format-standard","has-post-thumbnail","hentry","category-berichte","category-treffpunkte-berichte","tag-andrea-rascher","tag-kanton-zuerich","tag-musikwettbewerb","tag-oliver-schnyder","tag-talentfoerderung","tag-valerie-probst","tag-zurich-youth-classical"],"acf":[],"yoast_head":"<!-- This site is optimized with the Yoast SEO plugin v27.4 - https:\/\/yoast.com\/product\/yoast-seo-wordpress\/ -->\n<title>Ein Resonanzraum f\u00fcr Z\u00fcrichs Klassiktalente - Schweizer Musikzeitung<\/title>\n<meta name=\"description\" content=\"Die F\u00f6rderlandschaft f\u00fcr die musizierende Jugend ist im Kanton Z\u00fcrich mit \u00abZurich Youth Classical\u00bb ZYC um eine Plattform reicher.\" \/>\n<meta name=\"robots\" content=\"index, follow, max-snippet:-1, max-image-preview:large, max-video-preview:-1\" \/>\n<link rel=\"canonical\" href=\"https:\/\/www.musikzeitung.ch\/it\/berichte\/2026\/04\/ein-resonanzraum-fuer-zuerichs-klassiktalente\/\" \/>\n<meta property=\"og:locale\" content=\"it_IT\" \/>\n<meta property=\"og:type\" content=\"article\" \/>\n<meta property=\"og:title\" content=\"Ein Resonanzraum f\u00fcr Z\u00fcrichs Klassiktalente - Schweizer Musikzeitung\" \/>\n<meta property=\"og:description\" content=\"Die F\u00f6rderlandschaft f\u00fcr die musizierende Jugend ist im Kanton Z\u00fcrich mit \u00abZurich Youth Classical\u00bb ZYC um eine Plattform reicher.\" \/>\n<meta property=\"og:url\" content=\"https:\/\/www.musikzeitung.ch\/it\/berichte\/2026\/04\/ein-resonanzraum-fuer-zuerichs-klassiktalente\/\" \/>\n<meta property=\"og:site_name\" content=\"Schweizer Musikzeitung\" \/>\n<meta property=\"article:publisher\" content=\"https:\/\/www.facebook.com\/SchweizerMusikzeitung\/\" \/>\n<meta property=\"article:published_time\" content=\"2026-04-27T08:20:55+00:00\" \/>\n<meta property=\"article:modified_time\" content=\"2026-04-27T08:26:33+00:00\" \/>\n<meta property=\"og:image\" content=\"https:\/\/www.musikzeitung.ch\/wp-content\/uploads\/2026\/04\/03_Echo_Bericht_ZYC_Vortrag.jpg\" \/>\n\t<meta property=\"og:image:width\" content=\"1400\" \/>\n\t<meta property=\"og:image:height\" content=\"934\" \/>\n\t<meta property=\"og:image:type\" content=\"image\/jpeg\" \/>\n<meta name=\"author\" content=\"Katrin Spelinova\" \/>\n<meta name=\"twitter:card\" content=\"summary_large_image\" \/>\n<meta name=\"twitter:creator\" content=\"@testredaktor\" \/>\n<meta name=\"twitter:site\" content=\"@smusikzeitung\" \/>\n<meta name=\"twitter:label1\" content=\"Scritto da\" \/>\n\t<meta name=\"twitter:data1\" content=\"Katrin Spelinova\" \/>\n\t<meta name=\"twitter:label2\" content=\"Tempo di lettura stimato\" \/>\n\t<meta name=\"twitter:data2\" content=\"7 minuti\" \/>\n<script type=\"application\/ld+json\" class=\"yoast-schema-graph\">{\"@context\":\"https:\\\/\\\/schema.org\",\"@graph\":[{\"@type\":\"Article\",\"@id\":\"https:\\\/\\\/www.musikzeitung.ch\\\/berichte\\\/2026\\\/04\\\/ein-resonanzraum-fuer-zuerichs-klassiktalente#article\",\"isPartOf\":{\"@id\":\"https:\\\/\\\/www.musikzeitung.ch\\\/berichte\\\/2026\\\/04\\\/ein-resonanzraum-fuer-zuerichs-klassiktalente\"},\"author\":{\"name\":\"Katrin Spelinova\",\"@id\":\"https:\\\/\\\/www.musikzeitung.ch\\\/#\\\/schema\\\/person\\\/dce7e5b820812d9af4db2f787d1bec92\"},\"headline\":\"Ein Resonanzraum f\u00fcr Z\u00fcrichs Klassiktalente\",\"datePublished\":\"2026-04-27T08:20:55+00:00\",\"dateModified\":\"2026-04-27T08:26:33+00:00\",\"mainEntityOfPage\":{\"@id\":\"https:\\\/\\\/www.musikzeitung.ch\\\/berichte\\\/2026\\\/04\\\/ein-resonanzraum-fuer-zuerichs-klassiktalente\"},\"wordCount\":1096,\"publisher\":{\"@id\":\"https:\\\/\\\/www.musikzeitung.ch\\\/#organization\"},\"image\":{\"@id\":\"https:\\\/\\\/www.musikzeitung.ch\\\/berichte\\\/2026\\\/04\\\/ein-resonanzraum-fuer-zuerichs-klassiktalente#primaryimage\"},\"thumbnailUrl\":\"https:\\\/\\\/www.musikzeitung.ch\\\/wp-content\\\/uploads\\\/2026\\\/04\\\/03_Echo_Bericht_ZYC_Vortrag.jpg\",\"keywords\":[\"Andrea Rasch\u00e8r\",\"Kanton Z\u00fcrich\",\"Musikwettbewerb\",\"Oliver Schnyder\",\"Talentf\u00f6rderung\",\"Val\u00e9rie Probst\",\"Zurich Youth Classical\"],\"articleSection\":[\"Berichte\",\"Treffpunkte\"],\"inLanguage\":\"it-IT\"},{\"@type\":\"WebPage\",\"@id\":\"https:\\\/\\\/www.musikzeitung.ch\\\/berichte\\\/2026\\\/04\\\/ein-resonanzraum-fuer-zuerichs-klassiktalente\",\"url\":\"https:\\\/\\\/www.musikzeitung.ch\\\/berichte\\\/2026\\\/04\\\/ein-resonanzraum-fuer-zuerichs-klassiktalente\",\"name\":\"Ein Resonanzraum f\u00fcr Z\u00fcrichs Klassiktalente - Schweizer Musikzeitung\",\"isPartOf\":{\"@id\":\"https:\\\/\\\/www.musikzeitung.ch\\\/#website\"},\"primaryImageOfPage\":{\"@id\":\"https:\\\/\\\/www.musikzeitung.ch\\\/berichte\\\/2026\\\/04\\\/ein-resonanzraum-fuer-zuerichs-klassiktalente#primaryimage\"},\"image\":{\"@id\":\"https:\\\/\\\/www.musikzeitung.ch\\\/berichte\\\/2026\\\/04\\\/ein-resonanzraum-fuer-zuerichs-klassiktalente#primaryimage\"},\"thumbnailUrl\":\"https:\\\/\\\/www.musikzeitung.ch\\\/wp-content\\\/uploads\\\/2026\\\/04\\\/03_Echo_Bericht_ZYC_Vortrag.jpg\",\"datePublished\":\"2026-04-27T08:20:55+00:00\",\"dateModified\":\"2026-04-27T08:26:33+00:00\",\"description\":\"Die F\u00f6rderlandschaft f\u00fcr die musizierende Jugend ist im Kanton Z\u00fcrich mit \u00abZurich Youth Classical\u00bb ZYC um eine Plattform reicher.\",\"breadcrumb\":{\"@id\":\"https:\\\/\\\/www.musikzeitung.ch\\\/berichte\\\/2026\\\/04\\\/ein-resonanzraum-fuer-zuerichs-klassiktalente#breadcrumb\"},\"inLanguage\":\"it-IT\",\"potentialAction\":[{\"@type\":\"ReadAction\",\"target\":[\"https:\\\/\\\/www.musikzeitung.ch\\\/berichte\\\/2026\\\/04\\\/ein-resonanzraum-fuer-zuerichs-klassiktalente\"]}]},{\"@type\":\"ImageObject\",\"inLanguage\":\"it-IT\",\"@id\":\"https:\\\/\\\/www.musikzeitung.ch\\\/berichte\\\/2026\\\/04\\\/ein-resonanzraum-fuer-zuerichs-klassiktalente#primaryimage\",\"url\":\"https:\\\/\\\/www.musikzeitung.ch\\\/wp-content\\\/uploads\\\/2026\\\/04\\\/03_Echo_Bericht_ZYC_Vortrag.jpg\",\"contentUrl\":\"https:\\\/\\\/www.musikzeitung.ch\\\/wp-content\\\/uploads\\\/2026\\\/04\\\/03_Echo_Bericht_ZYC_Vortrag.jpg\",\"width\":1400,\"height\":934,\"caption\":\"Foto: Ueli Steingruber\\\/Zurich Youth Classical\"},{\"@type\":\"BreadcrumbList\",\"@id\":\"https:\\\/\\\/www.musikzeitung.ch\\\/berichte\\\/2026\\\/04\\\/ein-resonanzraum-fuer-zuerichs-klassiktalente#breadcrumb\",\"itemListElement\":[{\"@type\":\"ListItem\",\"position\":1,\"name\":\"Home\",\"item\":\"https:\\\/\\\/www.musikzeitung.ch\\\/\"},{\"@type\":\"ListItem\",\"position\":2,\"name\":\"Ein Resonanzraum f\u00fcr Z\u00fcrichs Klassiktalente\"}]},{\"@type\":\"WebSite\",\"@id\":\"https:\\\/\\\/www.musikzeitung.ch\\\/#website\",\"url\":\"https:\\\/\\\/www.musikzeitung.ch\\\/\",\"name\":\"Schweizer Musikzeitung\",\"description\":\"Die f\u00fchrende sparten\u00fcbergreifende Monatszeitung in der Schweiz f\u00fcr musikalische Fragen.\",\"publisher\":{\"@id\":\"https:\\\/\\\/www.musikzeitung.ch\\\/#organization\"},\"potentialAction\":[{\"@type\":\"SearchAction\",\"target\":{\"@type\":\"EntryPoint\",\"urlTemplate\":\"https:\\\/\\\/www.musikzeitung.ch\\\/?s={search_term_string}\"},\"query-input\":{\"@type\":\"PropertyValueSpecification\",\"valueRequired\":true,\"valueName\":\"search_term_string\"}}],\"inLanguage\":\"it-IT\"},{\"@type\":\"Organization\",\"@id\":\"https:\\\/\\\/www.musikzeitung.ch\\\/#organization\",\"name\":\"Schweizer Musikzeitung\",\"url\":\"https:\\\/\\\/www.musikzeitung.ch\\\/\",\"logo\":{\"@type\":\"ImageObject\",\"inLanguage\":\"it-IT\",\"@id\":\"https:\\\/\\\/www.musikzeitung.ch\\\/#\\\/schema\\\/logo\\\/image\\\/\",\"url\":\"https:\\\/\\\/www.musikzeitung.ch\\\/wp-content\\\/uploads\\\/2023\\\/01\\\/SMZ_Schriftzug_Sprache.png\",\"contentUrl\":\"https:\\\/\\\/www.musikzeitung.ch\\\/wp-content\\\/uploads\\\/2023\\\/01\\\/SMZ_Schriftzug_Sprache.png\",\"width\":1400,\"height\":279,\"caption\":\"Schweizer Musikzeitung\"},\"image\":{\"@id\":\"https:\\\/\\\/www.musikzeitung.ch\\\/#\\\/schema\\\/logo\\\/image\\\/\"},\"sameAs\":[\"https:\\\/\\\/www.facebook.com\\\/SchweizerMusikzeitung\\\/\",\"https:\\\/\\\/x.com\\\/smusikzeitung\",\"https:\\\/\\\/www.instagram.com\\\/musikzeitung.ch\\\/\"]},{\"@type\":\"Person\",\"@id\":\"https:\\\/\\\/www.musikzeitung.ch\\\/#\\\/schema\\\/person\\\/dce7e5b820812d9af4db2f787d1bec92\",\"name\":\"Katrin Spelinova\",\"image\":{\"@type\":\"ImageObject\",\"inLanguage\":\"it-IT\",\"@id\":\"https:\\\/\\\/secure.gravatar.com\\\/avatar\\\/2a2c2956e074ebca9bf65620496cd2e317d90b8c76450e9dd04d7cebf95eeada?s=96&d=mm&r=g\",\"url\":\"https:\\\/\\\/secure.gravatar.com\\\/avatar\\\/2a2c2956e074ebca9bf65620496cd2e317d90b8c76450e9dd04d7cebf95eeada?s=96&d=mm&r=g\",\"contentUrl\":\"https:\\\/\\\/secure.gravatar.com\\\/avatar\\\/2a2c2956e074ebca9bf65620496cd2e317d90b8c76450e9dd04d7cebf95eeada?s=96&d=mm&r=g\",\"caption\":\"Katrin Spelinova\"},\"sameAs\":[\"https:\\\/\\\/x.com\\\/testredaktor\"],\"url\":\"https:\\\/\\\/www.musikzeitung.ch\\\/it\\\/author\\\/spelkat\"}]}<\/script>\n<!-- \/ Yoast SEO plugin. -->","yoast_head_json":{"title":"Una camera di risonanza per i talenti classici di Zurigo - Schweizer Musikzeitung","description":"Con \u00abZurich Youth Classical\u00bb (ZYC), il panorama del sostegno ai giovani musicisti del Cantone di Zurigo si arricchisce di una nuova piattaforma.","robots":{"index":"index","follow":"follow","max-snippet":"max-snippet:-1","max-image-preview":"max-image-preview:large","max-video-preview":"max-video-preview:-1"},"canonical":"https:\/\/www.musikzeitung.ch\/it\/berichte\/2026\/04\/ein-resonanzraum-fuer-zuerichs-klassiktalente\/","og_locale":"it_IT","og_type":"article","og_title":"Ein Resonanzraum f\u00fcr Z\u00fcrichs Klassiktalente - Schweizer Musikzeitung","og_description":"Die F\u00f6rderlandschaft f\u00fcr die musizierende Jugend ist im Kanton Z\u00fcrich mit \u00abZurich Youth Classical\u00bb ZYC um eine Plattform reicher.","og_url":"https:\/\/www.musikzeitung.ch\/it\/berichte\/2026\/04\/ein-resonanzraum-fuer-zuerichs-klassiktalente\/","og_site_name":"Schweizer Musikzeitung","article_publisher":"https:\/\/www.facebook.com\/SchweizerMusikzeitung\/","article_published_time":"2026-04-27T08:20:55+00:00","article_modified_time":"2026-04-27T08:26:33+00:00","og_image":[{"width":1400,"height":934,"url":"https:\/\/www.musikzeitung.ch\/wp-content\/uploads\/2026\/04\/03_Echo_Bericht_ZYC_Vortrag.jpg","type":"image\/jpeg"}],"author":"Katrin Spelinova","twitter_card":"summary_large_image","twitter_creator":"@testredaktor","twitter_site":"@smusikzeitung","twitter_misc":{"Scritto da":"Katrin Spelinova","Tempo di lettura stimato":"7 minuti"},"schema":{"@context":"https:\/\/schema.org","@graph":[{"@type":"Article","@id":"https:\/\/www.musikzeitung.ch\/berichte\/2026\/04\/ein-resonanzraum-fuer-zuerichs-klassiktalente#article","isPartOf":{"@id":"https:\/\/www.musikzeitung.ch\/berichte\/2026\/04\/ein-resonanzraum-fuer-zuerichs-klassiktalente"},"author":{"name":"Katrin Spelinova","@id":"https:\/\/www.musikzeitung.ch\/#\/schema\/person\/dce7e5b820812d9af4db2f787d1bec92"},"headline":"Ein Resonanzraum f\u00fcr Z\u00fcrichs Klassiktalente","datePublished":"2026-04-27T08:20:55+00:00","dateModified":"2026-04-27T08:26:33+00:00","mainEntityOfPage":{"@id":"https:\/\/www.musikzeitung.ch\/berichte\/2026\/04\/ein-resonanzraum-fuer-zuerichs-klassiktalente"},"wordCount":1096,"publisher":{"@id":"https:\/\/www.musikzeitung.ch\/#organization"},"image":{"@id":"https:\/\/www.musikzeitung.ch\/berichte\/2026\/04\/ein-resonanzraum-fuer-zuerichs-klassiktalente#primaryimage"},"thumbnailUrl":"https:\/\/www.musikzeitung.ch\/wp-content\/uploads\/2026\/04\/03_Echo_Bericht_ZYC_Vortrag.jpg","keywords":["Andrea Rasch\u00e8r","Kanton Z\u00fcrich","Musikwettbewerb","Oliver Schnyder","Talentf\u00f6rderung","Val\u00e9rie Probst","Zurich Youth Classical"],"articleSection":["Berichte","Treffpunkte"],"inLanguage":"it-IT"},{"@type":"WebPage","@id":"https:\/\/www.musikzeitung.ch\/berichte\/2026\/04\/ein-resonanzraum-fuer-zuerichs-klassiktalente","url":"https:\/\/www.musikzeitung.ch\/berichte\/2026\/04\/ein-resonanzraum-fuer-zuerichs-klassiktalente","name":"Una camera di risonanza per i talenti classici di Zurigo - Schweizer Musikzeitung","isPartOf":{"@id":"https:\/\/www.musikzeitung.ch\/#website"},"primaryImageOfPage":{"@id":"https:\/\/www.musikzeitung.ch\/berichte\/2026\/04\/ein-resonanzraum-fuer-zuerichs-klassiktalente#primaryimage"},"image":{"@id":"https:\/\/www.musikzeitung.ch\/berichte\/2026\/04\/ein-resonanzraum-fuer-zuerichs-klassiktalente#primaryimage"},"thumbnailUrl":"https:\/\/www.musikzeitung.ch\/wp-content\/uploads\/2026\/04\/03_Echo_Bericht_ZYC_Vortrag.jpg","datePublished":"2026-04-27T08:20:55+00:00","dateModified":"2026-04-27T08:26:33+00:00","description":"Con \u00abZurich Youth Classical\u00bb (ZYC), il panorama del sostegno ai giovani musicisti del Cantone di Zurigo si arricchisce di una nuova piattaforma.","breadcrumb":{"@id":"https:\/\/www.musikzeitung.ch\/berichte\/2026\/04\/ein-resonanzraum-fuer-zuerichs-klassiktalente#breadcrumb"},"inLanguage":"it-IT","potentialAction":[{"@type":"ReadAction","target":["https:\/\/www.musikzeitung.ch\/berichte\/2026\/04\/ein-resonanzraum-fuer-zuerichs-klassiktalente"]}]},{"@type":"ImageObject","inLanguage":"it-IT","@id":"https:\/\/www.musikzeitung.ch\/berichte\/2026\/04\/ein-resonanzraum-fuer-zuerichs-klassiktalente#primaryimage","url":"https:\/\/www.musikzeitung.ch\/wp-content\/uploads\/2026\/04\/03_Echo_Bericht_ZYC_Vortrag.jpg","contentUrl":"https:\/\/www.musikzeitung.ch\/wp-content\/uploads\/2026\/04\/03_Echo_Bericht_ZYC_Vortrag.jpg","width":1400,"height":934,"caption":"Foto: Ueli Steingruber\/Zurich Youth Classical"},{"@type":"BreadcrumbList","@id":"https:\/\/www.musikzeitung.ch\/berichte\/2026\/04\/ein-resonanzraum-fuer-zuerichs-klassiktalente#breadcrumb","itemListElement":[{"@type":"ListItem","position":1,"name":"Home","item":"https:\/\/www.musikzeitung.ch\/"},{"@type":"ListItem","position":2,"name":"Ein Resonanzraum f\u00fcr Z\u00fcrichs Klassiktalente"}]},{"@type":"WebSite","@id":"https:\/\/www.musikzeitung.ch\/#website","url":"https:\/\/www.musikzeitung.ch\/","name":"Giornale musicale svizzero","description":"Il principale mensile interdisciplinare della Svizzera per le questioni musicali.","publisher":{"@id":"https:\/\/www.musikzeitung.ch\/#organization"},"potentialAction":[{"@type":"SearchAction","target":{"@type":"EntryPoint","urlTemplate":"https:\/\/www.musikzeitung.ch\/?s={search_term_string}"},"query-input":{"@type":"PropertyValueSpecification","valueRequired":true,"valueName":"search_term_string"}}],"inLanguage":"it-IT"},{"@type":"Organization","@id":"https:\/\/www.musikzeitung.ch\/#organization","name":"Giornale musicale svizzero","url":"https:\/\/www.musikzeitung.ch\/","logo":{"@type":"ImageObject","inLanguage":"it-IT","@id":"https:\/\/www.musikzeitung.ch\/#\/schema\/logo\/image\/","url":"https:\/\/www.musikzeitung.ch\/wp-content\/uploads\/2023\/01\/SMZ_Schriftzug_Sprache.png","contentUrl":"https:\/\/www.musikzeitung.ch\/wp-content\/uploads\/2023\/01\/SMZ_Schriftzug_Sprache.png","width":1400,"height":279,"caption":"Schweizer Musikzeitung"},"image":{"@id":"https:\/\/www.musikzeitung.ch\/#\/schema\/logo\/image\/"},"sameAs":["https:\/\/www.facebook.com\/SchweizerMusikzeitung\/","https:\/\/x.com\/smusikzeitung","https:\/\/www.instagram.com\/musikzeitung.ch\/"]},{"@type":"Person","@id":"https:\/\/www.musikzeitung.ch\/#\/schema\/person\/dce7e5b820812d9af4db2f787d1bec92","name":"Katrin Spelinova","image":{"@type":"ImageObject","inLanguage":"it-IT","@id":"https:\/\/secure.gravatar.com\/avatar\/2a2c2956e074ebca9bf65620496cd2e317d90b8c76450e9dd04d7cebf95eeada?s=96&d=mm&r=g","url":"https:\/\/secure.gravatar.com\/avatar\/2a2c2956e074ebca9bf65620496cd2e317d90b8c76450e9dd04d7cebf95eeada?s=96&d=mm&r=g","contentUrl":"https:\/\/secure.gravatar.com\/avatar\/2a2c2956e074ebca9bf65620496cd2e317d90b8c76450e9dd04d7cebf95eeada?s=96&d=mm&r=g","caption":"Katrin Spelinova"},"sameAs":["https:\/\/x.com\/testredaktor"],"url":"https:\/\/www.musikzeitung.ch\/it\/author\/spelkat"}]}},"publishpress_future_workflow_manual_trigger":{"enabledWorkflows":[]},"_links":{"self":[{"href":"https:\/\/www.musikzeitung.ch\/it\/wp-json\/wp\/v2\/posts\/72877","targetHints":{"allow":["GET"]}}],"collection":[{"href":"https:\/\/www.musikzeitung.ch\/it\/wp-json\/wp\/v2\/posts"}],"about":[{"href":"https:\/\/www.musikzeitung.ch\/it\/wp-json\/wp\/v2\/types\/post"}],"author":[{"embeddable":true,"href":"https:\/\/www.musikzeitung.ch\/it\/wp-json\/wp\/v2\/users\/23"}],"replies":[{"embeddable":true,"href":"https:\/\/www.musikzeitung.ch\/it\/wp-json\/wp\/v2\/comments?post=72877"}],"version-history":[{"count":2,"href":"https:\/\/www.musikzeitung.ch\/it\/wp-json\/wp\/v2\/posts\/72877\/revisions"}],"predecessor-version":[{"id":72884,"href":"https:\/\/www.musikzeitung.ch\/it\/wp-json\/wp\/v2\/posts\/72877\/revisions\/72884"}],"wp:featuredmedia":[{"embeddable":true,"href":"https:\/\/www.musikzeitung.ch\/it\/wp-json\/wp\/v2\/media\/72880"}],"wp:attachment":[{"href":"https:\/\/www.musikzeitung.ch\/it\/wp-json\/wp\/v2\/media?parent=72877"}],"wp:term":[{"taxonomy":"category","embeddable":true,"href":"https:\/\/www.musikzeitung.ch\/it\/wp-json\/wp\/v2\/categories?post=72877"},{"taxonomy":"post_tag","embeddable":true,"href":"https:\/\/www.musikzeitung.ch\/it\/wp-json\/wp\/v2\/tags?post=72877"}],"curies":[{"name":"wp","href":"https:\/\/api.w.org\/{rel}","templated":true}]}}