{"id":72888,"date":"2026-04-28T08:13:41","date_gmt":"2026-04-28T06:13:41","guid":{"rendered":"https:\/\/www.musikzeitung.ch\/?p=72888"},"modified":"2026-04-28T08:57:07","modified_gmt":"2026-04-28T06:57:07","slug":"kampf-gegen-kulturkuerzungen-in-oesterreich","status":"publish","type":"post","link":"https:\/\/www.musikzeitung.ch\/it\/news\/2026\/04\/kampf-gegen-kulturkuerzungen-in-oesterreich","title":{"rendered":"Lotta contro i tagli alla cultura in Austria"},"content":{"rendered":"<figure id=\"attachment_72889\" aria-describedby=\"caption-attachment-72889\" style=\"width: 989px\" class=\"wp-caption alignnone\"><img loading=\"lazy\" decoding=\"async\" class=\"size-full wp-image-72889\" src=\"https:\/\/www.musikzeitung.ch\/wp-content\/uploads\/2026\/04\/260428austria.jpg\" alt=\"\" width=\"989\" height=\"745\" srcset=\"https:\/\/www.musikzeitung.ch\/wp-content\/uploads\/2026\/04\/260428austria.jpg 989w, https:\/\/www.musikzeitung.ch\/wp-content\/uploads\/2026\/04\/260428austria-300x226.jpg 300w, https:\/\/www.musikzeitung.ch\/wp-content\/uploads\/2026\/04\/260428austria-768x579.jpg 768w, https:\/\/www.musikzeitung.ch\/wp-content\/uploads\/2026\/04\/260428austria-16x12.jpg 16w, https:\/\/www.musikzeitung.ch\/wp-content\/uploads\/2026\/04\/260428austria-232x175.jpg 232w, https:\/\/www.musikzeitung.ch\/wp-content\/uploads\/2026\/04\/260428austria-465x350.jpg 465w, https:\/\/www.musikzeitung.ch\/wp-content\/uploads\/2026\/04\/260428austria-920x693.jpg 920w\" sizes=\"auto, (max-width: 989px) 100vw, 989px\" \/><figcaption id=\"caption-attachment-72889\" class=\"wp-caption-text\">L'edificio del Parlamento austriaco (Immagine: PD)<\/figcaption><\/figure>\n<p>Secondo il Consiglio culturale austriaco, nell'ambito dei negoziati sul bilancio in corso sono previsti tagli per oltre 60 milioni di euro nei prossimi tre anni. Allo stesso tempo, le proposte della task force sui finanziamenti indicano una riorganizzazione fondamentale della logica di finanziamento statale. Particolarmente problematici sarebbero i criteri in base ai quali in futuro i finanziamenti saranno intesi solo come finanziamenti di avviamento o saranno assegnati solo da un'unica autorit\u00e0 regionale.<\/p>\n<p>Il Consiglio culturale \u00e8 convinto che ci\u00f2 mancherebbe il bersaglio, soprattutto nel settore dell'arte e della cultura. Il finanziamento della cultura in Austria si basa sul cofinanziamento: I comuni, i L\u00e4nder e il governo federale condividono le responsabilit\u00e0. Se si elimina un livello, l'intera struttura di finanziamento viene messa a soqquadro. L'approccio di ridurre i finanziamenti per l'arte e la cultura a meri finanziamenti per l'avviamento \u00e8 in contraddizione con i requisiti reali di un lavoro culturale continuo e con il mandato legale dei finanziamenti per l'arte.<\/p>\n<p><strong>L'intero testo:<\/strong><br \/>\n<a href=\"https:\/\/oemr.at\/keine-kuerzungen-kunst-kultur\/\" target=\"_blank\" rel=\"noopener\">https:\/\/oemr.at\/keine-kuerzungen-kunst-kultur\/<\/a><\/p>","protected":false},"excerpt":{"rendered":"<p>Il Consiglio culturale austriaco teme tagli massicci ai finanziamenti pubblici alla cultura e un cambiamento disastroso delle strutture di finanziamento.<\/p>","protected":false},"author":30,"featured_media":72889,"comment_status":"closed","ping_status":"closed","sticky":false,"template":"","format":"standard","meta":{"_acf_changed":false,"_relevanssi_hide_post":"","_relevanssi_hide_content":"","_relevanssi_pin_for_all":"","_relevanssi_pin_keywords":"","_relevanssi_unpin_keywords":"","_relevanssi_related_keywords":"","_relevanssi_related_include_ids":"","_relevanssi_related_exclude_ids":"","_relevanssi_related_no_append":"","_relevanssi_related_not_related":"","_relevanssi_related_posts":"","_relevanssi_noindex_reason":"","pgc_sgb_lightbox_settings":"","footnotes":""},"categories":[27],"tags":[3466,5617,2155],"class_list":["post-72888","post","type-post","status-publish","format-standard","has-post-thumbnail","hentry","category-news","tag-kulturfoerderung","tag-kulturrat-oesterreich","tag-oesterreich"],"acf":[],"yoast_head":"<!-- This site is optimized with the Yoast SEO plugin v27.5 - https:\/\/yoast.com\/product\/yoast-seo-wordpress\/ -->\n<title>Kampf gegen Kulturk\u00fcrzungen in \u00d6sterreich - Schweizer Musikzeitung<\/title>\n<meta name=\"description\" content=\"Der Kulturrat \u00d6sterreich bef\u00fcrchtet massive K\u00fcrzungen der \u00f6ffentlichen Kulturf\u00f6rderung und einen verh\u00e4ngnisvollen Wechsel der F\u00f6rderstrukturen.\" \/>\n<meta name=\"robots\" content=\"index, follow, max-snippet:-1, max-image-preview:large, max-video-preview:-1\" \/>\n<link rel=\"canonical\" href=\"https:\/\/www.musikzeitung.ch\/it\/news\/2026\/04\/kampf-gegen-kulturkuerzungen-in-oesterreich\/\" \/>\n<meta property=\"og:locale\" content=\"it_IT\" \/>\n<meta property=\"og:type\" content=\"article\" \/>\n<meta property=\"og:title\" content=\"Kampf gegen Kulturk\u00fcrzungen in \u00d6sterreich - Schweizer Musikzeitung\" \/>\n<meta property=\"og:description\" content=\"Der Kulturrat \u00d6sterreich bef\u00fcrchtet massive K\u00fcrzungen der \u00f6ffentlichen Kulturf\u00f6rderung und einen verh\u00e4ngnisvollen Wechsel der F\u00f6rderstrukturen.\" \/>\n<meta property=\"og:url\" content=\"https:\/\/www.musikzeitung.ch\/it\/news\/2026\/04\/kampf-gegen-kulturkuerzungen-in-oesterreich\/\" \/>\n<meta property=\"og:site_name\" content=\"Schweizer Musikzeitung\" \/>\n<meta property=\"article:publisher\" content=\"https:\/\/www.facebook.com\/SchweizerMusikzeitung\/\" \/>\n<meta property=\"article:author\" content=\"https:\/\/www.facebook.com\/wolfgang.bohler.75\" \/>\n<meta property=\"article:published_time\" content=\"2026-04-28T06:13:41+00:00\" \/>\n<meta property=\"article:modified_time\" content=\"2026-04-28T06:57:07+00:00\" \/>\n<meta property=\"og:image\" content=\"https:\/\/www.musikzeitung.ch\/wp-content\/uploads\/2026\/04\/260428austria.jpg\" \/>\n\t<meta property=\"og:image:width\" content=\"989\" \/>\n\t<meta property=\"og:image:height\" content=\"745\" \/>\n\t<meta property=\"og:image:type\" content=\"image\/jpeg\" \/>\n<meta name=\"author\" content=\"Wolfgang B\u00f6hler\" \/>\n<meta name=\"twitter:card\" content=\"summary_large_image\" \/>\n<meta name=\"twitter:creator\" content=\"@smusikzeitung\" \/>\n<meta name=\"twitter:site\" content=\"@smusikzeitung\" \/>\n<meta name=\"twitter:label1\" content=\"Scritto da\" \/>\n\t<meta name=\"twitter:data1\" content=\"Wolfgang B\u00f6hler\" \/>\n\t<meta name=\"twitter:label2\" content=\"Tempo di lettura stimato\" \/>\n\t<meta name=\"twitter:data2\" content=\"2 minuti\" \/>\n<script type=\"application\/ld+json\" class=\"yoast-schema-graph\">{\"@context\":\"https:\\\/\\\/schema.org\",\"@graph\":[{\"@type\":\"Article\",\"@id\":\"https:\\\/\\\/www.musikzeitung.ch\\\/news\\\/2026\\\/04\\\/kampf-gegen-kulturkuerzungen-in-oesterreich#article\",\"isPartOf\":{\"@id\":\"https:\\\/\\\/www.musikzeitung.ch\\\/news\\\/2026\\\/04\\\/kampf-gegen-kulturkuerzungen-in-oesterreich\"},\"author\":{\"name\":\"Wolfgang B\u00f6hler\",\"@id\":\"https:\\\/\\\/www.musikzeitung.ch\\\/#\\\/schema\\\/person\\\/0da4fb82d243f1252850a35d0e87cf0c\"},\"headline\":\"Kampf gegen Kulturk\u00fcrzungen in \u00d6sterreich\",\"datePublished\":\"2026-04-28T06:13:41+00:00\",\"dateModified\":\"2026-04-28T06:57:07+00:00\",\"mainEntityOfPage\":{\"@id\":\"https:\\\/\\\/www.musikzeitung.ch\\\/news\\\/2026\\\/04\\\/kampf-gegen-kulturkuerzungen-in-oesterreich\"},\"wordCount\":165,\"publisher\":{\"@id\":\"https:\\\/\\\/www.musikzeitung.ch\\\/#organization\"},\"image\":{\"@id\":\"https:\\\/\\\/www.musikzeitung.ch\\\/news\\\/2026\\\/04\\\/kampf-gegen-kulturkuerzungen-in-oesterreich#primaryimage\"},\"thumbnailUrl\":\"https:\\\/\\\/www.musikzeitung.ch\\\/wp-content\\\/uploads\\\/2026\\\/04\\\/260428austria.jpg\",\"keywords\":[\"Kulturf\u00f6rderung\",\"Kulturrat \u00d6sterreich\",\"\u00d6sterreich\"],\"articleSection\":[\"News\"],\"inLanguage\":\"it-IT\"},{\"@type\":\"WebPage\",\"@id\":\"https:\\\/\\\/www.musikzeitung.ch\\\/news\\\/2026\\\/04\\\/kampf-gegen-kulturkuerzungen-in-oesterreich\",\"url\":\"https:\\\/\\\/www.musikzeitung.ch\\\/news\\\/2026\\\/04\\\/kampf-gegen-kulturkuerzungen-in-oesterreich\",\"name\":\"Kampf gegen Kulturk\u00fcrzungen in \u00d6sterreich - Schweizer Musikzeitung\",\"isPartOf\":{\"@id\":\"https:\\\/\\\/www.musikzeitung.ch\\\/#website\"},\"primaryImageOfPage\":{\"@id\":\"https:\\\/\\\/www.musikzeitung.ch\\\/news\\\/2026\\\/04\\\/kampf-gegen-kulturkuerzungen-in-oesterreich#primaryimage\"},\"image\":{\"@id\":\"https:\\\/\\\/www.musikzeitung.ch\\\/news\\\/2026\\\/04\\\/kampf-gegen-kulturkuerzungen-in-oesterreich#primaryimage\"},\"thumbnailUrl\":\"https:\\\/\\\/www.musikzeitung.ch\\\/wp-content\\\/uploads\\\/2026\\\/04\\\/260428austria.jpg\",\"datePublished\":\"2026-04-28T06:13:41+00:00\",\"dateModified\":\"2026-04-28T06:57:07+00:00\",\"description\":\"Der Kulturrat \u00d6sterreich bef\u00fcrchtet massive K\u00fcrzungen der \u00f6ffentlichen Kulturf\u00f6rderung und einen verh\u00e4ngnisvollen Wechsel der F\u00f6rderstrukturen.\",\"breadcrumb\":{\"@id\":\"https:\\\/\\\/www.musikzeitung.ch\\\/news\\\/2026\\\/04\\\/kampf-gegen-kulturkuerzungen-in-oesterreich#breadcrumb\"},\"inLanguage\":\"it-IT\",\"potentialAction\":[{\"@type\":\"ReadAction\",\"target\":[\"https:\\\/\\\/www.musikzeitung.ch\\\/news\\\/2026\\\/04\\\/kampf-gegen-kulturkuerzungen-in-oesterreich\"]}]},{\"@type\":\"ImageObject\",\"inLanguage\":\"it-IT\",\"@id\":\"https:\\\/\\\/www.musikzeitung.ch\\\/news\\\/2026\\\/04\\\/kampf-gegen-kulturkuerzungen-in-oesterreich#primaryimage\",\"url\":\"https:\\\/\\\/www.musikzeitung.ch\\\/wp-content\\\/uploads\\\/2026\\\/04\\\/260428austria.jpg\",\"contentUrl\":\"https:\\\/\\\/www.musikzeitung.ch\\\/wp-content\\\/uploads\\\/2026\\\/04\\\/260428austria.jpg\",\"width\":989,\"height\":745,\"caption\":\"Das \u00f6sterreichische Parlamentsgeb\u00e4ude (Bild: PD)\"},{\"@type\":\"BreadcrumbList\",\"@id\":\"https:\\\/\\\/www.musikzeitung.ch\\\/news\\\/2026\\\/04\\\/kampf-gegen-kulturkuerzungen-in-oesterreich#breadcrumb\",\"itemListElement\":[{\"@type\":\"ListItem\",\"position\":1,\"name\":\"Home\",\"item\":\"https:\\\/\\\/www.musikzeitung.ch\\\/\"},{\"@type\":\"ListItem\",\"position\":2,\"name\":\"Kampf gegen Kulturk\u00fcrzungen in \u00d6sterreich\"}]},{\"@type\":\"WebSite\",\"@id\":\"https:\\\/\\\/www.musikzeitung.ch\\\/#website\",\"url\":\"https:\\\/\\\/www.musikzeitung.ch\\\/\",\"name\":\"Schweizer Musikzeitung\",\"description\":\"Die f\u00fchrende sparten\u00fcbergreifende Monatszeitung in der Schweiz f\u00fcr musikalische Fragen.\",\"publisher\":{\"@id\":\"https:\\\/\\\/www.musikzeitung.ch\\\/#organization\"},\"potentialAction\":[{\"@type\":\"SearchAction\",\"target\":{\"@type\":\"EntryPoint\",\"urlTemplate\":\"https:\\\/\\\/www.musikzeitung.ch\\\/?s={search_term_string}\"},\"query-input\":{\"@type\":\"PropertyValueSpecification\",\"valueRequired\":true,\"valueName\":\"search_term_string\"}}],\"inLanguage\":\"it-IT\"},{\"@type\":\"Organization\",\"@id\":\"https:\\\/\\\/www.musikzeitung.ch\\\/#organization\",\"name\":\"Schweizer Musikzeitung\",\"url\":\"https:\\\/\\\/www.musikzeitung.ch\\\/\",\"logo\":{\"@type\":\"ImageObject\",\"inLanguage\":\"it-IT\",\"@id\":\"https:\\\/\\\/www.musikzeitung.ch\\\/#\\\/schema\\\/logo\\\/image\\\/\",\"url\":\"https:\\\/\\\/www.musikzeitung.ch\\\/wp-content\\\/uploads\\\/2023\\\/01\\\/SMZ_Schriftzug_Sprache.png\",\"contentUrl\":\"https:\\\/\\\/www.musikzeitung.ch\\\/wp-content\\\/uploads\\\/2023\\\/01\\\/SMZ_Schriftzug_Sprache.png\",\"width\":1400,\"height\":279,\"caption\":\"Schweizer Musikzeitung\"},\"image\":{\"@id\":\"https:\\\/\\\/www.musikzeitung.ch\\\/#\\\/schema\\\/logo\\\/image\\\/\"},\"sameAs\":[\"https:\\\/\\\/www.facebook.com\\\/SchweizerMusikzeitung\\\/\",\"https:\\\/\\\/x.com\\\/smusikzeitung\",\"https:\\\/\\\/www.instagram.com\\\/musikzeitung.ch\\\/\"]},{\"@type\":\"Person\",\"@id\":\"https:\\\/\\\/www.musikzeitung.ch\\\/#\\\/schema\\\/person\\\/0da4fb82d243f1252850a35d0e87cf0c\",\"name\":\"Wolfgang B\u00f6hler\",\"image\":{\"@type\":\"ImageObject\",\"inLanguage\":\"it-IT\",\"@id\":\"https:\\\/\\\/www.musikzeitung.ch\\\/wp-content\\\/uploads\\\/2023\\\/01\\\/boehler_portraet_web-e1674139782246-96x96.jpg\",\"url\":\"https:\\\/\\\/www.musikzeitung.ch\\\/wp-content\\\/uploads\\\/2023\\\/01\\\/boehler_portraet_web-e1674139782246-96x96.jpg\",\"contentUrl\":\"https:\\\/\\\/www.musikzeitung.ch\\\/wp-content\\\/uploads\\\/2023\\\/01\\\/boehler_portraet_web-e1674139782246-96x96.jpg\",\"caption\":\"Wolfgang B\u00f6hler\"},\"sameAs\":[\"http:\\\/\\\/www.manacanto.ch\",\"https:\\\/\\\/www.facebook.com\\\/wolfgang.bohler.75\"],\"url\":\"https:\\\/\\\/www.musikzeitung.ch\\\/it\\\/author\\\/wolfgang-boehler\"}]}<\/script>\n<!-- \/ Yoast SEO plugin. -->","yoast_head_json":{"title":"Lotta contro i tagli alla cultura in Austria - Schweizer Musikzeitung","description":"Il Consiglio culturale austriaco teme tagli massicci ai finanziamenti pubblici alla cultura e un cambiamento disastroso delle strutture di finanziamento.","robots":{"index":"index","follow":"follow","max-snippet":"max-snippet:-1","max-image-preview":"max-image-preview:large","max-video-preview":"max-video-preview:-1"},"canonical":"https:\/\/www.musikzeitung.ch\/it\/news\/2026\/04\/kampf-gegen-kulturkuerzungen-in-oesterreich\/","og_locale":"it_IT","og_type":"article","og_title":"Kampf gegen Kulturk\u00fcrzungen in \u00d6sterreich - Schweizer Musikzeitung","og_description":"Der Kulturrat \u00d6sterreich bef\u00fcrchtet massive K\u00fcrzungen der \u00f6ffentlichen Kulturf\u00f6rderung und einen verh\u00e4ngnisvollen Wechsel der F\u00f6rderstrukturen.","og_url":"https:\/\/www.musikzeitung.ch\/it\/news\/2026\/04\/kampf-gegen-kulturkuerzungen-in-oesterreich\/","og_site_name":"Schweizer Musikzeitung","article_publisher":"https:\/\/www.facebook.com\/SchweizerMusikzeitung\/","article_author":"https:\/\/www.facebook.com\/wolfgang.bohler.75","article_published_time":"2026-04-28T06:13:41+00:00","article_modified_time":"2026-04-28T06:57:07+00:00","og_image":[{"width":989,"height":745,"url":"https:\/\/www.musikzeitung.ch\/wp-content\/uploads\/2026\/04\/260428austria.jpg","type":"image\/jpeg"}],"author":"Wolfgang B\u00f6hler","twitter_card":"summary_large_image","twitter_creator":"@smusikzeitung","twitter_site":"@smusikzeitung","twitter_misc":{"Scritto da":"Wolfgang B\u00f6hler","Tempo di lettura stimato":"2 minuti"},"schema":{"@context":"https:\/\/schema.org","@graph":[{"@type":"Article","@id":"https:\/\/www.musikzeitung.ch\/news\/2026\/04\/kampf-gegen-kulturkuerzungen-in-oesterreich#article","isPartOf":{"@id":"https:\/\/www.musikzeitung.ch\/news\/2026\/04\/kampf-gegen-kulturkuerzungen-in-oesterreich"},"author":{"name":"Wolfgang B\u00f6hler","@id":"https:\/\/www.musikzeitung.ch\/#\/schema\/person\/0da4fb82d243f1252850a35d0e87cf0c"},"headline":"Kampf gegen Kulturk\u00fcrzungen in \u00d6sterreich","datePublished":"2026-04-28T06:13:41+00:00","dateModified":"2026-04-28T06:57:07+00:00","mainEntityOfPage":{"@id":"https:\/\/www.musikzeitung.ch\/news\/2026\/04\/kampf-gegen-kulturkuerzungen-in-oesterreich"},"wordCount":165,"publisher":{"@id":"https:\/\/www.musikzeitung.ch\/#organization"},"image":{"@id":"https:\/\/www.musikzeitung.ch\/news\/2026\/04\/kampf-gegen-kulturkuerzungen-in-oesterreich#primaryimage"},"thumbnailUrl":"https:\/\/www.musikzeitung.ch\/wp-content\/uploads\/2026\/04\/260428austria.jpg","keywords":["Kulturf\u00f6rderung","Kulturrat \u00d6sterreich","\u00d6sterreich"],"articleSection":["News"],"inLanguage":"it-IT"},{"@type":"WebPage","@id":"https:\/\/www.musikzeitung.ch\/news\/2026\/04\/kampf-gegen-kulturkuerzungen-in-oesterreich","url":"https:\/\/www.musikzeitung.ch\/news\/2026\/04\/kampf-gegen-kulturkuerzungen-in-oesterreich","name":"Lotta contro i tagli alla cultura in Austria - Schweizer Musikzeitung","isPartOf":{"@id":"https:\/\/www.musikzeitung.ch\/#website"},"primaryImageOfPage":{"@id":"https:\/\/www.musikzeitung.ch\/news\/2026\/04\/kampf-gegen-kulturkuerzungen-in-oesterreich#primaryimage"},"image":{"@id":"https:\/\/www.musikzeitung.ch\/news\/2026\/04\/kampf-gegen-kulturkuerzungen-in-oesterreich#primaryimage"},"thumbnailUrl":"https:\/\/www.musikzeitung.ch\/wp-content\/uploads\/2026\/04\/260428austria.jpg","datePublished":"2026-04-28T06:13:41+00:00","dateModified":"2026-04-28T06:57:07+00:00","description":"Il Consiglio culturale austriaco teme tagli massicci ai finanziamenti pubblici alla cultura e un cambiamento disastroso delle strutture di finanziamento.","breadcrumb":{"@id":"https:\/\/www.musikzeitung.ch\/news\/2026\/04\/kampf-gegen-kulturkuerzungen-in-oesterreich#breadcrumb"},"inLanguage":"it-IT","potentialAction":[{"@type":"ReadAction","target":["https:\/\/www.musikzeitung.ch\/news\/2026\/04\/kampf-gegen-kulturkuerzungen-in-oesterreich"]}]},{"@type":"ImageObject","inLanguage":"it-IT","@id":"https:\/\/www.musikzeitung.ch\/news\/2026\/04\/kampf-gegen-kulturkuerzungen-in-oesterreich#primaryimage","url":"https:\/\/www.musikzeitung.ch\/wp-content\/uploads\/2026\/04\/260428austria.jpg","contentUrl":"https:\/\/www.musikzeitung.ch\/wp-content\/uploads\/2026\/04\/260428austria.jpg","width":989,"height":745,"caption":"Das \u00f6sterreichische Parlamentsgeb\u00e4ude (Bild: PD)"},{"@type":"BreadcrumbList","@id":"https:\/\/www.musikzeitung.ch\/news\/2026\/04\/kampf-gegen-kulturkuerzungen-in-oesterreich#breadcrumb","itemListElement":[{"@type":"ListItem","position":1,"name":"Home","item":"https:\/\/www.musikzeitung.ch\/"},{"@type":"ListItem","position":2,"name":"Kampf gegen Kulturk\u00fcrzungen in \u00d6sterreich"}]},{"@type":"WebSite","@id":"https:\/\/www.musikzeitung.ch\/#website","url":"https:\/\/www.musikzeitung.ch\/","name":"Giornale musicale svizzero","description":"Il principale mensile interdisciplinare della Svizzera per le questioni musicali.","publisher":{"@id":"https:\/\/www.musikzeitung.ch\/#organization"},"potentialAction":[{"@type":"SearchAction","target":{"@type":"EntryPoint","urlTemplate":"https:\/\/www.musikzeitung.ch\/?s={search_term_string}"},"query-input":{"@type":"PropertyValueSpecification","valueRequired":true,"valueName":"search_term_string"}}],"inLanguage":"it-IT"},{"@type":"Organization","@id":"https:\/\/www.musikzeitung.ch\/#organization","name":"Giornale musicale svizzero","url":"https:\/\/www.musikzeitung.ch\/","logo":{"@type":"ImageObject","inLanguage":"it-IT","@id":"https:\/\/www.musikzeitung.ch\/#\/schema\/logo\/image\/","url":"https:\/\/www.musikzeitung.ch\/wp-content\/uploads\/2023\/01\/SMZ_Schriftzug_Sprache.png","contentUrl":"https:\/\/www.musikzeitung.ch\/wp-content\/uploads\/2023\/01\/SMZ_Schriftzug_Sprache.png","width":1400,"height":279,"caption":"Schweizer Musikzeitung"},"image":{"@id":"https:\/\/www.musikzeitung.ch\/#\/schema\/logo\/image\/"},"sameAs":["https:\/\/www.facebook.com\/SchweizerMusikzeitung\/","https:\/\/x.com\/smusikzeitung","https:\/\/www.instagram.com\/musikzeitung.ch\/"]},{"@type":"Person","@id":"https:\/\/www.musikzeitung.ch\/#\/schema\/person\/0da4fb82d243f1252850a35d0e87cf0c","name":"Wolfgang B\u00f6hler","image":{"@type":"ImageObject","inLanguage":"it-IT","@id":"https:\/\/www.musikzeitung.ch\/wp-content\/uploads\/2023\/01\/boehler_portraet_web-e1674139782246-96x96.jpg","url":"https:\/\/www.musikzeitung.ch\/wp-content\/uploads\/2023\/01\/boehler_portraet_web-e1674139782246-96x96.jpg","contentUrl":"https:\/\/www.musikzeitung.ch\/wp-content\/uploads\/2023\/01\/boehler_portraet_web-e1674139782246-96x96.jpg","caption":"Wolfgang B\u00f6hler"},"sameAs":["http:\/\/www.manacanto.ch","https:\/\/www.facebook.com\/wolfgang.bohler.75"],"url":"https:\/\/www.musikzeitung.ch\/it\/author\/wolfgang-boehler"}]}},"publishpress_future_workflow_manual_trigger":{"enabledWorkflows":[]},"_links":{"self":[{"href":"https:\/\/www.musikzeitung.ch\/it\/wp-json\/wp\/v2\/posts\/72888","targetHints":{"allow":["GET"]}}],"collection":[{"href":"https:\/\/www.musikzeitung.ch\/it\/wp-json\/wp\/v2\/posts"}],"about":[{"href":"https:\/\/www.musikzeitung.ch\/it\/wp-json\/wp\/v2\/types\/post"}],"author":[{"embeddable":true,"href":"https:\/\/www.musikzeitung.ch\/it\/wp-json\/wp\/v2\/users\/30"}],"replies":[{"embeddable":true,"href":"https:\/\/www.musikzeitung.ch\/it\/wp-json\/wp\/v2\/comments?post=72888"}],"version-history":[{"count":1,"href":"https:\/\/www.musikzeitung.ch\/it\/wp-json\/wp\/v2\/posts\/72888\/revisions"}],"predecessor-version":[{"id":72890,"href":"https:\/\/www.musikzeitung.ch\/it\/wp-json\/wp\/v2\/posts\/72888\/revisions\/72890"}],"wp:featuredmedia":[{"embeddable":true,"href":"https:\/\/www.musikzeitung.ch\/it\/wp-json\/wp\/v2\/media\/72889"}],"wp:attachment":[{"href":"https:\/\/www.musikzeitung.ch\/it\/wp-json\/wp\/v2\/media?parent=72888"}],"wp:term":[{"taxonomy":"category","embeddable":true,"href":"https:\/\/www.musikzeitung.ch\/it\/wp-json\/wp\/v2\/categories?post=72888"},{"taxonomy":"post_tag","embeddable":true,"href":"https:\/\/www.musikzeitung.ch\/it\/wp-json\/wp\/v2\/tags?post=72888"}],"curies":[{"name":"wp","href":"https:\/\/api.w.org\/{rel}","templated":true}]}}