{"id":72907,"date":"2026-04-29T06:35:33","date_gmt":"2026-04-29T04:35:33","guid":{"rendered":"https:\/\/www.musikzeitung.ch\/?p=72907"},"modified":"2026-04-29T08:13:46","modified_gmt":"2026-04-29T06:13:46","slug":"tod-des-musikwissenschaftlers-peter-guelke","status":"publish","type":"post","link":"https:\/\/www.musikzeitung.ch\/it\/news\/2026\/04\/tod-des-musikwissenschaftlers-peter-guelke","title":{"rendered":"Morte del musicologo Peter G\u00fclke"},"content":{"rendered":"<figure id=\"attachment_72908\" aria-describedby=\"caption-attachment-72908\" style=\"width: 600px\" class=\"wp-caption alignnone\"><img loading=\"lazy\" decoding=\"async\" class=\"size-full wp-image-72908\" src=\"https:\/\/www.musikzeitung.ch\/wp-content\/uploads\/2026\/04\/260429guelke.jpg\" alt=\"\" width=\"600\" height=\"337\" srcset=\"https:\/\/www.musikzeitung.ch\/wp-content\/uploads\/2026\/04\/260429guelke.jpg 600w, https:\/\/www.musikzeitung.ch\/wp-content\/uploads\/2026\/04\/260429guelke-300x169.jpg 300w, https:\/\/www.musikzeitung.ch\/wp-content\/uploads\/2026\/04\/260429guelke-18x10.jpg 18w, https:\/\/www.musikzeitung.ch\/wp-content\/uploads\/2026\/04\/260429guelke-312x175.jpg 312w\" sizes=\"auto, (max-width: 600px) 100vw, 600px\" \/><figcaption id=\"caption-attachment-72908\" class=\"wp-caption-text\">Peter G\u00fclke al Conducting Forum con Clemens Mohr e Ingmar Beck (Foto: Deutscher Musikrat\/Marie Liebig)<\/figcaption><\/figure>\n<p>Lydia Gr\u00fcn, Presidente del Consiglio Musicale Tedesco, ha premiato G\u00fclke come \u00abuna personalit\u00e0 eccezionale che ha stabilito degli standard per decenni - come direttore d'orchestra, studioso, autore e voce influente nel lavoro di mediazione culturale nel campo della musica\u00bb. Il suo lavoro \u00e8 stato caratterizzato dalla massima integrit\u00e0 artistica e intellettuale. Allo stesso tempo, \u00e8 stato un'importante fonte di ispirazione e un mentore il cui giudizio e la cui esperienza hanno avuto un peso che va ben oltre la sua stessa disciplina.<\/p>\n<p>G\u00fclke ha studiato musica e materie umanistiche a Weimar, Jena e Lipsia, ha lavorato come ripetitore e drammaturgo e si \u00e8 dedicato sempre pi\u00f9 alla direzione d'orchestra a partire dalla fine degli anni Cinquanta. Ha lavorato come Kapellmeister alla Semperoper di Dresda e come direttore principale a Stendal, Potsdam, Wuppertal e nella citt\u00e0 di Brandeburgo. \u00c8 apparso a livello internazionale come ricercato direttore ospite e ha insegnato direzione d'orchestra all'Universit\u00e0 della Musica di Friburgo e musicologia all'Universit\u00e0 di Basilea. Dal 2011 al 2014 \u00e8 stato presidente dell'Accademia sassone delle arti.<\/p>","protected":false},"excerpt":{"rendered":"<p>Peter G\u00fclke, professore di musicologia all'Universit\u00e0 di Basilea dal 1999 al 2002, \u00e8 morto nella sua citt\u00e0 natale, Weimar, all'et\u00e0 di 91 anni. <\/p>","protected":false},"author":30,"featured_media":72908,"comment_status":"closed","ping_status":"closed","sticky":false,"template":"","format":"standard","meta":{"_acf_changed":false,"_relevanssi_hide_post":"","_relevanssi_hide_content":"","_relevanssi_pin_for_all":"","_relevanssi_pin_keywords":"","_relevanssi_unpin_keywords":"","_relevanssi_related_keywords":"","_relevanssi_related_include_ids":"","_relevanssi_related_exclude_ids":"","_relevanssi_related_no_append":"","_relevanssi_related_not_related":"","_relevanssi_related_posts":"","_relevanssi_noindex_reason":"","pgc_sgb_lightbox_settings":"","footnotes":""},"categories":[27,1624],"tags":[5619,5620],"class_list":["post-72907","post","type-post","status-publish","format-standard","has-post-thumbnail","hentry","category-news","category-personen","tag-peter-guelke","tag-universitaet-basel"],"acf":[],"yoast_head":"<!-- This site is optimized with the Yoast SEO plugin v27.5 - https:\/\/yoast.com\/product\/yoast-seo-wordpress\/ -->\n<title>Tod des Musikwissenschaftlers Peter G\u00fclke - Schweizer Musikzeitung<\/title>\n<meta name=\"description\" content=\"Peter G\u00fclke hatte von 1999 bis 2002 eine Professur f\u00fcr Musikwissenschaft an der Universit\u00e4t Basel inne. Er ist im Alter von 91 Jahren in Weimar verstorben.\" \/>\n<meta name=\"robots\" content=\"index, follow, max-snippet:-1, max-image-preview:large, max-video-preview:-1\" \/>\n<link rel=\"canonical\" href=\"https:\/\/www.musikzeitung.ch\/it\/news\/2026\/04\/tod-des-musikwissenschaftlers-peter-guelke\/\" \/>\n<meta property=\"og:locale\" content=\"it_IT\" \/>\n<meta property=\"og:type\" content=\"article\" \/>\n<meta property=\"og:title\" content=\"Tod des Musikwissenschaftlers Peter G\u00fclke - Schweizer Musikzeitung\" \/>\n<meta property=\"og:description\" content=\"Peter G\u00fclke hatte von 1999 bis 2002 eine Professur f\u00fcr Musikwissenschaft an der Universit\u00e4t Basel inne. Er ist im Alter von 91 Jahren in Weimar verstorben.\" \/>\n<meta property=\"og:url\" content=\"https:\/\/www.musikzeitung.ch\/it\/news\/2026\/04\/tod-des-musikwissenschaftlers-peter-guelke\/\" \/>\n<meta property=\"og:site_name\" content=\"Schweizer Musikzeitung\" \/>\n<meta property=\"article:publisher\" content=\"https:\/\/www.facebook.com\/SchweizerMusikzeitung\/\" \/>\n<meta property=\"article:author\" content=\"https:\/\/www.facebook.com\/wolfgang.bohler.75\" \/>\n<meta property=\"article:published_time\" content=\"2026-04-29T04:35:33+00:00\" \/>\n<meta property=\"article:modified_time\" content=\"2026-04-29T06:13:46+00:00\" \/>\n<meta property=\"og:image\" content=\"https:\/\/www.musikzeitung.ch\/wp-content\/uploads\/2026\/04\/260429guelke.jpg\" \/>\n\t<meta property=\"og:image:width\" content=\"600\" \/>\n\t<meta property=\"og:image:height\" content=\"337\" \/>\n\t<meta property=\"og:image:type\" content=\"image\/jpeg\" \/>\n<meta name=\"author\" content=\"Wolfgang B\u00f6hler\" \/>\n<meta name=\"twitter:card\" content=\"summary_large_image\" \/>\n<meta name=\"twitter:creator\" content=\"@smusikzeitung\" \/>\n<meta name=\"twitter:site\" content=\"@smusikzeitung\" \/>\n<meta name=\"twitter:label1\" content=\"Scritto da\" \/>\n\t<meta name=\"twitter:data1\" content=\"Wolfgang B\u00f6hler\" \/>\n\t<meta name=\"twitter:label2\" content=\"Tempo di lettura stimato\" \/>\n\t<meta name=\"twitter:data2\" content=\"2 minuti\" \/>\n<script type=\"application\/ld+json\" class=\"yoast-schema-graph\">{\"@context\":\"https:\\\/\\\/schema.org\",\"@graph\":[{\"@type\":\"Article\",\"@id\":\"https:\\\/\\\/www.musikzeitung.ch\\\/news\\\/2026\\\/04\\\/tod-des-musikwissenschaftlers-peter-guelke#article\",\"isPartOf\":{\"@id\":\"https:\\\/\\\/www.musikzeitung.ch\\\/news\\\/2026\\\/04\\\/tod-des-musikwissenschaftlers-peter-guelke\"},\"author\":{\"name\":\"Wolfgang B\u00f6hler\",\"@id\":\"https:\\\/\\\/www.musikzeitung.ch\\\/#\\\/schema\\\/person\\\/0da4fb82d243f1252850a35d0e87cf0c\"},\"headline\":\"Tod des Musikwissenschaftlers Peter G\u00fclke\",\"datePublished\":\"2026-04-29T04:35:33+00:00\",\"dateModified\":\"2026-04-29T06:13:46+00:00\",\"mainEntityOfPage\":{\"@id\":\"https:\\\/\\\/www.musikzeitung.ch\\\/news\\\/2026\\\/04\\\/tod-des-musikwissenschaftlers-peter-guelke\"},\"wordCount\":190,\"publisher\":{\"@id\":\"https:\\\/\\\/www.musikzeitung.ch\\\/#organization\"},\"image\":{\"@id\":\"https:\\\/\\\/www.musikzeitung.ch\\\/news\\\/2026\\\/04\\\/tod-des-musikwissenschaftlers-peter-guelke#primaryimage\"},\"thumbnailUrl\":\"https:\\\/\\\/www.musikzeitung.ch\\\/wp-content\\\/uploads\\\/2026\\\/04\\\/260429guelke.jpg\",\"keywords\":[\"Peter G\u00fclke\",\"Universit\u00e4t Basel\"],\"articleSection\":[\"News\",\"Personen\"],\"inLanguage\":\"it-IT\"},{\"@type\":\"WebPage\",\"@id\":\"https:\\\/\\\/www.musikzeitung.ch\\\/news\\\/2026\\\/04\\\/tod-des-musikwissenschaftlers-peter-guelke\",\"url\":\"https:\\\/\\\/www.musikzeitung.ch\\\/news\\\/2026\\\/04\\\/tod-des-musikwissenschaftlers-peter-guelke\",\"name\":\"Tod des Musikwissenschaftlers Peter G\u00fclke - Schweizer Musikzeitung\",\"isPartOf\":{\"@id\":\"https:\\\/\\\/www.musikzeitung.ch\\\/#website\"},\"primaryImageOfPage\":{\"@id\":\"https:\\\/\\\/www.musikzeitung.ch\\\/news\\\/2026\\\/04\\\/tod-des-musikwissenschaftlers-peter-guelke#primaryimage\"},\"image\":{\"@id\":\"https:\\\/\\\/www.musikzeitung.ch\\\/news\\\/2026\\\/04\\\/tod-des-musikwissenschaftlers-peter-guelke#primaryimage\"},\"thumbnailUrl\":\"https:\\\/\\\/www.musikzeitung.ch\\\/wp-content\\\/uploads\\\/2026\\\/04\\\/260429guelke.jpg\",\"datePublished\":\"2026-04-29T04:35:33+00:00\",\"dateModified\":\"2026-04-29T06:13:46+00:00\",\"description\":\"Peter G\u00fclke hatte von 1999 bis 2002 eine Professur f\u00fcr Musikwissenschaft an der Universit\u00e4t Basel inne. Er ist im Alter von 91 Jahren in Weimar verstorben.\",\"breadcrumb\":{\"@id\":\"https:\\\/\\\/www.musikzeitung.ch\\\/news\\\/2026\\\/04\\\/tod-des-musikwissenschaftlers-peter-guelke#breadcrumb\"},\"inLanguage\":\"it-IT\",\"potentialAction\":[{\"@type\":\"ReadAction\",\"target\":[\"https:\\\/\\\/www.musikzeitung.ch\\\/news\\\/2026\\\/04\\\/tod-des-musikwissenschaftlers-peter-guelke\"]}]},{\"@type\":\"ImageObject\",\"inLanguage\":\"it-IT\",\"@id\":\"https:\\\/\\\/www.musikzeitung.ch\\\/news\\\/2026\\\/04\\\/tod-des-musikwissenschaftlers-peter-guelke#primaryimage\",\"url\":\"https:\\\/\\\/www.musikzeitung.ch\\\/wp-content\\\/uploads\\\/2026\\\/04\\\/260429guelke.jpg\",\"contentUrl\":\"https:\\\/\\\/www.musikzeitung.ch\\\/wp-content\\\/uploads\\\/2026\\\/04\\\/260429guelke.jpg\",\"width\":600,\"height\":337,\"caption\":\"Peter G\u00fclke beim Forum Dirigieren mit Clemens Mohr und Ingmar Beck (Bild: Deutscher Musikrat\\\/Marie Liebig)\"},{\"@type\":\"BreadcrumbList\",\"@id\":\"https:\\\/\\\/www.musikzeitung.ch\\\/news\\\/2026\\\/04\\\/tod-des-musikwissenschaftlers-peter-guelke#breadcrumb\",\"itemListElement\":[{\"@type\":\"ListItem\",\"position\":1,\"name\":\"Home\",\"item\":\"https:\\\/\\\/www.musikzeitung.ch\\\/\"},{\"@type\":\"ListItem\",\"position\":2,\"name\":\"Tod des Musikwissenschaftlers Peter G\u00fclke\"}]},{\"@type\":\"WebSite\",\"@id\":\"https:\\\/\\\/www.musikzeitung.ch\\\/#website\",\"url\":\"https:\\\/\\\/www.musikzeitung.ch\\\/\",\"name\":\"Schweizer Musikzeitung\",\"description\":\"Die f\u00fchrende sparten\u00fcbergreifende Monatszeitung in der Schweiz f\u00fcr musikalische Fragen.\",\"publisher\":{\"@id\":\"https:\\\/\\\/www.musikzeitung.ch\\\/#organization\"},\"potentialAction\":[{\"@type\":\"SearchAction\",\"target\":{\"@type\":\"EntryPoint\",\"urlTemplate\":\"https:\\\/\\\/www.musikzeitung.ch\\\/?s={search_term_string}\"},\"query-input\":{\"@type\":\"PropertyValueSpecification\",\"valueRequired\":true,\"valueName\":\"search_term_string\"}}],\"inLanguage\":\"it-IT\"},{\"@type\":\"Organization\",\"@id\":\"https:\\\/\\\/www.musikzeitung.ch\\\/#organization\",\"name\":\"Schweizer Musikzeitung\",\"url\":\"https:\\\/\\\/www.musikzeitung.ch\\\/\",\"logo\":{\"@type\":\"ImageObject\",\"inLanguage\":\"it-IT\",\"@id\":\"https:\\\/\\\/www.musikzeitung.ch\\\/#\\\/schema\\\/logo\\\/image\\\/\",\"url\":\"https:\\\/\\\/www.musikzeitung.ch\\\/wp-content\\\/uploads\\\/2023\\\/01\\\/SMZ_Schriftzug_Sprache.png\",\"contentUrl\":\"https:\\\/\\\/www.musikzeitung.ch\\\/wp-content\\\/uploads\\\/2023\\\/01\\\/SMZ_Schriftzug_Sprache.png\",\"width\":1400,\"height\":279,\"caption\":\"Schweizer Musikzeitung\"},\"image\":{\"@id\":\"https:\\\/\\\/www.musikzeitung.ch\\\/#\\\/schema\\\/logo\\\/image\\\/\"},\"sameAs\":[\"https:\\\/\\\/www.facebook.com\\\/SchweizerMusikzeitung\\\/\",\"https:\\\/\\\/x.com\\\/smusikzeitung\",\"https:\\\/\\\/www.instagram.com\\\/musikzeitung.ch\\\/\"]},{\"@type\":\"Person\",\"@id\":\"https:\\\/\\\/www.musikzeitung.ch\\\/#\\\/schema\\\/person\\\/0da4fb82d243f1252850a35d0e87cf0c\",\"name\":\"Wolfgang B\u00f6hler\",\"image\":{\"@type\":\"ImageObject\",\"inLanguage\":\"it-IT\",\"@id\":\"https:\\\/\\\/www.musikzeitung.ch\\\/wp-content\\\/uploads\\\/2023\\\/01\\\/boehler_portraet_web-e1674139782246-96x96.jpg\",\"url\":\"https:\\\/\\\/www.musikzeitung.ch\\\/wp-content\\\/uploads\\\/2023\\\/01\\\/boehler_portraet_web-e1674139782246-96x96.jpg\",\"contentUrl\":\"https:\\\/\\\/www.musikzeitung.ch\\\/wp-content\\\/uploads\\\/2023\\\/01\\\/boehler_portraet_web-e1674139782246-96x96.jpg\",\"caption\":\"Wolfgang B\u00f6hler\"},\"sameAs\":[\"http:\\\/\\\/www.manacanto.ch\",\"https:\\\/\\\/www.facebook.com\\\/wolfgang.bohler.75\"],\"url\":\"https:\\\/\\\/www.musikzeitung.ch\\\/it\\\/author\\\/wolfgang-boehler\"}]}<\/script>\n<!-- \/ Yoast SEO plugin. -->","yoast_head_json":{"title":"Morte del musicologo Peter G\u00fclke - Schweizer Musikzeitung","description":"Peter G\u00fclke hatte von 1999 bis 2002 eine Professur f\u00fcr Musikwissenschaft an der Universit\u00e4t Basel inne. Er ist im Alter von 91 Jahren in Weimar verstorben.","robots":{"index":"index","follow":"follow","max-snippet":"max-snippet:-1","max-image-preview":"max-image-preview:large","max-video-preview":"max-video-preview:-1"},"canonical":"https:\/\/www.musikzeitung.ch\/it\/news\/2026\/04\/tod-des-musikwissenschaftlers-peter-guelke\/","og_locale":"it_IT","og_type":"article","og_title":"Tod des Musikwissenschaftlers Peter G\u00fclke - Schweizer Musikzeitung","og_description":"Peter G\u00fclke hatte von 1999 bis 2002 eine Professur f\u00fcr Musikwissenschaft an der Universit\u00e4t Basel inne. Er ist im Alter von 91 Jahren in Weimar verstorben.","og_url":"https:\/\/www.musikzeitung.ch\/it\/news\/2026\/04\/tod-des-musikwissenschaftlers-peter-guelke\/","og_site_name":"Schweizer Musikzeitung","article_publisher":"https:\/\/www.facebook.com\/SchweizerMusikzeitung\/","article_author":"https:\/\/www.facebook.com\/wolfgang.bohler.75","article_published_time":"2026-04-29T04:35:33+00:00","article_modified_time":"2026-04-29T06:13:46+00:00","og_image":[{"width":600,"height":337,"url":"https:\/\/www.musikzeitung.ch\/wp-content\/uploads\/2026\/04\/260429guelke.jpg","type":"image\/jpeg"}],"author":"Wolfgang B\u00f6hler","twitter_card":"summary_large_image","twitter_creator":"@smusikzeitung","twitter_site":"@smusikzeitung","twitter_misc":{"Scritto da":"Wolfgang B\u00f6hler","Tempo di lettura stimato":"2 minuti"},"schema":{"@context":"https:\/\/schema.org","@graph":[{"@type":"Article","@id":"https:\/\/www.musikzeitung.ch\/news\/2026\/04\/tod-des-musikwissenschaftlers-peter-guelke#article","isPartOf":{"@id":"https:\/\/www.musikzeitung.ch\/news\/2026\/04\/tod-des-musikwissenschaftlers-peter-guelke"},"author":{"name":"Wolfgang B\u00f6hler","@id":"https:\/\/www.musikzeitung.ch\/#\/schema\/person\/0da4fb82d243f1252850a35d0e87cf0c"},"headline":"Tod des Musikwissenschaftlers Peter G\u00fclke","datePublished":"2026-04-29T04:35:33+00:00","dateModified":"2026-04-29T06:13:46+00:00","mainEntityOfPage":{"@id":"https:\/\/www.musikzeitung.ch\/news\/2026\/04\/tod-des-musikwissenschaftlers-peter-guelke"},"wordCount":190,"publisher":{"@id":"https:\/\/www.musikzeitung.ch\/#organization"},"image":{"@id":"https:\/\/www.musikzeitung.ch\/news\/2026\/04\/tod-des-musikwissenschaftlers-peter-guelke#primaryimage"},"thumbnailUrl":"https:\/\/www.musikzeitung.ch\/wp-content\/uploads\/2026\/04\/260429guelke.jpg","keywords":["Peter G\u00fclke","Universit\u00e4t Basel"],"articleSection":["News","Personen"],"inLanguage":"it-IT"},{"@type":"WebPage","@id":"https:\/\/www.musikzeitung.ch\/news\/2026\/04\/tod-des-musikwissenschaftlers-peter-guelke","url":"https:\/\/www.musikzeitung.ch\/news\/2026\/04\/tod-des-musikwissenschaftlers-peter-guelke","name":"Morte del musicologo Peter G\u00fclke - Schweizer Musikzeitung","isPartOf":{"@id":"https:\/\/www.musikzeitung.ch\/#website"},"primaryImageOfPage":{"@id":"https:\/\/www.musikzeitung.ch\/news\/2026\/04\/tod-des-musikwissenschaftlers-peter-guelke#primaryimage"},"image":{"@id":"https:\/\/www.musikzeitung.ch\/news\/2026\/04\/tod-des-musikwissenschaftlers-peter-guelke#primaryimage"},"thumbnailUrl":"https:\/\/www.musikzeitung.ch\/wp-content\/uploads\/2026\/04\/260429guelke.jpg","datePublished":"2026-04-29T04:35:33+00:00","dateModified":"2026-04-29T06:13:46+00:00","description":"Peter G\u00fclke hatte von 1999 bis 2002 eine Professur f\u00fcr Musikwissenschaft an der Universit\u00e4t Basel inne. Er ist im Alter von 91 Jahren in Weimar verstorben.","breadcrumb":{"@id":"https:\/\/www.musikzeitung.ch\/news\/2026\/04\/tod-des-musikwissenschaftlers-peter-guelke#breadcrumb"},"inLanguage":"it-IT","potentialAction":[{"@type":"ReadAction","target":["https:\/\/www.musikzeitung.ch\/news\/2026\/04\/tod-des-musikwissenschaftlers-peter-guelke"]}]},{"@type":"ImageObject","inLanguage":"it-IT","@id":"https:\/\/www.musikzeitung.ch\/news\/2026\/04\/tod-des-musikwissenschaftlers-peter-guelke#primaryimage","url":"https:\/\/www.musikzeitung.ch\/wp-content\/uploads\/2026\/04\/260429guelke.jpg","contentUrl":"https:\/\/www.musikzeitung.ch\/wp-content\/uploads\/2026\/04\/260429guelke.jpg","width":600,"height":337,"caption":"Peter G\u00fclke beim Forum Dirigieren mit Clemens Mohr und Ingmar Beck (Bild: Deutscher Musikrat\/Marie Liebig)"},{"@type":"BreadcrumbList","@id":"https:\/\/www.musikzeitung.ch\/news\/2026\/04\/tod-des-musikwissenschaftlers-peter-guelke#breadcrumb","itemListElement":[{"@type":"ListItem","position":1,"name":"Home","item":"https:\/\/www.musikzeitung.ch\/"},{"@type":"ListItem","position":2,"name":"Tod des Musikwissenschaftlers Peter G\u00fclke"}]},{"@type":"WebSite","@id":"https:\/\/www.musikzeitung.ch\/#website","url":"https:\/\/www.musikzeitung.ch\/","name":"Giornale musicale svizzero","description":"Il principale mensile interdisciplinare della Svizzera per le questioni musicali.","publisher":{"@id":"https:\/\/www.musikzeitung.ch\/#organization"},"potentialAction":[{"@type":"SearchAction","target":{"@type":"EntryPoint","urlTemplate":"https:\/\/www.musikzeitung.ch\/?s={search_term_string}"},"query-input":{"@type":"PropertyValueSpecification","valueRequired":true,"valueName":"search_term_string"}}],"inLanguage":"it-IT"},{"@type":"Organization","@id":"https:\/\/www.musikzeitung.ch\/#organization","name":"Giornale musicale svizzero","url":"https:\/\/www.musikzeitung.ch\/","logo":{"@type":"ImageObject","inLanguage":"it-IT","@id":"https:\/\/www.musikzeitung.ch\/#\/schema\/logo\/image\/","url":"https:\/\/www.musikzeitung.ch\/wp-content\/uploads\/2023\/01\/SMZ_Schriftzug_Sprache.png","contentUrl":"https:\/\/www.musikzeitung.ch\/wp-content\/uploads\/2023\/01\/SMZ_Schriftzug_Sprache.png","width":1400,"height":279,"caption":"Schweizer Musikzeitung"},"image":{"@id":"https:\/\/www.musikzeitung.ch\/#\/schema\/logo\/image\/"},"sameAs":["https:\/\/www.facebook.com\/SchweizerMusikzeitung\/","https:\/\/x.com\/smusikzeitung","https:\/\/www.instagram.com\/musikzeitung.ch\/"]},{"@type":"Person","@id":"https:\/\/www.musikzeitung.ch\/#\/schema\/person\/0da4fb82d243f1252850a35d0e87cf0c","name":"Wolfgang B\u00f6hler","image":{"@type":"ImageObject","inLanguage":"it-IT","@id":"https:\/\/www.musikzeitung.ch\/wp-content\/uploads\/2023\/01\/boehler_portraet_web-e1674139782246-96x96.jpg","url":"https:\/\/www.musikzeitung.ch\/wp-content\/uploads\/2023\/01\/boehler_portraet_web-e1674139782246-96x96.jpg","contentUrl":"https:\/\/www.musikzeitung.ch\/wp-content\/uploads\/2023\/01\/boehler_portraet_web-e1674139782246-96x96.jpg","caption":"Wolfgang B\u00f6hler"},"sameAs":["http:\/\/www.manacanto.ch","https:\/\/www.facebook.com\/wolfgang.bohler.75"],"url":"https:\/\/www.musikzeitung.ch\/it\/author\/wolfgang-boehler"}]}},"publishpress_future_workflow_manual_trigger":{"enabledWorkflows":[]},"_links":{"self":[{"href":"https:\/\/www.musikzeitung.ch\/it\/wp-json\/wp\/v2\/posts\/72907","targetHints":{"allow":["GET"]}}],"collection":[{"href":"https:\/\/www.musikzeitung.ch\/it\/wp-json\/wp\/v2\/posts"}],"about":[{"href":"https:\/\/www.musikzeitung.ch\/it\/wp-json\/wp\/v2\/types\/post"}],"author":[{"embeddable":true,"href":"https:\/\/www.musikzeitung.ch\/it\/wp-json\/wp\/v2\/users\/30"}],"replies":[{"embeddable":true,"href":"https:\/\/www.musikzeitung.ch\/it\/wp-json\/wp\/v2\/comments?post=72907"}],"version-history":[{"count":3,"href":"https:\/\/www.musikzeitung.ch\/it\/wp-json\/wp\/v2\/posts\/72907\/revisions"}],"predecessor-version":[{"id":72911,"href":"https:\/\/www.musikzeitung.ch\/it\/wp-json\/wp\/v2\/posts\/72907\/revisions\/72911"}],"wp:featuredmedia":[{"embeddable":true,"href":"https:\/\/www.musikzeitung.ch\/it\/wp-json\/wp\/v2\/media\/72908"}],"wp:attachment":[{"href":"https:\/\/www.musikzeitung.ch\/it\/wp-json\/wp\/v2\/media?parent=72907"}],"wp:term":[{"taxonomy":"category","embeddable":true,"href":"https:\/\/www.musikzeitung.ch\/it\/wp-json\/wp\/v2\/categories?post=72907"},{"taxonomy":"post_tag","embeddable":true,"href":"https:\/\/www.musikzeitung.ch\/it\/wp-json\/wp\/v2\/tags?post=72907"}],"curies":[{"name":"wp","href":"https:\/\/api.w.org\/{rel}","templated":true}]}}