{"id":72912,"date":"2026-04-29T09:13:24","date_gmt":"2026-04-29T07:13:24","guid":{"rendered":"https:\/\/www.musikzeitung.ch\/?p=72912"},"modified":"2026-04-30T10:33:11","modified_gmt":"2026-04-30T08:33:11","slug":"ein-neuer-konzertsaal-fuer-altdorf","status":"publish","type":"post","link":"https:\/\/www.musikzeitung.ch\/it\/berichte\/2026\/04\/ein-neuer-konzertsaal-fuer-altdorf","title":{"rendered":"Una nuova sala concerti per Altdorf"},"content":{"rendered":"<figure id=\"attachment_72916\" aria-describedby=\"caption-attachment-72916\" style=\"width: 1400px\" class=\"wp-caption aligncenter\"><img loading=\"lazy\" decoding=\"async\" class=\"size-full wp-image-72916\" src=\"https:\/\/www.musikzeitung.ch\/wp-content\/uploads\/2026\/04\/03_Echo_Altdorf_3_Web.jpg\" alt=\"\" width=\"1400\" height=\"934\" srcset=\"https:\/\/www.musikzeitung.ch\/wp-content\/uploads\/2026\/04\/03_Echo_Altdorf_3_Web.jpg 1400w, https:\/\/www.musikzeitung.ch\/wp-content\/uploads\/2026\/04\/03_Echo_Altdorf_3_Web-300x200.jpg 300w, https:\/\/www.musikzeitung.ch\/wp-content\/uploads\/2026\/04\/03_Echo_Altdorf_3_Web-1024x683.jpg 1024w, https:\/\/www.musikzeitung.ch\/wp-content\/uploads\/2026\/04\/03_Echo_Altdorf_3_Web-600x400.jpg 600w, https:\/\/www.musikzeitung.ch\/wp-content\/uploads\/2026\/04\/03_Echo_Altdorf_3_Web-768x512.jpg 768w, https:\/\/www.musikzeitung.ch\/wp-content\/uploads\/2026\/04\/03_Echo_Altdorf_3_Web-1536x1024.jpg 1536w, https:\/\/www.musikzeitung.ch\/wp-content\/uploads\/2026\/04\/03_Echo_Altdorf_3_Web-2048x1366.jpg 2048w, https:\/\/www.musikzeitung.ch\/wp-content\/uploads\/2026\/04\/03_Echo_Altdorf_3_Web-18x12.jpg 18w, https:\/\/www.musikzeitung.ch\/wp-content\/uploads\/2026\/04\/03_Echo_Altdorf_3_Web-262x175.jpg 262w, https:\/\/www.musikzeitung.ch\/wp-content\/uploads\/2026\/04\/03_Echo_Altdorf_3_Web-525x350.jpg 525w, https:\/\/www.musikzeitung.ch\/wp-content\/uploads\/2026\/04\/03_Echo_Altdorf_3_Web-1199x800.jpg 1199w, https:\/\/www.musikzeitung.ch\/wp-content\/uploads\/2026\/04\/03_Echo_Altdorf_3_Web-920x614.jpg 920w\" sizes=\"auto, (max-width: 1400px) 100vw, 1400px\" \/><figcaption id=\"caption-attachment-72916\" class=\"wp-caption-text\">Shigeru Ban (a sinistra) e Andreas Haefliger davanti all'antica armeria di Altdorf. Foto: <a href=\"https:\/\/www.puentener.ch\/\" target=\"_blank\" rel=\"noopener\">Marc P\u00fcntener<\/a><\/figcaption><\/figure>\n<p>L'arco alpino \u00e8 ricco di luoghi per concerti, da Zermatt, Sion, Ernen, Verbier e Gstaad a Meiringen, Sarnen, Andermatt, Klosters e Davos, solo per citarne alcuni. Con una vista sul lago e sulle montagne, Lucerna \u00e8 il classico Olimpo. Altdorf si aggiunger\u00e0 presto all'elenco.<\/p>\n<p>La capitale del cantone di Uri, con 10.500 abitanti, che la maggior parte delle persone conosce solo per i viaggi verso sud, pu\u00f2 essere associata a Guglielmo Tell, ma non necessariamente alla musica classica. Le cose stanno per cambiare, dice Andreas Haefliger. Il pianista di successo internazionale \u00e8 tornato in Svizzera dagli Stati Uniti qualche anno fa e ora vive con la moglie, la flautista americana Marina Piccinini, sopra Altdorf, a settecento metri di altezza, con una magnifica vista panoramica sulle Alpi Urie. Il carismatico artista si \u00e8 innamorato di Altdorf, dove vuole costruire una sala da concerto per la musica da camera ed \u00e8 convinto che la sala non solo rappresenter\u00e0 un arricchimento culturale per Altdorf, ma attirer\u00e0 l'attenzione anche al di fuori della Svizzera grazie agli artisti di fama internazionale che si esibiranno qui. I benefici economici derivanti dal turismo culturale sarebbero garantiti.<\/p>\n<h3>Un regalo con un concetto<\/h3>\n<p>L'idea della sala concerti di Haefliger \u00e8 gi\u00e0 in fase di realizzazione. I progetti che sta presentando alla comunit\u00e0 sono completamente sviluppati in termini di architettura, struttura amministrativa e finanze. In un certo senso, formano un pacchetto regalo con un nastro d'oro che un artista generoso vuole consegnare alla comunit\u00e0. Il progetto sar\u00e0 finanziato esclusivamente da privati: un colpo di fortuna per Altdorf. E un'indicazione per l'Europa, dove il settore culturale sovvenzionato sta pericolosamente vacillando a causa della bassa marea delle casse pubbliche.<\/p>\n<p>Haefliger ha pianificato il suo progetto con lungimiranza strategica. Nei prossimi anni vuole ridurre le sue attivit\u00e0 concertistiche per potersi dedicare completamente al suo progetto preferito di lobbista in proprio. Come societ\u00e0 di gestione del Saalbau esiste gi\u00e0 una fondazione con personalit\u00e0 di Altdorf, mentre un gruppo di progetto composto essenzialmente dai coniugi Haefliger e dal manager culturale Pius Kn\u00fcsel supervisioner\u00e0 la costruzione. Kn\u00fcsel si \u00e8 rapidamente costruito una cerchia di conoscenze locali che vanno dai panettieri agli assessori del governo, e lui e sua moglie sono gi\u00e0 affermati come musicisti. Il loro Magic Sound Festival, dice, attira pubblico locale e visitatori da tutta la Svizzera. Non vede la sala concerti di Andermatt, che si trova dietro la Gola della Sch\u00f6llenen, come una concorrenza, n\u00e9 la nuova sala della vicina Vitznau. I modelli di evento sono completamente diversi.<\/p>\n<h3>Costruzione in legno di Shigeru Ban<\/h3>\n<p>Il progetto di riconversione prevede la collocazione della sala nell'armeria, classificata come monumento dell'inizio del XIX secolo, nel centro di Altdorf. La facciata rimarr\u00e0 intatta, ma l'interno sar\u00e0 rimodellato per far posto a una struttura in legno che poggia su quattro pilastri e offre spazio a 250 persone. Il design innovativo \u00e8 stato creato da <a href=\"https:\/\/shigerubanarchitects.com\/works\/cultural\/altdorf-concert-hall\/\" target=\"_blank\" rel=\"noopener\">L'architetto giapponese Shigeru Ban<\/a>, un luminare internazionale noto per i suoi edifici in legno. In Svizzera ha gi\u00e0 progettato, tra gli altri, la sede dello Swatch Group a Bienne e il centro media Tamedia a Zurigo.<\/p>\n<figure id=\"attachment_72914\" aria-describedby=\"caption-attachment-72914\" style=\"width: 934px\" class=\"wp-caption aligncenter\"><img loading=\"lazy\" decoding=\"async\" class=\"size-full wp-image-72914\" src=\"https:\/\/www.musikzeitung.ch\/wp-content\/uploads\/2026\/04\/03_Echo_Altdorf_1.jpg\" alt=\"\" width=\"934\" height=\"538\" srcset=\"https:\/\/www.musikzeitung.ch\/wp-content\/uploads\/2026\/04\/03_Echo_Altdorf_1.jpg 934w, https:\/\/www.musikzeitung.ch\/wp-content\/uploads\/2026\/04\/03_Echo_Altdorf_1-300x173.jpg 300w, https:\/\/www.musikzeitung.ch\/wp-content\/uploads\/2026\/04\/03_Echo_Altdorf_1-768x442.jpg 768w, https:\/\/www.musikzeitung.ch\/wp-content\/uploads\/2026\/04\/03_Echo_Altdorf_1-18x10.jpg 18w, https:\/\/www.musikzeitung.ch\/wp-content\/uploads\/2026\/04\/03_Echo_Altdorf_1-304x175.jpg 304w, https:\/\/www.musikzeitung.ch\/wp-content\/uploads\/2026\/04\/03_Echo_Altdorf_1-608x350.jpg 608w, https:\/\/www.musikzeitung.ch\/wp-content\/uploads\/2026\/04\/03_Echo_Altdorf_1-920x530.jpg 920w\" sizes=\"auto, (max-width: 934px) 100vw, 934px\" \/><figcaption id=\"caption-attachment-72914\" class=\"wp-caption-text\">Ecco come \u00e8 stata progettata la nuova sala concerti nella vecchia armeria di Altdorf. Visualizzazione: <a href=\"https:\/\/shigerubanarchitects.com\/\" target=\"_blank\" rel=\"noopener\">Architetti Shigeru Ban<\/a><\/figcaption><\/figure>\n<p>I tempi sono stretti e precisi e la raccolta fondi \u00e8 gi\u00e0 in pieno svolgimento. La concessione edilizia \u00e8 prevista per il 2027, la costruzione inizier\u00e0 nel 2028 e l'edificio sar\u00e0 inaugurato nel 2030. I costi, pari a circa 45 milioni di franchi svizzeri, saranno coperti da donazioni di mecenati e fondazioni. Una scommessa audace, ma Haefliger \u00e8 sicuro che funzioner\u00e0, citando i suoi ampi contatti personali. I costi non trascurabili di gestione del centro sono gi\u00e0 stati garantiti da un impegno preciso. Il Comune e il Cantone, attualmente proprietari dell'armeria, sarebbero quindi esentati anche dai costi di gestione.<\/p>\n<h3>Un posto per tutti<\/h3>\n<p>L'armeria \u00e8 attualmente utilizzata dall'amministrazione cantonale per gli uffici e dall'associazione <a href=\"https:\/\/hausdervolksmusik.ch\/\" target=\"_blank\" rel=\"noopener\">Casa della musica popolare<\/a> che qui ha anche alcuni uffici e un archivio e organizza eventi al piano terra. Se non si trova un sostituto adeguato, il progetto potrebbe incontrare l'opposizione di questa parte. Musica popolare contro musica classica sarebbe una costellazione fatale. Haefliger cerca quindi il dialogo con la gente del posto e sottolinea: \"La sala non deve assolutamente essere un corpo estraneo nel centro del paese, dove si celebra solo l'alta cultura per una clientela che ha viaggiato fin qui. Dovrebbe essere integrata nella vita culturale locale e aperta anche a organizzatori di altri generi musicali\". Il foyer al piano terra \u00e8 previsto come luogo di incontro locale, dove le persone possono anche incontrarsi per un caff\u00e8 o una birra durante il giorno.<\/p>\n<p>L'idea di utilizzare la musica per avviare un processo di sviluppo culturale nella regione coincide con i modelli di turismo sostenibile praticati oggi. Allo stesso tempo, il progetto genera un notevole valore aggiunto artistico. Se tutto va bene, a partire dal 2030 ad Altdorf si potranno ascoltare concerti di qualit\u00e0 eccezionale, si potranno fare registrazioni sonore grazie all'ottima acustica, si potranno organizzare programmi educativi per gli alunni delle scuole di Altdorf e Marina Piccinini, che insegna flauto alla Johns Hopkins University di Baltimora, organizzer\u00e0 qui masterclass internazionali. Inoltre, la Piccinini ha organizzato l'invio di studenti della sua universit\u00e0 ad Altdorf gi\u00e0 nel 2027, nell'ambito di un programma di scambio certificato. Infine, un aspetto da non sottovalutare: di fronte alle fosche prospettive economiche e politiche del futuro, questo progetto \u00e8 un segnale forte e coraggioso per la salvaguardia della nostra cultura musicale.<img loading=\"lazy\" decoding=\"async\" class=\"wp-image-72917 size-full\" src=\"https:\/\/www.musikzeitung.ch\/wp-content\/uploads\/2026\/04\/03_Echo_Altdorf_4.jpg\" alt=\"Visualisierung: Shigeru Ban Architects\" width=\"800\" height=\"1000\" srcset=\"https:\/\/www.musikzeitung.ch\/wp-content\/uploads\/2026\/04\/03_Echo_Altdorf_4.jpg 800w, https:\/\/www.musikzeitung.ch\/wp-content\/uploads\/2026\/04\/03_Echo_Altdorf_4-240x300.jpg 240w, https:\/\/www.musikzeitung.ch\/wp-content\/uploads\/2026\/04\/03_Echo_Altdorf_4-819x1024.jpg 819w, https:\/\/www.musikzeitung.ch\/wp-content\/uploads\/2026\/04\/03_Echo_Altdorf_4-768x960.jpg 768w, https:\/\/www.musikzeitung.ch\/wp-content\/uploads\/2026\/04\/03_Echo_Altdorf_4-10x12.jpg 10w, https:\/\/www.musikzeitung.ch\/wp-content\/uploads\/2026\/04\/03_Echo_Altdorf_4-140x175.jpg 140w, https:\/\/www.musikzeitung.ch\/wp-content\/uploads\/2026\/04\/03_Echo_Altdorf_4-280x350.jpg 280w, https:\/\/www.musikzeitung.ch\/wp-content\/uploads\/2026\/04\/03_Echo_Altdorf_4-640x800.jpg 640w, https:\/\/www.musikzeitung.ch\/wp-content\/uploads\/2026\/04\/03_Echo_Altdorf_4-920x1150.jpg 920w, https:\/\/www.musikzeitung.ch\/wp-content\/uploads\/2026\/04\/03_Echo_Altdorf_4-300x375.jpg 300w\" sizes=\"auto, (max-width: 800px) 100vw, 800px\" \/><\/p>\n<p>Visualizzazione: <a href=\"https:\/\/shigerubanarchitects.com\/\" target=\"_blank\" rel=\"noopener\">Architetti Shigeru Ban<\/a><\/p>","protected":false},"excerpt":{"rendered":"<p>Da quando gli inverni sono diventati pi\u00f9 caldi e le piste da sci pi\u00f9 corte, le regioni di montagna hanno scoperto il turismo estivo e con esso la cultura. Andreas Haefliger vuole convertire a questo scopo la vecchia armeria del capoluogo urano. <\/p>","protected":false},"author":23,"featured_media":72915,"comment_status":"closed","ping_status":"closed","sticky":true,"template":"","format":"standard","meta":{"_acf_changed":false,"_relevanssi_hide_post":"","_relevanssi_hide_content":"","_relevanssi_pin_for_all":"","_relevanssi_pin_keywords":"","_relevanssi_unpin_keywords":"","_relevanssi_related_keywords":"","_relevanssi_related_include_ids":"","_relevanssi_related_exclude_ids":"","_relevanssi_related_no_append":"","_relevanssi_related_not_related":"","_relevanssi_related_posts":"","_relevanssi_noindex_reason":"","pgc_sgb_lightbox_settings":"","footnotes":""},"categories":[28,1081,1624,3008],"tags":[5621,1924,4175,5553,2609],"class_list":["post-72912","post","type-post","status-publish","format-standard","has-post-thumbnail","hentry","category-berichte","category-kantone-und-gemeinden","category-personen","category-treffpunkte-berichte","tag-andreas-haefliger","tag-kammermusik","tag-kanton-uri","tag-konzertsaaldesign","tag-musikfestival"],"acf":[],"yoast_head":"<!-- This site is optimized with the Yoast SEO plugin v27.5 - https:\/\/yoast.com\/product\/yoast-seo-wordpress\/ -->\n<title>Ein neuer Konzertsaal f\u00fcr Altdorf - Schweizer Musikzeitung<\/title>\n<meta name=\"description\" content=\"Bergregionen haben den touristischen Sommer entdeckt und mit ihm die Kultur. Andreas Haefliger will das alte Zeughaus im Urner Kantonshauptort umbauen.\" \/>\n<meta name=\"robots\" content=\"index, follow, max-snippet:-1, max-image-preview:large, max-video-preview:-1\" \/>\n<link rel=\"canonical\" href=\"https:\/\/www.musikzeitung.ch\/it\/berichte\/2026\/04\/ein-neuer-konzertsaal-fuer-altdorf\/\" \/>\n<meta property=\"og:locale\" content=\"it_IT\" \/>\n<meta property=\"og:type\" content=\"article\" \/>\n<meta property=\"og:title\" content=\"Ein neuer Konzertsaal f\u00fcr Altdorf - Schweizer Musikzeitung\" \/>\n<meta property=\"og:description\" content=\"Bergregionen haben den touristischen Sommer entdeckt und mit ihm die Kultur. Andreas Haefliger will das alte Zeughaus im Urner Kantonshauptort umbauen.\" \/>\n<meta property=\"og:url\" content=\"https:\/\/www.musikzeitung.ch\/it\/berichte\/2026\/04\/ein-neuer-konzertsaal-fuer-altdorf\/\" \/>\n<meta property=\"og:site_name\" content=\"Schweizer Musikzeitung\" \/>\n<meta property=\"article:publisher\" content=\"https:\/\/www.facebook.com\/SchweizerMusikzeitung\/\" \/>\n<meta property=\"article:published_time\" content=\"2026-04-29T07:13:24+00:00\" \/>\n<meta property=\"article:modified_time\" content=\"2026-04-30T08:33:11+00:00\" \/>\n<meta property=\"og:image\" content=\"https:\/\/www.musikzeitung.ch\/wp-content\/uploads\/2026\/04\/03_Echo_Altdorf_2_Web.jpg\" \/>\n\t<meta property=\"og:image:width\" content=\"1400\" \/>\n\t<meta property=\"og:image:height\" content=\"934\" \/>\n\t<meta property=\"og:image:type\" content=\"image\/jpeg\" \/>\n<meta name=\"author\" content=\"Katrin Spelinova\" \/>\n<meta name=\"twitter:card\" content=\"summary_large_image\" \/>\n<meta name=\"twitter:creator\" content=\"@testredaktor\" \/>\n<meta name=\"twitter:site\" content=\"@smusikzeitung\" \/>\n<meta name=\"twitter:label1\" content=\"Scritto da\" \/>\n\t<meta name=\"twitter:data1\" content=\"Katrin Spelinova\" \/>\n\t<meta name=\"twitter:label2\" content=\"Tempo di lettura stimato\" \/>\n\t<meta name=\"twitter:data2\" content=\"6 minuti\" \/>\n<script type=\"application\/ld+json\" class=\"yoast-schema-graph\">{\"@context\":\"https:\\\/\\\/schema.org\",\"@graph\":[{\"@type\":\"Article\",\"@id\":\"https:\\\/\\\/www.musikzeitung.ch\\\/berichte\\\/2026\\\/04\\\/ein-neuer-konzertsaal-fuer-altdorf#article\",\"isPartOf\":{\"@id\":\"https:\\\/\\\/www.musikzeitung.ch\\\/berichte\\\/2026\\\/04\\\/ein-neuer-konzertsaal-fuer-altdorf\"},\"author\":{\"name\":\"Katrin Spelinova\",\"@id\":\"https:\\\/\\\/www.musikzeitung.ch\\\/#\\\/schema\\\/person\\\/dce7e5b820812d9af4db2f787d1bec92\"},\"headline\":\"Ein neuer Konzertsaal f\u00fcr Altdorf\",\"datePublished\":\"2026-04-29T07:13:24+00:00\",\"dateModified\":\"2026-04-30T08:33:11+00:00\",\"mainEntityOfPage\":{\"@id\":\"https:\\\/\\\/www.musikzeitung.ch\\\/berichte\\\/2026\\\/04\\\/ein-neuer-konzertsaal-fuer-altdorf\"},\"wordCount\":933,\"publisher\":{\"@id\":\"https:\\\/\\\/www.musikzeitung.ch\\\/#organization\"},\"image\":{\"@id\":\"https:\\\/\\\/www.musikzeitung.ch\\\/berichte\\\/2026\\\/04\\\/ein-neuer-konzertsaal-fuer-altdorf#primaryimage\"},\"thumbnailUrl\":\"https:\\\/\\\/www.musikzeitung.ch\\\/wp-content\\\/uploads\\\/2026\\\/04\\\/03_Echo_Altdorf_2_Web.jpg\",\"keywords\":[\"Andreas Haefliger\",\"Kammermusik\",\"Kanton Uri\",\"Konzertsaaldesign\",\"Musikfestival\"],\"articleSection\":[\"Berichte\",\"Kantone und Gemeinden\",\"Personen\",\"Treffpunkte\"],\"inLanguage\":\"it-IT\"},{\"@type\":\"WebPage\",\"@id\":\"https:\\\/\\\/www.musikzeitung.ch\\\/berichte\\\/2026\\\/04\\\/ein-neuer-konzertsaal-fuer-altdorf\",\"url\":\"https:\\\/\\\/www.musikzeitung.ch\\\/berichte\\\/2026\\\/04\\\/ein-neuer-konzertsaal-fuer-altdorf\",\"name\":\"Ein neuer Konzertsaal f\u00fcr Altdorf - Schweizer Musikzeitung\",\"isPartOf\":{\"@id\":\"https:\\\/\\\/www.musikzeitung.ch\\\/#website\"},\"primaryImageOfPage\":{\"@id\":\"https:\\\/\\\/www.musikzeitung.ch\\\/berichte\\\/2026\\\/04\\\/ein-neuer-konzertsaal-fuer-altdorf#primaryimage\"},\"image\":{\"@id\":\"https:\\\/\\\/www.musikzeitung.ch\\\/berichte\\\/2026\\\/04\\\/ein-neuer-konzertsaal-fuer-altdorf#primaryimage\"},\"thumbnailUrl\":\"https:\\\/\\\/www.musikzeitung.ch\\\/wp-content\\\/uploads\\\/2026\\\/04\\\/03_Echo_Altdorf_2_Web.jpg\",\"datePublished\":\"2026-04-29T07:13:24+00:00\",\"dateModified\":\"2026-04-30T08:33:11+00:00\",\"description\":\"Bergregionen haben den touristischen Sommer entdeckt und mit ihm die Kultur. Andreas Haefliger will das alte Zeughaus im Urner Kantonshauptort umbauen.\",\"breadcrumb\":{\"@id\":\"https:\\\/\\\/www.musikzeitung.ch\\\/berichte\\\/2026\\\/04\\\/ein-neuer-konzertsaal-fuer-altdorf#breadcrumb\"},\"inLanguage\":\"it-IT\",\"potentialAction\":[{\"@type\":\"ReadAction\",\"target\":[\"https:\\\/\\\/www.musikzeitung.ch\\\/berichte\\\/2026\\\/04\\\/ein-neuer-konzertsaal-fuer-altdorf\"]}]},{\"@type\":\"ImageObject\",\"inLanguage\":\"it-IT\",\"@id\":\"https:\\\/\\\/www.musikzeitung.ch\\\/berichte\\\/2026\\\/04\\\/ein-neuer-konzertsaal-fuer-altdorf#primaryimage\",\"url\":\"https:\\\/\\\/www.musikzeitung.ch\\\/wp-content\\\/uploads\\\/2026\\\/04\\\/03_Echo_Altdorf_2_Web.jpg\",\"contentUrl\":\"https:\\\/\\\/www.musikzeitung.ch\\\/wp-content\\\/uploads\\\/2026\\\/04\\\/03_Echo_Altdorf_2_Web.jpg\",\"width\":1400,\"height\":934},{\"@type\":\"BreadcrumbList\",\"@id\":\"https:\\\/\\\/www.musikzeitung.ch\\\/berichte\\\/2026\\\/04\\\/ein-neuer-konzertsaal-fuer-altdorf#breadcrumb\",\"itemListElement\":[{\"@type\":\"ListItem\",\"position\":1,\"name\":\"Home\",\"item\":\"https:\\\/\\\/www.musikzeitung.ch\\\/\"},{\"@type\":\"ListItem\",\"position\":2,\"name\":\"Ein neuer Konzertsaal f\u00fcr Altdorf\"}]},{\"@type\":\"WebSite\",\"@id\":\"https:\\\/\\\/www.musikzeitung.ch\\\/#website\",\"url\":\"https:\\\/\\\/www.musikzeitung.ch\\\/\",\"name\":\"Schweizer Musikzeitung\",\"description\":\"Die f\u00fchrende sparten\u00fcbergreifende Monatszeitung in der Schweiz f\u00fcr musikalische Fragen.\",\"publisher\":{\"@id\":\"https:\\\/\\\/www.musikzeitung.ch\\\/#organization\"},\"potentialAction\":[{\"@type\":\"SearchAction\",\"target\":{\"@type\":\"EntryPoint\",\"urlTemplate\":\"https:\\\/\\\/www.musikzeitung.ch\\\/?s={search_term_string}\"},\"query-input\":{\"@type\":\"PropertyValueSpecification\",\"valueRequired\":true,\"valueName\":\"search_term_string\"}}],\"inLanguage\":\"it-IT\"},{\"@type\":\"Organization\",\"@id\":\"https:\\\/\\\/www.musikzeitung.ch\\\/#organization\",\"name\":\"Schweizer Musikzeitung\",\"url\":\"https:\\\/\\\/www.musikzeitung.ch\\\/\",\"logo\":{\"@type\":\"ImageObject\",\"inLanguage\":\"it-IT\",\"@id\":\"https:\\\/\\\/www.musikzeitung.ch\\\/#\\\/schema\\\/logo\\\/image\\\/\",\"url\":\"https:\\\/\\\/www.musikzeitung.ch\\\/wp-content\\\/uploads\\\/2023\\\/01\\\/SMZ_Schriftzug_Sprache.png\",\"contentUrl\":\"https:\\\/\\\/www.musikzeitung.ch\\\/wp-content\\\/uploads\\\/2023\\\/01\\\/SMZ_Schriftzug_Sprache.png\",\"width\":1400,\"height\":279,\"caption\":\"Schweizer Musikzeitung\"},\"image\":{\"@id\":\"https:\\\/\\\/www.musikzeitung.ch\\\/#\\\/schema\\\/logo\\\/image\\\/\"},\"sameAs\":[\"https:\\\/\\\/www.facebook.com\\\/SchweizerMusikzeitung\\\/\",\"https:\\\/\\\/x.com\\\/smusikzeitung\",\"https:\\\/\\\/www.instagram.com\\\/musikzeitung.ch\\\/\"]},{\"@type\":\"Person\",\"@id\":\"https:\\\/\\\/www.musikzeitung.ch\\\/#\\\/schema\\\/person\\\/dce7e5b820812d9af4db2f787d1bec92\",\"name\":\"Katrin Spelinova\",\"image\":{\"@type\":\"ImageObject\",\"inLanguage\":\"it-IT\",\"@id\":\"https:\\\/\\\/secure.gravatar.com\\\/avatar\\\/2a2c2956e074ebca9bf65620496cd2e317d90b8c76450e9dd04d7cebf95eeada?s=96&d=mm&r=g\",\"url\":\"https:\\\/\\\/secure.gravatar.com\\\/avatar\\\/2a2c2956e074ebca9bf65620496cd2e317d90b8c76450e9dd04d7cebf95eeada?s=96&d=mm&r=g\",\"contentUrl\":\"https:\\\/\\\/secure.gravatar.com\\\/avatar\\\/2a2c2956e074ebca9bf65620496cd2e317d90b8c76450e9dd04d7cebf95eeada?s=96&d=mm&r=g\",\"caption\":\"Katrin Spelinova\"},\"sameAs\":[\"https:\\\/\\\/x.com\\\/testredaktor\"],\"url\":\"https:\\\/\\\/www.musikzeitung.ch\\\/it\\\/author\\\/spelkat\"}]}<\/script>\n<!-- \/ Yoast SEO plugin. -->","yoast_head_json":{"title":"Una nuova sala da concerto per Altdorf - Schweizer Musikzeitung","description":"Le regioni di montagna hanno scoperto l'estate turistica e con essa la cultura. Andreas Haefliger vuole ristrutturare l'antica armeria del capoluogo urano.","robots":{"index":"index","follow":"follow","max-snippet":"max-snippet:-1","max-image-preview":"max-image-preview:large","max-video-preview":"max-video-preview:-1"},"canonical":"https:\/\/www.musikzeitung.ch\/it\/berichte\/2026\/04\/ein-neuer-konzertsaal-fuer-altdorf\/","og_locale":"it_IT","og_type":"article","og_title":"Ein neuer Konzertsaal f\u00fcr Altdorf - Schweizer Musikzeitung","og_description":"Bergregionen haben den touristischen Sommer entdeckt und mit ihm die Kultur. Andreas Haefliger will das alte Zeughaus im Urner Kantonshauptort umbauen.","og_url":"https:\/\/www.musikzeitung.ch\/it\/berichte\/2026\/04\/ein-neuer-konzertsaal-fuer-altdorf\/","og_site_name":"Schweizer Musikzeitung","article_publisher":"https:\/\/www.facebook.com\/SchweizerMusikzeitung\/","article_published_time":"2026-04-29T07:13:24+00:00","article_modified_time":"2026-04-30T08:33:11+00:00","og_image":[{"width":1400,"height":934,"url":"https:\/\/www.musikzeitung.ch\/wp-content\/uploads\/2026\/04\/03_Echo_Altdorf_2_Web.jpg","type":"image\/jpeg"}],"author":"Katrin Spelinova","twitter_card":"summary_large_image","twitter_creator":"@testredaktor","twitter_site":"@smusikzeitung","twitter_misc":{"Scritto da":"Katrin Spelinova","Tempo di lettura stimato":"6 minuti"},"schema":{"@context":"https:\/\/schema.org","@graph":[{"@type":"Article","@id":"https:\/\/www.musikzeitung.ch\/berichte\/2026\/04\/ein-neuer-konzertsaal-fuer-altdorf#article","isPartOf":{"@id":"https:\/\/www.musikzeitung.ch\/berichte\/2026\/04\/ein-neuer-konzertsaal-fuer-altdorf"},"author":{"name":"Katrin Spelinova","@id":"https:\/\/www.musikzeitung.ch\/#\/schema\/person\/dce7e5b820812d9af4db2f787d1bec92"},"headline":"Ein neuer Konzertsaal f\u00fcr Altdorf","datePublished":"2026-04-29T07:13:24+00:00","dateModified":"2026-04-30T08:33:11+00:00","mainEntityOfPage":{"@id":"https:\/\/www.musikzeitung.ch\/berichte\/2026\/04\/ein-neuer-konzertsaal-fuer-altdorf"},"wordCount":933,"publisher":{"@id":"https:\/\/www.musikzeitung.ch\/#organization"},"image":{"@id":"https:\/\/www.musikzeitung.ch\/berichte\/2026\/04\/ein-neuer-konzertsaal-fuer-altdorf#primaryimage"},"thumbnailUrl":"https:\/\/www.musikzeitung.ch\/wp-content\/uploads\/2026\/04\/03_Echo_Altdorf_2_Web.jpg","keywords":["Andreas Haefliger","Kammermusik","Kanton Uri","Konzertsaaldesign","Musikfestival"],"articleSection":["Berichte","Kantone und Gemeinden","Personen","Treffpunkte"],"inLanguage":"it-IT"},{"@type":"WebPage","@id":"https:\/\/www.musikzeitung.ch\/berichte\/2026\/04\/ein-neuer-konzertsaal-fuer-altdorf","url":"https:\/\/www.musikzeitung.ch\/berichte\/2026\/04\/ein-neuer-konzertsaal-fuer-altdorf","name":"Una nuova sala da concerto per Altdorf - Schweizer Musikzeitung","isPartOf":{"@id":"https:\/\/www.musikzeitung.ch\/#website"},"primaryImageOfPage":{"@id":"https:\/\/www.musikzeitung.ch\/berichte\/2026\/04\/ein-neuer-konzertsaal-fuer-altdorf#primaryimage"},"image":{"@id":"https:\/\/www.musikzeitung.ch\/berichte\/2026\/04\/ein-neuer-konzertsaal-fuer-altdorf#primaryimage"},"thumbnailUrl":"https:\/\/www.musikzeitung.ch\/wp-content\/uploads\/2026\/04\/03_Echo_Altdorf_2_Web.jpg","datePublished":"2026-04-29T07:13:24+00:00","dateModified":"2026-04-30T08:33:11+00:00","description":"Le regioni di montagna hanno scoperto l'estate turistica e con essa la cultura. Andreas Haefliger vuole ristrutturare l'antica armeria del capoluogo urano.","breadcrumb":{"@id":"https:\/\/www.musikzeitung.ch\/berichte\/2026\/04\/ein-neuer-konzertsaal-fuer-altdorf#breadcrumb"},"inLanguage":"it-IT","potentialAction":[{"@type":"ReadAction","target":["https:\/\/www.musikzeitung.ch\/berichte\/2026\/04\/ein-neuer-konzertsaal-fuer-altdorf"]}]},{"@type":"ImageObject","inLanguage":"it-IT","@id":"https:\/\/www.musikzeitung.ch\/berichte\/2026\/04\/ein-neuer-konzertsaal-fuer-altdorf#primaryimage","url":"https:\/\/www.musikzeitung.ch\/wp-content\/uploads\/2026\/04\/03_Echo_Altdorf_2_Web.jpg","contentUrl":"https:\/\/www.musikzeitung.ch\/wp-content\/uploads\/2026\/04\/03_Echo_Altdorf_2_Web.jpg","width":1400,"height":934},{"@type":"BreadcrumbList","@id":"https:\/\/www.musikzeitung.ch\/berichte\/2026\/04\/ein-neuer-konzertsaal-fuer-altdorf#breadcrumb","itemListElement":[{"@type":"ListItem","position":1,"name":"Home","item":"https:\/\/www.musikzeitung.ch\/"},{"@type":"ListItem","position":2,"name":"Ein neuer Konzertsaal f\u00fcr Altdorf"}]},{"@type":"WebSite","@id":"https:\/\/www.musikzeitung.ch\/#website","url":"https:\/\/www.musikzeitung.ch\/","name":"Giornale musicale svizzero","description":"Il principale mensile interdisciplinare della Svizzera per le questioni musicali.","publisher":{"@id":"https:\/\/www.musikzeitung.ch\/#organization"},"potentialAction":[{"@type":"SearchAction","target":{"@type":"EntryPoint","urlTemplate":"https:\/\/www.musikzeitung.ch\/?s={search_term_string}"},"query-input":{"@type":"PropertyValueSpecification","valueRequired":true,"valueName":"search_term_string"}}],"inLanguage":"it-IT"},{"@type":"Organization","@id":"https:\/\/www.musikzeitung.ch\/#organization","name":"Giornale musicale svizzero","url":"https:\/\/www.musikzeitung.ch\/","logo":{"@type":"ImageObject","inLanguage":"it-IT","@id":"https:\/\/www.musikzeitung.ch\/#\/schema\/logo\/image\/","url":"https:\/\/www.musikzeitung.ch\/wp-content\/uploads\/2023\/01\/SMZ_Schriftzug_Sprache.png","contentUrl":"https:\/\/www.musikzeitung.ch\/wp-content\/uploads\/2023\/01\/SMZ_Schriftzug_Sprache.png","width":1400,"height":279,"caption":"Schweizer Musikzeitung"},"image":{"@id":"https:\/\/www.musikzeitung.ch\/#\/schema\/logo\/image\/"},"sameAs":["https:\/\/www.facebook.com\/SchweizerMusikzeitung\/","https:\/\/x.com\/smusikzeitung","https:\/\/www.instagram.com\/musikzeitung.ch\/"]},{"@type":"Person","@id":"https:\/\/www.musikzeitung.ch\/#\/schema\/person\/dce7e5b820812d9af4db2f787d1bec92","name":"Katrin Spelinova","image":{"@type":"ImageObject","inLanguage":"it-IT","@id":"https:\/\/secure.gravatar.com\/avatar\/2a2c2956e074ebca9bf65620496cd2e317d90b8c76450e9dd04d7cebf95eeada?s=96&d=mm&r=g","url":"https:\/\/secure.gravatar.com\/avatar\/2a2c2956e074ebca9bf65620496cd2e317d90b8c76450e9dd04d7cebf95eeada?s=96&d=mm&r=g","contentUrl":"https:\/\/secure.gravatar.com\/avatar\/2a2c2956e074ebca9bf65620496cd2e317d90b8c76450e9dd04d7cebf95eeada?s=96&d=mm&r=g","caption":"Katrin Spelinova"},"sameAs":["https:\/\/x.com\/testredaktor"],"url":"https:\/\/www.musikzeitung.ch\/it\/author\/spelkat"}]}},"publishpress_future_workflow_manual_trigger":{"enabledWorkflows":[]},"_links":{"self":[{"href":"https:\/\/www.musikzeitung.ch\/it\/wp-json\/wp\/v2\/posts\/72912","targetHints":{"allow":["GET"]}}],"collection":[{"href":"https:\/\/www.musikzeitung.ch\/it\/wp-json\/wp\/v2\/posts"}],"about":[{"href":"https:\/\/www.musikzeitung.ch\/it\/wp-json\/wp\/v2\/types\/post"}],"author":[{"embeddable":true,"href":"https:\/\/www.musikzeitung.ch\/it\/wp-json\/wp\/v2\/users\/23"}],"replies":[{"embeddable":true,"href":"https:\/\/www.musikzeitung.ch\/it\/wp-json\/wp\/v2\/comments?post=72912"}],"version-history":[{"count":6,"href":"https:\/\/www.musikzeitung.ch\/it\/wp-json\/wp\/v2\/posts\/72912\/revisions"}],"predecessor-version":[{"id":72927,"href":"https:\/\/www.musikzeitung.ch\/it\/wp-json\/wp\/v2\/posts\/72912\/revisions\/72927"}],"wp:featuredmedia":[{"embeddable":true,"href":"https:\/\/www.musikzeitung.ch\/it\/wp-json\/wp\/v2\/media\/72915"}],"wp:attachment":[{"href":"https:\/\/www.musikzeitung.ch\/it\/wp-json\/wp\/v2\/media?parent=72912"}],"wp:term":[{"taxonomy":"category","embeddable":true,"href":"https:\/\/www.musikzeitung.ch\/it\/wp-json\/wp\/v2\/categories?post=72912"},{"taxonomy":"post_tag","embeddable":true,"href":"https:\/\/www.musikzeitung.ch\/it\/wp-json\/wp\/v2\/tags?post=72912"}],"curies":[{"name":"wp","href":"https:\/\/api.w.org\/{rel}","templated":true}]}}