{"id":72931,"date":"2026-04-30T06:13:06","date_gmt":"2026-04-30T04:13:06","guid":{"rendered":"https:\/\/www.musikzeitung.ch\/?p=72931"},"modified":"2026-04-30T08:18:52","modified_gmt":"2026-04-30T06:18:52","slug":"musikrat-besorgt-um-kulturradio","status":"publish","type":"post","link":"https:\/\/www.musikzeitung.ch\/it\/news\/2026\/04\/musikrat-besorgt-um-kulturradio","title":{"rendered":"Il Consiglio della Musica \u00e8 preoccupato per la radio culturale"},"content":{"rendered":"<figure id=\"attachment_46499\" aria-describedby=\"caption-attachment-46499\" style=\"width: 1024px\" class=\"wp-caption alignnone\"><img loading=\"lazy\" decoding=\"async\" class=\"size-full wp-image-46499\" src=\"https:\/\/www.musikzeitung.ch\/wp-content\/uploads\/2023\/08\/230810srg.jpg\" alt=\"\" width=\"1024\" height=\"683\" srcset=\"https:\/\/www.musikzeitung.ch\/wp-content\/uploads\/2023\/08\/230810srg.jpg 1024w, https:\/\/www.musikzeitung.ch\/wp-content\/uploads\/2023\/08\/230810srg-300x200.jpg 300w, https:\/\/www.musikzeitung.ch\/wp-content\/uploads\/2023\/08\/230810srg-600x400.jpg 600w, https:\/\/www.musikzeitung.ch\/wp-content\/uploads\/2023\/08\/230810srg-768x512.jpg 768w, https:\/\/www.musikzeitung.ch\/wp-content\/uploads\/2023\/08\/230810srg-262x175.jpg 262w, https:\/\/www.musikzeitung.ch\/wp-content\/uploads\/2023\/08\/230810srg-525x350.jpg 525w, https:\/\/www.musikzeitung.ch\/wp-content\/uploads\/2023\/08\/230810srg-920x614.jpg 920w\" sizes=\"auto, (max-width: 1024px) 100vw, 1024px\" \/><figcaption id=\"caption-attachment-46499\" class=\"wp-caption-text\">Sede della SRG a Leutschenbach (Foto: zVg)<\/figcaption><\/figure>\n<p>In una dichiarazione ufficiale, il Consiglio della Musica si aspetta che la cultura - e in particolare l'informazione culturale - rimanga un mandato fondamentale della SRG. L'attuale discussione sul futuro della SRF 2 Kultur \u00e8 irritante e giunge in un momento delicato. L'iniziativa di dimezzamento della SRG \u00e8 stata chiaramente respinta dalla popolazione. Questo risultato \u00e8 anche un chiaro riconoscimento dell'importanza della cultura, dell'informazione e dell'educazione nel servizio pubblico.<\/p>\n<p>Il Consiglio svizzero della musica afferma: una riduzione nel settore della cultura - in particolare nei canali centralizzati come SRF 2 Kultur, Espace 2 e Rete Due - indebolirebbe in modo sostanziale l'infrastruttura culturale della Svizzera e sarebbe in contraddizione con il chiaro risultato della votazione. SRF 2 Kultur \u00e8 una piattaforma mediatica centrale per la musica e la cultura in Svizzera - per la produzione artistica, la mediazione, la categorizzazione critica e il dibattito pubblico. L'emittente svolge una funzione indispensabile, soprattutto per quei settori che difficilmente trovano spazio nell'ambiente commerciale.<\/p>\n<p>Il Consiglio della Musica considera la cultura come parte del servizio pubblico con una chiara missione sociale: fornisce orientamento, permette di riflettere e contribuisce in modo significativo all'identit\u00e0 culturale di un Paese. Ci\u00f2 \u00e8 particolarmente vero per le minoranze, per i formati impegnativi e per quelle voci che altrimenti difficilmente verrebbero ascoltate.<\/p>\n<p><strong>Link:<\/strong> <a href=\"https:\/\/musikrat.ch\" target=\"_blank\" rel=\"noopener\">musiccouncil.ch<\/a><\/p>","protected":false},"excerpt":{"rendered":"<p>Il Consiglio svizzero della musica ha preso atto con grande preoccupazione della presunta intenzione della SSR di interrompere i canali culturali SRF 2 Kultur, Espace 2 e Rete Due. <\/p>","protected":false},"author":30,"featured_media":46499,"comment_status":"closed","ping_status":"closed","sticky":false,"template":"","format":"standard","meta":{"_acf_changed":false,"_relevanssi_hide_post":"","_relevanssi_hide_content":"","_relevanssi_pin_for_all":"","_relevanssi_pin_keywords":"","_relevanssi_unpin_keywords":"","_relevanssi_related_keywords":"","_relevanssi_related_include_ids":"","_relevanssi_related_exclude_ids":"","_relevanssi_related_no_append":"","_relevanssi_related_not_related":"","_relevanssi_related_posts":"","_relevanssi_noindex_reason":"","pgc_sgb_lightbox_settings":"","footnotes":""},"categories":[27],"tags":[3326,5622,4667,3325],"class_list":["post-72931","post","type-post","status-publish","format-standard","has-post-thumbnail","hentry","category-news","tag-halbierungsinitiative","tag-kulturradio","tag-schweizer-musikrat","tag-srg"],"acf":[],"yoast_head":"<!-- This site is optimized with the Yoast SEO plugin v27.5 - https:\/\/yoast.com\/product\/yoast-seo-wordpress\/ -->\n<title>Musikrat besorgt um Kulturradio - Schweizer Musikzeitung<\/title>\n<meta name=\"description\" content=\"Der Schweizer Musikrat nimmt mutmassliche Pl\u00e4ne der SRG zum Verzicht auf die Kultursender mit grosser Sorge zur Kenntnis.\" \/>\n<meta name=\"robots\" content=\"index, follow, max-snippet:-1, max-image-preview:large, max-video-preview:-1\" \/>\n<link rel=\"canonical\" href=\"https:\/\/www.musikzeitung.ch\/it\/news\/2026\/04\/musikrat-besorgt-um-kulturradio\/\" \/>\n<meta property=\"og:locale\" content=\"it_IT\" \/>\n<meta property=\"og:type\" content=\"article\" \/>\n<meta property=\"og:title\" content=\"Musikrat besorgt um Kulturradio - Schweizer Musikzeitung\" \/>\n<meta property=\"og:description\" content=\"Der Schweizer Musikrat nimmt mutmassliche Pl\u00e4ne der SRG zum Verzicht auf die Kultursender mit grosser Sorge zur Kenntnis.\" \/>\n<meta property=\"og:url\" content=\"https:\/\/www.musikzeitung.ch\/it\/news\/2026\/04\/musikrat-besorgt-um-kulturradio\/\" \/>\n<meta property=\"og:site_name\" content=\"Schweizer Musikzeitung\" \/>\n<meta property=\"article:publisher\" content=\"https:\/\/www.facebook.com\/SchweizerMusikzeitung\/\" \/>\n<meta property=\"article:author\" content=\"https:\/\/www.facebook.com\/wolfgang.bohler.75\" \/>\n<meta property=\"article:published_time\" content=\"2026-04-30T04:13:06+00:00\" \/>\n<meta property=\"article:modified_time\" content=\"2026-04-30T06:18:52+00:00\" \/>\n<meta property=\"og:image\" content=\"https:\/\/www.musikzeitung.ch\/wp-content\/uploads\/2023\/08\/230810srg.jpg\" \/>\n\t<meta property=\"og:image:width\" content=\"1024\" \/>\n\t<meta property=\"og:image:height\" content=\"683\" \/>\n\t<meta property=\"og:image:type\" content=\"image\/jpeg\" \/>\n<meta name=\"author\" content=\"Wolfgang B\u00f6hler\" \/>\n<meta name=\"twitter:card\" content=\"summary_large_image\" \/>\n<meta name=\"twitter:creator\" content=\"@smusikzeitung\" \/>\n<meta name=\"twitter:site\" content=\"@smusikzeitung\" \/>\n<meta name=\"twitter:label1\" content=\"Scritto da\" \/>\n\t<meta name=\"twitter:data1\" content=\"Wolfgang B\u00f6hler\" \/>\n\t<meta name=\"twitter:label2\" content=\"Tempo di lettura stimato\" \/>\n\t<meta name=\"twitter:data2\" content=\"2 minuti\" \/>\n<script type=\"application\/ld+json\" class=\"yoast-schema-graph\">{\"@context\":\"https:\\\/\\\/schema.org\",\"@graph\":[{\"@type\":\"Article\",\"@id\":\"https:\\\/\\\/www.musikzeitung.ch\\\/news\\\/2026\\\/04\\\/musikrat-besorgt-um-kulturradio#article\",\"isPartOf\":{\"@id\":\"https:\\\/\\\/www.musikzeitung.ch\\\/news\\\/2026\\\/04\\\/musikrat-besorgt-um-kulturradio\"},\"author\":{\"name\":\"Wolfgang B\u00f6hler\",\"@id\":\"https:\\\/\\\/www.musikzeitung.ch\\\/#\\\/schema\\\/person\\\/0da4fb82d243f1252850a35d0e87cf0c\"},\"headline\":\"Musikrat besorgt um Kulturradio\",\"datePublished\":\"2026-04-30T04:13:06+00:00\",\"dateModified\":\"2026-04-30T06:18:52+00:00\",\"mainEntityOfPage\":{\"@id\":\"https:\\\/\\\/www.musikzeitung.ch\\\/news\\\/2026\\\/04\\\/musikrat-besorgt-um-kulturradio\"},\"wordCount\":217,\"publisher\":{\"@id\":\"https:\\\/\\\/www.musikzeitung.ch\\\/#organization\"},\"image\":{\"@id\":\"https:\\\/\\\/www.musikzeitung.ch\\\/news\\\/2026\\\/04\\\/musikrat-besorgt-um-kulturradio#primaryimage\"},\"thumbnailUrl\":\"https:\\\/\\\/www.musikzeitung.ch\\\/wp-content\\\/uploads\\\/2023\\\/08\\\/230810srg.jpg\",\"keywords\":[\"Halbierungsinitiative\",\"Kulturradio\",\"Schweizer Musikrat\",\"SRG\"],\"articleSection\":[\"News\"],\"inLanguage\":\"it-IT\"},{\"@type\":\"WebPage\",\"@id\":\"https:\\\/\\\/www.musikzeitung.ch\\\/news\\\/2026\\\/04\\\/musikrat-besorgt-um-kulturradio\",\"url\":\"https:\\\/\\\/www.musikzeitung.ch\\\/news\\\/2026\\\/04\\\/musikrat-besorgt-um-kulturradio\",\"name\":\"Musikrat besorgt um Kulturradio - Schweizer Musikzeitung\",\"isPartOf\":{\"@id\":\"https:\\\/\\\/www.musikzeitung.ch\\\/#website\"},\"primaryImageOfPage\":{\"@id\":\"https:\\\/\\\/www.musikzeitung.ch\\\/news\\\/2026\\\/04\\\/musikrat-besorgt-um-kulturradio#primaryimage\"},\"image\":{\"@id\":\"https:\\\/\\\/www.musikzeitung.ch\\\/news\\\/2026\\\/04\\\/musikrat-besorgt-um-kulturradio#primaryimage\"},\"thumbnailUrl\":\"https:\\\/\\\/www.musikzeitung.ch\\\/wp-content\\\/uploads\\\/2023\\\/08\\\/230810srg.jpg\",\"datePublished\":\"2026-04-30T04:13:06+00:00\",\"dateModified\":\"2026-04-30T06:18:52+00:00\",\"description\":\"Der Schweizer Musikrat nimmt mutmassliche Pl\u00e4ne der SRG zum Verzicht auf die Kultursender mit grosser Sorge zur Kenntnis.\",\"breadcrumb\":{\"@id\":\"https:\\\/\\\/www.musikzeitung.ch\\\/news\\\/2026\\\/04\\\/musikrat-besorgt-um-kulturradio#breadcrumb\"},\"inLanguage\":\"it-IT\",\"potentialAction\":[{\"@type\":\"ReadAction\",\"target\":[\"https:\\\/\\\/www.musikzeitung.ch\\\/news\\\/2026\\\/04\\\/musikrat-besorgt-um-kulturradio\"]}]},{\"@type\":\"ImageObject\",\"inLanguage\":\"it-IT\",\"@id\":\"https:\\\/\\\/www.musikzeitung.ch\\\/news\\\/2026\\\/04\\\/musikrat-besorgt-um-kulturradio#primaryimage\",\"url\":\"https:\\\/\\\/www.musikzeitung.ch\\\/wp-content\\\/uploads\\\/2023\\\/08\\\/230810srg.jpg\",\"contentUrl\":\"https:\\\/\\\/www.musikzeitung.ch\\\/wp-content\\\/uploads\\\/2023\\\/08\\\/230810srg.jpg\",\"width\":1024,\"height\":683,\"caption\":\"SRG-Hauptsitz Leutschenbach (Bild: zVg)\"},{\"@type\":\"BreadcrumbList\",\"@id\":\"https:\\\/\\\/www.musikzeitung.ch\\\/news\\\/2026\\\/04\\\/musikrat-besorgt-um-kulturradio#breadcrumb\",\"itemListElement\":[{\"@type\":\"ListItem\",\"position\":1,\"name\":\"Home\",\"item\":\"https:\\\/\\\/www.musikzeitung.ch\\\/\"},{\"@type\":\"ListItem\",\"position\":2,\"name\":\"Musikrat besorgt um Kulturradio\"}]},{\"@type\":\"WebSite\",\"@id\":\"https:\\\/\\\/www.musikzeitung.ch\\\/#website\",\"url\":\"https:\\\/\\\/www.musikzeitung.ch\\\/\",\"name\":\"Schweizer Musikzeitung\",\"description\":\"Die f\u00fchrende sparten\u00fcbergreifende Monatszeitung in der Schweiz f\u00fcr musikalische Fragen.\",\"publisher\":{\"@id\":\"https:\\\/\\\/www.musikzeitung.ch\\\/#organization\"},\"potentialAction\":[{\"@type\":\"SearchAction\",\"target\":{\"@type\":\"EntryPoint\",\"urlTemplate\":\"https:\\\/\\\/www.musikzeitung.ch\\\/?s={search_term_string}\"},\"query-input\":{\"@type\":\"PropertyValueSpecification\",\"valueRequired\":true,\"valueName\":\"search_term_string\"}}],\"inLanguage\":\"it-IT\"},{\"@type\":\"Organization\",\"@id\":\"https:\\\/\\\/www.musikzeitung.ch\\\/#organization\",\"name\":\"Schweizer Musikzeitung\",\"url\":\"https:\\\/\\\/www.musikzeitung.ch\\\/\",\"logo\":{\"@type\":\"ImageObject\",\"inLanguage\":\"it-IT\",\"@id\":\"https:\\\/\\\/www.musikzeitung.ch\\\/#\\\/schema\\\/logo\\\/image\\\/\",\"url\":\"https:\\\/\\\/www.musikzeitung.ch\\\/wp-content\\\/uploads\\\/2023\\\/01\\\/SMZ_Schriftzug_Sprache.png\",\"contentUrl\":\"https:\\\/\\\/www.musikzeitung.ch\\\/wp-content\\\/uploads\\\/2023\\\/01\\\/SMZ_Schriftzug_Sprache.png\",\"width\":1400,\"height\":279,\"caption\":\"Schweizer Musikzeitung\"},\"image\":{\"@id\":\"https:\\\/\\\/www.musikzeitung.ch\\\/#\\\/schema\\\/logo\\\/image\\\/\"},\"sameAs\":[\"https:\\\/\\\/www.facebook.com\\\/SchweizerMusikzeitung\\\/\",\"https:\\\/\\\/x.com\\\/smusikzeitung\",\"https:\\\/\\\/www.instagram.com\\\/musikzeitung.ch\\\/\"]},{\"@type\":\"Person\",\"@id\":\"https:\\\/\\\/www.musikzeitung.ch\\\/#\\\/schema\\\/person\\\/0da4fb82d243f1252850a35d0e87cf0c\",\"name\":\"Wolfgang B\u00f6hler\",\"image\":{\"@type\":\"ImageObject\",\"inLanguage\":\"it-IT\",\"@id\":\"https:\\\/\\\/www.musikzeitung.ch\\\/wp-content\\\/uploads\\\/2023\\\/01\\\/boehler_portraet_web-e1674139782246-96x96.jpg\",\"url\":\"https:\\\/\\\/www.musikzeitung.ch\\\/wp-content\\\/uploads\\\/2023\\\/01\\\/boehler_portraet_web-e1674139782246-96x96.jpg\",\"contentUrl\":\"https:\\\/\\\/www.musikzeitung.ch\\\/wp-content\\\/uploads\\\/2023\\\/01\\\/boehler_portraet_web-e1674139782246-96x96.jpg\",\"caption\":\"Wolfgang B\u00f6hler\"},\"sameAs\":[\"http:\\\/\\\/www.manacanto.ch\",\"https:\\\/\\\/www.facebook.com\\\/wolfgang.bohler.75\"],\"url\":\"https:\\\/\\\/www.musikzeitung.ch\\\/it\\\/author\\\/wolfgang-boehler\"}]}<\/script>\n<!-- \/ Yoast SEO plugin. -->","yoast_head_json":{"title":"Il Consiglio della musica \u00e8 preoccupato per la radio culturale - Schweizer Musikzeitung","description":"Der Schweizer Musikrat nimmt mutmassliche Pl\u00e4ne der SRG zum Verzicht auf die Kultursender mit grosser Sorge zur Kenntnis.","robots":{"index":"index","follow":"follow","max-snippet":"max-snippet:-1","max-image-preview":"max-image-preview:large","max-video-preview":"max-video-preview:-1"},"canonical":"https:\/\/www.musikzeitung.ch\/it\/news\/2026\/04\/musikrat-besorgt-um-kulturradio\/","og_locale":"it_IT","og_type":"article","og_title":"Musikrat besorgt um Kulturradio - Schweizer Musikzeitung","og_description":"Der Schweizer Musikrat nimmt mutmassliche Pl\u00e4ne der SRG zum Verzicht auf die Kultursender mit grosser Sorge zur Kenntnis.","og_url":"https:\/\/www.musikzeitung.ch\/it\/news\/2026\/04\/musikrat-besorgt-um-kulturradio\/","og_site_name":"Schweizer Musikzeitung","article_publisher":"https:\/\/www.facebook.com\/SchweizerMusikzeitung\/","article_author":"https:\/\/www.facebook.com\/wolfgang.bohler.75","article_published_time":"2026-04-30T04:13:06+00:00","article_modified_time":"2026-04-30T06:18:52+00:00","og_image":[{"width":1024,"height":683,"url":"https:\/\/www.musikzeitung.ch\/wp-content\/uploads\/2023\/08\/230810srg.jpg","type":"image\/jpeg"}],"author":"Wolfgang B\u00f6hler","twitter_card":"summary_large_image","twitter_creator":"@smusikzeitung","twitter_site":"@smusikzeitung","twitter_misc":{"Scritto da":"Wolfgang B\u00f6hler","Tempo di lettura stimato":"2 minuti"},"schema":{"@context":"https:\/\/schema.org","@graph":[{"@type":"Article","@id":"https:\/\/www.musikzeitung.ch\/news\/2026\/04\/musikrat-besorgt-um-kulturradio#article","isPartOf":{"@id":"https:\/\/www.musikzeitung.ch\/news\/2026\/04\/musikrat-besorgt-um-kulturradio"},"author":{"name":"Wolfgang B\u00f6hler","@id":"https:\/\/www.musikzeitung.ch\/#\/schema\/person\/0da4fb82d243f1252850a35d0e87cf0c"},"headline":"Musikrat besorgt um Kulturradio","datePublished":"2026-04-30T04:13:06+00:00","dateModified":"2026-04-30T06:18:52+00:00","mainEntityOfPage":{"@id":"https:\/\/www.musikzeitung.ch\/news\/2026\/04\/musikrat-besorgt-um-kulturradio"},"wordCount":217,"publisher":{"@id":"https:\/\/www.musikzeitung.ch\/#organization"},"image":{"@id":"https:\/\/www.musikzeitung.ch\/news\/2026\/04\/musikrat-besorgt-um-kulturradio#primaryimage"},"thumbnailUrl":"https:\/\/www.musikzeitung.ch\/wp-content\/uploads\/2023\/08\/230810srg.jpg","keywords":["Halbierungsinitiative","Kulturradio","Schweizer Musikrat","SRG"],"articleSection":["News"],"inLanguage":"it-IT"},{"@type":"WebPage","@id":"https:\/\/www.musikzeitung.ch\/news\/2026\/04\/musikrat-besorgt-um-kulturradio","url":"https:\/\/www.musikzeitung.ch\/news\/2026\/04\/musikrat-besorgt-um-kulturradio","name":"Il Consiglio della musica \u00e8 preoccupato per la radio culturale - Schweizer Musikzeitung","isPartOf":{"@id":"https:\/\/www.musikzeitung.ch\/#website"},"primaryImageOfPage":{"@id":"https:\/\/www.musikzeitung.ch\/news\/2026\/04\/musikrat-besorgt-um-kulturradio#primaryimage"},"image":{"@id":"https:\/\/www.musikzeitung.ch\/news\/2026\/04\/musikrat-besorgt-um-kulturradio#primaryimage"},"thumbnailUrl":"https:\/\/www.musikzeitung.ch\/wp-content\/uploads\/2023\/08\/230810srg.jpg","datePublished":"2026-04-30T04:13:06+00:00","dateModified":"2026-04-30T06:18:52+00:00","description":"Der Schweizer Musikrat nimmt mutmassliche Pl\u00e4ne der SRG zum Verzicht auf die Kultursender mit grosser Sorge zur Kenntnis.","breadcrumb":{"@id":"https:\/\/www.musikzeitung.ch\/news\/2026\/04\/musikrat-besorgt-um-kulturradio#breadcrumb"},"inLanguage":"it-IT","potentialAction":[{"@type":"ReadAction","target":["https:\/\/www.musikzeitung.ch\/news\/2026\/04\/musikrat-besorgt-um-kulturradio"]}]},{"@type":"ImageObject","inLanguage":"it-IT","@id":"https:\/\/www.musikzeitung.ch\/news\/2026\/04\/musikrat-besorgt-um-kulturradio#primaryimage","url":"https:\/\/www.musikzeitung.ch\/wp-content\/uploads\/2023\/08\/230810srg.jpg","contentUrl":"https:\/\/www.musikzeitung.ch\/wp-content\/uploads\/2023\/08\/230810srg.jpg","width":1024,"height":683,"caption":"SRG-Hauptsitz Leutschenbach (Bild: zVg)"},{"@type":"BreadcrumbList","@id":"https:\/\/www.musikzeitung.ch\/news\/2026\/04\/musikrat-besorgt-um-kulturradio#breadcrumb","itemListElement":[{"@type":"ListItem","position":1,"name":"Home","item":"https:\/\/www.musikzeitung.ch\/"},{"@type":"ListItem","position":2,"name":"Musikrat besorgt um Kulturradio"}]},{"@type":"WebSite","@id":"https:\/\/www.musikzeitung.ch\/#website","url":"https:\/\/www.musikzeitung.ch\/","name":"Giornale musicale svizzero","description":"Il principale mensile interdisciplinare della Svizzera per le questioni musicali.","publisher":{"@id":"https:\/\/www.musikzeitung.ch\/#organization"},"potentialAction":[{"@type":"SearchAction","target":{"@type":"EntryPoint","urlTemplate":"https:\/\/www.musikzeitung.ch\/?s={search_term_string}"},"query-input":{"@type":"PropertyValueSpecification","valueRequired":true,"valueName":"search_term_string"}}],"inLanguage":"it-IT"},{"@type":"Organization","@id":"https:\/\/www.musikzeitung.ch\/#organization","name":"Giornale musicale svizzero","url":"https:\/\/www.musikzeitung.ch\/","logo":{"@type":"ImageObject","inLanguage":"it-IT","@id":"https:\/\/www.musikzeitung.ch\/#\/schema\/logo\/image\/","url":"https:\/\/www.musikzeitung.ch\/wp-content\/uploads\/2023\/01\/SMZ_Schriftzug_Sprache.png","contentUrl":"https:\/\/www.musikzeitung.ch\/wp-content\/uploads\/2023\/01\/SMZ_Schriftzug_Sprache.png","width":1400,"height":279,"caption":"Schweizer Musikzeitung"},"image":{"@id":"https:\/\/www.musikzeitung.ch\/#\/schema\/logo\/image\/"},"sameAs":["https:\/\/www.facebook.com\/SchweizerMusikzeitung\/","https:\/\/x.com\/smusikzeitung","https:\/\/www.instagram.com\/musikzeitung.ch\/"]},{"@type":"Person","@id":"https:\/\/www.musikzeitung.ch\/#\/schema\/person\/0da4fb82d243f1252850a35d0e87cf0c","name":"Wolfgang B\u00f6hler","image":{"@type":"ImageObject","inLanguage":"it-IT","@id":"https:\/\/www.musikzeitung.ch\/wp-content\/uploads\/2023\/01\/boehler_portraet_web-e1674139782246-96x96.jpg","url":"https:\/\/www.musikzeitung.ch\/wp-content\/uploads\/2023\/01\/boehler_portraet_web-e1674139782246-96x96.jpg","contentUrl":"https:\/\/www.musikzeitung.ch\/wp-content\/uploads\/2023\/01\/boehler_portraet_web-e1674139782246-96x96.jpg","caption":"Wolfgang B\u00f6hler"},"sameAs":["http:\/\/www.manacanto.ch","https:\/\/www.facebook.com\/wolfgang.bohler.75"],"url":"https:\/\/www.musikzeitung.ch\/it\/author\/wolfgang-boehler"}]}},"publishpress_future_workflow_manual_trigger":{"enabledWorkflows":[]},"_links":{"self":[{"href":"https:\/\/www.musikzeitung.ch\/it\/wp-json\/wp\/v2\/posts\/72931","targetHints":{"allow":["GET"]}}],"collection":[{"href":"https:\/\/www.musikzeitung.ch\/it\/wp-json\/wp\/v2\/posts"}],"about":[{"href":"https:\/\/www.musikzeitung.ch\/it\/wp-json\/wp\/v2\/types\/post"}],"author":[{"embeddable":true,"href":"https:\/\/www.musikzeitung.ch\/it\/wp-json\/wp\/v2\/users\/30"}],"replies":[{"embeddable":true,"href":"https:\/\/www.musikzeitung.ch\/it\/wp-json\/wp\/v2\/comments?post=72931"}],"version-history":[{"count":2,"href":"https:\/\/www.musikzeitung.ch\/it\/wp-json\/wp\/v2\/posts\/72931\/revisions"}],"predecessor-version":[{"id":72933,"href":"https:\/\/www.musikzeitung.ch\/it\/wp-json\/wp\/v2\/posts\/72931\/revisions\/72933"}],"wp:featuredmedia":[{"embeddable":true,"href":"https:\/\/www.musikzeitung.ch\/it\/wp-json\/wp\/v2\/media\/46499"}],"wp:attachment":[{"href":"https:\/\/www.musikzeitung.ch\/it\/wp-json\/wp\/v2\/media?parent=72931"}],"wp:term":[{"taxonomy":"category","embeddable":true,"href":"https:\/\/www.musikzeitung.ch\/it\/wp-json\/wp\/v2\/categories?post=72931"},{"taxonomy":"post_tag","embeddable":true,"href":"https:\/\/www.musikzeitung.ch\/it\/wp-json\/wp\/v2\/tags?post=72931"}],"curies":[{"name":"wp","href":"https:\/\/api.w.org\/{rel}","templated":true}]}}