{"id":72934,"date":"2026-04-30T06:00:26","date_gmt":"2026-04-30T04:00:26","guid":{"rendered":"https:\/\/www.musikzeitung.ch\/?p=72934"},"modified":"2026-04-30T10:25:14","modified_gmt":"2026-04-30T08:25:14","slug":"akustika-nuernberg-2026-europas-musikmesse-waechst","status":"publish","type":"post","link":"https:\/\/www.musikzeitung.ch\/it\/service\/2026\/04\/akustika-nuernberg-2026-europas-musikmesse-waechst","title":{"rendered":"akustika Norimberga 2026: La fiera della musica in Europa cresce"},"content":{"rendered":"<figure id=\"attachment_72935\" aria-describedby=\"caption-attachment-72935\" style=\"width: 2362px\" class=\"wp-caption aligncenter\"><img loading=\"lazy\" decoding=\"async\" class=\"size-full wp-image-72935\" src=\"https:\/\/www.musikzeitung.ch\/wp-content\/uploads\/2026\/04\/03_Echo_news_akustika_3.jpg\" alt=\"\" width=\"2362\" height=\"1420\" srcset=\"https:\/\/www.musikzeitung.ch\/wp-content\/uploads\/2026\/04\/03_Echo_news_akustika_3.jpg 1400w, https:\/\/www.musikzeitung.ch\/wp-content\/uploads\/2026\/04\/03_Echo_news_akustika_3-300x180.jpg 300w, https:\/\/www.musikzeitung.ch\/wp-content\/uploads\/2026\/04\/03_Echo_news_akustika_3-1024x616.jpg 1024w, https:\/\/www.musikzeitung.ch\/wp-content\/uploads\/2026\/04\/03_Echo_news_akustika_3-768x462.jpg 768w, https:\/\/www.musikzeitung.ch\/wp-content\/uploads\/2026\/04\/03_Echo_news_akustika_3-1536x923.jpg 1536w, https:\/\/www.musikzeitung.ch\/wp-content\/uploads\/2026\/04\/03_Echo_news_akustika_3-2048x1231.jpg 2048w, https:\/\/www.musikzeitung.ch\/wp-content\/uploads\/2026\/04\/03_Echo_news_akustika_3-18x12.jpg 18w, https:\/\/www.musikzeitung.ch\/wp-content\/uploads\/2026\/04\/03_Echo_news_akustika_3-291x175.jpg 291w, https:\/\/www.musikzeitung.ch\/wp-content\/uploads\/2026\/04\/03_Echo_news_akustika_3-582x350.jpg 582w, https:\/\/www.musikzeitung.ch\/wp-content\/uploads\/2026\/04\/03_Echo_news_akustika_3-1331x800.jpg 1331w, https:\/\/www.musikzeitung.ch\/wp-content\/uploads\/2026\/04\/03_Echo_news_akustika_3-920x553.jpg 920w\" sizes=\"auto, (max-width: 2362px) 100vw, 2362px\" \/><figcaption id=\"caption-attachment-72935\" class=\"wp-caption-text\">akustika Norimberga 2026 - tutte le foto: Daniel Karmann<\/figcaption><\/figure>\n<p>Circa 11.500 visitatori da 49 Paesi e 273 espositori da 25 nazioni: le cifre principali di akustika 2026 parlano da sole. La fiera, organizzata da Arbeitsgemeinschaft f\u00fcr Messen und Ausstellungen GmbH (AFAG), fondata nel 1947, si \u00e8 sviluppata costantemente dalla sua prima edizione del 2023 ed \u00e8 oggi considerata la piattaforma pi\u00f9 importante per il commercio di strumenti nei Paesi di lingua tedesca. Per la prima volta, akustika ha occupato il padiglione 7A oltre all'NCC Ost, il pi\u00f9 grande dei tre Centri Congressi (NCC) del Centro Esposizioni di Norimberga, dove gli editori musicali e gli strumenti a corda e a pizzico hanno ottenuto un'area propria - e il nuovo spazio \u00e8 stato accolto molto bene dai visitatori.<\/p>\n<p><img loading=\"lazy\" decoding=\"async\" class=\"size-trpcustomlanguageflag wp-image-72937\" src=\"https:\/\/www.musikzeitung.ch\/wp-content\/uploads\/2026\/04\/03_Echo_news_akustika_2.jpg\" alt=\"\" width=\"2362\" height=\"1575\" srcset=\"https:\/\/www.musikzeitung.ch\/wp-content\/uploads\/2026\/04\/03_Echo_news_akustika_2.jpg 1400w, https:\/\/www.musikzeitung.ch\/wp-content\/uploads\/2026\/04\/03_Echo_news_akustika_2-300x200.jpg 300w, https:\/\/www.musikzeitung.ch\/wp-content\/uploads\/2026\/04\/03_Echo_news_akustika_2-1024x683.jpg 1024w, https:\/\/www.musikzeitung.ch\/wp-content\/uploads\/2026\/04\/03_Echo_news_akustika_2-600x400.jpg 600w, https:\/\/www.musikzeitung.ch\/wp-content\/uploads\/2026\/04\/03_Echo_news_akustika_2-768x512.jpg 768w, https:\/\/www.musikzeitung.ch\/wp-content\/uploads\/2026\/04\/03_Echo_news_akustika_2-1536x1024.jpg 1536w, https:\/\/www.musikzeitung.ch\/wp-content\/uploads\/2026\/04\/03_Echo_news_akustika_2-2048x1366.jpg 2048w, https:\/\/www.musikzeitung.ch\/wp-content\/uploads\/2026\/04\/03_Echo_news_akustika_2-18x12.jpg 18w, https:\/\/www.musikzeitung.ch\/wp-content\/uploads\/2026\/04\/03_Echo_news_akustika_2-262x175.jpg 262w, https:\/\/www.musikzeitung.ch\/wp-content\/uploads\/2026\/04\/03_Echo_news_akustika_2-525x350.jpg 525w, https:\/\/www.musikzeitung.ch\/wp-content\/uploads\/2026\/04\/03_Echo_news_akustika_2-1200x800.jpg 1200w, https:\/\/www.musikzeitung.ch\/wp-content\/uploads\/2026\/04\/03_Echo_news_akustika_2-920x613.jpg 920w\" sizes=\"auto, (max-width: 2362px) 100vw, 2362px\" \/><\/p>\n<h3><strong>Perch\u00e9 l'Europa ha bisogno di una fiera come questa<\/strong><\/h3>\n<p>Diversi espositori hanno riassunto la questione in poche parole: in Europa \u00e8 mancata finora una fiera musicale internazionale indipendente con un vero appeal. Dopo l'ultima Musikmesse di Francoforte, svoltasi nel 2019, \u00e8 stata cancellata nel 2020 a causa della pandemia di coronavirus e non \u00e8 pi\u00f9 stata ripresa a causa delle condizioni di mercato. \u00abAl momento esiste solo negli Stati Uniti e in Cina\u00bb, ha dichiarato Simon G\u00f6tz di C.A. G\u00f6tz jr. GmbH, un'azienda di lunga data di violini e accessori per strumenti a corda di Markneukirchen. \u00abIn Europa abbiamo perso questa realt\u00e0 - e spero che la ritroveremo a Norimberga tra cinque anni\u00bb.\u00bb<\/p>\n<p>Questa constatazione spiega perch\u00e9 akustika \u00e8 pi\u00f9 di una semplice fiera regionale. Riunisce sotto lo stesso tetto costruttori di strumenti, editori musicali, commercianti, insegnanti e musicisti - una combinazione che difficilmente esiste altrove. Hans-Peter Strohh\u00e4cker di Yamaha Music Europe ha parlato di akustika come del futuro \u00abluogo di incontro dell'industria europea\u00bb, che mira a riunire diverse associazioni, club e culture musicali.<\/p>\n<p><img loading=\"lazy\" decoding=\"async\" class=\"size-full wp-image-72938\" src=\"https:\/\/www.musikzeitung.ch\/wp-content\/uploads\/2026\/04\/03_Echo_news_akustika_5.jpg\" alt=\"\" width=\"2362\" height=\"1654\" srcset=\"https:\/\/www.musikzeitung.ch\/wp-content\/uploads\/2026\/04\/03_Echo_news_akustika_5.jpg 1400w, https:\/\/www.musikzeitung.ch\/wp-content\/uploads\/2026\/04\/03_Echo_news_akustika_5-300x210.jpg 300w, https:\/\/www.musikzeitung.ch\/wp-content\/uploads\/2026\/04\/03_Echo_news_akustika_5-1024x717.jpg 1024w, https:\/\/www.musikzeitung.ch\/wp-content\/uploads\/2026\/04\/03_Echo_news_akustika_5-768x538.jpg 768w, https:\/\/www.musikzeitung.ch\/wp-content\/uploads\/2026\/04\/03_Echo_news_akustika_5-1536x1076.jpg 1536w, https:\/\/www.musikzeitung.ch\/wp-content\/uploads\/2026\/04\/03_Echo_news_akustika_5-2048x1434.jpg 2048w, https:\/\/www.musikzeitung.ch\/wp-content\/uploads\/2026\/04\/03_Echo_news_akustika_5-18x12.jpg 18w, https:\/\/www.musikzeitung.ch\/wp-content\/uploads\/2026\/04\/03_Echo_news_akustika_5-250x175.jpg 250w, https:\/\/www.musikzeitung.ch\/wp-content\/uploads\/2026\/04\/03_Echo_news_akustika_5-500x350.jpg 500w, https:\/\/www.musikzeitung.ch\/wp-content\/uploads\/2026\/04\/03_Echo_news_akustika_5-1142x800.jpg 1142w, https:\/\/www.musikzeitung.ch\/wp-content\/uploads\/2026\/04\/03_Echo_news_akustika_5-920x644.jpg 920w\" sizes=\"auto, (max-width: 2362px) 100vw, 2362px\" \/><\/p>\n<p>Anna Petrof Pruskova, del produttore ceco di pianoforti Petrof, ha inoltre sottolineato che attualmente Akustika \u00e8 l'unica fiera con una presenza internazionale in Europa ancora attiva, e che quindi colma un vuoto che si \u00e8 creato altrove.<\/p>\n<h3><strong>Artigianato, concerti e networking come marchi di fabbrica<\/strong><\/h3>\n<p>akustika \u00e8 un evento vivace: 80 concerti, 10 ritratti di compositori e 50 workshop, seminari e conferenze si sono svolti su sei palchi. La fisarmonica, dichiarata strumento dell'anno 2026 dai consigli musicali statali tedeschi, \u00e8 stata al centro della scena: si \u00e8 esibita l'Orchestra di fisarmoniche di Norimberga, campione del mondo in carica. Per gli organizzatori, questo programma di concerti \u00e8 una strategia deliberata: la fiera deve essere un'esperienza tangibile ed emotiva, non solo una vetrina di prodotti.<\/p>\n<p><img loading=\"lazy\" decoding=\"async\" class=\"size-full wp-image-72939\" src=\"https:\/\/www.musikzeitung.ch\/wp-content\/uploads\/2026\/04\/03_Echo_news_akustika_4.jpg\" alt=\"\" width=\"2362\" height=\"1575\" srcset=\"https:\/\/www.musikzeitung.ch\/wp-content\/uploads\/2026\/04\/03_Echo_news_akustika_4.jpg 1400w, https:\/\/www.musikzeitung.ch\/wp-content\/uploads\/2026\/04\/03_Echo_news_akustika_4-300x200.jpg 300w, https:\/\/www.musikzeitung.ch\/wp-content\/uploads\/2026\/04\/03_Echo_news_akustika_4-1024x683.jpg 1024w, https:\/\/www.musikzeitung.ch\/wp-content\/uploads\/2026\/04\/03_Echo_news_akustika_4-600x400.jpg 600w, https:\/\/www.musikzeitung.ch\/wp-content\/uploads\/2026\/04\/03_Echo_news_akustika_4-768x512.jpg 768w, https:\/\/www.musikzeitung.ch\/wp-content\/uploads\/2026\/04\/03_Echo_news_akustika_4-1536x1024.jpg 1536w, https:\/\/www.musikzeitung.ch\/wp-content\/uploads\/2026\/04\/03_Echo_news_akustika_4-2048x1366.jpg 2048w, https:\/\/www.musikzeitung.ch\/wp-content\/uploads\/2026\/04\/03_Echo_news_akustika_4-18x12.jpg 18w, https:\/\/www.musikzeitung.ch\/wp-content\/uploads\/2026\/04\/03_Echo_news_akustika_4-262x175.jpg 262w, https:\/\/www.musikzeitung.ch\/wp-content\/uploads\/2026\/04\/03_Echo_news_akustika_4-525x350.jpg 525w, https:\/\/www.musikzeitung.ch\/wp-content\/uploads\/2026\/04\/03_Echo_news_akustika_4-1200x800.jpg 1200w, https:\/\/www.musikzeitung.ch\/wp-content\/uploads\/2026\/04\/03_Echo_news_akustika_4-920x613.jpg 920w\" sizes=\"auto, (max-width: 2362px) 100vw, 2362px\" \/><\/p>\n<p>\u00abSoprattutto nei tempi attuali, la musica \u00e8 una delle poche cose che unisce le persone al di l\u00e0 delle frontiere - e questo pu\u00f2 essere sperimentato ovunque ad akustika\u00bb, sono convinti i direttori generali di AFAG Henning e Thilo K\u00f6nicke.<\/p>\n<h3><strong>Partecipazione e prospettive della Svizzera<\/strong><\/h3>\n<p>Anche gli espositori svizzeri erano presenti ad akustika 2026, ad esempio daCarbo AG di Lachen, Jancic AG di Villmergen, Servette Music SA di Ginevra e Swiss Wood Solutions AG Sonowood di Altdorf. Per il 2027 gli organizzatori hanno due obiettivi chiari: rafforzare il settore B2B con un maggior numero di rivenditori di musica specializzati e ampliare ulteriormente la portata internazionale. Altre aziende straniere si sono gi\u00e0 iscritte per partecipare in futuro. La prossima edizione di akustika si terr\u00e0 dal 9 all'11 aprile 2027 presso la Messe N\u00fcrnberg.<\/p>\n<p><a href=\"https:\/\/www.akustika-nuernberg.de\/\" target=\"_blank\" rel=\"noopener\"><em>www.akustika-nuernberg.de<\/em><\/a><\/p>","protected":false},"excerpt":{"rendered":"<p>Pi\u00f9 espositori, pi\u00f9 visitatori, pi\u00f9 Paesi: akustika Norimberga ha concluso la sua quarta edizione dal 24 al 26 aprile 2026 con un bilancio positivo. Dietro le cifre si nasconde un'ambizione pi\u00f9 grande: la fiera vuole diventare la principale fiera europea della musica. <\/p>","protected":false},"author":23,"featured_media":72936,"comment_status":"closed","ping_status":"closed","sticky":false,"template":"","format":"standard","meta":{"_acf_changed":false,"_relevanssi_hide_post":"","_relevanssi_hide_content":"","_relevanssi_pin_for_all":"","_relevanssi_pin_keywords":"","_relevanssi_unpin_keywords":"","_relevanssi_related_keywords":"","_relevanssi_related_include_ids":"","_relevanssi_related_exclude_ids":"","_relevanssi_related_no_append":"","_relevanssi_related_not_related":"","_relevanssi_related_posts":"","_relevanssi_noindex_reason":"","pgc_sgb_lightbox_settings":"","footnotes":""},"categories":[5623,30],"tags":[5624,5625,4373,5626],"class_list":["post-72934","post","type-post","status-publish","format-standard","has-post-thumbnail","hentry","category-musikmesse","category-service","tag-akustika","tag-musikmesse","tag-musikmesse-frankfurt","tag-nuernberg"],"acf":[],"yoast_head":"<!-- This site is optimized with the Yoast SEO plugin v27.5 - https:\/\/yoast.com\/product\/yoast-seo-wordpress\/ -->\n<title>akustika N\u00fcrnberg 2026: Europas Musikmesse w\u00e4chst - Schweizer Musikzeitung<\/title>\n<meta name=\"description\" content=\"Die akustika N\u00fcrnberg hat ihre vierte Ausgabe mit einer positiven Bilanz abgeschlossen. Die Messe will zur europ\u00e4ischen Leitmesse f\u00fcr Musik werden.\" \/>\n<meta name=\"robots\" content=\"index, follow, max-snippet:-1, max-image-preview:large, max-video-preview:-1\" \/>\n<link rel=\"canonical\" href=\"https:\/\/www.musikzeitung.ch\/it\/service\/2026\/04\/akustika-nuernberg-2026-europas-musikmesse-waechst\/\" \/>\n<meta property=\"og:locale\" content=\"it_IT\" \/>\n<meta property=\"og:type\" content=\"article\" \/>\n<meta property=\"og:title\" content=\"akustika N\u00fcrnberg 2026: Europas Musikmesse w\u00e4chst - Schweizer Musikzeitung\" \/>\n<meta property=\"og:description\" content=\"Die akustika N\u00fcrnberg hat ihre vierte Ausgabe mit einer positiven Bilanz abgeschlossen. Die Messe will zur europ\u00e4ischen Leitmesse f\u00fcr Musik werden.\" \/>\n<meta property=\"og:url\" content=\"https:\/\/www.musikzeitung.ch\/it\/service\/2026\/04\/akustika-nuernberg-2026-europas-musikmesse-waechst\/\" \/>\n<meta property=\"og:site_name\" content=\"Schweizer Musikzeitung\" \/>\n<meta property=\"article:publisher\" content=\"https:\/\/www.facebook.com\/SchweizerMusikzeitung\/\" \/>\n<meta property=\"article:published_time\" content=\"2026-04-30T04:00:26+00:00\" \/>\n<meta property=\"article:modified_time\" content=\"2026-04-30T08:25:14+00:00\" \/>\n<meta property=\"og:image\" content=\"https:\/\/www.musikzeitung.ch\/wp-content\/uploads\/2026\/04\/03_Echo_news_akustika_1.jpg\" \/>\n\t<meta property=\"og:image:width\" content=\"1400\" \/>\n\t<meta property=\"og:image:height\" content=\"934\" \/>\n\t<meta property=\"og:image:type\" content=\"image\/jpeg\" \/>\n<meta name=\"author\" content=\"Katrin Spelinova\" \/>\n<meta name=\"twitter:card\" content=\"summary_large_image\" \/>\n<meta name=\"twitter:creator\" content=\"@testredaktor\" \/>\n<meta name=\"twitter:site\" content=\"@smusikzeitung\" \/>\n<meta name=\"twitter:label1\" content=\"Scritto da\" \/>\n\t<meta name=\"twitter:data1\" content=\"Katrin Spelinova\" \/>\n\t<meta name=\"twitter:label2\" content=\"Tempo di lettura stimato\" \/>\n\t<meta name=\"twitter:data2\" content=\"4 minuti\" \/>\n<script type=\"application\/ld+json\" class=\"yoast-schema-graph\">{\"@context\":\"https:\\\/\\\/schema.org\",\"@graph\":[{\"@type\":\"Article\",\"@id\":\"https:\\\/\\\/www.musikzeitung.ch\\\/service\\\/2026\\\/04\\\/akustika-nuernberg-2026-europas-musikmesse-waechst#article\",\"isPartOf\":{\"@id\":\"https:\\\/\\\/www.musikzeitung.ch\\\/service\\\/2026\\\/04\\\/akustika-nuernberg-2026-europas-musikmesse-waechst\"},\"author\":{\"name\":\"Katrin Spelinova\",\"@id\":\"https:\\\/\\\/www.musikzeitung.ch\\\/#\\\/schema\\\/person\\\/dce7e5b820812d9af4db2f787d1bec92\"},\"headline\":\"akustika N\u00fcrnberg 2026: Europas Musikmesse w\u00e4chst\",\"datePublished\":\"2026-04-30T04:00:26+00:00\",\"dateModified\":\"2026-04-30T08:25:14+00:00\",\"mainEntityOfPage\":{\"@id\":\"https:\\\/\\\/www.musikzeitung.ch\\\/service\\\/2026\\\/04\\\/akustika-nuernberg-2026-europas-musikmesse-waechst\"},\"wordCount\":528,\"publisher\":{\"@id\":\"https:\\\/\\\/www.musikzeitung.ch\\\/#organization\"},\"image\":{\"@id\":\"https:\\\/\\\/www.musikzeitung.ch\\\/service\\\/2026\\\/04\\\/akustika-nuernberg-2026-europas-musikmesse-waechst#primaryimage\"},\"thumbnailUrl\":\"https:\\\/\\\/www.musikzeitung.ch\\\/wp-content\\\/uploads\\\/2026\\\/04\\\/03_Echo_news_akustika_1.jpg\",\"keywords\":[\"akustika\",\"Musikmesse\",\"Musikmesse Frankfurt\",\"N\u00fcrnberg\"],\"articleSection\":[\"Musikmesse\",\"Service\"],\"inLanguage\":\"it-IT\"},{\"@type\":\"WebPage\",\"@id\":\"https:\\\/\\\/www.musikzeitung.ch\\\/service\\\/2026\\\/04\\\/akustika-nuernberg-2026-europas-musikmesse-waechst\",\"url\":\"https:\\\/\\\/www.musikzeitung.ch\\\/service\\\/2026\\\/04\\\/akustika-nuernberg-2026-europas-musikmesse-waechst\",\"name\":\"akustika N\u00fcrnberg 2026: Europas Musikmesse w\u00e4chst - Schweizer Musikzeitung\",\"isPartOf\":{\"@id\":\"https:\\\/\\\/www.musikzeitung.ch\\\/#website\"},\"primaryImageOfPage\":{\"@id\":\"https:\\\/\\\/www.musikzeitung.ch\\\/service\\\/2026\\\/04\\\/akustika-nuernberg-2026-europas-musikmesse-waechst#primaryimage\"},\"image\":{\"@id\":\"https:\\\/\\\/www.musikzeitung.ch\\\/service\\\/2026\\\/04\\\/akustika-nuernberg-2026-europas-musikmesse-waechst#primaryimage\"},\"thumbnailUrl\":\"https:\\\/\\\/www.musikzeitung.ch\\\/wp-content\\\/uploads\\\/2026\\\/04\\\/03_Echo_news_akustika_1.jpg\",\"datePublished\":\"2026-04-30T04:00:26+00:00\",\"dateModified\":\"2026-04-30T08:25:14+00:00\",\"description\":\"Die akustika N\u00fcrnberg hat ihre vierte Ausgabe mit einer positiven Bilanz abgeschlossen. Die Messe will zur europ\u00e4ischen Leitmesse f\u00fcr Musik werden.\",\"breadcrumb\":{\"@id\":\"https:\\\/\\\/www.musikzeitung.ch\\\/service\\\/2026\\\/04\\\/akustika-nuernberg-2026-europas-musikmesse-waechst#breadcrumb\"},\"inLanguage\":\"it-IT\",\"potentialAction\":[{\"@type\":\"ReadAction\",\"target\":[\"https:\\\/\\\/www.musikzeitung.ch\\\/service\\\/2026\\\/04\\\/akustika-nuernberg-2026-europas-musikmesse-waechst\"]}]},{\"@type\":\"ImageObject\",\"inLanguage\":\"it-IT\",\"@id\":\"https:\\\/\\\/www.musikzeitung.ch\\\/service\\\/2026\\\/04\\\/akustika-nuernberg-2026-europas-musikmesse-waechst#primaryimage\",\"url\":\"https:\\\/\\\/www.musikzeitung.ch\\\/wp-content\\\/uploads\\\/2026\\\/04\\\/03_Echo_news_akustika_1.jpg\",\"contentUrl\":\"https:\\\/\\\/www.musikzeitung.ch\\\/wp-content\\\/uploads\\\/2026\\\/04\\\/03_Echo_news_akustika_1.jpg\",\"width\":1400,\"height\":934,\"caption\":\"akustika N\u00fcrnberg 2026\"},{\"@type\":\"BreadcrumbList\",\"@id\":\"https:\\\/\\\/www.musikzeitung.ch\\\/service\\\/2026\\\/04\\\/akustika-nuernberg-2026-europas-musikmesse-waechst#breadcrumb\",\"itemListElement\":[{\"@type\":\"ListItem\",\"position\":1,\"name\":\"Home\",\"item\":\"https:\\\/\\\/www.musikzeitung.ch\\\/\"},{\"@type\":\"ListItem\",\"position\":2,\"name\":\"akustika N\u00fcrnberg 2026: Europas Musikmesse w\u00e4chst\"}]},{\"@type\":\"WebSite\",\"@id\":\"https:\\\/\\\/www.musikzeitung.ch\\\/#website\",\"url\":\"https:\\\/\\\/www.musikzeitung.ch\\\/\",\"name\":\"Schweizer Musikzeitung\",\"description\":\"Die f\u00fchrende sparten\u00fcbergreifende Monatszeitung in der Schweiz f\u00fcr musikalische Fragen.\",\"publisher\":{\"@id\":\"https:\\\/\\\/www.musikzeitung.ch\\\/#organization\"},\"potentialAction\":[{\"@type\":\"SearchAction\",\"target\":{\"@type\":\"EntryPoint\",\"urlTemplate\":\"https:\\\/\\\/www.musikzeitung.ch\\\/?s={search_term_string}\"},\"query-input\":{\"@type\":\"PropertyValueSpecification\",\"valueRequired\":true,\"valueName\":\"search_term_string\"}}],\"inLanguage\":\"it-IT\"},{\"@type\":\"Organization\",\"@id\":\"https:\\\/\\\/www.musikzeitung.ch\\\/#organization\",\"name\":\"Schweizer Musikzeitung\",\"url\":\"https:\\\/\\\/www.musikzeitung.ch\\\/\",\"logo\":{\"@type\":\"ImageObject\",\"inLanguage\":\"it-IT\",\"@id\":\"https:\\\/\\\/www.musikzeitung.ch\\\/#\\\/schema\\\/logo\\\/image\\\/\",\"url\":\"https:\\\/\\\/www.musikzeitung.ch\\\/wp-content\\\/uploads\\\/2023\\\/01\\\/SMZ_Schriftzug_Sprache.png\",\"contentUrl\":\"https:\\\/\\\/www.musikzeitung.ch\\\/wp-content\\\/uploads\\\/2023\\\/01\\\/SMZ_Schriftzug_Sprache.png\",\"width\":1400,\"height\":279,\"caption\":\"Schweizer Musikzeitung\"},\"image\":{\"@id\":\"https:\\\/\\\/www.musikzeitung.ch\\\/#\\\/schema\\\/logo\\\/image\\\/\"},\"sameAs\":[\"https:\\\/\\\/www.facebook.com\\\/SchweizerMusikzeitung\\\/\",\"https:\\\/\\\/x.com\\\/smusikzeitung\",\"https:\\\/\\\/www.instagram.com\\\/musikzeitung.ch\\\/\"]},{\"@type\":\"Person\",\"@id\":\"https:\\\/\\\/www.musikzeitung.ch\\\/#\\\/schema\\\/person\\\/dce7e5b820812d9af4db2f787d1bec92\",\"name\":\"Katrin Spelinova\",\"image\":{\"@type\":\"ImageObject\",\"inLanguage\":\"it-IT\",\"@id\":\"https:\\\/\\\/secure.gravatar.com\\\/avatar\\\/2a2c2956e074ebca9bf65620496cd2e317d90b8c76450e9dd04d7cebf95eeada?s=96&d=mm&r=g\",\"url\":\"https:\\\/\\\/secure.gravatar.com\\\/avatar\\\/2a2c2956e074ebca9bf65620496cd2e317d90b8c76450e9dd04d7cebf95eeada?s=96&d=mm&r=g\",\"contentUrl\":\"https:\\\/\\\/secure.gravatar.com\\\/avatar\\\/2a2c2956e074ebca9bf65620496cd2e317d90b8c76450e9dd04d7cebf95eeada?s=96&d=mm&r=g\",\"caption\":\"Katrin Spelinova\"},\"sameAs\":[\"https:\\\/\\\/x.com\\\/testredaktor\"],\"url\":\"https:\\\/\\\/www.musikzeitung.ch\\\/it\\\/author\\\/spelkat\"}]}<\/script>\n<!-- \/ Yoast SEO plugin. -->","yoast_head_json":{"title":"akustika Norimberga 2026: La fiera musicale europea cresce - Schweizer Musikzeitung","description":"akustika Norimberga ha concluso la sua quarta edizione con risultati positivi. La fiera mira a diventare la principale fiera europea della musica.","robots":{"index":"index","follow":"follow","max-snippet":"max-snippet:-1","max-image-preview":"max-image-preview:large","max-video-preview":"max-video-preview:-1"},"canonical":"https:\/\/www.musikzeitung.ch\/it\/service\/2026\/04\/akustika-nuernberg-2026-europas-musikmesse-waechst\/","og_locale":"it_IT","og_type":"article","og_title":"akustika N\u00fcrnberg 2026: Europas Musikmesse w\u00e4chst - Schweizer Musikzeitung","og_description":"Die akustika N\u00fcrnberg hat ihre vierte Ausgabe mit einer positiven Bilanz abgeschlossen. Die Messe will zur europ\u00e4ischen Leitmesse f\u00fcr Musik werden.","og_url":"https:\/\/www.musikzeitung.ch\/it\/service\/2026\/04\/akustika-nuernberg-2026-europas-musikmesse-waechst\/","og_site_name":"Schweizer Musikzeitung","article_publisher":"https:\/\/www.facebook.com\/SchweizerMusikzeitung\/","article_published_time":"2026-04-30T04:00:26+00:00","article_modified_time":"2026-04-30T08:25:14+00:00","og_image":[{"width":1400,"height":934,"url":"https:\/\/www.musikzeitung.ch\/wp-content\/uploads\/2026\/04\/03_Echo_news_akustika_1.jpg","type":"image\/jpeg"}],"author":"Katrin Spelinova","twitter_card":"summary_large_image","twitter_creator":"@testredaktor","twitter_site":"@smusikzeitung","twitter_misc":{"Scritto da":"Katrin Spelinova","Tempo di lettura stimato":"4 minuti"},"schema":{"@context":"https:\/\/schema.org","@graph":[{"@type":"Article","@id":"https:\/\/www.musikzeitung.ch\/service\/2026\/04\/akustika-nuernberg-2026-europas-musikmesse-waechst#article","isPartOf":{"@id":"https:\/\/www.musikzeitung.ch\/service\/2026\/04\/akustika-nuernberg-2026-europas-musikmesse-waechst"},"author":{"name":"Katrin Spelinova","@id":"https:\/\/www.musikzeitung.ch\/#\/schema\/person\/dce7e5b820812d9af4db2f787d1bec92"},"headline":"akustika N\u00fcrnberg 2026: Europas Musikmesse w\u00e4chst","datePublished":"2026-04-30T04:00:26+00:00","dateModified":"2026-04-30T08:25:14+00:00","mainEntityOfPage":{"@id":"https:\/\/www.musikzeitung.ch\/service\/2026\/04\/akustika-nuernberg-2026-europas-musikmesse-waechst"},"wordCount":528,"publisher":{"@id":"https:\/\/www.musikzeitung.ch\/#organization"},"image":{"@id":"https:\/\/www.musikzeitung.ch\/service\/2026\/04\/akustika-nuernberg-2026-europas-musikmesse-waechst#primaryimage"},"thumbnailUrl":"https:\/\/www.musikzeitung.ch\/wp-content\/uploads\/2026\/04\/03_Echo_news_akustika_1.jpg","keywords":["akustika","Musikmesse","Musikmesse Frankfurt","N\u00fcrnberg"],"articleSection":["Musikmesse","Service"],"inLanguage":"it-IT"},{"@type":"WebPage","@id":"https:\/\/www.musikzeitung.ch\/service\/2026\/04\/akustika-nuernberg-2026-europas-musikmesse-waechst","url":"https:\/\/www.musikzeitung.ch\/service\/2026\/04\/akustika-nuernberg-2026-europas-musikmesse-waechst","name":"akustika Norimberga 2026: La fiera musicale europea cresce - Schweizer Musikzeitung","isPartOf":{"@id":"https:\/\/www.musikzeitung.ch\/#website"},"primaryImageOfPage":{"@id":"https:\/\/www.musikzeitung.ch\/service\/2026\/04\/akustika-nuernberg-2026-europas-musikmesse-waechst#primaryimage"},"image":{"@id":"https:\/\/www.musikzeitung.ch\/service\/2026\/04\/akustika-nuernberg-2026-europas-musikmesse-waechst#primaryimage"},"thumbnailUrl":"https:\/\/www.musikzeitung.ch\/wp-content\/uploads\/2026\/04\/03_Echo_news_akustika_1.jpg","datePublished":"2026-04-30T04:00:26+00:00","dateModified":"2026-04-30T08:25:14+00:00","description":"akustika Norimberga ha concluso la sua quarta edizione con risultati positivi. La fiera mira a diventare la principale fiera europea della musica.","breadcrumb":{"@id":"https:\/\/www.musikzeitung.ch\/service\/2026\/04\/akustika-nuernberg-2026-europas-musikmesse-waechst#breadcrumb"},"inLanguage":"it-IT","potentialAction":[{"@type":"ReadAction","target":["https:\/\/www.musikzeitung.ch\/service\/2026\/04\/akustika-nuernberg-2026-europas-musikmesse-waechst"]}]},{"@type":"ImageObject","inLanguage":"it-IT","@id":"https:\/\/www.musikzeitung.ch\/service\/2026\/04\/akustika-nuernberg-2026-europas-musikmesse-waechst#primaryimage","url":"https:\/\/www.musikzeitung.ch\/wp-content\/uploads\/2026\/04\/03_Echo_news_akustika_1.jpg","contentUrl":"https:\/\/www.musikzeitung.ch\/wp-content\/uploads\/2026\/04\/03_Echo_news_akustika_1.jpg","width":1400,"height":934,"caption":"akustika N\u00fcrnberg 2026"},{"@type":"BreadcrumbList","@id":"https:\/\/www.musikzeitung.ch\/service\/2026\/04\/akustika-nuernberg-2026-europas-musikmesse-waechst#breadcrumb","itemListElement":[{"@type":"ListItem","position":1,"name":"Home","item":"https:\/\/www.musikzeitung.ch\/"},{"@type":"ListItem","position":2,"name":"akustika N\u00fcrnberg 2026: Europas Musikmesse w\u00e4chst"}]},{"@type":"WebSite","@id":"https:\/\/www.musikzeitung.ch\/#website","url":"https:\/\/www.musikzeitung.ch\/","name":"Giornale musicale svizzero","description":"Il principale mensile interdisciplinare della Svizzera per le questioni musicali.","publisher":{"@id":"https:\/\/www.musikzeitung.ch\/#organization"},"potentialAction":[{"@type":"SearchAction","target":{"@type":"EntryPoint","urlTemplate":"https:\/\/www.musikzeitung.ch\/?s={search_term_string}"},"query-input":{"@type":"PropertyValueSpecification","valueRequired":true,"valueName":"search_term_string"}}],"inLanguage":"it-IT"},{"@type":"Organization","@id":"https:\/\/www.musikzeitung.ch\/#organization","name":"Giornale musicale svizzero","url":"https:\/\/www.musikzeitung.ch\/","logo":{"@type":"ImageObject","inLanguage":"it-IT","@id":"https:\/\/www.musikzeitung.ch\/#\/schema\/logo\/image\/","url":"https:\/\/www.musikzeitung.ch\/wp-content\/uploads\/2023\/01\/SMZ_Schriftzug_Sprache.png","contentUrl":"https:\/\/www.musikzeitung.ch\/wp-content\/uploads\/2023\/01\/SMZ_Schriftzug_Sprache.png","width":1400,"height":279,"caption":"Schweizer Musikzeitung"},"image":{"@id":"https:\/\/www.musikzeitung.ch\/#\/schema\/logo\/image\/"},"sameAs":["https:\/\/www.facebook.com\/SchweizerMusikzeitung\/","https:\/\/x.com\/smusikzeitung","https:\/\/www.instagram.com\/musikzeitung.ch\/"]},{"@type":"Person","@id":"https:\/\/www.musikzeitung.ch\/#\/schema\/person\/dce7e5b820812d9af4db2f787d1bec92","name":"Katrin Spelinova","image":{"@type":"ImageObject","inLanguage":"it-IT","@id":"https:\/\/secure.gravatar.com\/avatar\/2a2c2956e074ebca9bf65620496cd2e317d90b8c76450e9dd04d7cebf95eeada?s=96&d=mm&r=g","url":"https:\/\/secure.gravatar.com\/avatar\/2a2c2956e074ebca9bf65620496cd2e317d90b8c76450e9dd04d7cebf95eeada?s=96&d=mm&r=g","contentUrl":"https:\/\/secure.gravatar.com\/avatar\/2a2c2956e074ebca9bf65620496cd2e317d90b8c76450e9dd04d7cebf95eeada?s=96&d=mm&r=g","caption":"Katrin Spelinova"},"sameAs":["https:\/\/x.com\/testredaktor"],"url":"https:\/\/www.musikzeitung.ch\/it\/author\/spelkat"}]}},"publishpress_future_workflow_manual_trigger":{"enabledWorkflows":[]},"_links":{"self":[{"href":"https:\/\/www.musikzeitung.ch\/it\/wp-json\/wp\/v2\/posts\/72934","targetHints":{"allow":["GET"]}}],"collection":[{"href":"https:\/\/www.musikzeitung.ch\/it\/wp-json\/wp\/v2\/posts"}],"about":[{"href":"https:\/\/www.musikzeitung.ch\/it\/wp-json\/wp\/v2\/types\/post"}],"author":[{"embeddable":true,"href":"https:\/\/www.musikzeitung.ch\/it\/wp-json\/wp\/v2\/users\/23"}],"replies":[{"embeddable":true,"href":"https:\/\/www.musikzeitung.ch\/it\/wp-json\/wp\/v2\/comments?post=72934"}],"version-history":[{"count":3,"href":"https:\/\/www.musikzeitung.ch\/it\/wp-json\/wp\/v2\/posts\/72934\/revisions"}],"predecessor-version":[{"id":72942,"href":"https:\/\/www.musikzeitung.ch\/it\/wp-json\/wp\/v2\/posts\/72934\/revisions\/72942"}],"wp:featuredmedia":[{"embeddable":true,"href":"https:\/\/www.musikzeitung.ch\/it\/wp-json\/wp\/v2\/media\/72936"}],"wp:attachment":[{"href":"https:\/\/www.musikzeitung.ch\/it\/wp-json\/wp\/v2\/media?parent=72934"}],"wp:term":[{"taxonomy":"category","embeddable":true,"href":"https:\/\/www.musikzeitung.ch\/it\/wp-json\/wp\/v2\/categories?post=72934"},{"taxonomy":"post_tag","embeddable":true,"href":"https:\/\/www.musikzeitung.ch\/it\/wp-json\/wp\/v2\/tags?post=72934"}],"curies":[{"name":"wp","href":"https:\/\/api.w.org\/{rel}","templated":true}]}}