{"id":72964,"date":"2026-05-01T10:49:58","date_gmt":"2026-05-01T08:49:58","guid":{"rendered":"https:\/\/www.musikzeitung.ch\/?p=72964"},"modified":"2026-05-01T10:49:58","modified_gmt":"2026-05-01T08:49:58","slug":"20-jahre-haus-der-volksmusik","status":"publish","type":"post","link":"https:\/\/www.musikzeitung.ch\/it\/news\/2026\/05\/20-jahre-haus-der-volksmusik","title":{"rendered":"20 anni di Casa della Musica Popolare"},"content":{"rendered":"<figure id=\"attachment_72965\" aria-describedby=\"caption-attachment-72965\" style=\"width: 1333px\" class=\"wp-caption aligncenter\"><img loading=\"lazy\" decoding=\"async\" class=\"size-full wp-image-72965\" src=\"https:\/\/www.musikzeitung.ch\/wp-content\/uploads\/2026\/05\/3_Echo_News_Haus-der-Volksmusik.jpg\" alt=\"\" width=\"1333\" height=\"1000\" srcset=\"https:\/\/www.musikzeitung.ch\/wp-content\/uploads\/2026\/05\/3_Echo_News_Haus-der-Volksmusik.jpg 1333w, https:\/\/www.musikzeitung.ch\/wp-content\/uploads\/2026\/05\/3_Echo_News_Haus-der-Volksmusik-300x225.jpg 300w, https:\/\/www.musikzeitung.ch\/wp-content\/uploads\/2026\/05\/3_Echo_News_Haus-der-Volksmusik-1024x768.jpg 1024w, https:\/\/www.musikzeitung.ch\/wp-content\/uploads\/2026\/05\/3_Echo_News_Haus-der-Volksmusik-768x576.jpg 768w, https:\/\/www.musikzeitung.ch\/wp-content\/uploads\/2026\/05\/3_Echo_News_Haus-der-Volksmusik-1536x1152.jpg 1536w, https:\/\/www.musikzeitung.ch\/wp-content\/uploads\/2026\/05\/3_Echo_News_Haus-der-Volksmusik-2048x1536.jpg 2048w, https:\/\/www.musikzeitung.ch\/wp-content\/uploads\/2026\/05\/3_Echo_News_Haus-der-Volksmusik-16x12.jpg 16w, https:\/\/www.musikzeitung.ch\/wp-content\/uploads\/2026\/05\/3_Echo_News_Haus-der-Volksmusik-233x175.jpg 233w, https:\/\/www.musikzeitung.ch\/wp-content\/uploads\/2026\/05\/3_Echo_News_Haus-der-Volksmusik-467x350.jpg 467w, https:\/\/www.musikzeitung.ch\/wp-content\/uploads\/2026\/05\/3_Echo_News_Haus-der-Volksmusik-1067x800.jpg 1067w, https:\/\/www.musikzeitung.ch\/wp-content\/uploads\/2026\/05\/3_Echo_News_Haus-der-Volksmusik-920x690.jpg 920w, https:\/\/www.musikzeitung.ch\/wp-content\/uploads\/2026\/05\/3_Echo_News_Haus-der-Volksmusik-1400x1050.jpg 1400w\" sizes=\"auto, (max-width: 1333px) 100vw, 1333px\" \/><figcaption id=\"caption-attachment-72965\" class=\"wp-caption-text\">Armeria con fontana Lehnbrunnen ad Altdorf, sede della Casa della Musica Popolare. Foto: Paebi - Opera propria, CC BY-SA 3.0, <a href=\"https:\/\/commons.wikimedia.org\/w\/index.php?curid=25750891\" target=\"_blank\" rel=\"noopener\">https:\/\/commons.wikimedia.org\/w\/index.php?curid=25750891<\/a><\/figcaption><\/figure>\n<p>Nel 2006, la Casa della Musica Popolare (HdVM) ha aperto i battenti nella capitale cantonale di Uri, Altdorf. A distanza di due decenni, \u00e8 impossibile immaginare il panorama della musica popolare svizzera senza questo centro di eccellenza: documenta, comunica e promuove la musica popolare locale in tutte le sue sfaccettature regionali e stilistiche, dalla musica da ballo tradizionale e rustica alle tendenze contemporanee. Spartiti, registrazioni, foto e libri sono raccolti e resi disponibili online a tutti gli interessati attraverso la collezione di musica popolare.<\/p>\n<h3><strong>Simone Felber \u00e8 stata eletta Presidente<\/strong><\/h3>\n<p>L'assemblea generale del 9 aprile 2026 \u00e8 stata segnata da un nuovo inizio. I presenti hanno ufficialmente eletto Simone Felber, che dall'inizio dell'anno \u00e8 presidente dell'Associazione. Secondo le informazioni <a href=\"https:\/\/hausdervolksmusik.ch\/aktuelles\/gv-hdvm\" target=\"_blank\" rel=\"noopener\">sul sito web dell'HdVM<\/a> Come cantante, jodel e direttrice di coro, non \u00e8 interessata solo alla documentazione e alla ricerca, ma anche all'educazione. \u00abLa Casa della Musica Popolare svolge un'importante funzione di ponte: conserva la tradizione e allo stesso tempo si dedica alla creazione contemporanea\u00bb, ha dichiarato nel suo discorso inaugurale. Il suo credo: \u00abQui tutti sono i benvenuti\u00bb.\u00bb<\/p>\n<h3><strong>Visione: Una casa per tutti<\/strong><\/h3>\n<p>Uno dei temi principali dell'Assemblea generale \u00e8 stato il futuro dell'HdVM presso la sede di Zeughaus in Lehnplatz ad Altdorf, dove il centro di competenza ha sede come subaffittuario del Cantone da vent'anni, come scrive ancora l'HdVM. Dopo che lo scorso autunno era stato annunciato il progetto di sventrare l'edificio storico e di convertirlo in un centro di competenza. <a href=\"https:\/\/www.musikzeitung.ch\/berichte\/2026\/04\/ein-neuer-konzertsaal-fuer-altdorf\" target=\"_blank\" rel=\"noopener\">Sala di musica da camera<\/a> l'HdVM ha reso pubblica la propria visione. L'obiettivo \u00e8 quello di creare una casa vivace e aperta, con spazi per eventi, archivi, uffici e aule per i corsi. \u00c8 prevista la collaborazione con partner locali come il Teatro di Uri e la Scuola di Musica di Uri.<\/p>\n<h3><strong>rivista \u00abtutti\u00bb e festival di musica popolare<\/strong><\/h3>\n<p>Invece di organizzare una grande celebrazione dell'anniversario, l'HdVM sta impiegando le sue energie in due progetti. Con la nuova rivista \u00abtutti\u00bb, l'HdVM vuole fornire informazioni regolari sul proprio lavoro e condividere con i lettori le storie sorprendenti che il team incontra nel corso della sua attivit\u00e0.<\/p>\n<p>Il vero fulcro dell'anno dell'anniversario \u00e8 il Festival di musica popolare di Altdorf, a giugno. Si tratta dell'ottava edizione dell'evento, che si svolge ogni due anni. Quest'anno sono attese pi\u00f9 di 40 formazioni con musicisti provenienti da tutti i 26 cantoni. Nell'arco di tre giorni, esse offriranno una panoramica della diversit\u00e0 della musica popolare svizzera, dalla musica da ballo tradizionale ai progetti contemporanei.<\/p>\n<h3><strong>Spettacolo di musica per ottoni tra due mondi<\/strong><\/h3>\n<p>La prima svizzera-tedesca del progetto trasversale Traktorkestar &amp; Harmonie Lausannoise sotto la direzione di Antoine Rabut merita una menzione speciale. Si tratta di \u00abuno spettacolo concertante tra potenza ed eleganza, musica classica e danza balcanica\u00bb, afferma Balthasar Streit, direttore musicale della Traktorkestar, nel comunicato stampa dell'HdVM del 13 aprile. La sera del 13 giugno, \u00abdue mondi completamente diversi si incontreranno, quindi ci sar\u00e0 molta improvvisazione e le sorprese sono garantite\u00bb.\u00bb<\/p>\n<p>Ulteriori informazioni: <a href=\"https:\/\/volksmusikfestival.ch\" target=\"_blank\" rel=\"noopener\">folkmusicfestival.ch<\/a><\/p>","protected":false},"excerpt":{"rendered":"<p>La Casa della Musica Popolare di Altdorf \u00e8 da due decenni il centro di eccellenza svizzero per la musica folk. L'anno dell'anniversario porta con s\u00e9 un nuovo presidente, una propria rivista e un grande festival.<\/p>","protected":false},"author":23,"featured_media":72965,"comment_status":"closed","ping_status":"closed","sticky":false,"template":"","format":"standard","meta":{"_acf_changed":false,"_relevanssi_hide_post":"","_relevanssi_hide_content":"","_relevanssi_pin_for_all":"","_relevanssi_pin_keywords":"","_relevanssi_unpin_keywords":"","_relevanssi_related_keywords":"","_relevanssi_related_include_ids":"","_relevanssi_related_exclude_ids":"","_relevanssi_related_no_append":"","_relevanssi_related_not_related":"","_relevanssi_related_posts":"","_relevanssi_noindex_reason":"","pgc_sgb_lightbox_settings":"","footnotes":""},"categories":[27],"tags":[5628,5627,5629],"class_list":["post-72964","post","type-post","status-publish","format-standard","has-post-thumbnail","hentry","category-news","tag-altdorf","tag-haus-der-volksmusik","tag-simone-felber"],"acf":[],"yoast_head":"<!-- This site is optimized with the Yoast SEO plugin v27.5 - https:\/\/yoast.com\/product\/yoast-seo-wordpress\/ -->\n<title>20 Jahre Haus der Volksmusik - Schweizer Musikzeitung<\/title>\n<meta name=\"description\" content=\"Das Jubil\u00e4umsjahr bringt dem Haus f\u00fcr Volksmusik eine neue Pr\u00e4sidentin, ein eigenes Magazin und ein grosses Festival.\" \/>\n<meta name=\"robots\" content=\"index, follow, max-snippet:-1, max-image-preview:large, max-video-preview:-1\" \/>\n<link rel=\"canonical\" href=\"https:\/\/www.musikzeitung.ch\/it\/news\/2026\/05\/20-jahre-haus-der-volksmusik\/\" \/>\n<meta property=\"og:locale\" content=\"it_IT\" \/>\n<meta property=\"og:type\" content=\"article\" \/>\n<meta property=\"og:title\" content=\"20 Jahre Haus der Volksmusik - Schweizer Musikzeitung\" \/>\n<meta property=\"og:description\" content=\"Das Jubil\u00e4umsjahr bringt dem Haus f\u00fcr Volksmusik eine neue Pr\u00e4sidentin, ein eigenes Magazin und ein grosses Festival.\" \/>\n<meta property=\"og:url\" content=\"https:\/\/www.musikzeitung.ch\/it\/news\/2026\/05\/20-jahre-haus-der-volksmusik\/\" \/>\n<meta property=\"og:site_name\" content=\"Schweizer Musikzeitung\" \/>\n<meta property=\"article:publisher\" content=\"https:\/\/www.facebook.com\/SchweizerMusikzeitung\/\" \/>\n<meta property=\"article:published_time\" content=\"2026-05-01T08:49:58+00:00\" \/>\n<meta property=\"og:image\" content=\"https:\/\/www.musikzeitung.ch\/wp-content\/uploads\/2026\/05\/3_Echo_News_Haus-der-Volksmusik.jpg\" \/>\n\t<meta property=\"og:image:width\" content=\"1333\" \/>\n\t<meta property=\"og:image:height\" content=\"1000\" \/>\n\t<meta property=\"og:image:type\" content=\"image\/jpeg\" \/>\n<meta name=\"author\" content=\"Katrin Spelinova\" \/>\n<meta name=\"twitter:card\" content=\"summary_large_image\" \/>\n<meta name=\"twitter:creator\" content=\"@testredaktor\" \/>\n<meta name=\"twitter:site\" content=\"@smusikzeitung\" \/>\n<meta name=\"twitter:label1\" content=\"Scritto da\" \/>\n\t<meta name=\"twitter:data1\" content=\"Katrin Spelinova\" \/>\n\t<meta name=\"twitter:label2\" content=\"Tempo di lettura stimato\" \/>\n\t<meta name=\"twitter:data2\" content=\"3 minuti\" \/>\n<script type=\"application\/ld+json\" class=\"yoast-schema-graph\">{\"@context\":\"https:\\\/\\\/schema.org\",\"@graph\":[{\"@type\":\"Article\",\"@id\":\"https:\\\/\\\/www.musikzeitung.ch\\\/news\\\/2026\\\/05\\\/20-jahre-haus-der-volksmusik#article\",\"isPartOf\":{\"@id\":\"https:\\\/\\\/www.musikzeitung.ch\\\/news\\\/2026\\\/05\\\/20-jahre-haus-der-volksmusik\"},\"author\":{\"name\":\"Katrin Spelinova\",\"@id\":\"https:\\\/\\\/www.musikzeitung.ch\\\/#\\\/schema\\\/person\\\/dce7e5b820812d9af4db2f787d1bec92\"},\"headline\":\"20 Jahre Haus der Volksmusik\",\"datePublished\":\"2026-05-01T08:49:58+00:00\",\"mainEntityOfPage\":{\"@id\":\"https:\\\/\\\/www.musikzeitung.ch\\\/news\\\/2026\\\/05\\\/20-jahre-haus-der-volksmusik\"},\"wordCount\":506,\"publisher\":{\"@id\":\"https:\\\/\\\/www.musikzeitung.ch\\\/#organization\"},\"image\":{\"@id\":\"https:\\\/\\\/www.musikzeitung.ch\\\/news\\\/2026\\\/05\\\/20-jahre-haus-der-volksmusik#primaryimage\"},\"thumbnailUrl\":\"https:\\\/\\\/www.musikzeitung.ch\\\/wp-content\\\/uploads\\\/2026\\\/05\\\/3_Echo_News_Haus-der-Volksmusik.jpg\",\"keywords\":[\"Altdorf\",\"Haus der Volksmusik\",\"Simone Felber\"],\"articleSection\":[\"News\"],\"inLanguage\":\"it-IT\"},{\"@type\":\"WebPage\",\"@id\":\"https:\\\/\\\/www.musikzeitung.ch\\\/news\\\/2026\\\/05\\\/20-jahre-haus-der-volksmusik\",\"url\":\"https:\\\/\\\/www.musikzeitung.ch\\\/news\\\/2026\\\/05\\\/20-jahre-haus-der-volksmusik\",\"name\":\"20 Jahre Haus der Volksmusik - Schweizer Musikzeitung\",\"isPartOf\":{\"@id\":\"https:\\\/\\\/www.musikzeitung.ch\\\/#website\"},\"primaryImageOfPage\":{\"@id\":\"https:\\\/\\\/www.musikzeitung.ch\\\/news\\\/2026\\\/05\\\/20-jahre-haus-der-volksmusik#primaryimage\"},\"image\":{\"@id\":\"https:\\\/\\\/www.musikzeitung.ch\\\/news\\\/2026\\\/05\\\/20-jahre-haus-der-volksmusik#primaryimage\"},\"thumbnailUrl\":\"https:\\\/\\\/www.musikzeitung.ch\\\/wp-content\\\/uploads\\\/2026\\\/05\\\/3_Echo_News_Haus-der-Volksmusik.jpg\",\"datePublished\":\"2026-05-01T08:49:58+00:00\",\"description\":\"Das Jubil\u00e4umsjahr bringt dem Haus f\u00fcr Volksmusik eine neue Pr\u00e4sidentin, ein eigenes Magazin und ein grosses Festival.\",\"breadcrumb\":{\"@id\":\"https:\\\/\\\/www.musikzeitung.ch\\\/news\\\/2026\\\/05\\\/20-jahre-haus-der-volksmusik#breadcrumb\"},\"inLanguage\":\"it-IT\",\"potentialAction\":[{\"@type\":\"ReadAction\",\"target\":[\"https:\\\/\\\/www.musikzeitung.ch\\\/news\\\/2026\\\/05\\\/20-jahre-haus-der-volksmusik\"]}]},{\"@type\":\"ImageObject\",\"inLanguage\":\"it-IT\",\"@id\":\"https:\\\/\\\/www.musikzeitung.ch\\\/news\\\/2026\\\/05\\\/20-jahre-haus-der-volksmusik#primaryimage\",\"url\":\"https:\\\/\\\/www.musikzeitung.ch\\\/wp-content\\\/uploads\\\/2026\\\/05\\\/3_Echo_News_Haus-der-Volksmusik.jpg\",\"contentUrl\":\"https:\\\/\\\/www.musikzeitung.ch\\\/wp-content\\\/uploads\\\/2026\\\/05\\\/3_Echo_News_Haus-der-Volksmusik.jpg\",\"width\":1333,\"height\":1000,\"caption\":\"Zeughaus mit Lehnbrunnen, Altdorf UR, Schweiz Von Paebi - Eigenes Werk, CC BY-SA 3.0, https:\\\/\\\/commons.wikimedia.org\\\/w\\\/index.php?curid=25750891\"},{\"@type\":\"BreadcrumbList\",\"@id\":\"https:\\\/\\\/www.musikzeitung.ch\\\/news\\\/2026\\\/05\\\/20-jahre-haus-der-volksmusik#breadcrumb\",\"itemListElement\":[{\"@type\":\"ListItem\",\"position\":1,\"name\":\"Home\",\"item\":\"https:\\\/\\\/www.musikzeitung.ch\\\/\"},{\"@type\":\"ListItem\",\"position\":2,\"name\":\"20 Jahre Haus der Volksmusik\"}]},{\"@type\":\"WebSite\",\"@id\":\"https:\\\/\\\/www.musikzeitung.ch\\\/#website\",\"url\":\"https:\\\/\\\/www.musikzeitung.ch\\\/\",\"name\":\"Schweizer Musikzeitung\",\"description\":\"Die f\u00fchrende sparten\u00fcbergreifende Monatszeitung in der Schweiz f\u00fcr musikalische Fragen.\",\"publisher\":{\"@id\":\"https:\\\/\\\/www.musikzeitung.ch\\\/#organization\"},\"potentialAction\":[{\"@type\":\"SearchAction\",\"target\":{\"@type\":\"EntryPoint\",\"urlTemplate\":\"https:\\\/\\\/www.musikzeitung.ch\\\/?s={search_term_string}\"},\"query-input\":{\"@type\":\"PropertyValueSpecification\",\"valueRequired\":true,\"valueName\":\"search_term_string\"}}],\"inLanguage\":\"it-IT\"},{\"@type\":\"Organization\",\"@id\":\"https:\\\/\\\/www.musikzeitung.ch\\\/#organization\",\"name\":\"Schweizer Musikzeitung\",\"url\":\"https:\\\/\\\/www.musikzeitung.ch\\\/\",\"logo\":{\"@type\":\"ImageObject\",\"inLanguage\":\"it-IT\",\"@id\":\"https:\\\/\\\/www.musikzeitung.ch\\\/#\\\/schema\\\/logo\\\/image\\\/\",\"url\":\"https:\\\/\\\/www.musikzeitung.ch\\\/wp-content\\\/uploads\\\/2023\\\/01\\\/SMZ_Schriftzug_Sprache.png\",\"contentUrl\":\"https:\\\/\\\/www.musikzeitung.ch\\\/wp-content\\\/uploads\\\/2023\\\/01\\\/SMZ_Schriftzug_Sprache.png\",\"width\":1400,\"height\":279,\"caption\":\"Schweizer Musikzeitung\"},\"image\":{\"@id\":\"https:\\\/\\\/www.musikzeitung.ch\\\/#\\\/schema\\\/logo\\\/image\\\/\"},\"sameAs\":[\"https:\\\/\\\/www.facebook.com\\\/SchweizerMusikzeitung\\\/\",\"https:\\\/\\\/x.com\\\/smusikzeitung\",\"https:\\\/\\\/www.instagram.com\\\/musikzeitung.ch\\\/\"]},{\"@type\":\"Person\",\"@id\":\"https:\\\/\\\/www.musikzeitung.ch\\\/#\\\/schema\\\/person\\\/dce7e5b820812d9af4db2f787d1bec92\",\"name\":\"Katrin Spelinova\",\"image\":{\"@type\":\"ImageObject\",\"inLanguage\":\"it-IT\",\"@id\":\"https:\\\/\\\/secure.gravatar.com\\\/avatar\\\/2a2c2956e074ebca9bf65620496cd2e317d90b8c76450e9dd04d7cebf95eeada?s=96&d=mm&r=g\",\"url\":\"https:\\\/\\\/secure.gravatar.com\\\/avatar\\\/2a2c2956e074ebca9bf65620496cd2e317d90b8c76450e9dd04d7cebf95eeada?s=96&d=mm&r=g\",\"contentUrl\":\"https:\\\/\\\/secure.gravatar.com\\\/avatar\\\/2a2c2956e074ebca9bf65620496cd2e317d90b8c76450e9dd04d7cebf95eeada?s=96&d=mm&r=g\",\"caption\":\"Katrin Spelinova\"},\"sameAs\":[\"https:\\\/\\\/x.com\\\/testredaktor\"],\"url\":\"https:\\\/\\\/www.musikzeitung.ch\\\/it\\\/author\\\/spelkat\"}]}<\/script>\n<!-- \/ Yoast SEO plugin. -->","yoast_head_json":{"title":"20 Jahre Haus der Volksmusik - Schweizer Musikzeitung","description":"Das Jubil\u00e4umsjahr bringt dem Haus f\u00fcr Volksmusik eine neue Pr\u00e4sidentin, ein eigenes Magazin und ein grosses Festival.","robots":{"index":"index","follow":"follow","max-snippet":"max-snippet:-1","max-image-preview":"max-image-preview:large","max-video-preview":"max-video-preview:-1"},"canonical":"https:\/\/www.musikzeitung.ch\/it\/news\/2026\/05\/20-jahre-haus-der-volksmusik\/","og_locale":"it_IT","og_type":"article","og_title":"20 Jahre Haus der Volksmusik - Schweizer Musikzeitung","og_description":"Das Jubil\u00e4umsjahr bringt dem Haus f\u00fcr Volksmusik eine neue Pr\u00e4sidentin, ein eigenes Magazin und ein grosses Festival.","og_url":"https:\/\/www.musikzeitung.ch\/it\/news\/2026\/05\/20-jahre-haus-der-volksmusik\/","og_site_name":"Schweizer Musikzeitung","article_publisher":"https:\/\/www.facebook.com\/SchweizerMusikzeitung\/","article_published_time":"2026-05-01T08:49:58+00:00","og_image":[{"width":1333,"height":1000,"url":"https:\/\/www.musikzeitung.ch\/wp-content\/uploads\/2026\/05\/3_Echo_News_Haus-der-Volksmusik.jpg","type":"image\/jpeg"}],"author":"Katrin Spelinova","twitter_card":"summary_large_image","twitter_creator":"@testredaktor","twitter_site":"@smusikzeitung","twitter_misc":{"Scritto da":"Katrin Spelinova","Tempo di lettura stimato":"3 minuti"},"schema":{"@context":"https:\/\/schema.org","@graph":[{"@type":"Article","@id":"https:\/\/www.musikzeitung.ch\/news\/2026\/05\/20-jahre-haus-der-volksmusik#article","isPartOf":{"@id":"https:\/\/www.musikzeitung.ch\/news\/2026\/05\/20-jahre-haus-der-volksmusik"},"author":{"name":"Katrin Spelinova","@id":"https:\/\/www.musikzeitung.ch\/#\/schema\/person\/dce7e5b820812d9af4db2f787d1bec92"},"headline":"20 Jahre Haus der Volksmusik","datePublished":"2026-05-01T08:49:58+00:00","mainEntityOfPage":{"@id":"https:\/\/www.musikzeitung.ch\/news\/2026\/05\/20-jahre-haus-der-volksmusik"},"wordCount":506,"publisher":{"@id":"https:\/\/www.musikzeitung.ch\/#organization"},"image":{"@id":"https:\/\/www.musikzeitung.ch\/news\/2026\/05\/20-jahre-haus-der-volksmusik#primaryimage"},"thumbnailUrl":"https:\/\/www.musikzeitung.ch\/wp-content\/uploads\/2026\/05\/3_Echo_News_Haus-der-Volksmusik.jpg","keywords":["Altdorf","Haus der Volksmusik","Simone Felber"],"articleSection":["News"],"inLanguage":"it-IT"},{"@type":"WebPage","@id":"https:\/\/www.musikzeitung.ch\/news\/2026\/05\/20-jahre-haus-der-volksmusik","url":"https:\/\/www.musikzeitung.ch\/news\/2026\/05\/20-jahre-haus-der-volksmusik","name":"20 Jahre Haus der Volksmusik - Schweizer Musikzeitung","isPartOf":{"@id":"https:\/\/www.musikzeitung.ch\/#website"},"primaryImageOfPage":{"@id":"https:\/\/www.musikzeitung.ch\/news\/2026\/05\/20-jahre-haus-der-volksmusik#primaryimage"},"image":{"@id":"https:\/\/www.musikzeitung.ch\/news\/2026\/05\/20-jahre-haus-der-volksmusik#primaryimage"},"thumbnailUrl":"https:\/\/www.musikzeitung.ch\/wp-content\/uploads\/2026\/05\/3_Echo_News_Haus-der-Volksmusik.jpg","datePublished":"2026-05-01T08:49:58+00:00","description":"Das Jubil\u00e4umsjahr bringt dem Haus f\u00fcr Volksmusik eine neue Pr\u00e4sidentin, ein eigenes Magazin und ein grosses Festival.","breadcrumb":{"@id":"https:\/\/www.musikzeitung.ch\/news\/2026\/05\/20-jahre-haus-der-volksmusik#breadcrumb"},"inLanguage":"it-IT","potentialAction":[{"@type":"ReadAction","target":["https:\/\/www.musikzeitung.ch\/news\/2026\/05\/20-jahre-haus-der-volksmusik"]}]},{"@type":"ImageObject","inLanguage":"it-IT","@id":"https:\/\/www.musikzeitung.ch\/news\/2026\/05\/20-jahre-haus-der-volksmusik#primaryimage","url":"https:\/\/www.musikzeitung.ch\/wp-content\/uploads\/2026\/05\/3_Echo_News_Haus-der-Volksmusik.jpg","contentUrl":"https:\/\/www.musikzeitung.ch\/wp-content\/uploads\/2026\/05\/3_Echo_News_Haus-der-Volksmusik.jpg","width":1333,"height":1000,"caption":"Zeughaus mit Lehnbrunnen, Altdorf UR, Schweiz Von Paebi - Eigenes Werk, CC BY-SA 3.0, https:\/\/commons.wikimedia.org\/w\/index.php?curid=25750891"},{"@type":"BreadcrumbList","@id":"https:\/\/www.musikzeitung.ch\/news\/2026\/05\/20-jahre-haus-der-volksmusik#breadcrumb","itemListElement":[{"@type":"ListItem","position":1,"name":"Home","item":"https:\/\/www.musikzeitung.ch\/"},{"@type":"ListItem","position":2,"name":"20 Jahre Haus der Volksmusik"}]},{"@type":"WebSite","@id":"https:\/\/www.musikzeitung.ch\/#website","url":"https:\/\/www.musikzeitung.ch\/","name":"Giornale musicale svizzero","description":"Il principale mensile interdisciplinare della Svizzera per le questioni musicali.","publisher":{"@id":"https:\/\/www.musikzeitung.ch\/#organization"},"potentialAction":[{"@type":"SearchAction","target":{"@type":"EntryPoint","urlTemplate":"https:\/\/www.musikzeitung.ch\/?s={search_term_string}"},"query-input":{"@type":"PropertyValueSpecification","valueRequired":true,"valueName":"search_term_string"}}],"inLanguage":"it-IT"},{"@type":"Organization","@id":"https:\/\/www.musikzeitung.ch\/#organization","name":"Giornale musicale svizzero","url":"https:\/\/www.musikzeitung.ch\/","logo":{"@type":"ImageObject","inLanguage":"it-IT","@id":"https:\/\/www.musikzeitung.ch\/#\/schema\/logo\/image\/","url":"https:\/\/www.musikzeitung.ch\/wp-content\/uploads\/2023\/01\/SMZ_Schriftzug_Sprache.png","contentUrl":"https:\/\/www.musikzeitung.ch\/wp-content\/uploads\/2023\/01\/SMZ_Schriftzug_Sprache.png","width":1400,"height":279,"caption":"Schweizer Musikzeitung"},"image":{"@id":"https:\/\/www.musikzeitung.ch\/#\/schema\/logo\/image\/"},"sameAs":["https:\/\/www.facebook.com\/SchweizerMusikzeitung\/","https:\/\/x.com\/smusikzeitung","https:\/\/www.instagram.com\/musikzeitung.ch\/"]},{"@type":"Person","@id":"https:\/\/www.musikzeitung.ch\/#\/schema\/person\/dce7e5b820812d9af4db2f787d1bec92","name":"Katrin Spelinova","image":{"@type":"ImageObject","inLanguage":"it-IT","@id":"https:\/\/secure.gravatar.com\/avatar\/2a2c2956e074ebca9bf65620496cd2e317d90b8c76450e9dd04d7cebf95eeada?s=96&d=mm&r=g","url":"https:\/\/secure.gravatar.com\/avatar\/2a2c2956e074ebca9bf65620496cd2e317d90b8c76450e9dd04d7cebf95eeada?s=96&d=mm&r=g","contentUrl":"https:\/\/secure.gravatar.com\/avatar\/2a2c2956e074ebca9bf65620496cd2e317d90b8c76450e9dd04d7cebf95eeada?s=96&d=mm&r=g","caption":"Katrin Spelinova"},"sameAs":["https:\/\/x.com\/testredaktor"],"url":"https:\/\/www.musikzeitung.ch\/it\/author\/spelkat"}]}},"publishpress_future_workflow_manual_trigger":{"enabledWorkflows":[]},"_links":{"self":[{"href":"https:\/\/www.musikzeitung.ch\/it\/wp-json\/wp\/v2\/posts\/72964","targetHints":{"allow":["GET"]}}],"collection":[{"href":"https:\/\/www.musikzeitung.ch\/it\/wp-json\/wp\/v2\/posts"}],"about":[{"href":"https:\/\/www.musikzeitung.ch\/it\/wp-json\/wp\/v2\/types\/post"}],"author":[{"embeddable":true,"href":"https:\/\/www.musikzeitung.ch\/it\/wp-json\/wp\/v2\/users\/23"}],"replies":[{"embeddable":true,"href":"https:\/\/www.musikzeitung.ch\/it\/wp-json\/wp\/v2\/comments?post=72964"}],"version-history":[{"count":1,"href":"https:\/\/www.musikzeitung.ch\/it\/wp-json\/wp\/v2\/posts\/72964\/revisions"}],"predecessor-version":[{"id":72966,"href":"https:\/\/www.musikzeitung.ch\/it\/wp-json\/wp\/v2\/posts\/72964\/revisions\/72966"}],"wp:featuredmedia":[{"embeddable":true,"href":"https:\/\/www.musikzeitung.ch\/it\/wp-json\/wp\/v2\/media\/72965"}],"wp:attachment":[{"href":"https:\/\/www.musikzeitung.ch\/it\/wp-json\/wp\/v2\/media?parent=72964"}],"wp:term":[{"taxonomy":"category","embeddable":true,"href":"https:\/\/www.musikzeitung.ch\/it\/wp-json\/wp\/v2\/categories?post=72964"},{"taxonomy":"post_tag","embeddable":true,"href":"https:\/\/www.musikzeitung.ch\/it\/wp-json\/wp\/v2\/tags?post=72964"}],"curies":[{"name":"wp","href":"https:\/\/api.w.org\/{rel}","templated":true}]}}