{"id":74351,"date":"2026-07-15T12:17:15","date_gmt":"2026-07-15T10:17:15","guid":{"rendered":"https:\/\/www.musikzeitung.ch\/?p=74351"},"modified":"2026-07-16T08:46:38","modified_gmt":"2026-07-16T06:46:38","slug":"bilanz-des-festivals-fuer-neue-musik-forum-wallis-2026","status":"publish","type":"post","link":"https:\/\/www.musikzeitung.ch\/it\/service\/2026\/07\/bilanz-des-festivals-fuer-neue-musik-forum-wallis-2026","title":{"rendered":"Bilancio del Festival di musica contemporanea Forum Wallis 2026"},"content":{"rendered":"<figure id=\"attachment_74354\" aria-describedby=\"caption-attachment-74354\" style=\"width: 1482px\" class=\"wp-caption alignnone\"><img decoding=\"async\" class=\"wp-image-74354 size-full\" src=\"https:\/\/www.musikzeitung.ch\/wp-content\/uploads\/2026\/07\/ppj-fiesch.jpg\" alt=\"\" width=\"1482\" height=\"1066\" srcset=\"https:\/\/www.musikzeitung.ch\/wp-content\/uploads\/2026\/07\/ppj-fiesch.jpg 1482w, https:\/\/www.musikzeitung.ch\/wp-content\/uploads\/2026\/07\/ppj-fiesch-300x216.jpg 300w, https:\/\/www.musikzeitung.ch\/wp-content\/uploads\/2026\/07\/ppj-fiesch-1024x737.jpg 1024w, https:\/\/www.musikzeitung.ch\/wp-content\/uploads\/2026\/07\/ppj-fiesch-768x552.jpg 768w, https:\/\/www.musikzeitung.ch\/wp-content\/uploads\/2026\/07\/ppj-fiesch-18x12.jpg 18w, https:\/\/www.musikzeitung.ch\/wp-content\/uploads\/2026\/07\/ppj-fiesch-243x175.jpg 243w, https:\/\/www.musikzeitung.ch\/wp-content\/uploads\/2026\/07\/ppj-fiesch-487x350.jpg 487w, https:\/\/www.musikzeitung.ch\/wp-content\/uploads\/2026\/07\/ppj-fiesch-1112x800.jpg 1112w, https:\/\/www.musikzeitung.ch\/wp-content\/uploads\/2026\/07\/ppj-fiesch-920x662.jpg 920w, https:\/\/www.musikzeitung.ch\/wp-content\/uploads\/2026\/07\/ppj-fiesch-1400x1007.jpg 1400w\" sizes=\"(max-width: 1482px) 100vw, 1482px\" \/><figcaption id=\"caption-attachment-74354\" class=\"wp-caption-text\">Il progetto \u00abPiano Joven\u00bb durante un momento di canto collettivo a Fiesch. Foto: Forum Wallis<\/figcaption><\/figure>\n<p>In occasione della 20\u00aa edizione del festival sono state eseguite opere di 95 compositori provenienti da oltre 40 paesi, 16 dei quali originari del Vallese. 40 opere sono state eseguite per la prima volta in Svizzera, mentre 13 hanno avuto la loro prima assoluta. Il 95% dei brani non aveva pi\u00f9 di 4 anni.<\/p>\n<p>I concerti hanno registrato un\u2019affluenza superiore alle aspettative, considerando le dimensioni e la distanza delle sedi. Il pubblico si \u00e8 dimostrato soddisfatto e grato per la qualit\u00e0, la cura, l\u2019originalit\u00e0 e l\u2019intransigenza, ma anche per l\u2019intensit\u00e0 emotiva e la freschezza del programma. La pianificazione dell\u2019edizione 2027 del festival \u00e8 gi\u00e0 iniziata.<\/p>\n<p>Il Forum Wallis \u00e8 un festival internazionale di musica contemporanea fondato nel 2006 e diretto dall\u2019IGNM-VS, la sezione locale della Societ\u00e0 Internazionale di Musica Contemporanea (ISCM, International Society of Contemporary Music). Nel suo comitato direttivo siedono i musicisti e compositori vallesani attivi a livello internazionale Manuel Mengis, Hans-Peter Pfammatter, Ulrike Mayer-Spohn e Javier Hagen.<\/p>\n<p>Sin dalla sua fondazione, il Forum Wallis ha coprodotto oltre 350 prime assolute e presentato opere di oltre 500 compositori e compositrici provenienti da tutto il mondo, tra cui quelle di Stockhausen <em>Quartetto d'archi in elicottero<\/em> insieme all\u2019Arditti Quartet, ad Andr\u00e9 Richard e agli Air Glaciers, di Holliger <em>Alb-Chehr<\/em> e Cod.Atti <em>Coro Pendulum<\/em>.<\/p>\n<h3>Cinque ore di quartetto d'archi<\/h3>\n<p>L\u2019edizione 2026 del festival ha preso il via nel pomeriggio del Corpus Domini nella chiesa di M\u00fcnstiger, nel Goms. Il quartetto tedesco Minguet ha eseguito il Secondo quartetto d\u2019archi di Morton Feldman, l\u2019opera pi\u00f9 lunga mai composta in questo genere \u2013 un inno al rallentamento, alla pazienza e alla perseveranza.<\/p>\n<p>Con una durata di circa 5 ore, i Minguets hanno optato per un\u2019interpretazione a ritmo moderato. Il brano si \u00e8 snodato con delicatezza attraverso il tempo, dissolvendo la percezione convenzionale dello stesso. \u00c8 degno di nota il fatto che, per l\u2019intera durata dell\u2019evento, pi\u00f9 di 60 persone abbiano assistito al concerto in un villaggio di 300 anime.<\/p>\n<h3>Due formazioni improvvisano<\/h3>\n<figure id=\"attachment_74356\" aria-describedby=\"caption-attachment-74356\" style=\"width: 2048px\" class=\"wp-caption alignnone\"><img decoding=\"async\" class=\"wp-image-74356 size-full\" src=\"https:\/\/www.musikzeitung.ch\/wp-content\/uploads\/2026\/07\/fw26-impro02-04.jpg\" alt=\"\" width=\"2048\" height=\"1365\" srcset=\"https:\/\/www.musikzeitung.ch\/wp-content\/uploads\/2026\/07\/fw26-impro02-04.jpg 1400w, https:\/\/www.musikzeitung.ch\/wp-content\/uploads\/2026\/07\/fw26-impro02-04-300x200.jpg 300w, https:\/\/www.musikzeitung.ch\/wp-content\/uploads\/2026\/07\/fw26-impro02-04-1024x683.jpg 1024w, https:\/\/www.musikzeitung.ch\/wp-content\/uploads\/2026\/07\/fw26-impro02-04-600x400.jpg 600w, https:\/\/www.musikzeitung.ch\/wp-content\/uploads\/2026\/07\/fw26-impro02-04-768x512.jpg 768w, https:\/\/www.musikzeitung.ch\/wp-content\/uploads\/2026\/07\/fw26-impro02-04-1536x1024.jpg 1536w, https:\/\/www.musikzeitung.ch\/wp-content\/uploads\/2026\/07\/fw26-impro02-04-18x12.jpg 18w, https:\/\/www.musikzeitung.ch\/wp-content\/uploads\/2026\/07\/fw26-impro02-04-263x175.jpg 263w, https:\/\/www.musikzeitung.ch\/wp-content\/uploads\/2026\/07\/fw26-impro02-04-525x350.jpg 525w, https:\/\/www.musikzeitung.ch\/wp-content\/uploads\/2026\/07\/fw26-impro02-04-1200x800.jpg 1200w, https:\/\/www.musikzeitung.ch\/wp-content\/uploads\/2026\/07\/fw26-impro02-04-920x613.jpg 920w\" sizes=\"(max-width: 2048px) 100vw, 2048px\" \/><figcaption id=\"caption-attachment-74356\" class=\"wp-caption-text\">Erb\/Mayas\/L\u00e4ng nella chiesa parrocchiale di M\u00fcnsti. Foto: Forum Wallis<\/figcaption><\/figure>\n<p>Il 5 e il 6 giugno, sempre a M\u00fcnster, sono state ospiti due formazioni di spicco della scena dell\u2019improvvisazione svizzera ed europea: Voutchkova\/Strahl\/Mengis\/Pfammatter ed Erb\/Mayas\/L\u00e4ng. Entrambe le serate hanno incantato il pubblico grazie all\u2019intimit\u00e0 tipica della musica da camera e alla palpabile intesa tra le musiciste e i musicisti.<\/p>\n<h3>Poesia trasformata<\/h3>\n<figure id=\"attachment_74358\" aria-describedby=\"caption-attachment-74358\" style=\"width: 2048px\" class=\"wp-caption alignnone\"><img decoding=\"async\" class=\"wp-image-74358 size-full\" src=\"https:\/\/www.musikzeitung.ch\/wp-content\/uploads\/2026\/07\/fw26-umsnjip-tabuenca-03.jpg\" alt=\"\" width=\"2048\" height=\"1539\" srcset=\"https:\/\/www.musikzeitung.ch\/wp-content\/uploads\/2026\/07\/fw26-umsnjip-tabuenca-03.jpg 1331w, https:\/\/www.musikzeitung.ch\/wp-content\/uploads\/2026\/07\/fw26-umsnjip-tabuenca-03-300x225.jpg 300w, https:\/\/www.musikzeitung.ch\/wp-content\/uploads\/2026\/07\/fw26-umsnjip-tabuenca-03-1024x770.jpg 1024w, https:\/\/www.musikzeitung.ch\/wp-content\/uploads\/2026\/07\/fw26-umsnjip-tabuenca-03-768x577.jpg 768w, https:\/\/www.musikzeitung.ch\/wp-content\/uploads\/2026\/07\/fw26-umsnjip-tabuenca-03-1536x1154.jpg 1536w, https:\/\/www.musikzeitung.ch\/wp-content\/uploads\/2026\/07\/fw26-umsnjip-tabuenca-03-16x12.jpg 16w, https:\/\/www.musikzeitung.ch\/wp-content\/uploads\/2026\/07\/fw26-umsnjip-tabuenca-03-233x175.jpg 233w, https:\/\/www.musikzeitung.ch\/wp-content\/uploads\/2026\/07\/fw26-umsnjip-tabuenca-03-466x350.jpg 466w, https:\/\/www.musikzeitung.ch\/wp-content\/uploads\/2026\/07\/fw26-umsnjip-tabuenca-03-1065x800.jpg 1065w, https:\/\/www.musikzeitung.ch\/wp-content\/uploads\/2026\/07\/fw26-umsnjip-tabuenca-03-920x691.jpg 920w, https:\/\/www.musikzeitung.ch\/wp-content\/uploads\/2026\/07\/fw26-umsnjip-tabuenca-03-1400x1052.jpg 1400w\" sizes=\"(max-width: 2048px) 100vw, 2048px\" \/><figcaption id=\"caption-attachment-74358\" class=\"wp-caption-text\">Luis Tabuenca al MEbU \u2014 \u00abDa vicino ci stiamo selvaggiando\u00bb. Foto: Forum Wallis<\/figcaption><\/figure>\n<p>Domenica 7 giugno, per tutta la giornata, sono stati letti tutti i cicli contenuti nella raccolta di poesie <em>Nel primo piano ci scateniamo<\/em> di Rolf Hermann, in programma al \u00abM\u00fcnster Earport\u00bb MEbU, lo spazio artistico dedicato alla musica contemporanea nella valle di Goms. Il duo di musica contemporanea UMS\u2019nJIP e Luis Tabuenca, vincitore del Premio di Composizione Reina Sofia 2026, hanno trasformato i 4 cicli di poesie<em>\u00a0nel giardino delle piante infestanti, finestre rubate, neofite\u00a0<\/em>e<em>\u00a0uno\u00a0<\/em>in cicli di canzoni intime.<\/p>\n<h3>Adolescenti suonano brani per pianoforte con l'elettronica dal vivo<\/h3>\n<figure id=\"attachment_74359\" aria-describedby=\"caption-attachment-74359\" style=\"width: 1280px\" class=\"wp-caption alignnone\"><img decoding=\"async\" class=\"wp-image-74359 size-full\" src=\"https:\/\/www.musikzeitung.ch\/wp-content\/uploads\/2026\/07\/PPJ.jpg\" alt=\"\" width=\"1280\" height=\"737\" srcset=\"https:\/\/www.musikzeitung.ch\/wp-content\/uploads\/2026\/07\/PPJ.jpg 1280w, https:\/\/www.musikzeitung.ch\/wp-content\/uploads\/2026\/07\/PPJ-300x173.jpg 300w, https:\/\/www.musikzeitung.ch\/wp-content\/uploads\/2026\/07\/PPJ-1024x590.jpg 1024w, https:\/\/www.musikzeitung.ch\/wp-content\/uploads\/2026\/07\/PPJ-768x442.jpg 768w, https:\/\/www.musikzeitung.ch\/wp-content\/uploads\/2026\/07\/PPJ-18x10.jpg 18w, https:\/\/www.musikzeitung.ch\/wp-content\/uploads\/2026\/07\/PPJ-304x175.jpg 304w, https:\/\/www.musikzeitung.ch\/wp-content\/uploads\/2026\/07\/PPJ-608x350.jpg 608w, https:\/\/www.musikzeitung.ch\/wp-content\/uploads\/2026\/07\/PPJ-920x530.jpg 920w\" sizes=\"(max-width: 1280px) 100vw, 1280px\" \/><figcaption id=\"caption-attachment-74359\" class=\"wp-caption-text\">Progetto Piano Joven Sevilla. Foto: Forum Wallis<\/figcaption><\/figure>\n<p>Con l\u2019etichetta Adventurous Sounds, il Proyecto Piano Joven PPJ di Siviglia, un progetto dedicato ai giovani pianisti attivo da 20 anni, si \u00e8 esibito per la prima volta in Svizzera. Adventurous Sounds \u00e8 un percorso didattico del Forum Wallis che avvicina bambini e adolescenti alla musica contemporanea in modo ludico.<\/p>\n<p>Il PPJ ha presentato presso i conservatori di Ginevra e Sion un totale di 9 opere scritte appositamente per loro da rinomati compositori e compositrici di lingua spagnola per pianoforte ed elettronica dal vivo. Sotto la direzione di Ignacio Torner, i ragazzi hanno eseguito un programma completo che, dal punto di vista compositivo e interpretativo, non ha avuto nulla da invidiare a quello di un ensemble di professionisti.<\/p>\n<h3>Musica popolare dell'Alto Vallese e boliviana<\/h3>\n<figure id=\"attachment_74360\" aria-describedby=\"caption-attachment-74360\" style=\"width: 2048px\" class=\"wp-caption alignnone\"><img decoding=\"async\" class=\"wp-image-74360 size-full\" src=\"https:\/\/www.musikzeitung.ch\/wp-content\/uploads\/2026\/07\/vlc-arnez.jpg\" alt=\"\" width=\"2048\" height=\"1097\" srcset=\"https:\/\/www.musikzeitung.ch\/wp-content\/uploads\/2026\/07\/vlc-arnez.jpg 1400w, https:\/\/www.musikzeitung.ch\/wp-content\/uploads\/2026\/07\/vlc-arnez-300x161.jpg 300w, https:\/\/www.musikzeitung.ch\/wp-content\/uploads\/2026\/07\/vlc-arnez-1024x549.jpg 1024w, https:\/\/www.musikzeitung.ch\/wp-content\/uploads\/2026\/07\/vlc-arnez-768x411.jpg 768w, https:\/\/www.musikzeitung.ch\/wp-content\/uploads\/2026\/07\/vlc-arnez-1536x823.jpg 1536w, https:\/\/www.musikzeitung.ch\/wp-content\/uploads\/2026\/07\/vlc-arnez-18x10.jpg 18w, https:\/\/www.musikzeitung.ch\/wp-content\/uploads\/2026\/07\/vlc-arnez-327x175.jpg 327w, https:\/\/www.musikzeitung.ch\/wp-content\/uploads\/2026\/07\/vlc-arnez-653x350.jpg 653w, https:\/\/www.musikzeitung.ch\/wp-content\/uploads\/2026\/07\/vlc-arnez-1494x800.jpg 1494w, https:\/\/www.musikzeitung.ch\/wp-content\/uploads\/2026\/07\/vlc-arnez-920x493.jpg 920w\" sizes=\"(max-width: 2048px) 100vw, 2048px\" \/><figcaption id=\"caption-attachment-74360\" class=\"wp-caption-text\">Il coro di canti popolari dell\u2019Alto Vallese e Juan Arnez in tourn\u00e9e nei villaggi dell\u2019Alto Vallese. Foto: Forum Wallis<\/figcaption><\/figure>\n<p>Dal 26 al 28 giugno il coro di canti popolari dell\u2019Alto Vallese si \u00e8 esibito a Saas, nel L\u00f6tschental e nel Goms insieme al musicista folk boliviano Juan Arnez. Anche in questa occasione, oltre ai brani popolari in dialetto cantati insieme al pubblico, \u00e8 stata data spazio alla novit\u00e0: nuove canzoni in stile popolare di Stefan Ruppen, Manuela Lehner-Mutter e Valentin Bregy, oltre a cinque prime assolute in stile popolare boliviano di Juan Arnez.<\/p>\n<h3>Ars Electronica<\/h3>\n<figure id=\"attachment_74361\" aria-describedby=\"caption-attachment-74361\" style=\"width: 1400px\" class=\"wp-caption alignnone\"><img decoding=\"async\" class=\"wp-image-74361 size-full\" src=\"https:\/\/www.musikzeitung.ch\/wp-content\/uploads\/2026\/07\/fw26-aefw-05.jpg\" alt=\"\" width=\"1400\" height=\"969\" srcset=\"https:\/\/www.musikzeitung.ch\/wp-content\/uploads\/2026\/07\/fw26-aefw-05.jpg 1400w, https:\/\/www.musikzeitung.ch\/wp-content\/uploads\/2026\/07\/fw26-aefw-05-300x208.jpg 300w, https:\/\/www.musikzeitung.ch\/wp-content\/uploads\/2026\/07\/fw26-aefw-05-1024x709.jpg 1024w, https:\/\/www.musikzeitung.ch\/wp-content\/uploads\/2026\/07\/fw26-aefw-05-768x532.jpg 768w, https:\/\/www.musikzeitung.ch\/wp-content\/uploads\/2026\/07\/fw26-aefw-05-1536x1064.jpg 1536w, https:\/\/www.musikzeitung.ch\/wp-content\/uploads\/2026\/07\/fw26-aefw-05-18x12.jpg 18w, https:\/\/www.musikzeitung.ch\/wp-content\/uploads\/2026\/07\/fw26-aefw-05-253x175.jpg 253w, https:\/\/www.musikzeitung.ch\/wp-content\/uploads\/2026\/07\/fw26-aefw-05-506x350.jpg 506w, https:\/\/www.musikzeitung.ch\/wp-content\/uploads\/2026\/07\/fw26-aefw-05-1155x800.jpg 1155w, https:\/\/www.musikzeitung.ch\/wp-content\/uploads\/2026\/07\/fw26-aefw-05-920x637.jpg 920w\" sizes=\"(max-width: 1400px) 100vw, 1400px\" \/><figcaption id=\"caption-attachment-74361\" class=\"wp-caption-text\">I concerti di selezione dell\u2019Ars Electronica Forum Wallis 2026 al MEbU. Foto: Forum Wallis<\/figcaption><\/figure>\n<p>Il 3 e il 4 luglio il festival al MEbU si \u00e8 concluso con gli ultimi due concerti della serie \u00abArs Electronica Forum Wallis 2026 Selection Concerts\u00bb. I primi due concerti della serie si erano tenuti nella stessa sede all\u2019inizio del festival. Il programma prevedeva 32 brani, mentre altri 17 figuravano nella lista \u00abHighly Commended\u00bb. Sono state eseguite 29 prime svizzere e 3 prime assolute (Lund-Jensen, Duchenne, Otani).<\/p>\n<p>Pi\u00f9 di una dozzina di compositori e compositrici sono giunti ai concerti dalla Cina, dagli Stati Uniti, dalla Germania, dalla Francia e dall\u2019Irlanda. I quattro concerti hanno offerto una gradita occasione per un vivace scambio, non solo all\u2019interno della comunit\u00e0 musicale, ma anche con la popolazione locale, che ha seguito con grande interesse gli eventi.<\/p>\n<p>Particolarmente degno di nota \u2014 e oggetto di discussione rilevante per gli addetti ai lavori \u2014 \u00e8 stato l\u2019approccio interpretativo adottato all\u2019Akusmonium del MEbU: la diffusione dal vivo. La disposizione dell\u2019Akusmonium del MEbU non \u00e8 una configurazione standard, bens\u00ec una struttura volutamente asimmetrica, progettata appositamente da Simone Conforti dell\u2019Ircam di Parigi per questo spazio e pensata per essere utilizzata dal vivo.<\/p>","protected":false},"excerpt":{"rendered":"<p>Dal 4 giugno al 4 luglio si sono tenuti 17 concerti a Ginevra, Sion, nella valle di Saas e nella valle di L\u00f6tschental, fino a M\u00fcnster nella regione del Goms. Per la prima volta, il Goms ha costituito il vero e proprio epicentro del festival.<\/p>","protected":false},"author":29,"featured_media":74354,"comment_status":"closed","ping_status":"closed","sticky":false,"template":"","format":"standard","meta":{"_acf_changed":false,"_relevanssi_hide_post":"","_relevanssi_hide_content":"","_relevanssi_pin_for_all":"","_relevanssi_pin_keywords":"","_relevanssi_unpin_keywords":"","_relevanssi_related_keywords":"","_relevanssi_related_include_ids":"","_relevanssi_related_exclude_ids":"","_relevanssi_related_no_append":"","_relevanssi_related_not_related":"","_relevanssi_related_posts":"","_relevanssi_noindex_reason":"","pgc_sgb_lightbox_settings":"","footnotes":""},"categories":[4219,30],"tags":[5765,5764,1941,2008],"class_list":["post-74351","post","type-post","status-publish","format-standard","has-post-thumbnail","hentry","category-auffuehrungen-service","category-service","tag-muenster-earport-mebu","tag-festival-fuer-neue-musik-forum-wallis","tag-forum-wallis","tag-ignm-vs"],"acf":{"author":"Forum Wallis\/SMZ"},"yoast_head":"<!-- This site is optimized with the Yoast SEO plugin v28.4 - https:\/\/yoast.com\/product\/yoast-seo-wordpress\/ -->\n<title>Bilanz des Festivals f\u00fcr Neue Musik Forum Wallis 2026 - Schweizer Musikzeitung<\/title>\n<meta name=\"description\" content=\"Bilanz des Festivals f\u00fcr Neue Musik Forum Wallis 2026: Vom 4. Juni bis zum 4. Juli fanden 17 Konzerte in Genf, Sion, dem Saas- und L\u00f6tschental bis nach M\u00fcnster im Goms statt.\" \/>\n<meta name=\"robots\" content=\"index, follow, max-snippet:-1, max-image-preview:large, max-video-preview:-1\" \/>\n<link rel=\"canonical\" href=\"https:\/\/www.musikzeitung.ch\/it\/service\/2026\/07\/bilanz-des-festivals-fuer-neue-musik-forum-wallis-2026\/\" \/>\n<meta property=\"og:locale\" content=\"it_IT\" \/>\n<meta property=\"og:type\" content=\"article\" \/>\n<meta property=\"og:title\" content=\"Bilanz des Festivals f\u00fcr Neue Musik Forum Wallis 2026 - Schweizer Musikzeitung\" \/>\n<meta property=\"og:description\" content=\"Bilanz des Festivals f\u00fcr Neue Musik Forum Wallis 2026: Vom 4. Juni bis zum 4. Juli fanden 17 Konzerte in Genf, Sion, dem Saas- und L\u00f6tschental bis nach M\u00fcnster im Goms statt.\" \/>\n<meta property=\"og:url\" content=\"https:\/\/www.musikzeitung.ch\/it\/service\/2026\/07\/bilanz-des-festivals-fuer-neue-musik-forum-wallis-2026\/\" \/>\n<meta property=\"og:site_name\" content=\"Schweizer Musikzeitung\" \/>\n<meta property=\"article:publisher\" content=\"https:\/\/www.facebook.com\/SchweizerMusikzeitung\/\" \/>\n<meta property=\"article:published_time\" content=\"2026-07-15T10:17:15+00:00\" \/>\n<meta property=\"article:modified_time\" content=\"2026-07-16T06:46:38+00:00\" \/>\n<meta property=\"og:image\" content=\"https:\/\/www.musikzeitung.ch\/wp-content\/uploads\/2026\/07\/ppj-fiesch.jpg\" \/>\n\t<meta property=\"og:image:width\" content=\"1482\" \/>\n\t<meta property=\"og:image:height\" content=\"1066\" \/>\n\t<meta property=\"og:image:type\" content=\"image\/jpeg\" \/>\n<meta name=\"author\" content=\"pia.schwab\" \/>\n<meta name=\"twitter:card\" content=\"summary_large_image\" \/>\n<meta name=\"twitter:creator\" content=\"@smusikzeitung\" \/>\n<meta name=\"twitter:site\" content=\"@smusikzeitung\" \/>\n<meta name=\"twitter:label1\" content=\"Scritto da\" \/>\n\t<meta name=\"twitter:data1\" content=\"pia.schwab\" \/>\n\t<meta name=\"twitter:label2\" content=\"Tempo di lettura stimato\" \/>\n\t<meta name=\"twitter:data2\" content=\"6 minuti\" \/>\n<script type=\"application\/ld+json\" class=\"yoast-schema-graph\">{\"@context\":\"https:\\\/\\\/schema.org\",\"@graph\":[{\"@type\":\"Article\",\"@id\":\"https:\\\/\\\/www.musikzeitung.ch\\\/service\\\/2026\\\/07\\\/bilanz-des-festivals-fuer-neue-musik-forum-wallis-2026#article\",\"isPartOf\":{\"@id\":\"https:\\\/\\\/www.musikzeitung.ch\\\/service\\\/2026\\\/07\\\/bilanz-des-festivals-fuer-neue-musik-forum-wallis-2026\"},\"author\":{\"name\":\"pia.schwab\",\"@id\":\"https:\\\/\\\/www.musikzeitung.ch\\\/#\\\/schema\\\/person\\\/ea3d7b86bd7157c78c7ddd37f2f82b5b\"},\"headline\":\"Bilanz des Festivals f\u00fcr Neue Musik Forum Wallis 2026\",\"datePublished\":\"2026-07-15T10:17:15+00:00\",\"dateModified\":\"2026-07-16T06:46:38+00:00\",\"mainEntityOfPage\":{\"@id\":\"https:\\\/\\\/www.musikzeitung.ch\\\/service\\\/2026\\\/07\\\/bilanz-des-festivals-fuer-neue-musik-forum-wallis-2026\"},\"wordCount\":852,\"publisher\":{\"@id\":\"https:\\\/\\\/www.musikzeitung.ch\\\/#organization\"},\"image\":{\"@id\":\"https:\\\/\\\/www.musikzeitung.ch\\\/service\\\/2026\\\/07\\\/bilanz-des-festivals-fuer-neue-musik-forum-wallis-2026#primaryimage\"},\"thumbnailUrl\":\"https:\\\/\\\/www.musikzeitung.ch\\\/wp-content\\\/uploads\\\/2026\\\/07\\\/ppj-fiesch.jpg\",\"keywords\":[\"\u00abM\u00fcnster Earport\u00bb MEbU\",\"Festival f\u00fcr Neue Musik Forum Wallis\",\"Forum Wallis\",\"IGNM-VS\"],\"articleSection\":[\"Auff\u00fchrungen\",\"Service\"],\"inLanguage\":\"it-IT\"},{\"@type\":\"WebPage\",\"@id\":\"https:\\\/\\\/www.musikzeitung.ch\\\/service\\\/2026\\\/07\\\/bilanz-des-festivals-fuer-neue-musik-forum-wallis-2026\",\"url\":\"https:\\\/\\\/www.musikzeitung.ch\\\/service\\\/2026\\\/07\\\/bilanz-des-festivals-fuer-neue-musik-forum-wallis-2026\",\"name\":\"Bilanz des Festivals f\u00fcr Neue Musik Forum Wallis 2026 - Schweizer Musikzeitung\",\"isPartOf\":{\"@id\":\"https:\\\/\\\/www.musikzeitung.ch\\\/#website\"},\"primaryImageOfPage\":{\"@id\":\"https:\\\/\\\/www.musikzeitung.ch\\\/service\\\/2026\\\/07\\\/bilanz-des-festivals-fuer-neue-musik-forum-wallis-2026#primaryimage\"},\"image\":{\"@id\":\"https:\\\/\\\/www.musikzeitung.ch\\\/service\\\/2026\\\/07\\\/bilanz-des-festivals-fuer-neue-musik-forum-wallis-2026#primaryimage\"},\"thumbnailUrl\":\"https:\\\/\\\/www.musikzeitung.ch\\\/wp-content\\\/uploads\\\/2026\\\/07\\\/ppj-fiesch.jpg\",\"datePublished\":\"2026-07-15T10:17:15+00:00\",\"dateModified\":\"2026-07-16T06:46:38+00:00\",\"description\":\"Bilanz des Festivals f\u00fcr Neue Musik Forum Wallis 2026: Vom 4. Juni bis zum 4. Juli fanden 17 Konzerte in Genf, Sion, dem Saas- und L\u00f6tschental bis nach M\u00fcnster im Goms statt.\",\"breadcrumb\":{\"@id\":\"https:\\\/\\\/www.musikzeitung.ch\\\/service\\\/2026\\\/07\\\/bilanz-des-festivals-fuer-neue-musik-forum-wallis-2026#breadcrumb\"},\"inLanguage\":\"it-IT\",\"potentialAction\":[{\"@type\":\"ReadAction\",\"target\":[\"https:\\\/\\\/www.musikzeitung.ch\\\/service\\\/2026\\\/07\\\/bilanz-des-festivals-fuer-neue-musik-forum-wallis-2026\"]}]},{\"@type\":\"ImageObject\",\"inLanguage\":\"it-IT\",\"@id\":\"https:\\\/\\\/www.musikzeitung.ch\\\/service\\\/2026\\\/07\\\/bilanz-des-festivals-fuer-neue-musik-forum-wallis-2026#primaryimage\",\"url\":\"https:\\\/\\\/www.musikzeitung.ch\\\/wp-content\\\/uploads\\\/2026\\\/07\\\/ppj-fiesch.jpg\",\"contentUrl\":\"https:\\\/\\\/www.musikzeitung.ch\\\/wp-content\\\/uploads\\\/2026\\\/07\\\/ppj-fiesch.jpg\",\"width\":1482,\"height\":1066},{\"@type\":\"BreadcrumbList\",\"@id\":\"https:\\\/\\\/www.musikzeitung.ch\\\/service\\\/2026\\\/07\\\/bilanz-des-festivals-fuer-neue-musik-forum-wallis-2026#breadcrumb\",\"itemListElement\":[{\"@type\":\"ListItem\",\"position\":1,\"name\":\"Home\",\"item\":\"https:\\\/\\\/www.musikzeitung.ch\\\/\"},{\"@type\":\"ListItem\",\"position\":2,\"name\":\"Bilanz des Festivals f\u00fcr Neue Musik Forum Wallis 2026\"}]},{\"@type\":\"WebSite\",\"@id\":\"https:\\\/\\\/www.musikzeitung.ch\\\/#website\",\"url\":\"https:\\\/\\\/www.musikzeitung.ch\\\/\",\"name\":\"Schweizer Musikzeitung\",\"description\":\"Die f\u00fchrende sparten\u00fcbergreifende Monatszeitung in der Schweiz f\u00fcr musikalische Fragen.\",\"publisher\":{\"@id\":\"https:\\\/\\\/www.musikzeitung.ch\\\/#organization\"},\"potentialAction\":[{\"@type\":\"SearchAction\",\"target\":{\"@type\":\"EntryPoint\",\"urlTemplate\":\"https:\\\/\\\/www.musikzeitung.ch\\\/?s={search_term_string}\"},\"query-input\":{\"@type\":\"PropertyValueSpecification\",\"valueRequired\":true,\"valueName\":\"search_term_string\"}}],\"inLanguage\":\"it-IT\"},{\"@type\":\"Organization\",\"@id\":\"https:\\\/\\\/www.musikzeitung.ch\\\/#organization\",\"name\":\"Schweizer Musikzeitung\",\"url\":\"https:\\\/\\\/www.musikzeitung.ch\\\/\",\"logo\":{\"@type\":\"ImageObject\",\"inLanguage\":\"it-IT\",\"@id\":\"https:\\\/\\\/www.musikzeitung.ch\\\/#\\\/schema\\\/logo\\\/image\\\/\",\"url\":\"https:\\\/\\\/www.musikzeitung.ch\\\/wp-content\\\/uploads\\\/2023\\\/01\\\/SMZ_Schriftzug_Sprache.png\",\"contentUrl\":\"https:\\\/\\\/www.musikzeitung.ch\\\/wp-content\\\/uploads\\\/2023\\\/01\\\/SMZ_Schriftzug_Sprache.png\",\"width\":1400,\"height\":279,\"caption\":\"Schweizer Musikzeitung\"},\"image\":{\"@id\":\"https:\\\/\\\/www.musikzeitung.ch\\\/#\\\/schema\\\/logo\\\/image\\\/\"},\"sameAs\":[\"https:\\\/\\\/www.facebook.com\\\/SchweizerMusikzeitung\\\/\",\"https:\\\/\\\/x.com\\\/smusikzeitung\",\"https:\\\/\\\/www.instagram.com\\\/musikzeitung.ch\\\/\"]},{\"@type\":\"Person\",\"@id\":\"https:\\\/\\\/www.musikzeitung.ch\\\/#\\\/schema\\\/person\\\/ea3d7b86bd7157c78c7ddd37f2f82b5b\",\"name\":\"pia.schwab\",\"image\":{\"@type\":\"ImageObject\",\"inLanguage\":\"it-IT\",\"@id\":\"https:\\\/\\\/secure.gravatar.com\\\/avatar\\\/d39d170de4c2d07e897fbc26cf9d890fc046285c742207b86d8ebabe5fcde2c4?s=96&d=mm&r=g\",\"url\":\"https:\\\/\\\/secure.gravatar.com\\\/avatar\\\/d39d170de4c2d07e897fbc26cf9d890fc046285c742207b86d8ebabe5fcde2c4?s=96&d=mm&r=g\",\"contentUrl\":\"https:\\\/\\\/secure.gravatar.com\\\/avatar\\\/d39d170de4c2d07e897fbc26cf9d890fc046285c742207b86d8ebabe5fcde2c4?s=96&d=mm&r=g\",\"caption\":\"pia.schwab\"},\"url\":\"https:\\\/\\\/www.musikzeitung.ch\\\/it\\\/author\\\/pia-schwab\"}]}<\/script>\n<!-- \/ Yoast SEO plugin. -->","yoast_head_json":{"title":"Resoconto del Festival di musica contemporanea Forum Wallis 2026 - Rivista svizzera di musica","description":"Bilancio del Festival di musica contemporanea Forum Wallis 2026: dal 4 giugno al 4 luglio si sono tenuti 17 concerti a Ginevra, Sion, nelle valli di Saas e L\u00f6tschental fino a M\u00fcnster nella regione del Goms.","robots":{"index":"index","follow":"follow","max-snippet":"max-snippet:-1","max-image-preview":"max-image-preview:large","max-video-preview":"max-video-preview:-1"},"canonical":"https:\/\/www.musikzeitung.ch\/it\/service\/2026\/07\/bilanz-des-festivals-fuer-neue-musik-forum-wallis-2026\/","og_locale":"it_IT","og_type":"article","og_title":"Bilanz des Festivals f\u00fcr Neue Musik Forum Wallis 2026 - Schweizer Musikzeitung","og_description":"Bilanz des Festivals f\u00fcr Neue Musik Forum Wallis 2026: Vom 4. Juni bis zum 4. Juli fanden 17 Konzerte in Genf, Sion, dem Saas- und L\u00f6tschental bis nach M\u00fcnster im Goms statt.","og_url":"https:\/\/www.musikzeitung.ch\/it\/service\/2026\/07\/bilanz-des-festivals-fuer-neue-musik-forum-wallis-2026\/","og_site_name":"Schweizer Musikzeitung","article_publisher":"https:\/\/www.facebook.com\/SchweizerMusikzeitung\/","article_published_time":"2026-07-15T10:17:15+00:00","article_modified_time":"2026-07-16T06:46:38+00:00","og_image":[{"width":1482,"height":1066,"url":"https:\/\/www.musikzeitung.ch\/wp-content\/uploads\/2026\/07\/ppj-fiesch.jpg","type":"image\/jpeg"}],"author":"pia.schwab","twitter_card":"summary_large_image","twitter_creator":"@smusikzeitung","twitter_site":"@smusikzeitung","twitter_misc":{"Scritto da":"pia.schwab","Tempo di lettura stimato":"6 minuti"},"schema":{"@context":"https:\/\/schema.org","@graph":[{"@type":"Article","@id":"https:\/\/www.musikzeitung.ch\/service\/2026\/07\/bilanz-des-festivals-fuer-neue-musik-forum-wallis-2026#article","isPartOf":{"@id":"https:\/\/www.musikzeitung.ch\/service\/2026\/07\/bilanz-des-festivals-fuer-neue-musik-forum-wallis-2026"},"author":{"name":"pia.schwab","@id":"https:\/\/www.musikzeitung.ch\/#\/schema\/person\/ea3d7b86bd7157c78c7ddd37f2f82b5b"},"headline":"Bilanz des Festivals f\u00fcr Neue Musik Forum Wallis 2026","datePublished":"2026-07-15T10:17:15+00:00","dateModified":"2026-07-16T06:46:38+00:00","mainEntityOfPage":{"@id":"https:\/\/www.musikzeitung.ch\/service\/2026\/07\/bilanz-des-festivals-fuer-neue-musik-forum-wallis-2026"},"wordCount":852,"publisher":{"@id":"https:\/\/www.musikzeitung.ch\/#organization"},"image":{"@id":"https:\/\/www.musikzeitung.ch\/service\/2026\/07\/bilanz-des-festivals-fuer-neue-musik-forum-wallis-2026#primaryimage"},"thumbnailUrl":"https:\/\/www.musikzeitung.ch\/wp-content\/uploads\/2026\/07\/ppj-fiesch.jpg","keywords":["\u00abM\u00fcnster Earport\u00bb MEbU","Festival f\u00fcr Neue Musik Forum Wallis","Forum Wallis","IGNM-VS"],"articleSection":["Auff\u00fchrungen","Service"],"inLanguage":"it-IT"},{"@type":"WebPage","@id":"https:\/\/www.musikzeitung.ch\/service\/2026\/07\/bilanz-des-festivals-fuer-neue-musik-forum-wallis-2026","url":"https:\/\/www.musikzeitung.ch\/service\/2026\/07\/bilanz-des-festivals-fuer-neue-musik-forum-wallis-2026","name":"Resoconto del Festival di musica contemporanea Forum Wallis 2026 - Rivista svizzera di musica","isPartOf":{"@id":"https:\/\/www.musikzeitung.ch\/#website"},"primaryImageOfPage":{"@id":"https:\/\/www.musikzeitung.ch\/service\/2026\/07\/bilanz-des-festivals-fuer-neue-musik-forum-wallis-2026#primaryimage"},"image":{"@id":"https:\/\/www.musikzeitung.ch\/service\/2026\/07\/bilanz-des-festivals-fuer-neue-musik-forum-wallis-2026#primaryimage"},"thumbnailUrl":"https:\/\/www.musikzeitung.ch\/wp-content\/uploads\/2026\/07\/ppj-fiesch.jpg","datePublished":"2026-07-15T10:17:15+00:00","dateModified":"2026-07-16T06:46:38+00:00","description":"Bilancio del Festival di musica contemporanea Forum Wallis 2026: dal 4 giugno al 4 luglio si sono tenuti 17 concerti a Ginevra, Sion, nelle valli di Saas e L\u00f6tschental fino a M\u00fcnster nella regione del Goms.","breadcrumb":{"@id":"https:\/\/www.musikzeitung.ch\/service\/2026\/07\/bilanz-des-festivals-fuer-neue-musik-forum-wallis-2026#breadcrumb"},"inLanguage":"it-IT","potentialAction":[{"@type":"ReadAction","target":["https:\/\/www.musikzeitung.ch\/service\/2026\/07\/bilanz-des-festivals-fuer-neue-musik-forum-wallis-2026"]}]},{"@type":"ImageObject","inLanguage":"it-IT","@id":"https:\/\/www.musikzeitung.ch\/service\/2026\/07\/bilanz-des-festivals-fuer-neue-musik-forum-wallis-2026#primaryimage","url":"https:\/\/www.musikzeitung.ch\/wp-content\/uploads\/2026\/07\/ppj-fiesch.jpg","contentUrl":"https:\/\/www.musikzeitung.ch\/wp-content\/uploads\/2026\/07\/ppj-fiesch.jpg","width":1482,"height":1066},{"@type":"BreadcrumbList","@id":"https:\/\/www.musikzeitung.ch\/service\/2026\/07\/bilanz-des-festivals-fuer-neue-musik-forum-wallis-2026#breadcrumb","itemListElement":[{"@type":"ListItem","position":1,"name":"Home","item":"https:\/\/www.musikzeitung.ch\/"},{"@type":"ListItem","position":2,"name":"Bilanz des Festivals f\u00fcr Neue Musik Forum Wallis 2026"}]},{"@type":"WebSite","@id":"https:\/\/www.musikzeitung.ch\/#website","url":"https:\/\/www.musikzeitung.ch\/","name":"Giornale musicale svizzero","description":"Il principale mensile interdisciplinare della Svizzera per le questioni musicali.","publisher":{"@id":"https:\/\/www.musikzeitung.ch\/#organization"},"potentialAction":[{"@type":"SearchAction","target":{"@type":"EntryPoint","urlTemplate":"https:\/\/www.musikzeitung.ch\/?s={search_term_string}"},"query-input":{"@type":"PropertyValueSpecification","valueRequired":true,"valueName":"search_term_string"}}],"inLanguage":"it-IT"},{"@type":"Organization","@id":"https:\/\/www.musikzeitung.ch\/#organization","name":"Giornale musicale svizzero","url":"https:\/\/www.musikzeitung.ch\/","logo":{"@type":"ImageObject","inLanguage":"it-IT","@id":"https:\/\/www.musikzeitung.ch\/#\/schema\/logo\/image\/","url":"https:\/\/www.musikzeitung.ch\/wp-content\/uploads\/2023\/01\/SMZ_Schriftzug_Sprache.png","contentUrl":"https:\/\/www.musikzeitung.ch\/wp-content\/uploads\/2023\/01\/SMZ_Schriftzug_Sprache.png","width":1400,"height":279,"caption":"Schweizer Musikzeitung"},"image":{"@id":"https:\/\/www.musikzeitung.ch\/#\/schema\/logo\/image\/"},"sameAs":["https:\/\/www.facebook.com\/SchweizerMusikzeitung\/","https:\/\/x.com\/smusikzeitung","https:\/\/www.instagram.com\/musikzeitung.ch\/"]},{"@type":"Person","@id":"https:\/\/www.musikzeitung.ch\/#\/schema\/person\/ea3d7b86bd7157c78c7ddd37f2f82b5b","name":"pia.schwab","image":{"@type":"ImageObject","inLanguage":"it-IT","@id":"https:\/\/secure.gravatar.com\/avatar\/d39d170de4c2d07e897fbc26cf9d890fc046285c742207b86d8ebabe5fcde2c4?s=96&d=mm&r=g","url":"https:\/\/secure.gravatar.com\/avatar\/d39d170de4c2d07e897fbc26cf9d890fc046285c742207b86d8ebabe5fcde2c4?s=96&d=mm&r=g","contentUrl":"https:\/\/secure.gravatar.com\/avatar\/d39d170de4c2d07e897fbc26cf9d890fc046285c742207b86d8ebabe5fcde2c4?s=96&d=mm&r=g","caption":"pia.schwab"},"url":"https:\/\/www.musikzeitung.ch\/it\/author\/pia-schwab"}]}},"publishpress_future_workflow_manual_trigger":{"enabledWorkflows":[]},"_links":{"self":[{"href":"https:\/\/www.musikzeitung.ch\/it\/wp-json\/wp\/v2\/posts\/74351","targetHints":{"allow":["GET"]}}],"collection":[{"href":"https:\/\/www.musikzeitung.ch\/it\/wp-json\/wp\/v2\/posts"}],"about":[{"href":"https:\/\/www.musikzeitung.ch\/it\/wp-json\/wp\/v2\/types\/post"}],"author":[{"embeddable":true,"href":"https:\/\/www.musikzeitung.ch\/it\/wp-json\/wp\/v2\/users\/29"}],"replies":[{"embeddable":true,"href":"https:\/\/www.musikzeitung.ch\/it\/wp-json\/wp\/v2\/comments?post=74351"}],"version-history":[{"count":11,"href":"https:\/\/www.musikzeitung.ch\/it\/wp-json\/wp\/v2\/posts\/74351\/revisions"}],"predecessor-version":[{"id":74371,"href":"https:\/\/www.musikzeitung.ch\/it\/wp-json\/wp\/v2\/posts\/74351\/revisions\/74371"}],"wp:featuredmedia":[{"embeddable":true,"href":"https:\/\/www.musikzeitung.ch\/it\/wp-json\/wp\/v2\/media\/74354"}],"wp:attachment":[{"href":"https:\/\/www.musikzeitung.ch\/it\/wp-json\/wp\/v2\/media?parent=74351"}],"wp:term":[{"taxonomy":"category","embeddable":true,"href":"https:\/\/www.musikzeitung.ch\/it\/wp-json\/wp\/v2\/categories?post=74351"},{"taxonomy":"post_tag","embeddable":true,"href":"https:\/\/www.musikzeitung.ch\/it\/wp-json\/wp\/v2\/tags?post=74351"}],"curies":[{"name":"wp","href":"https:\/\/api.w.org\/{rel}","templated":true}]}}