{"id":75030,"date":"2026-09-01T10:02:24","date_gmt":"2026-09-01T08:02:24","guid":{"rendered":"https:\/\/www.musikzeitung.ch\/?p=75030"},"modified":"2026-09-01T15:15:16","modified_gmt":"2026-09-01T13:15:16","slug":"wunden-warm-verpackt","status":"publish","type":"post","link":"https:\/\/www.musikzeitung.ch\/it\/rezensionen\/tontraeger-rezensionen\/2026\/09\/wunden-warm-verpackt","title":{"rendered":"Ferite, ben protette dal freddo"},"content":{"rendered":"<figure id=\"attachment_75041\" aria-describedby=\"caption-attachment-75041\" style=\"width: 900px\" class=\"wp-caption alignnone\"><img decoding=\"async\" class=\"wp-image-75041 size-full\" src=\"https:\/\/www.musikzeitung.ch\/wp-content\/uploads\/2026\/09\/malummi-e1787735056817.jpg\" alt=\"\" width=\"900\" height=\"567\" \/><figcaption id=\"caption-attachment-75041\" class=\"wp-caption-text\">Il gruppo basileese Malumm\u00ed. Foto: per gentile concessione<\/figcaption><\/figure>\n<p>I Malumm\u00ed, trio fondato nel 2018, devono tutto a Larissa Rapold. La frontwoman non solo \u00e8 responsabile della composizione dei brani, ma anche della voce rasserenante. La formazione \u00e8 completata dal polistrumentista Giovanni Vicari, che ricopre anche il ruolo di produttore dell\u2019album, e dal batterista Lucas Zibulski. <em>Con \u201cDamaged By Their Silence\u201d<\/em>, nel terzo album, la band \u2013 il cui nome si ispira a un\u2019isola immaginaria in cui rifugiarsi \u2013 rimane fedele al proprio sound, a met\u00e0 strada tra l\u2019indie-folk e il pop sognante, arricchendolo con testi estremamente personali. Mentre nell\u2019ultimo disco c\u2019era ancora spazio per l\u2019improvvisazione, il quadro sonoro appare ora meno giocoso, ma in compenso pi\u00f9 mirato.<\/p>\n<h3><strong>Vicinanza e distanza<\/strong><\/h3>\n<p>Il risultato \u00e8 che le nove canzoni si presentano a volte crude e provocatorie, a volte tranquille e ariose. L\u2019album inizia con il lento <em>Terapista<\/em>, una ballata tanto malinconica quanto fragile, dai ritmi scintillanti e dai testi spietati, interpretata con grande calore. La canzone, con il suo piacevole ronzio, <em>Silent Baby<\/em>, che racconta delle preoccupazioni dei genitori e del continuo gioco di equilibrio tra distanza e vicinanza, lascia invece intravedere la ribellione, altrimenti ben nascosta, della cantante. Non meno diretto \u00e8 il brano successivo <em>Adrian<\/em>. Il suo soft rock riprende a tratti i classici della chanson di Joe Dassin <em>L'estate indiana<\/em> \u2013 tanto pi\u00f9 che entrambe le canzoni evocano sentimenti di nostalgia. I tre membri della band dimostrano di avere un debole anche per il pop cinematografico con il brano della durata di 56 secondi <em>Consumo<\/em>, che sembra un mix breve ma quasi perfetto tra una pagina di diario del 2026 e il classico musical di Judy Garland <em>Over the Rainbow<\/em> risale al 1939.<\/p>\n<p>La conclusione? Con <em>Danneggiati dal loro silenzio<\/em> Malumm\u00ed \u00e8 riuscita a realizzare un\u2019opera che affronta l\u2019onnipresente vulnerabilit\u00e0 con forza interiore e dignit\u00e0. Il risultato \u00e8 delicato, ricco di sfaccettature e davvero commovente.<\/p>\n<p><img decoding=\"async\" class=\"alignnone wp-image-75033 size-medium\" src=\"https:\/\/www.musikzeitung.ch\/wp-content\/uploads\/2026\/09\/00_crit_cd_Gasser_Malummi-300x300.jpg\" alt=\"\" width=\"300\" height=\"300\" srcset=\"https:\/\/www.musikzeitung.ch\/wp-content\/uploads\/2026\/09\/00_crit_cd_Gasser_Malummi-300x300.jpg 300w, https:\/\/www.musikzeitung.ch\/wp-content\/uploads\/2026\/09\/00_crit_cd_Gasser_Malummi-1024x1024.jpg 1024w, https:\/\/www.musikzeitung.ch\/wp-content\/uploads\/2026\/09\/00_crit_cd_Gasser_Malummi-768x768.jpg 768w, https:\/\/www.musikzeitung.ch\/wp-content\/uploads\/2026\/09\/00_crit_cd_Gasser_Malummi-12x12.jpg 12w, https:\/\/www.musikzeitung.ch\/wp-content\/uploads\/2026\/09\/00_crit_cd_Gasser_Malummi-175x175.jpg 175w, https:\/\/www.musikzeitung.ch\/wp-content\/uploads\/2026\/09\/00_crit_cd_Gasser_Malummi-350x350.jpg 350w, https:\/\/www.musikzeitung.ch\/wp-content\/uploads\/2026\/09\/00_crit_cd_Gasser_Malummi-800x800.jpg 800w, https:\/\/www.musikzeitung.ch\/wp-content\/uploads\/2026\/09\/00_crit_cd_Gasser_Malummi-920x920.jpg 920w, https:\/\/www.musikzeitung.ch\/wp-content\/uploads\/2026\/09\/00_crit_cd_Gasser_Malummi-150x150.jpg 150w, https:\/\/www.musikzeitung.ch\/wp-content\/uploads\/2026\/09\/00_crit_cd_Gasser_Malummi-100x100.jpg 100w, https:\/\/www.musikzeitung.ch\/wp-content\/uploads\/2026\/09\/00_crit_cd_Gasser_Malummi-250x250.jpg 250w, https:\/\/www.musikzeitung.ch\/wp-content\/uploads\/2026\/09\/00_crit_cd_Gasser_Malummi-24x24.jpg 24w, https:\/\/www.musikzeitung.ch\/wp-content\/uploads\/2026\/09\/00_crit_cd_Gasser_Malummi-48x48.jpg 48w, https:\/\/www.musikzeitung.ch\/wp-content\/uploads\/2026\/09\/00_crit_cd_Gasser_Malummi-96x96.jpg 96w, https:\/\/www.musikzeitung.ch\/wp-content\/uploads\/2026\/09\/00_crit_cd_Gasser_Malummi.jpg 1000w\" sizes=\"(max-width: 300px) 100vw, 300px\" \/><\/p>\n<p><em>Malumm\u00ed: Damaged By Their Silence. Mouthwatering Records<\/em><\/p>","protected":false},"excerpt":{"rendered":"<p>Nel suo terzo album, il trio basilese Malumm\u00ed rimane fedele al folk e all\u2019indie pop, ma si presenta in modo pi\u00f9 personale. I nove brani intrecciano una vulnerabilit\u00e0 cruda con timbri rassicuranti.<\/p>","protected":false},"author":58087,"featured_media":75041,"comment_status":"closed","ping_status":"closed","sticky":false,"template":"","format":"standard","meta":{"_acf_changed":false,"_relevanssi_hide_post":"","_relevanssi_hide_content":"","_relevanssi_pin_for_all":"","_relevanssi_pin_keywords":"","_relevanssi_unpin_keywords":"","_relevanssi_related_keywords":"","_relevanssi_related_include_ids":"","_relevanssi_related_exclude_ids":"","_relevanssi_related_no_append":"","_relevanssi_related_not_related":"","_relevanssi_related_posts":"","_relevanssi_noindex_reason":"","pgc_sgb_lightbox_settings":"","footnotes":""},"categories":[29,1420],"tags":[5816,5815],"class_list":["post-75030","post","type-post","status-publish","format-standard","has-post-thumbnail","hentry","category-rezensionen","category-tontraeger-rezensionen","tag-damaged-by-their-silence","tag-malummi"],"acf":{"author":"Michael Gasser"},"yoast_head":"<!-- This site is optimized with the Yoast SEO plugin v28.4 - https:\/\/yoast.com\/product\/yoast-seo-wordpress\/ -->\n<title>Wunden, warm verpackt - Schweizer Musikzeitung<\/title>\n<meta name=\"robots\" content=\"index, follow, max-snippet:-1, max-image-preview:large, max-video-preview:-1\" \/>\n<link rel=\"canonical\" href=\"https:\/\/www.musikzeitung.ch\/it\/rezensionen\/tontraeger-rezensionen\/2026\/09\/wunden-warm-verpackt\/\" \/>\n<meta property=\"og:locale\" content=\"it_IT\" \/>\n<meta property=\"og:type\" content=\"article\" \/>\n<meta property=\"og:title\" content=\"Wunden, warm verpackt - Schweizer Musikzeitung\" \/>\n<meta property=\"og:description\" content=\"Auf seinem dritten Album h\u00e4lt das Basler Trio Malumm\u00ed am Folk- und Indie-Pop fest, pr\u00e4sentiert sich aber pers\u00f6nlicher. Die neun St\u00fccke verweben schonungslose Verletzlichkeit mit tr\u00f6stenden Klangfarben.\" \/>\n<meta property=\"og:url\" content=\"https:\/\/www.musikzeitung.ch\/it\/rezensionen\/tontraeger-rezensionen\/2026\/09\/wunden-warm-verpackt\/\" \/>\n<meta property=\"og:site_name\" content=\"Schweizer Musikzeitung\" \/>\n<meta property=\"article:publisher\" content=\"https:\/\/www.facebook.com\/SchweizerMusikzeitung\/\" \/>\n<meta property=\"article:published_time\" content=\"2026-09-01T08:02:24+00:00\" \/>\n<meta property=\"article:modified_time\" content=\"2026-09-01T13:15:16+00:00\" \/>\n<meta property=\"og:image\" content=\"https:\/\/www.musikzeitung.ch\/wp-content\/uploads\/2026\/09\/malummi-e1788268506606.jpg\" \/>\n\t<meta property=\"og:image:width\" content=\"900\" \/>\n\t<meta property=\"og:image:height\" content=\"510\" \/>\n\t<meta property=\"og:image:type\" content=\"image\/jpeg\" \/>\n<meta name=\"author\" content=\"Fabian Renz\" \/>\n<meta name=\"twitter:card\" content=\"summary_large_image\" \/>\n<meta name=\"twitter:creator\" content=\"@smusikzeitung\" \/>\n<meta name=\"twitter:site\" content=\"@smusikzeitung\" \/>\n<meta name=\"twitter:label1\" content=\"Scritto da\" \/>\n\t<meta name=\"twitter:data1\" content=\"Fabian Renz\" \/>\n\t<meta name=\"twitter:label2\" content=\"Tempo di lettura stimato\" \/>\n\t<meta name=\"twitter:data2\" content=\"3 minuti\" \/>\n<script type=\"application\/ld+json\" class=\"yoast-schema-graph\">{\"@context\":\"https:\\\/\\\/schema.org\",\"@graph\":[{\"@type\":\"Article\",\"@id\":\"https:\\\/\\\/www.musikzeitung.ch\\\/rezensionen\\\/tontraeger-rezensionen\\\/2026\\\/09\\\/wunden-warm-verpackt#article\",\"isPartOf\":{\"@id\":\"https:\\\/\\\/www.musikzeitung.ch\\\/rezensionen\\\/tontraeger-rezensionen\\\/2026\\\/09\\\/wunden-warm-verpackt\"},\"author\":{\"name\":\"Fabian Renz\",\"@id\":\"https:\\\/\\\/www.musikzeitung.ch\\\/#\\\/schema\\\/person\\\/d5e2affbc30912ae581f457f8993d034\"},\"headline\":\"Wunden, warm verpackt\",\"datePublished\":\"2026-09-01T08:02:24+00:00\",\"dateModified\":\"2026-09-01T13:15:16+00:00\",\"mainEntityOfPage\":{\"@id\":\"https:\\\/\\\/www.musikzeitung.ch\\\/rezensionen\\\/tontraeger-rezensionen\\\/2026\\\/09\\\/wunden-warm-verpackt\"},\"wordCount\":312,\"publisher\":{\"@id\":\"https:\\\/\\\/www.musikzeitung.ch\\\/#organization\"},\"image\":{\"@id\":\"https:\\\/\\\/www.musikzeitung.ch\\\/rezensionen\\\/tontraeger-rezensionen\\\/2026\\\/09\\\/wunden-warm-verpackt#primaryimage\"},\"thumbnailUrl\":\"https:\\\/\\\/www.musikzeitung.ch\\\/wp-content\\\/uploads\\\/2026\\\/09\\\/malummi-e1788268833615.jpg\",\"keywords\":[\"Damaged By Their Silence\",\"Malummi\"],\"articleSection\":[\"Rezensionen\",\"Tontr\u00e4ger\"],\"inLanguage\":\"it-IT\"},{\"@type\":\"WebPage\",\"@id\":\"https:\\\/\\\/www.musikzeitung.ch\\\/rezensionen\\\/tontraeger-rezensionen\\\/2026\\\/09\\\/wunden-warm-verpackt\",\"url\":\"https:\\\/\\\/www.musikzeitung.ch\\\/rezensionen\\\/tontraeger-rezensionen\\\/2026\\\/09\\\/wunden-warm-verpackt\",\"name\":\"Wunden, warm verpackt - Schweizer Musikzeitung\",\"isPartOf\":{\"@id\":\"https:\\\/\\\/www.musikzeitung.ch\\\/#website\"},\"primaryImageOfPage\":{\"@id\":\"https:\\\/\\\/www.musikzeitung.ch\\\/rezensionen\\\/tontraeger-rezensionen\\\/2026\\\/09\\\/wunden-warm-verpackt#primaryimage\"},\"image\":{\"@id\":\"https:\\\/\\\/www.musikzeitung.ch\\\/rezensionen\\\/tontraeger-rezensionen\\\/2026\\\/09\\\/wunden-warm-verpackt#primaryimage\"},\"thumbnailUrl\":\"https:\\\/\\\/www.musikzeitung.ch\\\/wp-content\\\/uploads\\\/2026\\\/09\\\/malummi-e1788268833615.jpg\",\"datePublished\":\"2026-09-01T08:02:24+00:00\",\"dateModified\":\"2026-09-01T13:15:16+00:00\",\"breadcrumb\":{\"@id\":\"https:\\\/\\\/www.musikzeitung.ch\\\/rezensionen\\\/tontraeger-rezensionen\\\/2026\\\/09\\\/wunden-warm-verpackt#breadcrumb\"},\"inLanguage\":\"it-IT\",\"potentialAction\":[{\"@type\":\"ReadAction\",\"target\":[\"https:\\\/\\\/www.musikzeitung.ch\\\/rezensionen\\\/tontraeger-rezensionen\\\/2026\\\/09\\\/wunden-warm-verpackt\"]}]},{\"@type\":\"ImageObject\",\"inLanguage\":\"it-IT\",\"@id\":\"https:\\\/\\\/www.musikzeitung.ch\\\/rezensionen\\\/tontraeger-rezensionen\\\/2026\\\/09\\\/wunden-warm-verpackt#primaryimage\",\"url\":\"https:\\\/\\\/www.musikzeitung.ch\\\/wp-content\\\/uploads\\\/2026\\\/09\\\/malummi-e1788268833615.jpg\",\"contentUrl\":\"https:\\\/\\\/www.musikzeitung.ch\\\/wp-content\\\/uploads\\\/2026\\\/09\\\/malummi-e1788268833615.jpg\",\"width\":900,\"height\":496},{\"@type\":\"BreadcrumbList\",\"@id\":\"https:\\\/\\\/www.musikzeitung.ch\\\/rezensionen\\\/tontraeger-rezensionen\\\/2026\\\/09\\\/wunden-warm-verpackt#breadcrumb\",\"itemListElement\":[{\"@type\":\"ListItem\",\"position\":1,\"name\":\"Home\",\"item\":\"https:\\\/\\\/www.musikzeitung.ch\\\/\"},{\"@type\":\"ListItem\",\"position\":2,\"name\":\"Wunden, warm verpackt\"}]},{\"@type\":\"WebSite\",\"@id\":\"https:\\\/\\\/www.musikzeitung.ch\\\/#website\",\"url\":\"https:\\\/\\\/www.musikzeitung.ch\\\/\",\"name\":\"Schweizer Musikzeitung\",\"description\":\"Die f\u00fchrende sparten\u00fcbergreifende Monatszeitung in der Schweiz f\u00fcr musikalische Fragen.\",\"publisher\":{\"@id\":\"https:\\\/\\\/www.musikzeitung.ch\\\/#organization\"},\"potentialAction\":[{\"@type\":\"SearchAction\",\"target\":{\"@type\":\"EntryPoint\",\"urlTemplate\":\"https:\\\/\\\/www.musikzeitung.ch\\\/?s={search_term_string}\"},\"query-input\":{\"@type\":\"PropertyValueSpecification\",\"valueRequired\":true,\"valueName\":\"search_term_string\"}}],\"inLanguage\":\"it-IT\"},{\"@type\":\"Organization\",\"@id\":\"https:\\\/\\\/www.musikzeitung.ch\\\/#organization\",\"name\":\"Schweizer Musikzeitung\",\"url\":\"https:\\\/\\\/www.musikzeitung.ch\\\/\",\"logo\":{\"@type\":\"ImageObject\",\"inLanguage\":\"it-IT\",\"@id\":\"https:\\\/\\\/www.musikzeitung.ch\\\/#\\\/schema\\\/logo\\\/image\\\/\",\"url\":\"https:\\\/\\\/www.musikzeitung.ch\\\/wp-content\\\/uploads\\\/2023\\\/01\\\/SMZ_Schriftzug_Sprache.png\",\"contentUrl\":\"https:\\\/\\\/www.musikzeitung.ch\\\/wp-content\\\/uploads\\\/2023\\\/01\\\/SMZ_Schriftzug_Sprache.png\",\"width\":1400,\"height\":279,\"caption\":\"Schweizer Musikzeitung\"},\"image\":{\"@id\":\"https:\\\/\\\/www.musikzeitung.ch\\\/#\\\/schema\\\/logo\\\/image\\\/\"},\"sameAs\":[\"https:\\\/\\\/www.facebook.com\\\/SchweizerMusikzeitung\\\/\",\"https:\\\/\\\/x.com\\\/smusikzeitung\",\"https:\\\/\\\/www.instagram.com\\\/musikzeitung.ch\\\/\"]},{\"@type\":\"Person\",\"@id\":\"https:\\\/\\\/www.musikzeitung.ch\\\/#\\\/schema\\\/person\\\/d5e2affbc30912ae581f457f8993d034\",\"name\":\"Fabian Renz\",\"image\":{\"@type\":\"ImageObject\",\"inLanguage\":\"it-IT\",\"@id\":\"https:\\\/\\\/secure.gravatar.com\\\/avatar\\\/2d30a35a3fc008c3c0ccb0a1e6758ef4a34aad80df2ce102b470992541cd3b66?s=96&d=mm&r=g\",\"url\":\"https:\\\/\\\/secure.gravatar.com\\\/avatar\\\/2d30a35a3fc008c3c0ccb0a1e6758ef4a34aad80df2ce102b470992541cd3b66?s=96&d=mm&r=g\",\"contentUrl\":\"https:\\\/\\\/secure.gravatar.com\\\/avatar\\\/2d30a35a3fc008c3c0ccb0a1e6758ef4a34aad80df2ce102b470992541cd3b66?s=96&d=mm&r=g\",\"caption\":\"Fabian Renz\"},\"url\":\"https:\\\/\\\/www.musikzeitung.ch\\\/it\\\/author\\\/fabian-renz\"}]}<\/script>\n<!-- \/ Yoast SEO plugin. -->","yoast_head_json":{"title":"Wunden, warm verpackt - Schweizer Musikzeitung","robots":{"index":"index","follow":"follow","max-snippet":"max-snippet:-1","max-image-preview":"max-image-preview:large","max-video-preview":"max-video-preview:-1"},"canonical":"https:\/\/www.musikzeitung.ch\/it\/rezensionen\/tontraeger-rezensionen\/2026\/09\/wunden-warm-verpackt\/","og_locale":"it_IT","og_type":"article","og_title":"Wunden, warm verpackt - Schweizer Musikzeitung","og_description":"Auf seinem dritten Album h\u00e4lt das Basler Trio Malumm\u00ed am Folk- und Indie-Pop fest, pr\u00e4sentiert sich aber pers\u00f6nlicher. Die neun St\u00fccke verweben schonungslose Verletzlichkeit mit tr\u00f6stenden Klangfarben.","og_url":"https:\/\/www.musikzeitung.ch\/it\/rezensionen\/tontraeger-rezensionen\/2026\/09\/wunden-warm-verpackt\/","og_site_name":"Schweizer Musikzeitung","article_publisher":"https:\/\/www.facebook.com\/SchweizerMusikzeitung\/","article_published_time":"2026-09-01T08:02:24+00:00","article_modified_time":"2026-09-01T13:15:16+00:00","og_image":[{"width":900,"height":510,"url":"https:\/\/www.musikzeitung.ch\/wp-content\/uploads\/2026\/09\/malummi-e1788268506606.jpg","type":"image\/jpeg"}],"author":"Fabian Renz","twitter_card":"summary_large_image","twitter_creator":"@smusikzeitung","twitter_site":"@smusikzeitung","twitter_misc":{"Scritto da":"Fabian Renz","Tempo di lettura stimato":"3 minuti"},"schema":{"@context":"https:\/\/schema.org","@graph":[{"@type":"Article","@id":"https:\/\/www.musikzeitung.ch\/rezensionen\/tontraeger-rezensionen\/2026\/09\/wunden-warm-verpackt#article","isPartOf":{"@id":"https:\/\/www.musikzeitung.ch\/rezensionen\/tontraeger-rezensionen\/2026\/09\/wunden-warm-verpackt"},"author":{"name":"Fabian Renz","@id":"https:\/\/www.musikzeitung.ch\/#\/schema\/person\/d5e2affbc30912ae581f457f8993d034"},"headline":"Wunden, warm verpackt","datePublished":"2026-09-01T08:02:24+00:00","dateModified":"2026-09-01T13:15:16+00:00","mainEntityOfPage":{"@id":"https:\/\/www.musikzeitung.ch\/rezensionen\/tontraeger-rezensionen\/2026\/09\/wunden-warm-verpackt"},"wordCount":312,"publisher":{"@id":"https:\/\/www.musikzeitung.ch\/#organization"},"image":{"@id":"https:\/\/www.musikzeitung.ch\/rezensionen\/tontraeger-rezensionen\/2026\/09\/wunden-warm-verpackt#primaryimage"},"thumbnailUrl":"https:\/\/www.musikzeitung.ch\/wp-content\/uploads\/2026\/09\/malummi-e1788268833615.jpg","keywords":["Damaged By Their Silence","Malummi"],"articleSection":["Rezensionen","Tontr\u00e4ger"],"inLanguage":"it-IT"},{"@type":"WebPage","@id":"https:\/\/www.musikzeitung.ch\/rezensionen\/tontraeger-rezensionen\/2026\/09\/wunden-warm-verpackt","url":"https:\/\/www.musikzeitung.ch\/rezensionen\/tontraeger-rezensionen\/2026\/09\/wunden-warm-verpackt","name":"Wunden, warm verpackt - Schweizer Musikzeitung","isPartOf":{"@id":"https:\/\/www.musikzeitung.ch\/#website"},"primaryImageOfPage":{"@id":"https:\/\/www.musikzeitung.ch\/rezensionen\/tontraeger-rezensionen\/2026\/09\/wunden-warm-verpackt#primaryimage"},"image":{"@id":"https:\/\/www.musikzeitung.ch\/rezensionen\/tontraeger-rezensionen\/2026\/09\/wunden-warm-verpackt#primaryimage"},"thumbnailUrl":"https:\/\/www.musikzeitung.ch\/wp-content\/uploads\/2026\/09\/malummi-e1788268833615.jpg","datePublished":"2026-09-01T08:02:24+00:00","dateModified":"2026-09-01T13:15:16+00:00","breadcrumb":{"@id":"https:\/\/www.musikzeitung.ch\/rezensionen\/tontraeger-rezensionen\/2026\/09\/wunden-warm-verpackt#breadcrumb"},"inLanguage":"it-IT","potentialAction":[{"@type":"ReadAction","target":["https:\/\/www.musikzeitung.ch\/rezensionen\/tontraeger-rezensionen\/2026\/09\/wunden-warm-verpackt"]}]},{"@type":"ImageObject","inLanguage":"it-IT","@id":"https:\/\/www.musikzeitung.ch\/rezensionen\/tontraeger-rezensionen\/2026\/09\/wunden-warm-verpackt#primaryimage","url":"https:\/\/www.musikzeitung.ch\/wp-content\/uploads\/2026\/09\/malummi-e1788268833615.jpg","contentUrl":"https:\/\/www.musikzeitung.ch\/wp-content\/uploads\/2026\/09\/malummi-e1788268833615.jpg","width":900,"height":496},{"@type":"BreadcrumbList","@id":"https:\/\/www.musikzeitung.ch\/rezensionen\/tontraeger-rezensionen\/2026\/09\/wunden-warm-verpackt#breadcrumb","itemListElement":[{"@type":"ListItem","position":1,"name":"Home","item":"https:\/\/www.musikzeitung.ch\/"},{"@type":"ListItem","position":2,"name":"Wunden, warm verpackt"}]},{"@type":"WebSite","@id":"https:\/\/www.musikzeitung.ch\/#website","url":"https:\/\/www.musikzeitung.ch\/","name":"Giornale musicale svizzero","description":"Il principale mensile interdisciplinare della Svizzera per le questioni musicali.","publisher":{"@id":"https:\/\/www.musikzeitung.ch\/#organization"},"potentialAction":[{"@type":"SearchAction","target":{"@type":"EntryPoint","urlTemplate":"https:\/\/www.musikzeitung.ch\/?s={search_term_string}"},"query-input":{"@type":"PropertyValueSpecification","valueRequired":true,"valueName":"search_term_string"}}],"inLanguage":"it-IT"},{"@type":"Organization","@id":"https:\/\/www.musikzeitung.ch\/#organization","name":"Giornale musicale svizzero","url":"https:\/\/www.musikzeitung.ch\/","logo":{"@type":"ImageObject","inLanguage":"it-IT","@id":"https:\/\/www.musikzeitung.ch\/#\/schema\/logo\/image\/","url":"https:\/\/www.musikzeitung.ch\/wp-content\/uploads\/2023\/01\/SMZ_Schriftzug_Sprache.png","contentUrl":"https:\/\/www.musikzeitung.ch\/wp-content\/uploads\/2023\/01\/SMZ_Schriftzug_Sprache.png","width":1400,"height":279,"caption":"Schweizer Musikzeitung"},"image":{"@id":"https:\/\/www.musikzeitung.ch\/#\/schema\/logo\/image\/"},"sameAs":["https:\/\/www.facebook.com\/SchweizerMusikzeitung\/","https:\/\/x.com\/smusikzeitung","https:\/\/www.instagram.com\/musikzeitung.ch\/"]},{"@type":"Person","@id":"https:\/\/www.musikzeitung.ch\/#\/schema\/person\/d5e2affbc30912ae581f457f8993d034","name":"Fabian Renz","image":{"@type":"ImageObject","inLanguage":"it-IT","@id":"https:\/\/secure.gravatar.com\/avatar\/2d30a35a3fc008c3c0ccb0a1e6758ef4a34aad80df2ce102b470992541cd3b66?s=96&d=mm&r=g","url":"https:\/\/secure.gravatar.com\/avatar\/2d30a35a3fc008c3c0ccb0a1e6758ef4a34aad80df2ce102b470992541cd3b66?s=96&d=mm&r=g","contentUrl":"https:\/\/secure.gravatar.com\/avatar\/2d30a35a3fc008c3c0ccb0a1e6758ef4a34aad80df2ce102b470992541cd3b66?s=96&d=mm&r=g","caption":"Fabian Renz"},"url":"https:\/\/www.musikzeitung.ch\/it\/author\/fabian-renz"}]}},"publishpress_future_workflow_manual_trigger":{"enabledWorkflows":[]},"_links":{"self":[{"href":"https:\/\/www.musikzeitung.ch\/it\/wp-json\/wp\/v2\/posts\/75030","targetHints":{"allow":["GET"]}}],"collection":[{"href":"https:\/\/www.musikzeitung.ch\/it\/wp-json\/wp\/v2\/posts"}],"about":[{"href":"https:\/\/www.musikzeitung.ch\/it\/wp-json\/wp\/v2\/types\/post"}],"author":[{"embeddable":true,"href":"https:\/\/www.musikzeitung.ch\/it\/wp-json\/wp\/v2\/users\/58087"}],"replies":[{"embeddable":true,"href":"https:\/\/www.musikzeitung.ch\/it\/wp-json\/wp\/v2\/comments?post=75030"}],"version-history":[{"count":4,"href":"https:\/\/www.musikzeitung.ch\/it\/wp-json\/wp\/v2\/posts\/75030\/revisions"}],"predecessor-version":[{"id":75032,"href":"https:\/\/www.musikzeitung.ch\/it\/wp-json\/wp\/v2\/posts\/75030\/revisions\/75032"}],"wp:featuredmedia":[{"embeddable":true,"href":"https:\/\/www.musikzeitung.ch\/it\/wp-json\/wp\/v2\/media\/75041"}],"wp:attachment":[{"href":"https:\/\/www.musikzeitung.ch\/it\/wp-json\/wp\/v2\/media?parent=75030"}],"wp:term":[{"taxonomy":"category","embeddable":true,"href":"https:\/\/www.musikzeitung.ch\/it\/wp-json\/wp\/v2\/categories?post=75030"},{"taxonomy":"post_tag","embeddable":true,"href":"https:\/\/www.musikzeitung.ch\/it\/wp-json\/wp\/v2\/tags?post=75030"}],"curies":[{"name":"wp","href":"https:\/\/api.w.org\/{rel}","templated":true}]}}