{"id":75197,"date":"2026-08-31T04:26:20","date_gmt":"2026-08-31T02:26:20","guid":{"rendered":"https:\/\/www.musikzeitung.ch\/?p=75197"},"modified":"2026-08-31T04:26:20","modified_gmt":"2026-08-31T02:26:20","slug":"ein-langes-engagement-zugunsten-der-musikerinnen","status":"publish","type":"post","link":"https:\/\/www.musikzeitung.ch\/it\/basis\/smv\/2026\/08\/ein-langes-engagement-zugunsten-der-musikerinnen","title":{"rendered":"Un impegno di lunga data a favore dei musicisti"},"content":{"rendered":"<p>In qualit\u00e0 di ex presidente centrale ed ex segretario centrale, ha contribuito in modo determinante a plasmare l\u2019SMV e si \u00e8 impegnato con grande dedizione a difesa degli interessi dei musicisti in Svizzera. Gli stavano particolarmente a cuore il miglioramento delle condizioni di lavoro, una forte rappresentanza degli interessi e il dialogo con la politica, le istituzioni e le organizzazioni partner. Con i suoi modi pacati e cordiali e la sua vasta esperienza ha lasciato un\u2019impronta duratura sull\u2019associazione. Ringraziamo di cuore Beat Santschi per il suo impegno pluriennale e gli auguriamo ogni bene per questa nuova fase della sua vita.<\/p>\n<p><strong>Breve biografia<\/strong><\/p>\n<p>Beat Santschi ha studiato chitarra e pianoforte, archeologia e antropologia culturale, direzione d\u2019orchestra e gestione culturale all\u2019Universit\u00e0 di Zurigo, alla Scuola di jazz di Lucerna, al Guitar Institute of Technology di Los Angeles e al Centro per la gestione culturale della ZHAW. Oltre alla sua attivit\u00e0 di chitarrista e manager culturale, si \u00e8 impegnato attivamente a favore degli interessi dei musicisti, non solo negli organi dell\u2019SMV (membro del Comitato centrale dal 1998, presidente centrale dell\u2019SMV dal 2009 al 2020, poi segretario centrale dal 2020 al 2026), ma anche in qualit\u00e0 di vicepresidente della Federazione Internazionale dei Musicisti (FIM), presidente della Coalizione svizzera per la diversit\u00e0 culturale e vicepresidente della Federazione internazionale delle coalizioni per la diversit\u00e0 culturale (IFCCD), nonch\u00e9 in qualit\u00e0 di membro del comitato direttivo di Swissperform e della Cooperativa svizzera degli interpreti SIG. Nel 2020 David Schneebeli, che gli \u00e8 succeduto come copresidente, ha scritto un elogio dal quale citiamo il seguente brano: \u201eBeat si dedicava a tutti i settori di attivit\u00e0 dell\u2019associazione con la stessa energia, era un interlocutore competente sia per il singolo membro che per i comitati di sezione o i rappresentanti di altre associazioni e autorit\u00e0. Beat attribuiva grande importanza alla collaborazione tra le associazioni di categoria a livello nazionale e internazionale.\u201c<\/p>\n<p><strong>Intervista<\/strong><\/p>\n<p>Le risposte alle nostre domande ci sono state fornite per iscritto.<\/p>\n<p><em>\u2013 Cosa ti \u00e8 rimasto impresso degli anni trascorsi nel Consiglio studentesco (SMV) al servizio dei musicisti?<\/em><\/p>\n<p>L'incontro con tantissime persone fantastiche provenienti da tanti paesi e culture diverse, e anche con alcune meno fantastiche, nonch\u00e9 l'impegno comune per il miglioramento delle condizioni di lavoro nel settore musicale.<\/p>\n<p>La situazione estrema e senza precedenti durante la pandemia, quando ai musicisti \u00e8 stato di fatto imposto un divieto di lavoro, il che ha colpito molto duramente soprattutto i liberi professionisti e ha messo a dura prova noi dell\u2019SMV. La gratitudine per il nostro aiuto d\u2019emergenza, ma anche le interminabili discussioni con alcuni membri riguardo alla vaccinazione contro il Covid e all\u2019obbligo di certificato, nonch\u00e9 il focolaio di contagio all\u2019OSR. La collaborazione molto intensa tra tutti i settori culturali e con le autorit\u00e0 federali, fino al consigliere federale Berset, nell\u2019ambito della Taskforce Culture.<\/p>\n<p>Tappe fondamentali come la campagna contro i salari da fame nella produzione di Aida a Pf\u00e4ffikon (ZH) nel 2013, il centenario dell\u2019SMV nel 2014 \u2013 in occasione del quale siamo riusciti, tra l\u2019altro, a mettere in scena una grande orchestra composta da membri dell\u2019SMV provenienti da tutta la Svizzera per il concerto celebrativo all\u2019Opernhaus di Zurigo, durante il quale tutti hanno suonato gratuitamente in segno di solidariet\u00e0, compreso il direttore d\u2019orchestra Mario Venzago \u2013, le trattative di fusione con le altre associazioni di musicisti professionisti del 2017, fallite a causa di resistenze interne \u2013 da cui \u00e8 nata Sonart \u2013, l\u2019integrazione dei regolamenti tariffari della SMV nel nuovo modello di sostegno alle orchestre a Basilea o il lavoro molto impegnativo e coronato da successo per l\u2019organizzazione del Congresso FIM presso l\u2019OIL a Ginevra e per il progetto \u00abTarifampel\u00bb dello scorso anno.<\/p>\n<p><em>\u2013 Quali sviluppi hai osservato nel corso degli anni in seno al consiglio direttivo, in qualit\u00e0 di presidente e di segretario centrale?<\/em><\/p>\n<p>Quando negli anni \u201990 ho iniziato a impegnarmi nell\u2019SMV, l\u2019associazione mi sembrava piuttosto antiquata. Allo stesso tempo, per\u00f2, per i musicisti era del tutto naturale esserne membri, senza chiedersi continuamente quali vantaggi l\u2019adesione comportasse per il singolo. Con l\u2019individualizzazione e la perdita di solidariet\u00e0 della societ\u00e0 nei decenni successivi, i vantaggi personali e i servizi offerti sono passati in primo piano per molti (potenziali) membri, talvolta con interessi molto specifici. Spesso \u00e8 stato necessario intervenire per non perdere di vista il quadro generale.<\/p>\n<p>Allo stesso tempo, i requisiti relativi all\u2019attivit\u00e0 associativa sono aumentati a causa delle crescenti aspettative sia dall\u2019esterno che dall\u2019interno, il che ha richiesto una certa professionalizzazione anche nella gestione dell\u2019associazione. Fortunatamente, per\u00f2, siamo riusciti a generare risorse aggiuntive nell\u2019ambito del programma di sostegno alle associazioni KuOr del BAK.<\/p>\n<p><em>\u2013 Quali sono, secondo te, le sfide che attendono i musicisti, oggi e in futuro?<\/em><\/p>\n<p>Ottenere un reddito sostenibile grazie alle registrazioni musicali non \u00e8 pi\u00f9 un\u2019opzione valida per la maggior parte dei musicisti al giorno d\u2019oggi, almeno da quando le piattaforme di streaming si sono affermate come fonte primaria per i consumatori, senza che la questione del compenso per chi crea la musica sia stata affrontata seriamente. A ci\u00f2 si aggiunge ora la produzione musicale basata sull\u2019IA generativa, resa possibile solo dall\u2019addestramento dei modelli con registrazioni esistenti realizzate da esseri umani. Anche queste piattaforme privano gli autori e gli interpreti di tutto senza dare nulla in cambio, senza che la politica intervenga in modo serio.<\/p>\n<p>Rimane quindi solo la performance dal vivo, il concerto, lo spettacolo. La sfida consiste ora nell\u2019ottenere compensi adeguati che consentano di guadagnarsi da vivere. A tal fine, nella maggior parte dei casi, \u00e8 necessario un sostegno alla cultura adeguatamente finanziato e, di conseguenza, una volont\u00e0 politica. \u00c8 prevedibile che vedremo politici convinti che si possa risparmiare, ad esempio, sui sussidi destinati a questa o quella orchestra sinfonica, dato che al giorno d\u2019oggi chiunque pu\u00f2 diventare musicista con pochi clic utilizzando piattaforme di intelligenza artificiale. Nel settore della musica pop esistono gi\u00e0 band olografiche che riempiono le sale anche in Svizzera, sebbene sul palco non ci sia nemmeno una persona in carne e ossa. Su questo punto, per\u00f2, sono pi\u00f9 ottimista: credo che le persone continueranno ancora a lungo a provare un piacere particolare nell\u2019ascoltare la musica dal vivo eseguita da esseri umani e saranno anche disposte a pagare per questo.<\/p>\n<p><em>\u2013 Quanto ritieni importante la cooperazione internazionale per i sindacati dei musicisti?<\/em><\/p>\n<p>La cooperazione internazionale e la solidariet\u00e0 tra i sindacati dei musicisti sono assolutamente indispensabili, soprattutto in questi tempi di anti-multilateralismo sulla scena politica. Oserei affermare che, in alcuni casi, l\u2019SMV intrattiene rapporti ben pi\u00f9 costruttivi e orientati al futuro, ad esempio con i colleghi europei e americani, rispetto al Consiglio federale e al Parlamento. Ad esempio, ci impegniamo congiuntamente, anche nell\u2019ambito di organizzazioni internazionali come la WIPO, a favore di una regolamentazione dell\u2019intelligenza artificiale generativa a tutela degli autori e degli interpreti, cosa che sembra interessare ben poco i nostri governi.<\/p>\n<p>Fortunatamente, l\u2019SMV pu\u00f2 continuare a svolgere un ruolo determinante all\u2019interno della F\u00e9d\u00e9ration Internationale des Musiciens (FIM).<\/p>","protected":false},"excerpt":{"rendered":"<p>Dopo molti anni di attivit\u00e0 dedicata, Beat Santschi va in pensione, godendosi il meritato riposo. <\/p>","protected":false},"author":43673,"featured_media":75199,"comment_status":"closed","ping_status":"closed","sticky":false,"template":"","format":"standard","meta":{"_acf_changed":false,"_relevanssi_hide_post":"","_relevanssi_hide_content":"","_relevanssi_pin_for_all":"","_relevanssi_pin_keywords":"","_relevanssi_unpin_keywords":"","_relevanssi_related_keywords":"","_relevanssi_related_include_ids":"","_relevanssi_related_exclude_ids":"","_relevanssi_related_no_append":"","_relevanssi_related_not_related":"","_relevanssi_related_posts":"","_relevanssi_noindex_reason":"","pgc_sgb_lightbox_settings":"","footnotes":""},"categories":[53],"tags":[5823],"class_list":["post-75197","post","type-post","status-publish","format-standard","has-post-thumbnail","hentry","category-smv","tag-beat-santschi"],"acf":{"author":"SMV"},"yoast_head":"<!-- This site is optimized with the Yoast SEO plugin v28.3 - https:\/\/yoast.com\/product\/yoast-seo-wordpress\/ -->\n<title>Ein langes Engagement zugunsten der Musiker*innen - Schweizer Musikzeitung<\/title>\n<meta name=\"robots\" content=\"index, follow, max-snippet:-1, max-image-preview:large, max-video-preview:-1\" \/>\n<link rel=\"canonical\" href=\"https:\/\/www.musikzeitung.ch\/it\/basis\/smv\/2026\/08\/ein-langes-engagement-zugunsten-der-musikerinnen\/\" \/>\n<meta property=\"og:locale\" content=\"it_IT\" \/>\n<meta property=\"og:type\" content=\"article\" \/>\n<meta property=\"og:title\" content=\"Ein langes Engagement zugunsten der Musiker*innen - Schweizer Musikzeitung\" \/>\n<meta property=\"og:description\" content=\"Nach vielen Jahren engagierter T\u00e4tigkeit tritt Beat Santschi in den wohlverdienten Ruhestand.\" \/>\n<meta property=\"og:url\" content=\"https:\/\/www.musikzeitung.ch\/it\/basis\/smv\/2026\/08\/ein-langes-engagement-zugunsten-der-musikerinnen\/\" \/>\n<meta property=\"og:site_name\" content=\"Schweizer Musikzeitung\" \/>\n<meta property=\"article:publisher\" content=\"https:\/\/www.facebook.com\/SchweizerMusikzeitung\/\" \/>\n<meta property=\"article:published_time\" content=\"2026-08-31T02:26:20+00:00\" \/>\n<meta property=\"og:image\" content=\"https:\/\/www.musikzeitung.ch\/wp-content\/uploads\/2026\/08\/5e-Beat-Santschi-couleur-\u00a9-Amanda-Nikolic.png\" \/>\n\t<meta property=\"og:image:width\" content=\"635\" \/>\n\t<meta property=\"og:image:height\" content=\"458\" \/>\n\t<meta property=\"og:image:type\" content=\"image\/png\" \/>\n<meta name=\"author\" content=\"Laurent Mettraux\" \/>\n<meta name=\"twitter:card\" content=\"summary_large_image\" \/>\n<meta name=\"twitter:creator\" content=\"@smusikzeitung\" \/>\n<meta name=\"twitter:site\" content=\"@smusikzeitung\" \/>\n<meta name=\"twitter:label1\" content=\"Scritto da\" \/>\n\t<meta name=\"twitter:data1\" content=\"Laurent Mettraux\" \/>\n\t<meta name=\"twitter:label2\" content=\"Tempo di lettura stimato\" \/>\n\t<meta name=\"twitter:data2\" content=\"6 minuti\" \/>\n<script type=\"application\/ld+json\" class=\"yoast-schema-graph\">{\"@context\":\"https:\\\/\\\/schema.org\",\"@graph\":[{\"@type\":\"Article\",\"@id\":\"https:\\\/\\\/www.musikzeitung.ch\\\/basis\\\/smv\\\/2026\\\/08\\\/ein-langes-engagement-zugunsten-der-musikerinnen#article\",\"isPartOf\":{\"@id\":\"https:\\\/\\\/www.musikzeitung.ch\\\/basis\\\/smv\\\/2026\\\/08\\\/ein-langes-engagement-zugunsten-der-musikerinnen\"},\"author\":{\"name\":\"Laurent Mettraux\",\"@id\":\"https:\\\/\\\/www.musikzeitung.ch\\\/#\\\/schema\\\/person\\\/a70ee96522ef273659c9bcd9b68e5321\"},\"headline\":\"Ein langes Engagement zugunsten der Musiker*innen\",\"datePublished\":\"2026-08-31T02:26:20+00:00\",\"mainEntityOfPage\":{\"@id\":\"https:\\\/\\\/www.musikzeitung.ch\\\/basis\\\/smv\\\/2026\\\/08\\\/ein-langes-engagement-zugunsten-der-musikerinnen\"},\"wordCount\":1082,\"publisher\":{\"@id\":\"https:\\\/\\\/www.musikzeitung.ch\\\/#organization\"},\"image\":{\"@id\":\"https:\\\/\\\/www.musikzeitung.ch\\\/basis\\\/smv\\\/2026\\\/08\\\/ein-langes-engagement-zugunsten-der-musikerinnen#primaryimage\"},\"thumbnailUrl\":\"https:\\\/\\\/www.musikzeitung.ch\\\/wp-content\\\/uploads\\\/2026\\\/08\\\/5e-Beat-Santschi-couleur-\u00a9-Amanda-Nikolic.png\",\"keywords\":[\"Beat Santschi\"],\"articleSection\":[\"SMV\"],\"inLanguage\":\"it-IT\"},{\"@type\":\"WebPage\",\"@id\":\"https:\\\/\\\/www.musikzeitung.ch\\\/basis\\\/smv\\\/2026\\\/08\\\/ein-langes-engagement-zugunsten-der-musikerinnen\",\"url\":\"https:\\\/\\\/www.musikzeitung.ch\\\/basis\\\/smv\\\/2026\\\/08\\\/ein-langes-engagement-zugunsten-der-musikerinnen\",\"name\":\"Ein langes Engagement zugunsten der Musiker*innen - Schweizer Musikzeitung\",\"isPartOf\":{\"@id\":\"https:\\\/\\\/www.musikzeitung.ch\\\/#website\"},\"primaryImageOfPage\":{\"@id\":\"https:\\\/\\\/www.musikzeitung.ch\\\/basis\\\/smv\\\/2026\\\/08\\\/ein-langes-engagement-zugunsten-der-musikerinnen#primaryimage\"},\"image\":{\"@id\":\"https:\\\/\\\/www.musikzeitung.ch\\\/basis\\\/smv\\\/2026\\\/08\\\/ein-langes-engagement-zugunsten-der-musikerinnen#primaryimage\"},\"thumbnailUrl\":\"https:\\\/\\\/www.musikzeitung.ch\\\/wp-content\\\/uploads\\\/2026\\\/08\\\/5e-Beat-Santschi-couleur-\u00a9-Amanda-Nikolic.png\",\"datePublished\":\"2026-08-31T02:26:20+00:00\",\"breadcrumb\":{\"@id\":\"https:\\\/\\\/www.musikzeitung.ch\\\/basis\\\/smv\\\/2026\\\/08\\\/ein-langes-engagement-zugunsten-der-musikerinnen#breadcrumb\"},\"inLanguage\":\"it-IT\",\"potentialAction\":[{\"@type\":\"ReadAction\",\"target\":[\"https:\\\/\\\/www.musikzeitung.ch\\\/basis\\\/smv\\\/2026\\\/08\\\/ein-langes-engagement-zugunsten-der-musikerinnen\"]}]},{\"@type\":\"ImageObject\",\"inLanguage\":\"it-IT\",\"@id\":\"https:\\\/\\\/www.musikzeitung.ch\\\/basis\\\/smv\\\/2026\\\/08\\\/ein-langes-engagement-zugunsten-der-musikerinnen#primaryimage\",\"url\":\"https:\\\/\\\/www.musikzeitung.ch\\\/wp-content\\\/uploads\\\/2026\\\/08\\\/5e-Beat-Santschi-couleur-\u00a9-Amanda-Nikolic.png\",\"contentUrl\":\"https:\\\/\\\/www.musikzeitung.ch\\\/wp-content\\\/uploads\\\/2026\\\/08\\\/5e-Beat-Santschi-couleur-\u00a9-Amanda-Nikolic.png\",\"width\":635,\"height\":458,\"caption\":\"\u00a9 Amanda Nikolic\"},{\"@type\":\"BreadcrumbList\",\"@id\":\"https:\\\/\\\/www.musikzeitung.ch\\\/basis\\\/smv\\\/2026\\\/08\\\/ein-langes-engagement-zugunsten-der-musikerinnen#breadcrumb\",\"itemListElement\":[{\"@type\":\"ListItem\",\"position\":1,\"name\":\"Home\",\"item\":\"https:\\\/\\\/www.musikzeitung.ch\\\/\"},{\"@type\":\"ListItem\",\"position\":2,\"name\":\"Ein langes Engagement zugunsten der Musiker*innen\"}]},{\"@type\":\"WebSite\",\"@id\":\"https:\\\/\\\/www.musikzeitung.ch\\\/#website\",\"url\":\"https:\\\/\\\/www.musikzeitung.ch\\\/\",\"name\":\"Schweizer Musikzeitung\",\"description\":\"Die f\u00fchrende sparten\u00fcbergreifende Monatszeitung in der Schweiz f\u00fcr musikalische Fragen.\",\"publisher\":{\"@id\":\"https:\\\/\\\/www.musikzeitung.ch\\\/#organization\"},\"potentialAction\":[{\"@type\":\"SearchAction\",\"target\":{\"@type\":\"EntryPoint\",\"urlTemplate\":\"https:\\\/\\\/www.musikzeitung.ch\\\/?s={search_term_string}\"},\"query-input\":{\"@type\":\"PropertyValueSpecification\",\"valueRequired\":true,\"valueName\":\"search_term_string\"}}],\"inLanguage\":\"it-IT\"},{\"@type\":\"Organization\",\"@id\":\"https:\\\/\\\/www.musikzeitung.ch\\\/#organization\",\"name\":\"Schweizer Musikzeitung\",\"url\":\"https:\\\/\\\/www.musikzeitung.ch\\\/\",\"logo\":{\"@type\":\"ImageObject\",\"inLanguage\":\"it-IT\",\"@id\":\"https:\\\/\\\/www.musikzeitung.ch\\\/#\\\/schema\\\/logo\\\/image\\\/\",\"url\":\"https:\\\/\\\/www.musikzeitung.ch\\\/wp-content\\\/uploads\\\/2023\\\/01\\\/SMZ_Schriftzug_Sprache.png\",\"contentUrl\":\"https:\\\/\\\/www.musikzeitung.ch\\\/wp-content\\\/uploads\\\/2023\\\/01\\\/SMZ_Schriftzug_Sprache.png\",\"width\":1400,\"height\":279,\"caption\":\"Schweizer Musikzeitung\"},\"image\":{\"@id\":\"https:\\\/\\\/www.musikzeitung.ch\\\/#\\\/schema\\\/logo\\\/image\\\/\"},\"sameAs\":[\"https:\\\/\\\/www.facebook.com\\\/SchweizerMusikzeitung\\\/\",\"https:\\\/\\\/x.com\\\/smusikzeitung\",\"https:\\\/\\\/www.instagram.com\\\/musikzeitung.ch\\\/\"]},{\"@type\":\"Person\",\"@id\":\"https:\\\/\\\/www.musikzeitung.ch\\\/#\\\/schema\\\/person\\\/a70ee96522ef273659c9bcd9b68e5321\",\"name\":\"Laurent Mettraux\",\"image\":{\"@type\":\"ImageObject\",\"inLanguage\":\"it-IT\",\"@id\":\"https:\\\/\\\/secure.gravatar.com\\\/avatar\\\/0ff4c55a3beaca23cf8ac030f6a4d207c5c42f40aa03f3accbc97af09da0d956?s=96&d=mm&r=g\",\"url\":\"https:\\\/\\\/secure.gravatar.com\\\/avatar\\\/0ff4c55a3beaca23cf8ac030f6a4d207c5c42f40aa03f3accbc97af09da0d956?s=96&d=mm&r=g\",\"contentUrl\":\"https:\\\/\\\/secure.gravatar.com\\\/avatar\\\/0ff4c55a3beaca23cf8ac030f6a4d207c5c42f40aa03f3accbc97af09da0d956?s=96&d=mm&r=g\",\"caption\":\"Laurent Mettraux\"},\"url\":\"https:\\\/\\\/www.musikzeitung.ch\\\/it\\\/author\\\/laurent-mettraux\"}]}<\/script>\n<!-- \/ Yoast SEO plugin. -->","yoast_head_json":{"title":"Ein langes Engagement zugunsten der Musiker*innen - Schweizer Musikzeitung","robots":{"index":"index","follow":"follow","max-snippet":"max-snippet:-1","max-image-preview":"max-image-preview:large","max-video-preview":"max-video-preview:-1"},"canonical":"https:\/\/www.musikzeitung.ch\/it\/basis\/smv\/2026\/08\/ein-langes-engagement-zugunsten-der-musikerinnen\/","og_locale":"it_IT","og_type":"article","og_title":"Ein langes Engagement zugunsten der Musiker*innen - Schweizer Musikzeitung","og_description":"Nach vielen Jahren engagierter T\u00e4tigkeit tritt Beat Santschi in den wohlverdienten Ruhestand.","og_url":"https:\/\/www.musikzeitung.ch\/it\/basis\/smv\/2026\/08\/ein-langes-engagement-zugunsten-der-musikerinnen\/","og_site_name":"Schweizer Musikzeitung","article_publisher":"https:\/\/www.facebook.com\/SchweizerMusikzeitung\/","article_published_time":"2026-08-31T02:26:20+00:00","og_image":[{"width":635,"height":458,"url":"https:\/\/www.musikzeitung.ch\/wp-content\/uploads\/2026\/08\/5e-Beat-Santschi-couleur-\u00a9-Amanda-Nikolic.png","type":"image\/png"}],"author":"Laurent Mettraux","twitter_card":"summary_large_image","twitter_creator":"@smusikzeitung","twitter_site":"@smusikzeitung","twitter_misc":{"Scritto da":"Laurent Mettraux","Tempo di lettura stimato":"6 minuti"},"schema":{"@context":"https:\/\/schema.org","@graph":[{"@type":"Article","@id":"https:\/\/www.musikzeitung.ch\/basis\/smv\/2026\/08\/ein-langes-engagement-zugunsten-der-musikerinnen#article","isPartOf":{"@id":"https:\/\/www.musikzeitung.ch\/basis\/smv\/2026\/08\/ein-langes-engagement-zugunsten-der-musikerinnen"},"author":{"name":"Laurent Mettraux","@id":"https:\/\/www.musikzeitung.ch\/#\/schema\/person\/a70ee96522ef273659c9bcd9b68e5321"},"headline":"Ein langes Engagement zugunsten der Musiker*innen","datePublished":"2026-08-31T02:26:20+00:00","mainEntityOfPage":{"@id":"https:\/\/www.musikzeitung.ch\/basis\/smv\/2026\/08\/ein-langes-engagement-zugunsten-der-musikerinnen"},"wordCount":1082,"publisher":{"@id":"https:\/\/www.musikzeitung.ch\/#organization"},"image":{"@id":"https:\/\/www.musikzeitung.ch\/basis\/smv\/2026\/08\/ein-langes-engagement-zugunsten-der-musikerinnen#primaryimage"},"thumbnailUrl":"https:\/\/www.musikzeitung.ch\/wp-content\/uploads\/2026\/08\/5e-Beat-Santschi-couleur-\u00a9-Amanda-Nikolic.png","keywords":["Beat Santschi"],"articleSection":["SMV"],"inLanguage":"it-IT"},{"@type":"WebPage","@id":"https:\/\/www.musikzeitung.ch\/basis\/smv\/2026\/08\/ein-langes-engagement-zugunsten-der-musikerinnen","url":"https:\/\/www.musikzeitung.ch\/basis\/smv\/2026\/08\/ein-langes-engagement-zugunsten-der-musikerinnen","name":"Ein langes Engagement zugunsten der Musiker*innen - Schweizer Musikzeitung","isPartOf":{"@id":"https:\/\/www.musikzeitung.ch\/#website"},"primaryImageOfPage":{"@id":"https:\/\/www.musikzeitung.ch\/basis\/smv\/2026\/08\/ein-langes-engagement-zugunsten-der-musikerinnen#primaryimage"},"image":{"@id":"https:\/\/www.musikzeitung.ch\/basis\/smv\/2026\/08\/ein-langes-engagement-zugunsten-der-musikerinnen#primaryimage"},"thumbnailUrl":"https:\/\/www.musikzeitung.ch\/wp-content\/uploads\/2026\/08\/5e-Beat-Santschi-couleur-\u00a9-Amanda-Nikolic.png","datePublished":"2026-08-31T02:26:20+00:00","breadcrumb":{"@id":"https:\/\/www.musikzeitung.ch\/basis\/smv\/2026\/08\/ein-langes-engagement-zugunsten-der-musikerinnen#breadcrumb"},"inLanguage":"it-IT","potentialAction":[{"@type":"ReadAction","target":["https:\/\/www.musikzeitung.ch\/basis\/smv\/2026\/08\/ein-langes-engagement-zugunsten-der-musikerinnen"]}]},{"@type":"ImageObject","inLanguage":"it-IT","@id":"https:\/\/www.musikzeitung.ch\/basis\/smv\/2026\/08\/ein-langes-engagement-zugunsten-der-musikerinnen#primaryimage","url":"https:\/\/www.musikzeitung.ch\/wp-content\/uploads\/2026\/08\/5e-Beat-Santschi-couleur-\u00a9-Amanda-Nikolic.png","contentUrl":"https:\/\/www.musikzeitung.ch\/wp-content\/uploads\/2026\/08\/5e-Beat-Santschi-couleur-\u00a9-Amanda-Nikolic.png","width":635,"height":458,"caption":"\u00a9 Amanda Nikolic"},{"@type":"BreadcrumbList","@id":"https:\/\/www.musikzeitung.ch\/basis\/smv\/2026\/08\/ein-langes-engagement-zugunsten-der-musikerinnen#breadcrumb","itemListElement":[{"@type":"ListItem","position":1,"name":"Home","item":"https:\/\/www.musikzeitung.ch\/"},{"@type":"ListItem","position":2,"name":"Ein langes Engagement zugunsten der Musiker*innen"}]},{"@type":"WebSite","@id":"https:\/\/www.musikzeitung.ch\/#website","url":"https:\/\/www.musikzeitung.ch\/","name":"Giornale musicale svizzero","description":"Il principale mensile interdisciplinare della Svizzera per le questioni musicali.","publisher":{"@id":"https:\/\/www.musikzeitung.ch\/#organization"},"potentialAction":[{"@type":"SearchAction","target":{"@type":"EntryPoint","urlTemplate":"https:\/\/www.musikzeitung.ch\/?s={search_term_string}"},"query-input":{"@type":"PropertyValueSpecification","valueRequired":true,"valueName":"search_term_string"}}],"inLanguage":"it-IT"},{"@type":"Organization","@id":"https:\/\/www.musikzeitung.ch\/#organization","name":"Giornale musicale svizzero","url":"https:\/\/www.musikzeitung.ch\/","logo":{"@type":"ImageObject","inLanguage":"it-IT","@id":"https:\/\/www.musikzeitung.ch\/#\/schema\/logo\/image\/","url":"https:\/\/www.musikzeitung.ch\/wp-content\/uploads\/2023\/01\/SMZ_Schriftzug_Sprache.png","contentUrl":"https:\/\/www.musikzeitung.ch\/wp-content\/uploads\/2023\/01\/SMZ_Schriftzug_Sprache.png","width":1400,"height":279,"caption":"Schweizer Musikzeitung"},"image":{"@id":"https:\/\/www.musikzeitung.ch\/#\/schema\/logo\/image\/"},"sameAs":["https:\/\/www.facebook.com\/SchweizerMusikzeitung\/","https:\/\/x.com\/smusikzeitung","https:\/\/www.instagram.com\/musikzeitung.ch\/"]},{"@type":"Person","@id":"https:\/\/www.musikzeitung.ch\/#\/schema\/person\/a70ee96522ef273659c9bcd9b68e5321","name":"Laurent Mettraux","image":{"@type":"ImageObject","inLanguage":"it-IT","@id":"https:\/\/secure.gravatar.com\/avatar\/0ff4c55a3beaca23cf8ac030f6a4d207c5c42f40aa03f3accbc97af09da0d956?s=96&d=mm&r=g","url":"https:\/\/secure.gravatar.com\/avatar\/0ff4c55a3beaca23cf8ac030f6a4d207c5c42f40aa03f3accbc97af09da0d956?s=96&d=mm&r=g","contentUrl":"https:\/\/secure.gravatar.com\/avatar\/0ff4c55a3beaca23cf8ac030f6a4d207c5c42f40aa03f3accbc97af09da0d956?s=96&d=mm&r=g","caption":"Laurent Mettraux"},"url":"https:\/\/www.musikzeitung.ch\/it\/author\/laurent-mettraux"}]}},"publishpress_future_workflow_manual_trigger":{"enabledWorkflows":[]},"_links":{"self":[{"href":"https:\/\/www.musikzeitung.ch\/it\/wp-json\/wp\/v2\/posts\/75197","targetHints":{"allow":["GET"]}}],"collection":[{"href":"https:\/\/www.musikzeitung.ch\/it\/wp-json\/wp\/v2\/posts"}],"about":[{"href":"https:\/\/www.musikzeitung.ch\/it\/wp-json\/wp\/v2\/types\/post"}],"author":[{"embeddable":true,"href":"https:\/\/www.musikzeitung.ch\/it\/wp-json\/wp\/v2\/users\/43673"}],"replies":[{"embeddable":true,"href":"https:\/\/www.musikzeitung.ch\/it\/wp-json\/wp\/v2\/comments?post=75197"}],"version-history":[{"count":1,"href":"https:\/\/www.musikzeitung.ch\/it\/wp-json\/wp\/v2\/posts\/75197\/revisions"}],"predecessor-version":[{"id":75198,"href":"https:\/\/www.musikzeitung.ch\/it\/wp-json\/wp\/v2\/posts\/75197\/revisions\/75198"}],"wp:featuredmedia":[{"embeddable":true,"href":"https:\/\/www.musikzeitung.ch\/it\/wp-json\/wp\/v2\/media\/75199"}],"wp:attachment":[{"href":"https:\/\/www.musikzeitung.ch\/it\/wp-json\/wp\/v2\/media?parent=75197"}],"wp:term":[{"taxonomy":"category","embeddable":true,"href":"https:\/\/www.musikzeitung.ch\/it\/wp-json\/wp\/v2\/categories?post=75197"},{"taxonomy":"post_tag","embeddable":true,"href":"https:\/\/www.musikzeitung.ch\/it\/wp-json\/wp\/v2\/tags?post=75197"}],"curies":[{"name":"wp","href":"https:\/\/api.w.org\/{rel}","templated":true}]}}