{"id":75200,"date":"2026-08-31T09:08:50","date_gmt":"2026-08-31T07:08:50","guid":{"rendered":"https:\/\/www.musikzeitung.ch\/?p=75200"},"modified":"2026-08-31T09:29:13","modified_gmt":"2026-08-31T07:29:13","slug":"widmann-mit-roche-commission-2028-beauftragt","status":"publish","type":"post","link":"https:\/\/www.musikzeitung.ch\/it\/news\/2026\/08\/widmann-mit-roche-commission-2028-beauftragt","title":{"rendered":"Widmann incaricato della Roche Commission 2028"},"content":{"rendered":"<figure id=\"attachment_65859\" aria-describedby=\"caption-attachment-65859\" style=\"width: 768px\" class=\"wp-caption alignnone\"><img decoding=\"async\" class=\"size-large wp-image-65859\" src=\"https:\/\/www.musikzeitung.ch\/wp-content\/uploads\/2025\/06\/joerg_widmann_web-1024x604.jpg\" alt=\"\" width=\"768\" height=\"453\" srcset=\"https:\/\/www.musikzeitung.ch\/wp-content\/uploads\/2025\/06\/joerg_widmann_web-1024x604.jpg 1024w, https:\/\/www.musikzeitung.ch\/wp-content\/uploads\/2025\/06\/joerg_widmann_web-300x177.jpg 300w, https:\/\/www.musikzeitung.ch\/wp-content\/uploads\/2025\/06\/joerg_widmann_web-768x453.jpg 768w, https:\/\/www.musikzeitung.ch\/wp-content\/uploads\/2025\/06\/joerg_widmann_web-1536x907.jpg 1536w, https:\/\/www.musikzeitung.ch\/wp-content\/uploads\/2025\/06\/joerg_widmann_web-18x12.jpg 18w, https:\/\/www.musikzeitung.ch\/wp-content\/uploads\/2025\/06\/joerg_widmann_web-296x175.jpg 296w, https:\/\/www.musikzeitung.ch\/wp-content\/uploads\/2025\/06\/joerg_widmann_web-593x350.jpg 593w, https:\/\/www.musikzeitung.ch\/wp-content\/uploads\/2025\/06\/joerg_widmann_web-1355x800.jpg 1355w, https:\/\/www.musikzeitung.ch\/wp-content\/uploads\/2025\/06\/joerg_widmann_web-920x543.jpg 920w, https:\/\/www.musikzeitung.ch\/wp-content\/uploads\/2025\/06\/joerg_widmann_web.jpg 1400w\" sizes=\"(max-width: 768px) 100vw, 768px\" \/><figcaption id=\"caption-attachment-65859\" class=\"wp-caption-text\">Il compositore e clarinettista J\u00f6rg Widmann.<br \/>Foto: Marco Borggreve<\/figcaption><\/figure>\n<p>Nato a Monaco di Baviera nel 1973, J\u00f6rg Widmann ha studiato inizialmente clarinetto e successivamente composizione con Kay Westermann, Wilfried Hiller, Hans Werner Henze, Heiner Goebbels e Wolfgang Rihm. Le sue opere vengono eseguite in prima assoluta e regolarmente dalle orchestre pi\u00f9 prestigiose al mondo, quali la Filarmonica di Berlino e quella di Vienna, la New York Philharmonic, la Royal Concertgebouw Orchestra e la Cleveland Orchestra. Direttori d\u2019orchestra come Daniel Barenboim, Kent Nagano, Christian Thielemann, Sir Simon Rattle e Andris Nelsons portano la sua musica sui palcoscenici di tutto il mondo.<\/p>\n<p>Roche Commissions \u00e8 una collaborazione tra Roche, il Lucerne Festival e la Lucerne Festival Academy. Dal 2003, ogni due anni Roche commissiona un\u2019opera nuova a un compositore contemporaneo di spicco, su raccomandazione della direzione artistica della Lucerne Festival Academy. Le Commissions hanno l\u2019obiettivo di dare vita a opere musicali \u00abche vadano oltre le convenzioni e rappresentino una fonte di stimolo intellettuale e di sfida\u00bb.<\/p>\n<p>Il compositore collabora con diversi studiosi di spicco di Roche e, dopo due anni, l\u2019opera commissionata viene presentata in prima assoluta al Festival di Lucerna in estate. Le \u201cRoche Commissions\u201d nascono originariamente da una partnership tra Roche, la Cleveland Orchestra e la Carnegie Hall. Oggi questa collaborazione prosegue con il Festival di Lucerna e la Lucerne Festival Academy.<\/p>","protected":false},"excerpt":{"rendered":"<p>Il compositore, clarinettista e direttore d\u2019orchestra J\u00f6rg Widmann si \u00e8 aggiudicato la commissione compositiva per il 2028, che l\u2019azienda Roche assegna ogni anno nell\u2019ambito del Lucerne Festival.<\/p>","protected":false},"author":30,"featured_media":65859,"comment_status":"closed","ping_status":"closed","sticky":false,"template":"","format":"standard","meta":{"_acf_changed":false,"_relevanssi_hide_post":"","_relevanssi_hide_content":"","_relevanssi_pin_for_all":"","_relevanssi_pin_keywords":"","_relevanssi_unpin_keywords":"","_relevanssi_related_keywords":"","_relevanssi_related_include_ids":"","_relevanssi_related_exclude_ids":"","_relevanssi_related_no_append":"","_relevanssi_related_not_related":"","_relevanssi_related_posts":"","_relevanssi_noindex_reason":"","pgc_sgb_lightbox_settings":"","footnotes":""},"categories":[27,1624],"tags":[5019,2139,4272],"class_list":["post-75200","post","type-post","status-publish","format-standard","has-post-thumbnail","hentry","category-news","category-personen","tag-joerg-widmann","tag-lucerne-festival","tag-roche-commssion"],"acf":{"author":"PM\/SMZ\/wb"},"yoast_head":"<!-- This site is optimized with the Yoast SEO plugin v28.3 - https:\/\/yoast.com\/product\/yoast-seo-wordpress\/ -->\n<title>Widmann mit Roche Commission 2028 beauftragt - Schweizer Musikzeitung<\/title>\n<meta name=\"robots\" content=\"index, follow, max-snippet:-1, max-image-preview:large, max-video-preview:-1\" \/>\n<link rel=\"canonical\" href=\"https:\/\/www.musikzeitung.ch\/it\/news\/2026\/08\/widmann-mit-roche-commission-2028-beauftragt\/\" \/>\n<meta property=\"og:locale\" content=\"it_IT\" \/>\n<meta property=\"og:type\" content=\"article\" \/>\n<meta property=\"og:title\" content=\"Widmann mit Roche Commission 2028 beauftragt - Schweizer Musikzeitung\" \/>\n<meta property=\"og:description\" content=\"Der Komponist, Klarinettist und Dirigent J\u00f6rg Widmann erh\u00e4lt f\u00fcr 2028 den Kompositionsauftrag, den die Firma Roche jeweils im Rahmen des Lucerne Festival vergibt.\" \/>\n<meta property=\"og:url\" content=\"https:\/\/www.musikzeitung.ch\/it\/news\/2026\/08\/widmann-mit-roche-commission-2028-beauftragt\/\" \/>\n<meta property=\"og:site_name\" content=\"Schweizer Musikzeitung\" \/>\n<meta property=\"article:publisher\" content=\"https:\/\/www.facebook.com\/SchweizerMusikzeitung\/\" \/>\n<meta property=\"article:author\" content=\"https:\/\/www.facebook.com\/wolfgang.bohler.75\" \/>\n<meta property=\"article:published_time\" content=\"2026-08-31T07:08:50+00:00\" \/>\n<meta property=\"article:modified_time\" content=\"2026-08-31T07:29:13+00:00\" \/>\n<meta property=\"og:image\" content=\"https:\/\/www.musikzeitung.ch\/wp-content\/uploads\/2025\/06\/joerg_widmann_web.jpg\" \/>\n\t<meta property=\"og:image:width\" content=\"1400\" \/>\n\t<meta property=\"og:image:height\" content=\"826\" \/>\n\t<meta property=\"og:image:type\" content=\"image\/jpeg\" \/>\n<meta name=\"author\" content=\"Wolfgang B\u00f6hler\" \/>\n<meta name=\"twitter:card\" content=\"summary_large_image\" \/>\n<meta name=\"twitter:creator\" content=\"@smusikzeitung\" \/>\n<meta name=\"twitter:site\" content=\"@smusikzeitung\" \/>\n<meta name=\"twitter:label1\" content=\"Scritto da\" \/>\n\t<meta name=\"twitter:data1\" content=\"Wolfgang B\u00f6hler\" \/>\n\t<meta name=\"twitter:label2\" content=\"Tempo di lettura stimato\" \/>\n\t<meta name=\"twitter:data2\" content=\"2 minuti\" \/>\n<script type=\"application\/ld+json\" class=\"yoast-schema-graph\">{\"@context\":\"https:\\\/\\\/schema.org\",\"@graph\":[{\"@type\":\"Article\",\"@id\":\"https:\\\/\\\/www.musikzeitung.ch\\\/news\\\/2026\\\/08\\\/widmann-mit-roche-commission-2028-beauftragt#article\",\"isPartOf\":{\"@id\":\"https:\\\/\\\/www.musikzeitung.ch\\\/news\\\/2026\\\/08\\\/widmann-mit-roche-commission-2028-beauftragt\"},\"author\":{\"name\":\"Wolfgang B\u00f6hler\",\"@id\":\"https:\\\/\\\/www.musikzeitung.ch\\\/#\\\/schema\\\/person\\\/0da4fb82d243f1252850a35d0e87cf0c\"},\"headline\":\"Widmann mit Roche Commission 2028 beauftragt\",\"datePublished\":\"2026-08-31T07:08:50+00:00\",\"dateModified\":\"2026-08-31T07:29:13+00:00\",\"mainEntityOfPage\":{\"@id\":\"https:\\\/\\\/www.musikzeitung.ch\\\/news\\\/2026\\\/08\\\/widmann-mit-roche-commission-2028-beauftragt\"},\"wordCount\":230,\"publisher\":{\"@id\":\"https:\\\/\\\/www.musikzeitung.ch\\\/#organization\"},\"image\":{\"@id\":\"https:\\\/\\\/www.musikzeitung.ch\\\/news\\\/2026\\\/08\\\/widmann-mit-roche-commission-2028-beauftragt#primaryimage\"},\"thumbnailUrl\":\"https:\\\/\\\/www.musikzeitung.ch\\\/wp-content\\\/uploads\\\/2025\\\/06\\\/joerg_widmann_web.jpg\",\"keywords\":[\"J\u00f6rg Widmann\",\"Lucerne Festival\",\"Roche Commssion\"],\"articleSection\":[\"News\",\"Personen\"],\"inLanguage\":\"it-IT\"},{\"@type\":\"WebPage\",\"@id\":\"https:\\\/\\\/www.musikzeitung.ch\\\/news\\\/2026\\\/08\\\/widmann-mit-roche-commission-2028-beauftragt\",\"url\":\"https:\\\/\\\/www.musikzeitung.ch\\\/news\\\/2026\\\/08\\\/widmann-mit-roche-commission-2028-beauftragt\",\"name\":\"Widmann mit Roche Commission 2028 beauftragt - Schweizer Musikzeitung\",\"isPartOf\":{\"@id\":\"https:\\\/\\\/www.musikzeitung.ch\\\/#website\"},\"primaryImageOfPage\":{\"@id\":\"https:\\\/\\\/www.musikzeitung.ch\\\/news\\\/2026\\\/08\\\/widmann-mit-roche-commission-2028-beauftragt#primaryimage\"},\"image\":{\"@id\":\"https:\\\/\\\/www.musikzeitung.ch\\\/news\\\/2026\\\/08\\\/widmann-mit-roche-commission-2028-beauftragt#primaryimage\"},\"thumbnailUrl\":\"https:\\\/\\\/www.musikzeitung.ch\\\/wp-content\\\/uploads\\\/2025\\\/06\\\/joerg_widmann_web.jpg\",\"datePublished\":\"2026-08-31T07:08:50+00:00\",\"dateModified\":\"2026-08-31T07:29:13+00:00\",\"breadcrumb\":{\"@id\":\"https:\\\/\\\/www.musikzeitung.ch\\\/news\\\/2026\\\/08\\\/widmann-mit-roche-commission-2028-beauftragt#breadcrumb\"},\"inLanguage\":\"it-IT\",\"potentialAction\":[{\"@type\":\"ReadAction\",\"target\":[\"https:\\\/\\\/www.musikzeitung.ch\\\/news\\\/2026\\\/08\\\/widmann-mit-roche-commission-2028-beauftragt\"]}]},{\"@type\":\"ImageObject\",\"inLanguage\":\"it-IT\",\"@id\":\"https:\\\/\\\/www.musikzeitung.ch\\\/news\\\/2026\\\/08\\\/widmann-mit-roche-commission-2028-beauftragt#primaryimage\",\"url\":\"https:\\\/\\\/www.musikzeitung.ch\\\/wp-content\\\/uploads\\\/2025\\\/06\\\/joerg_widmann_web.jpg\",\"contentUrl\":\"https:\\\/\\\/www.musikzeitung.ch\\\/wp-content\\\/uploads\\\/2025\\\/06\\\/joerg_widmann_web.jpg\",\"width\":1400,\"height\":826,\"caption\":\"J\u00f6rg Widmann Composer-Clarinettist Photo: Marco Borggreve\"},{\"@type\":\"BreadcrumbList\",\"@id\":\"https:\\\/\\\/www.musikzeitung.ch\\\/news\\\/2026\\\/08\\\/widmann-mit-roche-commission-2028-beauftragt#breadcrumb\",\"itemListElement\":[{\"@type\":\"ListItem\",\"position\":1,\"name\":\"Home\",\"item\":\"https:\\\/\\\/www.musikzeitung.ch\\\/\"},{\"@type\":\"ListItem\",\"position\":2,\"name\":\"Widmann mit Roche Commission 2028 beauftragt\"}]},{\"@type\":\"WebSite\",\"@id\":\"https:\\\/\\\/www.musikzeitung.ch\\\/#website\",\"url\":\"https:\\\/\\\/www.musikzeitung.ch\\\/\",\"name\":\"Schweizer Musikzeitung\",\"description\":\"Die f\u00fchrende sparten\u00fcbergreifende Monatszeitung in der Schweiz f\u00fcr musikalische Fragen.\",\"publisher\":{\"@id\":\"https:\\\/\\\/www.musikzeitung.ch\\\/#organization\"},\"potentialAction\":[{\"@type\":\"SearchAction\",\"target\":{\"@type\":\"EntryPoint\",\"urlTemplate\":\"https:\\\/\\\/www.musikzeitung.ch\\\/?s={search_term_string}\"},\"query-input\":{\"@type\":\"PropertyValueSpecification\",\"valueRequired\":true,\"valueName\":\"search_term_string\"}}],\"inLanguage\":\"it-IT\"},{\"@type\":\"Organization\",\"@id\":\"https:\\\/\\\/www.musikzeitung.ch\\\/#organization\",\"name\":\"Schweizer Musikzeitung\",\"url\":\"https:\\\/\\\/www.musikzeitung.ch\\\/\",\"logo\":{\"@type\":\"ImageObject\",\"inLanguage\":\"it-IT\",\"@id\":\"https:\\\/\\\/www.musikzeitung.ch\\\/#\\\/schema\\\/logo\\\/image\\\/\",\"url\":\"https:\\\/\\\/www.musikzeitung.ch\\\/wp-content\\\/uploads\\\/2023\\\/01\\\/SMZ_Schriftzug_Sprache.png\",\"contentUrl\":\"https:\\\/\\\/www.musikzeitung.ch\\\/wp-content\\\/uploads\\\/2023\\\/01\\\/SMZ_Schriftzug_Sprache.png\",\"width\":1400,\"height\":279,\"caption\":\"Schweizer Musikzeitung\"},\"image\":{\"@id\":\"https:\\\/\\\/www.musikzeitung.ch\\\/#\\\/schema\\\/logo\\\/image\\\/\"},\"sameAs\":[\"https:\\\/\\\/www.facebook.com\\\/SchweizerMusikzeitung\\\/\",\"https:\\\/\\\/x.com\\\/smusikzeitung\",\"https:\\\/\\\/www.instagram.com\\\/musikzeitung.ch\\\/\"]},{\"@type\":\"Person\",\"@id\":\"https:\\\/\\\/www.musikzeitung.ch\\\/#\\\/schema\\\/person\\\/0da4fb82d243f1252850a35d0e87cf0c\",\"name\":\"Wolfgang B\u00f6hler\",\"image\":{\"@type\":\"ImageObject\",\"inLanguage\":\"it-IT\",\"@id\":\"https:\\\/\\\/www.musikzeitung.ch\\\/wp-content\\\/uploads\\\/2023\\\/01\\\/boehler_portraet_web-e1674139782246-96x96.jpg\",\"url\":\"https:\\\/\\\/www.musikzeitung.ch\\\/wp-content\\\/uploads\\\/2023\\\/01\\\/boehler_portraet_web-e1674139782246-96x96.jpg\",\"contentUrl\":\"https:\\\/\\\/www.musikzeitung.ch\\\/wp-content\\\/uploads\\\/2023\\\/01\\\/boehler_portraet_web-e1674139782246-96x96.jpg\",\"caption\":\"Wolfgang B\u00f6hler\"},\"sameAs\":[\"http:\\\/\\\/www.manacanto.ch\",\"https:\\\/\\\/www.facebook.com\\\/wolfgang.bohler.75\"],\"url\":\"https:\\\/\\\/www.musikzeitung.ch\\\/it\\\/author\\\/wolfgang-boehler\"}]}<\/script>\n<!-- \/ Yoast SEO plugin. -->","yoast_head_json":{"title":"Widmann mit Roche Commission 2028 beauftragt - Schweizer Musikzeitung","robots":{"index":"index","follow":"follow","max-snippet":"max-snippet:-1","max-image-preview":"max-image-preview:large","max-video-preview":"max-video-preview:-1"},"canonical":"https:\/\/www.musikzeitung.ch\/it\/news\/2026\/08\/widmann-mit-roche-commission-2028-beauftragt\/","og_locale":"it_IT","og_type":"article","og_title":"Widmann mit Roche Commission 2028 beauftragt - Schweizer Musikzeitung","og_description":"Der Komponist, Klarinettist und Dirigent J\u00f6rg Widmann erh\u00e4lt f\u00fcr 2028 den Kompositionsauftrag, den die Firma Roche jeweils im Rahmen des Lucerne Festival vergibt.","og_url":"https:\/\/www.musikzeitung.ch\/it\/news\/2026\/08\/widmann-mit-roche-commission-2028-beauftragt\/","og_site_name":"Schweizer Musikzeitung","article_publisher":"https:\/\/www.facebook.com\/SchweizerMusikzeitung\/","article_author":"https:\/\/www.facebook.com\/wolfgang.bohler.75","article_published_time":"2026-08-31T07:08:50+00:00","article_modified_time":"2026-08-31T07:29:13+00:00","og_image":[{"width":1400,"height":826,"url":"https:\/\/www.musikzeitung.ch\/wp-content\/uploads\/2025\/06\/joerg_widmann_web.jpg","type":"image\/jpeg"}],"author":"Wolfgang B\u00f6hler","twitter_card":"summary_large_image","twitter_creator":"@smusikzeitung","twitter_site":"@smusikzeitung","twitter_misc":{"Scritto da":"Wolfgang B\u00f6hler","Tempo di lettura stimato":"2 minuti"},"schema":{"@context":"https:\/\/schema.org","@graph":[{"@type":"Article","@id":"https:\/\/www.musikzeitung.ch\/news\/2026\/08\/widmann-mit-roche-commission-2028-beauftragt#article","isPartOf":{"@id":"https:\/\/www.musikzeitung.ch\/news\/2026\/08\/widmann-mit-roche-commission-2028-beauftragt"},"author":{"name":"Wolfgang B\u00f6hler","@id":"https:\/\/www.musikzeitung.ch\/#\/schema\/person\/0da4fb82d243f1252850a35d0e87cf0c"},"headline":"Widmann mit Roche Commission 2028 beauftragt","datePublished":"2026-08-31T07:08:50+00:00","dateModified":"2026-08-31T07:29:13+00:00","mainEntityOfPage":{"@id":"https:\/\/www.musikzeitung.ch\/news\/2026\/08\/widmann-mit-roche-commission-2028-beauftragt"},"wordCount":230,"publisher":{"@id":"https:\/\/www.musikzeitung.ch\/#organization"},"image":{"@id":"https:\/\/www.musikzeitung.ch\/news\/2026\/08\/widmann-mit-roche-commission-2028-beauftragt#primaryimage"},"thumbnailUrl":"https:\/\/www.musikzeitung.ch\/wp-content\/uploads\/2025\/06\/joerg_widmann_web.jpg","keywords":["J\u00f6rg Widmann","Lucerne Festival","Roche Commssion"],"articleSection":["News","Personen"],"inLanguage":"it-IT"},{"@type":"WebPage","@id":"https:\/\/www.musikzeitung.ch\/news\/2026\/08\/widmann-mit-roche-commission-2028-beauftragt","url":"https:\/\/www.musikzeitung.ch\/news\/2026\/08\/widmann-mit-roche-commission-2028-beauftragt","name":"Widmann mit Roche Commission 2028 beauftragt - Schweizer Musikzeitung","isPartOf":{"@id":"https:\/\/www.musikzeitung.ch\/#website"},"primaryImageOfPage":{"@id":"https:\/\/www.musikzeitung.ch\/news\/2026\/08\/widmann-mit-roche-commission-2028-beauftragt#primaryimage"},"image":{"@id":"https:\/\/www.musikzeitung.ch\/news\/2026\/08\/widmann-mit-roche-commission-2028-beauftragt#primaryimage"},"thumbnailUrl":"https:\/\/www.musikzeitung.ch\/wp-content\/uploads\/2025\/06\/joerg_widmann_web.jpg","datePublished":"2026-08-31T07:08:50+00:00","dateModified":"2026-08-31T07:29:13+00:00","breadcrumb":{"@id":"https:\/\/www.musikzeitung.ch\/news\/2026\/08\/widmann-mit-roche-commission-2028-beauftragt#breadcrumb"},"inLanguage":"it-IT","potentialAction":[{"@type":"ReadAction","target":["https:\/\/www.musikzeitung.ch\/news\/2026\/08\/widmann-mit-roche-commission-2028-beauftragt"]}]},{"@type":"ImageObject","inLanguage":"it-IT","@id":"https:\/\/www.musikzeitung.ch\/news\/2026\/08\/widmann-mit-roche-commission-2028-beauftragt#primaryimage","url":"https:\/\/www.musikzeitung.ch\/wp-content\/uploads\/2025\/06\/joerg_widmann_web.jpg","contentUrl":"https:\/\/www.musikzeitung.ch\/wp-content\/uploads\/2025\/06\/joerg_widmann_web.jpg","width":1400,"height":826,"caption":"J\u00f6rg Widmann Composer-Clarinettist Photo: Marco Borggreve"},{"@type":"BreadcrumbList","@id":"https:\/\/www.musikzeitung.ch\/news\/2026\/08\/widmann-mit-roche-commission-2028-beauftragt#breadcrumb","itemListElement":[{"@type":"ListItem","position":1,"name":"Home","item":"https:\/\/www.musikzeitung.ch\/"},{"@type":"ListItem","position":2,"name":"Widmann mit Roche Commission 2028 beauftragt"}]},{"@type":"WebSite","@id":"https:\/\/www.musikzeitung.ch\/#website","url":"https:\/\/www.musikzeitung.ch\/","name":"Giornale musicale svizzero","description":"Il principale mensile interdisciplinare della Svizzera per le questioni musicali.","publisher":{"@id":"https:\/\/www.musikzeitung.ch\/#organization"},"potentialAction":[{"@type":"SearchAction","target":{"@type":"EntryPoint","urlTemplate":"https:\/\/www.musikzeitung.ch\/?s={search_term_string}"},"query-input":{"@type":"PropertyValueSpecification","valueRequired":true,"valueName":"search_term_string"}}],"inLanguage":"it-IT"},{"@type":"Organization","@id":"https:\/\/www.musikzeitung.ch\/#organization","name":"Giornale musicale svizzero","url":"https:\/\/www.musikzeitung.ch\/","logo":{"@type":"ImageObject","inLanguage":"it-IT","@id":"https:\/\/www.musikzeitung.ch\/#\/schema\/logo\/image\/","url":"https:\/\/www.musikzeitung.ch\/wp-content\/uploads\/2023\/01\/SMZ_Schriftzug_Sprache.png","contentUrl":"https:\/\/www.musikzeitung.ch\/wp-content\/uploads\/2023\/01\/SMZ_Schriftzug_Sprache.png","width":1400,"height":279,"caption":"Schweizer Musikzeitung"},"image":{"@id":"https:\/\/www.musikzeitung.ch\/#\/schema\/logo\/image\/"},"sameAs":["https:\/\/www.facebook.com\/SchweizerMusikzeitung\/","https:\/\/x.com\/smusikzeitung","https:\/\/www.instagram.com\/musikzeitung.ch\/"]},{"@type":"Person","@id":"https:\/\/www.musikzeitung.ch\/#\/schema\/person\/0da4fb82d243f1252850a35d0e87cf0c","name":"Wolfgang B\u00f6hler","image":{"@type":"ImageObject","inLanguage":"it-IT","@id":"https:\/\/www.musikzeitung.ch\/wp-content\/uploads\/2023\/01\/boehler_portraet_web-e1674139782246-96x96.jpg","url":"https:\/\/www.musikzeitung.ch\/wp-content\/uploads\/2023\/01\/boehler_portraet_web-e1674139782246-96x96.jpg","contentUrl":"https:\/\/www.musikzeitung.ch\/wp-content\/uploads\/2023\/01\/boehler_portraet_web-e1674139782246-96x96.jpg","caption":"Wolfgang B\u00f6hler"},"sameAs":["http:\/\/www.manacanto.ch","https:\/\/www.facebook.com\/wolfgang.bohler.75"],"url":"https:\/\/www.musikzeitung.ch\/it\/author\/wolfgang-boehler"}]}},"publishpress_future_workflow_manual_trigger":{"enabledWorkflows":[]},"_links":{"self":[{"href":"https:\/\/www.musikzeitung.ch\/it\/wp-json\/wp\/v2\/posts\/75200","targetHints":{"allow":["GET"]}}],"collection":[{"href":"https:\/\/www.musikzeitung.ch\/it\/wp-json\/wp\/v2\/posts"}],"about":[{"href":"https:\/\/www.musikzeitung.ch\/it\/wp-json\/wp\/v2\/types\/post"}],"author":[{"embeddable":true,"href":"https:\/\/www.musikzeitung.ch\/it\/wp-json\/wp\/v2\/users\/30"}],"replies":[{"embeddable":true,"href":"https:\/\/www.musikzeitung.ch\/it\/wp-json\/wp\/v2\/comments?post=75200"}],"version-history":[{"count":6,"href":"https:\/\/www.musikzeitung.ch\/it\/wp-json\/wp\/v2\/posts\/75200\/revisions"}],"predecessor-version":[{"id":75218,"href":"https:\/\/www.musikzeitung.ch\/it\/wp-json\/wp\/v2\/posts\/75200\/revisions\/75218"}],"wp:featuredmedia":[{"embeddable":true,"href":"https:\/\/www.musikzeitung.ch\/it\/wp-json\/wp\/v2\/media\/65859"}],"wp:attachment":[{"href":"https:\/\/www.musikzeitung.ch\/it\/wp-json\/wp\/v2\/media?parent=75200"}],"wp:term":[{"taxonomy":"category","embeddable":true,"href":"https:\/\/www.musikzeitung.ch\/it\/wp-json\/wp\/v2\/categories?post=75200"},{"taxonomy":"post_tag","embeddable":true,"href":"https:\/\/www.musikzeitung.ch\/it\/wp-json\/wp\/v2\/tags?post=75200"}],"curies":[{"name":"wp","href":"https:\/\/api.w.org\/{rel}","templated":true}]}}