{"id":75311,"date":"2026-08-31T18:17:32","date_gmt":"2026-08-31T16:17:32","guid":{"rendered":"https:\/\/www.musikzeitung.ch\/?p=75311"},"modified":"2026-08-31T18:19:36","modified_gmt":"2026-08-31T16:19:36","slug":"wie-sebastian-nordmann-musik-in-luzerns-strassen-bringt","status":"publish","type":"post","link":"https:\/\/www.musikzeitung.ch\/it\/berichte\/2026\/08\/wie-sebastian-nordmann-musik-in-luzerns-strassen-bringt","title":{"rendered":"Come Sebastian Nordmann porta la musica per le strade di Lucerna"},"content":{"rendered":"<figure id=\"attachment_75315\" aria-describedby=\"caption-attachment-75315\" style=\"width: 8192px\" class=\"wp-caption alignnone\"><img decoding=\"async\" class=\"size-full wp-image-75315\" src=\"https:\/\/www.musikzeitung.ch\/wp-content\/uploads\/2026\/08\/260826_citystage_c_manuelajans_lucernefestival_klein-25.jpg\" alt=\"\" width=\"8192\" height=\"5464\" srcset=\"https:\/\/www.musikzeitung.ch\/wp-content\/uploads\/2026\/08\/260826_citystage_c_manuelajans_lucernefestival_klein-25.jpg 1400w, https:\/\/www.musikzeitung.ch\/wp-content\/uploads\/2026\/08\/260826_citystage_c_manuelajans_lucernefestival_klein-25-300x200.jpg 300w, https:\/\/www.musikzeitung.ch\/wp-content\/uploads\/2026\/08\/260826_citystage_c_manuelajans_lucernefestival_klein-25-1024x683.jpg 1024w, https:\/\/www.musikzeitung.ch\/wp-content\/uploads\/2026\/08\/260826_citystage_c_manuelajans_lucernefestival_klein-25-600x400.jpg 600w, https:\/\/www.musikzeitung.ch\/wp-content\/uploads\/2026\/08\/260826_citystage_c_manuelajans_lucernefestival_klein-25-768x512.jpg 768w, https:\/\/www.musikzeitung.ch\/wp-content\/uploads\/2026\/08\/260826_citystage_c_manuelajans_lucernefestival_klein-25-1536x1025.jpg 1536w, https:\/\/www.musikzeitung.ch\/wp-content\/uploads\/2026\/08\/260826_citystage_c_manuelajans_lucernefestival_klein-25-2048x1366.jpg 2048w, https:\/\/www.musikzeitung.ch\/wp-content\/uploads\/2026\/08\/260826_citystage_c_manuelajans_lucernefestival_klein-25-18x12.jpg 18w, https:\/\/www.musikzeitung.ch\/wp-content\/uploads\/2026\/08\/260826_citystage_c_manuelajans_lucernefestival_klein-25-262x175.jpg 262w, https:\/\/www.musikzeitung.ch\/wp-content\/uploads\/2026\/08\/260826_citystage_c_manuelajans_lucernefestival_klein-25-525x350.jpg 525w, https:\/\/www.musikzeitung.ch\/wp-content\/uploads\/2026\/08\/260826_citystage_c_manuelajans_lucernefestival_klein-25-1199x800.jpg 1199w, https:\/\/www.musikzeitung.ch\/wp-content\/uploads\/2026\/08\/260826_citystage_c_manuelajans_lucernefestival_klein-25-920x614.jpg 920w\" sizes=\"(max-width: 8192px) 100vw, 8192px\" \/><figcaption id=\"caption-attachment-75315\" class=\"wp-caption-text\">Al \u00abSymphonic Jukebox\u00bb, i musicisti suonano brani scelti dal pubblico.\u00a0<br \/>Foto: Manuela Jans\/ Lucerne Festival<\/figcaption><\/figure>\n<p>Nel centro storico di Lucerna si sentono dei rintocchi sordi. \u00ab\u00c8 l\u2019orologio della torre?\u00bb, chiede una turista al suo accompagnatore, proseguendo poi verso il Weinmarkt. Da ogni parte, i curiosi si riversano nella piazza, dove si \u00e8 gi\u00e0 formato un cerchio di persone e un percussionista sta accordando i suoi bonghi. Sul selciato sono disposti anche due vibrafoni e due marimbe. Il concerto gratuito, nell\u2019ambito del festival di nuova concezione \u00abIn den Strassen: City Stage\u00bb, pu\u00f2 avere inizio.<\/p>\n<p>Il nuovo direttore artistico Sebastian Nordmann desidera portare il Lucerne Festival ancora di pi\u00f9 tra la gente della citt\u00e0. I quattro giovani partecipanti alla Lucerne Festival Academy riescono a entusiasmare i passanti al Weinmarkt. Si tirano fuori i cellulari, alcune persone si muovono al ritmo delle note groovy e ritmicamente sfalsate di Steve Reich <em>Quartetto Mallet<\/em>.<\/p>\n<p>A poche strade di distanza, sulla Kapellplatz, l\u2019esperienza diventa ancora pi\u00f9 interattiva. Al \u00abSymphonic Jukebox\u00bb, gli ascoltatori possono scegliere tra oltre 30 brani, che vengono poi eseguiti dal vivo dalla Lucerne Festival Contemporary Orchestra. Brani popolari come il valzer tratto da \u0160ostakovi\u010d <em>Suite Jazz<\/em> risuona proprio come il brano ritmicamente complesso <em>Un breve viaggio in una macchina veloce<\/em> di John Adams. Il direttore d\u2019orchestra Joseph Sieber illustra brevemente i brani scelti e, in alcuni casi, commenta anche un brano tratto da <em>Giove<\/em> di Gustav Holst <em>I pianeti<\/em> consegna la bacchetta a un volontario.<\/p>\n<p>Alla Schirmerturm, il \u00abgiardiniere del suono\u00bb Andres Bosshard accoglie un gruppo di venti persone per una \u00abSound Walk\u00bb. Insieme si ascolta la pioggia, si avvicina il naso al Museggmauer canticchiando, si scoprono gli effetti sociali positivi del \u00abMurmelstrom\u00bb e si rimane impressionati dagli echi prodotti, che fanno sussultare persino le mucche al pascolo nel prato adiacente.<\/p>\n<h3><strong>Beethoven, visto in una prospettiva del XVIII secolo<\/strong><\/h3>\n<p>Una volta acquisita questa sensibilit\u00e0, si scendono le scale verso la citt\u00e0 con una percezione mutata. E si apprezzano le sfumature che si possono ascoltare nel concerto della Royal Concertgebouw Orchestra di Amsterdam nel KKL gremito. Il suono beethoveniano dell\u2019orchestra nel 5\u00b0 Concerto per pianoforte in mi bemolle maggiore \u00e8 arioso. Gli archi suonano con poco vibrato, il timpanista utilizza bacchette di legno. Anche il pianista islandese V\u00edkingur \u00d3lafsson, che in primavera curer\u00e0 a Lucerna il nuovo Pulse Festival, interpreta Beethoven in chiave pi\u00f9 settecentesca: nella cadenza fa risuonare il pianoforte a coda Steinway quasi come un pianoforte a martelli. I pizzicati degli archi sono perfettamente calibrati; del resto, gli musicisti di Amsterdam deliziano con un\u2019interazione perfetta. \u00d3lafsson interpreta l\u2019Adagio in modo del tutto etereo. Per poi inondare di energia il finale e, anche se non tutte le trioli sono tecnicamente perfette, trasformarlo, in stretta sintonia con l\u2019orchestra, in una danza travolgente.<\/p>\n<p>Anche nella Quinta Sinfonia di Sergej Prokofiev, rappresentata per la prima volta nel 1945, la Royal Concertgebouw Orchestra, diretta dal direttore ospite finlandese Santtu-Matias Rouvali, si presenta come un\u2019orchestra vivace, i cui singoli gruppi strumentali sono perfettamente integrati tra loro. Nel secondo movimento i contorni diventano pi\u00f9 netti e i ritmi pi\u00f9 incisivi: l\u2019Adagio \u00e8 carico di tensione e urgenza. Solo quando i violini, come qui all\u2019inizio del movimento, suonano in modo molto in evidenza nei registri acuti, l\u2019intonazione risulta leggermente offuscata.<\/p>\n<h3><strong>Hadelich, l'esteta del suono<\/strong><\/h3>\n<p>Anche la Filarmonica di Berlino ha in programma una composizione russa raramente eseguita: la Sinfonia n. 3 in do minore op. 43 di Aleksandr Skrjabin. Come l\u2019orchestra sapr\u00e0 plasmare quest\u2019opera orchestrale ricca di timbri, complessa e a tratti anche pomposa, come nel sensuale secondo movimento <em>Volupt\u00e9s<\/em> \u00c8 inebriante sentire i legni cinguettare come uccelli e gli ottoni creare picchi emotivi. Il direttore principale Kirill Petrenko fa emergere l\u2019estroversione dall\u2019introversione, controllando l\u2019equilibrio con la mano sinistra e garantendo il flusso musicale con la destra. Purtroppo, gli attacchi del tutt'insieme dopo le pause generali e i cambi di accordo alla fine del primo movimento non risuonano del tutto all'unisono.<\/p>\n<p>Anche nel concerto per violino di Beethoven il primo intervento dei legni suona un po\u00ab sferragliante \u2013 ma poi l\u2019orchestra trova un suono caldo, pienamente vibrante negli archi, e un ritmo fluido. E stende il tappeto su cui Augustin Hadelich, al violino, fa il suo ingresso con delicate ottave. L\u00bb\u00abartista in residenza\u00bb di quest\u2019anno del festival \u00e8 un esteta del suono. Da lui non si sente alcun cambio d\u2019archetto, ogni figurazione viene suonata fino in fondo. La Filarmonica di Berlino lo segue a ruota, lasciandogli spazio per esprimersi. Nel Larghetto, Petrenko fa suonare gli archi smorzati a un volume estremamente basso, mentre il clarinettista Wenzel Fuchs e il fagottista Stefan Schweigert creano incantesimi cantabili \u2013 e Hadelich impreziosisce la melodia con abbellimenti artistici.<\/p>\n<figure id=\"attachment_75319\" aria-describedby=\"caption-attachment-75319\" style=\"width: 4000px\" class=\"wp-caption alignnone\"><img decoding=\"async\" class=\"size-full wp-image-75319\" src=\"https:\/\/www.musikzeitung.ch\/wp-content\/uploads\/2026\/08\/260825_citystage_c_priskaketterer_lucernefestival_27_klein.jpg\" alt=\"\" width=\"4000\" height=\"2667\" srcset=\"https:\/\/www.musikzeitung.ch\/wp-content\/uploads\/2026\/08\/260825_citystage_c_priskaketterer_lucernefestival_27_klein.jpg 1400w, https:\/\/www.musikzeitung.ch\/wp-content\/uploads\/2026\/08\/260825_citystage_c_priskaketterer_lucernefestival_27_klein-300x200.jpg 300w, https:\/\/www.musikzeitung.ch\/wp-content\/uploads\/2026\/08\/260825_citystage_c_priskaketterer_lucernefestival_27_klein-1024x683.jpg 1024w, https:\/\/www.musikzeitung.ch\/wp-content\/uploads\/2026\/08\/260825_citystage_c_priskaketterer_lucernefestival_27_klein-600x400.jpg 600w, https:\/\/www.musikzeitung.ch\/wp-content\/uploads\/2026\/08\/260825_citystage_c_priskaketterer_lucernefestival_27_klein-768x512.jpg 768w, https:\/\/www.musikzeitung.ch\/wp-content\/uploads\/2026\/08\/260825_citystage_c_priskaketterer_lucernefestival_27_klein-1536x1024.jpg 1536w, https:\/\/www.musikzeitung.ch\/wp-content\/uploads\/2026\/08\/260825_citystage_c_priskaketterer_lucernefestival_27_klein-2048x1366.jpg 2048w, https:\/\/www.musikzeitung.ch\/wp-content\/uploads\/2026\/08\/260825_citystage_c_priskaketterer_lucernefestival_27_klein-18x12.jpg 18w, https:\/\/www.musikzeitung.ch\/wp-content\/uploads\/2026\/08\/260825_citystage_c_priskaketterer_lucernefestival_27_klein-262x175.jpg 262w, https:\/\/www.musikzeitung.ch\/wp-content\/uploads\/2026\/08\/260825_citystage_c_priskaketterer_lucernefestival_27_klein-525x350.jpg 525w, https:\/\/www.musikzeitung.ch\/wp-content\/uploads\/2026\/08\/260825_citystage_c_priskaketterer_lucernefestival_27_klein-1200x800.jpg 1200w, https:\/\/www.musikzeitung.ch\/wp-content\/uploads\/2026\/08\/260825_citystage_c_priskaketterer_lucernefestival_27_klein-920x613.jpg 920w\" sizes=\"(max-width: 4000px) 100vw, 4000px\" \/><figcaption id=\"caption-attachment-75319\" class=\"wp-caption-text\">Sebastian Nordmann, direttore artistico del Lucerne Festival. Foto: Lucerne Festival \/ Priska Ketterer<\/figcaption><\/figure>\n<p>Nel corso di un mese, al Lucerne Festival si potranno ascoltare complessivamente 20 orchestre. Anche con le 12 prime assolute, il nuovo direttore artistico Sebastian Nordmann porta avanti il lavoro di lunga data di Michael Haefliger. Intende attirare un nuovo pubblico con un'immagine pi\u00f9 pop, nuovi formati come \u00abMittendrin\u00bb, in cui il pubblico siede sul palco, ed eventi gratuiti come l\u2019Open Air all\u2019inizio della manifestazione.<\/p>\n<h3><strong>Con J\u00f6rg Widma<\/strong><strong style=\"font-size: 16px;\">nn fino al limite dell'udibilit\u00e0<\/strong><\/h3>\n<p>Con J\u00f6rg Widmann, Nordmann ha nominato alla guida della Lucerne Festival Academy un compositore carismatico, successore del defunto Wolfgang Rihm, che opera anche come direttore d\u2019orchestra e clarinettista \u2013 particolarmente impressionante nel quarto concerto dell\u2019Academy. Insieme alla Lucerne Festival Contemporary Orchestra e allo SWR Experimentalstudio di Friburgo (regia del suono: Michael Acker, Joachim Haas, Daniel Miska), Widmann, sotto la direzione di Peter Rundel, <em>Informazioni su<\/em> del compositore francese Mark Andre, che nascono dal respiro, riproducono delicati accordi e sommesse note di clarinetto al limite dell\u2019udibilit\u00e0.<\/p>\n<p>La prima rappresentazione di <em>La lingua della terra<\/em> (Roche Commissions) della compositrice australiana Liza Lim viene accolta con una standing ovation. Il carnyx, strumento celtico riscoperto e ricostruito (solista: Marco Blaauw), \u00e8 al centro di questa composizione sensuale e teatrale. Con l\u2019esecuzione trascinante <em>Sinfonia \"Doctor Atomic\"<\/em> Nel concerto dell\u2019Academy, l\u2019opera di John Adams riflette anche il motto di quest\u2019anno, \u00abAmerican Dreams\u00bb, che \u00e8 stato oggetto di accese discussioni nei giorni precedenti. Una composizione che critica la bomba atomica? Anche questo \u00e8 possibile nella musica americana.<\/p>\n<p><em>Festival di Lucerna, fino al 13 settembre. <\/em><a href=\"http:\/\/www.lucerne-festival.ch\"><em>www.lucerne-festival.ch<\/em><\/a><\/p>","protected":false},"excerpt":{"rendered":"<p>Il Lucerne Festival proseguir\u00e0 fino al 13 settembre. L\u2019inizio \u00e8 stato caratterizzato, tra l\u2019altro, da format insoliti con cui il nuovo direttore artistico intende attirare un pubblico pi\u00f9 ampio.<\/p>","protected":false},"author":58087,"featured_media":75315,"comment_status":"closed","ping_status":"closed","sticky":false,"template":"","format":"standard","meta":{"_acf_changed":false,"_relevanssi_hide_post":"","_relevanssi_hide_content":"","_relevanssi_pin_for_all":"","_relevanssi_pin_keywords":"","_relevanssi_unpin_keywords":"","_relevanssi_related_keywords":"","_relevanssi_related_include_ids":"","_relevanssi_related_exclude_ids":"","_relevanssi_related_no_append":"","_relevanssi_related_not_related":"","_relevanssi_related_posts":"","_relevanssi_noindex_reason":"","pgc_sgb_lightbox_settings":"","footnotes":""},"categories":[1531,28],"tags":[4322,5019,2139,4227,5791,2485],"class_list":["post-75311","post","type-post","status-publish","format-standard","has-post-thumbnail","hentry","category-auffuehrungen","category-berichte","tag-berliner-philharmoniker","tag-joerg-widmann","tag-lucerne-festival","tag-lucerne-festival-academy","tag-lucerne-festival-academy-orchestra","tag-sebastian-nordmann"],"acf":{"author":"Georg Rudiger"},"yoast_head":"<!-- This site is optimized with the Yoast SEO plugin v28.3 - https:\/\/yoast.com\/product\/yoast-seo-wordpress\/ -->\n<title>Wie Sebastian Nordmann Musik in Luzerns Strassen bringt - Schweizer Musikzeitung<\/title>\n<meta name=\"robots\" content=\"index, follow, max-snippet:-1, max-image-preview:large, max-video-preview:-1\" \/>\n<link rel=\"canonical\" href=\"https:\/\/www.musikzeitung.ch\/it\/berichte\/2026\/08\/wie-sebastian-nordmann-musik-in-luzerns-strassen-bringt\/\" \/>\n<meta property=\"og:locale\" content=\"it_IT\" \/>\n<meta property=\"og:type\" content=\"article\" \/>\n<meta property=\"og:title\" content=\"Wie Sebastian Nordmann Musik in Luzerns Strassen bringt - Schweizer Musikzeitung\" \/>\n<meta property=\"og:description\" content=\"Noch bis 13. September l\u00e4uft das Lucerne Festival. Der Start war unter anderem gepr\u00e4gt von ungew\u00f6hnlichen Formaten, mit denen der neue Intendant Publikum hinzugewinnen will.\" \/>\n<meta property=\"og:url\" content=\"https:\/\/www.musikzeitung.ch\/it\/berichte\/2026\/08\/wie-sebastian-nordmann-musik-in-luzerns-strassen-bringt\/\" \/>\n<meta property=\"og:site_name\" content=\"Schweizer Musikzeitung\" \/>\n<meta property=\"article:publisher\" content=\"https:\/\/www.facebook.com\/SchweizerMusikzeitung\/\" \/>\n<meta property=\"article:published_time\" content=\"2026-08-31T16:17:32+00:00\" \/>\n<meta property=\"article:modified_time\" content=\"2026-08-31T16:19:36+00:00\" \/>\n<meta property=\"og:image\" content=\"https:\/\/www.musikzeitung.ch\/wp-content\/uploads\/2026\/08\/260826_citystage_c_manuelajans_lucernefestival_klein-25.jpg\" \/>\n\t<meta property=\"og:image:width\" content=\"1400\" \/>\n\t<meta property=\"og:image:height\" content=\"934\" \/>\n\t<meta property=\"og:image:type\" content=\"image\/jpeg\" \/>\n<meta name=\"author\" content=\"Fabian Renz\" \/>\n<meta name=\"twitter:card\" content=\"summary_large_image\" \/>\n<meta name=\"twitter:creator\" content=\"@smusikzeitung\" \/>\n<meta name=\"twitter:site\" content=\"@smusikzeitung\" \/>\n<meta name=\"twitter:label1\" content=\"Scritto da\" \/>\n\t<meta name=\"twitter:data1\" content=\"Fabian Renz\" \/>\n\t<meta name=\"twitter:label2\" content=\"Tempo di lettura stimato\" \/>\n\t<meta name=\"twitter:data2\" content=\"6 minuti\" \/>\n<script type=\"application\/ld+json\" class=\"yoast-schema-graph\">{\"@context\":\"https:\\\/\\\/schema.org\",\"@graph\":[{\"@type\":\"Article\",\"@id\":\"https:\\\/\\\/www.musikzeitung.ch\\\/berichte\\\/2026\\\/08\\\/wie-sebastian-nordmann-musik-in-luzerns-strassen-bringt#article\",\"isPartOf\":{\"@id\":\"https:\\\/\\\/www.musikzeitung.ch\\\/berichte\\\/2026\\\/08\\\/wie-sebastian-nordmann-musik-in-luzerns-strassen-bringt\"},\"author\":{\"name\":\"Fabian Renz\",\"@id\":\"https:\\\/\\\/www.musikzeitung.ch\\\/#\\\/schema\\\/person\\\/d5e2affbc30912ae581f457f8993d034\"},\"headline\":\"Wie Sebastian Nordmann Musik in Luzerns Strassen bringt\",\"datePublished\":\"2026-08-31T16:17:32+00:00\",\"dateModified\":\"2026-08-31T16:19:36+00:00\",\"mainEntityOfPage\":{\"@id\":\"https:\\\/\\\/www.musikzeitung.ch\\\/berichte\\\/2026\\\/08\\\/wie-sebastian-nordmann-musik-in-luzerns-strassen-bringt\"},\"wordCount\":1019,\"publisher\":{\"@id\":\"https:\\\/\\\/www.musikzeitung.ch\\\/#organization\"},\"image\":{\"@id\":\"https:\\\/\\\/www.musikzeitung.ch\\\/berichte\\\/2026\\\/08\\\/wie-sebastian-nordmann-musik-in-luzerns-strassen-bringt#primaryimage\"},\"thumbnailUrl\":\"https:\\\/\\\/www.musikzeitung.ch\\\/wp-content\\\/uploads\\\/2026\\\/08\\\/260826_citystage_c_manuelajans_lucernefestival_klein-25.jpg\",\"keywords\":[\"Berliner Philharmoniker\",\"J\u00f6rg Widmann\",\"Lucerne Festival\",\"Lucerne Festival Academy\",\"Lucerne Festival Academy Orchestra\",\"Sebastian Nordmann\"],\"articleSection\":[\"Auff\u00fchrungen\",\"Berichte\"],\"inLanguage\":\"it-IT\"},{\"@type\":\"WebPage\",\"@id\":\"https:\\\/\\\/www.musikzeitung.ch\\\/berichte\\\/2026\\\/08\\\/wie-sebastian-nordmann-musik-in-luzerns-strassen-bringt\",\"url\":\"https:\\\/\\\/www.musikzeitung.ch\\\/berichte\\\/2026\\\/08\\\/wie-sebastian-nordmann-musik-in-luzerns-strassen-bringt\",\"name\":\"Wie Sebastian Nordmann Musik in Luzerns Strassen bringt - Schweizer Musikzeitung\",\"isPartOf\":{\"@id\":\"https:\\\/\\\/www.musikzeitung.ch\\\/#website\"},\"primaryImageOfPage\":{\"@id\":\"https:\\\/\\\/www.musikzeitung.ch\\\/berichte\\\/2026\\\/08\\\/wie-sebastian-nordmann-musik-in-luzerns-strassen-bringt#primaryimage\"},\"image\":{\"@id\":\"https:\\\/\\\/www.musikzeitung.ch\\\/berichte\\\/2026\\\/08\\\/wie-sebastian-nordmann-musik-in-luzerns-strassen-bringt#primaryimage\"},\"thumbnailUrl\":\"https:\\\/\\\/www.musikzeitung.ch\\\/wp-content\\\/uploads\\\/2026\\\/08\\\/260826_citystage_c_manuelajans_lucernefestival_klein-25.jpg\",\"datePublished\":\"2026-08-31T16:17:32+00:00\",\"dateModified\":\"2026-08-31T16:19:36+00:00\",\"breadcrumb\":{\"@id\":\"https:\\\/\\\/www.musikzeitung.ch\\\/berichte\\\/2026\\\/08\\\/wie-sebastian-nordmann-musik-in-luzerns-strassen-bringt#breadcrumb\"},\"inLanguage\":\"it-IT\",\"potentialAction\":[{\"@type\":\"ReadAction\",\"target\":[\"https:\\\/\\\/www.musikzeitung.ch\\\/berichte\\\/2026\\\/08\\\/wie-sebastian-nordmann-musik-in-luzerns-strassen-bringt\"]}]},{\"@type\":\"ImageObject\",\"inLanguage\":\"it-IT\",\"@id\":\"https:\\\/\\\/www.musikzeitung.ch\\\/berichte\\\/2026\\\/08\\\/wie-sebastian-nordmann-musik-in-luzerns-strassen-bringt#primaryimage\",\"url\":\"https:\\\/\\\/www.musikzeitung.ch\\\/wp-content\\\/uploads\\\/2026\\\/08\\\/260826_citystage_c_manuelajans_lucernefestival_klein-25.jpg\",\"contentUrl\":\"https:\\\/\\\/www.musikzeitung.ch\\\/wp-content\\\/uploads\\\/2026\\\/08\\\/260826_citystage_c_manuelajans_lucernefestival_klein-25.jpg\",\"width\":1400,\"height\":934,\"caption\":\"Lucerne Festival: Sommer-Festival 2026 | 26.08.2026 | City Stage | Symphonic Jukebox, Reflecting the Streets of New Orleans | Copyright: Manuela Jans\\\/ Lucerne Festival\"},{\"@type\":\"BreadcrumbList\",\"@id\":\"https:\\\/\\\/www.musikzeitung.ch\\\/berichte\\\/2026\\\/08\\\/wie-sebastian-nordmann-musik-in-luzerns-strassen-bringt#breadcrumb\",\"itemListElement\":[{\"@type\":\"ListItem\",\"position\":1,\"name\":\"Home\",\"item\":\"https:\\\/\\\/www.musikzeitung.ch\\\/\"},{\"@type\":\"ListItem\",\"position\":2,\"name\":\"Wie Sebastian Nordmann Musik in Luzerns Strassen bringt\"}]},{\"@type\":\"WebSite\",\"@id\":\"https:\\\/\\\/www.musikzeitung.ch\\\/#website\",\"url\":\"https:\\\/\\\/www.musikzeitung.ch\\\/\",\"name\":\"Schweizer Musikzeitung\",\"description\":\"Die f\u00fchrende sparten\u00fcbergreifende Monatszeitung in der Schweiz f\u00fcr musikalische Fragen.\",\"publisher\":{\"@id\":\"https:\\\/\\\/www.musikzeitung.ch\\\/#organization\"},\"potentialAction\":[{\"@type\":\"SearchAction\",\"target\":{\"@type\":\"EntryPoint\",\"urlTemplate\":\"https:\\\/\\\/www.musikzeitung.ch\\\/?s={search_term_string}\"},\"query-input\":{\"@type\":\"PropertyValueSpecification\",\"valueRequired\":true,\"valueName\":\"search_term_string\"}}],\"inLanguage\":\"it-IT\"},{\"@type\":\"Organization\",\"@id\":\"https:\\\/\\\/www.musikzeitung.ch\\\/#organization\",\"name\":\"Schweizer Musikzeitung\",\"url\":\"https:\\\/\\\/www.musikzeitung.ch\\\/\",\"logo\":{\"@type\":\"ImageObject\",\"inLanguage\":\"it-IT\",\"@id\":\"https:\\\/\\\/www.musikzeitung.ch\\\/#\\\/schema\\\/logo\\\/image\\\/\",\"url\":\"https:\\\/\\\/www.musikzeitung.ch\\\/wp-content\\\/uploads\\\/2023\\\/01\\\/SMZ_Schriftzug_Sprache.png\",\"contentUrl\":\"https:\\\/\\\/www.musikzeitung.ch\\\/wp-content\\\/uploads\\\/2023\\\/01\\\/SMZ_Schriftzug_Sprache.png\",\"width\":1400,\"height\":279,\"caption\":\"Schweizer Musikzeitung\"},\"image\":{\"@id\":\"https:\\\/\\\/www.musikzeitung.ch\\\/#\\\/schema\\\/logo\\\/image\\\/\"},\"sameAs\":[\"https:\\\/\\\/www.facebook.com\\\/SchweizerMusikzeitung\\\/\",\"https:\\\/\\\/x.com\\\/smusikzeitung\",\"https:\\\/\\\/www.instagram.com\\\/musikzeitung.ch\\\/\"]},{\"@type\":\"Person\",\"@id\":\"https:\\\/\\\/www.musikzeitung.ch\\\/#\\\/schema\\\/person\\\/d5e2affbc30912ae581f457f8993d034\",\"name\":\"Fabian Renz\",\"image\":{\"@type\":\"ImageObject\",\"inLanguage\":\"it-IT\",\"@id\":\"https:\\\/\\\/secure.gravatar.com\\\/avatar\\\/2d30a35a3fc008c3c0ccb0a1e6758ef4a34aad80df2ce102b470992541cd3b66?s=96&d=mm&r=g\",\"url\":\"https:\\\/\\\/secure.gravatar.com\\\/avatar\\\/2d30a35a3fc008c3c0ccb0a1e6758ef4a34aad80df2ce102b470992541cd3b66?s=96&d=mm&r=g\",\"contentUrl\":\"https:\\\/\\\/secure.gravatar.com\\\/avatar\\\/2d30a35a3fc008c3c0ccb0a1e6758ef4a34aad80df2ce102b470992541cd3b66?s=96&d=mm&r=g\",\"caption\":\"Fabian Renz\"},\"url\":\"https:\\\/\\\/www.musikzeitung.ch\\\/it\\\/author\\\/fabian-renz\"}]}<\/script>\n<!-- \/ Yoast SEO plugin. -->","yoast_head_json":{"title":"Wie Sebastian Nordmann Musik in Luzerns Strassen bringt - Schweizer Musikzeitung","robots":{"index":"index","follow":"follow","max-snippet":"max-snippet:-1","max-image-preview":"max-image-preview:large","max-video-preview":"max-video-preview:-1"},"canonical":"https:\/\/www.musikzeitung.ch\/it\/berichte\/2026\/08\/wie-sebastian-nordmann-musik-in-luzerns-strassen-bringt\/","og_locale":"it_IT","og_type":"article","og_title":"Wie Sebastian Nordmann Musik in Luzerns Strassen bringt - Schweizer Musikzeitung","og_description":"Noch bis 13. September l\u00e4uft das Lucerne Festival. Der Start war unter anderem gepr\u00e4gt von ungew\u00f6hnlichen Formaten, mit denen der neue Intendant Publikum hinzugewinnen will.","og_url":"https:\/\/www.musikzeitung.ch\/it\/berichte\/2026\/08\/wie-sebastian-nordmann-musik-in-luzerns-strassen-bringt\/","og_site_name":"Schweizer Musikzeitung","article_publisher":"https:\/\/www.facebook.com\/SchweizerMusikzeitung\/","article_published_time":"2026-08-31T16:17:32+00:00","article_modified_time":"2026-08-31T16:19:36+00:00","og_image":[{"width":1400,"height":934,"url":"https:\/\/www.musikzeitung.ch\/wp-content\/uploads\/2026\/08\/260826_citystage_c_manuelajans_lucernefestival_klein-25.jpg","type":"image\/jpeg"}],"author":"Fabian Renz","twitter_card":"summary_large_image","twitter_creator":"@smusikzeitung","twitter_site":"@smusikzeitung","twitter_misc":{"Scritto da":"Fabian Renz","Tempo di lettura stimato":"6 minuti"},"schema":{"@context":"https:\/\/schema.org","@graph":[{"@type":"Article","@id":"https:\/\/www.musikzeitung.ch\/berichte\/2026\/08\/wie-sebastian-nordmann-musik-in-luzerns-strassen-bringt#article","isPartOf":{"@id":"https:\/\/www.musikzeitung.ch\/berichte\/2026\/08\/wie-sebastian-nordmann-musik-in-luzerns-strassen-bringt"},"author":{"name":"Fabian Renz","@id":"https:\/\/www.musikzeitung.ch\/#\/schema\/person\/d5e2affbc30912ae581f457f8993d034"},"headline":"Wie Sebastian Nordmann Musik in Luzerns Strassen bringt","datePublished":"2026-08-31T16:17:32+00:00","dateModified":"2026-08-31T16:19:36+00:00","mainEntityOfPage":{"@id":"https:\/\/www.musikzeitung.ch\/berichte\/2026\/08\/wie-sebastian-nordmann-musik-in-luzerns-strassen-bringt"},"wordCount":1019,"publisher":{"@id":"https:\/\/www.musikzeitung.ch\/#organization"},"image":{"@id":"https:\/\/www.musikzeitung.ch\/berichte\/2026\/08\/wie-sebastian-nordmann-musik-in-luzerns-strassen-bringt#primaryimage"},"thumbnailUrl":"https:\/\/www.musikzeitung.ch\/wp-content\/uploads\/2026\/08\/260826_citystage_c_manuelajans_lucernefestival_klein-25.jpg","keywords":["Berliner Philharmoniker","J\u00f6rg Widmann","Lucerne Festival","Lucerne Festival Academy","Lucerne Festival Academy Orchestra","Sebastian Nordmann"],"articleSection":["Auff\u00fchrungen","Berichte"],"inLanguage":"it-IT"},{"@type":"WebPage","@id":"https:\/\/www.musikzeitung.ch\/berichte\/2026\/08\/wie-sebastian-nordmann-musik-in-luzerns-strassen-bringt","url":"https:\/\/www.musikzeitung.ch\/berichte\/2026\/08\/wie-sebastian-nordmann-musik-in-luzerns-strassen-bringt","name":"Wie Sebastian Nordmann Musik in Luzerns Strassen bringt - Schweizer Musikzeitung","isPartOf":{"@id":"https:\/\/www.musikzeitung.ch\/#website"},"primaryImageOfPage":{"@id":"https:\/\/www.musikzeitung.ch\/berichte\/2026\/08\/wie-sebastian-nordmann-musik-in-luzerns-strassen-bringt#primaryimage"},"image":{"@id":"https:\/\/www.musikzeitung.ch\/berichte\/2026\/08\/wie-sebastian-nordmann-musik-in-luzerns-strassen-bringt#primaryimage"},"thumbnailUrl":"https:\/\/www.musikzeitung.ch\/wp-content\/uploads\/2026\/08\/260826_citystage_c_manuelajans_lucernefestival_klein-25.jpg","datePublished":"2026-08-31T16:17:32+00:00","dateModified":"2026-08-31T16:19:36+00:00","breadcrumb":{"@id":"https:\/\/www.musikzeitung.ch\/berichte\/2026\/08\/wie-sebastian-nordmann-musik-in-luzerns-strassen-bringt#breadcrumb"},"inLanguage":"it-IT","potentialAction":[{"@type":"ReadAction","target":["https:\/\/www.musikzeitung.ch\/berichte\/2026\/08\/wie-sebastian-nordmann-musik-in-luzerns-strassen-bringt"]}]},{"@type":"ImageObject","inLanguage":"it-IT","@id":"https:\/\/www.musikzeitung.ch\/berichte\/2026\/08\/wie-sebastian-nordmann-musik-in-luzerns-strassen-bringt#primaryimage","url":"https:\/\/www.musikzeitung.ch\/wp-content\/uploads\/2026\/08\/260826_citystage_c_manuelajans_lucernefestival_klein-25.jpg","contentUrl":"https:\/\/www.musikzeitung.ch\/wp-content\/uploads\/2026\/08\/260826_citystage_c_manuelajans_lucernefestival_klein-25.jpg","width":1400,"height":934,"caption":"Lucerne Festival: Sommer-Festival 2026 | 26.08.2026 | City Stage | Symphonic Jukebox, Reflecting the Streets of New Orleans | Copyright: Manuela Jans\/ Lucerne Festival"},{"@type":"BreadcrumbList","@id":"https:\/\/www.musikzeitung.ch\/berichte\/2026\/08\/wie-sebastian-nordmann-musik-in-luzerns-strassen-bringt#breadcrumb","itemListElement":[{"@type":"ListItem","position":1,"name":"Home","item":"https:\/\/www.musikzeitung.ch\/"},{"@type":"ListItem","position":2,"name":"Wie Sebastian Nordmann Musik in Luzerns Strassen bringt"}]},{"@type":"WebSite","@id":"https:\/\/www.musikzeitung.ch\/#website","url":"https:\/\/www.musikzeitung.ch\/","name":"Giornale musicale svizzero","description":"Il principale mensile interdisciplinare della Svizzera per le questioni musicali.","publisher":{"@id":"https:\/\/www.musikzeitung.ch\/#organization"},"potentialAction":[{"@type":"SearchAction","target":{"@type":"EntryPoint","urlTemplate":"https:\/\/www.musikzeitung.ch\/?s={search_term_string}"},"query-input":{"@type":"PropertyValueSpecification","valueRequired":true,"valueName":"search_term_string"}}],"inLanguage":"it-IT"},{"@type":"Organization","@id":"https:\/\/www.musikzeitung.ch\/#organization","name":"Giornale musicale svizzero","url":"https:\/\/www.musikzeitung.ch\/","logo":{"@type":"ImageObject","inLanguage":"it-IT","@id":"https:\/\/www.musikzeitung.ch\/#\/schema\/logo\/image\/","url":"https:\/\/www.musikzeitung.ch\/wp-content\/uploads\/2023\/01\/SMZ_Schriftzug_Sprache.png","contentUrl":"https:\/\/www.musikzeitung.ch\/wp-content\/uploads\/2023\/01\/SMZ_Schriftzug_Sprache.png","width":1400,"height":279,"caption":"Schweizer Musikzeitung"},"image":{"@id":"https:\/\/www.musikzeitung.ch\/#\/schema\/logo\/image\/"},"sameAs":["https:\/\/www.facebook.com\/SchweizerMusikzeitung\/","https:\/\/x.com\/smusikzeitung","https:\/\/www.instagram.com\/musikzeitung.ch\/"]},{"@type":"Person","@id":"https:\/\/www.musikzeitung.ch\/#\/schema\/person\/d5e2affbc30912ae581f457f8993d034","name":"Fabian Renz","image":{"@type":"ImageObject","inLanguage":"it-IT","@id":"https:\/\/secure.gravatar.com\/avatar\/2d30a35a3fc008c3c0ccb0a1e6758ef4a34aad80df2ce102b470992541cd3b66?s=96&d=mm&r=g","url":"https:\/\/secure.gravatar.com\/avatar\/2d30a35a3fc008c3c0ccb0a1e6758ef4a34aad80df2ce102b470992541cd3b66?s=96&d=mm&r=g","contentUrl":"https:\/\/secure.gravatar.com\/avatar\/2d30a35a3fc008c3c0ccb0a1e6758ef4a34aad80df2ce102b470992541cd3b66?s=96&d=mm&r=g","caption":"Fabian Renz"},"url":"https:\/\/www.musikzeitung.ch\/it\/author\/fabian-renz"}]}},"publishpress_future_workflow_manual_trigger":{"enabledWorkflows":[]},"_links":{"self":[{"href":"https:\/\/www.musikzeitung.ch\/it\/wp-json\/wp\/v2\/posts\/75311","targetHints":{"allow":["GET"]}}],"collection":[{"href":"https:\/\/www.musikzeitung.ch\/it\/wp-json\/wp\/v2\/posts"}],"about":[{"href":"https:\/\/www.musikzeitung.ch\/it\/wp-json\/wp\/v2\/types\/post"}],"author":[{"embeddable":true,"href":"https:\/\/www.musikzeitung.ch\/it\/wp-json\/wp\/v2\/users\/58087"}],"replies":[{"embeddable":true,"href":"https:\/\/www.musikzeitung.ch\/it\/wp-json\/wp\/v2\/comments?post=75311"}],"version-history":[{"count":6,"href":"https:\/\/www.musikzeitung.ch\/it\/wp-json\/wp\/v2\/posts\/75311\/revisions"}],"predecessor-version":[{"id":75320,"href":"https:\/\/www.musikzeitung.ch\/it\/wp-json\/wp\/v2\/posts\/75311\/revisions\/75320"}],"wp:featuredmedia":[{"embeddable":true,"href":"https:\/\/www.musikzeitung.ch\/it\/wp-json\/wp\/v2\/media\/75315"}],"wp:attachment":[{"href":"https:\/\/www.musikzeitung.ch\/it\/wp-json\/wp\/v2\/media?parent=75311"}],"wp:term":[{"taxonomy":"category","embeddable":true,"href":"https:\/\/www.musikzeitung.ch\/it\/wp-json\/wp\/v2\/categories?post=75311"},{"taxonomy":"post_tag","embeddable":true,"href":"https:\/\/www.musikzeitung.ch\/it\/wp-json\/wp\/v2\/tags?post=75311"}],"curies":[{"name":"wp","href":"https:\/\/api.w.org\/{rel}","templated":true}]}}