{"id":75362,"date":"2026-09-03T15:00:31","date_gmt":"2026-09-03T13:00:31","guid":{"rendered":"https:\/\/www.musikzeitung.ch\/?p=75362"},"modified":"2026-09-03T15:13:30","modified_gmt":"2026-09-03T13:13:30","slug":"er-wollte-musik-sichtbar-machen","status":"publish","type":"post","link":"https:\/\/www.musikzeitung.ch\/it\/dossiers\/nachruf\/2026\/09\/er-wollte-musik-sichtbar-machen","title":{"rendered":"Voleva rendere visibile la musica"},"content":{"rendered":"<figure id=\"attachment_74714\" aria-describedby=\"caption-attachment-74714\" style=\"width: 1400px\" class=\"wp-caption alignnone\"><img decoding=\"async\" class=\"size-full wp-image-74714\" src=\"https:\/\/www.musikzeitung.ch\/wp-content\/uploads\/2026\/08\/260818brunner.jpg\" alt=\"\" width=\"1400\" height=\"815\" srcset=\"https:\/\/www.musikzeitung.ch\/wp-content\/uploads\/2026\/08\/260818brunner.jpg 1400w, https:\/\/www.musikzeitung.ch\/wp-content\/uploads\/2026\/08\/260818brunner-300x175.jpg 300w, https:\/\/www.musikzeitung.ch\/wp-content\/uploads\/2026\/08\/260818brunner-1024x596.jpg 1024w, https:\/\/www.musikzeitung.ch\/wp-content\/uploads\/2026\/08\/260818brunner-768x447.jpg 768w, https:\/\/www.musikzeitung.ch\/wp-content\/uploads\/2026\/08\/260818brunner-18x10.jpg 18w, https:\/\/www.musikzeitung.ch\/wp-content\/uploads\/2026\/08\/260818brunner-301x175.jpg 301w, https:\/\/www.musikzeitung.ch\/wp-content\/uploads\/2026\/08\/260818brunner-601x350.jpg 601w, https:\/\/www.musikzeitung.ch\/wp-content\/uploads\/2026\/08\/260818brunner-1374x800.jpg 1374w, https:\/\/www.musikzeitung.ch\/wp-content\/uploads\/2026\/08\/260818brunner-920x536.jpg 920w\" sizes=\"(max-width: 1400px) 100vw, 1400px\" \/><figcaption id=\"caption-attachment-74714\" class=\"wp-caption-text\">Armin Brunner (1933-2026). Immagine: Wikimedia Commons\/Anthropogen anthropogen<\/figcaption><\/figure>\n<p>Si passeggiava per l\u2019edificio mentre in ogni stanza risuonava contemporaneamente una musica diversa. Chi voleva ascoltare doveva scegliere. \u00ab3\u00d75 ore di musica\u00bb era il titolo dell\u2019evento; si trattava di una di quelle iniziative stimolanti e entusiasmanti con cui Armin Brunner rivoluzion\u00f2 la scena musicale negli anni \u201970. Le abitudini di consumo venivano messe alla prova, le abitudini di ascolto messe in discussione, il formato del concerto stravolto, in modo tanto divertente quanto provocatorio. La musica nuova e quella pi\u00f9 classica entravano talvolta in dialogo con la musica pop \u2013 una conseguenza dei turbolenti anni \u201960. L\u2019ascolto devoto dell\u2019assoluto musicale non era nelle intenzioni di Brunner. Si trattava di impulsi importanti anche per la nostra generazione, allora giovane, che si recava in pellegrinaggio a questi eventi.<\/p>\n<p>Nato nel 1933 a Zollikon, Brunner aveva studiato al Conservatorio di Zurigo. Ben presto divenne assistente di Hans Rosbaud al Teatro dell\u2019Opera, uno dei pi\u00f9 importanti direttori d\u2019orchestra di musica contemporanea dell\u2019epoca. Brunner, infatti, era interessato al nuovo, ma anche alla dimensione scenica \u2013 o, pi\u00f9 in generale, al connubio tra musica e immagini. Dopo alcune esperienze con le opere da camera, nel 1971 fond\u00f2 il \u00abMusikszenisches Studio Z\u00fcrich\u00bb, che diresse fino al 1983. Allo stesso tempo si impegn\u00f2 a favore di ci\u00f2 che andava controcorrente. Diresse, ad esempio, lo spettacolo di Hans Werner Henze <em>Il lungo percorso verso l\u2019appartamento di Natascha Ungeheuer<\/em> in cui un'auto incidentata fungeva da strumento a percussione.<\/p>\n<p>Successivamente \u00e8 passato alla televisione della Svizzera tedesca, dove dal 1979 al 1998 ha diretto il dipartimento \u00abMusica e balletto\u00bb. Mai prima n\u00e9 mai dopo si \u00e8 registrata in quel contesto una tale effervescenza nel campo della musica classica. Era un periodo di rinnovamento e di sperimentazione. Registi come Fred Bosman, Peter Schweiger o Werner D\u00fcggelin realizzarono film musicali insoliti; l\u2019ultimo, ad esempio, un\u2019impressionante <em>Passione di San Giovanni<\/em>. \u00c8 nato cos\u00ec un ciclo di balletti di Heinz Spoerli. Mauricio Kagel, una delle figure di riferimento di Brunner nel rapporto con la musica e i media, ha realizzato film musicali di grande impatto.<\/p>\n<h3>Una collaborazione innovativa con Adrian Marthaler<\/h3>\n<p>Ma soprattutto le innovative produzioni con Adrian Marthaler hanno riscosso un enorme successo anche oltre i confini nazionali: la vita concertistica \u00e8 stata commentata e raccontata in chiave critica, fino a sfiorare la parodia. Le opere classiche sono state riproposte in un contesto moderno. Gershwin\u2019s <em>Rapsodia in blu<\/em> Ad esempio, ne \u00e8 stato girato uno in un bar. In seguito, per\u00f2, sono seguiti anche adattamenti cinematografici \u00abpi\u00f9 seri\u00bb di Mozart o della Sesta di Mahler, sotto forma di film epico. La televisione svizzera non trasmette pi\u00f9 nulla di tutto ci\u00f2 da molto tempo, sebbene si tratti di una delle creazioni pi\u00f9 gloriose della sua storia.<\/p>\n<p>Brunner, che per lungo tempo ha diretto il Coro dell\u2019Oratorio di Frauenfeld, voleva per\u00f2 anche interrogarsi sulle grandi opere della musica sacra. Ha cos\u00ec realizzato un totale di 21 \u00abMeditazioni musicali\u00bb, in cui contemporanei critici \u00abpredicavano\u00bb quasi dal pulpito su un\u2019opera classica. Wolfgang Hildesheimer, ad esempio, formul\u00f2 pensieri eretici sul Requiem di Mozart: \u00abSignore, non concedere loro il riposo eterno!\u00bb A lui fecero seguito scrittori e teologi come Dorothee S\u00f6lle, G\u00fcnter Wallraff, Hans K\u00fcng, Peter Bichsel, Martin Walser, Wolf Biermann e Adolf Muschg.<\/p>\n<p>Infine, Brunner nutriva un amore particolare per il cinema muto: esempi famosi come <em>Nosferatu<\/em>, <em>Corazzata Potemkin<\/em> o <em>Metropolis<\/em> Ne ha realizzato la colonna sonora, non componendo per\u00f2 musica nuova ad hoc, bens\u00ec raccogliendo opere gi\u00e0 esistenti e accompagnando le immagini con esse. Col passare del tempo, in questo approccio si \u00e8 fatta strada anche una certa diffidenza nei confronti dell\u2019elitarismo della musica contemporanea. Una musica che non voleva farsi comprendere divenne, con il passare degli anni, sospetta agli occhi di Brunner. Arvo P\u00e4rt rappresentava per lui un brillante controesempio.<\/p>\n<h3>Era affascinato dal legame tra l'orecchio e l'occhio<\/h3>\n<p>In qualit\u00e0 di responsabile dei concerti dei \u201cMigros-Klubhauskonzerte\u201d, dopo l\u2019esperienza televisiva ha proseguito la sua attivit\u00e0 di mediatore. Dopo otto anni l\u2019ha conclusa con un concerto partecipativo: il variegato programma degli ultimi concerti era stato definito sulla base di un questionario. In quegli anni, tuttavia, riprese anche i formati concertistici insoliti di un tempo, sebbene su scala molto pi\u00f9 ampia. Gi\u00e0 nel 1990 aveva realizzato un Sonoptikum su larga scala per l\u2019Alte Oper di Francoforte. Anche in quel caso si trattava nuovamente del connubio tra udito e vista, il tema che lo ha affascinato e stimolato fino all\u2019ultimo.<\/p>\n<p>Il 12 agosto \u00e8 venuto a mancare Armin Brunner, uno spirito critico che, tra l\u2019altro, sapeva apprezzare lo spirito critico anche negli altri. Considerava un grande impoverimento il fatto che, ad esempio, la critica musicale fosse andata in declino negli ultimi decenni. In effetti, e questo \u00e8 motivo di malinconia, gran parte di ci\u00f2 che ha creato \u00e8 oggi difficilmente immaginabile, soprattutto in televisione.<\/p>","protected":false},"excerpt":{"rendered":"<p>Direttore d'orchestra, organizzatore di concerti e divulgatore musicale decisamente polemico: un necrologio dedicato ad Armin Brunner, scomparso il 12 agosto all\u2019et\u00e0 di 93 anni.<\/p>","protected":false},"author":58087,"featured_media":74714,"comment_status":"closed","ping_status":"closed","sticky":false,"template":"","format":"standard","meta":{"_acf_changed":false,"_relevanssi_hide_post":"","_relevanssi_hide_content":"","_relevanssi_pin_for_all":"","_relevanssi_pin_keywords":"","_relevanssi_unpin_keywords":"","_relevanssi_related_keywords":"","_relevanssi_related_include_ids":"","_relevanssi_related_exclude_ids":"","_relevanssi_related_no_append":"","_relevanssi_related_not_related":"","_relevanssi_related_posts":"","_relevanssi_noindex_reason":"","pgc_sgb_lightbox_settings":"","footnotes":""},"categories":[5114],"tags":[5796,1622],"class_list":["post-75362","post","type-post","status-publish","format-standard","has-post-thumbnail","hentry","category-nachruf","tag-armin-brunner","tag-nachruf"],"acf":{"author":"Thomas Meyer"},"yoast_head":"<!-- This site is optimized with the Yoast SEO plugin v28.4 - https:\/\/yoast.com\/product\/yoast-seo-wordpress\/ -->\n<title>Er wollte Musik sichtbar machen - Schweizer Musikzeitung<\/title>\n<meta name=\"robots\" content=\"index, follow, max-snippet:-1, max-image-preview:large, max-video-preview:-1\" \/>\n<link rel=\"canonical\" href=\"https:\/\/www.musikzeitung.ch\/it\/dossiers\/nachruf\/2026\/09\/er-wollte-musik-sichtbar-machen\/\" \/>\n<meta property=\"og:locale\" content=\"it_IT\" \/>\n<meta property=\"og:type\" content=\"article\" \/>\n<meta property=\"og:title\" content=\"Er wollte Musik sichtbar machen - Schweizer Musikzeitung\" \/>\n<meta property=\"og:description\" content=\"Dirigent, Konzertveranstalter und durchaus polemischer Musikvermittler: Ein Nachruf auf Armin Brunner, der am 12. August im Alter von 93 Jahren verstorben ist.\" \/>\n<meta property=\"og:url\" content=\"https:\/\/www.musikzeitung.ch\/it\/dossiers\/nachruf\/2026\/09\/er-wollte-musik-sichtbar-machen\/\" \/>\n<meta property=\"og:site_name\" content=\"Schweizer Musikzeitung\" \/>\n<meta property=\"article:publisher\" content=\"https:\/\/www.facebook.com\/SchweizerMusikzeitung\/\" \/>\n<meta property=\"article:published_time\" content=\"2026-09-03T13:00:31+00:00\" \/>\n<meta property=\"article:modified_time\" content=\"2026-09-03T13:13:30+00:00\" \/>\n<meta property=\"og:image\" content=\"https:\/\/www.musikzeitung.ch\/wp-content\/uploads\/2026\/08\/260818brunner.jpg\" \/>\n\t<meta property=\"og:image:width\" content=\"1400\" \/>\n\t<meta property=\"og:image:height\" content=\"815\" \/>\n\t<meta property=\"og:image:type\" content=\"image\/jpeg\" \/>\n<meta name=\"author\" content=\"Fabian Renz\" \/>\n<meta name=\"twitter:card\" content=\"summary_large_image\" \/>\n<meta name=\"twitter:creator\" content=\"@smusikzeitung\" \/>\n<meta name=\"twitter:site\" content=\"@smusikzeitung\" \/>\n<meta name=\"twitter:label1\" content=\"Scritto da\" \/>\n\t<meta name=\"twitter:data1\" content=\"Fabian Renz\" \/>\n\t<meta name=\"twitter:label2\" content=\"Tempo di lettura stimato\" \/>\n\t<meta name=\"twitter:data2\" content=\"5 minuti\" \/>\n<script type=\"application\/ld+json\" class=\"yoast-schema-graph\">{\"@context\":\"https:\\\/\\\/schema.org\",\"@graph\":[{\"@type\":\"Article\",\"@id\":\"https:\\\/\\\/www.musikzeitung.ch\\\/dossiers\\\/nachruf\\\/2026\\\/09\\\/er-wollte-musik-sichtbar-machen#article\",\"isPartOf\":{\"@id\":\"https:\\\/\\\/www.musikzeitung.ch\\\/dossiers\\\/nachruf\\\/2026\\\/09\\\/er-wollte-musik-sichtbar-machen\"},\"author\":{\"name\":\"Fabian Renz\",\"@id\":\"https:\\\/\\\/www.musikzeitung.ch\\\/#\\\/schema\\\/person\\\/d5e2affbc30912ae581f457f8993d034\"},\"headline\":\"Er wollte Musik sichtbar machen\",\"datePublished\":\"2026-09-03T13:00:31+00:00\",\"dateModified\":\"2026-09-03T13:13:30+00:00\",\"mainEntityOfPage\":{\"@id\":\"https:\\\/\\\/www.musikzeitung.ch\\\/dossiers\\\/nachruf\\\/2026\\\/09\\\/er-wollte-musik-sichtbar-machen\"},\"wordCount\":708,\"publisher\":{\"@id\":\"https:\\\/\\\/www.musikzeitung.ch\\\/#organization\"},\"image\":{\"@id\":\"https:\\\/\\\/www.musikzeitung.ch\\\/dossiers\\\/nachruf\\\/2026\\\/09\\\/er-wollte-musik-sichtbar-machen#primaryimage\"},\"thumbnailUrl\":\"https:\\\/\\\/www.musikzeitung.ch\\\/wp-content\\\/uploads\\\/2026\\\/08\\\/260818brunner.jpg\",\"keywords\":[\"Armin Brunner\",\"Nachruf\"],\"articleSection\":[\"Nachruf\"],\"inLanguage\":\"it-IT\"},{\"@type\":\"WebPage\",\"@id\":\"https:\\\/\\\/www.musikzeitung.ch\\\/dossiers\\\/nachruf\\\/2026\\\/09\\\/er-wollte-musik-sichtbar-machen\",\"url\":\"https:\\\/\\\/www.musikzeitung.ch\\\/dossiers\\\/nachruf\\\/2026\\\/09\\\/er-wollte-musik-sichtbar-machen\",\"name\":\"Er wollte Musik sichtbar machen - Schweizer Musikzeitung\",\"isPartOf\":{\"@id\":\"https:\\\/\\\/www.musikzeitung.ch\\\/#website\"},\"primaryImageOfPage\":{\"@id\":\"https:\\\/\\\/www.musikzeitung.ch\\\/dossiers\\\/nachruf\\\/2026\\\/09\\\/er-wollte-musik-sichtbar-machen#primaryimage\"},\"image\":{\"@id\":\"https:\\\/\\\/www.musikzeitung.ch\\\/dossiers\\\/nachruf\\\/2026\\\/09\\\/er-wollte-musik-sichtbar-machen#primaryimage\"},\"thumbnailUrl\":\"https:\\\/\\\/www.musikzeitung.ch\\\/wp-content\\\/uploads\\\/2026\\\/08\\\/260818brunner.jpg\",\"datePublished\":\"2026-09-03T13:00:31+00:00\",\"dateModified\":\"2026-09-03T13:13:30+00:00\",\"breadcrumb\":{\"@id\":\"https:\\\/\\\/www.musikzeitung.ch\\\/dossiers\\\/nachruf\\\/2026\\\/09\\\/er-wollte-musik-sichtbar-machen#breadcrumb\"},\"inLanguage\":\"it-IT\",\"potentialAction\":[{\"@type\":\"ReadAction\",\"target\":[\"https:\\\/\\\/www.musikzeitung.ch\\\/dossiers\\\/nachruf\\\/2026\\\/09\\\/er-wollte-musik-sichtbar-machen\"]}]},{\"@type\":\"ImageObject\",\"inLanguage\":\"it-IT\",\"@id\":\"https:\\\/\\\/www.musikzeitung.ch\\\/dossiers\\\/nachruf\\\/2026\\\/09\\\/er-wollte-musik-sichtbar-machen#primaryimage\",\"url\":\"https:\\\/\\\/www.musikzeitung.ch\\\/wp-content\\\/uploads\\\/2026\\\/08\\\/260818brunner.jpg\",\"contentUrl\":\"https:\\\/\\\/www.musikzeitung.ch\\\/wp-content\\\/uploads\\\/2026\\\/08\\\/260818brunner.jpg\",\"width\":1400,\"height\":815,\"caption\":\"Armin Brunner (Bild: Wikimedia Commons\\\/Anthropogen anthropogen\"},{\"@type\":\"BreadcrumbList\",\"@id\":\"https:\\\/\\\/www.musikzeitung.ch\\\/dossiers\\\/nachruf\\\/2026\\\/09\\\/er-wollte-musik-sichtbar-machen#breadcrumb\",\"itemListElement\":[{\"@type\":\"ListItem\",\"position\":1,\"name\":\"Home\",\"item\":\"https:\\\/\\\/www.musikzeitung.ch\\\/\"},{\"@type\":\"ListItem\",\"position\":2,\"name\":\"Er wollte Musik sichtbar machen\"}]},{\"@type\":\"WebSite\",\"@id\":\"https:\\\/\\\/www.musikzeitung.ch\\\/#website\",\"url\":\"https:\\\/\\\/www.musikzeitung.ch\\\/\",\"name\":\"Schweizer Musikzeitung\",\"description\":\"Die f\u00fchrende sparten\u00fcbergreifende Monatszeitung in der Schweiz f\u00fcr musikalische Fragen.\",\"publisher\":{\"@id\":\"https:\\\/\\\/www.musikzeitung.ch\\\/#organization\"},\"potentialAction\":[{\"@type\":\"SearchAction\",\"target\":{\"@type\":\"EntryPoint\",\"urlTemplate\":\"https:\\\/\\\/www.musikzeitung.ch\\\/?s={search_term_string}\"},\"query-input\":{\"@type\":\"PropertyValueSpecification\",\"valueRequired\":true,\"valueName\":\"search_term_string\"}}],\"inLanguage\":\"it-IT\"},{\"@type\":\"Organization\",\"@id\":\"https:\\\/\\\/www.musikzeitung.ch\\\/#organization\",\"name\":\"Schweizer Musikzeitung\",\"url\":\"https:\\\/\\\/www.musikzeitung.ch\\\/\",\"logo\":{\"@type\":\"ImageObject\",\"inLanguage\":\"it-IT\",\"@id\":\"https:\\\/\\\/www.musikzeitung.ch\\\/#\\\/schema\\\/logo\\\/image\\\/\",\"url\":\"https:\\\/\\\/www.musikzeitung.ch\\\/wp-content\\\/uploads\\\/2023\\\/01\\\/SMZ_Schriftzug_Sprache.png\",\"contentUrl\":\"https:\\\/\\\/www.musikzeitung.ch\\\/wp-content\\\/uploads\\\/2023\\\/01\\\/SMZ_Schriftzug_Sprache.png\",\"width\":1400,\"height\":279,\"caption\":\"Schweizer Musikzeitung\"},\"image\":{\"@id\":\"https:\\\/\\\/www.musikzeitung.ch\\\/#\\\/schema\\\/logo\\\/image\\\/\"},\"sameAs\":[\"https:\\\/\\\/www.facebook.com\\\/SchweizerMusikzeitung\\\/\",\"https:\\\/\\\/x.com\\\/smusikzeitung\",\"https:\\\/\\\/www.instagram.com\\\/musikzeitung.ch\\\/\"]},{\"@type\":\"Person\",\"@id\":\"https:\\\/\\\/www.musikzeitung.ch\\\/#\\\/schema\\\/person\\\/d5e2affbc30912ae581f457f8993d034\",\"name\":\"Fabian Renz\",\"image\":{\"@type\":\"ImageObject\",\"inLanguage\":\"it-IT\",\"@id\":\"https:\\\/\\\/secure.gravatar.com\\\/avatar\\\/2d30a35a3fc008c3c0ccb0a1e6758ef4a34aad80df2ce102b470992541cd3b66?s=96&d=mm&r=g\",\"url\":\"https:\\\/\\\/secure.gravatar.com\\\/avatar\\\/2d30a35a3fc008c3c0ccb0a1e6758ef4a34aad80df2ce102b470992541cd3b66?s=96&d=mm&r=g\",\"contentUrl\":\"https:\\\/\\\/secure.gravatar.com\\\/avatar\\\/2d30a35a3fc008c3c0ccb0a1e6758ef4a34aad80df2ce102b470992541cd3b66?s=96&d=mm&r=g\",\"caption\":\"Fabian Renz\"},\"url\":\"https:\\\/\\\/www.musikzeitung.ch\\\/it\\\/author\\\/fabian-renz\"}]}<\/script>\n<!-- \/ Yoast SEO plugin. -->","yoast_head_json":{"title":"Er wollte Musik sichtbar machen - Schweizer Musikzeitung","robots":{"index":"index","follow":"follow","max-snippet":"max-snippet:-1","max-image-preview":"max-image-preview:large","max-video-preview":"max-video-preview:-1"},"canonical":"https:\/\/www.musikzeitung.ch\/it\/dossiers\/nachruf\/2026\/09\/er-wollte-musik-sichtbar-machen\/","og_locale":"it_IT","og_type":"article","og_title":"Er wollte Musik sichtbar machen - Schweizer Musikzeitung","og_description":"Dirigent, Konzertveranstalter und durchaus polemischer Musikvermittler: Ein Nachruf auf Armin Brunner, der am 12. August im Alter von 93 Jahren verstorben ist.","og_url":"https:\/\/www.musikzeitung.ch\/it\/dossiers\/nachruf\/2026\/09\/er-wollte-musik-sichtbar-machen\/","og_site_name":"Schweizer Musikzeitung","article_publisher":"https:\/\/www.facebook.com\/SchweizerMusikzeitung\/","article_published_time":"2026-09-03T13:00:31+00:00","article_modified_time":"2026-09-03T13:13:30+00:00","og_image":[{"width":1400,"height":815,"url":"https:\/\/www.musikzeitung.ch\/wp-content\/uploads\/2026\/08\/260818brunner.jpg","type":"image\/jpeg"}],"author":"Fabian Renz","twitter_card":"summary_large_image","twitter_creator":"@smusikzeitung","twitter_site":"@smusikzeitung","twitter_misc":{"Scritto da":"Fabian Renz","Tempo di lettura stimato":"5 minuti"},"schema":{"@context":"https:\/\/schema.org","@graph":[{"@type":"Article","@id":"https:\/\/www.musikzeitung.ch\/dossiers\/nachruf\/2026\/09\/er-wollte-musik-sichtbar-machen#article","isPartOf":{"@id":"https:\/\/www.musikzeitung.ch\/dossiers\/nachruf\/2026\/09\/er-wollte-musik-sichtbar-machen"},"author":{"name":"Fabian Renz","@id":"https:\/\/www.musikzeitung.ch\/#\/schema\/person\/d5e2affbc30912ae581f457f8993d034"},"headline":"Er wollte Musik sichtbar machen","datePublished":"2026-09-03T13:00:31+00:00","dateModified":"2026-09-03T13:13:30+00:00","mainEntityOfPage":{"@id":"https:\/\/www.musikzeitung.ch\/dossiers\/nachruf\/2026\/09\/er-wollte-musik-sichtbar-machen"},"wordCount":708,"publisher":{"@id":"https:\/\/www.musikzeitung.ch\/#organization"},"image":{"@id":"https:\/\/www.musikzeitung.ch\/dossiers\/nachruf\/2026\/09\/er-wollte-musik-sichtbar-machen#primaryimage"},"thumbnailUrl":"https:\/\/www.musikzeitung.ch\/wp-content\/uploads\/2026\/08\/260818brunner.jpg","keywords":["Armin Brunner","Nachruf"],"articleSection":["Nachruf"],"inLanguage":"it-IT"},{"@type":"WebPage","@id":"https:\/\/www.musikzeitung.ch\/dossiers\/nachruf\/2026\/09\/er-wollte-musik-sichtbar-machen","url":"https:\/\/www.musikzeitung.ch\/dossiers\/nachruf\/2026\/09\/er-wollte-musik-sichtbar-machen","name":"Er wollte Musik sichtbar machen - Schweizer Musikzeitung","isPartOf":{"@id":"https:\/\/www.musikzeitung.ch\/#website"},"primaryImageOfPage":{"@id":"https:\/\/www.musikzeitung.ch\/dossiers\/nachruf\/2026\/09\/er-wollte-musik-sichtbar-machen#primaryimage"},"image":{"@id":"https:\/\/www.musikzeitung.ch\/dossiers\/nachruf\/2026\/09\/er-wollte-musik-sichtbar-machen#primaryimage"},"thumbnailUrl":"https:\/\/www.musikzeitung.ch\/wp-content\/uploads\/2026\/08\/260818brunner.jpg","datePublished":"2026-09-03T13:00:31+00:00","dateModified":"2026-09-03T13:13:30+00:00","breadcrumb":{"@id":"https:\/\/www.musikzeitung.ch\/dossiers\/nachruf\/2026\/09\/er-wollte-musik-sichtbar-machen#breadcrumb"},"inLanguage":"it-IT","potentialAction":[{"@type":"ReadAction","target":["https:\/\/www.musikzeitung.ch\/dossiers\/nachruf\/2026\/09\/er-wollte-musik-sichtbar-machen"]}]},{"@type":"ImageObject","inLanguage":"it-IT","@id":"https:\/\/www.musikzeitung.ch\/dossiers\/nachruf\/2026\/09\/er-wollte-musik-sichtbar-machen#primaryimage","url":"https:\/\/www.musikzeitung.ch\/wp-content\/uploads\/2026\/08\/260818brunner.jpg","contentUrl":"https:\/\/www.musikzeitung.ch\/wp-content\/uploads\/2026\/08\/260818brunner.jpg","width":1400,"height":815,"caption":"Armin Brunner (Bild: Wikimedia Commons\/Anthropogen anthropogen"},{"@type":"BreadcrumbList","@id":"https:\/\/www.musikzeitung.ch\/dossiers\/nachruf\/2026\/09\/er-wollte-musik-sichtbar-machen#breadcrumb","itemListElement":[{"@type":"ListItem","position":1,"name":"Home","item":"https:\/\/www.musikzeitung.ch\/"},{"@type":"ListItem","position":2,"name":"Er wollte Musik sichtbar machen"}]},{"@type":"WebSite","@id":"https:\/\/www.musikzeitung.ch\/#website","url":"https:\/\/www.musikzeitung.ch\/","name":"Giornale musicale svizzero","description":"Il principale mensile interdisciplinare della Svizzera per le questioni musicali.","publisher":{"@id":"https:\/\/www.musikzeitung.ch\/#organization"},"potentialAction":[{"@type":"SearchAction","target":{"@type":"EntryPoint","urlTemplate":"https:\/\/www.musikzeitung.ch\/?s={search_term_string}"},"query-input":{"@type":"PropertyValueSpecification","valueRequired":true,"valueName":"search_term_string"}}],"inLanguage":"it-IT"},{"@type":"Organization","@id":"https:\/\/www.musikzeitung.ch\/#organization","name":"Giornale musicale svizzero","url":"https:\/\/www.musikzeitung.ch\/","logo":{"@type":"ImageObject","inLanguage":"it-IT","@id":"https:\/\/www.musikzeitung.ch\/#\/schema\/logo\/image\/","url":"https:\/\/www.musikzeitung.ch\/wp-content\/uploads\/2023\/01\/SMZ_Schriftzug_Sprache.png","contentUrl":"https:\/\/www.musikzeitung.ch\/wp-content\/uploads\/2023\/01\/SMZ_Schriftzug_Sprache.png","width":1400,"height":279,"caption":"Schweizer Musikzeitung"},"image":{"@id":"https:\/\/www.musikzeitung.ch\/#\/schema\/logo\/image\/"},"sameAs":["https:\/\/www.facebook.com\/SchweizerMusikzeitung\/","https:\/\/x.com\/smusikzeitung","https:\/\/www.instagram.com\/musikzeitung.ch\/"]},{"@type":"Person","@id":"https:\/\/www.musikzeitung.ch\/#\/schema\/person\/d5e2affbc30912ae581f457f8993d034","name":"Fabian Renz","image":{"@type":"ImageObject","inLanguage":"it-IT","@id":"https:\/\/secure.gravatar.com\/avatar\/2d30a35a3fc008c3c0ccb0a1e6758ef4a34aad80df2ce102b470992541cd3b66?s=96&d=mm&r=g","url":"https:\/\/secure.gravatar.com\/avatar\/2d30a35a3fc008c3c0ccb0a1e6758ef4a34aad80df2ce102b470992541cd3b66?s=96&d=mm&r=g","contentUrl":"https:\/\/secure.gravatar.com\/avatar\/2d30a35a3fc008c3c0ccb0a1e6758ef4a34aad80df2ce102b470992541cd3b66?s=96&d=mm&r=g","caption":"Fabian Renz"},"url":"https:\/\/www.musikzeitung.ch\/it\/author\/fabian-renz"}]}},"publishpress_future_workflow_manual_trigger":{"enabledWorkflows":[]},"_links":{"self":[{"href":"https:\/\/www.musikzeitung.ch\/it\/wp-json\/wp\/v2\/posts\/75362","targetHints":{"allow":["GET"]}}],"collection":[{"href":"https:\/\/www.musikzeitung.ch\/it\/wp-json\/wp\/v2\/posts"}],"about":[{"href":"https:\/\/www.musikzeitung.ch\/it\/wp-json\/wp\/v2\/types\/post"}],"author":[{"embeddable":true,"href":"https:\/\/www.musikzeitung.ch\/it\/wp-json\/wp\/v2\/users\/58087"}],"replies":[{"embeddable":true,"href":"https:\/\/www.musikzeitung.ch\/it\/wp-json\/wp\/v2\/comments?post=75362"}],"version-history":[{"count":4,"href":"https:\/\/www.musikzeitung.ch\/it\/wp-json\/wp\/v2\/posts\/75362\/revisions"}],"predecessor-version":[{"id":75366,"href":"https:\/\/www.musikzeitung.ch\/it\/wp-json\/wp\/v2\/posts\/75362\/revisions\/75366"}],"wp:featuredmedia":[{"embeddable":true,"href":"https:\/\/www.musikzeitung.ch\/it\/wp-json\/wp\/v2\/media\/74714"}],"wp:attachment":[{"href":"https:\/\/www.musikzeitung.ch\/it\/wp-json\/wp\/v2\/media?parent=75362"}],"wp:term":[{"taxonomy":"category","embeddable":true,"href":"https:\/\/www.musikzeitung.ch\/it\/wp-json\/wp\/v2\/categories?post=75362"},{"taxonomy":"post_tag","embeddable":true,"href":"https:\/\/www.musikzeitung.ch\/it\/wp-json\/wp\/v2\/tags?post=75362"}],"curies":[{"name":"wp","href":"https:\/\/api.w.org\/{rel}","templated":true}]}}