{"id":75476,"date":"2026-09-04T09:50:57","date_gmt":"2026-09-04T07:50:57","guid":{"rendered":"https:\/\/www.musikzeitung.ch\/?p=75476"},"modified":"2026-09-04T10:21:24","modified_gmt":"2026-09-04T08:21:24","slug":"kanton-wallis-verschenkt-kultur-an-jugendliche","status":"publish","type":"post","link":"https:\/\/www.musikzeitung.ch\/it\/news\/2026\/09\/kanton-wallis-verschenkt-kultur-an-jugendliche","title":{"rendered":"Il Cantone del Vallese regala la cultura ai giovani"},"content":{"rendered":"<figure id=\"attachment_54477\" aria-describedby=\"caption-attachment-54477\" style=\"width: 978px\" class=\"wp-caption alignnone\"><img decoding=\"async\" class=\"size-full wp-image-54477\" src=\"https:\/\/www.musikzeitung.ch\/wp-content\/uploads\/2024\/05\/240503wallis.jpg\" alt=\"\" width=\"978\" height=\"768\" srcset=\"https:\/\/www.musikzeitung.ch\/wp-content\/uploads\/2024\/05\/240503wallis.jpg 978w, https:\/\/www.musikzeitung.ch\/wp-content\/uploads\/2024\/05\/240503wallis-300x236.jpg 300w, https:\/\/www.musikzeitung.ch\/wp-content\/uploads\/2024\/05\/240503wallis-768x603.jpg 768w, https:\/\/www.musikzeitung.ch\/wp-content\/uploads\/2024\/05\/240503wallis-223x175.jpg 223w, https:\/\/www.musikzeitung.ch\/wp-content\/uploads\/2024\/05\/240503wallis-446x350.jpg 446w, https:\/\/www.musikzeitung.ch\/wp-content\/uploads\/2024\/05\/240503wallis-920x722.jpg 920w\" sizes=\"(max-width: 978px) 100vw, 978px\" \/><figcaption id=\"caption-attachment-54477\" class=\"wp-caption-text\">Il palazzo del governo del Vallese (Immagine: EpsilonEridani)<\/figcaption><\/figure>\n<p>Secondo il comunicato stampa del Cantone, circa 4'000 giovani vallesani beneficiano di questa misura, che nasce da una raccomandazione del Parlamento dei giovani. Con questa iniziativa si intende promuovere l'accesso alla cultura e far conoscere meglio l'offerta culturale esistente. Allo stesso tempo, si intende incoraggiare i beneficiari a scoprirla insieme. \u200b\u200b\u200b\u200b\u200b\u200b\u200b<\/p>\n<p>Nell\u2019ambito delle sue raccomandazioni per il periodo 2024-2025, il Parlamento dei giovani del Vallese ha sottolineato che l\u2019offerta culturale \u00e8 ancora troppo poco conosciuta dalla giovane generazione. Ci\u00f2 vale anche per l\u2019abbonamento culturale per i minori di 26 anni. \u00c8 stato inoltre sottolineato che l\u2019accesso alla cultura varia notevolmente a seconda del contesto socioculturale, del livello di istruzione o del luogo di residenza. Sulla base di queste constatazioni, il Parlamento dei giovani ha raccomandato di promuovere l\u2019accesso alla cultura per tutti i giovani, regalando loro per la prima volta un abbonamento culturale tra i 16 e i 18 anni.<\/p>\n<p>All\u2019inizio dell\u2019anno scolastico 2026-2027, il Cantone del Vallese attuer\u00e0 questa raccomandazione. Grazie alla collaborazione tra l\u2019associazione Kultur-GA, il Servizio della Cultura e l\u2019associazione Kultur Wallis, quest\u2019anno tutti i giovani nati nel 2010 e residenti nel Cantone \u2013 circa 4'000 persone provenienti da entrambe le regioni linguistiche \u2013 il Kultur-GA del valore di 100 franchi in omaggio. Una misura simile era gi\u00e0 stata attuata nel 2021 nell\u2019ambito delle misure congiunturali legate alla pandemia di COVID-19; ora si intende renderla permanente.<\/p>","protected":false},"excerpt":{"rendered":"<p>All\u2019inizio dell\u2019anno scolastico 2026-2027, il Cantone del Vallese regaler\u00e0 a tutti i giovani residenti nel Cantone nati nel 2010 un abbonamento culturale del valore di 100 franchi.<\/p>","protected":false},"author":30,"featured_media":54477,"comment_status":"closed","ping_status":"closed","sticky":false,"template":"","format":"standard","meta":{"_acf_changed":false,"_relevanssi_hide_post":"","_relevanssi_hide_content":"","_relevanssi_pin_for_all":"","_relevanssi_pin_keywords":"","_relevanssi_unpin_keywords":"","_relevanssi_related_keywords":"","_relevanssi_related_include_ids":"","_relevanssi_related_exclude_ids":"","_relevanssi_related_no_append":"","_relevanssi_related_not_related":"","_relevanssi_related_posts":"","_relevanssi_noindex_reason":"","pgc_sgb_lightbox_settings":"","footnotes":""},"categories":[27],"tags":[3680,5825],"class_list":["post-75476","post","type-post","status-publish","format-standard","has-post-thumbnail","hentry","category-news","tag-kanton-wallis","tag-kultur-ga"],"acf":{"author":"PM\/SMZ\/wb"},"yoast_head":"<!-- This site is optimized with the Yoast SEO plugin v28.4 - https:\/\/yoast.com\/product\/yoast-seo-wordpress\/ -->\n<title>Kanton Wallis verschenkt Kultur an Jugendliche - Schweizer Musikzeitung<\/title>\n<meta name=\"robots\" content=\"index, follow, max-snippet:-1, max-image-preview:large, max-video-preview:-1\" \/>\n<link rel=\"canonical\" href=\"https:\/\/www.musikzeitung.ch\/it\/news\/2026\/09\/kanton-wallis-verschenkt-kultur-an-jugendliche\/\" \/>\n<meta property=\"og:locale\" content=\"it_IT\" \/>\n<meta property=\"og:type\" content=\"article\" \/>\n<meta property=\"og:title\" content=\"Kanton Wallis verschenkt Kultur an Jugendliche - Schweizer Musikzeitung\" \/>\n<meta property=\"og:description\" content=\"Zum Beginn des Schuljahrs 2026-2027 schenkt der Kanton Wallis allen im Kanton wohnhaften jungen Menschen des Jahrgangs 2010 ein Kultur-GA im Wert von 100 Franken.\" \/>\n<meta property=\"og:url\" content=\"https:\/\/www.musikzeitung.ch\/it\/news\/2026\/09\/kanton-wallis-verschenkt-kultur-an-jugendliche\/\" \/>\n<meta property=\"og:site_name\" content=\"Schweizer Musikzeitung\" \/>\n<meta property=\"article:publisher\" content=\"https:\/\/www.facebook.com\/SchweizerMusikzeitung\/\" \/>\n<meta property=\"article:author\" content=\"https:\/\/www.facebook.com\/wolfgang.bohler.75\" \/>\n<meta property=\"article:published_time\" content=\"2026-09-04T07:50:57+00:00\" \/>\n<meta property=\"article:modified_time\" content=\"2026-09-04T08:21:24+00:00\" \/>\n<meta property=\"og:image\" content=\"https:\/\/www.musikzeitung.ch\/wp-content\/uploads\/2024\/05\/240503wallis.jpg\" \/>\n\t<meta property=\"og:image:width\" content=\"978\" \/>\n\t<meta property=\"og:image:height\" content=\"768\" \/>\n\t<meta property=\"og:image:type\" content=\"image\/jpeg\" \/>\n<meta name=\"author\" content=\"Wolfgang B\u00f6hler\" \/>\n<meta name=\"twitter:card\" content=\"summary_large_image\" \/>\n<meta name=\"twitter:creator\" content=\"@smusikzeitung\" \/>\n<meta name=\"twitter:site\" content=\"@smusikzeitung\" \/>\n<meta name=\"twitter:label1\" content=\"Scritto da\" \/>\n\t<meta name=\"twitter:data1\" content=\"Wolfgang B\u00f6hler\" \/>\n\t<meta name=\"twitter:label2\" content=\"Tempo di lettura stimato\" \/>\n\t<meta name=\"twitter:data2\" content=\"2 minuti\" \/>\n<script type=\"application\/ld+json\" class=\"yoast-schema-graph\">{\"@context\":\"https:\\\/\\\/schema.org\",\"@graph\":[{\"@type\":\"Article\",\"@id\":\"https:\\\/\\\/www.musikzeitung.ch\\\/news\\\/2026\\\/09\\\/kanton-wallis-verschenkt-kultur-an-jugendliche#article\",\"isPartOf\":{\"@id\":\"https:\\\/\\\/www.musikzeitung.ch\\\/news\\\/2026\\\/09\\\/kanton-wallis-verschenkt-kultur-an-jugendliche\"},\"author\":{\"name\":\"Wolfgang B\u00f6hler\",\"@id\":\"https:\\\/\\\/www.musikzeitung.ch\\\/#\\\/schema\\\/person\\\/0da4fb82d243f1252850a35d0e87cf0c\"},\"headline\":\"Kanton Wallis verschenkt Kultur an Jugendliche\",\"datePublished\":\"2026-09-04T07:50:57+00:00\",\"dateModified\":\"2026-09-04T08:21:24+00:00\",\"mainEntityOfPage\":{\"@id\":\"https:\\\/\\\/www.musikzeitung.ch\\\/news\\\/2026\\\/09\\\/kanton-wallis-verschenkt-kultur-an-jugendliche\"},\"wordCount\":232,\"publisher\":{\"@id\":\"https:\\\/\\\/www.musikzeitung.ch\\\/#organization\"},\"image\":{\"@id\":\"https:\\\/\\\/www.musikzeitung.ch\\\/news\\\/2026\\\/09\\\/kanton-wallis-verschenkt-kultur-an-jugendliche#primaryimage\"},\"thumbnailUrl\":\"https:\\\/\\\/www.musikzeitung.ch\\\/wp-content\\\/uploads\\\/2024\\\/05\\\/240503wallis.jpg\",\"keywords\":[\"Kanton Wallis\",\"Kultur-GA\"],\"articleSection\":[\"News\"],\"inLanguage\":\"it-IT\"},{\"@type\":\"WebPage\",\"@id\":\"https:\\\/\\\/www.musikzeitung.ch\\\/news\\\/2026\\\/09\\\/kanton-wallis-verschenkt-kultur-an-jugendliche\",\"url\":\"https:\\\/\\\/www.musikzeitung.ch\\\/news\\\/2026\\\/09\\\/kanton-wallis-verschenkt-kultur-an-jugendliche\",\"name\":\"Kanton Wallis verschenkt Kultur an Jugendliche - Schweizer Musikzeitung\",\"isPartOf\":{\"@id\":\"https:\\\/\\\/www.musikzeitung.ch\\\/#website\"},\"primaryImageOfPage\":{\"@id\":\"https:\\\/\\\/www.musikzeitung.ch\\\/news\\\/2026\\\/09\\\/kanton-wallis-verschenkt-kultur-an-jugendliche#primaryimage\"},\"image\":{\"@id\":\"https:\\\/\\\/www.musikzeitung.ch\\\/news\\\/2026\\\/09\\\/kanton-wallis-verschenkt-kultur-an-jugendliche#primaryimage\"},\"thumbnailUrl\":\"https:\\\/\\\/www.musikzeitung.ch\\\/wp-content\\\/uploads\\\/2024\\\/05\\\/240503wallis.jpg\",\"datePublished\":\"2026-09-04T07:50:57+00:00\",\"dateModified\":\"2026-09-04T08:21:24+00:00\",\"breadcrumb\":{\"@id\":\"https:\\\/\\\/www.musikzeitung.ch\\\/news\\\/2026\\\/09\\\/kanton-wallis-verschenkt-kultur-an-jugendliche#breadcrumb\"},\"inLanguage\":\"it-IT\",\"potentialAction\":[{\"@type\":\"ReadAction\",\"target\":[\"https:\\\/\\\/www.musikzeitung.ch\\\/news\\\/2026\\\/09\\\/kanton-wallis-verschenkt-kultur-an-jugendliche\"]}]},{\"@type\":\"ImageObject\",\"inLanguage\":\"it-IT\",\"@id\":\"https:\\\/\\\/www.musikzeitung.ch\\\/news\\\/2026\\\/09\\\/kanton-wallis-verschenkt-kultur-an-jugendliche#primaryimage\",\"url\":\"https:\\\/\\\/www.musikzeitung.ch\\\/wp-content\\\/uploads\\\/2024\\\/05\\\/240503wallis.jpg\",\"contentUrl\":\"https:\\\/\\\/www.musikzeitung.ch\\\/wp-content\\\/uploads\\\/2024\\\/05\\\/240503wallis.jpg\",\"width\":978,\"height\":768,\"caption\":\"Walliser Regierungsgeb\u00e4ude (Bild: EpsilonEridani)\"},{\"@type\":\"BreadcrumbList\",\"@id\":\"https:\\\/\\\/www.musikzeitung.ch\\\/news\\\/2026\\\/09\\\/kanton-wallis-verschenkt-kultur-an-jugendliche#breadcrumb\",\"itemListElement\":[{\"@type\":\"ListItem\",\"position\":1,\"name\":\"Home\",\"item\":\"https:\\\/\\\/www.musikzeitung.ch\\\/\"},{\"@type\":\"ListItem\",\"position\":2,\"name\":\"Kanton Wallis verschenkt Kultur an Jugendliche\"}]},{\"@type\":\"WebSite\",\"@id\":\"https:\\\/\\\/www.musikzeitung.ch\\\/#website\",\"url\":\"https:\\\/\\\/www.musikzeitung.ch\\\/\",\"name\":\"Schweizer Musikzeitung\",\"description\":\"Die f\u00fchrende sparten\u00fcbergreifende Monatszeitung in der Schweiz f\u00fcr musikalische Fragen.\",\"publisher\":{\"@id\":\"https:\\\/\\\/www.musikzeitung.ch\\\/#organization\"},\"potentialAction\":[{\"@type\":\"SearchAction\",\"target\":{\"@type\":\"EntryPoint\",\"urlTemplate\":\"https:\\\/\\\/www.musikzeitung.ch\\\/?s={search_term_string}\"},\"query-input\":{\"@type\":\"PropertyValueSpecification\",\"valueRequired\":true,\"valueName\":\"search_term_string\"}}],\"inLanguage\":\"it-IT\"},{\"@type\":\"Organization\",\"@id\":\"https:\\\/\\\/www.musikzeitung.ch\\\/#organization\",\"name\":\"Schweizer Musikzeitung\",\"url\":\"https:\\\/\\\/www.musikzeitung.ch\\\/\",\"logo\":{\"@type\":\"ImageObject\",\"inLanguage\":\"it-IT\",\"@id\":\"https:\\\/\\\/www.musikzeitung.ch\\\/#\\\/schema\\\/logo\\\/image\\\/\",\"url\":\"https:\\\/\\\/www.musikzeitung.ch\\\/wp-content\\\/uploads\\\/2023\\\/01\\\/SMZ_Schriftzug_Sprache.png\",\"contentUrl\":\"https:\\\/\\\/www.musikzeitung.ch\\\/wp-content\\\/uploads\\\/2023\\\/01\\\/SMZ_Schriftzug_Sprache.png\",\"width\":1400,\"height\":279,\"caption\":\"Schweizer Musikzeitung\"},\"image\":{\"@id\":\"https:\\\/\\\/www.musikzeitung.ch\\\/#\\\/schema\\\/logo\\\/image\\\/\"},\"sameAs\":[\"https:\\\/\\\/www.facebook.com\\\/SchweizerMusikzeitung\\\/\",\"https:\\\/\\\/x.com\\\/smusikzeitung\",\"https:\\\/\\\/www.instagram.com\\\/musikzeitung.ch\\\/\"]},{\"@type\":\"Person\",\"@id\":\"https:\\\/\\\/www.musikzeitung.ch\\\/#\\\/schema\\\/person\\\/0da4fb82d243f1252850a35d0e87cf0c\",\"name\":\"Wolfgang B\u00f6hler\",\"image\":{\"@type\":\"ImageObject\",\"inLanguage\":\"it-IT\",\"@id\":\"https:\\\/\\\/www.musikzeitung.ch\\\/wp-content\\\/uploads\\\/2023\\\/01\\\/boehler_portraet_web-e1674139782246-96x96.jpg\",\"url\":\"https:\\\/\\\/www.musikzeitung.ch\\\/wp-content\\\/uploads\\\/2023\\\/01\\\/boehler_portraet_web-e1674139782246-96x96.jpg\",\"contentUrl\":\"https:\\\/\\\/www.musikzeitung.ch\\\/wp-content\\\/uploads\\\/2023\\\/01\\\/boehler_portraet_web-e1674139782246-96x96.jpg\",\"caption\":\"Wolfgang B\u00f6hler\"},\"sameAs\":[\"http:\\\/\\\/www.manacanto.ch\",\"https:\\\/\\\/www.facebook.com\\\/wolfgang.bohler.75\"],\"url\":\"https:\\\/\\\/www.musikzeitung.ch\\\/it\\\/author\\\/wolfgang-boehler\"}]}<\/script>\n<!-- \/ Yoast SEO plugin. -->","yoast_head_json":{"title":"Kanton Wallis verschenkt Kultur an Jugendliche - Schweizer Musikzeitung","robots":{"index":"index","follow":"follow","max-snippet":"max-snippet:-1","max-image-preview":"max-image-preview:large","max-video-preview":"max-video-preview:-1"},"canonical":"https:\/\/www.musikzeitung.ch\/it\/news\/2026\/09\/kanton-wallis-verschenkt-kultur-an-jugendliche\/","og_locale":"it_IT","og_type":"article","og_title":"Kanton Wallis verschenkt Kultur an Jugendliche - Schweizer Musikzeitung","og_description":"Zum Beginn des Schuljahrs 2026-2027 schenkt der Kanton Wallis allen im Kanton wohnhaften jungen Menschen des Jahrgangs 2010 ein Kultur-GA im Wert von 100 Franken.","og_url":"https:\/\/www.musikzeitung.ch\/it\/news\/2026\/09\/kanton-wallis-verschenkt-kultur-an-jugendliche\/","og_site_name":"Schweizer Musikzeitung","article_publisher":"https:\/\/www.facebook.com\/SchweizerMusikzeitung\/","article_author":"https:\/\/www.facebook.com\/wolfgang.bohler.75","article_published_time":"2026-09-04T07:50:57+00:00","article_modified_time":"2026-09-04T08:21:24+00:00","og_image":[{"width":978,"height":768,"url":"https:\/\/www.musikzeitung.ch\/wp-content\/uploads\/2024\/05\/240503wallis.jpg","type":"image\/jpeg"}],"author":"Wolfgang B\u00f6hler","twitter_card":"summary_large_image","twitter_creator":"@smusikzeitung","twitter_site":"@smusikzeitung","twitter_misc":{"Scritto da":"Wolfgang B\u00f6hler","Tempo di lettura stimato":"2 minuti"},"schema":{"@context":"https:\/\/schema.org","@graph":[{"@type":"Article","@id":"https:\/\/www.musikzeitung.ch\/news\/2026\/09\/kanton-wallis-verschenkt-kultur-an-jugendliche#article","isPartOf":{"@id":"https:\/\/www.musikzeitung.ch\/news\/2026\/09\/kanton-wallis-verschenkt-kultur-an-jugendliche"},"author":{"name":"Wolfgang B\u00f6hler","@id":"https:\/\/www.musikzeitung.ch\/#\/schema\/person\/0da4fb82d243f1252850a35d0e87cf0c"},"headline":"Kanton Wallis verschenkt Kultur an Jugendliche","datePublished":"2026-09-04T07:50:57+00:00","dateModified":"2026-09-04T08:21:24+00:00","mainEntityOfPage":{"@id":"https:\/\/www.musikzeitung.ch\/news\/2026\/09\/kanton-wallis-verschenkt-kultur-an-jugendliche"},"wordCount":232,"publisher":{"@id":"https:\/\/www.musikzeitung.ch\/#organization"},"image":{"@id":"https:\/\/www.musikzeitung.ch\/news\/2026\/09\/kanton-wallis-verschenkt-kultur-an-jugendliche#primaryimage"},"thumbnailUrl":"https:\/\/www.musikzeitung.ch\/wp-content\/uploads\/2024\/05\/240503wallis.jpg","keywords":["Kanton Wallis","Kultur-GA"],"articleSection":["News"],"inLanguage":"it-IT"},{"@type":"WebPage","@id":"https:\/\/www.musikzeitung.ch\/news\/2026\/09\/kanton-wallis-verschenkt-kultur-an-jugendliche","url":"https:\/\/www.musikzeitung.ch\/news\/2026\/09\/kanton-wallis-verschenkt-kultur-an-jugendliche","name":"Kanton Wallis verschenkt Kultur an Jugendliche - Schweizer Musikzeitung","isPartOf":{"@id":"https:\/\/www.musikzeitung.ch\/#website"},"primaryImageOfPage":{"@id":"https:\/\/www.musikzeitung.ch\/news\/2026\/09\/kanton-wallis-verschenkt-kultur-an-jugendliche#primaryimage"},"image":{"@id":"https:\/\/www.musikzeitung.ch\/news\/2026\/09\/kanton-wallis-verschenkt-kultur-an-jugendliche#primaryimage"},"thumbnailUrl":"https:\/\/www.musikzeitung.ch\/wp-content\/uploads\/2024\/05\/240503wallis.jpg","datePublished":"2026-09-04T07:50:57+00:00","dateModified":"2026-09-04T08:21:24+00:00","breadcrumb":{"@id":"https:\/\/www.musikzeitung.ch\/news\/2026\/09\/kanton-wallis-verschenkt-kultur-an-jugendliche#breadcrumb"},"inLanguage":"it-IT","potentialAction":[{"@type":"ReadAction","target":["https:\/\/www.musikzeitung.ch\/news\/2026\/09\/kanton-wallis-verschenkt-kultur-an-jugendliche"]}]},{"@type":"ImageObject","inLanguage":"it-IT","@id":"https:\/\/www.musikzeitung.ch\/news\/2026\/09\/kanton-wallis-verschenkt-kultur-an-jugendliche#primaryimage","url":"https:\/\/www.musikzeitung.ch\/wp-content\/uploads\/2024\/05\/240503wallis.jpg","contentUrl":"https:\/\/www.musikzeitung.ch\/wp-content\/uploads\/2024\/05\/240503wallis.jpg","width":978,"height":768,"caption":"Walliser Regierungsgeb\u00e4ude (Bild: EpsilonEridani)"},{"@type":"BreadcrumbList","@id":"https:\/\/www.musikzeitung.ch\/news\/2026\/09\/kanton-wallis-verschenkt-kultur-an-jugendliche#breadcrumb","itemListElement":[{"@type":"ListItem","position":1,"name":"Home","item":"https:\/\/www.musikzeitung.ch\/"},{"@type":"ListItem","position":2,"name":"Kanton Wallis verschenkt Kultur an Jugendliche"}]},{"@type":"WebSite","@id":"https:\/\/www.musikzeitung.ch\/#website","url":"https:\/\/www.musikzeitung.ch\/","name":"Giornale musicale svizzero","description":"Il principale mensile interdisciplinare della Svizzera per le questioni musicali.","publisher":{"@id":"https:\/\/www.musikzeitung.ch\/#organization"},"potentialAction":[{"@type":"SearchAction","target":{"@type":"EntryPoint","urlTemplate":"https:\/\/www.musikzeitung.ch\/?s={search_term_string}"},"query-input":{"@type":"PropertyValueSpecification","valueRequired":true,"valueName":"search_term_string"}}],"inLanguage":"it-IT"},{"@type":"Organization","@id":"https:\/\/www.musikzeitung.ch\/#organization","name":"Giornale musicale svizzero","url":"https:\/\/www.musikzeitung.ch\/","logo":{"@type":"ImageObject","inLanguage":"it-IT","@id":"https:\/\/www.musikzeitung.ch\/#\/schema\/logo\/image\/","url":"https:\/\/www.musikzeitung.ch\/wp-content\/uploads\/2023\/01\/SMZ_Schriftzug_Sprache.png","contentUrl":"https:\/\/www.musikzeitung.ch\/wp-content\/uploads\/2023\/01\/SMZ_Schriftzug_Sprache.png","width":1400,"height":279,"caption":"Schweizer Musikzeitung"},"image":{"@id":"https:\/\/www.musikzeitung.ch\/#\/schema\/logo\/image\/"},"sameAs":["https:\/\/www.facebook.com\/SchweizerMusikzeitung\/","https:\/\/x.com\/smusikzeitung","https:\/\/www.instagram.com\/musikzeitung.ch\/"]},{"@type":"Person","@id":"https:\/\/www.musikzeitung.ch\/#\/schema\/person\/0da4fb82d243f1252850a35d0e87cf0c","name":"Wolfgang B\u00f6hler","image":{"@type":"ImageObject","inLanguage":"it-IT","@id":"https:\/\/www.musikzeitung.ch\/wp-content\/uploads\/2023\/01\/boehler_portraet_web-e1674139782246-96x96.jpg","url":"https:\/\/www.musikzeitung.ch\/wp-content\/uploads\/2023\/01\/boehler_portraet_web-e1674139782246-96x96.jpg","contentUrl":"https:\/\/www.musikzeitung.ch\/wp-content\/uploads\/2023\/01\/boehler_portraet_web-e1674139782246-96x96.jpg","caption":"Wolfgang B\u00f6hler"},"sameAs":["http:\/\/www.manacanto.ch","https:\/\/www.facebook.com\/wolfgang.bohler.75"],"url":"https:\/\/www.musikzeitung.ch\/it\/author\/wolfgang-boehler"}]}},"publishpress_future_workflow_manual_trigger":{"enabledWorkflows":[]},"_links":{"self":[{"href":"https:\/\/www.musikzeitung.ch\/it\/wp-json\/wp\/v2\/posts\/75476","targetHints":{"allow":["GET"]}}],"collection":[{"href":"https:\/\/www.musikzeitung.ch\/it\/wp-json\/wp\/v2\/posts"}],"about":[{"href":"https:\/\/www.musikzeitung.ch\/it\/wp-json\/wp\/v2\/types\/post"}],"author":[{"embeddable":true,"href":"https:\/\/www.musikzeitung.ch\/it\/wp-json\/wp\/v2\/users\/30"}],"replies":[{"embeddable":true,"href":"https:\/\/www.musikzeitung.ch\/it\/wp-json\/wp\/v2\/comments?post=75476"}],"version-history":[{"count":5,"href":"https:\/\/www.musikzeitung.ch\/it\/wp-json\/wp\/v2\/posts\/75476\/revisions"}],"predecessor-version":[{"id":75491,"href":"https:\/\/www.musikzeitung.ch\/it\/wp-json\/wp\/v2\/posts\/75476\/revisions\/75491"}],"wp:featuredmedia":[{"embeddable":true,"href":"https:\/\/www.musikzeitung.ch\/it\/wp-json\/wp\/v2\/media\/54477"}],"wp:attachment":[{"href":"https:\/\/www.musikzeitung.ch\/it\/wp-json\/wp\/v2\/media?parent=75476"}],"wp:term":[{"taxonomy":"category","embeddable":true,"href":"https:\/\/www.musikzeitung.ch\/it\/wp-json\/wp\/v2\/categories?post=75476"},{"taxonomy":"post_tag","embeddable":true,"href":"https:\/\/www.musikzeitung.ch\/it\/wp-json\/wp\/v2\/tags?post=75476"}],"curies":[{"name":"wp","href":"https:\/\/api.w.org\/{rel}","templated":true}]}}