{"id":7699,"date":"2014-05-05T00:00:00","date_gmt":"2014-05-04T23:00:00","guid":{"rendered":"https:\/\/www.musikzeitung.ch\/allgemein\/den-unerfahrenen-saengern-sei-dank\/"},"modified":"2024-09-23T15:43:43","modified_gmt":"2024-09-23T13:43:43","slug":"den-unerfahrenen-saengern-sei-dank","status":"publish","type":"post","link":"https:\/\/www.musikzeitung.ch\/it\/rezensionen\/noten-rezensionen\/2014\/05\/den-unerfahrenen-saengern-sei-dank","title":{"rendered":"Grazie ai cantanti inesperti"},"content":{"rendered":"\n\n<figure style=\"width: 554px\" class=\"wp-caption alignnone\"><img loading=\"lazy\" decoding=\"async\" src=\"https:\/\/www.musikzeitung.ch\/wp-content\/uploads\/2023\/01\/osterglocken.jpg\" alt=\"\" width=\"554\" height=\"233\" \/><figcaption class=\"wp-caption-text\">Mit und ohne Verzierungen. Foto: eyetronic \/ fotolia.com<\/figcaption><\/figure>\n<div class=\"text-section\">\n<p>Bartolomeo Barbarino, von dem keine genauen Lebensdaten bekannt sind, schuf am \u00dcbergang vom 16. zum 17. Jahrhundert geistliche und weltliche Vokalmusik. Mit der Neuausgabe seiner Motetten erscheint bei der Edition Walhall ein aussergew\u00f6hnliches Dokument von hohem musikgeschichtlichem Interesse.<\/p>\n<p>Barbarino war sowohl als S\u00e4nger(er bezeichnete seine eigene Stimme als \u00abheiser und d\u00fcnn\u00bb) als auch als Komponist t\u00e4tig und war von den Neuerungen des Recitar cantando, Caccini folgend, sehr angetan.<\/p>\n<p>1614 erscheint sein <em>Secondo libro delli motetti da cantarsi a una voce sola o in soprano o in tenore<\/em> in Venedig. In einem Widmungsbrief beklagt sich Barbarino \u00fcber S\u00e4nger, die \u00abkeine Erfahrung im Anwenden der Passagien\u00bb h\u00e4tten, und er bietet somit seine Monodien in zweifacher Ausf\u00fchrung an: einfach und verziert. Jede Motette im Secondo libro erscheint in zwei Versionen, vom Komponisten selbst genauestens ausgearbeitet. Diese editorische Besonderheit vermittelt uns konkret, wie eine Melodie verziert wurde. Eine weitere Besonderheit ist das v\u00f6llige Fehlen jeglicher Bezifferung des Generalbasses.<br \/>\nBarbarino sucht mit seiner Musik stets eine expressive Textdeutung, die er mit Hilfe von Elementen der Figurenlehre, lombardischen Rhythmen und chromatischen Bewegungen auszudr\u00fccken sucht, um das Pathos besonderer W\u00f6rter wie Angst, Elend, Schmachten oder S\u00fcsse zu unterstreichen.<\/p>\n<p>Ist die Sammlung urspr\u00fcnglich f\u00fcr Sopran oder Tenor gedacht, k\u00f6nnen sich jedoch die Mezzosoprane und Baritone freuen: Die Monodien sind durchwegs mittellagig, ohne nennenswerte Spitzent\u00f6ne und selbst in den Verzierungen f\u00fcr eine mittlere Stimme bequem zu singen. Man braucht allerdings, wenn man den verzierten Versionen folgen will, eine recht gel\u00e4ufige Gurgel. Die einfache und die verzierte Fassung sind direkt \u00fcbereinandergedruckt, sodass man auch zwischen den beiden Versionen springen kann.<\/p>\n<\/div>\n<div class=\"text-section\">\n<dl class=\"picture media photo\">\n<dt><img decoding=\"async\" class=\"media photo aligncenter\" src=\"https:\/\/www.musikzeitung.ch\/wp-content\/uploads\/2023\/01\/Bar-Klein.jpg\" alt=\"Image \" \/><\/dt>\n<\/dl>\n<\/div>\n<div class=\"text-section\">\n<p><em>Bartolomeo Barbarino, Il secondo libro delli motetti, f\u00fcr Sopran (Mezzo) oder Tenor [c\u2019\u2013f\u2019\u2019] &amp; B. c., in zwei B\u00e4nden hg. von Jolando Scarpa; Band 1, EW 891; Band 2, EW 894; je \u20ac 28.50, Edition Walhall, Magdeburg 2013<\/em><\/p>\n<\/div>\n","protected":false},"excerpt":{"rendered":"<p><strong>Il libro di mottetti di Barbarino offre una rara visione della prassi esecutiva all'inizio del XVII secolo. <\/strong><\/p>","protected":false},"author":1,"featured_media":7700,"comment_status":"closed","ping_status":"closed","sticky":false,"template":"","format":"standard","meta":{"_acf_changed":false,"_relevanssi_hide_post":"","_relevanssi_hide_content":"","_relevanssi_pin_for_all":"","_relevanssi_pin_keywords":"","_relevanssi_unpin_keywords":"","_relevanssi_related_keywords":"","_relevanssi_related_include_ids":"","_relevanssi_related_exclude_ids":"","_relevanssi_related_no_append":"","_relevanssi_related_not_related":"","_relevanssi_related_posts":"","_relevanssi_noindex_reason":"","pgc_sgb_lightbox_settings":"","footnotes":""},"categories":[1316,29],"tags":[],"class_list":["post-7699","post","type-post","status-publish","format-standard","has-post-thumbnail","hentry","category-noten-rezensionen","category-rezensionen"],"acf":[],"yoast_head":"<!-- This site is optimized with the Yoast SEO plugin v27.4 - https:\/\/yoast.com\/product\/yoast-seo-wordpress\/ -->\n<title>Den unerfahrenen S\u00e4ngern sei Dank - Schweizer Musikzeitung<\/title>\n<meta name=\"robots\" content=\"index, follow, max-snippet:-1, max-image-preview:large, max-video-preview:-1\" \/>\n<link rel=\"canonical\" href=\"https:\/\/www.musikzeitung.ch\/it\/rezensionen\/noten-rezensionen\/2014\/05\/den-unerfahrenen-saengern-sei-dank\/\" \/>\n<meta property=\"og:locale\" content=\"it_IT\" \/>\n<meta property=\"og:type\" content=\"article\" \/>\n<meta property=\"og:title\" content=\"Den unerfahrenen S\u00e4ngern sei Dank - Schweizer Musikzeitung\" \/>\n<meta property=\"og:description\" content=\"Barbarinos Motettenbuch erlaubt seltene Einblicke in die Auff\u00fchrungspraxis am Beginn des 17. Jahrhunderts.\" \/>\n<meta property=\"og:url\" content=\"https:\/\/www.musikzeitung.ch\/it\/rezensionen\/noten-rezensionen\/2014\/05\/den-unerfahrenen-saengern-sei-dank\/\" \/>\n<meta property=\"og:site_name\" content=\"Schweizer Musikzeitung\" \/>\n<meta property=\"article:publisher\" content=\"https:\/\/www.facebook.com\/SchweizerMusikzeitung\/\" \/>\n<meta property=\"article:published_time\" content=\"2014-05-04T23:00:00+00:00\" \/>\n<meta property=\"article:modified_time\" content=\"2024-09-23T13:43:43+00:00\" \/>\n<meta property=\"og:image\" content=\"https:\/\/www.musikzeitung.ch\/wp-content\/uploads\/2023\/01\/osterglocken.jpg\" \/>\n\t<meta property=\"og:image:width\" content=\"554\" \/>\n\t<meta property=\"og:image:height\" content=\"233\" \/>\n\t<meta property=\"og:image:type\" content=\"image\/jpeg\" \/>\n<meta name=\"author\" content=\"Musikzeitung-Redaktion\" \/>\n<meta name=\"twitter:card\" content=\"summary_large_image\" \/>\n<meta name=\"twitter:creator\" content=\"@smusikzeitung\" \/>\n<meta name=\"twitter:site\" content=\"@smusikzeitung\" \/>\n<meta name=\"twitter:label1\" content=\"Scritto da\" \/>\n\t<meta name=\"twitter:data1\" content=\"Musikzeitung-Redaktion\" \/>\n\t<meta name=\"twitter:label2\" content=\"Tempo di lettura stimato\" \/>\n\t<meta name=\"twitter:data2\" content=\"3 minuti\" \/>\n<script type=\"application\/ld+json\" class=\"yoast-schema-graph\">{\"@context\":\"https:\\\/\\\/schema.org\",\"@graph\":[{\"@type\":\"Article\",\"@id\":\"https:\\\/\\\/www.musikzeitung.ch\\\/rezensionen\\\/noten-rezensionen\\\/2014\\\/05\\\/den-unerfahrenen-saengern-sei-dank#article\",\"isPartOf\":{\"@id\":\"https:\\\/\\\/www.musikzeitung.ch\\\/rezensionen\\\/noten-rezensionen\\\/2014\\\/05\\\/den-unerfahrenen-saengern-sei-dank\"},\"author\":{\"name\":\"Musikzeitung-Redaktion\",\"@id\":\"https:\\\/\\\/www.musikzeitung.ch\\\/#\\\/schema\\\/person\\\/b2fd892c800856270b9dcc6001265712\"},\"headline\":\"Den unerfahrenen S\u00e4ngern sei Dank\",\"datePublished\":\"2014-05-04T23:00:00+00:00\",\"dateModified\":\"2024-09-23T13:43:43+00:00\",\"mainEntityOfPage\":{\"@id\":\"https:\\\/\\\/www.musikzeitung.ch\\\/rezensionen\\\/noten-rezensionen\\\/2014\\\/05\\\/den-unerfahrenen-saengern-sei-dank\"},\"wordCount\":329,\"publisher\":{\"@id\":\"https:\\\/\\\/www.musikzeitung.ch\\\/#organization\"},\"image\":{\"@id\":\"https:\\\/\\\/www.musikzeitung.ch\\\/rezensionen\\\/noten-rezensionen\\\/2014\\\/05\\\/den-unerfahrenen-saengern-sei-dank#primaryimage\"},\"thumbnailUrl\":\"https:\\\/\\\/www.musikzeitung.ch\\\/wp-content\\\/uploads\\\/2023\\\/01\\\/osterglocken.jpg\",\"articleSection\":[\"Noten\",\"Rezensionen\"],\"inLanguage\":\"it-IT\"},{\"@type\":\"WebPage\",\"@id\":\"https:\\\/\\\/www.musikzeitung.ch\\\/rezensionen\\\/noten-rezensionen\\\/2014\\\/05\\\/den-unerfahrenen-saengern-sei-dank\",\"url\":\"https:\\\/\\\/www.musikzeitung.ch\\\/rezensionen\\\/noten-rezensionen\\\/2014\\\/05\\\/den-unerfahrenen-saengern-sei-dank\",\"name\":\"Den unerfahrenen S\u00e4ngern sei Dank - Schweizer Musikzeitung\",\"isPartOf\":{\"@id\":\"https:\\\/\\\/www.musikzeitung.ch\\\/#website\"},\"primaryImageOfPage\":{\"@id\":\"https:\\\/\\\/www.musikzeitung.ch\\\/rezensionen\\\/noten-rezensionen\\\/2014\\\/05\\\/den-unerfahrenen-saengern-sei-dank#primaryimage\"},\"image\":{\"@id\":\"https:\\\/\\\/www.musikzeitung.ch\\\/rezensionen\\\/noten-rezensionen\\\/2014\\\/05\\\/den-unerfahrenen-saengern-sei-dank#primaryimage\"},\"thumbnailUrl\":\"https:\\\/\\\/www.musikzeitung.ch\\\/wp-content\\\/uploads\\\/2023\\\/01\\\/osterglocken.jpg\",\"datePublished\":\"2014-05-04T23:00:00+00:00\",\"dateModified\":\"2024-09-23T13:43:43+00:00\",\"breadcrumb\":{\"@id\":\"https:\\\/\\\/www.musikzeitung.ch\\\/rezensionen\\\/noten-rezensionen\\\/2014\\\/05\\\/den-unerfahrenen-saengern-sei-dank#breadcrumb\"},\"inLanguage\":\"it-IT\",\"potentialAction\":[{\"@type\":\"ReadAction\",\"target\":[\"https:\\\/\\\/www.musikzeitung.ch\\\/rezensionen\\\/noten-rezensionen\\\/2014\\\/05\\\/den-unerfahrenen-saengern-sei-dank\"]}]},{\"@type\":\"ImageObject\",\"inLanguage\":\"it-IT\",\"@id\":\"https:\\\/\\\/www.musikzeitung.ch\\\/rezensionen\\\/noten-rezensionen\\\/2014\\\/05\\\/den-unerfahrenen-saengern-sei-dank#primaryimage\",\"url\":\"https:\\\/\\\/www.musikzeitung.ch\\\/wp-content\\\/uploads\\\/2023\\\/01\\\/osterglocken.jpg\",\"contentUrl\":\"https:\\\/\\\/www.musikzeitung.ch\\\/wp-content\\\/uploads\\\/2023\\\/01\\\/osterglocken.jpg\",\"width\":554,\"height\":233},{\"@type\":\"BreadcrumbList\",\"@id\":\"https:\\\/\\\/www.musikzeitung.ch\\\/rezensionen\\\/noten-rezensionen\\\/2014\\\/05\\\/den-unerfahrenen-saengern-sei-dank#breadcrumb\",\"itemListElement\":[{\"@type\":\"ListItem\",\"position\":1,\"name\":\"Home\",\"item\":\"https:\\\/\\\/www.musikzeitung.ch\\\/\"},{\"@type\":\"ListItem\",\"position\":2,\"name\":\"Den unerfahrenen S\u00e4ngern sei Dank\"}]},{\"@type\":\"WebSite\",\"@id\":\"https:\\\/\\\/www.musikzeitung.ch\\\/#website\",\"url\":\"https:\\\/\\\/www.musikzeitung.ch\\\/\",\"name\":\"Schweizer Musikzeitung\",\"description\":\"Die f\u00fchrende sparten\u00fcbergreifende Monatszeitung in der Schweiz f\u00fcr musikalische Fragen.\",\"publisher\":{\"@id\":\"https:\\\/\\\/www.musikzeitung.ch\\\/#organization\"},\"potentialAction\":[{\"@type\":\"SearchAction\",\"target\":{\"@type\":\"EntryPoint\",\"urlTemplate\":\"https:\\\/\\\/www.musikzeitung.ch\\\/?s={search_term_string}\"},\"query-input\":{\"@type\":\"PropertyValueSpecification\",\"valueRequired\":true,\"valueName\":\"search_term_string\"}}],\"inLanguage\":\"it-IT\"},{\"@type\":\"Organization\",\"@id\":\"https:\\\/\\\/www.musikzeitung.ch\\\/#organization\",\"name\":\"Schweizer Musikzeitung\",\"url\":\"https:\\\/\\\/www.musikzeitung.ch\\\/\",\"logo\":{\"@type\":\"ImageObject\",\"inLanguage\":\"it-IT\",\"@id\":\"https:\\\/\\\/www.musikzeitung.ch\\\/#\\\/schema\\\/logo\\\/image\\\/\",\"url\":\"https:\\\/\\\/www.musikzeitung.ch\\\/wp-content\\\/uploads\\\/2023\\\/01\\\/SMZ_Schriftzug_Sprache.png\",\"contentUrl\":\"https:\\\/\\\/www.musikzeitung.ch\\\/wp-content\\\/uploads\\\/2023\\\/01\\\/SMZ_Schriftzug_Sprache.png\",\"width\":1400,\"height\":279,\"caption\":\"Schweizer Musikzeitung\"},\"image\":{\"@id\":\"https:\\\/\\\/www.musikzeitung.ch\\\/#\\\/schema\\\/logo\\\/image\\\/\"},\"sameAs\":[\"https:\\\/\\\/www.facebook.com\\\/SchweizerMusikzeitung\\\/\",\"https:\\\/\\\/x.com\\\/smusikzeitung\",\"https:\\\/\\\/www.instagram.com\\\/musikzeitung.ch\\\/\"]},{\"@type\":\"Person\",\"@id\":\"https:\\\/\\\/www.musikzeitung.ch\\\/#\\\/schema\\\/person\\\/b2fd892c800856270b9dcc6001265712\",\"name\":\"Musikzeitung-Redaktion\",\"image\":{\"@type\":\"ImageObject\",\"inLanguage\":\"it-IT\",\"@id\":\"https:\\\/\\\/www.musikzeitung.ch\\\/wp-content\\\/uploads\\\/2022\\\/05\\\/usericon_musikzeitung-96x96.jpg\",\"url\":\"https:\\\/\\\/www.musikzeitung.ch\\\/wp-content\\\/uploads\\\/2022\\\/05\\\/usericon_musikzeitung-96x96.jpg\",\"contentUrl\":\"https:\\\/\\\/www.musikzeitung.ch\\\/wp-content\\\/uploads\\\/2022\\\/05\\\/usericon_musikzeitung-96x96.jpg\",\"caption\":\"Musikzeitung-Redaktion\"},\"url\":\"https:\\\/\\\/www.musikzeitung.ch\\\/it\\\/author\\\/admin\"}]}<\/script>\n<!-- \/ Yoast SEO plugin. -->","yoast_head_json":{"title":"Den unerfahrenen S\u00e4ngern sei Dank - Schweizer Musikzeitung","robots":{"index":"index","follow":"follow","max-snippet":"max-snippet:-1","max-image-preview":"max-image-preview:large","max-video-preview":"max-video-preview:-1"},"canonical":"https:\/\/www.musikzeitung.ch\/it\/rezensionen\/noten-rezensionen\/2014\/05\/den-unerfahrenen-saengern-sei-dank\/","og_locale":"it_IT","og_type":"article","og_title":"Den unerfahrenen S\u00e4ngern sei Dank - Schweizer Musikzeitung","og_description":"Barbarinos Motettenbuch erlaubt seltene Einblicke in die Auff\u00fchrungspraxis am Beginn des 17. Jahrhunderts.","og_url":"https:\/\/www.musikzeitung.ch\/it\/rezensionen\/noten-rezensionen\/2014\/05\/den-unerfahrenen-saengern-sei-dank\/","og_site_name":"Schweizer Musikzeitung","article_publisher":"https:\/\/www.facebook.com\/SchweizerMusikzeitung\/","article_published_time":"2014-05-04T23:00:00+00:00","article_modified_time":"2024-09-23T13:43:43+00:00","og_image":[{"width":554,"height":233,"url":"https:\/\/www.musikzeitung.ch\/wp-content\/uploads\/2023\/01\/osterglocken.jpg","type":"image\/jpeg"}],"author":"Musikzeitung-Redaktion","twitter_card":"summary_large_image","twitter_creator":"@smusikzeitung","twitter_site":"@smusikzeitung","twitter_misc":{"Scritto da":"Musikzeitung-Redaktion","Tempo di lettura stimato":"3 minuti"},"schema":{"@context":"https:\/\/schema.org","@graph":[{"@type":"Article","@id":"https:\/\/www.musikzeitung.ch\/rezensionen\/noten-rezensionen\/2014\/05\/den-unerfahrenen-saengern-sei-dank#article","isPartOf":{"@id":"https:\/\/www.musikzeitung.ch\/rezensionen\/noten-rezensionen\/2014\/05\/den-unerfahrenen-saengern-sei-dank"},"author":{"name":"Musikzeitung-Redaktion","@id":"https:\/\/www.musikzeitung.ch\/#\/schema\/person\/b2fd892c800856270b9dcc6001265712"},"headline":"Den unerfahrenen S\u00e4ngern sei Dank","datePublished":"2014-05-04T23:00:00+00:00","dateModified":"2024-09-23T13:43:43+00:00","mainEntityOfPage":{"@id":"https:\/\/www.musikzeitung.ch\/rezensionen\/noten-rezensionen\/2014\/05\/den-unerfahrenen-saengern-sei-dank"},"wordCount":329,"publisher":{"@id":"https:\/\/www.musikzeitung.ch\/#organization"},"image":{"@id":"https:\/\/www.musikzeitung.ch\/rezensionen\/noten-rezensionen\/2014\/05\/den-unerfahrenen-saengern-sei-dank#primaryimage"},"thumbnailUrl":"https:\/\/www.musikzeitung.ch\/wp-content\/uploads\/2023\/01\/osterglocken.jpg","articleSection":["Noten","Rezensionen"],"inLanguage":"it-IT"},{"@type":"WebPage","@id":"https:\/\/www.musikzeitung.ch\/rezensionen\/noten-rezensionen\/2014\/05\/den-unerfahrenen-saengern-sei-dank","url":"https:\/\/www.musikzeitung.ch\/rezensionen\/noten-rezensionen\/2014\/05\/den-unerfahrenen-saengern-sei-dank","name":"Den unerfahrenen S\u00e4ngern sei Dank - Schweizer Musikzeitung","isPartOf":{"@id":"https:\/\/www.musikzeitung.ch\/#website"},"primaryImageOfPage":{"@id":"https:\/\/www.musikzeitung.ch\/rezensionen\/noten-rezensionen\/2014\/05\/den-unerfahrenen-saengern-sei-dank#primaryimage"},"image":{"@id":"https:\/\/www.musikzeitung.ch\/rezensionen\/noten-rezensionen\/2014\/05\/den-unerfahrenen-saengern-sei-dank#primaryimage"},"thumbnailUrl":"https:\/\/www.musikzeitung.ch\/wp-content\/uploads\/2023\/01\/osterglocken.jpg","datePublished":"2014-05-04T23:00:00+00:00","dateModified":"2024-09-23T13:43:43+00:00","breadcrumb":{"@id":"https:\/\/www.musikzeitung.ch\/rezensionen\/noten-rezensionen\/2014\/05\/den-unerfahrenen-saengern-sei-dank#breadcrumb"},"inLanguage":"it-IT","potentialAction":[{"@type":"ReadAction","target":["https:\/\/www.musikzeitung.ch\/rezensionen\/noten-rezensionen\/2014\/05\/den-unerfahrenen-saengern-sei-dank"]}]},{"@type":"ImageObject","inLanguage":"it-IT","@id":"https:\/\/www.musikzeitung.ch\/rezensionen\/noten-rezensionen\/2014\/05\/den-unerfahrenen-saengern-sei-dank#primaryimage","url":"https:\/\/www.musikzeitung.ch\/wp-content\/uploads\/2023\/01\/osterglocken.jpg","contentUrl":"https:\/\/www.musikzeitung.ch\/wp-content\/uploads\/2023\/01\/osterglocken.jpg","width":554,"height":233},{"@type":"BreadcrumbList","@id":"https:\/\/www.musikzeitung.ch\/rezensionen\/noten-rezensionen\/2014\/05\/den-unerfahrenen-saengern-sei-dank#breadcrumb","itemListElement":[{"@type":"ListItem","position":1,"name":"Home","item":"https:\/\/www.musikzeitung.ch\/"},{"@type":"ListItem","position":2,"name":"Den unerfahrenen S\u00e4ngern sei Dank"}]},{"@type":"WebSite","@id":"https:\/\/www.musikzeitung.ch\/#website","url":"https:\/\/www.musikzeitung.ch\/","name":"Giornale musicale svizzero","description":"Il principale mensile interdisciplinare della Svizzera per le questioni musicali.","publisher":{"@id":"https:\/\/www.musikzeitung.ch\/#organization"},"potentialAction":[{"@type":"SearchAction","target":{"@type":"EntryPoint","urlTemplate":"https:\/\/www.musikzeitung.ch\/?s={search_term_string}"},"query-input":{"@type":"PropertyValueSpecification","valueRequired":true,"valueName":"search_term_string"}}],"inLanguage":"it-IT"},{"@type":"Organization","@id":"https:\/\/www.musikzeitung.ch\/#organization","name":"Giornale musicale svizzero","url":"https:\/\/www.musikzeitung.ch\/","logo":{"@type":"ImageObject","inLanguage":"it-IT","@id":"https:\/\/www.musikzeitung.ch\/#\/schema\/logo\/image\/","url":"https:\/\/www.musikzeitung.ch\/wp-content\/uploads\/2023\/01\/SMZ_Schriftzug_Sprache.png","contentUrl":"https:\/\/www.musikzeitung.ch\/wp-content\/uploads\/2023\/01\/SMZ_Schriftzug_Sprache.png","width":1400,"height":279,"caption":"Schweizer Musikzeitung"},"image":{"@id":"https:\/\/www.musikzeitung.ch\/#\/schema\/logo\/image\/"},"sameAs":["https:\/\/www.facebook.com\/SchweizerMusikzeitung\/","https:\/\/x.com\/smusikzeitung","https:\/\/www.instagram.com\/musikzeitung.ch\/"]},{"@type":"Person","@id":"https:\/\/www.musikzeitung.ch\/#\/schema\/person\/b2fd892c800856270b9dcc6001265712","name":"Redazione Musikzeitung","image":{"@type":"ImageObject","inLanguage":"it-IT","@id":"https:\/\/www.musikzeitung.ch\/wp-content\/uploads\/2022\/05\/usericon_musikzeitung-96x96.jpg","url":"https:\/\/www.musikzeitung.ch\/wp-content\/uploads\/2022\/05\/usericon_musikzeitung-96x96.jpg","contentUrl":"https:\/\/www.musikzeitung.ch\/wp-content\/uploads\/2022\/05\/usericon_musikzeitung-96x96.jpg","caption":"Musikzeitung-Redaktion"},"url":"https:\/\/www.musikzeitung.ch\/it\/author\/admin"}]}},"publishpress_future_workflow_manual_trigger":{"enabledWorkflows":[]},"_links":{"self":[{"href":"https:\/\/www.musikzeitung.ch\/it\/wp-json\/wp\/v2\/posts\/7699","targetHints":{"allow":["GET"]}}],"collection":[{"href":"https:\/\/www.musikzeitung.ch\/it\/wp-json\/wp\/v2\/posts"}],"about":[{"href":"https:\/\/www.musikzeitung.ch\/it\/wp-json\/wp\/v2\/types\/post"}],"author":[{"embeddable":true,"href":"https:\/\/www.musikzeitung.ch\/it\/wp-json\/wp\/v2\/users\/1"}],"replies":[{"embeddable":true,"href":"https:\/\/www.musikzeitung.ch\/it\/wp-json\/wp\/v2\/comments?post=7699"}],"version-history":[{"count":1,"href":"https:\/\/www.musikzeitung.ch\/it\/wp-json\/wp\/v2\/posts\/7699\/revisions"}],"predecessor-version":[{"id":58401,"href":"https:\/\/www.musikzeitung.ch\/it\/wp-json\/wp\/v2\/posts\/7699\/revisions\/58401"}],"wp:featuredmedia":[{"embeddable":true,"href":"https:\/\/www.musikzeitung.ch\/it\/wp-json\/wp\/v2\/media\/7700"}],"wp:attachment":[{"href":"https:\/\/www.musikzeitung.ch\/it\/wp-json\/wp\/v2\/media?parent=7699"}],"wp:term":[{"taxonomy":"category","embeddable":true,"href":"https:\/\/www.musikzeitung.ch\/it\/wp-json\/wp\/v2\/categories?post=7699"},{"taxonomy":"post_tag","embeddable":true,"href":"https:\/\/www.musikzeitung.ch\/it\/wp-json\/wp\/v2\/tags?post=7699"}],"curies":[{"name":"wp","href":"https:\/\/api.w.org\/{rel}","templated":true}]}}