{"id":7774,"date":"2014-01-07T00:00:00","date_gmt":"2014-01-06T23:00:00","guid":{"rendered":"https:\/\/www.musikzeitung.ch\/allgemein\/fundsachen-fuer-klarinette\/"},"modified":"2024-09-23T11:31:51","modified_gmt":"2024-09-23T09:31:51","slug":"fundsachen-fuer-klarinette","status":"publish","type":"post","link":"https:\/\/www.musikzeitung.ch\/it\/rezensionen\/noten-rezensionen\/2014\/01\/fundsachen-fuer-klarinette","title":{"rendered":"Oggetti smarriti per clarinetto"},"content":{"rendered":"<figure style=\"width: 554px\" class=\"wp-caption alignnone\"><img loading=\"lazy\" decoding=\"async\" src=\"https:\/\/www.musikzeitung.ch\/wp-content\/uploads\/2023\/01\/570286_original_R_K_B_by_Katharina-Bregulla_pixelio.de_.jpg\" alt=\"\" width=\"554\" height=\"368\" \/><figcaption class=\"wp-caption-text\">Foto: Katharina Bregulla \/ pixelio.de<\/figcaption><\/figure>\n<div class=\"text-section\">\n<p><em>Elegia<\/em> e <em>Pieza para clarinete solo<\/em> sono due brevissimi brani nati dalla penna dell'allora venticinquenne Maurizio Kagel, riemersi solo di recente e presentati in anteprima a Colonia nel 2011. Le due miniature non erano incluse nell'elenco delle opere e sono venute alla luce negli archivi della Fondazione Sacher solo dopo la morte di Kagel. Kagel le aveva composte in Argentina nel 1956\/57 prima di venire in Europa.<\/p>\n<p>Entrambi i pezzi si basano su una fila di dodici toni. Il <em>Elegia <\/em>inizia con un breve epilogo di Lento prima della sezione principale di Allegro. La fila di dodici note inizia in questa sezione principale e compare quattro volte in successione. L'Allegro in tempo continuo di tre-quattro ha un'espressione vivace e giocosa. Il secondo brano <em>Pieza<\/em> \u00e8 contrassegnata dall'indicazione di tempo Lento. Ha un ambitus molto pi\u00f9 ampio rispetto all'Eleg\u00eda e richiede all'esecutore numerosi salti ampi e legati. Ha un carattere espressivo con marcature dinamiche differenziate e l'indicazione \"espressivo molto\". La sezione centrale in tempo 5\/8 \u00e8 vivace e conduce a un breve climax.<\/p>\n<p>\u00c8 gratificante che questi due deliziosi reperti provenienti dal patrimonio di Mauricio Kagel abbiano trovato posto in una bella edizione stampata, comprensiva di illustrazioni degli autografi, nella collana Peters Contemporary. Nella loro piccante brevit\u00e0, rappresentano un arricchimento e dovrebbero inserirsi perfettamente anche in un programma da concerto classico-romantico \"nonostante\" lo stile dodecafonico.<\/p>\n<\/div>\n<div class=\"text-section\">\n<dl class=\"picture media photo\">\n<dt><img decoding=\"async\" class=\"media photo aligncenter\" src=\"https:\/\/www.musikzeitung.ch\/wp-content\/uploads\/2023\/01\/Kagel.jpg\" alt=\"Image \" \/><\/dt>\n<\/dl>\n<\/div>\n<div class=\"text-section\">\n<p><em>Maurizio Kagel, Elegia &amp; Pieza para clarinete solo, <\/em><em>EP 11388,\u20ac 6,80, C. F. Peters, Francoforte et al. 2013<\/em>\n<\/div>","protected":false},"excerpt":{"rendered":"<p><strong>Due brevi brani del giovane Mauricio Kagel, recentemente scoperti. <\/strong><\/p>","protected":false},"author":1,"featured_media":7775,"comment_status":"closed","ping_status":"closed","sticky":false,"template":"","format":"standard","meta":{"_acf_changed":false,"_relevanssi_hide_post":"","_relevanssi_hide_content":"","_relevanssi_pin_for_all":"","_relevanssi_pin_keywords":"","_relevanssi_unpin_keywords":"","_relevanssi_related_keywords":"","_relevanssi_related_include_ids":"","_relevanssi_related_exclude_ids":"","_relevanssi_related_no_append":"","_relevanssi_related_not_related":"","_relevanssi_related_posts":"","_relevanssi_noindex_reason":"","pgc_sgb_lightbox_settings":"","footnotes":""},"categories":[1316,29],"tags":[],"class_list":["post-7774","post","type-post","status-publish","format-standard","has-post-thumbnail","hentry","category-noten-rezensionen","category-rezensionen"],"acf":[],"yoast_head":"<!-- This site is optimized with the Yoast SEO plugin v27.4 - https:\/\/yoast.com\/product\/yoast-seo-wordpress\/ -->\n<title>Fundsachen f\u00fcr Klarinette - Schweizer Musikzeitung<\/title>\n<meta name=\"robots\" content=\"index, follow, max-snippet:-1, max-image-preview:large, max-video-preview:-1\" \/>\n<link rel=\"canonical\" href=\"https:\/\/www.musikzeitung.ch\/it\/rezensionen\/noten-rezensionen\/2014\/01\/fundsachen-fuer-klarinette\/\" \/>\n<meta property=\"og:locale\" content=\"it_IT\" \/>\n<meta property=\"og:type\" content=\"article\" \/>\n<meta property=\"og:title\" content=\"Fundsachen f\u00fcr Klarinette - Schweizer Musikzeitung\" \/>\n<meta property=\"og:description\" content=\"Zwei neu entdeckte, w\u00fcrzig-kurze St\u00fccke des jungen Mauricio Kagel.\" \/>\n<meta property=\"og:url\" content=\"https:\/\/www.musikzeitung.ch\/it\/rezensionen\/noten-rezensionen\/2014\/01\/fundsachen-fuer-klarinette\/\" \/>\n<meta property=\"og:site_name\" content=\"Schweizer Musikzeitung\" \/>\n<meta property=\"article:publisher\" content=\"https:\/\/www.facebook.com\/SchweizerMusikzeitung\/\" \/>\n<meta property=\"article:published_time\" content=\"2014-01-06T23:00:00+00:00\" \/>\n<meta property=\"article:modified_time\" content=\"2024-09-23T09:31:51+00:00\" \/>\n<meta property=\"og:image\" content=\"https:\/\/www.musikzeitung.ch\/wp-content\/uploads\/2023\/01\/570286_original_R_K_B_by_Katharina-Bregulla_pixelio.de_.jpg\" \/>\n\t<meta property=\"og:image:width\" content=\"554\" \/>\n\t<meta property=\"og:image:height\" content=\"368\" \/>\n\t<meta property=\"og:image:type\" content=\"image\/jpeg\" \/>\n<meta name=\"author\" content=\"Musikzeitung-Redaktion\" \/>\n<meta name=\"twitter:card\" content=\"summary_large_image\" \/>\n<meta name=\"twitter:creator\" content=\"@smusikzeitung\" \/>\n<meta name=\"twitter:site\" content=\"@smusikzeitung\" \/>\n<meta name=\"twitter:label1\" content=\"Scritto da\" \/>\n\t<meta name=\"twitter:data1\" content=\"Musikzeitung-Redaktion\" \/>\n\t<meta name=\"twitter:label2\" content=\"Tempo di lettura stimato\" \/>\n\t<meta name=\"twitter:data2\" content=\"2 minuti\" \/>\n<script type=\"application\/ld+json\" class=\"yoast-schema-graph\">{\"@context\":\"https:\\\/\\\/schema.org\",\"@graph\":[{\"@type\":\"Article\",\"@id\":\"https:\\\/\\\/www.musikzeitung.ch\\\/rezensionen\\\/noten-rezensionen\\\/2014\\\/01\\\/fundsachen-fuer-klarinette#article\",\"isPartOf\":{\"@id\":\"https:\\\/\\\/www.musikzeitung.ch\\\/rezensionen\\\/noten-rezensionen\\\/2014\\\/01\\\/fundsachen-fuer-klarinette\"},\"author\":{\"name\":\"Musikzeitung-Redaktion\",\"@id\":\"https:\\\/\\\/www.musikzeitung.ch\\\/#\\\/schema\\\/person\\\/b2fd892c800856270b9dcc6001265712\"},\"headline\":\"Fundsachen f\u00fcr Klarinette\",\"datePublished\":\"2014-01-06T23:00:00+00:00\",\"dateModified\":\"2024-09-23T09:31:51+00:00\",\"mainEntityOfPage\":{\"@id\":\"https:\\\/\\\/www.musikzeitung.ch\\\/rezensionen\\\/noten-rezensionen\\\/2014\\\/01\\\/fundsachen-fuer-klarinette\"},\"wordCount\":261,\"publisher\":{\"@id\":\"https:\\\/\\\/www.musikzeitung.ch\\\/#organization\"},\"image\":{\"@id\":\"https:\\\/\\\/www.musikzeitung.ch\\\/rezensionen\\\/noten-rezensionen\\\/2014\\\/01\\\/fundsachen-fuer-klarinette#primaryimage\"},\"thumbnailUrl\":\"https:\\\/\\\/www.musikzeitung.ch\\\/wp-content\\\/uploads\\\/2023\\\/01\\\/570286_original_R_K_B_by_Katharina-Bregulla_pixelio.de_.jpg\",\"articleSection\":[\"Noten\",\"Rezensionen\"],\"inLanguage\":\"it-IT\"},{\"@type\":\"WebPage\",\"@id\":\"https:\\\/\\\/www.musikzeitung.ch\\\/rezensionen\\\/noten-rezensionen\\\/2014\\\/01\\\/fundsachen-fuer-klarinette\",\"url\":\"https:\\\/\\\/www.musikzeitung.ch\\\/rezensionen\\\/noten-rezensionen\\\/2014\\\/01\\\/fundsachen-fuer-klarinette\",\"name\":\"Fundsachen f\u00fcr Klarinette - Schweizer Musikzeitung\",\"isPartOf\":{\"@id\":\"https:\\\/\\\/www.musikzeitung.ch\\\/#website\"},\"primaryImageOfPage\":{\"@id\":\"https:\\\/\\\/www.musikzeitung.ch\\\/rezensionen\\\/noten-rezensionen\\\/2014\\\/01\\\/fundsachen-fuer-klarinette#primaryimage\"},\"image\":{\"@id\":\"https:\\\/\\\/www.musikzeitung.ch\\\/rezensionen\\\/noten-rezensionen\\\/2014\\\/01\\\/fundsachen-fuer-klarinette#primaryimage\"},\"thumbnailUrl\":\"https:\\\/\\\/www.musikzeitung.ch\\\/wp-content\\\/uploads\\\/2023\\\/01\\\/570286_original_R_K_B_by_Katharina-Bregulla_pixelio.de_.jpg\",\"datePublished\":\"2014-01-06T23:00:00+00:00\",\"dateModified\":\"2024-09-23T09:31:51+00:00\",\"breadcrumb\":{\"@id\":\"https:\\\/\\\/www.musikzeitung.ch\\\/rezensionen\\\/noten-rezensionen\\\/2014\\\/01\\\/fundsachen-fuer-klarinette#breadcrumb\"},\"inLanguage\":\"it-IT\",\"potentialAction\":[{\"@type\":\"ReadAction\",\"target\":[\"https:\\\/\\\/www.musikzeitung.ch\\\/rezensionen\\\/noten-rezensionen\\\/2014\\\/01\\\/fundsachen-fuer-klarinette\"]}]},{\"@type\":\"ImageObject\",\"inLanguage\":\"it-IT\",\"@id\":\"https:\\\/\\\/www.musikzeitung.ch\\\/rezensionen\\\/noten-rezensionen\\\/2014\\\/01\\\/fundsachen-fuer-klarinette#primaryimage\",\"url\":\"https:\\\/\\\/www.musikzeitung.ch\\\/wp-content\\\/uploads\\\/2023\\\/01\\\/570286_original_R_K_B_by_Katharina-Bregulla_pixelio.de_.jpg\",\"contentUrl\":\"https:\\\/\\\/www.musikzeitung.ch\\\/wp-content\\\/uploads\\\/2023\\\/01\\\/570286_original_R_K_B_by_Katharina-Bregulla_pixelio.de_.jpg\",\"width\":554,\"height\":368},{\"@type\":\"BreadcrumbList\",\"@id\":\"https:\\\/\\\/www.musikzeitung.ch\\\/rezensionen\\\/noten-rezensionen\\\/2014\\\/01\\\/fundsachen-fuer-klarinette#breadcrumb\",\"itemListElement\":[{\"@type\":\"ListItem\",\"position\":1,\"name\":\"Home\",\"item\":\"https:\\\/\\\/www.musikzeitung.ch\\\/\"},{\"@type\":\"ListItem\",\"position\":2,\"name\":\"Fundsachen f\u00fcr Klarinette\"}]},{\"@type\":\"WebSite\",\"@id\":\"https:\\\/\\\/www.musikzeitung.ch\\\/#website\",\"url\":\"https:\\\/\\\/www.musikzeitung.ch\\\/\",\"name\":\"Schweizer Musikzeitung\",\"description\":\"Die f\u00fchrende sparten\u00fcbergreifende Monatszeitung in der Schweiz f\u00fcr musikalische Fragen.\",\"publisher\":{\"@id\":\"https:\\\/\\\/www.musikzeitung.ch\\\/#organization\"},\"potentialAction\":[{\"@type\":\"SearchAction\",\"target\":{\"@type\":\"EntryPoint\",\"urlTemplate\":\"https:\\\/\\\/www.musikzeitung.ch\\\/?s={search_term_string}\"},\"query-input\":{\"@type\":\"PropertyValueSpecification\",\"valueRequired\":true,\"valueName\":\"search_term_string\"}}],\"inLanguage\":\"it-IT\"},{\"@type\":\"Organization\",\"@id\":\"https:\\\/\\\/www.musikzeitung.ch\\\/#organization\",\"name\":\"Schweizer Musikzeitung\",\"url\":\"https:\\\/\\\/www.musikzeitung.ch\\\/\",\"logo\":{\"@type\":\"ImageObject\",\"inLanguage\":\"it-IT\",\"@id\":\"https:\\\/\\\/www.musikzeitung.ch\\\/#\\\/schema\\\/logo\\\/image\\\/\",\"url\":\"https:\\\/\\\/www.musikzeitung.ch\\\/wp-content\\\/uploads\\\/2023\\\/01\\\/SMZ_Schriftzug_Sprache.png\",\"contentUrl\":\"https:\\\/\\\/www.musikzeitung.ch\\\/wp-content\\\/uploads\\\/2023\\\/01\\\/SMZ_Schriftzug_Sprache.png\",\"width\":1400,\"height\":279,\"caption\":\"Schweizer Musikzeitung\"},\"image\":{\"@id\":\"https:\\\/\\\/www.musikzeitung.ch\\\/#\\\/schema\\\/logo\\\/image\\\/\"},\"sameAs\":[\"https:\\\/\\\/www.facebook.com\\\/SchweizerMusikzeitung\\\/\",\"https:\\\/\\\/x.com\\\/smusikzeitung\",\"https:\\\/\\\/www.instagram.com\\\/musikzeitung.ch\\\/\"]},{\"@type\":\"Person\",\"@id\":\"https:\\\/\\\/www.musikzeitung.ch\\\/#\\\/schema\\\/person\\\/b2fd892c800856270b9dcc6001265712\",\"name\":\"Musikzeitung-Redaktion\",\"image\":{\"@type\":\"ImageObject\",\"inLanguage\":\"it-IT\",\"@id\":\"https:\\\/\\\/www.musikzeitung.ch\\\/wp-content\\\/uploads\\\/2022\\\/05\\\/usericon_musikzeitung-96x96.jpg\",\"url\":\"https:\\\/\\\/www.musikzeitung.ch\\\/wp-content\\\/uploads\\\/2022\\\/05\\\/usericon_musikzeitung-96x96.jpg\",\"contentUrl\":\"https:\\\/\\\/www.musikzeitung.ch\\\/wp-content\\\/uploads\\\/2022\\\/05\\\/usericon_musikzeitung-96x96.jpg\",\"caption\":\"Musikzeitung-Redaktion\"},\"url\":\"https:\\\/\\\/www.musikzeitung.ch\\\/it\\\/author\\\/admin\"}]}<\/script>\n<!-- \/ Yoast SEO plugin. -->","yoast_head_json":{"title":"Fundsachen f\u00fcr Klarinette - Schweizer Musikzeitung","robots":{"index":"index","follow":"follow","max-snippet":"max-snippet:-1","max-image-preview":"max-image-preview:large","max-video-preview":"max-video-preview:-1"},"canonical":"https:\/\/www.musikzeitung.ch\/it\/rezensionen\/noten-rezensionen\/2014\/01\/fundsachen-fuer-klarinette\/","og_locale":"it_IT","og_type":"article","og_title":"Fundsachen f\u00fcr Klarinette - Schweizer Musikzeitung","og_description":"Zwei neu entdeckte, w\u00fcrzig-kurze St\u00fccke des jungen Mauricio Kagel.","og_url":"https:\/\/www.musikzeitung.ch\/it\/rezensionen\/noten-rezensionen\/2014\/01\/fundsachen-fuer-klarinette\/","og_site_name":"Schweizer Musikzeitung","article_publisher":"https:\/\/www.facebook.com\/SchweizerMusikzeitung\/","article_published_time":"2014-01-06T23:00:00+00:00","article_modified_time":"2024-09-23T09:31:51+00:00","og_image":[{"width":554,"height":368,"url":"https:\/\/www.musikzeitung.ch\/wp-content\/uploads\/2023\/01\/570286_original_R_K_B_by_Katharina-Bregulla_pixelio.de_.jpg","type":"image\/jpeg"}],"author":"Musikzeitung-Redaktion","twitter_card":"summary_large_image","twitter_creator":"@smusikzeitung","twitter_site":"@smusikzeitung","twitter_misc":{"Scritto da":"Musikzeitung-Redaktion","Tempo di lettura stimato":"2 minuti"},"schema":{"@context":"https:\/\/schema.org","@graph":[{"@type":"Article","@id":"https:\/\/www.musikzeitung.ch\/rezensionen\/noten-rezensionen\/2014\/01\/fundsachen-fuer-klarinette#article","isPartOf":{"@id":"https:\/\/www.musikzeitung.ch\/rezensionen\/noten-rezensionen\/2014\/01\/fundsachen-fuer-klarinette"},"author":{"name":"Musikzeitung-Redaktion","@id":"https:\/\/www.musikzeitung.ch\/#\/schema\/person\/b2fd892c800856270b9dcc6001265712"},"headline":"Fundsachen f\u00fcr Klarinette","datePublished":"2014-01-06T23:00:00+00:00","dateModified":"2024-09-23T09:31:51+00:00","mainEntityOfPage":{"@id":"https:\/\/www.musikzeitung.ch\/rezensionen\/noten-rezensionen\/2014\/01\/fundsachen-fuer-klarinette"},"wordCount":261,"publisher":{"@id":"https:\/\/www.musikzeitung.ch\/#organization"},"image":{"@id":"https:\/\/www.musikzeitung.ch\/rezensionen\/noten-rezensionen\/2014\/01\/fundsachen-fuer-klarinette#primaryimage"},"thumbnailUrl":"https:\/\/www.musikzeitung.ch\/wp-content\/uploads\/2023\/01\/570286_original_R_K_B_by_Katharina-Bregulla_pixelio.de_.jpg","articleSection":["Noten","Rezensionen"],"inLanguage":"it-IT"},{"@type":"WebPage","@id":"https:\/\/www.musikzeitung.ch\/rezensionen\/noten-rezensionen\/2014\/01\/fundsachen-fuer-klarinette","url":"https:\/\/www.musikzeitung.ch\/rezensionen\/noten-rezensionen\/2014\/01\/fundsachen-fuer-klarinette","name":"Fundsachen f\u00fcr Klarinette - Schweizer Musikzeitung","isPartOf":{"@id":"https:\/\/www.musikzeitung.ch\/#website"},"primaryImageOfPage":{"@id":"https:\/\/www.musikzeitung.ch\/rezensionen\/noten-rezensionen\/2014\/01\/fundsachen-fuer-klarinette#primaryimage"},"image":{"@id":"https:\/\/www.musikzeitung.ch\/rezensionen\/noten-rezensionen\/2014\/01\/fundsachen-fuer-klarinette#primaryimage"},"thumbnailUrl":"https:\/\/www.musikzeitung.ch\/wp-content\/uploads\/2023\/01\/570286_original_R_K_B_by_Katharina-Bregulla_pixelio.de_.jpg","datePublished":"2014-01-06T23:00:00+00:00","dateModified":"2024-09-23T09:31:51+00:00","breadcrumb":{"@id":"https:\/\/www.musikzeitung.ch\/rezensionen\/noten-rezensionen\/2014\/01\/fundsachen-fuer-klarinette#breadcrumb"},"inLanguage":"it-IT","potentialAction":[{"@type":"ReadAction","target":["https:\/\/www.musikzeitung.ch\/rezensionen\/noten-rezensionen\/2014\/01\/fundsachen-fuer-klarinette"]}]},{"@type":"ImageObject","inLanguage":"it-IT","@id":"https:\/\/www.musikzeitung.ch\/rezensionen\/noten-rezensionen\/2014\/01\/fundsachen-fuer-klarinette#primaryimage","url":"https:\/\/www.musikzeitung.ch\/wp-content\/uploads\/2023\/01\/570286_original_R_K_B_by_Katharina-Bregulla_pixelio.de_.jpg","contentUrl":"https:\/\/www.musikzeitung.ch\/wp-content\/uploads\/2023\/01\/570286_original_R_K_B_by_Katharina-Bregulla_pixelio.de_.jpg","width":554,"height":368},{"@type":"BreadcrumbList","@id":"https:\/\/www.musikzeitung.ch\/rezensionen\/noten-rezensionen\/2014\/01\/fundsachen-fuer-klarinette#breadcrumb","itemListElement":[{"@type":"ListItem","position":1,"name":"Home","item":"https:\/\/www.musikzeitung.ch\/"},{"@type":"ListItem","position":2,"name":"Fundsachen f\u00fcr Klarinette"}]},{"@type":"WebSite","@id":"https:\/\/www.musikzeitung.ch\/#website","url":"https:\/\/www.musikzeitung.ch\/","name":"Giornale musicale svizzero","description":"Il principale mensile interdisciplinare della Svizzera per le questioni musicali.","publisher":{"@id":"https:\/\/www.musikzeitung.ch\/#organization"},"potentialAction":[{"@type":"SearchAction","target":{"@type":"EntryPoint","urlTemplate":"https:\/\/www.musikzeitung.ch\/?s={search_term_string}"},"query-input":{"@type":"PropertyValueSpecification","valueRequired":true,"valueName":"search_term_string"}}],"inLanguage":"it-IT"},{"@type":"Organization","@id":"https:\/\/www.musikzeitung.ch\/#organization","name":"Giornale musicale svizzero","url":"https:\/\/www.musikzeitung.ch\/","logo":{"@type":"ImageObject","inLanguage":"it-IT","@id":"https:\/\/www.musikzeitung.ch\/#\/schema\/logo\/image\/","url":"https:\/\/www.musikzeitung.ch\/wp-content\/uploads\/2023\/01\/SMZ_Schriftzug_Sprache.png","contentUrl":"https:\/\/www.musikzeitung.ch\/wp-content\/uploads\/2023\/01\/SMZ_Schriftzug_Sprache.png","width":1400,"height":279,"caption":"Schweizer Musikzeitung"},"image":{"@id":"https:\/\/www.musikzeitung.ch\/#\/schema\/logo\/image\/"},"sameAs":["https:\/\/www.facebook.com\/SchweizerMusikzeitung\/","https:\/\/x.com\/smusikzeitung","https:\/\/www.instagram.com\/musikzeitung.ch\/"]},{"@type":"Person","@id":"https:\/\/www.musikzeitung.ch\/#\/schema\/person\/b2fd892c800856270b9dcc6001265712","name":"Redazione Musikzeitung","image":{"@type":"ImageObject","inLanguage":"it-IT","@id":"https:\/\/www.musikzeitung.ch\/wp-content\/uploads\/2022\/05\/usericon_musikzeitung-96x96.jpg","url":"https:\/\/www.musikzeitung.ch\/wp-content\/uploads\/2022\/05\/usericon_musikzeitung-96x96.jpg","contentUrl":"https:\/\/www.musikzeitung.ch\/wp-content\/uploads\/2022\/05\/usericon_musikzeitung-96x96.jpg","caption":"Musikzeitung-Redaktion"},"url":"https:\/\/www.musikzeitung.ch\/it\/author\/admin"}]}},"publishpress_future_workflow_manual_trigger":{"enabledWorkflows":[]},"_links":{"self":[{"href":"https:\/\/www.musikzeitung.ch\/it\/wp-json\/wp\/v2\/posts\/7774","targetHints":{"allow":["GET"]}}],"collection":[{"href":"https:\/\/www.musikzeitung.ch\/it\/wp-json\/wp\/v2\/posts"}],"about":[{"href":"https:\/\/www.musikzeitung.ch\/it\/wp-json\/wp\/v2\/types\/post"}],"author":[{"embeddable":true,"href":"https:\/\/www.musikzeitung.ch\/it\/wp-json\/wp\/v2\/users\/1"}],"replies":[{"embeddable":true,"href":"https:\/\/www.musikzeitung.ch\/it\/wp-json\/wp\/v2\/comments?post=7774"}],"version-history":[{"count":1,"href":"https:\/\/www.musikzeitung.ch\/it\/wp-json\/wp\/v2\/posts\/7774\/revisions"}],"predecessor-version":[{"id":58363,"href":"https:\/\/www.musikzeitung.ch\/it\/wp-json\/wp\/v2\/posts\/7774\/revisions\/58363"}],"wp:featuredmedia":[{"embeddable":true,"href":"https:\/\/www.musikzeitung.ch\/it\/wp-json\/wp\/v2\/media\/7775"}],"wp:attachment":[{"href":"https:\/\/www.musikzeitung.ch\/it\/wp-json\/wp\/v2\/media?parent=7774"}],"wp:term":[{"taxonomy":"category","embeddable":true,"href":"https:\/\/www.musikzeitung.ch\/it\/wp-json\/wp\/v2\/categories?post=7774"},{"taxonomy":"post_tag","embeddable":true,"href":"https:\/\/www.musikzeitung.ch\/it\/wp-json\/wp\/v2\/tags?post=7774"}],"curies":[{"name":"wp","href":"https:\/\/api.w.org\/{rel}","templated":true}]}}