{"id":7777,"date":"2014-01-07T00:00:00","date_gmt":"2014-01-06T23:00:00","guid":{"rendered":"https:\/\/www.musikzeitung.ch\/allgemein\/rhythmische-vielfalt\/"},"modified":"2024-09-23T11:30:25","modified_gmt":"2024-09-23T09:30:25","slug":"rhythmische-vielfalt","status":"publish","type":"post","link":"https:\/\/www.musikzeitung.ch\/it\/rezensionen\/noten-rezensionen\/2014\/01\/rhythmische-vielfalt","title":{"rendered":"Diversit\u00e0 ritmica"},"content":{"rendered":"<figure style=\"width: 554px\" class=\"wp-caption alignnone\"><img loading=\"lazy\" decoding=\"async\" src=\"https:\/\/www.musikzeitung.ch\/wp-content\/uploads\/2023\/01\/HA-6.jpg\" alt=\"\" width=\"554\" height=\"367\" \/><figcaption class=\"wp-caption-text\">Johann Wilhelm Hertel, disegno anonimo. Fonte: wikimedia commons<\/figcaption><\/figure>\n<div class=\"text-section\">\n<p>Siamo molto grati all'arpista Johanna Seitz per aver pubblicato un secondo concerto per arpa di Johann Wilhelm Hertel. In una prefazione estremamente informativa, apprendiamo che il clavicembalista Hertel conosceva bene le possibilit\u00e0 tecniche dell'arpa e potrebbe aver scritto i suoi tre concerti (in fa maggiore, re maggiore e sol maggiore) per la figlia del famoso arpista Franz Petrini.<\/p>\n<p>Questo concerto in re maggiore risale al periodo dello stile sensibile (primo periodo classico) e prevede un'orchestra composta da due corni, violini, viola e violoncello. Mentre l'orchestra suona un motivo di apertura fortemente ritmico su una nota insistente, questo motivo \u00e8 intrecciato in modo molto leggero e giocoso dall'arpa. Il secondo movimento \u00e8 elegante, con la parte dell'arpa solista che gioca anche a fare i caprioli ornamentali. Il concerto si conclude su una nota vivace con un Vivace.<\/p>\n<p>Si nota che Hertel prediligeva la variet\u00e0 ritmica: come se stesse improvvisando i suoi assoli, all'interno di una frase compaiono crome, semicrome, terzine e ornamenti. Spesso suona con sincopi. Questo fa s\u00ec che la musica appaia vivace, allegra e leggera e mai noiosa, sebbene il concerto sia piuttosto semplice in termini armonici. \u00c8 stato probabilmente scritto per l'arpa barocca, forse per l'arpa a pedale singolo. Tutti e tre i movimenti sono in re maggiore.<\/p>\n<p>Grazie a motivi divertenti e a una grande trasparenza, la parte dell'arpa \u00e8 molto facile da suonare. Il concerto sar\u00e0 un'aggiunta molto gradita al nostro repertorio.<\/p>\n<\/div>\n<div class=\"text-section\">\n<dl class=\"picture media photo\">\n<dt><img decoding=\"async\" class=\"media photo aligncenter\" src=\"https:\/\/www.musikzeitung.ch\/wp-content\/uploads\/2023\/01\/AA-4.jpg\" alt=\"Image \" \/><\/dt>\n<\/dl>\n<\/div>\n<div class=\"text-section\">\n<p><em>Johann Wilhelm Hertel, Concerto in re maggiore per arpa (o clavicembalo), 2 corni, 2 violini, viola e violoncello, prima edizione, partitura, EW 533, \u20ac 22,50, Edition Walhall, Magdeburg 2011<\/em><\/p>\n<\/div>","protected":false},"excerpt":{"rendered":"<p><strong>Un arricchimento del repertorio arpistico in uno stile sensibile. <\/strong><\/p>","protected":false},"author":1,"featured_media":7778,"comment_status":"closed","ping_status":"closed","sticky":false,"template":"","format":"standard","meta":{"_acf_changed":false,"_relevanssi_hide_post":"","_relevanssi_hide_content":"","_relevanssi_pin_for_all":"","_relevanssi_pin_keywords":"","_relevanssi_unpin_keywords":"","_relevanssi_related_keywords":"","_relevanssi_related_include_ids":"","_relevanssi_related_exclude_ids":"","_relevanssi_related_no_append":"","_relevanssi_related_not_related":"","_relevanssi_related_posts":"","_relevanssi_noindex_reason":"","pgc_sgb_lightbox_settings":"","footnotes":""},"categories":[1316,29],"tags":[],"class_list":["post-7777","post","type-post","status-publish","format-standard","has-post-thumbnail","hentry","category-noten-rezensionen","category-rezensionen"],"acf":[],"yoast_head":"<!-- This site is optimized with the Yoast SEO plugin v27.4 - https:\/\/yoast.com\/product\/yoast-seo-wordpress\/ -->\n<title>Rhythmische Vielfalt - Schweizer Musikzeitung<\/title>\n<meta name=\"robots\" content=\"index, follow, max-snippet:-1, max-image-preview:large, max-video-preview:-1\" \/>\n<link rel=\"canonical\" href=\"https:\/\/www.musikzeitung.ch\/it\/rezensionen\/noten-rezensionen\/2014\/01\/rhythmische-vielfalt\/\" \/>\n<meta property=\"og:locale\" content=\"it_IT\" \/>\n<meta property=\"og:type\" content=\"article\" \/>\n<meta property=\"og:title\" content=\"Rhythmische Vielfalt - Schweizer Musikzeitung\" \/>\n<meta property=\"og:description\" content=\"Eine Bereicherung des Harfenrepertoires im empfindsamen Stil.\" \/>\n<meta property=\"og:url\" content=\"https:\/\/www.musikzeitung.ch\/it\/rezensionen\/noten-rezensionen\/2014\/01\/rhythmische-vielfalt\/\" \/>\n<meta property=\"og:site_name\" content=\"Schweizer Musikzeitung\" \/>\n<meta property=\"article:publisher\" content=\"https:\/\/www.facebook.com\/SchweizerMusikzeitung\/\" \/>\n<meta property=\"article:published_time\" content=\"2014-01-06T23:00:00+00:00\" \/>\n<meta property=\"article:modified_time\" content=\"2024-09-23T09:30:25+00:00\" \/>\n<meta property=\"og:image\" content=\"https:\/\/www.musikzeitung.ch\/wp-content\/uploads\/2023\/01\/HA-6.jpg\" \/>\n\t<meta property=\"og:image:width\" content=\"554\" \/>\n\t<meta property=\"og:image:height\" content=\"367\" \/>\n\t<meta property=\"og:image:type\" content=\"image\/jpeg\" \/>\n<meta name=\"author\" content=\"Musikzeitung-Redaktion\" \/>\n<meta name=\"twitter:card\" content=\"summary_large_image\" \/>\n<meta name=\"twitter:creator\" content=\"@smusikzeitung\" \/>\n<meta name=\"twitter:site\" content=\"@smusikzeitung\" \/>\n<meta name=\"twitter:label1\" content=\"Scritto da\" \/>\n\t<meta name=\"twitter:data1\" content=\"Musikzeitung-Redaktion\" \/>\n\t<meta name=\"twitter:label2\" content=\"Tempo di lettura stimato\" \/>\n\t<meta name=\"twitter:data2\" content=\"3 minuti\" \/>\n<script type=\"application\/ld+json\" class=\"yoast-schema-graph\">{\"@context\":\"https:\\\/\\\/schema.org\",\"@graph\":[{\"@type\":\"Article\",\"@id\":\"https:\\\/\\\/www.musikzeitung.ch\\\/rezensionen\\\/noten-rezensionen\\\/2014\\\/01\\\/rhythmische-vielfalt#article\",\"isPartOf\":{\"@id\":\"https:\\\/\\\/www.musikzeitung.ch\\\/rezensionen\\\/noten-rezensionen\\\/2014\\\/01\\\/rhythmische-vielfalt\"},\"author\":{\"name\":\"Musikzeitung-Redaktion\",\"@id\":\"https:\\\/\\\/www.musikzeitung.ch\\\/#\\\/schema\\\/person\\\/b2fd892c800856270b9dcc6001265712\"},\"headline\":\"Rhythmische Vielfalt\",\"datePublished\":\"2014-01-06T23:00:00+00:00\",\"dateModified\":\"2024-09-23T09:30:25+00:00\",\"mainEntityOfPage\":{\"@id\":\"https:\\\/\\\/www.musikzeitung.ch\\\/rezensionen\\\/noten-rezensionen\\\/2014\\\/01\\\/rhythmische-vielfalt\"},\"wordCount\":276,\"publisher\":{\"@id\":\"https:\\\/\\\/www.musikzeitung.ch\\\/#organization\"},\"image\":{\"@id\":\"https:\\\/\\\/www.musikzeitung.ch\\\/rezensionen\\\/noten-rezensionen\\\/2014\\\/01\\\/rhythmische-vielfalt#primaryimage\"},\"thumbnailUrl\":\"https:\\\/\\\/www.musikzeitung.ch\\\/wp-content\\\/uploads\\\/2023\\\/01\\\/HA-6.jpg\",\"articleSection\":[\"Noten\",\"Rezensionen\"],\"inLanguage\":\"it-IT\"},{\"@type\":\"WebPage\",\"@id\":\"https:\\\/\\\/www.musikzeitung.ch\\\/rezensionen\\\/noten-rezensionen\\\/2014\\\/01\\\/rhythmische-vielfalt\",\"url\":\"https:\\\/\\\/www.musikzeitung.ch\\\/rezensionen\\\/noten-rezensionen\\\/2014\\\/01\\\/rhythmische-vielfalt\",\"name\":\"Rhythmische Vielfalt - Schweizer Musikzeitung\",\"isPartOf\":{\"@id\":\"https:\\\/\\\/www.musikzeitung.ch\\\/#website\"},\"primaryImageOfPage\":{\"@id\":\"https:\\\/\\\/www.musikzeitung.ch\\\/rezensionen\\\/noten-rezensionen\\\/2014\\\/01\\\/rhythmische-vielfalt#primaryimage\"},\"image\":{\"@id\":\"https:\\\/\\\/www.musikzeitung.ch\\\/rezensionen\\\/noten-rezensionen\\\/2014\\\/01\\\/rhythmische-vielfalt#primaryimage\"},\"thumbnailUrl\":\"https:\\\/\\\/www.musikzeitung.ch\\\/wp-content\\\/uploads\\\/2023\\\/01\\\/HA-6.jpg\",\"datePublished\":\"2014-01-06T23:00:00+00:00\",\"dateModified\":\"2024-09-23T09:30:25+00:00\",\"breadcrumb\":{\"@id\":\"https:\\\/\\\/www.musikzeitung.ch\\\/rezensionen\\\/noten-rezensionen\\\/2014\\\/01\\\/rhythmische-vielfalt#breadcrumb\"},\"inLanguage\":\"it-IT\",\"potentialAction\":[{\"@type\":\"ReadAction\",\"target\":[\"https:\\\/\\\/www.musikzeitung.ch\\\/rezensionen\\\/noten-rezensionen\\\/2014\\\/01\\\/rhythmische-vielfalt\"]}]},{\"@type\":\"ImageObject\",\"inLanguage\":\"it-IT\",\"@id\":\"https:\\\/\\\/www.musikzeitung.ch\\\/rezensionen\\\/noten-rezensionen\\\/2014\\\/01\\\/rhythmische-vielfalt#primaryimage\",\"url\":\"https:\\\/\\\/www.musikzeitung.ch\\\/wp-content\\\/uploads\\\/2023\\\/01\\\/HA-6.jpg\",\"contentUrl\":\"https:\\\/\\\/www.musikzeitung.ch\\\/wp-content\\\/uploads\\\/2023\\\/01\\\/HA-6.jpg\",\"width\":554,\"height\":367},{\"@type\":\"BreadcrumbList\",\"@id\":\"https:\\\/\\\/www.musikzeitung.ch\\\/rezensionen\\\/noten-rezensionen\\\/2014\\\/01\\\/rhythmische-vielfalt#breadcrumb\",\"itemListElement\":[{\"@type\":\"ListItem\",\"position\":1,\"name\":\"Home\",\"item\":\"https:\\\/\\\/www.musikzeitung.ch\\\/\"},{\"@type\":\"ListItem\",\"position\":2,\"name\":\"Rhythmische Vielfalt\"}]},{\"@type\":\"WebSite\",\"@id\":\"https:\\\/\\\/www.musikzeitung.ch\\\/#website\",\"url\":\"https:\\\/\\\/www.musikzeitung.ch\\\/\",\"name\":\"Schweizer Musikzeitung\",\"description\":\"Die f\u00fchrende sparten\u00fcbergreifende Monatszeitung in der Schweiz f\u00fcr musikalische Fragen.\",\"publisher\":{\"@id\":\"https:\\\/\\\/www.musikzeitung.ch\\\/#organization\"},\"potentialAction\":[{\"@type\":\"SearchAction\",\"target\":{\"@type\":\"EntryPoint\",\"urlTemplate\":\"https:\\\/\\\/www.musikzeitung.ch\\\/?s={search_term_string}\"},\"query-input\":{\"@type\":\"PropertyValueSpecification\",\"valueRequired\":true,\"valueName\":\"search_term_string\"}}],\"inLanguage\":\"it-IT\"},{\"@type\":\"Organization\",\"@id\":\"https:\\\/\\\/www.musikzeitung.ch\\\/#organization\",\"name\":\"Schweizer Musikzeitung\",\"url\":\"https:\\\/\\\/www.musikzeitung.ch\\\/\",\"logo\":{\"@type\":\"ImageObject\",\"inLanguage\":\"it-IT\",\"@id\":\"https:\\\/\\\/www.musikzeitung.ch\\\/#\\\/schema\\\/logo\\\/image\\\/\",\"url\":\"https:\\\/\\\/www.musikzeitung.ch\\\/wp-content\\\/uploads\\\/2023\\\/01\\\/SMZ_Schriftzug_Sprache.png\",\"contentUrl\":\"https:\\\/\\\/www.musikzeitung.ch\\\/wp-content\\\/uploads\\\/2023\\\/01\\\/SMZ_Schriftzug_Sprache.png\",\"width\":1400,\"height\":279,\"caption\":\"Schweizer Musikzeitung\"},\"image\":{\"@id\":\"https:\\\/\\\/www.musikzeitung.ch\\\/#\\\/schema\\\/logo\\\/image\\\/\"},\"sameAs\":[\"https:\\\/\\\/www.facebook.com\\\/SchweizerMusikzeitung\\\/\",\"https:\\\/\\\/x.com\\\/smusikzeitung\",\"https:\\\/\\\/www.instagram.com\\\/musikzeitung.ch\\\/\"]},{\"@type\":\"Person\",\"@id\":\"https:\\\/\\\/www.musikzeitung.ch\\\/#\\\/schema\\\/person\\\/b2fd892c800856270b9dcc6001265712\",\"name\":\"Musikzeitung-Redaktion\",\"image\":{\"@type\":\"ImageObject\",\"inLanguage\":\"it-IT\",\"@id\":\"https:\\\/\\\/www.musikzeitung.ch\\\/wp-content\\\/uploads\\\/2022\\\/05\\\/usericon_musikzeitung-96x96.jpg\",\"url\":\"https:\\\/\\\/www.musikzeitung.ch\\\/wp-content\\\/uploads\\\/2022\\\/05\\\/usericon_musikzeitung-96x96.jpg\",\"contentUrl\":\"https:\\\/\\\/www.musikzeitung.ch\\\/wp-content\\\/uploads\\\/2022\\\/05\\\/usericon_musikzeitung-96x96.jpg\",\"caption\":\"Musikzeitung-Redaktion\"},\"url\":\"https:\\\/\\\/www.musikzeitung.ch\\\/it\\\/author\\\/admin\"}]}<\/script>\n<!-- \/ Yoast SEO plugin. -->","yoast_head_json":{"title":"Diversit\u00e0 ritmica - Schweizer Musikzeitung","robots":{"index":"index","follow":"follow","max-snippet":"max-snippet:-1","max-image-preview":"max-image-preview:large","max-video-preview":"max-video-preview:-1"},"canonical":"https:\/\/www.musikzeitung.ch\/it\/rezensionen\/noten-rezensionen\/2014\/01\/rhythmische-vielfalt\/","og_locale":"it_IT","og_type":"article","og_title":"Rhythmische Vielfalt - Schweizer Musikzeitung","og_description":"Eine Bereicherung des Harfenrepertoires im empfindsamen Stil.","og_url":"https:\/\/www.musikzeitung.ch\/it\/rezensionen\/noten-rezensionen\/2014\/01\/rhythmische-vielfalt\/","og_site_name":"Schweizer Musikzeitung","article_publisher":"https:\/\/www.facebook.com\/SchweizerMusikzeitung\/","article_published_time":"2014-01-06T23:00:00+00:00","article_modified_time":"2024-09-23T09:30:25+00:00","og_image":[{"width":554,"height":367,"url":"https:\/\/www.musikzeitung.ch\/wp-content\/uploads\/2023\/01\/HA-6.jpg","type":"image\/jpeg"}],"author":"Musikzeitung-Redaktion","twitter_card":"summary_large_image","twitter_creator":"@smusikzeitung","twitter_site":"@smusikzeitung","twitter_misc":{"Scritto da":"Musikzeitung-Redaktion","Tempo di lettura stimato":"3 minuti"},"schema":{"@context":"https:\/\/schema.org","@graph":[{"@type":"Article","@id":"https:\/\/www.musikzeitung.ch\/rezensionen\/noten-rezensionen\/2014\/01\/rhythmische-vielfalt#article","isPartOf":{"@id":"https:\/\/www.musikzeitung.ch\/rezensionen\/noten-rezensionen\/2014\/01\/rhythmische-vielfalt"},"author":{"name":"Musikzeitung-Redaktion","@id":"https:\/\/www.musikzeitung.ch\/#\/schema\/person\/b2fd892c800856270b9dcc6001265712"},"headline":"Rhythmische Vielfalt","datePublished":"2014-01-06T23:00:00+00:00","dateModified":"2024-09-23T09:30:25+00:00","mainEntityOfPage":{"@id":"https:\/\/www.musikzeitung.ch\/rezensionen\/noten-rezensionen\/2014\/01\/rhythmische-vielfalt"},"wordCount":276,"publisher":{"@id":"https:\/\/www.musikzeitung.ch\/#organization"},"image":{"@id":"https:\/\/www.musikzeitung.ch\/rezensionen\/noten-rezensionen\/2014\/01\/rhythmische-vielfalt#primaryimage"},"thumbnailUrl":"https:\/\/www.musikzeitung.ch\/wp-content\/uploads\/2023\/01\/HA-6.jpg","articleSection":["Noten","Rezensionen"],"inLanguage":"it-IT"},{"@type":"WebPage","@id":"https:\/\/www.musikzeitung.ch\/rezensionen\/noten-rezensionen\/2014\/01\/rhythmische-vielfalt","url":"https:\/\/www.musikzeitung.ch\/rezensionen\/noten-rezensionen\/2014\/01\/rhythmische-vielfalt","name":"Diversit\u00e0 ritmica - Schweizer Musikzeitung","isPartOf":{"@id":"https:\/\/www.musikzeitung.ch\/#website"},"primaryImageOfPage":{"@id":"https:\/\/www.musikzeitung.ch\/rezensionen\/noten-rezensionen\/2014\/01\/rhythmische-vielfalt#primaryimage"},"image":{"@id":"https:\/\/www.musikzeitung.ch\/rezensionen\/noten-rezensionen\/2014\/01\/rhythmische-vielfalt#primaryimage"},"thumbnailUrl":"https:\/\/www.musikzeitung.ch\/wp-content\/uploads\/2023\/01\/HA-6.jpg","datePublished":"2014-01-06T23:00:00+00:00","dateModified":"2024-09-23T09:30:25+00:00","breadcrumb":{"@id":"https:\/\/www.musikzeitung.ch\/rezensionen\/noten-rezensionen\/2014\/01\/rhythmische-vielfalt#breadcrumb"},"inLanguage":"it-IT","potentialAction":[{"@type":"ReadAction","target":["https:\/\/www.musikzeitung.ch\/rezensionen\/noten-rezensionen\/2014\/01\/rhythmische-vielfalt"]}]},{"@type":"ImageObject","inLanguage":"it-IT","@id":"https:\/\/www.musikzeitung.ch\/rezensionen\/noten-rezensionen\/2014\/01\/rhythmische-vielfalt#primaryimage","url":"https:\/\/www.musikzeitung.ch\/wp-content\/uploads\/2023\/01\/HA-6.jpg","contentUrl":"https:\/\/www.musikzeitung.ch\/wp-content\/uploads\/2023\/01\/HA-6.jpg","width":554,"height":367},{"@type":"BreadcrumbList","@id":"https:\/\/www.musikzeitung.ch\/rezensionen\/noten-rezensionen\/2014\/01\/rhythmische-vielfalt#breadcrumb","itemListElement":[{"@type":"ListItem","position":1,"name":"Home","item":"https:\/\/www.musikzeitung.ch\/"},{"@type":"ListItem","position":2,"name":"Rhythmische Vielfalt"}]},{"@type":"WebSite","@id":"https:\/\/www.musikzeitung.ch\/#website","url":"https:\/\/www.musikzeitung.ch\/","name":"Giornale musicale svizzero","description":"Il principale mensile interdisciplinare della Svizzera per le questioni musicali.","publisher":{"@id":"https:\/\/www.musikzeitung.ch\/#organization"},"potentialAction":[{"@type":"SearchAction","target":{"@type":"EntryPoint","urlTemplate":"https:\/\/www.musikzeitung.ch\/?s={search_term_string}"},"query-input":{"@type":"PropertyValueSpecification","valueRequired":true,"valueName":"search_term_string"}}],"inLanguage":"it-IT"},{"@type":"Organization","@id":"https:\/\/www.musikzeitung.ch\/#organization","name":"Giornale musicale svizzero","url":"https:\/\/www.musikzeitung.ch\/","logo":{"@type":"ImageObject","inLanguage":"it-IT","@id":"https:\/\/www.musikzeitung.ch\/#\/schema\/logo\/image\/","url":"https:\/\/www.musikzeitung.ch\/wp-content\/uploads\/2023\/01\/SMZ_Schriftzug_Sprache.png","contentUrl":"https:\/\/www.musikzeitung.ch\/wp-content\/uploads\/2023\/01\/SMZ_Schriftzug_Sprache.png","width":1400,"height":279,"caption":"Schweizer Musikzeitung"},"image":{"@id":"https:\/\/www.musikzeitung.ch\/#\/schema\/logo\/image\/"},"sameAs":["https:\/\/www.facebook.com\/SchweizerMusikzeitung\/","https:\/\/x.com\/smusikzeitung","https:\/\/www.instagram.com\/musikzeitung.ch\/"]},{"@type":"Person","@id":"https:\/\/www.musikzeitung.ch\/#\/schema\/person\/b2fd892c800856270b9dcc6001265712","name":"Redazione Musikzeitung","image":{"@type":"ImageObject","inLanguage":"it-IT","@id":"https:\/\/www.musikzeitung.ch\/wp-content\/uploads\/2022\/05\/usericon_musikzeitung-96x96.jpg","url":"https:\/\/www.musikzeitung.ch\/wp-content\/uploads\/2022\/05\/usericon_musikzeitung-96x96.jpg","contentUrl":"https:\/\/www.musikzeitung.ch\/wp-content\/uploads\/2022\/05\/usericon_musikzeitung-96x96.jpg","caption":"Musikzeitung-Redaktion"},"url":"https:\/\/www.musikzeitung.ch\/it\/author\/admin"}]}},"publishpress_future_workflow_manual_trigger":{"enabledWorkflows":[]},"_links":{"self":[{"href":"https:\/\/www.musikzeitung.ch\/it\/wp-json\/wp\/v2\/posts\/7777","targetHints":{"allow":["GET"]}}],"collection":[{"href":"https:\/\/www.musikzeitung.ch\/it\/wp-json\/wp\/v2\/posts"}],"about":[{"href":"https:\/\/www.musikzeitung.ch\/it\/wp-json\/wp\/v2\/types\/post"}],"author":[{"embeddable":true,"href":"https:\/\/www.musikzeitung.ch\/it\/wp-json\/wp\/v2\/users\/1"}],"replies":[{"embeddable":true,"href":"https:\/\/www.musikzeitung.ch\/it\/wp-json\/wp\/v2\/comments?post=7777"}],"version-history":[{"count":1,"href":"https:\/\/www.musikzeitung.ch\/it\/wp-json\/wp\/v2\/posts\/7777\/revisions"}],"predecessor-version":[{"id":58362,"href":"https:\/\/www.musikzeitung.ch\/it\/wp-json\/wp\/v2\/posts\/7777\/revisions\/58362"}],"wp:featuredmedia":[{"embeddable":true,"href":"https:\/\/www.musikzeitung.ch\/it\/wp-json\/wp\/v2\/media\/7778"}],"wp:attachment":[{"href":"https:\/\/www.musikzeitung.ch\/it\/wp-json\/wp\/v2\/media?parent=7777"}],"wp:term":[{"taxonomy":"category","embeddable":true,"href":"https:\/\/www.musikzeitung.ch\/it\/wp-json\/wp\/v2\/categories?post=7777"},{"taxonomy":"post_tag","embeddable":true,"href":"https:\/\/www.musikzeitung.ch\/it\/wp-json\/wp\/v2\/tags?post=7777"}],"curies":[{"name":"wp","href":"https:\/\/api.w.org\/{rel}","templated":true}]}}