{"id":7780,"date":"2014-01-07T00:00:00","date_gmt":"2014-01-06T23:00:00","guid":{"rendered":"https:\/\/www.musikzeitung.ch\/allgemein\/neue-schweizer-kompositionen-2\/"},"modified":"2024-09-23T11:37:02","modified_gmt":"2024-09-23T09:37:02","slug":"neue-schweizer-kompositionen-2","status":"publish","type":"post","link":"https:\/\/www.musikzeitung.ch\/it\/rezensionen\/noten-rezensionen\/2014\/01\/neue-schweizer-kompositionen-2","title":{"rendered":"Nuove composizioni svizzere"},"content":{"rendered":"<figure style=\"width: 554px\" class=\"wp-caption alignnone\"><img loading=\"lazy\" decoding=\"async\" src=\"https:\/\/www.musikzeitung.ch\/wp-content\/uploads\/2023\/01\/Fotolia_55341698_XS-2.jpg\" alt=\"\" width=\"554\" height=\"368\" \/><figcaption class=\"wp-caption-text\">Foto: luisgbatista \/ fotolia.com<\/figcaption><\/figure>\n<div class=\"text-section\">\n<p>Queste tre opere per clarinetto di recente pubblicazione offrono una splendida panoramica sulla diversit\u00e0 della composizione contemporanea. Tutte e tre sono state scritte nel 2012 da compositori svizzeri o residenti in Svizzera, il che significa che le somiglianze di base sono gi\u00e0 state menzionate. Il primo \u00e8 un pezzo solista per clarinetto basso, il secondo \u00e8 una sonata classica per clarinetto e pianoforte, il terzo lavoro \u00e8 costituito da tre bagatelle in uno stile moderatamente moderno e tonale.<\/p>\n<\/div>\n<div class=\"text-section\">\n<p><em>Canto<\/em> per clarinetto basso solo del compositore zurighese di successo David Philip Hefti \u00e8 dedicato al clarinettista Elmar Schmid. Il materiale tonale deriva dal nome del dedicatario: E-La-Mi-A-Re eS-C-H-MI-D. Il primo nome, composto da intervalli di quarta\/quinta, si rivela meno produttivo e non compare pi\u00f9 molto, ma la sequenza tonale E-flat-C-B-E-D \u00e8 ampiamente utilizzata. L'opera, della durata di sette minuti, deriva la sua struttura di base da due tempi (132\/44) in rapporto di 3:1; questi risultano in un'alternanza tra passaggi calmi, melodiosi e tonalmente eccitanti con molti multifonici, da un lato, e sezioni frenetiche caratterizzate da sberleffi, rumori di chiave e d'aria, nonch\u00e9 da cambiamenti dinamici talvolta bruschi, dall'altro. I multifonici consigliati funzionano perfettamente e danno luogo a interessanti progressioni sonore.<\/p>\n<div class=\"text-section\">\n<dl class=\"picture media photo\">\n<dt><img decoding=\"async\" class=\"media photo aligncenter\" src=\"https:\/\/www.musikzeitung.ch\/wp-content\/uploads\/2023\/01\/GM-1882-CantoRand-2.jpg\" alt=\"Image \" \/><\/dt>\n<\/dl>\n<\/div>\n<p><em>David Philip Hefti, Canto, per clarinetto basso solo, GM 1882, \u20ac 12,00, Edition Kunzelmann, Adliswil 2012<\/em><\/p>\n<\/div>\n<div class=\"text-section\">\n<p>Edoardo Torbianelli parla un linguaggio musicale completamente diverso nel suo <em>Sonata n. 2 <\/em>per clarinetto e pianoforte. Torbianelli \u00e8 nato a Trieste nel 1970 e ha studiato pianoforte e clavicembalo nella sua citt\u00e0 natale. Oggi lavora come docente e specialista di prassi esecutiva storica, in particolare del periodo classico-romantico, presso la Schola Cantorum Basiliensis e l'Universit\u00e0 delle Arti di Berna, tra gli altri.<\/p>\n<p>La sua sonata in tre movimenti fu composta nello stile della musica viennese intorno al 1805. Il primo movimento dell'opera, della durata di venti minuti, \u00e8 intitolato Allegro amabile, \u00e8 in tempo 3\/4 ed \u00e8 aperto dal clarinetto con un accattivante tema triadico in do maggiore, che domina l'intero movimento e trova la sua controparte in una figura triadica sostenuta e discendente. Il secondo movimento, in tempo 12\/8, con crome scintillanti nel pianoforte, affascina con una melodia meravigliosamente cantabile nel clarinetto, che viene sostituita nella sezione centrale da una certa inquietudine e drammaticit\u00e0. Il terzo movimento, intitolato Finale - Tema con variazioni, \u00e8 basato su un tema di Antonio Salieri tratto dall'opera <em>I Danaidi<\/em> \u00e8 la base. Il clarinettista pu\u00f2 dimostrare la sua destrezza nelle variazioni. Questa sonata classica del 2012 \u00e8 un piacere da suonare e arricchisce il repertorio classico per clarinetto.<\/p>\n<div class=\"text-section\">\n<dl class=\"picture media photo\">\n<dt><img decoding=\"async\" class=\"media photo aligncenter\" src=\"https:\/\/www.musikzeitung.ch\/wp-content\/uploads\/2023\/01\/cl34-2.jpg\" alt=\"Image \" \/><\/dt>\n<\/dl>\n<\/div>\n<p><em>Edoardo Torbianelli, Sonata n. 2, per clarinetto e pianoforte, CL 34, Fr. 25.00, Edition Bim, Vuarmarens 2012<\/em><\/p>\n<\/div>\n<div class=\"text-section\">\n<p>Ancora una volta, il trombettista e compositore ginevrino Jean-Fran\u00e7ois Michel ci porta in un altro mondo musicale con il suo <em>3 Bagatelle<\/em> per clarinetto e pianoforte. Con arguzia musicale, costruisce abilmente una sorta di partitura cinematografica che permette alle immagini vivide di dispiegarsi davanti agli occhi dell'ascoltatore. Il primo movimento <em>Cort\u00e8ge<\/em> inizia in modo misterioso con un'apertura ritmicamente accentuata del pianoforte e un mormorio del clarinetto, che ricorda un corteo di giullari del primo mattino. Il clarinetto si lancia in gesti grandiosi e un po' assurdi, sostenuti alternativamente dal pianoforte con movimenti fluidi (il mormorio precedente del clarinetto) o con un accompagnamento incoraggiante. Il secondo movimento dal titolo <em>Chanson <\/em>\u00e8 una cantilena calma con un suono melodioso e una sezione centrale animata. Il movimento finale <em>Trafico <\/em>Infine, il clarinetto alterna costantemente impulsi di base pari e dispari e ne trae la sua concisione ritmica. Il clarinettista \u00e8 in grado di realizzare il suo virtuosismo in cascate scintillanti. Il movimento \u00e8 efficace e richiede all'esecutore una solida tecnica delle dita.<\/p>\n<p>Le bagatelle, della durata di circa 11 minuti, sono adatte sia agli allievi di livello avanzato, ad esempio come brani da concorso, sia come divertente intermezzo in un concerto.<\/p>\n<div class=\"text-section\">\n<dl class=\"picture media photo\">\n<dt><img decoding=\"async\" class=\"media photo aligncenter\" src=\"https:\/\/www.musikzeitung.ch\/wp-content\/uploads\/2023\/01\/Bagatelles-2.jpg\" alt=\"Image \" \/><\/dt>\n<\/dl>\n<\/div>\n<p><em>Jean-Fran\u00e7ois Michel, 3 Bagatelle, per clarinetto e pianoforte, CL 36, Fr. 15.00, Edition Bim, Vuarmarens 2012<\/em><\/p>\n<\/div>","protected":false},"excerpt":{"rendered":"<p><strong>Opere per clarinetto, con o senza pianoforte, di David Philip Hefti, Edoardo Torbianelli e Jean-Fran\u00e7ois Michel<\/strong><\/p>","protected":false},"author":1,"featured_media":7781,"comment_status":"closed","ping_status":"closed","sticky":false,"template":"","format":"standard","meta":{"_acf_changed":false,"_relevanssi_hide_post":"","_relevanssi_hide_content":"","_relevanssi_pin_for_all":"","_relevanssi_pin_keywords":"","_relevanssi_unpin_keywords":"","_relevanssi_related_keywords":"","_relevanssi_related_include_ids":"","_relevanssi_related_exclude_ids":"","_relevanssi_related_no_append":"","_relevanssi_related_not_related":"","_relevanssi_related_posts":"","_relevanssi_noindex_reason":"","pgc_sgb_lightbox_settings":"","footnotes":""},"categories":[1316,29],"tags":[],"class_list":["post-7780","post","type-post","status-publish","format-standard","has-post-thumbnail","hentry","category-noten-rezensionen","category-rezensionen"],"acf":[],"yoast_head":"<!-- This site is optimized with the Yoast SEO plugin v27.4 - https:\/\/yoast.com\/product\/yoast-seo-wordpress\/ -->\n<title>Neue Schweizer Kompositionen - Schweizer Musikzeitung<\/title>\n<meta name=\"robots\" content=\"index, follow, max-snippet:-1, max-image-preview:large, max-video-preview:-1\" \/>\n<link rel=\"canonical\" href=\"https:\/\/www.musikzeitung.ch\/it\/rezensionen\/noten-rezensionen\/2014\/01\/neue-schweizer-kompositionen-2\/\" \/>\n<meta property=\"og:locale\" content=\"it_IT\" \/>\n<meta property=\"og:type\" content=\"article\" \/>\n<meta property=\"og:title\" content=\"Neue Schweizer Kompositionen - Schweizer Musikzeitung\" \/>\n<meta property=\"og:description\" content=\"Werke f\u00fcr Klarinette, mit oder ohne Klavier, von David Philip Hefti, Edoardo Torbianelli und Jean-Fran\u00e7ois Michel\" \/>\n<meta property=\"og:url\" content=\"https:\/\/www.musikzeitung.ch\/it\/rezensionen\/noten-rezensionen\/2014\/01\/neue-schweizer-kompositionen-2\/\" \/>\n<meta property=\"og:site_name\" content=\"Schweizer Musikzeitung\" \/>\n<meta property=\"article:publisher\" content=\"https:\/\/www.facebook.com\/SchweizerMusikzeitung\/\" \/>\n<meta property=\"article:published_time\" content=\"2014-01-06T23:00:00+00:00\" \/>\n<meta property=\"article:modified_time\" content=\"2024-09-23T09:37:02+00:00\" \/>\n<meta property=\"og:image\" content=\"https:\/\/www.musikzeitung.ch\/wp-content\/uploads\/2023\/01\/Fotolia_55341698_XS-2.jpg\" \/>\n\t<meta property=\"og:image:width\" content=\"554\" \/>\n\t<meta property=\"og:image:height\" content=\"368\" \/>\n\t<meta property=\"og:image:type\" content=\"image\/jpeg\" \/>\n<meta name=\"author\" content=\"Musikzeitung-Redaktion\" \/>\n<meta name=\"twitter:card\" content=\"summary_large_image\" \/>\n<meta name=\"twitter:creator\" content=\"@smusikzeitung\" \/>\n<meta name=\"twitter:site\" content=\"@smusikzeitung\" \/>\n<meta name=\"twitter:label1\" content=\"Scritto da\" \/>\n\t<meta name=\"twitter:data1\" content=\"Musikzeitung-Redaktion\" \/>\n\t<meta name=\"twitter:label2\" content=\"Tempo di lettura stimato\" \/>\n\t<meta name=\"twitter:data2\" content=\"5 minuti\" \/>\n<script type=\"application\/ld+json\" class=\"yoast-schema-graph\">{\"@context\":\"https:\\\/\\\/schema.org\",\"@graph\":[{\"@type\":\"Article\",\"@id\":\"https:\\\/\\\/www.musikzeitung.ch\\\/rezensionen\\\/noten-rezensionen\\\/2014\\\/01\\\/neue-schweizer-kompositionen-2#article\",\"isPartOf\":{\"@id\":\"https:\\\/\\\/www.musikzeitung.ch\\\/rezensionen\\\/noten-rezensionen\\\/2014\\\/01\\\/neue-schweizer-kompositionen-2\"},\"author\":{\"name\":\"Musikzeitung-Redaktion\",\"@id\":\"https:\\\/\\\/www.musikzeitung.ch\\\/#\\\/schema\\\/person\\\/b2fd892c800856270b9dcc6001265712\"},\"headline\":\"Neue Schweizer Kompositionen\",\"datePublished\":\"2014-01-06T23:00:00+00:00\",\"dateModified\":\"2024-09-23T09:37:02+00:00\",\"mainEntityOfPage\":{\"@id\":\"https:\\\/\\\/www.musikzeitung.ch\\\/rezensionen\\\/noten-rezensionen\\\/2014\\\/01\\\/neue-schweizer-kompositionen-2\"},\"wordCount\":647,\"publisher\":{\"@id\":\"https:\\\/\\\/www.musikzeitung.ch\\\/#organization\"},\"image\":{\"@id\":\"https:\\\/\\\/www.musikzeitung.ch\\\/rezensionen\\\/noten-rezensionen\\\/2014\\\/01\\\/neue-schweizer-kompositionen-2#primaryimage\"},\"thumbnailUrl\":\"https:\\\/\\\/www.musikzeitung.ch\\\/wp-content\\\/uploads\\\/2023\\\/01\\\/Fotolia_55341698_XS-2.jpg\",\"articleSection\":[\"Noten\",\"Rezensionen\"],\"inLanguage\":\"it-IT\"},{\"@type\":\"WebPage\",\"@id\":\"https:\\\/\\\/www.musikzeitung.ch\\\/rezensionen\\\/noten-rezensionen\\\/2014\\\/01\\\/neue-schweizer-kompositionen-2\",\"url\":\"https:\\\/\\\/www.musikzeitung.ch\\\/rezensionen\\\/noten-rezensionen\\\/2014\\\/01\\\/neue-schweizer-kompositionen-2\",\"name\":\"Neue Schweizer Kompositionen - Schweizer Musikzeitung\",\"isPartOf\":{\"@id\":\"https:\\\/\\\/www.musikzeitung.ch\\\/#website\"},\"primaryImageOfPage\":{\"@id\":\"https:\\\/\\\/www.musikzeitung.ch\\\/rezensionen\\\/noten-rezensionen\\\/2014\\\/01\\\/neue-schweizer-kompositionen-2#primaryimage\"},\"image\":{\"@id\":\"https:\\\/\\\/www.musikzeitung.ch\\\/rezensionen\\\/noten-rezensionen\\\/2014\\\/01\\\/neue-schweizer-kompositionen-2#primaryimage\"},\"thumbnailUrl\":\"https:\\\/\\\/www.musikzeitung.ch\\\/wp-content\\\/uploads\\\/2023\\\/01\\\/Fotolia_55341698_XS-2.jpg\",\"datePublished\":\"2014-01-06T23:00:00+00:00\",\"dateModified\":\"2024-09-23T09:37:02+00:00\",\"breadcrumb\":{\"@id\":\"https:\\\/\\\/www.musikzeitung.ch\\\/rezensionen\\\/noten-rezensionen\\\/2014\\\/01\\\/neue-schweizer-kompositionen-2#breadcrumb\"},\"inLanguage\":\"it-IT\",\"potentialAction\":[{\"@type\":\"ReadAction\",\"target\":[\"https:\\\/\\\/www.musikzeitung.ch\\\/rezensionen\\\/noten-rezensionen\\\/2014\\\/01\\\/neue-schweizer-kompositionen-2\"]}]},{\"@type\":\"ImageObject\",\"inLanguage\":\"it-IT\",\"@id\":\"https:\\\/\\\/www.musikzeitung.ch\\\/rezensionen\\\/noten-rezensionen\\\/2014\\\/01\\\/neue-schweizer-kompositionen-2#primaryimage\",\"url\":\"https:\\\/\\\/www.musikzeitung.ch\\\/wp-content\\\/uploads\\\/2023\\\/01\\\/Fotolia_55341698_XS-2.jpg\",\"contentUrl\":\"https:\\\/\\\/www.musikzeitung.ch\\\/wp-content\\\/uploads\\\/2023\\\/01\\\/Fotolia_55341698_XS-2.jpg\",\"width\":554,\"height\":368},{\"@type\":\"BreadcrumbList\",\"@id\":\"https:\\\/\\\/www.musikzeitung.ch\\\/rezensionen\\\/noten-rezensionen\\\/2014\\\/01\\\/neue-schweizer-kompositionen-2#breadcrumb\",\"itemListElement\":[{\"@type\":\"ListItem\",\"position\":1,\"name\":\"Home\",\"item\":\"https:\\\/\\\/www.musikzeitung.ch\\\/\"},{\"@type\":\"ListItem\",\"position\":2,\"name\":\"Neue Schweizer Kompositionen\"}]},{\"@type\":\"WebSite\",\"@id\":\"https:\\\/\\\/www.musikzeitung.ch\\\/#website\",\"url\":\"https:\\\/\\\/www.musikzeitung.ch\\\/\",\"name\":\"Schweizer Musikzeitung\",\"description\":\"Die f\u00fchrende sparten\u00fcbergreifende Monatszeitung in der Schweiz f\u00fcr musikalische Fragen.\",\"publisher\":{\"@id\":\"https:\\\/\\\/www.musikzeitung.ch\\\/#organization\"},\"potentialAction\":[{\"@type\":\"SearchAction\",\"target\":{\"@type\":\"EntryPoint\",\"urlTemplate\":\"https:\\\/\\\/www.musikzeitung.ch\\\/?s={search_term_string}\"},\"query-input\":{\"@type\":\"PropertyValueSpecification\",\"valueRequired\":true,\"valueName\":\"search_term_string\"}}],\"inLanguage\":\"it-IT\"},{\"@type\":\"Organization\",\"@id\":\"https:\\\/\\\/www.musikzeitung.ch\\\/#organization\",\"name\":\"Schweizer Musikzeitung\",\"url\":\"https:\\\/\\\/www.musikzeitung.ch\\\/\",\"logo\":{\"@type\":\"ImageObject\",\"inLanguage\":\"it-IT\",\"@id\":\"https:\\\/\\\/www.musikzeitung.ch\\\/#\\\/schema\\\/logo\\\/image\\\/\",\"url\":\"https:\\\/\\\/www.musikzeitung.ch\\\/wp-content\\\/uploads\\\/2023\\\/01\\\/SMZ_Schriftzug_Sprache.png\",\"contentUrl\":\"https:\\\/\\\/www.musikzeitung.ch\\\/wp-content\\\/uploads\\\/2023\\\/01\\\/SMZ_Schriftzug_Sprache.png\",\"width\":1400,\"height\":279,\"caption\":\"Schweizer Musikzeitung\"},\"image\":{\"@id\":\"https:\\\/\\\/www.musikzeitung.ch\\\/#\\\/schema\\\/logo\\\/image\\\/\"},\"sameAs\":[\"https:\\\/\\\/www.facebook.com\\\/SchweizerMusikzeitung\\\/\",\"https:\\\/\\\/x.com\\\/smusikzeitung\",\"https:\\\/\\\/www.instagram.com\\\/musikzeitung.ch\\\/\"]},{\"@type\":\"Person\",\"@id\":\"https:\\\/\\\/www.musikzeitung.ch\\\/#\\\/schema\\\/person\\\/b2fd892c800856270b9dcc6001265712\",\"name\":\"Musikzeitung-Redaktion\",\"image\":{\"@type\":\"ImageObject\",\"inLanguage\":\"it-IT\",\"@id\":\"https:\\\/\\\/www.musikzeitung.ch\\\/wp-content\\\/uploads\\\/2022\\\/05\\\/usericon_musikzeitung-96x96.jpg\",\"url\":\"https:\\\/\\\/www.musikzeitung.ch\\\/wp-content\\\/uploads\\\/2022\\\/05\\\/usericon_musikzeitung-96x96.jpg\",\"contentUrl\":\"https:\\\/\\\/www.musikzeitung.ch\\\/wp-content\\\/uploads\\\/2022\\\/05\\\/usericon_musikzeitung-96x96.jpg\",\"caption\":\"Musikzeitung-Redaktion\"},\"url\":\"https:\\\/\\\/www.musikzeitung.ch\\\/it\\\/author\\\/admin\"}]}<\/script>\n<!-- \/ Yoast SEO plugin. -->","yoast_head_json":{"title":"Neue Schweizer Kompositionen - Schweizer Musikzeitung","robots":{"index":"index","follow":"follow","max-snippet":"max-snippet:-1","max-image-preview":"max-image-preview:large","max-video-preview":"max-video-preview:-1"},"canonical":"https:\/\/www.musikzeitung.ch\/it\/rezensionen\/noten-rezensionen\/2014\/01\/neue-schweizer-kompositionen-2\/","og_locale":"it_IT","og_type":"article","og_title":"Neue Schweizer Kompositionen - Schweizer Musikzeitung","og_description":"Werke f\u00fcr Klarinette, mit oder ohne Klavier, von David Philip Hefti, Edoardo Torbianelli und Jean-Fran\u00e7ois Michel","og_url":"https:\/\/www.musikzeitung.ch\/it\/rezensionen\/noten-rezensionen\/2014\/01\/neue-schweizer-kompositionen-2\/","og_site_name":"Schweizer Musikzeitung","article_publisher":"https:\/\/www.facebook.com\/SchweizerMusikzeitung\/","article_published_time":"2014-01-06T23:00:00+00:00","article_modified_time":"2024-09-23T09:37:02+00:00","og_image":[{"width":554,"height":368,"url":"https:\/\/www.musikzeitung.ch\/wp-content\/uploads\/2023\/01\/Fotolia_55341698_XS-2.jpg","type":"image\/jpeg"}],"author":"Musikzeitung-Redaktion","twitter_card":"summary_large_image","twitter_creator":"@smusikzeitung","twitter_site":"@smusikzeitung","twitter_misc":{"Scritto da":"Musikzeitung-Redaktion","Tempo di lettura stimato":"5 minuti"},"schema":{"@context":"https:\/\/schema.org","@graph":[{"@type":"Article","@id":"https:\/\/www.musikzeitung.ch\/rezensionen\/noten-rezensionen\/2014\/01\/neue-schweizer-kompositionen-2#article","isPartOf":{"@id":"https:\/\/www.musikzeitung.ch\/rezensionen\/noten-rezensionen\/2014\/01\/neue-schweizer-kompositionen-2"},"author":{"name":"Musikzeitung-Redaktion","@id":"https:\/\/www.musikzeitung.ch\/#\/schema\/person\/b2fd892c800856270b9dcc6001265712"},"headline":"Neue Schweizer Kompositionen","datePublished":"2014-01-06T23:00:00+00:00","dateModified":"2024-09-23T09:37:02+00:00","mainEntityOfPage":{"@id":"https:\/\/www.musikzeitung.ch\/rezensionen\/noten-rezensionen\/2014\/01\/neue-schweizer-kompositionen-2"},"wordCount":647,"publisher":{"@id":"https:\/\/www.musikzeitung.ch\/#organization"},"image":{"@id":"https:\/\/www.musikzeitung.ch\/rezensionen\/noten-rezensionen\/2014\/01\/neue-schweizer-kompositionen-2#primaryimage"},"thumbnailUrl":"https:\/\/www.musikzeitung.ch\/wp-content\/uploads\/2023\/01\/Fotolia_55341698_XS-2.jpg","articleSection":["Noten","Rezensionen"],"inLanguage":"it-IT"},{"@type":"WebPage","@id":"https:\/\/www.musikzeitung.ch\/rezensionen\/noten-rezensionen\/2014\/01\/neue-schweizer-kompositionen-2","url":"https:\/\/www.musikzeitung.ch\/rezensionen\/noten-rezensionen\/2014\/01\/neue-schweizer-kompositionen-2","name":"Neue Schweizer Kompositionen - Schweizer Musikzeitung","isPartOf":{"@id":"https:\/\/www.musikzeitung.ch\/#website"},"primaryImageOfPage":{"@id":"https:\/\/www.musikzeitung.ch\/rezensionen\/noten-rezensionen\/2014\/01\/neue-schweizer-kompositionen-2#primaryimage"},"image":{"@id":"https:\/\/www.musikzeitung.ch\/rezensionen\/noten-rezensionen\/2014\/01\/neue-schweizer-kompositionen-2#primaryimage"},"thumbnailUrl":"https:\/\/www.musikzeitung.ch\/wp-content\/uploads\/2023\/01\/Fotolia_55341698_XS-2.jpg","datePublished":"2014-01-06T23:00:00+00:00","dateModified":"2024-09-23T09:37:02+00:00","breadcrumb":{"@id":"https:\/\/www.musikzeitung.ch\/rezensionen\/noten-rezensionen\/2014\/01\/neue-schweizer-kompositionen-2#breadcrumb"},"inLanguage":"it-IT","potentialAction":[{"@type":"ReadAction","target":["https:\/\/www.musikzeitung.ch\/rezensionen\/noten-rezensionen\/2014\/01\/neue-schweizer-kompositionen-2"]}]},{"@type":"ImageObject","inLanguage":"it-IT","@id":"https:\/\/www.musikzeitung.ch\/rezensionen\/noten-rezensionen\/2014\/01\/neue-schweizer-kompositionen-2#primaryimage","url":"https:\/\/www.musikzeitung.ch\/wp-content\/uploads\/2023\/01\/Fotolia_55341698_XS-2.jpg","contentUrl":"https:\/\/www.musikzeitung.ch\/wp-content\/uploads\/2023\/01\/Fotolia_55341698_XS-2.jpg","width":554,"height":368},{"@type":"BreadcrumbList","@id":"https:\/\/www.musikzeitung.ch\/rezensionen\/noten-rezensionen\/2014\/01\/neue-schweizer-kompositionen-2#breadcrumb","itemListElement":[{"@type":"ListItem","position":1,"name":"Home","item":"https:\/\/www.musikzeitung.ch\/"},{"@type":"ListItem","position":2,"name":"Neue Schweizer Kompositionen"}]},{"@type":"WebSite","@id":"https:\/\/www.musikzeitung.ch\/#website","url":"https:\/\/www.musikzeitung.ch\/","name":"Giornale musicale svizzero","description":"Il principale mensile interdisciplinare della Svizzera per le questioni musicali.","publisher":{"@id":"https:\/\/www.musikzeitung.ch\/#organization"},"potentialAction":[{"@type":"SearchAction","target":{"@type":"EntryPoint","urlTemplate":"https:\/\/www.musikzeitung.ch\/?s={search_term_string}"},"query-input":{"@type":"PropertyValueSpecification","valueRequired":true,"valueName":"search_term_string"}}],"inLanguage":"it-IT"},{"@type":"Organization","@id":"https:\/\/www.musikzeitung.ch\/#organization","name":"Giornale musicale svizzero","url":"https:\/\/www.musikzeitung.ch\/","logo":{"@type":"ImageObject","inLanguage":"it-IT","@id":"https:\/\/www.musikzeitung.ch\/#\/schema\/logo\/image\/","url":"https:\/\/www.musikzeitung.ch\/wp-content\/uploads\/2023\/01\/SMZ_Schriftzug_Sprache.png","contentUrl":"https:\/\/www.musikzeitung.ch\/wp-content\/uploads\/2023\/01\/SMZ_Schriftzug_Sprache.png","width":1400,"height":279,"caption":"Schweizer Musikzeitung"},"image":{"@id":"https:\/\/www.musikzeitung.ch\/#\/schema\/logo\/image\/"},"sameAs":["https:\/\/www.facebook.com\/SchweizerMusikzeitung\/","https:\/\/x.com\/smusikzeitung","https:\/\/www.instagram.com\/musikzeitung.ch\/"]},{"@type":"Person","@id":"https:\/\/www.musikzeitung.ch\/#\/schema\/person\/b2fd892c800856270b9dcc6001265712","name":"Redazione Musikzeitung","image":{"@type":"ImageObject","inLanguage":"it-IT","@id":"https:\/\/www.musikzeitung.ch\/wp-content\/uploads\/2022\/05\/usericon_musikzeitung-96x96.jpg","url":"https:\/\/www.musikzeitung.ch\/wp-content\/uploads\/2022\/05\/usericon_musikzeitung-96x96.jpg","contentUrl":"https:\/\/www.musikzeitung.ch\/wp-content\/uploads\/2022\/05\/usericon_musikzeitung-96x96.jpg","caption":"Musikzeitung-Redaktion"},"url":"https:\/\/www.musikzeitung.ch\/it\/author\/admin"}]}},"publishpress_future_workflow_manual_trigger":{"enabledWorkflows":[]},"_links":{"self":[{"href":"https:\/\/www.musikzeitung.ch\/it\/wp-json\/wp\/v2\/posts\/7780","targetHints":{"allow":["GET"]}}],"collection":[{"href":"https:\/\/www.musikzeitung.ch\/it\/wp-json\/wp\/v2\/posts"}],"about":[{"href":"https:\/\/www.musikzeitung.ch\/it\/wp-json\/wp\/v2\/types\/post"}],"author":[{"embeddable":true,"href":"https:\/\/www.musikzeitung.ch\/it\/wp-json\/wp\/v2\/users\/1"}],"replies":[{"embeddable":true,"href":"https:\/\/www.musikzeitung.ch\/it\/wp-json\/wp\/v2\/comments?post=7780"}],"version-history":[{"count":2,"href":"https:\/\/www.musikzeitung.ch\/it\/wp-json\/wp\/v2\/posts\/7780\/revisions"}],"predecessor-version":[{"id":58369,"href":"https:\/\/www.musikzeitung.ch\/it\/wp-json\/wp\/v2\/posts\/7780\/revisions\/58369"}],"wp:featuredmedia":[{"embeddable":true,"href":"https:\/\/www.musikzeitung.ch\/it\/wp-json\/wp\/v2\/media\/7781"}],"wp:attachment":[{"href":"https:\/\/www.musikzeitung.ch\/it\/wp-json\/wp\/v2\/media?parent=7780"}],"wp:term":[{"taxonomy":"category","embeddable":true,"href":"https:\/\/www.musikzeitung.ch\/it\/wp-json\/wp\/v2\/categories?post=7780"},{"taxonomy":"post_tag","embeddable":true,"href":"https:\/\/www.musikzeitung.ch\/it\/wp-json\/wp\/v2\/tags?post=7780"}],"curies":[{"name":"wp","href":"https:\/\/api.w.org\/{rel}","templated":true}]}}