{"id":7837,"date":"2013-09-29T00:00:00","date_gmt":"2013-09-28T23:00:00","guid":{"rendered":"https:\/\/www.musikzeitung.ch\/allgemein\/7837\/"},"modified":"2024-09-23T10:49:12","modified_gmt":"2024-09-23T08:49:12","slug":"7837","status":"publish","type":"post","link":"https:\/\/www.musikzeitung.ch\/it\/rezensionen\/noten-rezensionen\/2013\/09\/7837","title":{"rendered":"Furto a tema allegro"},"content":{"rendered":"<figure id=\"attachment_58339\" aria-describedby=\"caption-attachment-58339\" style=\"width: 1664px\" class=\"wp-caption alignnone\"><img loading=\"lazy\" decoding=\"async\" class=\"wp-image-58339 size-full\" src=\"https:\/\/www.musikzeitung.ch\/wp-content\/uploads\/2013\/09\/CH-NB_-_Grafiken_Orts-_und_Landschaftsansichten_-_GS-GRAF-ANSI-AG-28.tif.jpg\" alt=\"\" width=\"1664\" height=\"1213\" srcset=\"https:\/\/www.musikzeitung.ch\/wp-content\/uploads\/2013\/09\/CH-NB_-_Grafiken_Orts-_und_Landschaftsansichten_-_GS-GRAF-ANSI-AG-28.tif.jpg 1372w, https:\/\/www.musikzeitung.ch\/wp-content\/uploads\/2013\/09\/CH-NB_-_Grafiken_Orts-_und_Landschaftsansichten_-_GS-GRAF-ANSI-AG-28.tif-300x219.jpg 300w, https:\/\/www.musikzeitung.ch\/wp-content\/uploads\/2013\/09\/CH-NB_-_Grafiken_Orts-_und_Landschaftsansichten_-_GS-GRAF-ANSI-AG-28.tif-1024x746.jpg 1024w, https:\/\/www.musikzeitung.ch\/wp-content\/uploads\/2013\/09\/CH-NB_-_Grafiken_Orts-_und_Landschaftsansichten_-_GS-GRAF-ANSI-AG-28.tif-768x560.jpg 768w, https:\/\/www.musikzeitung.ch\/wp-content\/uploads\/2013\/09\/CH-NB_-_Grafiken_Orts-_und_Landschaftsansichten_-_GS-GRAF-ANSI-AG-28.tif-1536x1120.jpg 1536w, https:\/\/www.musikzeitung.ch\/wp-content\/uploads\/2013\/09\/CH-NB_-_Grafiken_Orts-_und_Landschaftsansichten_-_GS-GRAF-ANSI-AG-28.tif-16x12.jpg 16w, https:\/\/www.musikzeitung.ch\/wp-content\/uploads\/2013\/09\/CH-NB_-_Grafiken_Orts-_und_Landschaftsansichten_-_GS-GRAF-ANSI-AG-28.tif-240x175.jpg 240w, https:\/\/www.musikzeitung.ch\/wp-content\/uploads\/2013\/09\/CH-NB_-_Grafiken_Orts-_und_Landschaftsansichten_-_GS-GRAF-ANSI-AG-28.tif-480x350.jpg 480w, https:\/\/www.musikzeitung.ch\/wp-content\/uploads\/2013\/09\/CH-NB_-_Grafiken_Orts-_und_Landschaftsansichten_-_GS-GRAF-ANSI-AG-28.tif-1097x800.jpg 1097w, https:\/\/www.musikzeitung.ch\/wp-content\/uploads\/2013\/09\/CH-NB_-_Grafiken_Orts-_und_Landschaftsansichten_-_GS-GRAF-ANSI-AG-28.tif-920x671.jpg 920w, https:\/\/www.musikzeitung.ch\/wp-content\/uploads\/2013\/09\/CH-NB_-_Grafiken_Orts-_und_Landschaftsansichten_-_GS-GRAF-ANSI-AG-28.tif-1400x1021.jpg 1400w\" sizes=\"auto, (max-width: 1664px) 100vw, 1664px\" \/><figcaption id=\"caption-attachment-58339\" class=\"wp-caption-text\">La citt\u00e0 natale di Fr\u00f6hlich, Brugg, negli anni Venti del XIX secolo. Fonte: <a href=\"https:\/\/commons.wikimedia.org\/wiki\/File:CH-NB_-_Grafiken_Orts-_und_Landschaftsansichten_-_GS-GRAF-ANSI-AG-28.tif?page=1&amp;uselang=de\" target=\"_blank\" rel=\"noopener\">Biblioteca nazionale svizzera\/wikimedia commons<\/a><\/figcaption><\/figure>\n<div class=\"text-section\">\n<p>Mentre Norbert Burgm\u00fcller (1810-1836), che mor\u00ec nello stesso anno, ha vissuto nel <em>Monumenti della musica renana <\/em>Mentre siamo in buone mani con l'edizione completa dei suoi quattro quartetti per archi, l'argoviese Friedrich Theodor Fr\u00f6hlich (1803-1836) ha ancora qualche difficolt\u00e0 in questo senso. Dei cinque contributi al genere, che sono tra le sue principali opere strumentali, solo il Quartetto in mi maggiore, scritto a Berlino nel 1827\/28, \u00e8 disponibile a stampa. \u00c8 stato editato dall'autografo e corredato da una prefazione di Carola Gloor, studentessa di musica e violoncellista di Bruges. La sua tesi di maturit\u00e0 dedicata a Fr\u00f6hlich le \u00e8 valsa il premio speciale con la valutazione \"eccezionale\". <em>La giovent\u00f9 svizzera nella scienza: la cultura<\/em> del 47\u00b0 Concorso Nazionale dopo aver rivisto il testo con l'esperto di quartetto d'archi Antonio Baldassare.<\/p>\n<p>La prima edizione (partitura e parti), pubblicata in soli 280 esemplari, si basa sulla trascrizione di Carola Gloor del manoscritto di Fr\u00f6hlich utilizzando il programma di notazione musicale Sibelius. Pubblicata nella nota qualit\u00e0 incisoria di Amadeus Verlag, gestito dal violista Bernhard P\u00e4uler, l'opera in quattro movimenti rappresenta un significativo arricchimento del repertorio quartettistico del primo romanticismo.<\/p>\n<p>Se Fr\u00f6hlich avesse presentato quest'opera ai suoi insegnanti berlinesi Karl Friedrich Zelter e Bernhard Klein, difficilmente avrebbero approvato le sue numerose idiosincrasie. Tuttavia, esse aumentano considerevolmente il fascino di questa composizione formalmente e tonalmente anticonvenzionale. Sebbene non contenga una sezione di sviluppo, il primo movimento \u00e8 in forma di sonata. Nell'Adagio, ritmi complicati e sestine diversamente fraseggiate complicano l'interazione. Il finale particolarmente fantasioso, scritto in forma di rond\u00f2 libero, cita per lunghi tratti il primo movimento e sorprende con inserimenti di tipo recitativo e un efficace fugato.<\/p>\n<p>A quanto pare, l'editore e il suo consulente accademico non si sono resi conto che il dolcemente ondeggiante tema principale del primo movimento in tempo di sei ottavi non \u00e8 un'invenzione di Fr\u00f6hlich. Proviene dalla Sonata per pianoforte in mi maggiore op. 6 di Felix Mendelssohn Bartholdy, pubblicata per la prima volta nel 1826. Lo stesso compositore, che Fr\u00f6hlich apprezzava pi\u00f9 di quanto riuscisse a contattare a Berlino, ha lasciato la sua impronta anche nello Scherzo. La combinazione di lunghe catene di semicrome con crome di accompagnamento staccate nel registro inferiore si trova gi\u00e0 nel suo Capriccio in fa diesis minore op. 5 per pianoforte, stampato nel 1826.<\/p>\n<p>Quello che \u00e8 stato a lungo conosciuto come il fenomeno di Fr\u00f6hlich <em>Missa I <\/em>si rivel\u00f2 un giorno una copia solo leggermente modificata di una messa di Johann Gottlieb Naumann (1741-1801). Ancora una volta, Fr\u00f6hlich si distingue come un allegro plagiatore, anche se questo non sminuisce in alcun modo il valore dell'opera nel suo complesso per quanto riguarda il breve tema principale del quartetto d'archi.<\/p>\n<\/div>\n<div class=\"text-section\">\n<dl class=\"picture media photo\">\n<dt><img decoding=\"async\" class=\"media photo aligncenter\" src=\"https:\/\/www.musikzeitung.ch\/wp-content\/uploads\/2023\/01\/Froehklein.jpg\" alt=\"Image \" \/><\/dt>\n<\/dl>\n<\/div>\n<div class=\"text-section\">\n<p><em>Friedrich Theodor Fr\u00f6hlich: Quartetto per archi in mi maggiore, a cura di Carola Gloor, BP 1842, Fr.68.00, Amadeus Verlag, Winterthur 2012<\/em><\/p>\n<\/div>","protected":false},"excerpt":{"rendered":"<p><strong>Un quartetto d'archi del compositore romantico svizzero Friedrich Theodor Fr\u00f6hlich viene stampato per la prima volta.<\/strong><\/p>","protected":false},"author":1,"featured_media":58339,"comment_status":"closed","ping_status":"closed","sticky":false,"template":"","format":"standard","meta":{"_acf_changed":false,"_relevanssi_hide_post":"","_relevanssi_hide_content":"","_relevanssi_pin_for_all":"","_relevanssi_pin_keywords":"","_relevanssi_unpin_keywords":"","_relevanssi_related_keywords":"","_relevanssi_related_include_ids":"","_relevanssi_related_exclude_ids":"","_relevanssi_related_no_append":"","_relevanssi_related_not_related":"","_relevanssi_related_posts":"","_relevanssi_noindex_reason":"","pgc_sgb_lightbox_settings":"","footnotes":""},"categories":[1316,29],"tags":[],"class_list":["post-7837","post","type-post","status-publish","format-standard","has-post-thumbnail","hentry","category-noten-rezensionen","category-rezensionen"],"acf":[],"yoast_head":"<!-- This site is optimized with the Yoast SEO plugin v27.4 - https:\/\/yoast.com\/product\/yoast-seo-wordpress\/ -->\n<title>Fr\u00f6hlicher Themenklau - Schweizer Musikzeitung<\/title>\n<meta name=\"robots\" content=\"index, follow, max-snippet:-1, max-image-preview:large, max-video-preview:-1\" \/>\n<link rel=\"canonical\" href=\"https:\/\/www.musikzeitung.ch\/it\/rezensionen\/noten-rezensionen\/2013\/09\/7837\/\" \/>\n<meta property=\"og:locale\" content=\"it_IT\" \/>\n<meta property=\"og:type\" content=\"article\" \/>\n<meta property=\"og:title\" content=\"Fr\u00f6hlicher Themenklau - Schweizer Musikzeitung\" \/>\n<meta property=\"og:description\" content=\"Erstmals erscheint ein Streichquartett des Schweizer Romantikers Friedrich Theodor Fr\u00f6hlich im Druck.\" \/>\n<meta property=\"og:url\" content=\"https:\/\/www.musikzeitung.ch\/it\/rezensionen\/noten-rezensionen\/2013\/09\/7837\/\" \/>\n<meta property=\"og:site_name\" content=\"Schweizer Musikzeitung\" \/>\n<meta property=\"article:publisher\" content=\"https:\/\/www.facebook.com\/SchweizerMusikzeitung\/\" \/>\n<meta property=\"article:published_time\" content=\"2013-09-28T23:00:00+00:00\" \/>\n<meta property=\"article:modified_time\" content=\"2024-09-23T08:49:12+00:00\" \/>\n<meta property=\"og:image\" content=\"https:\/\/www.musikzeitung.ch\/wp-content\/uploads\/2013\/09\/CH-NB_-_Grafiken_Orts-_und_Landschaftsansichten_-_GS-GRAF-ANSI-AG-28.tif.jpg\" \/>\n\t<meta property=\"og:image:width\" content=\"1372\" \/>\n\t<meta property=\"og:image:height\" content=\"1000\" \/>\n\t<meta property=\"og:image:type\" content=\"image\/jpeg\" \/>\n<meta name=\"author\" content=\"Musikzeitung-Redaktion\" \/>\n<meta name=\"twitter:card\" content=\"summary_large_image\" \/>\n<meta name=\"twitter:creator\" content=\"@smusikzeitung\" \/>\n<meta name=\"twitter:site\" content=\"@smusikzeitung\" \/>\n<meta name=\"twitter:label1\" content=\"Scritto da\" \/>\n\t<meta name=\"twitter:data1\" content=\"Musikzeitung-Redaktion\" \/>\n\t<meta name=\"twitter:label2\" content=\"Tempo di lettura stimato\" \/>\n\t<meta name=\"twitter:data2\" content=\"3 minuti\" \/>\n<script type=\"application\/ld+json\" class=\"yoast-schema-graph\">{\"@context\":\"https:\\\/\\\/schema.org\",\"@graph\":[{\"@type\":\"Article\",\"@id\":\"https:\\\/\\\/www.musikzeitung.ch\\\/rezensionen\\\/noten-rezensionen\\\/2013\\\/09\\\/7837#article\",\"isPartOf\":{\"@id\":\"https:\\\/\\\/www.musikzeitung.ch\\\/rezensionen\\\/noten-rezensionen\\\/2013\\\/09\\\/7837\"},\"author\":{\"name\":\"Musikzeitung-Redaktion\",\"@id\":\"https:\\\/\\\/www.musikzeitung.ch\\\/#\\\/schema\\\/person\\\/b2fd892c800856270b9dcc6001265712\"},\"headline\":\"Fr\u00f6hlicher Themenklau\",\"datePublished\":\"2013-09-28T23:00:00+00:00\",\"dateModified\":\"2024-09-23T08:49:12+00:00\",\"mainEntityOfPage\":{\"@id\":\"https:\\\/\\\/www.musikzeitung.ch\\\/rezensionen\\\/noten-rezensionen\\\/2013\\\/09\\\/7837\"},\"wordCount\":425,\"publisher\":{\"@id\":\"https:\\\/\\\/www.musikzeitung.ch\\\/#organization\"},\"image\":{\"@id\":\"https:\\\/\\\/www.musikzeitung.ch\\\/rezensionen\\\/noten-rezensionen\\\/2013\\\/09\\\/7837#primaryimage\"},\"thumbnailUrl\":\"https:\\\/\\\/www.musikzeitung.ch\\\/wp-content\\\/uploads\\\/2013\\\/09\\\/CH-NB_-_Grafiken_Orts-_und_Landschaftsansichten_-_GS-GRAF-ANSI-AG-28.tif.jpg\",\"articleSection\":[\"Noten\",\"Rezensionen\"],\"inLanguage\":\"it-IT\"},{\"@type\":\"WebPage\",\"@id\":\"https:\\\/\\\/www.musikzeitung.ch\\\/rezensionen\\\/noten-rezensionen\\\/2013\\\/09\\\/7837\",\"url\":\"https:\\\/\\\/www.musikzeitung.ch\\\/rezensionen\\\/noten-rezensionen\\\/2013\\\/09\\\/7837\",\"name\":\"Fr\u00f6hlicher Themenklau - Schweizer Musikzeitung\",\"isPartOf\":{\"@id\":\"https:\\\/\\\/www.musikzeitung.ch\\\/#website\"},\"primaryImageOfPage\":{\"@id\":\"https:\\\/\\\/www.musikzeitung.ch\\\/rezensionen\\\/noten-rezensionen\\\/2013\\\/09\\\/7837#primaryimage\"},\"image\":{\"@id\":\"https:\\\/\\\/www.musikzeitung.ch\\\/rezensionen\\\/noten-rezensionen\\\/2013\\\/09\\\/7837#primaryimage\"},\"thumbnailUrl\":\"https:\\\/\\\/www.musikzeitung.ch\\\/wp-content\\\/uploads\\\/2013\\\/09\\\/CH-NB_-_Grafiken_Orts-_und_Landschaftsansichten_-_GS-GRAF-ANSI-AG-28.tif.jpg\",\"datePublished\":\"2013-09-28T23:00:00+00:00\",\"dateModified\":\"2024-09-23T08:49:12+00:00\",\"breadcrumb\":{\"@id\":\"https:\\\/\\\/www.musikzeitung.ch\\\/rezensionen\\\/noten-rezensionen\\\/2013\\\/09\\\/7837#breadcrumb\"},\"inLanguage\":\"it-IT\",\"potentialAction\":[{\"@type\":\"ReadAction\",\"target\":[\"https:\\\/\\\/www.musikzeitung.ch\\\/rezensionen\\\/noten-rezensionen\\\/2013\\\/09\\\/7837\"]}]},{\"@type\":\"ImageObject\",\"inLanguage\":\"it-IT\",\"@id\":\"https:\\\/\\\/www.musikzeitung.ch\\\/rezensionen\\\/noten-rezensionen\\\/2013\\\/09\\\/7837#primaryimage\",\"url\":\"https:\\\/\\\/www.musikzeitung.ch\\\/wp-content\\\/uploads\\\/2013\\\/09\\\/CH-NB_-_Grafiken_Orts-_und_Landschaftsansichten_-_GS-GRAF-ANSI-AG-28.tif.jpg\",\"contentUrl\":\"https:\\\/\\\/www.musikzeitung.ch\\\/wp-content\\\/uploads\\\/2013\\\/09\\\/CH-NB_-_Grafiken_Orts-_und_Landschaftsansichten_-_GS-GRAF-ANSI-AG-28.tif.jpg\",\"width\":1372,\"height\":1000},{\"@type\":\"BreadcrumbList\",\"@id\":\"https:\\\/\\\/www.musikzeitung.ch\\\/rezensionen\\\/noten-rezensionen\\\/2013\\\/09\\\/7837#breadcrumb\",\"itemListElement\":[{\"@type\":\"ListItem\",\"position\":1,\"name\":\"Home\",\"item\":\"https:\\\/\\\/www.musikzeitung.ch\\\/\"},{\"@type\":\"ListItem\",\"position\":2,\"name\":\"Fr\u00f6hlicher Themenklau\"}]},{\"@type\":\"WebSite\",\"@id\":\"https:\\\/\\\/www.musikzeitung.ch\\\/#website\",\"url\":\"https:\\\/\\\/www.musikzeitung.ch\\\/\",\"name\":\"Schweizer Musikzeitung\",\"description\":\"Die f\u00fchrende sparten\u00fcbergreifende Monatszeitung in der Schweiz f\u00fcr musikalische Fragen.\",\"publisher\":{\"@id\":\"https:\\\/\\\/www.musikzeitung.ch\\\/#organization\"},\"potentialAction\":[{\"@type\":\"SearchAction\",\"target\":{\"@type\":\"EntryPoint\",\"urlTemplate\":\"https:\\\/\\\/www.musikzeitung.ch\\\/?s={search_term_string}\"},\"query-input\":{\"@type\":\"PropertyValueSpecification\",\"valueRequired\":true,\"valueName\":\"search_term_string\"}}],\"inLanguage\":\"it-IT\"},{\"@type\":\"Organization\",\"@id\":\"https:\\\/\\\/www.musikzeitung.ch\\\/#organization\",\"name\":\"Schweizer Musikzeitung\",\"url\":\"https:\\\/\\\/www.musikzeitung.ch\\\/\",\"logo\":{\"@type\":\"ImageObject\",\"inLanguage\":\"it-IT\",\"@id\":\"https:\\\/\\\/www.musikzeitung.ch\\\/#\\\/schema\\\/logo\\\/image\\\/\",\"url\":\"https:\\\/\\\/www.musikzeitung.ch\\\/wp-content\\\/uploads\\\/2023\\\/01\\\/SMZ_Schriftzug_Sprache.png\",\"contentUrl\":\"https:\\\/\\\/www.musikzeitung.ch\\\/wp-content\\\/uploads\\\/2023\\\/01\\\/SMZ_Schriftzug_Sprache.png\",\"width\":1400,\"height\":279,\"caption\":\"Schweizer Musikzeitung\"},\"image\":{\"@id\":\"https:\\\/\\\/www.musikzeitung.ch\\\/#\\\/schema\\\/logo\\\/image\\\/\"},\"sameAs\":[\"https:\\\/\\\/www.facebook.com\\\/SchweizerMusikzeitung\\\/\",\"https:\\\/\\\/x.com\\\/smusikzeitung\",\"https:\\\/\\\/www.instagram.com\\\/musikzeitung.ch\\\/\"]},{\"@type\":\"Person\",\"@id\":\"https:\\\/\\\/www.musikzeitung.ch\\\/#\\\/schema\\\/person\\\/b2fd892c800856270b9dcc6001265712\",\"name\":\"Musikzeitung-Redaktion\",\"image\":{\"@type\":\"ImageObject\",\"inLanguage\":\"it-IT\",\"@id\":\"https:\\\/\\\/www.musikzeitung.ch\\\/wp-content\\\/uploads\\\/2022\\\/05\\\/usericon_musikzeitung-96x96.jpg\",\"url\":\"https:\\\/\\\/www.musikzeitung.ch\\\/wp-content\\\/uploads\\\/2022\\\/05\\\/usericon_musikzeitung-96x96.jpg\",\"contentUrl\":\"https:\\\/\\\/www.musikzeitung.ch\\\/wp-content\\\/uploads\\\/2022\\\/05\\\/usericon_musikzeitung-96x96.jpg\",\"caption\":\"Musikzeitung-Redaktion\"},\"url\":\"https:\\\/\\\/www.musikzeitung.ch\\\/it\\\/author\\\/admin\"}]}<\/script>\n<!-- \/ Yoast SEO plugin. -->","yoast_head_json":{"title":"Furto del tema allegro - Schweizer Musikzeitung","robots":{"index":"index","follow":"follow","max-snippet":"max-snippet:-1","max-image-preview":"max-image-preview:large","max-video-preview":"max-video-preview:-1"},"canonical":"https:\/\/www.musikzeitung.ch\/it\/rezensionen\/noten-rezensionen\/2013\/09\/7837\/","og_locale":"it_IT","og_type":"article","og_title":"Fr\u00f6hlicher Themenklau - Schweizer Musikzeitung","og_description":"Erstmals erscheint ein Streichquartett des Schweizer Romantikers Friedrich Theodor Fr\u00f6hlich im Druck.","og_url":"https:\/\/www.musikzeitung.ch\/it\/rezensionen\/noten-rezensionen\/2013\/09\/7837\/","og_site_name":"Schweizer Musikzeitung","article_publisher":"https:\/\/www.facebook.com\/SchweizerMusikzeitung\/","article_published_time":"2013-09-28T23:00:00+00:00","article_modified_time":"2024-09-23T08:49:12+00:00","og_image":[{"width":1372,"height":1000,"url":"https:\/\/www.musikzeitung.ch\/wp-content\/uploads\/2013\/09\/CH-NB_-_Grafiken_Orts-_und_Landschaftsansichten_-_GS-GRAF-ANSI-AG-28.tif.jpg","type":"image\/jpeg"}],"author":"Musikzeitung-Redaktion","twitter_card":"summary_large_image","twitter_creator":"@smusikzeitung","twitter_site":"@smusikzeitung","twitter_misc":{"Scritto da":"Musikzeitung-Redaktion","Tempo di lettura stimato":"3 minuti"},"schema":{"@context":"https:\/\/schema.org","@graph":[{"@type":"Article","@id":"https:\/\/www.musikzeitung.ch\/rezensionen\/noten-rezensionen\/2013\/09\/7837#article","isPartOf":{"@id":"https:\/\/www.musikzeitung.ch\/rezensionen\/noten-rezensionen\/2013\/09\/7837"},"author":{"name":"Musikzeitung-Redaktion","@id":"https:\/\/www.musikzeitung.ch\/#\/schema\/person\/b2fd892c800856270b9dcc6001265712"},"headline":"Fr\u00f6hlicher Themenklau","datePublished":"2013-09-28T23:00:00+00:00","dateModified":"2024-09-23T08:49:12+00:00","mainEntityOfPage":{"@id":"https:\/\/www.musikzeitung.ch\/rezensionen\/noten-rezensionen\/2013\/09\/7837"},"wordCount":425,"publisher":{"@id":"https:\/\/www.musikzeitung.ch\/#organization"},"image":{"@id":"https:\/\/www.musikzeitung.ch\/rezensionen\/noten-rezensionen\/2013\/09\/7837#primaryimage"},"thumbnailUrl":"https:\/\/www.musikzeitung.ch\/wp-content\/uploads\/2013\/09\/CH-NB_-_Grafiken_Orts-_und_Landschaftsansichten_-_GS-GRAF-ANSI-AG-28.tif.jpg","articleSection":["Noten","Rezensionen"],"inLanguage":"it-IT"},{"@type":"WebPage","@id":"https:\/\/www.musikzeitung.ch\/rezensionen\/noten-rezensionen\/2013\/09\/7837","url":"https:\/\/www.musikzeitung.ch\/rezensionen\/noten-rezensionen\/2013\/09\/7837","name":"Furto del tema allegro - Schweizer Musikzeitung","isPartOf":{"@id":"https:\/\/www.musikzeitung.ch\/#website"},"primaryImageOfPage":{"@id":"https:\/\/www.musikzeitung.ch\/rezensionen\/noten-rezensionen\/2013\/09\/7837#primaryimage"},"image":{"@id":"https:\/\/www.musikzeitung.ch\/rezensionen\/noten-rezensionen\/2013\/09\/7837#primaryimage"},"thumbnailUrl":"https:\/\/www.musikzeitung.ch\/wp-content\/uploads\/2013\/09\/CH-NB_-_Grafiken_Orts-_und_Landschaftsansichten_-_GS-GRAF-ANSI-AG-28.tif.jpg","datePublished":"2013-09-28T23:00:00+00:00","dateModified":"2024-09-23T08:49:12+00:00","breadcrumb":{"@id":"https:\/\/www.musikzeitung.ch\/rezensionen\/noten-rezensionen\/2013\/09\/7837#breadcrumb"},"inLanguage":"it-IT","potentialAction":[{"@type":"ReadAction","target":["https:\/\/www.musikzeitung.ch\/rezensionen\/noten-rezensionen\/2013\/09\/7837"]}]},{"@type":"ImageObject","inLanguage":"it-IT","@id":"https:\/\/www.musikzeitung.ch\/rezensionen\/noten-rezensionen\/2013\/09\/7837#primaryimage","url":"https:\/\/www.musikzeitung.ch\/wp-content\/uploads\/2013\/09\/CH-NB_-_Grafiken_Orts-_und_Landschaftsansichten_-_GS-GRAF-ANSI-AG-28.tif.jpg","contentUrl":"https:\/\/www.musikzeitung.ch\/wp-content\/uploads\/2013\/09\/CH-NB_-_Grafiken_Orts-_und_Landschaftsansichten_-_GS-GRAF-ANSI-AG-28.tif.jpg","width":1372,"height":1000},{"@type":"BreadcrumbList","@id":"https:\/\/www.musikzeitung.ch\/rezensionen\/noten-rezensionen\/2013\/09\/7837#breadcrumb","itemListElement":[{"@type":"ListItem","position":1,"name":"Home","item":"https:\/\/www.musikzeitung.ch\/"},{"@type":"ListItem","position":2,"name":"Fr\u00f6hlicher Themenklau"}]},{"@type":"WebSite","@id":"https:\/\/www.musikzeitung.ch\/#website","url":"https:\/\/www.musikzeitung.ch\/","name":"Giornale musicale svizzero","description":"Il principale mensile interdisciplinare della Svizzera per le questioni musicali.","publisher":{"@id":"https:\/\/www.musikzeitung.ch\/#organization"},"potentialAction":[{"@type":"SearchAction","target":{"@type":"EntryPoint","urlTemplate":"https:\/\/www.musikzeitung.ch\/?s={search_term_string}"},"query-input":{"@type":"PropertyValueSpecification","valueRequired":true,"valueName":"search_term_string"}}],"inLanguage":"it-IT"},{"@type":"Organization","@id":"https:\/\/www.musikzeitung.ch\/#organization","name":"Giornale musicale svizzero","url":"https:\/\/www.musikzeitung.ch\/","logo":{"@type":"ImageObject","inLanguage":"it-IT","@id":"https:\/\/www.musikzeitung.ch\/#\/schema\/logo\/image\/","url":"https:\/\/www.musikzeitung.ch\/wp-content\/uploads\/2023\/01\/SMZ_Schriftzug_Sprache.png","contentUrl":"https:\/\/www.musikzeitung.ch\/wp-content\/uploads\/2023\/01\/SMZ_Schriftzug_Sprache.png","width":1400,"height":279,"caption":"Schweizer Musikzeitung"},"image":{"@id":"https:\/\/www.musikzeitung.ch\/#\/schema\/logo\/image\/"},"sameAs":["https:\/\/www.facebook.com\/SchweizerMusikzeitung\/","https:\/\/x.com\/smusikzeitung","https:\/\/www.instagram.com\/musikzeitung.ch\/"]},{"@type":"Person","@id":"https:\/\/www.musikzeitung.ch\/#\/schema\/person\/b2fd892c800856270b9dcc6001265712","name":"Redazione Musikzeitung","image":{"@type":"ImageObject","inLanguage":"it-IT","@id":"https:\/\/www.musikzeitung.ch\/wp-content\/uploads\/2022\/05\/usericon_musikzeitung-96x96.jpg","url":"https:\/\/www.musikzeitung.ch\/wp-content\/uploads\/2022\/05\/usericon_musikzeitung-96x96.jpg","contentUrl":"https:\/\/www.musikzeitung.ch\/wp-content\/uploads\/2022\/05\/usericon_musikzeitung-96x96.jpg","caption":"Musikzeitung-Redaktion"},"url":"https:\/\/www.musikzeitung.ch\/it\/author\/admin"}]}},"publishpress_future_workflow_manual_trigger":{"enabledWorkflows":[]},"_links":{"self":[{"href":"https:\/\/www.musikzeitung.ch\/it\/wp-json\/wp\/v2\/posts\/7837","targetHints":{"allow":["GET"]}}],"collection":[{"href":"https:\/\/www.musikzeitung.ch\/it\/wp-json\/wp\/v2\/posts"}],"about":[{"href":"https:\/\/www.musikzeitung.ch\/it\/wp-json\/wp\/v2\/types\/post"}],"author":[{"embeddable":true,"href":"https:\/\/www.musikzeitung.ch\/it\/wp-json\/wp\/v2\/users\/1"}],"replies":[{"embeddable":true,"href":"https:\/\/www.musikzeitung.ch\/it\/wp-json\/wp\/v2\/comments?post=7837"}],"version-history":[{"count":3,"href":"https:\/\/www.musikzeitung.ch\/it\/wp-json\/wp\/v2\/posts\/7837\/revisions"}],"predecessor-version":[{"id":58340,"href":"https:\/\/www.musikzeitung.ch\/it\/wp-json\/wp\/v2\/posts\/7837\/revisions\/58340"}],"wp:featuredmedia":[{"embeddable":true,"href":"https:\/\/www.musikzeitung.ch\/it\/wp-json\/wp\/v2\/media\/58339"}],"wp:attachment":[{"href":"https:\/\/www.musikzeitung.ch\/it\/wp-json\/wp\/v2\/media?parent=7837"}],"wp:term":[{"taxonomy":"category","embeddable":true,"href":"https:\/\/www.musikzeitung.ch\/it\/wp-json\/wp\/v2\/categories?post=7837"},{"taxonomy":"post_tag","embeddable":true,"href":"https:\/\/www.musikzeitung.ch\/it\/wp-json\/wp\/v2\/tags?post=7837"}],"curies":[{"name":"wp","href":"https:\/\/api.w.org\/{rel}","templated":true}]}}