{"id":7864,"date":"2013-09-04T00:00:00","date_gmt":"2013-09-03T23:00:00","guid":{"rendered":"https:\/\/www.musikzeitung.ch\/allgemein\/blick-in-faures-werkstatt-2\/"},"modified":"2024-09-18T15:33:13","modified_gmt":"2024-09-18T13:33:13","slug":"blick-in-faures-werkstatt-2","status":"publish","type":"post","link":"https:\/\/www.musikzeitung.ch\/it\/rezensionen\/noten-rezensionen\/2013\/09\/blick-in-faures-werkstatt-2","title":{"rendered":"Uno sguardo all'interno del laboratorio di Faur\u00e9"},"content":{"rendered":"<figure style=\"width: 554px\" class=\"wp-caption alignnone\"><img loading=\"lazy\" decoding=\"async\" src=\"https:\/\/www.musikzeitung.ch\/wp-content\/uploads\/2023\/01\/FaureGemaelde-2.jpg\" alt=\"\" width=\"554\" height=\"412\" \/><figcaption class=\"wp-caption-text\">Gabriel Faur\u00e9, dipinto a olio di Ernest Joseph Laurent. Fonte: wikimedia commons<\/figcaption><\/figure>\n<div class=\"text-section\">\n<p>Camille Saint-Sa\u00ebns, di mezza generazione pi\u00f9 anziano, aveva ragione a lodare con effusione la prima sonata per violino di Faur\u00e9, pubblicata nel 1877: \"... e su tutto aleggia una magia ... che fa s\u00ec che la massa degli ascoltatori comuni accetti l'audacia pi\u00f9 selvaggia come una cosa del tutto normale ...\". \u00c8 all'avanguardia nel repertorio concertistico. Faur\u00e9 era stato nominato segretario della Soci\u00e9t\u00e9 nationale de musique nel 1774, che si era dedicata al \"renouveau\" della vita musicale francese in concorrenza con la musica strumentale tedesca. Lo afferma, tra l'altro, l'interessante prefazione a questa nuova edizione. L'Urtext di Henle mette a confronto la prima edizione di Breitkopf &amp; H\u00e4rtel con gli schizzi autografi e sottolinea le differenze nelle legature e nelle dinamiche da tenere in considerazione quando si lavora sull'opera; \u00e8 uno sguardo all'interno del laboratorio di Faur\u00e9. Oltre alla parte per violino dell'Urtext, \u00e8 disponibile anche un arrangiamento di Igor Ozim. Ozim cerca i colori giusti delle corde e adatta i colpi d'arco alle dinamiche. A volte utilizza un accurato cambio di corde per ottenere intervalli emozionanti che avrebbero un effetto pi\u00f9 espressivo su una sola corda.<img decoding=\"async\" class=\"media photo aligncenter\" src=\"https:\/\/www.musikzeitung.ch\/wp-content\/uploads\/2023\/01\/Faure-Sonate-2.jpg\" alt=\"Image \" \/><\/p>\n<\/div>\n<div class=\"text-section\">\n<p><em>Gabriel Faur\u00e9: <\/em><em>Sonata n. 1 in la maggiore op. 13, Urtext a cura di Fabian Kolb, con parte aggiuntiva marcata per violino di Igor Ozim, partitura e parti, HN 980, \u20ac 21,00, G. Henle Verlag, Monaco 2012<\/em><\/p>\n<\/div>","protected":false},"excerpt":{"rendered":"<p><strong>Recensione: Una nuova edizione della Sonata per violino op. 13 permette di prendere le proprie decisioni in merito a legatura e dinamica. <\/strong><\/p>","protected":false},"author":1,"featured_media":7865,"comment_status":"closed","ping_status":"closed","sticky":false,"template":"","format":"standard","meta":{"_acf_changed":false,"_relevanssi_hide_post":"","_relevanssi_hide_content":"","_relevanssi_pin_for_all":"","_relevanssi_pin_keywords":"","_relevanssi_unpin_keywords":"","_relevanssi_related_keywords":"","_relevanssi_related_include_ids":"","_relevanssi_related_exclude_ids":"","_relevanssi_related_no_append":"","_relevanssi_related_not_related":"","_relevanssi_related_posts":"","_relevanssi_noindex_reason":"","pgc_sgb_lightbox_settings":"","footnotes":""},"categories":[1316,29],"tags":[],"class_list":["post-7864","post","type-post","status-publish","format-standard","has-post-thumbnail","hentry","category-noten-rezensionen","category-rezensionen"],"acf":[],"yoast_head":"<!-- This site is optimized with the Yoast SEO plugin v27.4 - https:\/\/yoast.com\/product\/yoast-seo-wordpress\/ -->\n<title>Blick in Faur\u00e9s Werkstatt - Schweizer Musikzeitung<\/title>\n<meta name=\"robots\" content=\"index, follow, max-snippet:-1, max-image-preview:large, max-video-preview:-1\" \/>\n<link rel=\"canonical\" href=\"https:\/\/www.musikzeitung.ch\/it\/rezensionen\/noten-rezensionen\/2013\/09\/blick-in-faures-werkstatt-2\/\" \/>\n<meta property=\"og:locale\" content=\"it_IT\" \/>\n<meta property=\"og:type\" content=\"article\" \/>\n<meta property=\"og:title\" content=\"Blick in Faur\u00e9s Werkstatt - Schweizer Musikzeitung\" \/>\n<meta property=\"og:description\" content=\"Rezension: Eine neue Ausgabe der Violinsonate op. 13 erm\u00f6glicht eigene Entscheidungen bez\u00fcglich Bindung und Dynamik.\" \/>\n<meta property=\"og:url\" content=\"https:\/\/www.musikzeitung.ch\/it\/rezensionen\/noten-rezensionen\/2013\/09\/blick-in-faures-werkstatt-2\/\" \/>\n<meta property=\"og:site_name\" content=\"Schweizer Musikzeitung\" \/>\n<meta property=\"article:publisher\" content=\"https:\/\/www.facebook.com\/SchweizerMusikzeitung\/\" \/>\n<meta property=\"article:published_time\" content=\"2013-09-03T23:00:00+00:00\" \/>\n<meta property=\"article:modified_time\" content=\"2024-09-18T13:33:13+00:00\" \/>\n<meta property=\"og:image\" content=\"https:\/\/www.musikzeitung.ch\/wp-content\/uploads\/2023\/01\/FaureGemaelde-2.jpg\" \/>\n\t<meta property=\"og:image:width\" content=\"554\" \/>\n\t<meta property=\"og:image:height\" content=\"412\" \/>\n\t<meta property=\"og:image:type\" content=\"image\/jpeg\" \/>\n<meta name=\"author\" content=\"Musikzeitung-Redaktion\" \/>\n<meta name=\"twitter:card\" content=\"summary_large_image\" \/>\n<meta name=\"twitter:creator\" content=\"@smusikzeitung\" \/>\n<meta name=\"twitter:site\" content=\"@smusikzeitung\" \/>\n<meta name=\"twitter:label1\" content=\"Scritto da\" \/>\n\t<meta name=\"twitter:data1\" content=\"Musikzeitung-Redaktion\" \/>\n\t<meta name=\"twitter:label2\" content=\"Tempo di lettura stimato\" \/>\n\t<meta name=\"twitter:data2\" content=\"2 minuti\" \/>\n<script type=\"application\/ld+json\" class=\"yoast-schema-graph\">{\"@context\":\"https:\\\/\\\/schema.org\",\"@graph\":[{\"@type\":\"Article\",\"@id\":\"https:\\\/\\\/www.musikzeitung.ch\\\/rezensionen\\\/noten-rezensionen\\\/2013\\\/09\\\/blick-in-faures-werkstatt-2#article\",\"isPartOf\":{\"@id\":\"https:\\\/\\\/www.musikzeitung.ch\\\/rezensionen\\\/noten-rezensionen\\\/2013\\\/09\\\/blick-in-faures-werkstatt-2\"},\"author\":{\"name\":\"Musikzeitung-Redaktion\",\"@id\":\"https:\\\/\\\/www.musikzeitung.ch\\\/#\\\/schema\\\/person\\\/b2fd892c800856270b9dcc6001265712\"},\"headline\":\"Blick in Faur\u00e9s Werkstatt\",\"datePublished\":\"2013-09-03T23:00:00+00:00\",\"dateModified\":\"2024-09-18T13:33:13+00:00\",\"mainEntityOfPage\":{\"@id\":\"https:\\\/\\\/www.musikzeitung.ch\\\/rezensionen\\\/noten-rezensionen\\\/2013\\\/09\\\/blick-in-faures-werkstatt-2\"},\"wordCount\":225,\"publisher\":{\"@id\":\"https:\\\/\\\/www.musikzeitung.ch\\\/#organization\"},\"image\":{\"@id\":\"https:\\\/\\\/www.musikzeitung.ch\\\/rezensionen\\\/noten-rezensionen\\\/2013\\\/09\\\/blick-in-faures-werkstatt-2#primaryimage\"},\"thumbnailUrl\":\"https:\\\/\\\/www.musikzeitung.ch\\\/wp-content\\\/uploads\\\/2023\\\/01\\\/FaureGemaelde-2.jpg\",\"articleSection\":[\"Noten\",\"Rezensionen\"],\"inLanguage\":\"it-IT\"},{\"@type\":\"WebPage\",\"@id\":\"https:\\\/\\\/www.musikzeitung.ch\\\/rezensionen\\\/noten-rezensionen\\\/2013\\\/09\\\/blick-in-faures-werkstatt-2\",\"url\":\"https:\\\/\\\/www.musikzeitung.ch\\\/rezensionen\\\/noten-rezensionen\\\/2013\\\/09\\\/blick-in-faures-werkstatt-2\",\"name\":\"Blick in Faur\u00e9s Werkstatt - Schweizer Musikzeitung\",\"isPartOf\":{\"@id\":\"https:\\\/\\\/www.musikzeitung.ch\\\/#website\"},\"primaryImageOfPage\":{\"@id\":\"https:\\\/\\\/www.musikzeitung.ch\\\/rezensionen\\\/noten-rezensionen\\\/2013\\\/09\\\/blick-in-faures-werkstatt-2#primaryimage\"},\"image\":{\"@id\":\"https:\\\/\\\/www.musikzeitung.ch\\\/rezensionen\\\/noten-rezensionen\\\/2013\\\/09\\\/blick-in-faures-werkstatt-2#primaryimage\"},\"thumbnailUrl\":\"https:\\\/\\\/www.musikzeitung.ch\\\/wp-content\\\/uploads\\\/2023\\\/01\\\/FaureGemaelde-2.jpg\",\"datePublished\":\"2013-09-03T23:00:00+00:00\",\"dateModified\":\"2024-09-18T13:33:13+00:00\",\"breadcrumb\":{\"@id\":\"https:\\\/\\\/www.musikzeitung.ch\\\/rezensionen\\\/noten-rezensionen\\\/2013\\\/09\\\/blick-in-faures-werkstatt-2#breadcrumb\"},\"inLanguage\":\"it-IT\",\"potentialAction\":[{\"@type\":\"ReadAction\",\"target\":[\"https:\\\/\\\/www.musikzeitung.ch\\\/rezensionen\\\/noten-rezensionen\\\/2013\\\/09\\\/blick-in-faures-werkstatt-2\"]}]},{\"@type\":\"ImageObject\",\"inLanguage\":\"it-IT\",\"@id\":\"https:\\\/\\\/www.musikzeitung.ch\\\/rezensionen\\\/noten-rezensionen\\\/2013\\\/09\\\/blick-in-faures-werkstatt-2#primaryimage\",\"url\":\"https:\\\/\\\/www.musikzeitung.ch\\\/wp-content\\\/uploads\\\/2023\\\/01\\\/FaureGemaelde-2.jpg\",\"contentUrl\":\"https:\\\/\\\/www.musikzeitung.ch\\\/wp-content\\\/uploads\\\/2023\\\/01\\\/FaureGemaelde-2.jpg\",\"width\":554,\"height\":412},{\"@type\":\"BreadcrumbList\",\"@id\":\"https:\\\/\\\/www.musikzeitung.ch\\\/rezensionen\\\/noten-rezensionen\\\/2013\\\/09\\\/blick-in-faures-werkstatt-2#breadcrumb\",\"itemListElement\":[{\"@type\":\"ListItem\",\"position\":1,\"name\":\"Home\",\"item\":\"https:\\\/\\\/www.musikzeitung.ch\\\/\"},{\"@type\":\"ListItem\",\"position\":2,\"name\":\"Blick in Faur\u00e9s Werkstatt\"}]},{\"@type\":\"WebSite\",\"@id\":\"https:\\\/\\\/www.musikzeitung.ch\\\/#website\",\"url\":\"https:\\\/\\\/www.musikzeitung.ch\\\/\",\"name\":\"Schweizer Musikzeitung\",\"description\":\"Die f\u00fchrende sparten\u00fcbergreifende Monatszeitung in der Schweiz f\u00fcr musikalische Fragen.\",\"publisher\":{\"@id\":\"https:\\\/\\\/www.musikzeitung.ch\\\/#organization\"},\"potentialAction\":[{\"@type\":\"SearchAction\",\"target\":{\"@type\":\"EntryPoint\",\"urlTemplate\":\"https:\\\/\\\/www.musikzeitung.ch\\\/?s={search_term_string}\"},\"query-input\":{\"@type\":\"PropertyValueSpecification\",\"valueRequired\":true,\"valueName\":\"search_term_string\"}}],\"inLanguage\":\"it-IT\"},{\"@type\":\"Organization\",\"@id\":\"https:\\\/\\\/www.musikzeitung.ch\\\/#organization\",\"name\":\"Schweizer Musikzeitung\",\"url\":\"https:\\\/\\\/www.musikzeitung.ch\\\/\",\"logo\":{\"@type\":\"ImageObject\",\"inLanguage\":\"it-IT\",\"@id\":\"https:\\\/\\\/www.musikzeitung.ch\\\/#\\\/schema\\\/logo\\\/image\\\/\",\"url\":\"https:\\\/\\\/www.musikzeitung.ch\\\/wp-content\\\/uploads\\\/2023\\\/01\\\/SMZ_Schriftzug_Sprache.png\",\"contentUrl\":\"https:\\\/\\\/www.musikzeitung.ch\\\/wp-content\\\/uploads\\\/2023\\\/01\\\/SMZ_Schriftzug_Sprache.png\",\"width\":1400,\"height\":279,\"caption\":\"Schweizer Musikzeitung\"},\"image\":{\"@id\":\"https:\\\/\\\/www.musikzeitung.ch\\\/#\\\/schema\\\/logo\\\/image\\\/\"},\"sameAs\":[\"https:\\\/\\\/www.facebook.com\\\/SchweizerMusikzeitung\\\/\",\"https:\\\/\\\/x.com\\\/smusikzeitung\",\"https:\\\/\\\/www.instagram.com\\\/musikzeitung.ch\\\/\"]},{\"@type\":\"Person\",\"@id\":\"https:\\\/\\\/www.musikzeitung.ch\\\/#\\\/schema\\\/person\\\/b2fd892c800856270b9dcc6001265712\",\"name\":\"Musikzeitung-Redaktion\",\"image\":{\"@type\":\"ImageObject\",\"inLanguage\":\"it-IT\",\"@id\":\"https:\\\/\\\/www.musikzeitung.ch\\\/wp-content\\\/uploads\\\/2022\\\/05\\\/usericon_musikzeitung-96x96.jpg\",\"url\":\"https:\\\/\\\/www.musikzeitung.ch\\\/wp-content\\\/uploads\\\/2022\\\/05\\\/usericon_musikzeitung-96x96.jpg\",\"contentUrl\":\"https:\\\/\\\/www.musikzeitung.ch\\\/wp-content\\\/uploads\\\/2022\\\/05\\\/usericon_musikzeitung-96x96.jpg\",\"caption\":\"Musikzeitung-Redaktion\"},\"url\":\"https:\\\/\\\/www.musikzeitung.ch\\\/it\\\/author\\\/admin\"}]}<\/script>\n<!-- \/ Yoast SEO plugin. -->","yoast_head_json":{"title":"Uno sguardo nel laboratorio di Faur\u00e9 - Schweizer Musikzeitung","robots":{"index":"index","follow":"follow","max-snippet":"max-snippet:-1","max-image-preview":"max-image-preview:large","max-video-preview":"max-video-preview:-1"},"canonical":"https:\/\/www.musikzeitung.ch\/it\/rezensionen\/noten-rezensionen\/2013\/09\/blick-in-faures-werkstatt-2\/","og_locale":"it_IT","og_type":"article","og_title":"Blick in Faur\u00e9s Werkstatt - Schweizer Musikzeitung","og_description":"Rezension: Eine neue Ausgabe der Violinsonate op. 13 erm\u00f6glicht eigene Entscheidungen bez\u00fcglich Bindung und Dynamik.","og_url":"https:\/\/www.musikzeitung.ch\/it\/rezensionen\/noten-rezensionen\/2013\/09\/blick-in-faures-werkstatt-2\/","og_site_name":"Schweizer Musikzeitung","article_publisher":"https:\/\/www.facebook.com\/SchweizerMusikzeitung\/","article_published_time":"2013-09-03T23:00:00+00:00","article_modified_time":"2024-09-18T13:33:13+00:00","og_image":[{"width":554,"height":412,"url":"https:\/\/www.musikzeitung.ch\/wp-content\/uploads\/2023\/01\/FaureGemaelde-2.jpg","type":"image\/jpeg"}],"author":"Musikzeitung-Redaktion","twitter_card":"summary_large_image","twitter_creator":"@smusikzeitung","twitter_site":"@smusikzeitung","twitter_misc":{"Scritto da":"Musikzeitung-Redaktion","Tempo di lettura stimato":"2 minuti"},"schema":{"@context":"https:\/\/schema.org","@graph":[{"@type":"Article","@id":"https:\/\/www.musikzeitung.ch\/rezensionen\/noten-rezensionen\/2013\/09\/blick-in-faures-werkstatt-2#article","isPartOf":{"@id":"https:\/\/www.musikzeitung.ch\/rezensionen\/noten-rezensionen\/2013\/09\/blick-in-faures-werkstatt-2"},"author":{"name":"Musikzeitung-Redaktion","@id":"https:\/\/www.musikzeitung.ch\/#\/schema\/person\/b2fd892c800856270b9dcc6001265712"},"headline":"Blick in Faur\u00e9s Werkstatt","datePublished":"2013-09-03T23:00:00+00:00","dateModified":"2024-09-18T13:33:13+00:00","mainEntityOfPage":{"@id":"https:\/\/www.musikzeitung.ch\/rezensionen\/noten-rezensionen\/2013\/09\/blick-in-faures-werkstatt-2"},"wordCount":225,"publisher":{"@id":"https:\/\/www.musikzeitung.ch\/#organization"},"image":{"@id":"https:\/\/www.musikzeitung.ch\/rezensionen\/noten-rezensionen\/2013\/09\/blick-in-faures-werkstatt-2#primaryimage"},"thumbnailUrl":"https:\/\/www.musikzeitung.ch\/wp-content\/uploads\/2023\/01\/FaureGemaelde-2.jpg","articleSection":["Noten","Rezensionen"],"inLanguage":"it-IT"},{"@type":"WebPage","@id":"https:\/\/www.musikzeitung.ch\/rezensionen\/noten-rezensionen\/2013\/09\/blick-in-faures-werkstatt-2","url":"https:\/\/www.musikzeitung.ch\/rezensionen\/noten-rezensionen\/2013\/09\/blick-in-faures-werkstatt-2","name":"Uno sguardo nel laboratorio di Faur\u00e9 - Schweizer Musikzeitung","isPartOf":{"@id":"https:\/\/www.musikzeitung.ch\/#website"},"primaryImageOfPage":{"@id":"https:\/\/www.musikzeitung.ch\/rezensionen\/noten-rezensionen\/2013\/09\/blick-in-faures-werkstatt-2#primaryimage"},"image":{"@id":"https:\/\/www.musikzeitung.ch\/rezensionen\/noten-rezensionen\/2013\/09\/blick-in-faures-werkstatt-2#primaryimage"},"thumbnailUrl":"https:\/\/www.musikzeitung.ch\/wp-content\/uploads\/2023\/01\/FaureGemaelde-2.jpg","datePublished":"2013-09-03T23:00:00+00:00","dateModified":"2024-09-18T13:33:13+00:00","breadcrumb":{"@id":"https:\/\/www.musikzeitung.ch\/rezensionen\/noten-rezensionen\/2013\/09\/blick-in-faures-werkstatt-2#breadcrumb"},"inLanguage":"it-IT","potentialAction":[{"@type":"ReadAction","target":["https:\/\/www.musikzeitung.ch\/rezensionen\/noten-rezensionen\/2013\/09\/blick-in-faures-werkstatt-2"]}]},{"@type":"ImageObject","inLanguage":"it-IT","@id":"https:\/\/www.musikzeitung.ch\/rezensionen\/noten-rezensionen\/2013\/09\/blick-in-faures-werkstatt-2#primaryimage","url":"https:\/\/www.musikzeitung.ch\/wp-content\/uploads\/2023\/01\/FaureGemaelde-2.jpg","contentUrl":"https:\/\/www.musikzeitung.ch\/wp-content\/uploads\/2023\/01\/FaureGemaelde-2.jpg","width":554,"height":412},{"@type":"BreadcrumbList","@id":"https:\/\/www.musikzeitung.ch\/rezensionen\/noten-rezensionen\/2013\/09\/blick-in-faures-werkstatt-2#breadcrumb","itemListElement":[{"@type":"ListItem","position":1,"name":"Home","item":"https:\/\/www.musikzeitung.ch\/"},{"@type":"ListItem","position":2,"name":"Blick in Faur\u00e9s Werkstatt"}]},{"@type":"WebSite","@id":"https:\/\/www.musikzeitung.ch\/#website","url":"https:\/\/www.musikzeitung.ch\/","name":"Giornale musicale svizzero","description":"Il principale mensile interdisciplinare della Svizzera per le questioni musicali.","publisher":{"@id":"https:\/\/www.musikzeitung.ch\/#organization"},"potentialAction":[{"@type":"SearchAction","target":{"@type":"EntryPoint","urlTemplate":"https:\/\/www.musikzeitung.ch\/?s={search_term_string}"},"query-input":{"@type":"PropertyValueSpecification","valueRequired":true,"valueName":"search_term_string"}}],"inLanguage":"it-IT"},{"@type":"Organization","@id":"https:\/\/www.musikzeitung.ch\/#organization","name":"Giornale musicale svizzero","url":"https:\/\/www.musikzeitung.ch\/","logo":{"@type":"ImageObject","inLanguage":"it-IT","@id":"https:\/\/www.musikzeitung.ch\/#\/schema\/logo\/image\/","url":"https:\/\/www.musikzeitung.ch\/wp-content\/uploads\/2023\/01\/SMZ_Schriftzug_Sprache.png","contentUrl":"https:\/\/www.musikzeitung.ch\/wp-content\/uploads\/2023\/01\/SMZ_Schriftzug_Sprache.png","width":1400,"height":279,"caption":"Schweizer Musikzeitung"},"image":{"@id":"https:\/\/www.musikzeitung.ch\/#\/schema\/logo\/image\/"},"sameAs":["https:\/\/www.facebook.com\/SchweizerMusikzeitung\/","https:\/\/x.com\/smusikzeitung","https:\/\/www.instagram.com\/musikzeitung.ch\/"]},{"@type":"Person","@id":"https:\/\/www.musikzeitung.ch\/#\/schema\/person\/b2fd892c800856270b9dcc6001265712","name":"Redazione Musikzeitung","image":{"@type":"ImageObject","inLanguage":"it-IT","@id":"https:\/\/www.musikzeitung.ch\/wp-content\/uploads\/2022\/05\/usericon_musikzeitung-96x96.jpg","url":"https:\/\/www.musikzeitung.ch\/wp-content\/uploads\/2022\/05\/usericon_musikzeitung-96x96.jpg","contentUrl":"https:\/\/www.musikzeitung.ch\/wp-content\/uploads\/2022\/05\/usericon_musikzeitung-96x96.jpg","caption":"Musikzeitung-Redaktion"},"url":"https:\/\/www.musikzeitung.ch\/it\/author\/admin"}]}},"publishpress_future_workflow_manual_trigger":{"enabledWorkflows":[]},"_links":{"self":[{"href":"https:\/\/www.musikzeitung.ch\/it\/wp-json\/wp\/v2\/posts\/7864","targetHints":{"allow":["GET"]}}],"collection":[{"href":"https:\/\/www.musikzeitung.ch\/it\/wp-json\/wp\/v2\/posts"}],"about":[{"href":"https:\/\/www.musikzeitung.ch\/it\/wp-json\/wp\/v2\/types\/post"}],"author":[{"embeddable":true,"href":"https:\/\/www.musikzeitung.ch\/it\/wp-json\/wp\/v2\/users\/1"}],"replies":[{"embeddable":true,"href":"https:\/\/www.musikzeitung.ch\/it\/wp-json\/wp\/v2\/comments?post=7864"}],"version-history":[{"count":2,"href":"https:\/\/www.musikzeitung.ch\/it\/wp-json\/wp\/v2\/posts\/7864\/revisions"}],"predecessor-version":[{"id":58283,"href":"https:\/\/www.musikzeitung.ch\/it\/wp-json\/wp\/v2\/posts\/7864\/revisions\/58283"}],"wp:featuredmedia":[{"embeddable":true,"href":"https:\/\/www.musikzeitung.ch\/it\/wp-json\/wp\/v2\/media\/7865"}],"wp:attachment":[{"href":"https:\/\/www.musikzeitung.ch\/it\/wp-json\/wp\/v2\/media?parent=7864"}],"wp:term":[{"taxonomy":"category","embeddable":true,"href":"https:\/\/www.musikzeitung.ch\/it\/wp-json\/wp\/v2\/categories?post=7864"},{"taxonomy":"post_tag","embeddable":true,"href":"https:\/\/www.musikzeitung.ch\/it\/wp-json\/wp\/v2\/tags?post=7864"}],"curies":[{"name":"wp","href":"https:\/\/api.w.org\/{rel}","templated":true}]}}