{"id":818,"date":"2017-10-17T00:00:00","date_gmt":"2017-10-16T23:00:00","guid":{"rendered":"https:\/\/www.musikzeitung.ch\/allgemein\/und-ploetzlich-geht-ihnen-die-seele-auf\/"},"modified":"2017-10-17T00:00:00","modified_gmt":"2017-10-16T23:00:00","slug":"und-ploetzlich-geht-ihnen-die-seele-auf","status":"publish","type":"post","link":"https:\/\/www.musikzeitung.ch\/it\/anlaesse\/2017\/10\/und-ploetzlich-geht-ihnen-die-seele-auf","title":{"rendered":"\"... e improvvisamente la loro anima si apre\"."},"content":{"rendered":"<figure style=\"width: 1200px\" class=\"wp-caption alignnone\"><img decoding=\"async\" class=\"size-full\" src=\"https:\/\/www.musikzeitung.ch\/wp-content\/uploads\/2023\/01\/ps-6.jpg\" alt=\"\" \/><figcaption class=\"wp-caption-text\">Peter Sigrist nel giugno 2017. foto: zVg<\/figcaption><\/figure>\n<div class='text-section'>\n<p>Peter Sigrist proviene da una famiglia di musicisti. Suo padre era insegnante e organista e anche il padre di sua madre esercitava questa professione. Peter \u00e8 cresciuto con quattro fratelli nel quartiere Maihof di Lucerna. Suo padre era responsabile di suonare l'organo della chiesa e dirigeva il coro della chiesa, un coro maschile, come era consuetudine all'epoca. Un giorno chiam\u00f2 il figlio nello studio e si esercit\u00f2 con lui nella parte del soprano solista. Alla fine, il bambino di nove anni assunse questa parte nel coro. Questo si ripet\u00e9 fino all'et\u00e0 di dodici anni, quando il ragazzo decise di smettere di cantare in pubblico. Temeva che la sua voce non avrebbe pi\u00f9 retto.<\/p>\n<p>Dopo la scuola dell'obbligo, Peter ha frequentato un seminario di formazione per insegnanti e ha preso lezioni di organo presso la scuola di musica della chiesa con Josef Bucher. All'et\u00e0 di vent'anni ha insegnato presso l'istituto comprensivo di Ebnet, poi come insegnante e organista a Ettiswil, un villaggio con una splendida chiesa barocca, e successivamente anche a Dagmersellen. Oltre all'insegnamento, si iscrisse all'allora Scuola di Musica della Chiesa e continu\u00f2 la sua formazione come organista, direttore d'orchestra e cantante. \"L'ho fatto solo per amore della musica e perch\u00e9 volevo migliorarmi. Non avevo idea di come sarebbe stata la mia carriera\".<br \/> \u00a0<\/p>\n<\/div>\n<div>\n<h3 class=''><span>Canto, direzione d'orchestra, insegnamento<\/span><\/h3>\n<\/div>\n<div class='text-section'>\n<p>Oltre a insegnare e studiare musica, Peter Sigrist si esibisce come tenore lirico ovunque gli venga richiesto. All'et\u00e0 di 22 anni, canta le arie dell'opera di J. S. Bach<em> Passione di San Giovanni<\/em> dopo un breve periodo di preparazione. \"Non deve succedere mai pi\u00f9\", dice a se stesso. Si ripromette di esibirsi in futuro ai concerti solo se ben preparato. In questo periodo si esercita anche con l'organo per quattro ore al giorno.<\/p>\n<p>All'et\u00e0 di 27 anni consegue il diploma di organo con il massimo dei voti. Attualmente insegna musica e organo presso l'Istituto Magistrale di Lucerna. Ha anche preso lezioni di canto e di metodologia vocale presso l'Universit\u00e0 di Scienze Applicate e Arti di Lucerna. Riceve sempre pi\u00f9 ingaggi come cantante in tutte le principali citt\u00e0 della Svizzera e anche all'estero. Canta spesso con la sua seconda moglie, il soprano Rosmarie Hofmann, e fonda il quartetto vocale Musica Sacra.<\/p>\n<p>Nel 1972 ha fondato il coro dell'Istituto magistrale cantonale di Lucerna: Quando la sua prima classe si \u00e8 diplomata, hanno voluto continuare a cantare nel coro. Da quel momento in poi, le prove si svolsero al di fuori dell'orario scolastico, ogni marted\u00ec a partire dalle ore 18:00. \u00c8 cos\u00ec anche oggi. Solo il nome \u00e8 stato cambiato: All'inizio i cantori erano una cinquantina, ma poi il coro divenne pi\u00f9 conosciuto e si esib\u00ec in grandi opere come<em> Le Laudi <\/em>di Hermann Suter, <em>Gloria<\/em> e <em>Stabat Mater<\/em> di Francis Poulenc, <em>San Paolo<\/em> e <em>Elias<\/em> di Felix Mendelssohn-Bartholdy. Sempre pi\u00f9 persone hanno mostrato interesse e hanno voluto unirsi al coro. Oggi il coro conta 110 membri. Dal 1982 al 2014, Peter Sigrist ha diretto anche il Coro dei Giovani Concertisti di Zurigo ed \u00e8 stato spesso direttore ospite in Germania.<br \/> \u00a0<\/p>\n<\/div>\n<div>\n<h3 class=''><span>Continuate a lavorare e salutate<\/span><\/h3>\n<\/div>\n<div class='text-section'>\n<p>Peter Sigrist \u00e8 andato in pensione all'et\u00e0 di sessant'anni e ora lavora come cantante e direttore d'orchestra freelance. Come direttore di coro, gli piace continuare a lavorare, che si tratti di intonazione, linguaggio o dinamica. \u00c8 in grado di ispirare. \"Faccio tutto il possibile per motivare i cantanti. Ma se un concerto deve essere un successo, significa lavorare sodo: esercitarsi, ripetere e provare ancora e ancora\". \u00c8 il progresso che lo affascina. \"I dilettanti cantano con cautela all'inizio, ma quando sono sicuri di s\u00e9, la loro anima si apre improvvisamente. \u00c8 incredibilmente bello\".<\/p>\n<p>Peter Sigrist diriger\u00e0 la Sinfonia n. 2 (Lobgesang) di Felix Mendelssohn-Bartholdy con il Lucerne Concert Choir il 12 novembre 2017 al KKL. Era suo desiderio eseguire quest'opera con l'orchestra barocca Capriccio. Non gli \u00e8 difficile dire addio al coro da concerto, dice il direttore con convinzione. Si \u00e8 preparato per due anni. Poi aggiunge con cautela: \"Vedremo come sar\u00e0 dopo l'ultimo concerto\". A quel punto la sua attivit\u00e0 musicale si limiter\u00e0 a suonare il pianoforte. \"Voglio godermi la mia nuova libert\u00e0. Mi sono sempre impegnato per tutta la vita. Ora voglio essere libero\".<br \/> \u00a0<\/p>\n<\/div>\n<div>\n<blockquote class='text-section'>\n<p><a href='http:\/\/www.konzertchor-luzern.ch'><strong>www.konzertchor-luzern.ch<\/strong><\/a><\/p>\n<\/blockquote>\n<\/div>","protected":false},"excerpt":{"rendered":"<p><strong>Peter Sigrist \u00e8 un maestro a tutto tondo, sia come insegnante che come cantante e direttore d'orchestra. Dirige i suoi cori con abilit\u00e0 e grande attenzione ai dettagli. Cos\u00ec facendo, porta i suoi cantori a grandi livelli. Dopo 45 anni, si congeda dal Coro di Lucerna.<\/strong><\/p>","protected":false},"author":1,"featured_media":819,"comment_status":"open","ping_status":"open","sticky":false,"template":"","format":"standard","meta":{"_acf_changed":false,"_relevanssi_hide_post":"","_relevanssi_hide_content":"","_relevanssi_pin_for_all":"","_relevanssi_pin_keywords":"","_relevanssi_unpin_keywords":"","_relevanssi_related_keywords":"","_relevanssi_related_include_ids":"","_relevanssi_related_exclude_ids":"","_relevanssi_related_no_append":"","_relevanssi_related_not_related":"","_relevanssi_related_posts":"","_relevanssi_noindex_reason":"","pgc_sgb_lightbox_settings":"","footnotes":""},"categories":[2,57],"tags":[],"class_list":["post-818","post","type-post","status-publish","format-standard","has-post-thumbnail","hentry","category-anlaesse","category-klassik"],"acf":[],"yoast_head":"<!-- This site is optimized with the Yoast SEO plugin v27.4 - https:\/\/yoast.com\/product\/yoast-seo-wordpress\/ -->\n<title>\u00ab... und pl\u00f6tzlich geht ihnen die Seele auf\u00bb - Schweizer Musikzeitung<\/title>\n<meta name=\"robots\" content=\"index, follow, max-snippet:-1, max-image-preview:large, max-video-preview:-1\" \/>\n<link rel=\"canonical\" href=\"https:\/\/www.musikzeitung.ch\/it\/anlaesse\/2017\/10\/und-ploetzlich-geht-ihnen-die-seele-auf\/\" \/>\n<meta property=\"og:locale\" content=\"it_IT\" \/>\n<meta property=\"og:type\" content=\"article\" \/>\n<meta property=\"og:title\" content=\"\u00ab... und pl\u00f6tzlich geht ihnen die Seele auf\u00bb - Schweizer Musikzeitung\" \/>\n<meta property=\"og:description\" content=\"Peter Sigrist ist als P\u00e4dagoge, S\u00e4nger und Dirigent ein Allrounder. Seine Ch\u00f6re leitet er mit Geschick und grosser Arbeit am Detail. Damit bringt er seine S\u00e4ngerinnen und S\u00e4nger zu grossartigen Leistungen. Nach 45 Jahren nimmt er nun Abschied vom Konzertchor Luzern.\" \/>\n<meta property=\"og:url\" content=\"https:\/\/www.musikzeitung.ch\/it\/anlaesse\/2017\/10\/und-ploetzlich-geht-ihnen-die-seele-auf\/\" \/>\n<meta property=\"og:site_name\" content=\"Schweizer Musikzeitung\" \/>\n<meta property=\"article:publisher\" content=\"https:\/\/www.facebook.com\/SchweizerMusikzeitung\/\" \/>\n<meta property=\"article:published_time\" content=\"2017-10-16T23:00:00+00:00\" \/>\n<meta property=\"og:image\" content=\"https:\/\/www.musikzeitung.ch\/wp-content\/uploads\/2023\/01\/ps-6.jpg\" \/>\n\t<meta property=\"og:image:width\" content=\"554\" \/>\n\t<meta property=\"og:image:height\" content=\"414\" \/>\n\t<meta property=\"og:image:type\" content=\"image\/jpeg\" \/>\n<meta name=\"author\" content=\"Musikzeitung-Redaktion\" \/>\n<meta name=\"twitter:card\" content=\"summary_large_image\" \/>\n<meta name=\"twitter:creator\" content=\"@smusikzeitung\" \/>\n<meta name=\"twitter:site\" content=\"@smusikzeitung\" \/>\n<meta name=\"twitter:label1\" content=\"Scritto da\" \/>\n\t<meta name=\"twitter:data1\" content=\"Musikzeitung-Redaktion\" \/>\n\t<meta name=\"twitter:label2\" content=\"Tempo di lettura stimato\" \/>\n\t<meta name=\"twitter:data2\" content=\"3 minuti\" \/>\n<script type=\"application\/ld+json\" class=\"yoast-schema-graph\">{\"@context\":\"https:\\\/\\\/schema.org\",\"@graph\":[{\"@type\":\"Article\",\"@id\":\"https:\\\/\\\/www.musikzeitung.ch\\\/anlaesse\\\/2017\\\/10\\\/und-ploetzlich-geht-ihnen-die-seele-auf#article\",\"isPartOf\":{\"@id\":\"https:\\\/\\\/www.musikzeitung.ch\\\/anlaesse\\\/2017\\\/10\\\/und-ploetzlich-geht-ihnen-die-seele-auf\"},\"author\":{\"name\":\"Musikzeitung-Redaktion\",\"@id\":\"https:\\\/\\\/www.musikzeitung.ch\\\/#\\\/schema\\\/person\\\/b2fd892c800856270b9dcc6001265712\"},\"headline\":\"\u00ab&#8230; und pl\u00f6tzlich geht ihnen die Seele auf\u00bb\",\"datePublished\":\"2017-10-16T23:00:00+00:00\",\"mainEntityOfPage\":{\"@id\":\"https:\\\/\\\/www.musikzeitung.ch\\\/anlaesse\\\/2017\\\/10\\\/und-ploetzlich-geht-ihnen-die-seele-auf\"},\"wordCount\":674,\"commentCount\":0,\"publisher\":{\"@id\":\"https:\\\/\\\/www.musikzeitung.ch\\\/#organization\"},\"image\":{\"@id\":\"https:\\\/\\\/www.musikzeitung.ch\\\/anlaesse\\\/2017\\\/10\\\/und-ploetzlich-geht-ihnen-die-seele-auf#primaryimage\"},\"thumbnailUrl\":\"https:\\\/\\\/www.musikzeitung.ch\\\/wp-content\\\/uploads\\\/2023\\\/01\\\/ps-6.jpg\",\"articleSection\":[\"Anl\u00e4sse\",\"Klassik\"],\"inLanguage\":\"it-IT\"},{\"@type\":\"WebPage\",\"@id\":\"https:\\\/\\\/www.musikzeitung.ch\\\/anlaesse\\\/2017\\\/10\\\/und-ploetzlich-geht-ihnen-die-seele-auf\",\"url\":\"https:\\\/\\\/www.musikzeitung.ch\\\/anlaesse\\\/2017\\\/10\\\/und-ploetzlich-geht-ihnen-die-seele-auf\",\"name\":\"\u00ab... und pl\u00f6tzlich geht ihnen die Seele auf\u00bb - Schweizer Musikzeitung\",\"isPartOf\":{\"@id\":\"https:\\\/\\\/www.musikzeitung.ch\\\/#website\"},\"primaryImageOfPage\":{\"@id\":\"https:\\\/\\\/www.musikzeitung.ch\\\/anlaesse\\\/2017\\\/10\\\/und-ploetzlich-geht-ihnen-die-seele-auf#primaryimage\"},\"image\":{\"@id\":\"https:\\\/\\\/www.musikzeitung.ch\\\/anlaesse\\\/2017\\\/10\\\/und-ploetzlich-geht-ihnen-die-seele-auf#primaryimage\"},\"thumbnailUrl\":\"https:\\\/\\\/www.musikzeitung.ch\\\/wp-content\\\/uploads\\\/2023\\\/01\\\/ps-6.jpg\",\"datePublished\":\"2017-10-16T23:00:00+00:00\",\"breadcrumb\":{\"@id\":\"https:\\\/\\\/www.musikzeitung.ch\\\/anlaesse\\\/2017\\\/10\\\/und-ploetzlich-geht-ihnen-die-seele-auf#breadcrumb\"},\"inLanguage\":\"it-IT\",\"potentialAction\":[{\"@type\":\"ReadAction\",\"target\":[\"https:\\\/\\\/www.musikzeitung.ch\\\/anlaesse\\\/2017\\\/10\\\/und-ploetzlich-geht-ihnen-die-seele-auf\"]}]},{\"@type\":\"ImageObject\",\"inLanguage\":\"it-IT\",\"@id\":\"https:\\\/\\\/www.musikzeitung.ch\\\/anlaesse\\\/2017\\\/10\\\/und-ploetzlich-geht-ihnen-die-seele-auf#primaryimage\",\"url\":\"https:\\\/\\\/www.musikzeitung.ch\\\/wp-content\\\/uploads\\\/2023\\\/01\\\/ps-6.jpg\",\"contentUrl\":\"https:\\\/\\\/www.musikzeitung.ch\\\/wp-content\\\/uploads\\\/2023\\\/01\\\/ps-6.jpg\",\"width\":554,\"height\":414},{\"@type\":\"BreadcrumbList\",\"@id\":\"https:\\\/\\\/www.musikzeitung.ch\\\/anlaesse\\\/2017\\\/10\\\/und-ploetzlich-geht-ihnen-die-seele-auf#breadcrumb\",\"itemListElement\":[{\"@type\":\"ListItem\",\"position\":1,\"name\":\"Home\",\"item\":\"https:\\\/\\\/www.musikzeitung.ch\\\/\"},{\"@type\":\"ListItem\",\"position\":2,\"name\":\"\u00ab&#8230; und pl\u00f6tzlich geht ihnen die Seele auf\u00bb\"}]},{\"@type\":\"WebSite\",\"@id\":\"https:\\\/\\\/www.musikzeitung.ch\\\/#website\",\"url\":\"https:\\\/\\\/www.musikzeitung.ch\\\/\",\"name\":\"Schweizer Musikzeitung\",\"description\":\"Die f\u00fchrende sparten\u00fcbergreifende Monatszeitung in der Schweiz f\u00fcr musikalische Fragen.\",\"publisher\":{\"@id\":\"https:\\\/\\\/www.musikzeitung.ch\\\/#organization\"},\"potentialAction\":[{\"@type\":\"SearchAction\",\"target\":{\"@type\":\"EntryPoint\",\"urlTemplate\":\"https:\\\/\\\/www.musikzeitung.ch\\\/?s={search_term_string}\"},\"query-input\":{\"@type\":\"PropertyValueSpecification\",\"valueRequired\":true,\"valueName\":\"search_term_string\"}}],\"inLanguage\":\"it-IT\"},{\"@type\":\"Organization\",\"@id\":\"https:\\\/\\\/www.musikzeitung.ch\\\/#organization\",\"name\":\"Schweizer Musikzeitung\",\"url\":\"https:\\\/\\\/www.musikzeitung.ch\\\/\",\"logo\":{\"@type\":\"ImageObject\",\"inLanguage\":\"it-IT\",\"@id\":\"https:\\\/\\\/www.musikzeitung.ch\\\/#\\\/schema\\\/logo\\\/image\\\/\",\"url\":\"https:\\\/\\\/www.musikzeitung.ch\\\/wp-content\\\/uploads\\\/2023\\\/01\\\/SMZ_Schriftzug_Sprache.png\",\"contentUrl\":\"https:\\\/\\\/www.musikzeitung.ch\\\/wp-content\\\/uploads\\\/2023\\\/01\\\/SMZ_Schriftzug_Sprache.png\",\"width\":1400,\"height\":279,\"caption\":\"Schweizer Musikzeitung\"},\"image\":{\"@id\":\"https:\\\/\\\/www.musikzeitung.ch\\\/#\\\/schema\\\/logo\\\/image\\\/\"},\"sameAs\":[\"https:\\\/\\\/www.facebook.com\\\/SchweizerMusikzeitung\\\/\",\"https:\\\/\\\/x.com\\\/smusikzeitung\",\"https:\\\/\\\/www.instagram.com\\\/musikzeitung.ch\\\/\"]},{\"@type\":\"Person\",\"@id\":\"https:\\\/\\\/www.musikzeitung.ch\\\/#\\\/schema\\\/person\\\/b2fd892c800856270b9dcc6001265712\",\"name\":\"Musikzeitung-Redaktion\",\"image\":{\"@type\":\"ImageObject\",\"inLanguage\":\"it-IT\",\"@id\":\"https:\\\/\\\/www.musikzeitung.ch\\\/wp-content\\\/uploads\\\/2022\\\/05\\\/usericon_musikzeitung-96x96.jpg\",\"url\":\"https:\\\/\\\/www.musikzeitung.ch\\\/wp-content\\\/uploads\\\/2022\\\/05\\\/usericon_musikzeitung-96x96.jpg\",\"contentUrl\":\"https:\\\/\\\/www.musikzeitung.ch\\\/wp-content\\\/uploads\\\/2022\\\/05\\\/usericon_musikzeitung-96x96.jpg\",\"caption\":\"Musikzeitung-Redaktion\"},\"url\":\"https:\\\/\\\/www.musikzeitung.ch\\\/it\\\/author\\\/admin\"}]}<\/script>\n<!-- \/ Yoast SEO plugin. -->","yoast_head_json":{"title":"\u00ab... und pl\u00f6tzlich geht ihnen die Seele auf\u00bb - Schweizer Musikzeitung","robots":{"index":"index","follow":"follow","max-snippet":"max-snippet:-1","max-image-preview":"max-image-preview:large","max-video-preview":"max-video-preview:-1"},"canonical":"https:\/\/www.musikzeitung.ch\/it\/anlaesse\/2017\/10\/und-ploetzlich-geht-ihnen-die-seele-auf\/","og_locale":"it_IT","og_type":"article","og_title":"\u00ab... und pl\u00f6tzlich geht ihnen die Seele auf\u00bb - Schweizer Musikzeitung","og_description":"Peter Sigrist ist als P\u00e4dagoge, S\u00e4nger und Dirigent ein Allrounder. Seine Ch\u00f6re leitet er mit Geschick und grosser Arbeit am Detail. Damit bringt er seine S\u00e4ngerinnen und S\u00e4nger zu grossartigen Leistungen. Nach 45 Jahren nimmt er nun Abschied vom Konzertchor Luzern.","og_url":"https:\/\/www.musikzeitung.ch\/it\/anlaesse\/2017\/10\/und-ploetzlich-geht-ihnen-die-seele-auf\/","og_site_name":"Schweizer Musikzeitung","article_publisher":"https:\/\/www.facebook.com\/SchweizerMusikzeitung\/","article_published_time":"2017-10-16T23:00:00+00:00","og_image":[{"width":554,"height":414,"url":"https:\/\/www.musikzeitung.ch\/wp-content\/uploads\/2023\/01\/ps-6.jpg","type":"image\/jpeg"}],"author":"Musikzeitung-Redaktion","twitter_card":"summary_large_image","twitter_creator":"@smusikzeitung","twitter_site":"@smusikzeitung","twitter_misc":{"Scritto da":"Musikzeitung-Redaktion","Tempo di lettura stimato":"3 minuti"},"schema":{"@context":"https:\/\/schema.org","@graph":[{"@type":"Article","@id":"https:\/\/www.musikzeitung.ch\/anlaesse\/2017\/10\/und-ploetzlich-geht-ihnen-die-seele-auf#article","isPartOf":{"@id":"https:\/\/www.musikzeitung.ch\/anlaesse\/2017\/10\/und-ploetzlich-geht-ihnen-die-seele-auf"},"author":{"name":"Musikzeitung-Redaktion","@id":"https:\/\/www.musikzeitung.ch\/#\/schema\/person\/b2fd892c800856270b9dcc6001265712"},"headline":"\u00ab&#8230; und pl\u00f6tzlich geht ihnen die Seele auf\u00bb","datePublished":"2017-10-16T23:00:00+00:00","mainEntityOfPage":{"@id":"https:\/\/www.musikzeitung.ch\/anlaesse\/2017\/10\/und-ploetzlich-geht-ihnen-die-seele-auf"},"wordCount":674,"commentCount":0,"publisher":{"@id":"https:\/\/www.musikzeitung.ch\/#organization"},"image":{"@id":"https:\/\/www.musikzeitung.ch\/anlaesse\/2017\/10\/und-ploetzlich-geht-ihnen-die-seele-auf#primaryimage"},"thumbnailUrl":"https:\/\/www.musikzeitung.ch\/wp-content\/uploads\/2023\/01\/ps-6.jpg","articleSection":["Anl\u00e4sse","Klassik"],"inLanguage":"it-IT"},{"@type":"WebPage","@id":"https:\/\/www.musikzeitung.ch\/anlaesse\/2017\/10\/und-ploetzlich-geht-ihnen-die-seele-auf","url":"https:\/\/www.musikzeitung.ch\/anlaesse\/2017\/10\/und-ploetzlich-geht-ihnen-die-seele-auf","name":"\u00ab... und pl\u00f6tzlich geht ihnen die Seele auf\u00bb - Schweizer Musikzeitung","isPartOf":{"@id":"https:\/\/www.musikzeitung.ch\/#website"},"primaryImageOfPage":{"@id":"https:\/\/www.musikzeitung.ch\/anlaesse\/2017\/10\/und-ploetzlich-geht-ihnen-die-seele-auf#primaryimage"},"image":{"@id":"https:\/\/www.musikzeitung.ch\/anlaesse\/2017\/10\/und-ploetzlich-geht-ihnen-die-seele-auf#primaryimage"},"thumbnailUrl":"https:\/\/www.musikzeitung.ch\/wp-content\/uploads\/2023\/01\/ps-6.jpg","datePublished":"2017-10-16T23:00:00+00:00","breadcrumb":{"@id":"https:\/\/www.musikzeitung.ch\/anlaesse\/2017\/10\/und-ploetzlich-geht-ihnen-die-seele-auf#breadcrumb"},"inLanguage":"it-IT","potentialAction":[{"@type":"ReadAction","target":["https:\/\/www.musikzeitung.ch\/anlaesse\/2017\/10\/und-ploetzlich-geht-ihnen-die-seele-auf"]}]},{"@type":"ImageObject","inLanguage":"it-IT","@id":"https:\/\/www.musikzeitung.ch\/anlaesse\/2017\/10\/und-ploetzlich-geht-ihnen-die-seele-auf#primaryimage","url":"https:\/\/www.musikzeitung.ch\/wp-content\/uploads\/2023\/01\/ps-6.jpg","contentUrl":"https:\/\/www.musikzeitung.ch\/wp-content\/uploads\/2023\/01\/ps-6.jpg","width":554,"height":414},{"@type":"BreadcrumbList","@id":"https:\/\/www.musikzeitung.ch\/anlaesse\/2017\/10\/und-ploetzlich-geht-ihnen-die-seele-auf#breadcrumb","itemListElement":[{"@type":"ListItem","position":1,"name":"Home","item":"https:\/\/www.musikzeitung.ch\/"},{"@type":"ListItem","position":2,"name":"\u00ab&#8230; und pl\u00f6tzlich geht ihnen die Seele auf\u00bb"}]},{"@type":"WebSite","@id":"https:\/\/www.musikzeitung.ch\/#website","url":"https:\/\/www.musikzeitung.ch\/","name":"Giornale musicale svizzero","description":"Il principale mensile interdisciplinare della Svizzera per le questioni musicali.","publisher":{"@id":"https:\/\/www.musikzeitung.ch\/#organization"},"potentialAction":[{"@type":"SearchAction","target":{"@type":"EntryPoint","urlTemplate":"https:\/\/www.musikzeitung.ch\/?s={search_term_string}"},"query-input":{"@type":"PropertyValueSpecification","valueRequired":true,"valueName":"search_term_string"}}],"inLanguage":"it-IT"},{"@type":"Organization","@id":"https:\/\/www.musikzeitung.ch\/#organization","name":"Giornale musicale svizzero","url":"https:\/\/www.musikzeitung.ch\/","logo":{"@type":"ImageObject","inLanguage":"it-IT","@id":"https:\/\/www.musikzeitung.ch\/#\/schema\/logo\/image\/","url":"https:\/\/www.musikzeitung.ch\/wp-content\/uploads\/2023\/01\/SMZ_Schriftzug_Sprache.png","contentUrl":"https:\/\/www.musikzeitung.ch\/wp-content\/uploads\/2023\/01\/SMZ_Schriftzug_Sprache.png","width":1400,"height":279,"caption":"Schweizer Musikzeitung"},"image":{"@id":"https:\/\/www.musikzeitung.ch\/#\/schema\/logo\/image\/"},"sameAs":["https:\/\/www.facebook.com\/SchweizerMusikzeitung\/","https:\/\/x.com\/smusikzeitung","https:\/\/www.instagram.com\/musikzeitung.ch\/"]},{"@type":"Person","@id":"https:\/\/www.musikzeitung.ch\/#\/schema\/person\/b2fd892c800856270b9dcc6001265712","name":"Redazione Musikzeitung","image":{"@type":"ImageObject","inLanguage":"it-IT","@id":"https:\/\/www.musikzeitung.ch\/wp-content\/uploads\/2022\/05\/usericon_musikzeitung-96x96.jpg","url":"https:\/\/www.musikzeitung.ch\/wp-content\/uploads\/2022\/05\/usericon_musikzeitung-96x96.jpg","contentUrl":"https:\/\/www.musikzeitung.ch\/wp-content\/uploads\/2022\/05\/usericon_musikzeitung-96x96.jpg","caption":"Musikzeitung-Redaktion"},"url":"https:\/\/www.musikzeitung.ch\/it\/author\/admin"}]}},"publishpress_future_workflow_manual_trigger":{"enabledWorkflows":[]},"_links":{"self":[{"href":"https:\/\/www.musikzeitung.ch\/it\/wp-json\/wp\/v2\/posts\/818","targetHints":{"allow":["GET"]}}],"collection":[{"href":"https:\/\/www.musikzeitung.ch\/it\/wp-json\/wp\/v2\/posts"}],"about":[{"href":"https:\/\/www.musikzeitung.ch\/it\/wp-json\/wp\/v2\/types\/post"}],"author":[{"embeddable":true,"href":"https:\/\/www.musikzeitung.ch\/it\/wp-json\/wp\/v2\/users\/1"}],"replies":[{"embeddable":true,"href":"https:\/\/www.musikzeitung.ch\/it\/wp-json\/wp\/v2\/comments?post=818"}],"version-history":[{"count":0,"href":"https:\/\/www.musikzeitung.ch\/it\/wp-json\/wp\/v2\/posts\/818\/revisions"}],"wp:featuredmedia":[{"embeddable":true,"href":"https:\/\/www.musikzeitung.ch\/it\/wp-json\/wp\/v2\/media\/819"}],"wp:attachment":[{"href":"https:\/\/www.musikzeitung.ch\/it\/wp-json\/wp\/v2\/media?parent=818"}],"wp:term":[{"taxonomy":"category","embeddable":true,"href":"https:\/\/www.musikzeitung.ch\/it\/wp-json\/wp\/v2\/categories?post=818"},{"taxonomy":"post_tag","embeddable":true,"href":"https:\/\/www.musikzeitung.ch\/it\/wp-json\/wp\/v2\/tags?post=818"}],"curies":[{"name":"wp","href":"https:\/\/api.w.org\/{rel}","templated":true}]}}