{"id":826,"date":"2017-09-26T00:00:00","date_gmt":"2017-09-25T23:00:00","guid":{"rendered":"https:\/\/www.musikzeitung.ch\/allgemein\/probenhaus-fuer-das-lso\/"},"modified":"2017-09-26T00:00:00","modified_gmt":"2017-09-25T23:00:00","slug":"probenhaus-fuer-das-lso","status":"publish","type":"post","link":"https:\/\/www.musikzeitung.ch\/it\/anlaesse\/2017\/09\/probenhaus-fuer-das-lso","title":{"rendered":"Centro prove per la LSO"},"content":{"rendered":"<figure style=\"width: 1200px\" class=\"wp-caption alignnone\"><img decoding=\"async\" class=\"size-full\" src=\"https:\/\/www.musikzeitung.ch\/wp-content\/uploads\/2023\/01\/ls11-1.jpg\" alt=\"\" \/><figcaption class=\"wp-caption-text\">Vista esterna del centro prove. Immagine: LSO\/Enzmann Fischer &amp; B\u00fcro Konstrukt AG,Immagine: LSO \/ Enzmann Fischer &amp; B\u00fcro Konstrukt AG, Lucerna<\/figcaption><\/figure>\n<div class='text-section'>\n<p>Essere l'orchestra residente del Centro Cultura e Congressi di Lucerna suona bene e ha ispirato l'Orchestra Sinfonica di Lucerna (LSO) per anni. Nelle prove di tutti i giorni, tuttavia, i musicisti percepiscono poco di questo fascino. La sala prove \u00e8 buia, l'aria \u00e8 scarsa e l'acustica \u00e8 del tutto inadeguata. Per questo motivo l'orchestra ha cercato per anni una sede adeguata. Con questo progetto si \u00e8 avvicinata molto all'obiettivo: Una casa per le prove verr\u00e0 costruita a Kriens, proprio accanto al nuovo edificio della Scuola di Musica di Lucerna e al centro culturale S\u00fcdpol, che ospita anche la Scuola di Musica di Lucerna e il Teatro di Lucerna. La casa delle prove servir\u00e0 anche come centro per \"progetti per bambini e giovani e una sorta di centro di competenza per l'educazione musicale inclusiva\", fornir\u00e0 sale prova per i musicisti della LSO e sar\u00e0 aperta ad altre istituzioni. Ora, come ha annunciato con piacere Numa Bischof Ullmann alla conferenza stampa del 26 settembre, la Fondazione per l'Orchestra Sinfonica di Lucerna firmer\u00e0 il contratto di locazione dell'edificio con la Citt\u00e0 di Lucerna e i proprietari del condominio S\u00fcdpol alla fine della settimana, la domanda di costruzione dovrebbe essere presentata entro la fine dell'anno, la cerimonia di posa della prima pietra \u00e8 prevista in primavera e il nuovo \"luogo di lavoro\" dovrebbe essere pronto per la fine del 2019. A S\u00fcdpol nascer\u00e0 una sorta di \"campus musicale\", dove si incontreranno generazioni diverse, la formazione, la vita professionale e la produzione musicale amatoriale si incroceranno e gli stili musicali si fonderanno.<\/p>\n<\/div>\n<div class='text-section'>\n<p>I vincitori del concorso di architettura sono stati Enzmann Fischer &amp; B\u00fcro Konstrukt AG, Lucerna, lo stesso team che ha realizzato il nuovo edificio della HSLU. Il carattere funzionale dell'edificio dell'orchestra \u00e8 l'obiettivo principale. Si erge su palafitte per preservare i parcheggi. Al primo livello si trovano 10 sale prove individuali, al secondo 3 sale prove a registro e infine al terzo la sala prove con un'altezza media di 10,5 metri e una capacit\u00e0 cubica di 3900 metri cubi. Non ci sar\u00e0 nessun'altra sala di queste dimensioni nel campus, il che la rende molto interessante per altri utenti. Applied Acoustics GmbH di Gelterkinden \u00e8 responsabile dell'acustica. Il tetto a palchetto non solo si adatta bene all'ambiente industriale, ma ha anche un effetto positivo sulla distribuzione del suono grazie alle vele del soffitto.<\/p>\n<\/div>\n<div class='text-section'>\n<dl class='picture media photo large'>\n<dt>          <img class='media photo large' src='https:\/\/www.musikzeitung.ch\/wp-content\/uploads\/2023\/01\/00probenhaus_probensaal-1.jpg' alt='Image '><\/dt>\n<dd class='copyright'>Immagine: LSO \/ Enzmann Fischer &amp; B\u00fcro Konstrukt AG, Lucerna<\/dd>\n<dd class='caption'>Sala prove <\/dd>\n<\/dl>\n<\/div>\n<div>\n<h3 class=''><span>In gran parte finanziato privatamente<\/span><\/h3>\n<\/div>\n<div class='text-section'>\n<p>Si tratta quindi di un edificio funzionale che ottimizza le prove quotidiane degli orchestrali, fornisce una casa per l'orchestra e crea uno spazio per il versatile lavoro didattico. I dettagli sui costi di gestione saranno resi noti in seguito. Mecenati e benefattori privati hanno gi\u00e0 promesso 5 milioni di euro per i costi totali di costruzione, che ammontano a 8 milioni: un segno meraviglioso della straordinaria solidariet\u00e0 della popolazione di Lucerna nei confronti della propria orchestra. Numa Bischof Ullmann, responsabile della raccolta fondi, \u00e8 molto grata a tutti loro. \u00c8 prevista anche una campagna di crowdfunding che culminer\u00e0 nel concerto di beneficenza \"Ogni posto a sedere - un mattone\" dell'8 giugno 2018. Il 75% dei biglietti \u00e8 gi\u00e0 stato venduto e il 100% del ricavato sar\u00e0 destinato al nuovo edificio. Se il settore pubblico volesse contribuire finanziariamente al progetto di costruzione della LSO, sarebbe accolto a braccia aperte.<\/p>\n<p>Quindi, i giorni delle prove in sale soffocanti e poco sonore dovrebbero essere presto contati. E non solo. Sar\u00e0 interessante vedere come si svilupperanno le relazioni al Polo Sud. Come tutti sappiamo, 1+1 fa pi\u00f9 di 2: che la triade del S\u00fcdpol si trasformi in un'armonia polifonica.<br \/> \u00a0<\/p>\n<\/div>\n<div>\n<blockquote class='text-section'>\n<h4>Ulteriori informazioni<\/h4>\n<p>\u00a0<\/p>\n<p><a href='https:\/\/www.sinfonieorchester.ch\/de\/ueber-uns\/hoeren-und-sehen-shop\/stories\/probenhaus-zentrum-fuer-kinder-und-jugendprogramme'><strong>Link al progetto sul sito web della LSO<\/strong><\/a><\/p>\n<\/blockquote>\n<\/div>","protected":false},"excerpt":{"rendered":"<p><strong>L'apertura del centro prove dell'Orchestra Sinfonica di Lucerna \u00e8 prevista per la fine del 2019. Il direttore della LSO, Numa Bischof Ullmann, ha illustrato lo stato di avanzamento dei lavori e il potenziale di utilizzo del nuovo edificio.<\/strong><\/p>","protected":false},"author":1,"featured_media":827,"comment_status":"open","ping_status":"open","sticky":false,"template":"","format":"standard","meta":{"_acf_changed":false,"_relevanssi_hide_post":"","_relevanssi_hide_content":"","_relevanssi_pin_for_all":"","_relevanssi_pin_keywords":"","_relevanssi_unpin_keywords":"","_relevanssi_related_keywords":"","_relevanssi_related_include_ids":"","_relevanssi_related_exclude_ids":"","_relevanssi_related_no_append":"","_relevanssi_related_not_related":"","_relevanssi_related_posts":"","_relevanssi_noindex_reason":"","pgc_sgb_lightbox_settings":"","footnotes":""},"categories":[2,57],"tags":[],"class_list":["post-826","post","type-post","status-publish","format-standard","has-post-thumbnail","hentry","category-anlaesse","category-klassik"],"acf":[],"yoast_head":"<!-- This site is optimized with the Yoast SEO plugin v27.4 - https:\/\/yoast.com\/product\/yoast-seo-wordpress\/ -->\n<title>Probenhaus f\u00fcr das LSO - Schweizer Musikzeitung<\/title>\n<meta name=\"robots\" content=\"index, follow, max-snippet:-1, max-image-preview:large, max-video-preview:-1\" \/>\n<link rel=\"canonical\" href=\"https:\/\/www.musikzeitung.ch\/it\/anlaesse\/2017\/09\/probenhaus-fuer-das-lso\/\" \/>\n<meta property=\"og:locale\" content=\"it_IT\" \/>\n<meta property=\"og:type\" content=\"article\" \/>\n<meta property=\"og:title\" content=\"Probenhaus f\u00fcr das LSO - Schweizer Musikzeitung\" \/>\n<meta property=\"og:description\" content=\"Ende 2019 soll das Probenhaus des Luzerner Sinfonieorchesters in Betrieb genommen werden. LSO-Intendant Numa Bischof Ullmann gab Einblick in den Stand der Planung und das Nutzungspotenzial des neuen Geb\u00e4udes.\" \/>\n<meta property=\"og:url\" content=\"https:\/\/www.musikzeitung.ch\/it\/anlaesse\/2017\/09\/probenhaus-fuer-das-lso\/\" \/>\n<meta property=\"og:site_name\" content=\"Schweizer Musikzeitung\" \/>\n<meta property=\"article:publisher\" content=\"https:\/\/www.facebook.com\/SchweizerMusikzeitung\/\" \/>\n<meta property=\"article:published_time\" content=\"2017-09-25T23:00:00+00:00\" \/>\n<meta property=\"og:image\" content=\"https:\/\/www.musikzeitung.ch\/wp-content\/uploads\/2023\/01\/ls11-1.jpg\" \/>\n\t<meta property=\"og:image:width\" content=\"554\" \/>\n\t<meta property=\"og:image:height\" content=\"311\" \/>\n\t<meta property=\"og:image:type\" content=\"image\/jpeg\" \/>\n<meta name=\"author\" content=\"Musikzeitung-Redaktion\" \/>\n<meta name=\"twitter:card\" content=\"summary_large_image\" \/>\n<meta name=\"twitter:creator\" content=\"@smusikzeitung\" \/>\n<meta name=\"twitter:site\" content=\"@smusikzeitung\" \/>\n<meta name=\"twitter:label1\" content=\"Scritto da\" \/>\n\t<meta name=\"twitter:data1\" content=\"Musikzeitung-Redaktion\" \/>\n\t<meta name=\"twitter:label2\" content=\"Tempo di lettura stimato\" \/>\n\t<meta name=\"twitter:data2\" content=\"3 minuti\" \/>\n<script type=\"application\/ld+json\" class=\"yoast-schema-graph\">{\"@context\":\"https:\\\/\\\/schema.org\",\"@graph\":[{\"@type\":\"Article\",\"@id\":\"https:\\\/\\\/www.musikzeitung.ch\\\/anlaesse\\\/2017\\\/09\\\/probenhaus-fuer-das-lso#article\",\"isPartOf\":{\"@id\":\"https:\\\/\\\/www.musikzeitung.ch\\\/anlaesse\\\/2017\\\/09\\\/probenhaus-fuer-das-lso\"},\"author\":{\"name\":\"Musikzeitung-Redaktion\",\"@id\":\"https:\\\/\\\/www.musikzeitung.ch\\\/#\\\/schema\\\/person\\\/b2fd892c800856270b9dcc6001265712\"},\"headline\":\"Probenhaus f\u00fcr das LSO\",\"datePublished\":\"2017-09-25T23:00:00+00:00\",\"mainEntityOfPage\":{\"@id\":\"https:\\\/\\\/www.musikzeitung.ch\\\/anlaesse\\\/2017\\\/09\\\/probenhaus-fuer-das-lso\"},\"wordCount\":577,\"commentCount\":0,\"publisher\":{\"@id\":\"https:\\\/\\\/www.musikzeitung.ch\\\/#organization\"},\"image\":{\"@id\":\"https:\\\/\\\/www.musikzeitung.ch\\\/anlaesse\\\/2017\\\/09\\\/probenhaus-fuer-das-lso#primaryimage\"},\"thumbnailUrl\":\"https:\\\/\\\/www.musikzeitung.ch\\\/wp-content\\\/uploads\\\/2023\\\/01\\\/ls11-1.jpg\",\"articleSection\":[\"Anl\u00e4sse\",\"Klassik\"],\"inLanguage\":\"it-IT\"},{\"@type\":\"WebPage\",\"@id\":\"https:\\\/\\\/www.musikzeitung.ch\\\/anlaesse\\\/2017\\\/09\\\/probenhaus-fuer-das-lso\",\"url\":\"https:\\\/\\\/www.musikzeitung.ch\\\/anlaesse\\\/2017\\\/09\\\/probenhaus-fuer-das-lso\",\"name\":\"Probenhaus f\u00fcr das LSO - Schweizer Musikzeitung\",\"isPartOf\":{\"@id\":\"https:\\\/\\\/www.musikzeitung.ch\\\/#website\"},\"primaryImageOfPage\":{\"@id\":\"https:\\\/\\\/www.musikzeitung.ch\\\/anlaesse\\\/2017\\\/09\\\/probenhaus-fuer-das-lso#primaryimage\"},\"image\":{\"@id\":\"https:\\\/\\\/www.musikzeitung.ch\\\/anlaesse\\\/2017\\\/09\\\/probenhaus-fuer-das-lso#primaryimage\"},\"thumbnailUrl\":\"https:\\\/\\\/www.musikzeitung.ch\\\/wp-content\\\/uploads\\\/2023\\\/01\\\/ls11-1.jpg\",\"datePublished\":\"2017-09-25T23:00:00+00:00\",\"breadcrumb\":{\"@id\":\"https:\\\/\\\/www.musikzeitung.ch\\\/anlaesse\\\/2017\\\/09\\\/probenhaus-fuer-das-lso#breadcrumb\"},\"inLanguage\":\"it-IT\",\"potentialAction\":[{\"@type\":\"ReadAction\",\"target\":[\"https:\\\/\\\/www.musikzeitung.ch\\\/anlaesse\\\/2017\\\/09\\\/probenhaus-fuer-das-lso\"]}]},{\"@type\":\"ImageObject\",\"inLanguage\":\"it-IT\",\"@id\":\"https:\\\/\\\/www.musikzeitung.ch\\\/anlaesse\\\/2017\\\/09\\\/probenhaus-fuer-das-lso#primaryimage\",\"url\":\"https:\\\/\\\/www.musikzeitung.ch\\\/wp-content\\\/uploads\\\/2023\\\/01\\\/ls11-1.jpg\",\"contentUrl\":\"https:\\\/\\\/www.musikzeitung.ch\\\/wp-content\\\/uploads\\\/2023\\\/01\\\/ls11-1.jpg\",\"width\":554,\"height\":311},{\"@type\":\"BreadcrumbList\",\"@id\":\"https:\\\/\\\/www.musikzeitung.ch\\\/anlaesse\\\/2017\\\/09\\\/probenhaus-fuer-das-lso#breadcrumb\",\"itemListElement\":[{\"@type\":\"ListItem\",\"position\":1,\"name\":\"Home\",\"item\":\"https:\\\/\\\/www.musikzeitung.ch\\\/\"},{\"@type\":\"ListItem\",\"position\":2,\"name\":\"Probenhaus f\u00fcr das LSO\"}]},{\"@type\":\"WebSite\",\"@id\":\"https:\\\/\\\/www.musikzeitung.ch\\\/#website\",\"url\":\"https:\\\/\\\/www.musikzeitung.ch\\\/\",\"name\":\"Schweizer Musikzeitung\",\"description\":\"Die f\u00fchrende sparten\u00fcbergreifende Monatszeitung in der Schweiz f\u00fcr musikalische Fragen.\",\"publisher\":{\"@id\":\"https:\\\/\\\/www.musikzeitung.ch\\\/#organization\"},\"potentialAction\":[{\"@type\":\"SearchAction\",\"target\":{\"@type\":\"EntryPoint\",\"urlTemplate\":\"https:\\\/\\\/www.musikzeitung.ch\\\/?s={search_term_string}\"},\"query-input\":{\"@type\":\"PropertyValueSpecification\",\"valueRequired\":true,\"valueName\":\"search_term_string\"}}],\"inLanguage\":\"it-IT\"},{\"@type\":\"Organization\",\"@id\":\"https:\\\/\\\/www.musikzeitung.ch\\\/#organization\",\"name\":\"Schweizer Musikzeitung\",\"url\":\"https:\\\/\\\/www.musikzeitung.ch\\\/\",\"logo\":{\"@type\":\"ImageObject\",\"inLanguage\":\"it-IT\",\"@id\":\"https:\\\/\\\/www.musikzeitung.ch\\\/#\\\/schema\\\/logo\\\/image\\\/\",\"url\":\"https:\\\/\\\/www.musikzeitung.ch\\\/wp-content\\\/uploads\\\/2023\\\/01\\\/SMZ_Schriftzug_Sprache.png\",\"contentUrl\":\"https:\\\/\\\/www.musikzeitung.ch\\\/wp-content\\\/uploads\\\/2023\\\/01\\\/SMZ_Schriftzug_Sprache.png\",\"width\":1400,\"height\":279,\"caption\":\"Schweizer Musikzeitung\"},\"image\":{\"@id\":\"https:\\\/\\\/www.musikzeitung.ch\\\/#\\\/schema\\\/logo\\\/image\\\/\"},\"sameAs\":[\"https:\\\/\\\/www.facebook.com\\\/SchweizerMusikzeitung\\\/\",\"https:\\\/\\\/x.com\\\/smusikzeitung\",\"https:\\\/\\\/www.instagram.com\\\/musikzeitung.ch\\\/\"]},{\"@type\":\"Person\",\"@id\":\"https:\\\/\\\/www.musikzeitung.ch\\\/#\\\/schema\\\/person\\\/b2fd892c800856270b9dcc6001265712\",\"name\":\"Musikzeitung-Redaktion\",\"image\":{\"@type\":\"ImageObject\",\"inLanguage\":\"it-IT\",\"@id\":\"https:\\\/\\\/www.musikzeitung.ch\\\/wp-content\\\/uploads\\\/2022\\\/05\\\/usericon_musikzeitung-96x96.jpg\",\"url\":\"https:\\\/\\\/www.musikzeitung.ch\\\/wp-content\\\/uploads\\\/2022\\\/05\\\/usericon_musikzeitung-96x96.jpg\",\"contentUrl\":\"https:\\\/\\\/www.musikzeitung.ch\\\/wp-content\\\/uploads\\\/2022\\\/05\\\/usericon_musikzeitung-96x96.jpg\",\"caption\":\"Musikzeitung-Redaktion\"},\"url\":\"https:\\\/\\\/www.musikzeitung.ch\\\/it\\\/author\\\/admin\"}]}<\/script>\n<!-- \/ Yoast SEO plugin. -->","yoast_head_json":{"title":"Probenhaus f\u00fcr das LSO - Schweizer Musikzeitung","robots":{"index":"index","follow":"follow","max-snippet":"max-snippet:-1","max-image-preview":"max-image-preview:large","max-video-preview":"max-video-preview:-1"},"canonical":"https:\/\/www.musikzeitung.ch\/it\/anlaesse\/2017\/09\/probenhaus-fuer-das-lso\/","og_locale":"it_IT","og_type":"article","og_title":"Probenhaus f\u00fcr das LSO - Schweizer Musikzeitung","og_description":"Ende 2019 soll das Probenhaus des Luzerner Sinfonieorchesters in Betrieb genommen werden. LSO-Intendant Numa Bischof Ullmann gab Einblick in den Stand der Planung und das Nutzungspotenzial des neuen Geb\u00e4udes.","og_url":"https:\/\/www.musikzeitung.ch\/it\/anlaesse\/2017\/09\/probenhaus-fuer-das-lso\/","og_site_name":"Schweizer Musikzeitung","article_publisher":"https:\/\/www.facebook.com\/SchweizerMusikzeitung\/","article_published_time":"2017-09-25T23:00:00+00:00","og_image":[{"width":554,"height":311,"url":"https:\/\/www.musikzeitung.ch\/wp-content\/uploads\/2023\/01\/ls11-1.jpg","type":"image\/jpeg"}],"author":"Musikzeitung-Redaktion","twitter_card":"summary_large_image","twitter_creator":"@smusikzeitung","twitter_site":"@smusikzeitung","twitter_misc":{"Scritto da":"Musikzeitung-Redaktion","Tempo di lettura stimato":"3 minuti"},"schema":{"@context":"https:\/\/schema.org","@graph":[{"@type":"Article","@id":"https:\/\/www.musikzeitung.ch\/anlaesse\/2017\/09\/probenhaus-fuer-das-lso#article","isPartOf":{"@id":"https:\/\/www.musikzeitung.ch\/anlaesse\/2017\/09\/probenhaus-fuer-das-lso"},"author":{"name":"Musikzeitung-Redaktion","@id":"https:\/\/www.musikzeitung.ch\/#\/schema\/person\/b2fd892c800856270b9dcc6001265712"},"headline":"Probenhaus f\u00fcr das LSO","datePublished":"2017-09-25T23:00:00+00:00","mainEntityOfPage":{"@id":"https:\/\/www.musikzeitung.ch\/anlaesse\/2017\/09\/probenhaus-fuer-das-lso"},"wordCount":577,"commentCount":0,"publisher":{"@id":"https:\/\/www.musikzeitung.ch\/#organization"},"image":{"@id":"https:\/\/www.musikzeitung.ch\/anlaesse\/2017\/09\/probenhaus-fuer-das-lso#primaryimage"},"thumbnailUrl":"https:\/\/www.musikzeitung.ch\/wp-content\/uploads\/2023\/01\/ls11-1.jpg","articleSection":["Anl\u00e4sse","Klassik"],"inLanguage":"it-IT"},{"@type":"WebPage","@id":"https:\/\/www.musikzeitung.ch\/anlaesse\/2017\/09\/probenhaus-fuer-das-lso","url":"https:\/\/www.musikzeitung.ch\/anlaesse\/2017\/09\/probenhaus-fuer-das-lso","name":"Probenhaus f\u00fcr das LSO - Schweizer Musikzeitung","isPartOf":{"@id":"https:\/\/www.musikzeitung.ch\/#website"},"primaryImageOfPage":{"@id":"https:\/\/www.musikzeitung.ch\/anlaesse\/2017\/09\/probenhaus-fuer-das-lso#primaryimage"},"image":{"@id":"https:\/\/www.musikzeitung.ch\/anlaesse\/2017\/09\/probenhaus-fuer-das-lso#primaryimage"},"thumbnailUrl":"https:\/\/www.musikzeitung.ch\/wp-content\/uploads\/2023\/01\/ls11-1.jpg","datePublished":"2017-09-25T23:00:00+00:00","breadcrumb":{"@id":"https:\/\/www.musikzeitung.ch\/anlaesse\/2017\/09\/probenhaus-fuer-das-lso#breadcrumb"},"inLanguage":"it-IT","potentialAction":[{"@type":"ReadAction","target":["https:\/\/www.musikzeitung.ch\/anlaesse\/2017\/09\/probenhaus-fuer-das-lso"]}]},{"@type":"ImageObject","inLanguage":"it-IT","@id":"https:\/\/www.musikzeitung.ch\/anlaesse\/2017\/09\/probenhaus-fuer-das-lso#primaryimage","url":"https:\/\/www.musikzeitung.ch\/wp-content\/uploads\/2023\/01\/ls11-1.jpg","contentUrl":"https:\/\/www.musikzeitung.ch\/wp-content\/uploads\/2023\/01\/ls11-1.jpg","width":554,"height":311},{"@type":"BreadcrumbList","@id":"https:\/\/www.musikzeitung.ch\/anlaesse\/2017\/09\/probenhaus-fuer-das-lso#breadcrumb","itemListElement":[{"@type":"ListItem","position":1,"name":"Home","item":"https:\/\/www.musikzeitung.ch\/"},{"@type":"ListItem","position":2,"name":"Probenhaus f\u00fcr das LSO"}]},{"@type":"WebSite","@id":"https:\/\/www.musikzeitung.ch\/#website","url":"https:\/\/www.musikzeitung.ch\/","name":"Giornale musicale svizzero","description":"Il principale mensile interdisciplinare della Svizzera per le questioni musicali.","publisher":{"@id":"https:\/\/www.musikzeitung.ch\/#organization"},"potentialAction":[{"@type":"SearchAction","target":{"@type":"EntryPoint","urlTemplate":"https:\/\/www.musikzeitung.ch\/?s={search_term_string}"},"query-input":{"@type":"PropertyValueSpecification","valueRequired":true,"valueName":"search_term_string"}}],"inLanguage":"it-IT"},{"@type":"Organization","@id":"https:\/\/www.musikzeitung.ch\/#organization","name":"Giornale musicale svizzero","url":"https:\/\/www.musikzeitung.ch\/","logo":{"@type":"ImageObject","inLanguage":"it-IT","@id":"https:\/\/www.musikzeitung.ch\/#\/schema\/logo\/image\/","url":"https:\/\/www.musikzeitung.ch\/wp-content\/uploads\/2023\/01\/SMZ_Schriftzug_Sprache.png","contentUrl":"https:\/\/www.musikzeitung.ch\/wp-content\/uploads\/2023\/01\/SMZ_Schriftzug_Sprache.png","width":1400,"height":279,"caption":"Schweizer Musikzeitung"},"image":{"@id":"https:\/\/www.musikzeitung.ch\/#\/schema\/logo\/image\/"},"sameAs":["https:\/\/www.facebook.com\/SchweizerMusikzeitung\/","https:\/\/x.com\/smusikzeitung","https:\/\/www.instagram.com\/musikzeitung.ch\/"]},{"@type":"Person","@id":"https:\/\/www.musikzeitung.ch\/#\/schema\/person\/b2fd892c800856270b9dcc6001265712","name":"Redazione Musikzeitung","image":{"@type":"ImageObject","inLanguage":"it-IT","@id":"https:\/\/www.musikzeitung.ch\/wp-content\/uploads\/2022\/05\/usericon_musikzeitung-96x96.jpg","url":"https:\/\/www.musikzeitung.ch\/wp-content\/uploads\/2022\/05\/usericon_musikzeitung-96x96.jpg","contentUrl":"https:\/\/www.musikzeitung.ch\/wp-content\/uploads\/2022\/05\/usericon_musikzeitung-96x96.jpg","caption":"Musikzeitung-Redaktion"},"url":"https:\/\/www.musikzeitung.ch\/it\/author\/admin"}]}},"publishpress_future_workflow_manual_trigger":{"enabledWorkflows":[]},"_links":{"self":[{"href":"https:\/\/www.musikzeitung.ch\/it\/wp-json\/wp\/v2\/posts\/826","targetHints":{"allow":["GET"]}}],"collection":[{"href":"https:\/\/www.musikzeitung.ch\/it\/wp-json\/wp\/v2\/posts"}],"about":[{"href":"https:\/\/www.musikzeitung.ch\/it\/wp-json\/wp\/v2\/types\/post"}],"author":[{"embeddable":true,"href":"https:\/\/www.musikzeitung.ch\/it\/wp-json\/wp\/v2\/users\/1"}],"replies":[{"embeddable":true,"href":"https:\/\/www.musikzeitung.ch\/it\/wp-json\/wp\/v2\/comments?post=826"}],"version-history":[{"count":0,"href":"https:\/\/www.musikzeitung.ch\/it\/wp-json\/wp\/v2\/posts\/826\/revisions"}],"wp:featuredmedia":[{"embeddable":true,"href":"https:\/\/www.musikzeitung.ch\/it\/wp-json\/wp\/v2\/media\/827"}],"wp:attachment":[{"href":"https:\/\/www.musikzeitung.ch\/it\/wp-json\/wp\/v2\/media?parent=826"}],"wp:term":[{"taxonomy":"category","embeddable":true,"href":"https:\/\/www.musikzeitung.ch\/it\/wp-json\/wp\/v2\/categories?post=826"},{"taxonomy":"post_tag","embeddable":true,"href":"https:\/\/www.musikzeitung.ch\/it\/wp-json\/wp\/v2\/tags?post=826"}],"curies":[{"name":"wp","href":"https:\/\/api.w.org\/{rel}","templated":true}]}}