{"id":8289,"date":"2014-07-01T00:00:00","date_gmt":"2014-06-30T23:00:00","guid":{"rendered":"https:\/\/www.musikzeitung.ch\/allgemein\/merkwuerdiger-eigensinn\/"},"modified":"2024-10-07T12:00:24","modified_gmt":"2024-10-07T10:00:24","slug":"merkwuerdiger-eigensinn","status":"publish","type":"post","link":"https:\/\/www.musikzeitung.ch\/it\/rezensionen\/tontraeger-rezensionen\/2014\/07\/merkwuerdiger-eigensinn","title":{"rendered":"Strana ostinazione"},"content":{"rendered":"<div class=\"text-section\">\n<figure id=\"attachment_59229\" aria-describedby=\"caption-attachment-59229\" style=\"width: 986px\" class=\"wp-caption alignnone\"><img loading=\"lazy\" decoding=\"async\" class=\"wp-image-59229 size-full\" src=\"https:\/\/www.musikzeitung.ch\/wp-content\/uploads\/2014\/07\/Bildnis_des_Musikers_Hermann_Suter_1922.jpg\" alt=\"\" width=\"986\" height=\"768\" srcset=\"https:\/\/www.musikzeitung.ch\/wp-content\/uploads\/2014\/07\/Bildnis_des_Musikers_Hermann_Suter_1922.jpg 986w, https:\/\/www.musikzeitung.ch\/wp-content\/uploads\/2014\/07\/Bildnis_des_Musikers_Hermann_Suter_1922-300x234.jpg 300w, https:\/\/www.musikzeitung.ch\/wp-content\/uploads\/2014\/07\/Bildnis_des_Musikers_Hermann_Suter_1922-768x598.jpg 768w, https:\/\/www.musikzeitung.ch\/wp-content\/uploads\/2014\/07\/Bildnis_des_Musikers_Hermann_Suter_1922-15x12.jpg 15w, https:\/\/www.musikzeitung.ch\/wp-content\/uploads\/2014\/07\/Bildnis_des_Musikers_Hermann_Suter_1922-225x175.jpg 225w, https:\/\/www.musikzeitung.ch\/wp-content\/uploads\/2014\/07\/Bildnis_des_Musikers_Hermann_Suter_1922-449x350.jpg 449w, https:\/\/www.musikzeitung.ch\/wp-content\/uploads\/2014\/07\/Bildnis_des_Musikers_Hermann_Suter_1922-920x717.jpg 920w\" sizes=\"auto, (max-width: 986px) 100vw, 986px\" \/><figcaption id=\"caption-attachment-59229\" class=\"wp-caption-text\">Ritratto di Hermann Suter di Heinrich Altherr, 1922 Fonte: <a href=\"https:\/\/commons.wikimedia.org\/wiki\/File:Bildnis_des_Musikers_Hermann_Suter,_1922.jpg?uselang=de\" target=\"_blank\" rel=\"noopener\">Kunstmuseum Basel \/ wikimedia commons<\/a><\/figcaption><\/figure>\n<p>Hermann Suter non \u00e8 una vecchia conoscenza. Fu attivo in Svizzera, dirigendo il Basler Gesangsverein, la Basler Liedertafel e la serie di concerti sinfonici della Allgemeine Musikgesellschaft. Oltre ai numerosi incarichi di direzione d'orchestra, ai quali aggiunse la direzione della Scuola di Musica di Basilea e del Conservatorio di Basilea dal 1918 al 1921, produsse solo una piccola opera di composizione. Se qualcuno conosce Suter, probabilmente risale al suo incontro con l'oratorio <em>Le laudi di S Francesco d'Assisi<\/em> (1925) e il Concerto per violino op. 23 (1924), dedicato al violinista Adolf Busch.<\/p>\n<p>I tre quartetti per archi pubblicati nella collana Musiques Suisses permettono ora di avere un'idea della musica da camera e della carriera del compositore. Suter compose il primo quartetto in re maggiore nel 1901, il secondo in do diesis minore nel 1910 e l'ultimo, il cosiddetto quartetto \"Blackbird Calls\" op. 20 in sol maggiore, nel 1918. Nessuno dei tre \u00e8 progressivo. I punti di riferimento sono in primo luogo Johannes Brahms, in secondo luogo Richard Wagner insieme a Max Reger e in terzo luogo \u00e8 palpabile l'influenza di Beethoven, che Suter ha sempre ammirato. I quartetti non sono cos\u00ec profondamente enigmatici come le ultime opere di Beethoven. Ma certamente riservano sorprese. Anche nel primo - in modo particolarmente evidente all'inizio del secondo movimento \"Moderato, con svogliatezza\" - ci sono svolte insolite che non possono essere spiegate con i punti di riferimento tedeschi.<\/p>\n<p>Si nota almeno una certa indipendenza. Nel terzo quartetto per archi si trasforma in un'ostinazione un po' sconcertante. Poco dopo la fine della Prima Guerra Mondiale, Suter si ritira, come dice giustamente l'autore del libretto Georg-Albrecht Eckle, \"quasi infantile nell'idillio che fa rivivere in un quartetto in tre movimenti allegramente malinconico ed estremamente distaccato\".<\/p>\n<p>Oltre a queste \"posizioni trasversali\" storiche, ci sono anche alcune inclinazioni intonali. Poich\u00e9 il Quartetto Beethoven \u00e8 un professionista esperto, gli arricchimenti microtonali sono probabilmente dovuti a vincoli di tempo durante la registrazione. Nonostante alcune riserve: Il CD rimane un eloquente tesoro per una storia della musica svizzera che deve ancora essere scritta.<\/p>\n<div class=\"text-section\">\n<dl class=\"picture media photo\">\n<dt><img decoding=\"async\" class=\"media photo aligncenter\" src=\"https:\/\/old.musikzeitung.ch\/imaging\/stk\/musikzeitung\/article-image-left\/website\/de\/rezensionen\/tontraeger\/2014\/07\/suter-quartette\/content\/02\/imageBinary\/Sutercover.jpg\" alt=\"Image \" \/><\/dt>\n<\/dl>\n<\/div>\n<div class=\"text-section\">\n<p><em>Hermann Suter: Quartetti per archi completi. Quartetto Beethoven: M\u00e1ty\u00e1s Bartha, Laurentius Bonitz, violino; Vahagn Aristakesyan, viola; Carlos Conrad, violoncello. Musiques Suisses MGB CD 6279<\/em><\/p>\n<\/div>\n<\/div>","protected":false},"excerpt":{"rendered":"<p><strong>Tre quartetti per archi, composti nell'arco di 20 anni, offrono una panoramica della musica da camera di Hermann Suter. <\/strong><\/p>","protected":false},"author":1,"featured_media":59229,"comment_status":"closed","ping_status":"closed","sticky":false,"template":"","format":"standard","meta":{"_acf_changed":false,"_relevanssi_hide_post":"","_relevanssi_hide_content":"","_relevanssi_pin_for_all":"","_relevanssi_pin_keywords":"","_relevanssi_unpin_keywords":"","_relevanssi_related_keywords":"","_relevanssi_related_include_ids":"","_relevanssi_related_exclude_ids":"","_relevanssi_related_no_append":"","_relevanssi_related_not_related":"","_relevanssi_related_posts":"","_relevanssi_noindex_reason":"","pgc_sgb_lightbox_settings":"","footnotes":""},"categories":[29,1420],"tags":[],"class_list":["post-8289","post","type-post","status-publish","format-standard","has-post-thumbnail","hentry","category-rezensionen","category-tontraeger-rezensionen"],"acf":[],"yoast_head":"<!-- This site is optimized with the Yoast SEO plugin v27.4 - https:\/\/yoast.com\/product\/yoast-seo-wordpress\/ -->\n<title>Merkw\u00fcrdiger Eigensinn - Schweizer Musikzeitung<\/title>\n<meta name=\"robots\" content=\"index, follow, max-snippet:-1, max-image-preview:large, max-video-preview:-1\" \/>\n<link rel=\"canonical\" href=\"https:\/\/www.musikzeitung.ch\/it\/rezensionen\/tontraeger-rezensionen\/2014\/07\/merkwuerdiger-eigensinn\/\" \/>\n<meta property=\"og:locale\" content=\"it_IT\" \/>\n<meta property=\"og:type\" content=\"article\" \/>\n<meta property=\"og:title\" content=\"Merkw\u00fcrdiger Eigensinn - Schweizer Musikzeitung\" \/>\n<meta property=\"og:description\" content=\"Drei Streichquartette, komponiert im Verlauf von 20 Jahren, geben Einblick in die Kammermusik Hermann Suters.\" \/>\n<meta property=\"og:url\" content=\"https:\/\/www.musikzeitung.ch\/it\/rezensionen\/tontraeger-rezensionen\/2014\/07\/merkwuerdiger-eigensinn\/\" \/>\n<meta property=\"og:site_name\" content=\"Schweizer Musikzeitung\" \/>\n<meta property=\"article:publisher\" content=\"https:\/\/www.facebook.com\/SchweizerMusikzeitung\/\" \/>\n<meta property=\"article:published_time\" content=\"2014-06-30T23:00:00+00:00\" \/>\n<meta property=\"article:modified_time\" content=\"2024-10-07T10:00:24+00:00\" \/>\n<meta property=\"og:image\" content=\"https:\/\/www.musikzeitung.ch\/wp-content\/uploads\/2014\/07\/Bildnis_des_Musikers_Hermann_Suter_1922.jpg\" \/>\n\t<meta property=\"og:image:width\" content=\"986\" \/>\n\t<meta property=\"og:image:height\" content=\"768\" \/>\n\t<meta property=\"og:image:type\" content=\"image\/jpeg\" \/>\n<meta name=\"author\" content=\"Musikzeitung-Redaktion\" \/>\n<meta name=\"twitter:card\" content=\"summary_large_image\" \/>\n<meta name=\"twitter:creator\" content=\"@smusikzeitung\" \/>\n<meta name=\"twitter:site\" content=\"@smusikzeitung\" \/>\n<meta name=\"twitter:label1\" content=\"Scritto da\" \/>\n\t<meta name=\"twitter:data1\" content=\"Musikzeitung-Redaktion\" \/>\n\t<meta name=\"twitter:label2\" content=\"Tempo di lettura stimato\" \/>\n\t<meta name=\"twitter:data2\" content=\"3 minuti\" \/>\n<script type=\"application\/ld+json\" class=\"yoast-schema-graph\">{\"@context\":\"https:\\\/\\\/schema.org\",\"@graph\":[{\"@type\":\"Article\",\"@id\":\"https:\\\/\\\/www.musikzeitung.ch\\\/rezensionen\\\/tontraeger-rezensionen\\\/2014\\\/07\\\/merkwuerdiger-eigensinn#article\",\"isPartOf\":{\"@id\":\"https:\\\/\\\/www.musikzeitung.ch\\\/rezensionen\\\/tontraeger-rezensionen\\\/2014\\\/07\\\/merkwuerdiger-eigensinn\"},\"author\":{\"name\":\"Musikzeitung-Redaktion\",\"@id\":\"https:\\\/\\\/www.musikzeitung.ch\\\/#\\\/schema\\\/person\\\/b2fd892c800856270b9dcc6001265712\"},\"headline\":\"Merkw\u00fcrdiger Eigensinn\",\"datePublished\":\"2014-06-30T23:00:00+00:00\",\"dateModified\":\"2024-10-07T10:00:24+00:00\",\"mainEntityOfPage\":{\"@id\":\"https:\\\/\\\/www.musikzeitung.ch\\\/rezensionen\\\/tontraeger-rezensionen\\\/2014\\\/07\\\/merkwuerdiger-eigensinn\"},\"wordCount\":370,\"publisher\":{\"@id\":\"https:\\\/\\\/www.musikzeitung.ch\\\/#organization\"},\"image\":{\"@id\":\"https:\\\/\\\/www.musikzeitung.ch\\\/rezensionen\\\/tontraeger-rezensionen\\\/2014\\\/07\\\/merkwuerdiger-eigensinn#primaryimage\"},\"thumbnailUrl\":\"https:\\\/\\\/www.musikzeitung.ch\\\/wp-content\\\/uploads\\\/2014\\\/07\\\/Bildnis_des_Musikers_Hermann_Suter_1922.jpg\",\"articleSection\":[\"Rezensionen\",\"Tontr\u00e4ger\"],\"inLanguage\":\"it-IT\"},{\"@type\":\"WebPage\",\"@id\":\"https:\\\/\\\/www.musikzeitung.ch\\\/rezensionen\\\/tontraeger-rezensionen\\\/2014\\\/07\\\/merkwuerdiger-eigensinn\",\"url\":\"https:\\\/\\\/www.musikzeitung.ch\\\/rezensionen\\\/tontraeger-rezensionen\\\/2014\\\/07\\\/merkwuerdiger-eigensinn\",\"name\":\"Merkw\u00fcrdiger Eigensinn - Schweizer Musikzeitung\",\"isPartOf\":{\"@id\":\"https:\\\/\\\/www.musikzeitung.ch\\\/#website\"},\"primaryImageOfPage\":{\"@id\":\"https:\\\/\\\/www.musikzeitung.ch\\\/rezensionen\\\/tontraeger-rezensionen\\\/2014\\\/07\\\/merkwuerdiger-eigensinn#primaryimage\"},\"image\":{\"@id\":\"https:\\\/\\\/www.musikzeitung.ch\\\/rezensionen\\\/tontraeger-rezensionen\\\/2014\\\/07\\\/merkwuerdiger-eigensinn#primaryimage\"},\"thumbnailUrl\":\"https:\\\/\\\/www.musikzeitung.ch\\\/wp-content\\\/uploads\\\/2014\\\/07\\\/Bildnis_des_Musikers_Hermann_Suter_1922.jpg\",\"datePublished\":\"2014-06-30T23:00:00+00:00\",\"dateModified\":\"2024-10-07T10:00:24+00:00\",\"breadcrumb\":{\"@id\":\"https:\\\/\\\/www.musikzeitung.ch\\\/rezensionen\\\/tontraeger-rezensionen\\\/2014\\\/07\\\/merkwuerdiger-eigensinn#breadcrumb\"},\"inLanguage\":\"it-IT\",\"potentialAction\":[{\"@type\":\"ReadAction\",\"target\":[\"https:\\\/\\\/www.musikzeitung.ch\\\/rezensionen\\\/tontraeger-rezensionen\\\/2014\\\/07\\\/merkwuerdiger-eigensinn\"]}]},{\"@type\":\"ImageObject\",\"inLanguage\":\"it-IT\",\"@id\":\"https:\\\/\\\/www.musikzeitung.ch\\\/rezensionen\\\/tontraeger-rezensionen\\\/2014\\\/07\\\/merkwuerdiger-eigensinn#primaryimage\",\"url\":\"https:\\\/\\\/www.musikzeitung.ch\\\/wp-content\\\/uploads\\\/2014\\\/07\\\/Bildnis_des_Musikers_Hermann_Suter_1922.jpg\",\"contentUrl\":\"https:\\\/\\\/www.musikzeitung.ch\\\/wp-content\\\/uploads\\\/2014\\\/07\\\/Bildnis_des_Musikers_Hermann_Suter_1922.jpg\",\"width\":986,\"height\":768},{\"@type\":\"BreadcrumbList\",\"@id\":\"https:\\\/\\\/www.musikzeitung.ch\\\/rezensionen\\\/tontraeger-rezensionen\\\/2014\\\/07\\\/merkwuerdiger-eigensinn#breadcrumb\",\"itemListElement\":[{\"@type\":\"ListItem\",\"position\":1,\"name\":\"Home\",\"item\":\"https:\\\/\\\/www.musikzeitung.ch\\\/\"},{\"@type\":\"ListItem\",\"position\":2,\"name\":\"Merkw\u00fcrdiger Eigensinn\"}]},{\"@type\":\"WebSite\",\"@id\":\"https:\\\/\\\/www.musikzeitung.ch\\\/#website\",\"url\":\"https:\\\/\\\/www.musikzeitung.ch\\\/\",\"name\":\"Schweizer Musikzeitung\",\"description\":\"Die f\u00fchrende sparten\u00fcbergreifende Monatszeitung in der Schweiz f\u00fcr musikalische Fragen.\",\"publisher\":{\"@id\":\"https:\\\/\\\/www.musikzeitung.ch\\\/#organization\"},\"potentialAction\":[{\"@type\":\"SearchAction\",\"target\":{\"@type\":\"EntryPoint\",\"urlTemplate\":\"https:\\\/\\\/www.musikzeitung.ch\\\/?s={search_term_string}\"},\"query-input\":{\"@type\":\"PropertyValueSpecification\",\"valueRequired\":true,\"valueName\":\"search_term_string\"}}],\"inLanguage\":\"it-IT\"},{\"@type\":\"Organization\",\"@id\":\"https:\\\/\\\/www.musikzeitung.ch\\\/#organization\",\"name\":\"Schweizer Musikzeitung\",\"url\":\"https:\\\/\\\/www.musikzeitung.ch\\\/\",\"logo\":{\"@type\":\"ImageObject\",\"inLanguage\":\"it-IT\",\"@id\":\"https:\\\/\\\/www.musikzeitung.ch\\\/#\\\/schema\\\/logo\\\/image\\\/\",\"url\":\"https:\\\/\\\/www.musikzeitung.ch\\\/wp-content\\\/uploads\\\/2023\\\/01\\\/SMZ_Schriftzug_Sprache.png\",\"contentUrl\":\"https:\\\/\\\/www.musikzeitung.ch\\\/wp-content\\\/uploads\\\/2023\\\/01\\\/SMZ_Schriftzug_Sprache.png\",\"width\":1400,\"height\":279,\"caption\":\"Schweizer Musikzeitung\"},\"image\":{\"@id\":\"https:\\\/\\\/www.musikzeitung.ch\\\/#\\\/schema\\\/logo\\\/image\\\/\"},\"sameAs\":[\"https:\\\/\\\/www.facebook.com\\\/SchweizerMusikzeitung\\\/\",\"https:\\\/\\\/x.com\\\/smusikzeitung\",\"https:\\\/\\\/www.instagram.com\\\/musikzeitung.ch\\\/\"]},{\"@type\":\"Person\",\"@id\":\"https:\\\/\\\/www.musikzeitung.ch\\\/#\\\/schema\\\/person\\\/b2fd892c800856270b9dcc6001265712\",\"name\":\"Musikzeitung-Redaktion\",\"image\":{\"@type\":\"ImageObject\",\"inLanguage\":\"it-IT\",\"@id\":\"https:\\\/\\\/www.musikzeitung.ch\\\/wp-content\\\/uploads\\\/2022\\\/05\\\/usericon_musikzeitung-96x96.jpg\",\"url\":\"https:\\\/\\\/www.musikzeitung.ch\\\/wp-content\\\/uploads\\\/2022\\\/05\\\/usericon_musikzeitung-96x96.jpg\",\"contentUrl\":\"https:\\\/\\\/www.musikzeitung.ch\\\/wp-content\\\/uploads\\\/2022\\\/05\\\/usericon_musikzeitung-96x96.jpg\",\"caption\":\"Musikzeitung-Redaktion\"},\"url\":\"https:\\\/\\\/www.musikzeitung.ch\\\/it\\\/author\\\/admin\"}]}<\/script>\n<!-- \/ Yoast SEO plugin. -->","yoast_head_json":{"title":"Strana ostinazione - Schweizer Musikzeitung","robots":{"index":"index","follow":"follow","max-snippet":"max-snippet:-1","max-image-preview":"max-image-preview:large","max-video-preview":"max-video-preview:-1"},"canonical":"https:\/\/www.musikzeitung.ch\/it\/rezensionen\/tontraeger-rezensionen\/2014\/07\/merkwuerdiger-eigensinn\/","og_locale":"it_IT","og_type":"article","og_title":"Merkw\u00fcrdiger Eigensinn - Schweizer Musikzeitung","og_description":"Drei Streichquartette, komponiert im Verlauf von 20 Jahren, geben Einblick in die Kammermusik Hermann Suters.","og_url":"https:\/\/www.musikzeitung.ch\/it\/rezensionen\/tontraeger-rezensionen\/2014\/07\/merkwuerdiger-eigensinn\/","og_site_name":"Schweizer Musikzeitung","article_publisher":"https:\/\/www.facebook.com\/SchweizerMusikzeitung\/","article_published_time":"2014-06-30T23:00:00+00:00","article_modified_time":"2024-10-07T10:00:24+00:00","og_image":[{"width":986,"height":768,"url":"https:\/\/www.musikzeitung.ch\/wp-content\/uploads\/2014\/07\/Bildnis_des_Musikers_Hermann_Suter_1922.jpg","type":"image\/jpeg"}],"author":"Musikzeitung-Redaktion","twitter_card":"summary_large_image","twitter_creator":"@smusikzeitung","twitter_site":"@smusikzeitung","twitter_misc":{"Scritto da":"Musikzeitung-Redaktion","Tempo di lettura stimato":"3 minuti"},"schema":{"@context":"https:\/\/schema.org","@graph":[{"@type":"Article","@id":"https:\/\/www.musikzeitung.ch\/rezensionen\/tontraeger-rezensionen\/2014\/07\/merkwuerdiger-eigensinn#article","isPartOf":{"@id":"https:\/\/www.musikzeitung.ch\/rezensionen\/tontraeger-rezensionen\/2014\/07\/merkwuerdiger-eigensinn"},"author":{"name":"Musikzeitung-Redaktion","@id":"https:\/\/www.musikzeitung.ch\/#\/schema\/person\/b2fd892c800856270b9dcc6001265712"},"headline":"Merkw\u00fcrdiger Eigensinn","datePublished":"2014-06-30T23:00:00+00:00","dateModified":"2024-10-07T10:00:24+00:00","mainEntityOfPage":{"@id":"https:\/\/www.musikzeitung.ch\/rezensionen\/tontraeger-rezensionen\/2014\/07\/merkwuerdiger-eigensinn"},"wordCount":370,"publisher":{"@id":"https:\/\/www.musikzeitung.ch\/#organization"},"image":{"@id":"https:\/\/www.musikzeitung.ch\/rezensionen\/tontraeger-rezensionen\/2014\/07\/merkwuerdiger-eigensinn#primaryimage"},"thumbnailUrl":"https:\/\/www.musikzeitung.ch\/wp-content\/uploads\/2014\/07\/Bildnis_des_Musikers_Hermann_Suter_1922.jpg","articleSection":["Rezensionen","Tontr\u00e4ger"],"inLanguage":"it-IT"},{"@type":"WebPage","@id":"https:\/\/www.musikzeitung.ch\/rezensionen\/tontraeger-rezensionen\/2014\/07\/merkwuerdiger-eigensinn","url":"https:\/\/www.musikzeitung.ch\/rezensionen\/tontraeger-rezensionen\/2014\/07\/merkwuerdiger-eigensinn","name":"Strana ostinazione - Schweizer Musikzeitung","isPartOf":{"@id":"https:\/\/www.musikzeitung.ch\/#website"},"primaryImageOfPage":{"@id":"https:\/\/www.musikzeitung.ch\/rezensionen\/tontraeger-rezensionen\/2014\/07\/merkwuerdiger-eigensinn#primaryimage"},"image":{"@id":"https:\/\/www.musikzeitung.ch\/rezensionen\/tontraeger-rezensionen\/2014\/07\/merkwuerdiger-eigensinn#primaryimage"},"thumbnailUrl":"https:\/\/www.musikzeitung.ch\/wp-content\/uploads\/2014\/07\/Bildnis_des_Musikers_Hermann_Suter_1922.jpg","datePublished":"2014-06-30T23:00:00+00:00","dateModified":"2024-10-07T10:00:24+00:00","breadcrumb":{"@id":"https:\/\/www.musikzeitung.ch\/rezensionen\/tontraeger-rezensionen\/2014\/07\/merkwuerdiger-eigensinn#breadcrumb"},"inLanguage":"it-IT","potentialAction":[{"@type":"ReadAction","target":["https:\/\/www.musikzeitung.ch\/rezensionen\/tontraeger-rezensionen\/2014\/07\/merkwuerdiger-eigensinn"]}]},{"@type":"ImageObject","inLanguage":"it-IT","@id":"https:\/\/www.musikzeitung.ch\/rezensionen\/tontraeger-rezensionen\/2014\/07\/merkwuerdiger-eigensinn#primaryimage","url":"https:\/\/www.musikzeitung.ch\/wp-content\/uploads\/2014\/07\/Bildnis_des_Musikers_Hermann_Suter_1922.jpg","contentUrl":"https:\/\/www.musikzeitung.ch\/wp-content\/uploads\/2014\/07\/Bildnis_des_Musikers_Hermann_Suter_1922.jpg","width":986,"height":768},{"@type":"BreadcrumbList","@id":"https:\/\/www.musikzeitung.ch\/rezensionen\/tontraeger-rezensionen\/2014\/07\/merkwuerdiger-eigensinn#breadcrumb","itemListElement":[{"@type":"ListItem","position":1,"name":"Home","item":"https:\/\/www.musikzeitung.ch\/"},{"@type":"ListItem","position":2,"name":"Merkw\u00fcrdiger Eigensinn"}]},{"@type":"WebSite","@id":"https:\/\/www.musikzeitung.ch\/#website","url":"https:\/\/www.musikzeitung.ch\/","name":"Giornale musicale svizzero","description":"Il principale mensile interdisciplinare della Svizzera per le questioni musicali.","publisher":{"@id":"https:\/\/www.musikzeitung.ch\/#organization"},"potentialAction":[{"@type":"SearchAction","target":{"@type":"EntryPoint","urlTemplate":"https:\/\/www.musikzeitung.ch\/?s={search_term_string}"},"query-input":{"@type":"PropertyValueSpecification","valueRequired":true,"valueName":"search_term_string"}}],"inLanguage":"it-IT"},{"@type":"Organization","@id":"https:\/\/www.musikzeitung.ch\/#organization","name":"Giornale musicale svizzero","url":"https:\/\/www.musikzeitung.ch\/","logo":{"@type":"ImageObject","inLanguage":"it-IT","@id":"https:\/\/www.musikzeitung.ch\/#\/schema\/logo\/image\/","url":"https:\/\/www.musikzeitung.ch\/wp-content\/uploads\/2023\/01\/SMZ_Schriftzug_Sprache.png","contentUrl":"https:\/\/www.musikzeitung.ch\/wp-content\/uploads\/2023\/01\/SMZ_Schriftzug_Sprache.png","width":1400,"height":279,"caption":"Schweizer Musikzeitung"},"image":{"@id":"https:\/\/www.musikzeitung.ch\/#\/schema\/logo\/image\/"},"sameAs":["https:\/\/www.facebook.com\/SchweizerMusikzeitung\/","https:\/\/x.com\/smusikzeitung","https:\/\/www.instagram.com\/musikzeitung.ch\/"]},{"@type":"Person","@id":"https:\/\/www.musikzeitung.ch\/#\/schema\/person\/b2fd892c800856270b9dcc6001265712","name":"Redazione Musikzeitung","image":{"@type":"ImageObject","inLanguage":"it-IT","@id":"https:\/\/www.musikzeitung.ch\/wp-content\/uploads\/2022\/05\/usericon_musikzeitung-96x96.jpg","url":"https:\/\/www.musikzeitung.ch\/wp-content\/uploads\/2022\/05\/usericon_musikzeitung-96x96.jpg","contentUrl":"https:\/\/www.musikzeitung.ch\/wp-content\/uploads\/2022\/05\/usericon_musikzeitung-96x96.jpg","caption":"Musikzeitung-Redaktion"},"url":"https:\/\/www.musikzeitung.ch\/it\/author\/admin"}]}},"publishpress_future_workflow_manual_trigger":{"enabledWorkflows":[]},"_links":{"self":[{"href":"https:\/\/www.musikzeitung.ch\/it\/wp-json\/wp\/v2\/posts\/8289","targetHints":{"allow":["GET"]}}],"collection":[{"href":"https:\/\/www.musikzeitung.ch\/it\/wp-json\/wp\/v2\/posts"}],"about":[{"href":"https:\/\/www.musikzeitung.ch\/it\/wp-json\/wp\/v2\/types\/post"}],"author":[{"embeddable":true,"href":"https:\/\/www.musikzeitung.ch\/it\/wp-json\/wp\/v2\/users\/1"}],"replies":[{"embeddable":true,"href":"https:\/\/www.musikzeitung.ch\/it\/wp-json\/wp\/v2\/comments?post=8289"}],"version-history":[{"count":2,"href":"https:\/\/www.musikzeitung.ch\/it\/wp-json\/wp\/v2\/posts\/8289\/revisions"}],"predecessor-version":[{"id":59233,"href":"https:\/\/www.musikzeitung.ch\/it\/wp-json\/wp\/v2\/posts\/8289\/revisions\/59233"}],"wp:featuredmedia":[{"embeddable":true,"href":"https:\/\/www.musikzeitung.ch\/it\/wp-json\/wp\/v2\/media\/59229"}],"wp:attachment":[{"href":"https:\/\/www.musikzeitung.ch\/it\/wp-json\/wp\/v2\/media?parent=8289"}],"wp:term":[{"taxonomy":"category","embeddable":true,"href":"https:\/\/www.musikzeitung.ch\/it\/wp-json\/wp\/v2\/categories?post=8289"},{"taxonomy":"post_tag","embeddable":true,"href":"https:\/\/www.musikzeitung.ch\/it\/wp-json\/wp\/v2\/tags?post=8289"}],"curies":[{"name":"wp","href":"https:\/\/api.w.org\/{rel}","templated":true}]}}