{"id":8297,"date":"2014-06-04T00:00:00","date_gmt":"2014-06-03T23:00:00","guid":{"rendered":"https:\/\/www.musikzeitung.ch\/allgemein\/ein-freundeskreis-in-paris\/"},"modified":"2024-10-07T12:18:49","modified_gmt":"2024-10-07T10:18:49","slug":"ein-freundeskreis-in-paris","status":"publish","type":"post","link":"https:\/\/www.musikzeitung.ch\/it\/rezensionen\/tontraeger-rezensionen\/2014\/06\/ein-freundeskreis-in-paris","title":{"rendered":"Una cerchia di amici a Parigi"},"content":{"rendered":"<div class=\"text-section\">\n<figure id=\"attachment_8298\" aria-describedby=\"caption-attachment-8298\" style=\"width: 554px\" class=\"wp-caption alignnone\"><img loading=\"lazy\" decoding=\"async\" class=\"wp-image-8298 size-full\" src=\"https:\/\/www.musikzeitung.ch\/wp-content\/uploads\/2023\/01\/Lipsi.jpg\" alt=\"\" width=\"554\" height=\"291\" srcset=\"https:\/\/www.musikzeitung.ch\/wp-content\/uploads\/2023\/01\/Lipsi.jpg 554w, https:\/\/www.musikzeitung.ch\/wp-content\/uploads\/2023\/01\/Lipsi-300x158.jpg 300w, https:\/\/www.musikzeitung.ch\/wp-content\/uploads\/2023\/01\/Lipsi-333x175.jpg 333w\" sizes=\"auto, (max-width: 554px) 100vw, 554px\" \/><figcaption id=\"caption-attachment-8298\" class=\"wp-caption-text\">Estratto dalla copertina del CD<\/figcaption><\/figure>\n<p>Una volta un produttore mi disse che non avrebbe pi\u00f9 realizzato CD di progetto con opere di diversi compositori: si sarebbero semplicemente persi nella massa di musica che viene immessa sul mercato ogni mese e, nella migliore delle ipotesi, sarebbero finiti sotto la voce \"miscellanea\" anche nei negozi specializzati. Comprensibile, ma purtroppo non in linea con la realt\u00e0 sonora. In ogni tempo sono state prodotte le cosiddette edizioni da collezione o opere comuni, in cui diversi compositori hanno contribuito con pezzi per lo pi\u00f9 brevi. E spesso sono proprio queste edizioni a dire di pi\u00f9 su un periodo, uno stile o una scuola rispetto a molte opere principali.<\/p>\n<p>Ci\u00f2 \u00e8 dimostrato anche dalla prima registrazione completa di Gabrielle Beck-Lipsi del suo <em>Treize Danses<\/em> (1929). Eseguito in modo tanto intelligente quanto brillante e spiritoso, \u00e8 un ritratto di gruppo di prim'ordine. \u00c8 completato da sette opere pi\u00f9 ampie di Conrad Beck, Tibor Hars\u00e1nyi, Bohuslav Martin\u016f, Alexandre Tansman e Alexander Tscherepnin, tutti appartenenti all'\"\u00c9cole de Paris\" - un circolo di amici di compositori stranieri negli anni Trenta, con cui il pianista ha anche un legame familiare. In questo modo, nell'interpretazione tutt'altro che asciutta risuona molto di pi\u00f9 di quanto le semplici note siano in grado di rivelare, rendendo la registrazione stessa un documento, catturato anche in un'acustica eccezionale.<\/p>\n<p>Ci\u00f2 rende ancora pi\u00f9 incomprensibile il fatto che la produzione al di fuori della Svizzera (soprattutto nell'era del \"click and buy\" transfrontaliero) sia non solo difficile da trovare, ma anche scomoda da ottenere.<\/p>\n<p>&nbsp;<\/p>\n<p><em>CD 1: \"Ecole de Paris<br \/>\nAlexander Cherepnin (1899-1977): Bagatelle, op. 5 e 5 Studi da concerto, op. 52<br \/>\nConrad Beck (1901-1989): Due pezzi di danza e 1a Sonatina<br \/>\nBohuslav Martinu (1890-1959): Trois Esquisses<br \/>\nAlexander Tansman (1897-1986): Sonatine transatlantiche<br \/>\nTibor Harsanyi (1898-1954): Blues<\/em><\/p>\n<p><em><img loading=\"lazy\" decoding=\"async\" class=\"alignnone size-full wp-image-59240\" src=\"https:\/\/www.musikzeitung.ch\/wp-content\/uploads\/2014\/06\/treize-danses-cover.jpg\" alt=\"\" width=\"180\" height=\"180\" srcset=\"https:\/\/www.musikzeitung.ch\/wp-content\/uploads\/2014\/06\/treize-danses-cover.jpg 180w, https:\/\/www.musikzeitung.ch\/wp-content\/uploads\/2014\/06\/treize-danses-cover-12x12.jpg 12w, https:\/\/www.musikzeitung.ch\/wp-content\/uploads\/2014\/06\/treize-danses-cover-175x175.jpg 175w, https:\/\/www.musikzeitung.ch\/wp-content\/uploads\/2014\/06\/treize-danses-cover-150x150.jpg 150w, https:\/\/www.musikzeitung.ch\/wp-content\/uploads\/2014\/06\/treize-danses-cover-100x100.jpg 100w, https:\/\/www.musikzeitung.ch\/wp-content\/uploads\/2014\/06\/treize-danses-cover-24x24.jpg 24w, https:\/\/www.musikzeitung.ch\/wp-content\/uploads\/2014\/06\/treize-danses-cover-48x48.jpg 48w, https:\/\/www.musikzeitung.ch\/wp-content\/uploads\/2014\/06\/treize-danses-cover-96x96.jpg 96w\" sizes=\"auto, (max-width: 180px) 100vw, 180px\" \/><br \/>\nCD 2: \"Treize Danses\"<br \/>\nConrad Beck (1901-1989): Danse<br \/>\nMarcel Delannoy (1898-1962): Rigaudon<br \/>\nPierre-Octave Ferroud (1900-1936): La baccante, Blues<br \/>\nTibor Harsanyi (1898-1954): Fox-Trot<br \/>\nJacques Larmanjat (1878-1952): Valse<br \/>\nNikolai Lopatnikoff (1903-1976): Gavotte<br \/>\nBohuslav Martinu (1890-1959): La Danse<br \/>\nGeorges Migot (1891-1076): La S\u00e8gue<br \/>\nMarcel Mihalovici (1898-1985): Cindia<br \/>\nManuel Rosenthal (1904-2003): Valse des P\u00eacheurs \u00e0 la Ligne<br \/>\nErwin Schulhoff (1894-1942): Boston<br \/>\nAlexander Tansman (1897-1986): Burlesque<br \/>\nJean Wi\u00e9ner (1896-1982): R\u00eave<\/em><\/p>\n<p><em> M\u00fcller &amp; Schade 5080 (2 CD) <\/em><\/p>\n<\/div>","protected":false},"excerpt":{"rendered":"<p><strong>Le opere pianistiche di questi compositori, che si sono incontrati negli anni Venti, riflettono un periodo stilisticamente diverso. <\/strong><\/p>","protected":false},"author":1,"featured_media":8298,"comment_status":"closed","ping_status":"closed","sticky":false,"template":"","format":"standard","meta":{"_acf_changed":false,"_relevanssi_hide_post":"","_relevanssi_hide_content":"","_relevanssi_pin_for_all":"","_relevanssi_pin_keywords":"","_relevanssi_unpin_keywords":"","_relevanssi_related_keywords":"","_relevanssi_related_include_ids":"","_relevanssi_related_exclude_ids":"","_relevanssi_related_no_append":"","_relevanssi_related_not_related":"","_relevanssi_related_posts":"","_relevanssi_noindex_reason":"","pgc_sgb_lightbox_settings":"","footnotes":""},"categories":[29,1420],"tags":[],"class_list":["post-8297","post","type-post","status-publish","format-standard","has-post-thumbnail","hentry","category-rezensionen","category-tontraeger-rezensionen"],"acf":[],"yoast_head":"<!-- This site is optimized with the Yoast SEO plugin v27.4 - https:\/\/yoast.com\/product\/yoast-seo-wordpress\/ -->\n<title>Ein Freundeskreis in Paris - Schweizer Musikzeitung<\/title>\n<meta name=\"robots\" content=\"index, follow, max-snippet:-1, max-image-preview:large, max-video-preview:-1\" \/>\n<link rel=\"canonical\" href=\"https:\/\/www.musikzeitung.ch\/it\/rezensionen\/tontraeger-rezensionen\/2014\/06\/ein-freundeskreis-in-paris\/\" \/>\n<meta property=\"og:locale\" content=\"it_IT\" \/>\n<meta property=\"og:type\" content=\"article\" \/>\n<meta property=\"og:title\" content=\"Ein Freundeskreis in Paris - Schweizer Musikzeitung\" \/>\n<meta property=\"og:description\" content=\"Die Klavierwerke dieser Komponisten, die in den 1920ern zusammentrafen, reflektieren eine stilistisch vielgestaltige Zeit.\" \/>\n<meta property=\"og:url\" content=\"https:\/\/www.musikzeitung.ch\/it\/rezensionen\/tontraeger-rezensionen\/2014\/06\/ein-freundeskreis-in-paris\/\" \/>\n<meta property=\"og:site_name\" content=\"Schweizer Musikzeitung\" \/>\n<meta property=\"article:publisher\" content=\"https:\/\/www.facebook.com\/SchweizerMusikzeitung\/\" \/>\n<meta property=\"article:published_time\" content=\"2014-06-03T23:00:00+00:00\" \/>\n<meta property=\"article:modified_time\" content=\"2024-10-07T10:18:49+00:00\" \/>\n<meta property=\"og:image\" content=\"https:\/\/www.musikzeitung.ch\/wp-content\/uploads\/2023\/01\/Lipsi.jpg\" \/>\n\t<meta property=\"og:image:width\" content=\"554\" \/>\n\t<meta property=\"og:image:height\" content=\"291\" \/>\n\t<meta property=\"og:image:type\" content=\"image\/jpeg\" \/>\n<meta name=\"author\" content=\"Musikzeitung-Redaktion\" \/>\n<meta name=\"twitter:card\" content=\"summary_large_image\" \/>\n<meta name=\"twitter:creator\" content=\"@smusikzeitung\" \/>\n<meta name=\"twitter:site\" content=\"@smusikzeitung\" \/>\n<meta name=\"twitter:label1\" content=\"Scritto da\" \/>\n\t<meta name=\"twitter:data1\" content=\"Musikzeitung-Redaktion\" \/>\n\t<meta name=\"twitter:label2\" content=\"Tempo di lettura stimato\" \/>\n\t<meta name=\"twitter:data2\" content=\"3 minuti\" \/>\n<script type=\"application\/ld+json\" class=\"yoast-schema-graph\">{\"@context\":\"https:\\\/\\\/schema.org\",\"@graph\":[{\"@type\":\"Article\",\"@id\":\"https:\\\/\\\/www.musikzeitung.ch\\\/rezensionen\\\/tontraeger-rezensionen\\\/2014\\\/06\\\/ein-freundeskreis-in-paris#article\",\"isPartOf\":{\"@id\":\"https:\\\/\\\/www.musikzeitung.ch\\\/rezensionen\\\/tontraeger-rezensionen\\\/2014\\\/06\\\/ein-freundeskreis-in-paris\"},\"author\":{\"name\":\"Musikzeitung-Redaktion\",\"@id\":\"https:\\\/\\\/www.musikzeitung.ch\\\/#\\\/schema\\\/person\\\/b2fd892c800856270b9dcc6001265712\"},\"headline\":\"Ein Freundeskreis in Paris\",\"datePublished\":\"2014-06-03T23:00:00+00:00\",\"dateModified\":\"2024-10-07T10:18:49+00:00\",\"mainEntityOfPage\":{\"@id\":\"https:\\\/\\\/www.musikzeitung.ch\\\/rezensionen\\\/tontraeger-rezensionen\\\/2014\\\/06\\\/ein-freundeskreis-in-paris\"},\"wordCount\":361,\"publisher\":{\"@id\":\"https:\\\/\\\/www.musikzeitung.ch\\\/#organization\"},\"image\":{\"@id\":\"https:\\\/\\\/www.musikzeitung.ch\\\/rezensionen\\\/tontraeger-rezensionen\\\/2014\\\/06\\\/ein-freundeskreis-in-paris#primaryimage\"},\"thumbnailUrl\":\"https:\\\/\\\/www.musikzeitung.ch\\\/wp-content\\\/uploads\\\/2023\\\/01\\\/Lipsi.jpg\",\"articleSection\":[\"Rezensionen\",\"Tontr\u00e4ger\"],\"inLanguage\":\"it-IT\"},{\"@type\":\"WebPage\",\"@id\":\"https:\\\/\\\/www.musikzeitung.ch\\\/rezensionen\\\/tontraeger-rezensionen\\\/2014\\\/06\\\/ein-freundeskreis-in-paris\",\"url\":\"https:\\\/\\\/www.musikzeitung.ch\\\/rezensionen\\\/tontraeger-rezensionen\\\/2014\\\/06\\\/ein-freundeskreis-in-paris\",\"name\":\"Ein Freundeskreis in Paris - Schweizer Musikzeitung\",\"isPartOf\":{\"@id\":\"https:\\\/\\\/www.musikzeitung.ch\\\/#website\"},\"primaryImageOfPage\":{\"@id\":\"https:\\\/\\\/www.musikzeitung.ch\\\/rezensionen\\\/tontraeger-rezensionen\\\/2014\\\/06\\\/ein-freundeskreis-in-paris#primaryimage\"},\"image\":{\"@id\":\"https:\\\/\\\/www.musikzeitung.ch\\\/rezensionen\\\/tontraeger-rezensionen\\\/2014\\\/06\\\/ein-freundeskreis-in-paris#primaryimage\"},\"thumbnailUrl\":\"https:\\\/\\\/www.musikzeitung.ch\\\/wp-content\\\/uploads\\\/2023\\\/01\\\/Lipsi.jpg\",\"datePublished\":\"2014-06-03T23:00:00+00:00\",\"dateModified\":\"2024-10-07T10:18:49+00:00\",\"breadcrumb\":{\"@id\":\"https:\\\/\\\/www.musikzeitung.ch\\\/rezensionen\\\/tontraeger-rezensionen\\\/2014\\\/06\\\/ein-freundeskreis-in-paris#breadcrumb\"},\"inLanguage\":\"it-IT\",\"potentialAction\":[{\"@type\":\"ReadAction\",\"target\":[\"https:\\\/\\\/www.musikzeitung.ch\\\/rezensionen\\\/tontraeger-rezensionen\\\/2014\\\/06\\\/ein-freundeskreis-in-paris\"]}]},{\"@type\":\"ImageObject\",\"inLanguage\":\"it-IT\",\"@id\":\"https:\\\/\\\/www.musikzeitung.ch\\\/rezensionen\\\/tontraeger-rezensionen\\\/2014\\\/06\\\/ein-freundeskreis-in-paris#primaryimage\",\"url\":\"https:\\\/\\\/www.musikzeitung.ch\\\/wp-content\\\/uploads\\\/2023\\\/01\\\/Lipsi.jpg\",\"contentUrl\":\"https:\\\/\\\/www.musikzeitung.ch\\\/wp-content\\\/uploads\\\/2023\\\/01\\\/Lipsi.jpg\",\"width\":554,\"height\":291},{\"@type\":\"BreadcrumbList\",\"@id\":\"https:\\\/\\\/www.musikzeitung.ch\\\/rezensionen\\\/tontraeger-rezensionen\\\/2014\\\/06\\\/ein-freundeskreis-in-paris#breadcrumb\",\"itemListElement\":[{\"@type\":\"ListItem\",\"position\":1,\"name\":\"Home\",\"item\":\"https:\\\/\\\/www.musikzeitung.ch\\\/\"},{\"@type\":\"ListItem\",\"position\":2,\"name\":\"Ein Freundeskreis in Paris\"}]},{\"@type\":\"WebSite\",\"@id\":\"https:\\\/\\\/www.musikzeitung.ch\\\/#website\",\"url\":\"https:\\\/\\\/www.musikzeitung.ch\\\/\",\"name\":\"Schweizer Musikzeitung\",\"description\":\"Die f\u00fchrende sparten\u00fcbergreifende Monatszeitung in der Schweiz f\u00fcr musikalische Fragen.\",\"publisher\":{\"@id\":\"https:\\\/\\\/www.musikzeitung.ch\\\/#organization\"},\"potentialAction\":[{\"@type\":\"SearchAction\",\"target\":{\"@type\":\"EntryPoint\",\"urlTemplate\":\"https:\\\/\\\/www.musikzeitung.ch\\\/?s={search_term_string}\"},\"query-input\":{\"@type\":\"PropertyValueSpecification\",\"valueRequired\":true,\"valueName\":\"search_term_string\"}}],\"inLanguage\":\"it-IT\"},{\"@type\":\"Organization\",\"@id\":\"https:\\\/\\\/www.musikzeitung.ch\\\/#organization\",\"name\":\"Schweizer Musikzeitung\",\"url\":\"https:\\\/\\\/www.musikzeitung.ch\\\/\",\"logo\":{\"@type\":\"ImageObject\",\"inLanguage\":\"it-IT\",\"@id\":\"https:\\\/\\\/www.musikzeitung.ch\\\/#\\\/schema\\\/logo\\\/image\\\/\",\"url\":\"https:\\\/\\\/www.musikzeitung.ch\\\/wp-content\\\/uploads\\\/2023\\\/01\\\/SMZ_Schriftzug_Sprache.png\",\"contentUrl\":\"https:\\\/\\\/www.musikzeitung.ch\\\/wp-content\\\/uploads\\\/2023\\\/01\\\/SMZ_Schriftzug_Sprache.png\",\"width\":1400,\"height\":279,\"caption\":\"Schweizer Musikzeitung\"},\"image\":{\"@id\":\"https:\\\/\\\/www.musikzeitung.ch\\\/#\\\/schema\\\/logo\\\/image\\\/\"},\"sameAs\":[\"https:\\\/\\\/www.facebook.com\\\/SchweizerMusikzeitung\\\/\",\"https:\\\/\\\/x.com\\\/smusikzeitung\",\"https:\\\/\\\/www.instagram.com\\\/musikzeitung.ch\\\/\"]},{\"@type\":\"Person\",\"@id\":\"https:\\\/\\\/www.musikzeitung.ch\\\/#\\\/schema\\\/person\\\/b2fd892c800856270b9dcc6001265712\",\"name\":\"Musikzeitung-Redaktion\",\"image\":{\"@type\":\"ImageObject\",\"inLanguage\":\"it-IT\",\"@id\":\"https:\\\/\\\/www.musikzeitung.ch\\\/wp-content\\\/uploads\\\/2022\\\/05\\\/usericon_musikzeitung-96x96.jpg\",\"url\":\"https:\\\/\\\/www.musikzeitung.ch\\\/wp-content\\\/uploads\\\/2022\\\/05\\\/usericon_musikzeitung-96x96.jpg\",\"contentUrl\":\"https:\\\/\\\/www.musikzeitung.ch\\\/wp-content\\\/uploads\\\/2022\\\/05\\\/usericon_musikzeitung-96x96.jpg\",\"caption\":\"Musikzeitung-Redaktion\"},\"url\":\"https:\\\/\\\/www.musikzeitung.ch\\\/it\\\/author\\\/admin\"}]}<\/script>\n<!-- \/ Yoast SEO plugin. -->","yoast_head_json":{"title":"Una cerchia di amici a Parigi - Schweizer Musikzeitung","robots":{"index":"index","follow":"follow","max-snippet":"max-snippet:-1","max-image-preview":"max-image-preview:large","max-video-preview":"max-video-preview:-1"},"canonical":"https:\/\/www.musikzeitung.ch\/it\/rezensionen\/tontraeger-rezensionen\/2014\/06\/ein-freundeskreis-in-paris\/","og_locale":"it_IT","og_type":"article","og_title":"Ein Freundeskreis in Paris - Schweizer Musikzeitung","og_description":"Die Klavierwerke dieser Komponisten, die in den 1920ern zusammentrafen, reflektieren eine stilistisch vielgestaltige Zeit.","og_url":"https:\/\/www.musikzeitung.ch\/it\/rezensionen\/tontraeger-rezensionen\/2014\/06\/ein-freundeskreis-in-paris\/","og_site_name":"Schweizer Musikzeitung","article_publisher":"https:\/\/www.facebook.com\/SchweizerMusikzeitung\/","article_published_time":"2014-06-03T23:00:00+00:00","article_modified_time":"2024-10-07T10:18:49+00:00","og_image":[{"width":554,"height":291,"url":"https:\/\/www.musikzeitung.ch\/wp-content\/uploads\/2023\/01\/Lipsi.jpg","type":"image\/jpeg"}],"author":"Musikzeitung-Redaktion","twitter_card":"summary_large_image","twitter_creator":"@smusikzeitung","twitter_site":"@smusikzeitung","twitter_misc":{"Scritto da":"Musikzeitung-Redaktion","Tempo di lettura stimato":"3 minuti"},"schema":{"@context":"https:\/\/schema.org","@graph":[{"@type":"Article","@id":"https:\/\/www.musikzeitung.ch\/rezensionen\/tontraeger-rezensionen\/2014\/06\/ein-freundeskreis-in-paris#article","isPartOf":{"@id":"https:\/\/www.musikzeitung.ch\/rezensionen\/tontraeger-rezensionen\/2014\/06\/ein-freundeskreis-in-paris"},"author":{"name":"Musikzeitung-Redaktion","@id":"https:\/\/www.musikzeitung.ch\/#\/schema\/person\/b2fd892c800856270b9dcc6001265712"},"headline":"Ein Freundeskreis in Paris","datePublished":"2014-06-03T23:00:00+00:00","dateModified":"2024-10-07T10:18:49+00:00","mainEntityOfPage":{"@id":"https:\/\/www.musikzeitung.ch\/rezensionen\/tontraeger-rezensionen\/2014\/06\/ein-freundeskreis-in-paris"},"wordCount":361,"publisher":{"@id":"https:\/\/www.musikzeitung.ch\/#organization"},"image":{"@id":"https:\/\/www.musikzeitung.ch\/rezensionen\/tontraeger-rezensionen\/2014\/06\/ein-freundeskreis-in-paris#primaryimage"},"thumbnailUrl":"https:\/\/www.musikzeitung.ch\/wp-content\/uploads\/2023\/01\/Lipsi.jpg","articleSection":["Rezensionen","Tontr\u00e4ger"],"inLanguage":"it-IT"},{"@type":"WebPage","@id":"https:\/\/www.musikzeitung.ch\/rezensionen\/tontraeger-rezensionen\/2014\/06\/ein-freundeskreis-in-paris","url":"https:\/\/www.musikzeitung.ch\/rezensionen\/tontraeger-rezensionen\/2014\/06\/ein-freundeskreis-in-paris","name":"Una cerchia di amici a Parigi - Schweizer Musikzeitung","isPartOf":{"@id":"https:\/\/www.musikzeitung.ch\/#website"},"primaryImageOfPage":{"@id":"https:\/\/www.musikzeitung.ch\/rezensionen\/tontraeger-rezensionen\/2014\/06\/ein-freundeskreis-in-paris#primaryimage"},"image":{"@id":"https:\/\/www.musikzeitung.ch\/rezensionen\/tontraeger-rezensionen\/2014\/06\/ein-freundeskreis-in-paris#primaryimage"},"thumbnailUrl":"https:\/\/www.musikzeitung.ch\/wp-content\/uploads\/2023\/01\/Lipsi.jpg","datePublished":"2014-06-03T23:00:00+00:00","dateModified":"2024-10-07T10:18:49+00:00","breadcrumb":{"@id":"https:\/\/www.musikzeitung.ch\/rezensionen\/tontraeger-rezensionen\/2014\/06\/ein-freundeskreis-in-paris#breadcrumb"},"inLanguage":"it-IT","potentialAction":[{"@type":"ReadAction","target":["https:\/\/www.musikzeitung.ch\/rezensionen\/tontraeger-rezensionen\/2014\/06\/ein-freundeskreis-in-paris"]}]},{"@type":"ImageObject","inLanguage":"it-IT","@id":"https:\/\/www.musikzeitung.ch\/rezensionen\/tontraeger-rezensionen\/2014\/06\/ein-freundeskreis-in-paris#primaryimage","url":"https:\/\/www.musikzeitung.ch\/wp-content\/uploads\/2023\/01\/Lipsi.jpg","contentUrl":"https:\/\/www.musikzeitung.ch\/wp-content\/uploads\/2023\/01\/Lipsi.jpg","width":554,"height":291},{"@type":"BreadcrumbList","@id":"https:\/\/www.musikzeitung.ch\/rezensionen\/tontraeger-rezensionen\/2014\/06\/ein-freundeskreis-in-paris#breadcrumb","itemListElement":[{"@type":"ListItem","position":1,"name":"Home","item":"https:\/\/www.musikzeitung.ch\/"},{"@type":"ListItem","position":2,"name":"Ein Freundeskreis in Paris"}]},{"@type":"WebSite","@id":"https:\/\/www.musikzeitung.ch\/#website","url":"https:\/\/www.musikzeitung.ch\/","name":"Giornale musicale svizzero","description":"Il principale mensile interdisciplinare della Svizzera per le questioni musicali.","publisher":{"@id":"https:\/\/www.musikzeitung.ch\/#organization"},"potentialAction":[{"@type":"SearchAction","target":{"@type":"EntryPoint","urlTemplate":"https:\/\/www.musikzeitung.ch\/?s={search_term_string}"},"query-input":{"@type":"PropertyValueSpecification","valueRequired":true,"valueName":"search_term_string"}}],"inLanguage":"it-IT"},{"@type":"Organization","@id":"https:\/\/www.musikzeitung.ch\/#organization","name":"Giornale musicale svizzero","url":"https:\/\/www.musikzeitung.ch\/","logo":{"@type":"ImageObject","inLanguage":"it-IT","@id":"https:\/\/www.musikzeitung.ch\/#\/schema\/logo\/image\/","url":"https:\/\/www.musikzeitung.ch\/wp-content\/uploads\/2023\/01\/SMZ_Schriftzug_Sprache.png","contentUrl":"https:\/\/www.musikzeitung.ch\/wp-content\/uploads\/2023\/01\/SMZ_Schriftzug_Sprache.png","width":1400,"height":279,"caption":"Schweizer Musikzeitung"},"image":{"@id":"https:\/\/www.musikzeitung.ch\/#\/schema\/logo\/image\/"},"sameAs":["https:\/\/www.facebook.com\/SchweizerMusikzeitung\/","https:\/\/x.com\/smusikzeitung","https:\/\/www.instagram.com\/musikzeitung.ch\/"]},{"@type":"Person","@id":"https:\/\/www.musikzeitung.ch\/#\/schema\/person\/b2fd892c800856270b9dcc6001265712","name":"Redazione Musikzeitung","image":{"@type":"ImageObject","inLanguage":"it-IT","@id":"https:\/\/www.musikzeitung.ch\/wp-content\/uploads\/2022\/05\/usericon_musikzeitung-96x96.jpg","url":"https:\/\/www.musikzeitung.ch\/wp-content\/uploads\/2022\/05\/usericon_musikzeitung-96x96.jpg","contentUrl":"https:\/\/www.musikzeitung.ch\/wp-content\/uploads\/2022\/05\/usericon_musikzeitung-96x96.jpg","caption":"Musikzeitung-Redaktion"},"url":"https:\/\/www.musikzeitung.ch\/it\/author\/admin"}]}},"publishpress_future_workflow_manual_trigger":{"enabledWorkflows":[]},"_links":{"self":[{"href":"https:\/\/www.musikzeitung.ch\/it\/wp-json\/wp\/v2\/posts\/8297","targetHints":{"allow":["GET"]}}],"collection":[{"href":"https:\/\/www.musikzeitung.ch\/it\/wp-json\/wp\/v2\/posts"}],"about":[{"href":"https:\/\/www.musikzeitung.ch\/it\/wp-json\/wp\/v2\/types\/post"}],"author":[{"embeddable":true,"href":"https:\/\/www.musikzeitung.ch\/it\/wp-json\/wp\/v2\/users\/1"}],"replies":[{"embeddable":true,"href":"https:\/\/www.musikzeitung.ch\/it\/wp-json\/wp\/v2\/comments?post=8297"}],"version-history":[{"count":4,"href":"https:\/\/www.musikzeitung.ch\/it\/wp-json\/wp\/v2\/posts\/8297\/revisions"}],"predecessor-version":[{"id":59247,"href":"https:\/\/www.musikzeitung.ch\/it\/wp-json\/wp\/v2\/posts\/8297\/revisions\/59247"}],"wp:featuredmedia":[{"embeddable":true,"href":"https:\/\/www.musikzeitung.ch\/it\/wp-json\/wp\/v2\/media\/8298"}],"wp:attachment":[{"href":"https:\/\/www.musikzeitung.ch\/it\/wp-json\/wp\/v2\/media?parent=8297"}],"wp:term":[{"taxonomy":"category","embeddable":true,"href":"https:\/\/www.musikzeitung.ch\/it\/wp-json\/wp\/v2\/categories?post=8297"},{"taxonomy":"post_tag","embeddable":true,"href":"https:\/\/www.musikzeitung.ch\/it\/wp-json\/wp\/v2\/tags?post=8297"}],"curies":[{"name":"wp","href":"https:\/\/api.w.org\/{rel}","templated":true}]}}