{"id":8309,"date":"2014-03-04T00:00:00","date_gmt":"2014-03-03T23:00:00","guid":{"rendered":"https:\/\/www.musikzeitung.ch\/allgemein\/praegende-bedeutung-fuer-die-schweiz\/"},"modified":"2024-10-07T14:48:26","modified_gmt":"2024-10-07T12:48:26","slug":"praegende-bedeutung-fuer-die-schweiz","status":"publish","type":"post","link":"https:\/\/www.musikzeitung.ch\/it\/rezensionen\/tontraeger-rezensionen\/2014\/03\/praegende-bedeutung-fuer-die-schweiz","title":{"rendered":"Importanza formativa per la Svizzera"},"content":{"rendered":"<figure style=\"width: 554px\" class=\"wp-caption alignnone\"><img loading=\"lazy\" decoding=\"async\" src=\"https:\/\/www.musikzeitung.ch\/wp-content\/uploads\/2023\/01\/Oesterreich_stift_stflorian_brucknerorgel.jpg\" alt=\"\" width=\"554\" height=\"412\" \/><figcaption class=\"wp-caption-text\">Organo Bruckner nella basilica collegiata di San Floriano. Foto: Greg Kraftschik, wikimedia commons<\/figcaption><\/figure>\n<div class=\"text-section\">\n<p>Un organista scrive per il suo strumento: se le opere organistiche del viennese Anton Heiller (1923-79) dovessero essere viste solo come il risultato di questo processo piuttosto frequente, la presente registrazione sarebbe probabilmente poco spettacolare. Sebbene Heiller sia stato riconosciuto in tutto il mondo come interprete delle opere organistiche di Bach e come insegnante di organo, questo accenna solo alla parte della sua attivit\u00e0 che ha avuto un'influenza formativa anche sulla Svizzera. Molti organisti svizzeri, compresi quelli che in seguito hanno insegnato nelle universit\u00e0, hanno studiato sotto la sua guida, come Monika Henking, Bernhard Billeter e Jean-Claude Zehnder.<\/p>\n<p>La carriera di Heiller mostra un'enorme versatilit\u00e0: ha lavorato non solo come compositore e organista, ma anche come clavicembalista, pianista (anche sotto la guida di Sacher e Ansermet con opere di Frank Martin) e direttore d'orchestra (ad esempio con l'orchestra di F. Schmidt). <em>Un libro con sette sigilli<\/em>a Lucerna nel 1974, tra l'altro). Al pi\u00f9 tardi dopo la pubblicazione della biografia di P. Planyavsky (Vienna 2009), l'artista \u00e8 tornato ad attirare l'attenzione; un ciclo di Heiller ha avuto luogo a Muri AG gi\u00e0 nel 2004. Il catalogo delle opere contiene una grande quantit\u00e0 di musica corale - da semplici messe a cappella a lavori sinfonici come <em>Salmo cantato <\/em>(1955), <em>Fran\u00e7ois Villon<\/em> (1956) e<em> Stabat Mater <\/em>(1968).<\/p>\n<p>Nel descrivere le opere organistiche, si fanno spesso paragoni, ad esempio con il contrappunto di David, con il lucido stile tardo di Hindemith, con la sintesi di riferimenti tonali e dodecafonia di Martin e con i principi ritmici e modali di Alain e Messiaen. L'accumulo di questi paragoni \u00e8 pericoloso, perch\u00e9 fa nascere il timore ingiustificato che Heiller componga in modo dipendente o sincretico. Ci\u00f2 che \u00e8 essenziale \u00e8 la sua capacit\u00e0 di plasmare diversi parametri compositivi con uguale intensit\u00e0 e di presentare un'opera densa e priva di ripetizioni senza ricorrere a formule.<\/p>\n<p>L'allievo di Heiller, Summereder, suona ai massimi livelli sull'organo Bruckner dell'Abbazia di St. Florian, che fu importante anche per lo sviluppo di Heiller. L'eccellente tecnica di registrazione e il libretto informativo rendono questa produzione un must per tutti coloro che vogliono conoscere la musica del dopoguerra al di l\u00e0 delle solite nozioni da manuale.<\/p>\n<p>Il CD 1 della registrazione completa contiene le prime opere per organo fino al 1949, il CD 2 principalmente opere per organo su temi gregoriani dal 1957 in poi, mentre il CD 3 sar\u00e0 pubblicato nel corso dell'anno.<\/p>\n<div class=\"text-section\">\n<dl class=\"picture media photo\">\n<dt><img decoding=\"async\" class=\"media photo aligncenter\" src=\"https:\/\/old.musikzeitung.ch\/imaging\/stk\/musikzeitung\/article-image-left\/website\/de\/rezensionen\/tontraeger\/2014\/03\/heiller\/content\/05\/imageBinary\/He1.jpg\" alt=\"Image \" \/><\/dt>\n<\/dl>\n<\/div>\n<div class=\"text-section\">\n<dl class=\"picture media photo pos-2\">\n<dt><img decoding=\"async\" class=\"media photo pos-2 aligncenter\" src=\"https:\/\/old.musikzeitung.ch\/imaging\/stk\/musikzeitung\/article-image-right\/website\/de\/rezensionen\/tontraeger\/2014\/03\/heiller\/content\/06\/imageBinary\/He2.jpg\" alt=\"Image \" \/><\/dt>\n<\/dl>\n<\/div>\n<div class=\"text-section\">\n<p><em>Anton Heiller: Opere complete per organo solo. Roman Summereder sull'\"organo Bruckner\" della Basilica Abbaziale di San Floriano, Alta Austria. Produzione musicale Ambiente ACD-2027 e ACD-2028<\/em><\/p>\n<\/div>\n<\/div>","protected":false},"excerpt":{"rendered":"<p><strong>Roman Summereder ha registrato tutte le opere di Anton Heiller per organo solo.<\/strong><\/p>","protected":false},"author":1,"featured_media":8310,"comment_status":"closed","ping_status":"closed","sticky":false,"template":"","format":"standard","meta":{"_acf_changed":false,"_relevanssi_hide_post":"","_relevanssi_hide_content":"","_relevanssi_pin_for_all":"","_relevanssi_pin_keywords":"","_relevanssi_unpin_keywords":"","_relevanssi_related_keywords":"","_relevanssi_related_include_ids":"","_relevanssi_related_exclude_ids":"","_relevanssi_related_no_append":"","_relevanssi_related_not_related":"","_relevanssi_related_posts":"","_relevanssi_noindex_reason":"","pgc_sgb_lightbox_settings":"","footnotes":""},"categories":[29,1420],"tags":[],"class_list":["post-8309","post","type-post","status-publish","format-standard","has-post-thumbnail","hentry","category-rezensionen","category-tontraeger-rezensionen"],"acf":[],"yoast_head":"<!-- This site is optimized with the Yoast SEO plugin v27.4 - https:\/\/yoast.com\/product\/yoast-seo-wordpress\/ -->\n<title>Pr\u00e4gende Bedeutung f\u00fcr die Schweiz - Schweizer Musikzeitung<\/title>\n<meta name=\"robots\" content=\"index, follow, max-snippet:-1, max-image-preview:large, max-video-preview:-1\" \/>\n<link rel=\"canonical\" href=\"https:\/\/www.musikzeitung.ch\/it\/rezensionen\/tontraeger-rezensionen\/2014\/03\/praegende-bedeutung-fuer-die-schweiz\/\" \/>\n<meta property=\"og:locale\" content=\"it_IT\" \/>\n<meta property=\"og:type\" content=\"article\" \/>\n<meta property=\"og:title\" content=\"Pr\u00e4gende Bedeutung f\u00fcr die Schweiz - Schweizer Musikzeitung\" \/>\n<meta property=\"og:description\" content=\"Roman Summereder hat s\u00e4mtliche Werke f\u00fcr Orgel solo von Anton Heiller eingespielt.\" \/>\n<meta property=\"og:url\" content=\"https:\/\/www.musikzeitung.ch\/it\/rezensionen\/tontraeger-rezensionen\/2014\/03\/praegende-bedeutung-fuer-die-schweiz\/\" \/>\n<meta property=\"og:site_name\" content=\"Schweizer Musikzeitung\" \/>\n<meta property=\"article:publisher\" content=\"https:\/\/www.facebook.com\/SchweizerMusikzeitung\/\" \/>\n<meta property=\"article:published_time\" content=\"2014-03-03T23:00:00+00:00\" \/>\n<meta property=\"article:modified_time\" content=\"2024-10-07T12:48:26+00:00\" \/>\n<meta property=\"og:image\" content=\"https:\/\/www.musikzeitung.ch\/wp-content\/uploads\/2023\/01\/Oesterreich_stift_stflorian_brucknerorgel.jpg\" \/>\n\t<meta property=\"og:image:width\" content=\"554\" \/>\n\t<meta property=\"og:image:height\" content=\"412\" \/>\n\t<meta property=\"og:image:type\" content=\"image\/jpeg\" \/>\n<meta name=\"author\" content=\"Musikzeitung-Redaktion\" \/>\n<meta name=\"twitter:card\" content=\"summary_large_image\" \/>\n<meta name=\"twitter:creator\" content=\"@smusikzeitung\" \/>\n<meta name=\"twitter:site\" content=\"@smusikzeitung\" \/>\n<meta name=\"twitter:label1\" content=\"Scritto da\" \/>\n\t<meta name=\"twitter:data1\" content=\"Musikzeitung-Redaktion\" \/>\n\t<meta name=\"twitter:label2\" content=\"Tempo di lettura stimato\" \/>\n\t<meta name=\"twitter:data2\" content=\"3 minuti\" \/>\n<script type=\"application\/ld+json\" class=\"yoast-schema-graph\">{\"@context\":\"https:\\\/\\\/schema.org\",\"@graph\":[{\"@type\":\"Article\",\"@id\":\"https:\\\/\\\/www.musikzeitung.ch\\\/rezensionen\\\/tontraeger-rezensionen\\\/2014\\\/03\\\/praegende-bedeutung-fuer-die-schweiz#article\",\"isPartOf\":{\"@id\":\"https:\\\/\\\/www.musikzeitung.ch\\\/rezensionen\\\/tontraeger-rezensionen\\\/2014\\\/03\\\/praegende-bedeutung-fuer-die-schweiz\"},\"author\":{\"name\":\"Musikzeitung-Redaktion\",\"@id\":\"https:\\\/\\\/www.musikzeitung.ch\\\/#\\\/schema\\\/person\\\/b2fd892c800856270b9dcc6001265712\"},\"headline\":\"Pr\u00e4gende Bedeutung f\u00fcr die Schweiz\",\"datePublished\":\"2014-03-03T23:00:00+00:00\",\"dateModified\":\"2024-10-07T12:48:26+00:00\",\"mainEntityOfPage\":{\"@id\":\"https:\\\/\\\/www.musikzeitung.ch\\\/rezensionen\\\/tontraeger-rezensionen\\\/2014\\\/03\\\/praegende-bedeutung-fuer-die-schweiz\"},\"wordCount\":401,\"publisher\":{\"@id\":\"https:\\\/\\\/www.musikzeitung.ch\\\/#organization\"},\"image\":{\"@id\":\"https:\\\/\\\/www.musikzeitung.ch\\\/rezensionen\\\/tontraeger-rezensionen\\\/2014\\\/03\\\/praegende-bedeutung-fuer-die-schweiz#primaryimage\"},\"thumbnailUrl\":\"https:\\\/\\\/www.musikzeitung.ch\\\/wp-content\\\/uploads\\\/2023\\\/01\\\/Oesterreich_stift_stflorian_brucknerorgel.jpg\",\"articleSection\":[\"Rezensionen\",\"Tontr\u00e4ger\"],\"inLanguage\":\"it-IT\"},{\"@type\":\"WebPage\",\"@id\":\"https:\\\/\\\/www.musikzeitung.ch\\\/rezensionen\\\/tontraeger-rezensionen\\\/2014\\\/03\\\/praegende-bedeutung-fuer-die-schweiz\",\"url\":\"https:\\\/\\\/www.musikzeitung.ch\\\/rezensionen\\\/tontraeger-rezensionen\\\/2014\\\/03\\\/praegende-bedeutung-fuer-die-schweiz\",\"name\":\"Pr\u00e4gende Bedeutung f\u00fcr die Schweiz - Schweizer Musikzeitung\",\"isPartOf\":{\"@id\":\"https:\\\/\\\/www.musikzeitung.ch\\\/#website\"},\"primaryImageOfPage\":{\"@id\":\"https:\\\/\\\/www.musikzeitung.ch\\\/rezensionen\\\/tontraeger-rezensionen\\\/2014\\\/03\\\/praegende-bedeutung-fuer-die-schweiz#primaryimage\"},\"image\":{\"@id\":\"https:\\\/\\\/www.musikzeitung.ch\\\/rezensionen\\\/tontraeger-rezensionen\\\/2014\\\/03\\\/praegende-bedeutung-fuer-die-schweiz#primaryimage\"},\"thumbnailUrl\":\"https:\\\/\\\/www.musikzeitung.ch\\\/wp-content\\\/uploads\\\/2023\\\/01\\\/Oesterreich_stift_stflorian_brucknerorgel.jpg\",\"datePublished\":\"2014-03-03T23:00:00+00:00\",\"dateModified\":\"2024-10-07T12:48:26+00:00\",\"breadcrumb\":{\"@id\":\"https:\\\/\\\/www.musikzeitung.ch\\\/rezensionen\\\/tontraeger-rezensionen\\\/2014\\\/03\\\/praegende-bedeutung-fuer-die-schweiz#breadcrumb\"},\"inLanguage\":\"it-IT\",\"potentialAction\":[{\"@type\":\"ReadAction\",\"target\":[\"https:\\\/\\\/www.musikzeitung.ch\\\/rezensionen\\\/tontraeger-rezensionen\\\/2014\\\/03\\\/praegende-bedeutung-fuer-die-schweiz\"]}]},{\"@type\":\"ImageObject\",\"inLanguage\":\"it-IT\",\"@id\":\"https:\\\/\\\/www.musikzeitung.ch\\\/rezensionen\\\/tontraeger-rezensionen\\\/2014\\\/03\\\/praegende-bedeutung-fuer-die-schweiz#primaryimage\",\"url\":\"https:\\\/\\\/www.musikzeitung.ch\\\/wp-content\\\/uploads\\\/2023\\\/01\\\/Oesterreich_stift_stflorian_brucknerorgel.jpg\",\"contentUrl\":\"https:\\\/\\\/www.musikzeitung.ch\\\/wp-content\\\/uploads\\\/2023\\\/01\\\/Oesterreich_stift_stflorian_brucknerorgel.jpg\",\"width\":554,\"height\":412},{\"@type\":\"BreadcrumbList\",\"@id\":\"https:\\\/\\\/www.musikzeitung.ch\\\/rezensionen\\\/tontraeger-rezensionen\\\/2014\\\/03\\\/praegende-bedeutung-fuer-die-schweiz#breadcrumb\",\"itemListElement\":[{\"@type\":\"ListItem\",\"position\":1,\"name\":\"Home\",\"item\":\"https:\\\/\\\/www.musikzeitung.ch\\\/\"},{\"@type\":\"ListItem\",\"position\":2,\"name\":\"Pr\u00e4gende Bedeutung f\u00fcr die Schweiz\"}]},{\"@type\":\"WebSite\",\"@id\":\"https:\\\/\\\/www.musikzeitung.ch\\\/#website\",\"url\":\"https:\\\/\\\/www.musikzeitung.ch\\\/\",\"name\":\"Schweizer Musikzeitung\",\"description\":\"Die f\u00fchrende sparten\u00fcbergreifende Monatszeitung in der Schweiz f\u00fcr musikalische Fragen.\",\"publisher\":{\"@id\":\"https:\\\/\\\/www.musikzeitung.ch\\\/#organization\"},\"potentialAction\":[{\"@type\":\"SearchAction\",\"target\":{\"@type\":\"EntryPoint\",\"urlTemplate\":\"https:\\\/\\\/www.musikzeitung.ch\\\/?s={search_term_string}\"},\"query-input\":{\"@type\":\"PropertyValueSpecification\",\"valueRequired\":true,\"valueName\":\"search_term_string\"}}],\"inLanguage\":\"it-IT\"},{\"@type\":\"Organization\",\"@id\":\"https:\\\/\\\/www.musikzeitung.ch\\\/#organization\",\"name\":\"Schweizer Musikzeitung\",\"url\":\"https:\\\/\\\/www.musikzeitung.ch\\\/\",\"logo\":{\"@type\":\"ImageObject\",\"inLanguage\":\"it-IT\",\"@id\":\"https:\\\/\\\/www.musikzeitung.ch\\\/#\\\/schema\\\/logo\\\/image\\\/\",\"url\":\"https:\\\/\\\/www.musikzeitung.ch\\\/wp-content\\\/uploads\\\/2023\\\/01\\\/SMZ_Schriftzug_Sprache.png\",\"contentUrl\":\"https:\\\/\\\/www.musikzeitung.ch\\\/wp-content\\\/uploads\\\/2023\\\/01\\\/SMZ_Schriftzug_Sprache.png\",\"width\":1400,\"height\":279,\"caption\":\"Schweizer Musikzeitung\"},\"image\":{\"@id\":\"https:\\\/\\\/www.musikzeitung.ch\\\/#\\\/schema\\\/logo\\\/image\\\/\"},\"sameAs\":[\"https:\\\/\\\/www.facebook.com\\\/SchweizerMusikzeitung\\\/\",\"https:\\\/\\\/x.com\\\/smusikzeitung\",\"https:\\\/\\\/www.instagram.com\\\/musikzeitung.ch\\\/\"]},{\"@type\":\"Person\",\"@id\":\"https:\\\/\\\/www.musikzeitung.ch\\\/#\\\/schema\\\/person\\\/b2fd892c800856270b9dcc6001265712\",\"name\":\"Musikzeitung-Redaktion\",\"image\":{\"@type\":\"ImageObject\",\"inLanguage\":\"it-IT\",\"@id\":\"https:\\\/\\\/www.musikzeitung.ch\\\/wp-content\\\/uploads\\\/2022\\\/05\\\/usericon_musikzeitung-96x96.jpg\",\"url\":\"https:\\\/\\\/www.musikzeitung.ch\\\/wp-content\\\/uploads\\\/2022\\\/05\\\/usericon_musikzeitung-96x96.jpg\",\"contentUrl\":\"https:\\\/\\\/www.musikzeitung.ch\\\/wp-content\\\/uploads\\\/2022\\\/05\\\/usericon_musikzeitung-96x96.jpg\",\"caption\":\"Musikzeitung-Redaktion\"},\"url\":\"https:\\\/\\\/www.musikzeitung.ch\\\/it\\\/author\\\/admin\"}]}<\/script>\n<!-- \/ Yoast SEO plugin. -->","yoast_head_json":{"title":"Importanza formativa per la Svizzera - Schweizer Musikzeitung","robots":{"index":"index","follow":"follow","max-snippet":"max-snippet:-1","max-image-preview":"max-image-preview:large","max-video-preview":"max-video-preview:-1"},"canonical":"https:\/\/www.musikzeitung.ch\/it\/rezensionen\/tontraeger-rezensionen\/2014\/03\/praegende-bedeutung-fuer-die-schweiz\/","og_locale":"it_IT","og_type":"article","og_title":"Pr\u00e4gende Bedeutung f\u00fcr die Schweiz - Schweizer Musikzeitung","og_description":"Roman Summereder hat s\u00e4mtliche Werke f\u00fcr Orgel solo von Anton Heiller eingespielt.","og_url":"https:\/\/www.musikzeitung.ch\/it\/rezensionen\/tontraeger-rezensionen\/2014\/03\/praegende-bedeutung-fuer-die-schweiz\/","og_site_name":"Schweizer Musikzeitung","article_publisher":"https:\/\/www.facebook.com\/SchweizerMusikzeitung\/","article_published_time":"2014-03-03T23:00:00+00:00","article_modified_time":"2024-10-07T12:48:26+00:00","og_image":[{"width":554,"height":412,"url":"https:\/\/www.musikzeitung.ch\/wp-content\/uploads\/2023\/01\/Oesterreich_stift_stflorian_brucknerorgel.jpg","type":"image\/jpeg"}],"author":"Musikzeitung-Redaktion","twitter_card":"summary_large_image","twitter_creator":"@smusikzeitung","twitter_site":"@smusikzeitung","twitter_misc":{"Scritto da":"Musikzeitung-Redaktion","Tempo di lettura stimato":"3 minuti"},"schema":{"@context":"https:\/\/schema.org","@graph":[{"@type":"Article","@id":"https:\/\/www.musikzeitung.ch\/rezensionen\/tontraeger-rezensionen\/2014\/03\/praegende-bedeutung-fuer-die-schweiz#article","isPartOf":{"@id":"https:\/\/www.musikzeitung.ch\/rezensionen\/tontraeger-rezensionen\/2014\/03\/praegende-bedeutung-fuer-die-schweiz"},"author":{"name":"Musikzeitung-Redaktion","@id":"https:\/\/www.musikzeitung.ch\/#\/schema\/person\/b2fd892c800856270b9dcc6001265712"},"headline":"Pr\u00e4gende Bedeutung f\u00fcr die Schweiz","datePublished":"2014-03-03T23:00:00+00:00","dateModified":"2024-10-07T12:48:26+00:00","mainEntityOfPage":{"@id":"https:\/\/www.musikzeitung.ch\/rezensionen\/tontraeger-rezensionen\/2014\/03\/praegende-bedeutung-fuer-die-schweiz"},"wordCount":401,"publisher":{"@id":"https:\/\/www.musikzeitung.ch\/#organization"},"image":{"@id":"https:\/\/www.musikzeitung.ch\/rezensionen\/tontraeger-rezensionen\/2014\/03\/praegende-bedeutung-fuer-die-schweiz#primaryimage"},"thumbnailUrl":"https:\/\/www.musikzeitung.ch\/wp-content\/uploads\/2023\/01\/Oesterreich_stift_stflorian_brucknerorgel.jpg","articleSection":["Rezensionen","Tontr\u00e4ger"],"inLanguage":"it-IT"},{"@type":"WebPage","@id":"https:\/\/www.musikzeitung.ch\/rezensionen\/tontraeger-rezensionen\/2014\/03\/praegende-bedeutung-fuer-die-schweiz","url":"https:\/\/www.musikzeitung.ch\/rezensionen\/tontraeger-rezensionen\/2014\/03\/praegende-bedeutung-fuer-die-schweiz","name":"Importanza formativa per la Svizzera - Schweizer Musikzeitung","isPartOf":{"@id":"https:\/\/www.musikzeitung.ch\/#website"},"primaryImageOfPage":{"@id":"https:\/\/www.musikzeitung.ch\/rezensionen\/tontraeger-rezensionen\/2014\/03\/praegende-bedeutung-fuer-die-schweiz#primaryimage"},"image":{"@id":"https:\/\/www.musikzeitung.ch\/rezensionen\/tontraeger-rezensionen\/2014\/03\/praegende-bedeutung-fuer-die-schweiz#primaryimage"},"thumbnailUrl":"https:\/\/www.musikzeitung.ch\/wp-content\/uploads\/2023\/01\/Oesterreich_stift_stflorian_brucknerorgel.jpg","datePublished":"2014-03-03T23:00:00+00:00","dateModified":"2024-10-07T12:48:26+00:00","breadcrumb":{"@id":"https:\/\/www.musikzeitung.ch\/rezensionen\/tontraeger-rezensionen\/2014\/03\/praegende-bedeutung-fuer-die-schweiz#breadcrumb"},"inLanguage":"it-IT","potentialAction":[{"@type":"ReadAction","target":["https:\/\/www.musikzeitung.ch\/rezensionen\/tontraeger-rezensionen\/2014\/03\/praegende-bedeutung-fuer-die-schweiz"]}]},{"@type":"ImageObject","inLanguage":"it-IT","@id":"https:\/\/www.musikzeitung.ch\/rezensionen\/tontraeger-rezensionen\/2014\/03\/praegende-bedeutung-fuer-die-schweiz#primaryimage","url":"https:\/\/www.musikzeitung.ch\/wp-content\/uploads\/2023\/01\/Oesterreich_stift_stflorian_brucknerorgel.jpg","contentUrl":"https:\/\/www.musikzeitung.ch\/wp-content\/uploads\/2023\/01\/Oesterreich_stift_stflorian_brucknerorgel.jpg","width":554,"height":412},{"@type":"BreadcrumbList","@id":"https:\/\/www.musikzeitung.ch\/rezensionen\/tontraeger-rezensionen\/2014\/03\/praegende-bedeutung-fuer-die-schweiz#breadcrumb","itemListElement":[{"@type":"ListItem","position":1,"name":"Home","item":"https:\/\/www.musikzeitung.ch\/"},{"@type":"ListItem","position":2,"name":"Pr\u00e4gende Bedeutung f\u00fcr die Schweiz"}]},{"@type":"WebSite","@id":"https:\/\/www.musikzeitung.ch\/#website","url":"https:\/\/www.musikzeitung.ch\/","name":"Giornale musicale svizzero","description":"Il principale mensile interdisciplinare della Svizzera per le questioni musicali.","publisher":{"@id":"https:\/\/www.musikzeitung.ch\/#organization"},"potentialAction":[{"@type":"SearchAction","target":{"@type":"EntryPoint","urlTemplate":"https:\/\/www.musikzeitung.ch\/?s={search_term_string}"},"query-input":{"@type":"PropertyValueSpecification","valueRequired":true,"valueName":"search_term_string"}}],"inLanguage":"it-IT"},{"@type":"Organization","@id":"https:\/\/www.musikzeitung.ch\/#organization","name":"Giornale musicale svizzero","url":"https:\/\/www.musikzeitung.ch\/","logo":{"@type":"ImageObject","inLanguage":"it-IT","@id":"https:\/\/www.musikzeitung.ch\/#\/schema\/logo\/image\/","url":"https:\/\/www.musikzeitung.ch\/wp-content\/uploads\/2023\/01\/SMZ_Schriftzug_Sprache.png","contentUrl":"https:\/\/www.musikzeitung.ch\/wp-content\/uploads\/2023\/01\/SMZ_Schriftzug_Sprache.png","width":1400,"height":279,"caption":"Schweizer Musikzeitung"},"image":{"@id":"https:\/\/www.musikzeitung.ch\/#\/schema\/logo\/image\/"},"sameAs":["https:\/\/www.facebook.com\/SchweizerMusikzeitung\/","https:\/\/x.com\/smusikzeitung","https:\/\/www.instagram.com\/musikzeitung.ch\/"]},{"@type":"Person","@id":"https:\/\/www.musikzeitung.ch\/#\/schema\/person\/b2fd892c800856270b9dcc6001265712","name":"Redazione Musikzeitung","image":{"@type":"ImageObject","inLanguage":"it-IT","@id":"https:\/\/www.musikzeitung.ch\/wp-content\/uploads\/2022\/05\/usericon_musikzeitung-96x96.jpg","url":"https:\/\/www.musikzeitung.ch\/wp-content\/uploads\/2022\/05\/usericon_musikzeitung-96x96.jpg","contentUrl":"https:\/\/www.musikzeitung.ch\/wp-content\/uploads\/2022\/05\/usericon_musikzeitung-96x96.jpg","caption":"Musikzeitung-Redaktion"},"url":"https:\/\/www.musikzeitung.ch\/it\/author\/admin"}]}},"publishpress_future_workflow_manual_trigger":{"enabledWorkflows":[]},"_links":{"self":[{"href":"https:\/\/www.musikzeitung.ch\/it\/wp-json\/wp\/v2\/posts\/8309","targetHints":{"allow":["GET"]}}],"collection":[{"href":"https:\/\/www.musikzeitung.ch\/it\/wp-json\/wp\/v2\/posts"}],"about":[{"href":"https:\/\/www.musikzeitung.ch\/it\/wp-json\/wp\/v2\/types\/post"}],"author":[{"embeddable":true,"href":"https:\/\/www.musikzeitung.ch\/it\/wp-json\/wp\/v2\/users\/1"}],"replies":[{"embeddable":true,"href":"https:\/\/www.musikzeitung.ch\/it\/wp-json\/wp\/v2\/comments?post=8309"}],"version-history":[{"count":3,"href":"https:\/\/www.musikzeitung.ch\/it\/wp-json\/wp\/v2\/posts\/8309\/revisions"}],"predecessor-version":[{"id":59268,"href":"https:\/\/www.musikzeitung.ch\/it\/wp-json\/wp\/v2\/posts\/8309\/revisions\/59268"}],"wp:featuredmedia":[{"embeddable":true,"href":"https:\/\/www.musikzeitung.ch\/it\/wp-json\/wp\/v2\/media\/8310"}],"wp:attachment":[{"href":"https:\/\/www.musikzeitung.ch\/it\/wp-json\/wp\/v2\/media?parent=8309"}],"wp:term":[{"taxonomy":"category","embeddable":true,"href":"https:\/\/www.musikzeitung.ch\/it\/wp-json\/wp\/v2\/categories?post=8309"},{"taxonomy":"post_tag","embeddable":true,"href":"https:\/\/www.musikzeitung.ch\/it\/wp-json\/wp\/v2\/tags?post=8309"}],"curies":[{"name":"wp","href":"https:\/\/api.w.org\/{rel}","templated":true}]}}